{"id":5088,"date":"2016-05-18T13:18:11","date_gmt":"2016-05-18T13:18:11","guid":{"rendered":"http:\/\/diakonibloggen.com\/?p=5088"},"modified":"2020-12-17T15:16:51","modified_gmt":"2020-12-17T15:16:51","slug":"ekonomismart","status":"publish","type":"post","link":"https:\/\/blogg.svenskakyrkan.se\/diakonibloggen\/2016\/05\/18\/ekonomismart\/","title":{"rendered":"Ekonomismart"},"content":{"rendered":"<p>M\u00f6ter du i ditt arbete unga vuxna som skulle vara hj\u00e4lpta av handledning i privatekonomi? Vill du ut\u00f6ka din verktygsl\u00e5da f\u00f6r att f\u00f6rmedla s\u00e5dan kunskap? Diakonibloggen tipsar idag\u00a0om en utbildning.<\/p>\n<p><em>Vill du bli b\u00e4ttre p\u00e5 att genomf\u00f6ra lustfyllda utbildningspass som skapar engagemang, delaktighet och f\u00f6rst\u00e5else hos deltagarna ? V\u00e4lkommen till en avgiftsfri konferens om att inspirera och f\u00f6rmedla kunskap om konsumentr\u00e4tt och privatekonomi f\u00f6r unga vuxna!<\/em><\/p>\n<p><a href=\"http:\/\/diakonibloggen.com\/2016\/05\/18\/ekonomismart\/konferensbild-ekonomismart\/\" rel=\"attachment wp-att-5100\"><img loading=\"lazy\" decoding=\"async\" class=\"alignleft wp-image-5100\" src=\"http:\/\/blogg.svenskakyrkan.se\/diakonibloggen\/files\/2016\/05\/konferensbild-ekonomismart.png\" alt=\"Konferensbild ekonomismart\" width=\"301\" height=\"217\" srcset=\"https:\/\/blogg.svenskakyrkan.se\/diakonibloggen\/files\/2016\/05\/konferensbild-ekonomismart.png 440w, https:\/\/blogg.svenskakyrkan.se\/diakonibloggen\/files\/2016\/05\/konferensbild-ekonomismart-300x216.png 300w\" sizes=\"auto, (max-width: 301px) 100vw, 301px\" \/><\/a>Till h\u00f6sten har du och dina kollegor m\u00f6jlighet att delta p\u00e5 n\u00e5gon av <a href=\"http:\/\/www.ekonomi-smart.se\/hostens-metodstodskonferenser\/\">Ekonomismarts avgiftsfria regionala metodst\u00f6dskonferenser <\/a>och ta del av Ekonomismarts metod och material f\u00f6r f\u00f6rebyggande arbete. Ekonomismart ger inspiration och konkreta verktyg f\u00f6r dig som vill ha ett f\u00e4rdigt material med ett genomarbetat v\u00e4lfungerande koncept att arbeta utifr\u00e5n. Det sparar resurser och ger ett sj\u00e4lvf\u00f6rtroende i det f\u00f6rebyggande upps\u00f6kande arbetet.<\/p>\n<p>OM EKONOMISMART<\/p>\n<p>Ekonomismart \u00e4r ett samarbetskoncept mellan Konsumentverket, Finansinspektionen, Folkuniversitetet och sparbanksstiftelser samt \u00e4r helt fritt fr\u00e5n s\u00e4ljande inslag. Ekonomismart startade 2009 och \u00e4r ett nationellt utbildningskoncept inom konsumentr\u00e4tt och privatekonomi. Sedan start har Ekonomismart m\u00f6tt och utbildat \u00f6ver 7 000 arbetsl\u00f6sa unga vuxna i cirka 170 kommuner. Inom Ekonomismart finns i dag en gedigen erfarenhet av att framg\u00e5ngsrikt m\u00f6ta en utsatt m\u00e5lgrupp och ge dem verktyg att klara vardagen b\u00e4ttre.<\/p>\n<p>OM \u00d6VERSKULDS\u00c4TTNING<\/p>\n<p>\u00c5r 1992 var antalet skuldsatta hos kronofogden 95 000. 2015 var antalet 427 000. \u00d6verskulds\u00e4ttning \u00e4r ett stort problem b\u00e5de f\u00f6r samh\u00e4llet och f\u00f6r dem som drabbas. Problem med skulder kan leda till eller f\u00f6rv\u00e4rra psykisk och fysisk oh\u00e4lsa, vilket \u00e4ven kan drabba anh\u00f6riga, inte minst barn. Dessutom bed\u00f6ms \u00f6verskulds\u00e4ttning inneb\u00e4ra samh\u00e4llskostnaden f\u00f6r sjukv\u00e5rd och produktionsbortfall p\u00e5 30 \u2013 60 miljarder \u00e5rligen. Rickard Ahlstr\u00f6m r\u00e4knar kostnader kring produktionsbortfall, sjukv\u00e5rd, arbetsl\u00f6shetsers\u00e4ttning, sjukpensionering och l\u00e5ngtidssjukskrivning. Han kommer fram till att kostanden ligger p\u00e5 cirka 200 miljarder \u00e5rligen. Vi har allt att vinna p\u00e5 ett effektivt f\u00f6rebyggande arbete!<\/p>\n<p>F\u00d6R VEM?<\/p>\n<p>Metodst\u00f6dskonferensen v\u00e4nder sig till dig som vill arbeta f\u00f6rebyggande med grupper av utsatta unga vuxna. Ekonomismart v\u00e4nder sig d\u00e4rf\u00f6r till olika yrkesgrupper s\u00e5som diakoner, arbetsmarknadskonsulenter, l\u00e4rare, konsumentv\u00e4gledare, socialhandl\u00e4ggare etc.<\/p>\n<p>VAR OCH N\u00c4R<\/p>\n<p>15\/11 i Stockholm, 17\/11 i Ume\u00e5, 22\/11 i G\u00f6teborg, 24\/11 i Malm\u00f6 och 29\/11 i V\u00e4xj\u00f6.<\/p>\n<p>Tid : 10.00\u201316.00. Plats : Lokal meddelas efter anm\u00e4lan.<\/p>\n<p>Pris : Avgiftsfritt. Lunch och fika ing\u00e5r.<\/p>\n<p>ANM\u00c4LAN<\/p>\n<p>Du anm\u00e4ler dig till konferensen via <a href=\"http:\/\/www.ekonomi-smart.se\/ansokan-till-metodstodskonferenser\/\">ett formul\u00e4r p\u00e5 Ekonomismarts webbplats<\/a>. Antalet platser \u00e4r begr\u00e4nsat och f\u00f6rst till kvarn g\u00e4ller.<\/p>\n","protected":false},"excerpt":{"rendered":"<p>M\u00f6ter du i ditt arbete unga vuxna som skulle vara hj\u00e4lpta av handledning i privatekonomi? Vill du ut\u00f6ka din verktygsl\u00e5da f\u00f6r att f\u00f6rmedla s\u00e5dan kunskap? Diakonibloggen tipsar idag\u00a0om en utbildning. Vill du bli b\u00e4ttre p\u00e5 att genomf\u00f6ra lustfyllda utbildningspass som skapar engagemang, delaktighet och f\u00f6rst\u00e5else hos deltagarna ? V\u00e4lkommen till en avgiftsfri konferens om att [&hellip;]<\/p>\n","protected":false},"author":776,"featured_media":0,"comment_status":"open","ping_status":"open","sticky":false,"template":"","format":"standard","meta":{"_acf_changed":false,"footnotes":""},"categories":[23301,23317],"tags":[23838,23980,24004,24372,24373,24750],"class_list":["post-5088","post","type-post","status-publish","format-standard","hentry","category-diakonalt-arbete","category-kurser-och-evenemang","tag-ekonomismart","tag-finansinspektionen","tag-folkuniversitetet","tag-konsumentratt","tag-konsumentverket","tag-privatekonomi"],"acf":[],"yoast_head":"<!-- This site is optimized with the Yoast SEO plugin v27.1.1 - https:\/\/yoast.com\/product\/yoast-seo-wordpress\/ -->\n<title>Ekonomismart - Diakonibloggen<\/title>\n<meta name=\"robots\" content=\"index, follow, max-snippet:-1, max-image-preview:large, max-video-preview:-1\" \/>\n<link rel=\"canonical\" href=\"https:\/\/blogg.svenskakyrkan.se\/diakonibloggen\/2016\/05\/18\/ekonomismart\/\" \/>\n<meta property=\"og:locale\" content=\"sv_SE\" \/>\n<meta property=\"og:type\" content=\"article\" \/>\n<meta property=\"og:title\" content=\"Ekonomismart - Diakonibloggen\" \/>\n<meta property=\"og:description\" content=\"M\u00f6ter du i ditt arbete unga vuxna som skulle vara hj\u00e4lpta av handledning i privatekonomi? Vill du ut\u00f6ka din verktygsl\u00e5da f\u00f6r att f\u00f6rmedla s\u00e5dan kunskap? Diakonibloggen tipsar idag\u00a0om en utbildning. Vill du bli b\u00e4ttre p\u00e5 att genomf\u00f6ra lustfyllda utbildningspass som skapar engagemang, delaktighet och f\u00f6rst\u00e5else hos deltagarna ? V\u00e4lkommen till en avgiftsfri konferens om att [&hellip;]\" \/>\n<meta property=\"og:url\" content=\"https:\/\/blogg.svenskakyrkan.se\/diakonibloggen\/2016\/05\/18\/ekonomismart\/\" \/>\n<meta property=\"og:site_name\" content=\"Diakonibloggen\" \/>\n<meta property=\"article:published_time\" content=\"2016-05-18T13:18:11+00:00\" \/>\n<meta property=\"article:modified_time\" content=\"2020-12-17T15:16:51+00:00\" \/>\n<meta property=\"og:image\" content=\"http:\/\/blogg.svenskakyrkan.se\/diakonibloggen\/files\/2016\/05\/konferensbild-ekonomismart.png\" \/>\n<meta name=\"author\" content=\"diakonibloggen\" \/>\n<meta name=\"twitter:card\" content=\"summary_large_image\" \/>\n<meta name=\"twitter:label1\" content=\"Skriven av\" \/>\n\t<meta name=\"twitter:data1\" content=\"diakonibloggen\" \/>\n\t<meta name=\"twitter:label2\" content=\"Ber\u00e4knad l\u00e4stid\" \/>\n\t<meta name=\"twitter:data2\" content=\"2 minuter\" \/>\n<script type=\"application\/ld+json\" class=\"yoast-schema-graph\">{\"@context\":\"https:\/\/schema.org\",\"@graph\":[{\"@type\":\"Article\",\"@id\":\"https:\/\/blogg.svenskakyrkan.se\/diakonibloggen\/2016\/05\/18\/ekonomismart\/#article\",\"isPartOf\":{\"@id\":\"https:\/\/blogg.svenskakyrkan.se\/diakonibloggen\/2016\/05\/18\/ekonomismart\/\"},\"author\":{\"name\":\"diakonibloggen\",\"@id\":\"https:\/\/blogg.svenskakyrkan.se\/diakonibloggen\/#\/schema\/person\/8f6a6fe8efab23c141c7e274fec6405f\"},\"headline\":\"Ekonomismart\",\"datePublished\":\"2016-05-18T13:18:11+00:00\",\"dateModified\":\"2020-12-17T15:16:51+00:00\",\"mainEntityOfPage\":{\"@id\":\"https:\/\/blogg.svenskakyrkan.se\/diakonibloggen\/2016\/05\/18\/ekonomismart\/\"},\"wordCount\":444,\"commentCount\":1,\"image\":{\"@id\":\"https:\/\/blogg.svenskakyrkan.se\/diakonibloggen\/2016\/05\/18\/ekonomismart\/#primaryimage\"},\"thumbnailUrl\":\"http:\/\/blogg.svenskakyrkan.se\/diakonibloggen\/files\/2016\/05\/konferensbild-ekonomismart.png\",\"keywords\":[\"ekonomismart\",\"Finansinspektionen\",\"Folkuniversitetet\",\"konsumentr\u00e4tt\",\"Konsumentverket\",\"privatekonomi\"],\"articleSection\":[\"Diakonalt arbete\",\"Kurser och evenemang\"],\"inLanguage\":\"sv-SE\",\"potentialAction\":[{\"@type\":\"CommentAction\",\"name\":\"Comment\",\"target\":[\"https:\/\/blogg.svenskakyrkan.se\/diakonibloggen\/2016\/05\/18\/ekonomismart\/#respond\"]}]},{\"@type\":\"WebPage\",\"@id\":\"https:\/\/blogg.svenskakyrkan.se\/diakonibloggen\/2016\/05\/18\/ekonomismart\/\",\"url\":\"https:\/\/blogg.svenskakyrkan.se\/diakonibloggen\/2016\/05\/18\/ekonomismart\/\",\"name\":\"Ekonomismart - Diakonibloggen\",\"isPartOf\":{\"@id\":\"https:\/\/blogg.svenskakyrkan.se\/diakonibloggen\/#website\"},\"primaryImageOfPage\":{\"@id\":\"https:\/\/blogg.svenskakyrkan.se\/diakonibloggen\/2016\/05\/18\/ekonomismart\/#primaryimage\"},\"image\":{\"@id\":\"https:\/\/blogg.svenskakyrkan.se\/diakonibloggen\/2016\/05\/18\/ekonomismart\/#primaryimage\"},\"thumbnailUrl\":\"http:\/\/blogg.svenskakyrkan.se\/diakonibloggen\/files\/2016\/05\/konferensbild-ekonomismart.png\",\"datePublished\":\"2016-05-18T13:18:11+00:00\",\"dateModified\":\"2020-12-17T15:16:51+00:00\",\"author\":{\"@id\":\"https:\/\/blogg.svenskakyrkan.se\/diakonibloggen\/#\/schema\/person\/8f6a6fe8efab23c141c7e274fec6405f\"},\"breadcrumb\":{\"@id\":\"https:\/\/blogg.svenskakyrkan.se\/diakonibloggen\/2016\/05\/18\/ekonomismart\/#breadcrumb\"},\"inLanguage\":\"sv-SE\",\"potentialAction\":[{\"@type\":\"ReadAction\",\"target\":[\"https:\/\/blogg.svenskakyrkan.se\/diakonibloggen\/2016\/05\/18\/ekonomismart\/\"]}]},{\"@type\":\"ImageObject\",\"inLanguage\":\"sv-SE\",\"@id\":\"https:\/\/blogg.svenskakyrkan.se\/diakonibloggen\/2016\/05\/18\/ekonomismart\/#primaryimage\",\"url\":\"http:\/\/blogg.svenskakyrkan.se\/diakonibloggen\/files\/2016\/05\/konferensbild-ekonomismart.png\",\"contentUrl\":\"http:\/\/blogg.svenskakyrkan.se\/diakonibloggen\/files\/2016\/05\/konferensbild-ekonomismart.png\"},{\"@type\":\"BreadcrumbList\",\"@id\":\"https:\/\/blogg.svenskakyrkan.se\/diakonibloggen\/2016\/05\/18\/ekonomismart\/#breadcrumb\",\"itemListElement\":[{\"@type\":\"ListItem\",\"position\":1,\"name\":\"Hem\",\"item\":\"https:\/\/blogg.svenskakyrkan.se\/diakonibloggen\/\"},{\"@type\":\"ListItem\",\"position\":2,\"name\":\"Ekonomismart\"}]},{\"@type\":\"WebSite\",\"@id\":\"https:\/\/blogg.svenskakyrkan.se\/diakonibloggen\/#website\",\"url\":\"https:\/\/blogg.svenskakyrkan.se\/diakonibloggen\/\",\"name\":\"Diakonibloggen\",\"description\":\"Vi lyfter fram, hyllar, diskuterar och inspirerar till diakonalt arbete inom och utanf\u00f6r Svenska kyrkans ramar.\",\"potentialAction\":[{\"@type\":\"SearchAction\",\"target\":{\"@type\":\"EntryPoint\",\"urlTemplate\":\"https:\/\/blogg.svenskakyrkan.se\/diakonibloggen\/?s={search_term_string}\"},\"query-input\":{\"@type\":\"PropertyValueSpecification\",\"valueRequired\":true,\"valueName\":\"search_term_string\"}}],\"inLanguage\":\"sv-SE\"},{\"@type\":\"Person\",\"@id\":\"https:\/\/blogg.svenskakyrkan.se\/diakonibloggen\/#\/schema\/person\/8f6a6fe8efab23c141c7e274fec6405f\",\"name\":\"diakonibloggen\",\"image\":{\"@type\":\"ImageObject\",\"inLanguage\":\"sv-SE\",\"@id\":\"https:\/\/blogg.svenskakyrkan.se\/diakonibloggen\/#\/schema\/person\/image\/\",\"url\":\"https:\/\/secure.gravatar.com\/avatar\/95c0ca86fd13e3d8c1b7b7e9864c9a2ccb7b48c6f756a3b5447bcc13dd630488?s=96&d=mm&r=g\",\"contentUrl\":\"https:\/\/secure.gravatar.com\/avatar\/95c0ca86fd13e3d8c1b7b7e9864c9a2ccb7b48c6f756a3b5447bcc13dd630488?s=96&d=mm&r=g\",\"caption\":\"diakonibloggen\"},\"url\":\"https:\/\/blogg.svenskakyrkan.se\/diakonibloggen\/author\/diakonibloggen\/\"}]}<\/script>\n<!-- \/ Yoast SEO plugin. -->","yoast_head_json":{"title":"Ekonomismart - Diakonibloggen","robots":{"index":"index","follow":"follow","max-snippet":"max-snippet:-1","max-image-preview":"max-image-preview:large","max-video-preview":"max-video-preview:-1"},"canonical":"https:\/\/blogg.svenskakyrkan.se\/diakonibloggen\/2016\/05\/18\/ekonomismart\/","og_locale":"sv_SE","og_type":"article","og_title":"Ekonomismart - Diakonibloggen","og_description":"M\u00f6ter du i ditt arbete unga vuxna som skulle vara hj\u00e4lpta av handledning i privatekonomi? Vill du ut\u00f6ka din verktygsl\u00e5da f\u00f6r att f\u00f6rmedla s\u00e5dan kunskap? Diakonibloggen tipsar idag\u00a0om en utbildning. Vill du bli b\u00e4ttre p\u00e5 att genomf\u00f6ra lustfyllda utbildningspass som skapar engagemang, delaktighet och f\u00f6rst\u00e5else hos deltagarna ? V\u00e4lkommen till en avgiftsfri konferens om att [&hellip;]","og_url":"https:\/\/blogg.svenskakyrkan.se\/diakonibloggen\/2016\/05\/18\/ekonomismart\/","og_site_name":"Diakonibloggen","article_published_time":"2016-05-18T13:18:11+00:00","article_modified_time":"2020-12-17T15:16:51+00:00","og_image":[{"url":"http:\/\/blogg.svenskakyrkan.se\/diakonibloggen\/files\/2016\/05\/konferensbild-ekonomismart.png","type":"","width":"","height":""}],"author":"diakonibloggen","twitter_card":"summary_large_image","twitter_misc":{"Skriven av":"diakonibloggen","Ber\u00e4knad l\u00e4stid":"2 minuter"},"schema":{"@context":"https:\/\/schema.org","@graph":[{"@type":"Article","@id":"https:\/\/blogg.svenskakyrkan.se\/diakonibloggen\/2016\/05\/18\/ekonomismart\/#article","isPartOf":{"@id":"https:\/\/blogg.svenskakyrkan.se\/diakonibloggen\/2016\/05\/18\/ekonomismart\/"},"author":{"name":"diakonibloggen","@id":"https:\/\/blogg.svenskakyrkan.se\/diakonibloggen\/#\/schema\/person\/8f6a6fe8efab23c141c7e274fec6405f"},"headline":"Ekonomismart","datePublished":"2016-05-18T13:18:11+00:00","dateModified":"2020-12-17T15:16:51+00:00","mainEntityOfPage":{"@id":"https:\/\/blogg.svenskakyrkan.se\/diakonibloggen\/2016\/05\/18\/ekonomismart\/"},"wordCount":444,"commentCount":1,"image":{"@id":"https:\/\/blogg.svenskakyrkan.se\/diakonibloggen\/2016\/05\/18\/ekonomismart\/#primaryimage"},"thumbnailUrl":"http:\/\/blogg.svenskakyrkan.se\/diakonibloggen\/files\/2016\/05\/konferensbild-ekonomismart.png","keywords":["ekonomismart","Finansinspektionen","Folkuniversitetet","konsumentr\u00e4tt","Konsumentverket","privatekonomi"],"articleSection":["Diakonalt arbete","Kurser och evenemang"],"inLanguage":"sv-SE","potentialAction":[{"@type":"CommentAction","name":"Comment","target":["https:\/\/blogg.svenskakyrkan.se\/diakonibloggen\/2016\/05\/18\/ekonomismart\/#respond"]}]},{"@type":"WebPage","@id":"https:\/\/blogg.svenskakyrkan.se\/diakonibloggen\/2016\/05\/18\/ekonomismart\/","url":"https:\/\/blogg.svenskakyrkan.se\/diakonibloggen\/2016\/05\/18\/ekonomismart\/","name":"Ekonomismart - Diakonibloggen","isPartOf":{"@id":"https:\/\/blogg.svenskakyrkan.se\/diakonibloggen\/#website"},"primaryImageOfPage":{"@id":"https:\/\/blogg.svenskakyrkan.se\/diakonibloggen\/2016\/05\/18\/ekonomismart\/#primaryimage"},"image":{"@id":"https:\/\/blogg.svenskakyrkan.se\/diakonibloggen\/2016\/05\/18\/ekonomismart\/#primaryimage"},"thumbnailUrl":"http:\/\/blogg.svenskakyrkan.se\/diakonibloggen\/files\/2016\/05\/konferensbild-ekonomismart.png","datePublished":"2016-05-18T13:18:11+00:00","dateModified":"2020-12-17T15:16:51+00:00","author":{"@id":"https:\/\/blogg.svenskakyrkan.se\/diakonibloggen\/#\/schema\/person\/8f6a6fe8efab23c141c7e274fec6405f"},"breadcrumb":{"@id":"https:\/\/blogg.svenskakyrkan.se\/diakonibloggen\/2016\/05\/18\/ekonomismart\/#breadcrumb"},"inLanguage":"sv-SE","potentialAction":[{"@type":"ReadAction","target":["https:\/\/blogg.svenskakyrkan.se\/diakonibloggen\/2016\/05\/18\/ekonomismart\/"]}]},{"@type":"ImageObject","inLanguage":"sv-SE","@id":"https:\/\/blogg.svenskakyrkan.se\/diakonibloggen\/2016\/05\/18\/ekonomismart\/#primaryimage","url":"http:\/\/blogg.svenskakyrkan.se\/diakonibloggen\/files\/2016\/05\/konferensbild-ekonomismart.png","contentUrl":"http:\/\/blogg.svenskakyrkan.se\/diakonibloggen\/files\/2016\/05\/konferensbild-ekonomismart.png"},{"@type":"BreadcrumbList","@id":"https:\/\/blogg.svenskakyrkan.se\/diakonibloggen\/2016\/05\/18\/ekonomismart\/#breadcrumb","itemListElement":[{"@type":"ListItem","position":1,"name":"Hem","item":"https:\/\/blogg.svenskakyrkan.se\/diakonibloggen\/"},{"@type":"ListItem","position":2,"name":"Ekonomismart"}]},{"@type":"WebSite","@id":"https:\/\/blogg.svenskakyrkan.se\/diakonibloggen\/#website","url":"https:\/\/blogg.svenskakyrkan.se\/diakonibloggen\/","name":"Diakonibloggen","description":"Vi lyfter fram, hyllar, diskuterar och inspirerar till diakonalt arbete inom och utanf\u00f6r Svenska kyrkans ramar.","potentialAction":[{"@type":"SearchAction","target":{"@type":"EntryPoint","urlTemplate":"https:\/\/blogg.svenskakyrkan.se\/diakonibloggen\/?s={search_term_string}"},"query-input":{"@type":"PropertyValueSpecification","valueRequired":true,"valueName":"search_term_string"}}],"inLanguage":"sv-SE"},{"@type":"Person","@id":"https:\/\/blogg.svenskakyrkan.se\/diakonibloggen\/#\/schema\/person\/8f6a6fe8efab23c141c7e274fec6405f","name":"diakonibloggen","image":{"@type":"ImageObject","inLanguage":"sv-SE","@id":"https:\/\/blogg.svenskakyrkan.se\/diakonibloggen\/#\/schema\/person\/image\/","url":"https:\/\/secure.gravatar.com\/avatar\/95c0ca86fd13e3d8c1b7b7e9864c9a2ccb7b48c6f756a3b5447bcc13dd630488?s=96&d=mm&r=g","contentUrl":"https:\/\/secure.gravatar.com\/avatar\/95c0ca86fd13e3d8c1b7b7e9864c9a2ccb7b48c6f756a3b5447bcc13dd630488?s=96&d=mm&r=g","caption":"diakonibloggen"},"url":"https:\/\/blogg.svenskakyrkan.se\/diakonibloggen\/author\/diakonibloggen\/"}]}},"author_meta":{"ID":"776","user_nicename":"diakonibloggen","user_registered":"2020-12-17 14:50:06","display_name":"diakonibloggen","avatar":"https:\/\/blogg.svenskakyrkan.se\/diakonibloggen\/files\/2021\/02\/Sk\u00e4rmavbild-2019-04-12-kl.-14.20.54-150x150.png"},"featured_image":false,"bloginfo":{"name":"Diakonibloggen","url":"https:\/\/blogg.svenskakyrkan.se\/diakonibloggen"},"_links":{"self":[{"href":"https:\/\/blogg.svenskakyrkan.se\/diakonibloggen\/wp-json\/wp\/v2\/posts\/5088","targetHints":{"allow":["GET"]}}],"collection":[{"href":"https:\/\/blogg.svenskakyrkan.se\/diakonibloggen\/wp-json\/wp\/v2\/posts"}],"about":[{"href":"https:\/\/blogg.svenskakyrkan.se\/diakonibloggen\/wp-json\/wp\/v2\/types\/post"}],"author":[{"embeddable":true,"href":"https:\/\/blogg.svenskakyrkan.se\/diakonibloggen\/wp-json\/wp\/v2\/users\/776"}],"replies":[{"embeddable":true,"href":"https:\/\/blogg.svenskakyrkan.se\/diakonibloggen\/wp-json\/wp\/v2\/comments?post=5088"}],"version-history":[{"count":1,"href":"https:\/\/blogg.svenskakyrkan.se\/diakonibloggen\/wp-json\/wp\/v2\/posts\/5088\/revisions"}],"predecessor-version":[{"id":8517,"href":"https:\/\/blogg.svenskakyrkan.se\/diakonibloggen\/wp-json\/wp\/v2\/posts\/5088\/revisions\/8517"}],"wp:attachment":[{"href":"https:\/\/blogg.svenskakyrkan.se\/diakonibloggen\/wp-json\/wp\/v2\/media?parent=5088"}],"wp:term":[{"taxonomy":"category","embeddable":true,"href":"https:\/\/blogg.svenskakyrkan.se\/diakonibloggen\/wp-json\/wp\/v2\/categories?post=5088"},{"taxonomy":"post_tag","embeddable":true,"href":"https:\/\/blogg.svenskakyrkan.se\/diakonibloggen\/wp-json\/wp\/v2\/tags?post=5088"}],"curies":[{"name":"wp","href":"https:\/\/api.w.org\/{rel}","templated":true}]}}