{"id":5125,"date":"2016-06-03T18:25:20","date_gmt":"2016-06-03T18:25:20","guid":{"rendered":"http:\/\/diakonibloggen.com\/?p=5125"},"modified":"2020-12-17T15:16:51","modified_gmt":"2020-12-17T15:16:51","slug":"utan-att-man-ar-radd","status":"publish","type":"post","link":"https:\/\/blogg.svenskakyrkan.se\/diakonibloggen\/2016\/06\/03\/utan-att-man-ar-radd\/","title":{"rendered":"Utan att man \u00e4r r\u00e4dd&#8230;"},"content":{"rendered":"<p>&nbsp;<\/p>\n<p>Vi har p\u00e5 diakonibloggen f\u00e5tt del av Nenos ber\u00e4ttelse:<\/p>\n<p><a href=\"http:\/\/diakonibloggen.com\/2016\/06\/03\/utan-att-man-ar-radd\/skarmavbild-2016-05-25-kl-08-41-23\/\" rel=\"attachment wp-att-5136\"><img loading=\"lazy\" decoding=\"async\" class=\"alignleft size-thumbnail wp-image-5136\" src=\"http:\/\/blogg.svenskakyrkan.se\/diakonibloggen\/files\/2016\/05\/skc3a4rmavbild-2016-05-25-kl-08-41-23.png?w=237\" alt=\"Sk\u00e4rmavbild 2016-05-25 kl. 08.41.23\" width=\"237\" height=\"250\" srcset=\"https:\/\/blogg.svenskakyrkan.se\/diakonibloggen\/files\/2016\/05\/skc3a4rmavbild-2016-05-25-kl-08-41-23.png 317w, https:\/\/blogg.svenskakyrkan.se\/diakonibloggen\/files\/2016\/05\/skc3a4rmavbild-2016-05-25-kl-08-41-23-285x300.png 285w\" sizes=\"auto, (max-width: 237px) 100vw, 237px\" \/><\/a>&#8221;Hej mitt namn \u00e4r Nenos Yousef . jag kommer fr\u00e5n Irak jag kom till Sverige p\u00e5 grund av krigs sk\u00e4ll jag flydde till Syrian f\u00f6rst sen 2004 jag bodde d\u00e4r fem \u00e5r sen kom jag till Sverige . n\u00e4r jag kom till Sverige jag tyckte mycket om Sverige ock samh\u00e4lle i Sverige sv\u00e5raste var f\u00f6r mig spr\u00e5ket jag kunde inte spr\u00e5ket jag kunde inte f\u00f6rst\u00e5r allt men genom musik vi kunde f\u00f6rst\u00e5r varandra d\u00e5 best\u00e4mde jag mig att m\u00e5ste jag l\u00e4ra mig spr\u00e5ket d\u00e5 b\u00f6rjade jag l\u00e4sa mycket svenska b\u00f6cker ock titta p\u00e5 tv knal med svenska text ock lyssna mycket p\u00e5 Sveriges radio special p\u00e5 p2 d\u00e5 b\u00f6rjade jag bli b\u00e4ttre ock b\u00e4ttre p\u00e5 svenska d\u00e5 b\u00f6rjade jag spela i olika kyrkor ock kunde jag ber\u00e4tta om mina musik samma situation bli det med min \u00e4lskade fru Sahar n\u00e4r hon kom till Sverige f\u00f6r tv\u00e5 \u00e5r sedan fr\u00e5n Baghdad hon l\u00e4rde sig bra spr\u00e5ket p\u00e5 kort tid ocks\u00e5 hon studerade SFI svenska spr\u00e5ket d\u00e5 hon b\u00f6rjade studerar orgel hos Annica Sj\u00f6strand Sahar kunde ha kontakt med henne \u00e5 svenska spr\u00e5ket , den roligaste i Sverige \u00e4r att man kan jobba studera g\u00f6ra allt utan att man \u00e4r r\u00e4dd det \u00e4r frid land ock nu har vi en fint ock roligaste dotter v\u00e5ra lilla prinsessa Iris . vi \u00e4r j\u00e4tte glada att vi bor i Sverige vi fick allt fint ock bra h\u00e4r vi kunde liva i detta fint land ock komma in i samh\u00e4lle vi tacka Sverige f\u00f6r allt Sverige kvar i v\u00e5ran hj\u00e4rtat&#8221;<\/p>\n<p>Vi fokuserar p\u00e5 flyktingar &#8211; m\u00f6ten och ber\u00e4ttelser. Vill du dela erfarenheter? Skriv en kommentar eller maila. \/Karin &amp; Lotta<\/p>\n<p>&nbsp;<\/p>\n","protected":false},"excerpt":{"rendered":"<p>&nbsp; Vi har p\u00e5 diakonibloggen f\u00e5tt del av Nenos ber\u00e4ttelse: &#8221;Hej mitt namn \u00e4r Nenos Yousef . jag kommer fr\u00e5n Irak jag kom till Sverige p\u00e5 grund av krigs sk\u00e4ll jag flydde till Syrian f\u00f6rst sen 2004 jag bodde d\u00e4r fem \u00e5r sen kom jag till Sverige . n\u00e4r jag kom till Sverige jag tyckte [&hellip;]<\/p>\n","protected":false},"author":776,"featured_media":0,"comment_status":"open","ping_status":"open","sticky":false,"template":"","format":"standard","meta":{"_acf_changed":false,"footnotes":""},"categories":[23301,23315],"tags":[23986,23991,24221],"class_list":["post-5125","post","type-post","status-publish","format-standard","hentry","category-diakonalt-arbete","category-integration","tag-flykt","tag-flyktingar","tag-integration"],"acf":[],"yoast_head":"<!-- This site is optimized with the Yoast SEO plugin v27.1.1 - https:\/\/yoast.com\/product\/yoast-seo-wordpress\/ -->\n<title>Utan att man \u00e4r r\u00e4dd... - Diakonibloggen<\/title>\n<meta name=\"robots\" content=\"index, follow, max-snippet:-1, max-image-preview:large, max-video-preview:-1\" \/>\n<link rel=\"canonical\" href=\"https:\/\/blogg.svenskakyrkan.se\/diakonibloggen\/2016\/06\/03\/utan-att-man-ar-radd\/\" \/>\n<meta property=\"og:locale\" content=\"sv_SE\" \/>\n<meta property=\"og:type\" content=\"article\" \/>\n<meta property=\"og:title\" content=\"Utan att man \u00e4r r\u00e4dd... - Diakonibloggen\" \/>\n<meta property=\"og:description\" content=\"&nbsp; Vi har p\u00e5 diakonibloggen f\u00e5tt del av Nenos ber\u00e4ttelse: &#8221;Hej mitt namn \u00e4r Nenos Yousef . jag kommer fr\u00e5n Irak jag kom till Sverige p\u00e5 grund av krigs sk\u00e4ll jag flydde till Syrian f\u00f6rst sen 2004 jag bodde d\u00e4r fem \u00e5r sen kom jag till Sverige . n\u00e4r jag kom till Sverige jag tyckte [&hellip;]\" \/>\n<meta property=\"og:url\" content=\"https:\/\/blogg.svenskakyrkan.se\/diakonibloggen\/2016\/06\/03\/utan-att-man-ar-radd\/\" \/>\n<meta property=\"og:site_name\" content=\"Diakonibloggen\" \/>\n<meta property=\"article:published_time\" content=\"2016-06-03T18:25:20+00:00\" \/>\n<meta property=\"article:modified_time\" content=\"2020-12-17T15:16:51+00:00\" \/>\n<meta property=\"og:image\" content=\"http:\/\/blogg.svenskakyrkan.se\/diakonibloggen\/files\/2016\/05\/skc3a4rmavbild-2016-05-25-kl-08-41-23.png?w=237\" \/>\n<meta name=\"author\" content=\"diakonibloggen\" \/>\n<meta name=\"twitter:card\" content=\"summary_large_image\" \/>\n<meta name=\"twitter:label1\" content=\"Skriven av\" \/>\n\t<meta name=\"twitter:data1\" content=\"diakonibloggen\" \/>\n\t<meta name=\"twitter:label2\" content=\"Ber\u00e4knad l\u00e4stid\" \/>\n\t<meta name=\"twitter:data2\" content=\"2 minuter\" \/>\n<script type=\"application\/ld+json\" class=\"yoast-schema-graph\">{\"@context\":\"https:\/\/schema.org\",\"@graph\":[{\"@type\":\"Article\",\"@id\":\"https:\/\/blogg.svenskakyrkan.se\/diakonibloggen\/2016\/06\/03\/utan-att-man-ar-radd\/#article\",\"isPartOf\":{\"@id\":\"https:\/\/blogg.svenskakyrkan.se\/diakonibloggen\/2016\/06\/03\/utan-att-man-ar-radd\/\"},\"author\":{\"name\":\"diakonibloggen\",\"@id\":\"https:\/\/blogg.svenskakyrkan.se\/diakonibloggen\/#\/schema\/person\/8f6a6fe8efab23c141c7e274fec6405f\"},\"headline\":\"Utan att man \u00e4r r\u00e4dd&#8230;\",\"datePublished\":\"2016-06-03T18:25:20+00:00\",\"dateModified\":\"2020-12-17T15:16:51+00:00\",\"mainEntityOfPage\":{\"@id\":\"https:\/\/blogg.svenskakyrkan.se\/diakonibloggen\/2016\/06\/03\/utan-att-man-ar-radd\/\"},\"wordCount\":334,\"commentCount\":0,\"image\":{\"@id\":\"https:\/\/blogg.svenskakyrkan.se\/diakonibloggen\/2016\/06\/03\/utan-att-man-ar-radd\/#primaryimage\"},\"thumbnailUrl\":\"http:\/\/blogg.svenskakyrkan.se\/diakonibloggen\/files\/2016\/05\/skc3a4rmavbild-2016-05-25-kl-08-41-23.png?w=237\",\"keywords\":[\"flykt\",\"flyktingar\",\"integration\"],\"articleSection\":[\"Diakonalt arbete\",\"Integration\"],\"inLanguage\":\"sv-SE\",\"potentialAction\":[{\"@type\":\"CommentAction\",\"name\":\"Comment\",\"target\":[\"https:\/\/blogg.svenskakyrkan.se\/diakonibloggen\/2016\/06\/03\/utan-att-man-ar-radd\/#respond\"]}]},{\"@type\":\"WebPage\",\"@id\":\"https:\/\/blogg.svenskakyrkan.se\/diakonibloggen\/2016\/06\/03\/utan-att-man-ar-radd\/\",\"url\":\"https:\/\/blogg.svenskakyrkan.se\/diakonibloggen\/2016\/06\/03\/utan-att-man-ar-radd\/\",\"name\":\"Utan att man \u00e4r r\u00e4dd... - Diakonibloggen\",\"isPartOf\":{\"@id\":\"https:\/\/blogg.svenskakyrkan.se\/diakonibloggen\/#website\"},\"primaryImageOfPage\":{\"@id\":\"https:\/\/blogg.svenskakyrkan.se\/diakonibloggen\/2016\/06\/03\/utan-att-man-ar-radd\/#primaryimage\"},\"image\":{\"@id\":\"https:\/\/blogg.svenskakyrkan.se\/diakonibloggen\/2016\/06\/03\/utan-att-man-ar-radd\/#primaryimage\"},\"thumbnailUrl\":\"http:\/\/blogg.svenskakyrkan.se\/diakonibloggen\/files\/2016\/05\/skc3a4rmavbild-2016-05-25-kl-08-41-23.png?w=237\",\"datePublished\":\"2016-06-03T18:25:20+00:00\",\"dateModified\":\"2020-12-17T15:16:51+00:00\",\"author\":{\"@id\":\"https:\/\/blogg.svenskakyrkan.se\/diakonibloggen\/#\/schema\/person\/8f6a6fe8efab23c141c7e274fec6405f\"},\"breadcrumb\":{\"@id\":\"https:\/\/blogg.svenskakyrkan.se\/diakonibloggen\/2016\/06\/03\/utan-att-man-ar-radd\/#breadcrumb\"},\"inLanguage\":\"sv-SE\",\"potentialAction\":[{\"@type\":\"ReadAction\",\"target\":[\"https:\/\/blogg.svenskakyrkan.se\/diakonibloggen\/2016\/06\/03\/utan-att-man-ar-radd\/\"]}]},{\"@type\":\"ImageObject\",\"inLanguage\":\"sv-SE\",\"@id\":\"https:\/\/blogg.svenskakyrkan.se\/diakonibloggen\/2016\/06\/03\/utan-att-man-ar-radd\/#primaryimage\",\"url\":\"http:\/\/blogg.svenskakyrkan.se\/diakonibloggen\/files\/2016\/05\/skc3a4rmavbild-2016-05-25-kl-08-41-23.png?w=237\",\"contentUrl\":\"http:\/\/blogg.svenskakyrkan.se\/diakonibloggen\/files\/2016\/05\/skc3a4rmavbild-2016-05-25-kl-08-41-23.png?w=237\"},{\"@type\":\"BreadcrumbList\",\"@id\":\"https:\/\/blogg.svenskakyrkan.se\/diakonibloggen\/2016\/06\/03\/utan-att-man-ar-radd\/#breadcrumb\",\"itemListElement\":[{\"@type\":\"ListItem\",\"position\":1,\"name\":\"Hem\",\"item\":\"https:\/\/blogg.svenskakyrkan.se\/diakonibloggen\/\"},{\"@type\":\"ListItem\",\"position\":2,\"name\":\"Utan att man \u00e4r r\u00e4dd&#8230;\"}]},{\"@type\":\"WebSite\",\"@id\":\"https:\/\/blogg.svenskakyrkan.se\/diakonibloggen\/#website\",\"url\":\"https:\/\/blogg.svenskakyrkan.se\/diakonibloggen\/\",\"name\":\"Diakonibloggen\",\"description\":\"Vi lyfter fram, hyllar, diskuterar och inspirerar till diakonalt arbete inom och utanf\u00f6r Svenska kyrkans ramar.\",\"potentialAction\":[{\"@type\":\"SearchAction\",\"target\":{\"@type\":\"EntryPoint\",\"urlTemplate\":\"https:\/\/blogg.svenskakyrkan.se\/diakonibloggen\/?s={search_term_string}\"},\"query-input\":{\"@type\":\"PropertyValueSpecification\",\"valueRequired\":true,\"valueName\":\"search_term_string\"}}],\"inLanguage\":\"sv-SE\"},{\"@type\":\"Person\",\"@id\":\"https:\/\/blogg.svenskakyrkan.se\/diakonibloggen\/#\/schema\/person\/8f6a6fe8efab23c141c7e274fec6405f\",\"name\":\"diakonibloggen\",\"image\":{\"@type\":\"ImageObject\",\"inLanguage\":\"sv-SE\",\"@id\":\"https:\/\/blogg.svenskakyrkan.se\/diakonibloggen\/#\/schema\/person\/image\/\",\"url\":\"https:\/\/secure.gravatar.com\/avatar\/95c0ca86fd13e3d8c1b7b7e9864c9a2ccb7b48c6f756a3b5447bcc13dd630488?s=96&d=mm&r=g\",\"contentUrl\":\"https:\/\/secure.gravatar.com\/avatar\/95c0ca86fd13e3d8c1b7b7e9864c9a2ccb7b48c6f756a3b5447bcc13dd630488?s=96&d=mm&r=g\",\"caption\":\"diakonibloggen\"},\"url\":\"https:\/\/blogg.svenskakyrkan.se\/diakonibloggen\/author\/diakonibloggen\/\"}]}<\/script>\n<!-- \/ Yoast SEO plugin. -->","yoast_head_json":{"title":"Utan att man \u00e4r r\u00e4dd... - Diakonibloggen","robots":{"index":"index","follow":"follow","max-snippet":"max-snippet:-1","max-image-preview":"max-image-preview:large","max-video-preview":"max-video-preview:-1"},"canonical":"https:\/\/blogg.svenskakyrkan.se\/diakonibloggen\/2016\/06\/03\/utan-att-man-ar-radd\/","og_locale":"sv_SE","og_type":"article","og_title":"Utan att man \u00e4r r\u00e4dd... - Diakonibloggen","og_description":"&nbsp; Vi har p\u00e5 diakonibloggen f\u00e5tt del av Nenos ber\u00e4ttelse: &#8221;Hej mitt namn \u00e4r Nenos Yousef . jag kommer fr\u00e5n Irak jag kom till Sverige p\u00e5 grund av krigs sk\u00e4ll jag flydde till Syrian f\u00f6rst sen 2004 jag bodde d\u00e4r fem \u00e5r sen kom jag till Sverige . n\u00e4r jag kom till Sverige jag tyckte [&hellip;]","og_url":"https:\/\/blogg.svenskakyrkan.se\/diakonibloggen\/2016\/06\/03\/utan-att-man-ar-radd\/","og_site_name":"Diakonibloggen","article_published_time":"2016-06-03T18:25:20+00:00","article_modified_time":"2020-12-17T15:16:51+00:00","og_image":[{"url":"http:\/\/blogg.svenskakyrkan.se\/diakonibloggen\/files\/2016\/05\/skc3a4rmavbild-2016-05-25-kl-08-41-23.png?w=237","type":"","width":"","height":""}],"author":"diakonibloggen","twitter_card":"summary_large_image","twitter_misc":{"Skriven av":"diakonibloggen","Ber\u00e4knad l\u00e4stid":"2 minuter"},"schema":{"@context":"https:\/\/schema.org","@graph":[{"@type":"Article","@id":"https:\/\/blogg.svenskakyrkan.se\/diakonibloggen\/2016\/06\/03\/utan-att-man-ar-radd\/#article","isPartOf":{"@id":"https:\/\/blogg.svenskakyrkan.se\/diakonibloggen\/2016\/06\/03\/utan-att-man-ar-radd\/"},"author":{"name":"diakonibloggen","@id":"https:\/\/blogg.svenskakyrkan.se\/diakonibloggen\/#\/schema\/person\/8f6a6fe8efab23c141c7e274fec6405f"},"headline":"Utan att man \u00e4r r\u00e4dd&#8230;","datePublished":"2016-06-03T18:25:20+00:00","dateModified":"2020-12-17T15:16:51+00:00","mainEntityOfPage":{"@id":"https:\/\/blogg.svenskakyrkan.se\/diakonibloggen\/2016\/06\/03\/utan-att-man-ar-radd\/"},"wordCount":334,"commentCount":0,"image":{"@id":"https:\/\/blogg.svenskakyrkan.se\/diakonibloggen\/2016\/06\/03\/utan-att-man-ar-radd\/#primaryimage"},"thumbnailUrl":"http:\/\/blogg.svenskakyrkan.se\/diakonibloggen\/files\/2016\/05\/skc3a4rmavbild-2016-05-25-kl-08-41-23.png?w=237","keywords":["flykt","flyktingar","integration"],"articleSection":["Diakonalt arbete","Integration"],"inLanguage":"sv-SE","potentialAction":[{"@type":"CommentAction","name":"Comment","target":["https:\/\/blogg.svenskakyrkan.se\/diakonibloggen\/2016\/06\/03\/utan-att-man-ar-radd\/#respond"]}]},{"@type":"WebPage","@id":"https:\/\/blogg.svenskakyrkan.se\/diakonibloggen\/2016\/06\/03\/utan-att-man-ar-radd\/","url":"https:\/\/blogg.svenskakyrkan.se\/diakonibloggen\/2016\/06\/03\/utan-att-man-ar-radd\/","name":"Utan att man \u00e4r r\u00e4dd... - Diakonibloggen","isPartOf":{"@id":"https:\/\/blogg.svenskakyrkan.se\/diakonibloggen\/#website"},"primaryImageOfPage":{"@id":"https:\/\/blogg.svenskakyrkan.se\/diakonibloggen\/2016\/06\/03\/utan-att-man-ar-radd\/#primaryimage"},"image":{"@id":"https:\/\/blogg.svenskakyrkan.se\/diakonibloggen\/2016\/06\/03\/utan-att-man-ar-radd\/#primaryimage"},"thumbnailUrl":"http:\/\/blogg.svenskakyrkan.se\/diakonibloggen\/files\/2016\/05\/skc3a4rmavbild-2016-05-25-kl-08-41-23.png?w=237","datePublished":"2016-06-03T18:25:20+00:00","dateModified":"2020-12-17T15:16:51+00:00","author":{"@id":"https:\/\/blogg.svenskakyrkan.se\/diakonibloggen\/#\/schema\/person\/8f6a6fe8efab23c141c7e274fec6405f"},"breadcrumb":{"@id":"https:\/\/blogg.svenskakyrkan.se\/diakonibloggen\/2016\/06\/03\/utan-att-man-ar-radd\/#breadcrumb"},"inLanguage":"sv-SE","potentialAction":[{"@type":"ReadAction","target":["https:\/\/blogg.svenskakyrkan.se\/diakonibloggen\/2016\/06\/03\/utan-att-man-ar-radd\/"]}]},{"@type":"ImageObject","inLanguage":"sv-SE","@id":"https:\/\/blogg.svenskakyrkan.se\/diakonibloggen\/2016\/06\/03\/utan-att-man-ar-radd\/#primaryimage","url":"http:\/\/blogg.svenskakyrkan.se\/diakonibloggen\/files\/2016\/05\/skc3a4rmavbild-2016-05-25-kl-08-41-23.png?w=237","contentUrl":"http:\/\/blogg.svenskakyrkan.se\/diakonibloggen\/files\/2016\/05\/skc3a4rmavbild-2016-05-25-kl-08-41-23.png?w=237"},{"@type":"BreadcrumbList","@id":"https:\/\/blogg.svenskakyrkan.se\/diakonibloggen\/2016\/06\/03\/utan-att-man-ar-radd\/#breadcrumb","itemListElement":[{"@type":"ListItem","position":1,"name":"Hem","item":"https:\/\/blogg.svenskakyrkan.se\/diakonibloggen\/"},{"@type":"ListItem","position":2,"name":"Utan att man \u00e4r r\u00e4dd&#8230;"}]},{"@type":"WebSite","@id":"https:\/\/blogg.svenskakyrkan.se\/diakonibloggen\/#website","url":"https:\/\/blogg.svenskakyrkan.se\/diakonibloggen\/","name":"Diakonibloggen","description":"Vi lyfter fram, hyllar, diskuterar och inspirerar till diakonalt arbete inom och utanf\u00f6r Svenska kyrkans ramar.","potentialAction":[{"@type":"SearchAction","target":{"@type":"EntryPoint","urlTemplate":"https:\/\/blogg.svenskakyrkan.se\/diakonibloggen\/?s={search_term_string}"},"query-input":{"@type":"PropertyValueSpecification","valueRequired":true,"valueName":"search_term_string"}}],"inLanguage":"sv-SE"},{"@type":"Person","@id":"https:\/\/blogg.svenskakyrkan.se\/diakonibloggen\/#\/schema\/person\/8f6a6fe8efab23c141c7e274fec6405f","name":"diakonibloggen","image":{"@type":"ImageObject","inLanguage":"sv-SE","@id":"https:\/\/blogg.svenskakyrkan.se\/diakonibloggen\/#\/schema\/person\/image\/","url":"https:\/\/secure.gravatar.com\/avatar\/95c0ca86fd13e3d8c1b7b7e9864c9a2ccb7b48c6f756a3b5447bcc13dd630488?s=96&d=mm&r=g","contentUrl":"https:\/\/secure.gravatar.com\/avatar\/95c0ca86fd13e3d8c1b7b7e9864c9a2ccb7b48c6f756a3b5447bcc13dd630488?s=96&d=mm&r=g","caption":"diakonibloggen"},"url":"https:\/\/blogg.svenskakyrkan.se\/diakonibloggen\/author\/diakonibloggen\/"}]}},"author_meta":{"ID":"776","user_nicename":"diakonibloggen","user_registered":"2020-12-17 14:50:06","display_name":"diakonibloggen","avatar":"https:\/\/blogg.svenskakyrkan.se\/diakonibloggen\/files\/2021\/02\/Sk\u00e4rmavbild-2019-04-12-kl.-14.20.54-150x150.png"},"featured_image":false,"bloginfo":{"name":"Diakonibloggen","url":"https:\/\/blogg.svenskakyrkan.se\/diakonibloggen"},"_links":{"self":[{"href":"https:\/\/blogg.svenskakyrkan.se\/diakonibloggen\/wp-json\/wp\/v2\/posts\/5125","targetHints":{"allow":["GET"]}}],"collection":[{"href":"https:\/\/blogg.svenskakyrkan.se\/diakonibloggen\/wp-json\/wp\/v2\/posts"}],"about":[{"href":"https:\/\/blogg.svenskakyrkan.se\/diakonibloggen\/wp-json\/wp\/v2\/types\/post"}],"author":[{"embeddable":true,"href":"https:\/\/blogg.svenskakyrkan.se\/diakonibloggen\/wp-json\/wp\/v2\/users\/776"}],"replies":[{"embeddable":true,"href":"https:\/\/blogg.svenskakyrkan.se\/diakonibloggen\/wp-json\/wp\/v2\/comments?post=5125"}],"version-history":[{"count":1,"href":"https:\/\/blogg.svenskakyrkan.se\/diakonibloggen\/wp-json\/wp\/v2\/posts\/5125\/revisions"}],"predecessor-version":[{"id":8514,"href":"https:\/\/blogg.svenskakyrkan.se\/diakonibloggen\/wp-json\/wp\/v2\/posts\/5125\/revisions\/8514"}],"wp:attachment":[{"href":"https:\/\/blogg.svenskakyrkan.se\/diakonibloggen\/wp-json\/wp\/v2\/media?parent=5125"}],"wp:term":[{"taxonomy":"category","embeddable":true,"href":"https:\/\/blogg.svenskakyrkan.se\/diakonibloggen\/wp-json\/wp\/v2\/categories?post=5125"},{"taxonomy":"post_tag","embeddable":true,"href":"https:\/\/blogg.svenskakyrkan.se\/diakonibloggen\/wp-json\/wp\/v2\/tags?post=5125"}],"curies":[{"name":"wp","href":"https:\/\/api.w.org\/{rel}","templated":true}]}}