{"id":5301,"date":"2016-08-21T06:47:17","date_gmt":"2016-08-21T06:47:17","guid":{"rendered":"http:\/\/diakonibloggen.com\/?p=5301"},"modified":"2020-12-17T15:16:51","modified_gmt":"2020-12-17T15:16:51","slug":"medmanniskan-i-fokus","status":"publish","type":"post","link":"https:\/\/blogg.svenskakyrkan.se\/diakonibloggen\/2016\/08\/21\/medmanniskan-i-fokus\/","title":{"rendered":"Medm\u00e4nniskan i fokus"},"content":{"rendered":"<p><a href=\"http:\/\/diakonibloggen.com\/2016\/02\/15\/en-manniska-ar-bara-en-manniska\/skarmavbild-2016-02-12-kl-16-41-24\/\" rel=\"attachment wp-att-4965\"><img loading=\"lazy\" decoding=\"async\" class=\"alignleft size-full wp-image-4965\" src=\"http:\/\/blogg.svenskakyrkan.se\/diakonibloggen\/files\/2016\/02\/skc3a4rmavbild-2016-02-12-kl-16-41-24.png\" alt=\"Sk\u00e4rmavbild 2016-02-12 kl. 16.41.24\" width=\"180\" height=\"194\" \/><\/a>Idag \u00e4r det trettonde s\u00f6ndagen efter Trefaldighet med temat <em>Medm\u00e4nniskan<\/em>, en s\u00f6ndag som traditionellt kallas diakonins dag. Vi som brinner f\u00f6r och verkar inom diakonala omr\u00e5den vill f\u00f6rst\u00e5s att diakoni ska genomsyra kyrklig verksamhet hela \u00e5ret. Men den h\u00e4r s\u00f6ndagen blir en m\u00f6jlighet att p\u00e5 ett s\u00e4rskilt s\u00e4tt lyfta kyrkans diakonala uppdrag och p\u00e5minna varandra om vikten av omsorg och medm\u00e4nskligt ansvar.<\/p>\n<p>Diakoni \u00e4r ett uppdrag d\u00e4r det alltid finns behov och d\u00e4r vi st\u00e4ndigt beh\u00f6ver be om Guds ledning och st\u00f6tta varandra i att finna framkomliga v\u00e4gar<\/p>\n<p>Diakonins s\u00f6ndag \u00e4r ocks\u00e5 starten f\u00f6r diakonins m\u00e5nad som infaller i september varje \u00e5r, initierat av Sveriges kristna r\u00e5d. I \u00e5r \u00e4r temat <em>Ungas psykiska oh\u00e4lsa<\/em>. I september\u00a0kommer vi p\u00e5\u00a0diakonibloggen att\u00a0s\u00e4tta fokus p\u00e5 detta \u00e4mne.<\/p>\n","protected":false},"excerpt":{"rendered":"<p>Idag \u00e4r det trettonde s\u00f6ndagen efter Trefaldighet med temat Medm\u00e4nniskan, en s\u00f6ndag som traditionellt kallas diakonins dag. Vi som brinner f\u00f6r och verkar inom diakonala omr\u00e5den vill f\u00f6rst\u00e5s att diakoni ska genomsyra kyrklig verksamhet hela \u00e5ret. Men den h\u00e4r s\u00f6ndagen blir en m\u00f6jlighet att p\u00e5 ett s\u00e4rskilt s\u00e4tt lyfta kyrkans diakonala uppdrag och p\u00e5minna varandra [&hellip;]<\/p>\n","protected":false},"author":776,"featured_media":0,"comment_status":"open","ping_status":"open","sticky":false,"template":"","format":"standard","meta":{"_acf_changed":false,"footnotes":""},"categories":[23301],"tags":[23788,23791,24565,25126],"class_list":["post-5301","post","type-post","status-publish","format-standard","hentry","category-diakonalt-arbete","tag-diakonins-dag","tag-diakonins-sondag","tag-medmanniskan","tag-trettonde-efter-trefaldighet"],"acf":[],"yoast_head":"<!-- This site is optimized with the Yoast SEO plugin v27.1.1 - https:\/\/yoast.com\/product\/yoast-seo-wordpress\/ -->\n<title>Medm\u00e4nniskan i fokus - Diakonibloggen<\/title>\n<meta name=\"robots\" content=\"index, follow, max-snippet:-1, max-image-preview:large, max-video-preview:-1\" \/>\n<link rel=\"canonical\" href=\"https:\/\/blogg.svenskakyrkan.se\/diakonibloggen\/2016\/08\/21\/medmanniskan-i-fokus\/\" \/>\n<meta property=\"og:locale\" content=\"sv_SE\" \/>\n<meta property=\"og:type\" content=\"article\" \/>\n<meta property=\"og:title\" content=\"Medm\u00e4nniskan i fokus - Diakonibloggen\" \/>\n<meta property=\"og:description\" content=\"Idag \u00e4r det trettonde s\u00f6ndagen efter Trefaldighet med temat Medm\u00e4nniskan, en s\u00f6ndag som traditionellt kallas diakonins dag. Vi som brinner f\u00f6r och verkar inom diakonala omr\u00e5den vill f\u00f6rst\u00e5s att diakoni ska genomsyra kyrklig verksamhet hela \u00e5ret. Men den h\u00e4r s\u00f6ndagen blir en m\u00f6jlighet att p\u00e5 ett s\u00e4rskilt s\u00e4tt lyfta kyrkans diakonala uppdrag och p\u00e5minna varandra [&hellip;]\" \/>\n<meta property=\"og:url\" content=\"https:\/\/blogg.svenskakyrkan.se\/diakonibloggen\/2016\/08\/21\/medmanniskan-i-fokus\/\" \/>\n<meta property=\"og:site_name\" content=\"Diakonibloggen\" \/>\n<meta property=\"article:published_time\" content=\"2016-08-21T06:47:17+00:00\" \/>\n<meta property=\"article:modified_time\" content=\"2020-12-17T15:16:51+00:00\" \/>\n<meta property=\"og:image\" content=\"http:\/\/blogg.svenskakyrkan.se\/diakonibloggen\/files\/2016\/02\/skc3a4rmavbild-2016-02-12-kl-16-41-24.png\" \/>\n<meta name=\"author\" content=\"diakonibloggen\" \/>\n<meta name=\"twitter:card\" content=\"summary_large_image\" \/>\n<meta name=\"twitter:label1\" content=\"Skriven av\" \/>\n\t<meta name=\"twitter:data1\" content=\"diakonibloggen\" \/>\n\t<meta name=\"twitter:label2\" content=\"Ber\u00e4knad l\u00e4stid\" \/>\n\t<meta name=\"twitter:data2\" content=\"1 minut\" \/>\n<script type=\"application\/ld+json\" class=\"yoast-schema-graph\">{\"@context\":\"https:\/\/schema.org\",\"@graph\":[{\"@type\":\"Article\",\"@id\":\"https:\/\/blogg.svenskakyrkan.se\/diakonibloggen\/2016\/08\/21\/medmanniskan-i-fokus\/#article\",\"isPartOf\":{\"@id\":\"https:\/\/blogg.svenskakyrkan.se\/diakonibloggen\/2016\/08\/21\/medmanniskan-i-fokus\/\"},\"author\":{\"name\":\"diakonibloggen\",\"@id\":\"https:\/\/blogg.svenskakyrkan.se\/diakonibloggen\/#\/schema\/person\/8f6a6fe8efab23c141c7e274fec6405f\"},\"headline\":\"Medm\u00e4nniskan i fokus\",\"datePublished\":\"2016-08-21T06:47:17+00:00\",\"dateModified\":\"2020-12-17T15:16:51+00:00\",\"mainEntityOfPage\":{\"@id\":\"https:\/\/blogg.svenskakyrkan.se\/diakonibloggen\/2016\/08\/21\/medmanniskan-i-fokus\/\"},\"wordCount\":156,\"commentCount\":1,\"image\":{\"@id\":\"https:\/\/blogg.svenskakyrkan.se\/diakonibloggen\/2016\/08\/21\/medmanniskan-i-fokus\/#primaryimage\"},\"thumbnailUrl\":\"http:\/\/blogg.svenskakyrkan.se\/diakonibloggen\/files\/2016\/02\/skc3a4rmavbild-2016-02-12-kl-16-41-24.png\",\"keywords\":[\"diakonins dag\",\"diakonins s\u00f6ndag\",\"medm\u00e4nniskan\",\"trettonde efter trefaldighet\"],\"articleSection\":[\"Diakonalt arbete\"],\"inLanguage\":\"sv-SE\",\"potentialAction\":[{\"@type\":\"CommentAction\",\"name\":\"Comment\",\"target\":[\"https:\/\/blogg.svenskakyrkan.se\/diakonibloggen\/2016\/08\/21\/medmanniskan-i-fokus\/#respond\"]}]},{\"@type\":\"WebPage\",\"@id\":\"https:\/\/blogg.svenskakyrkan.se\/diakonibloggen\/2016\/08\/21\/medmanniskan-i-fokus\/\",\"url\":\"https:\/\/blogg.svenskakyrkan.se\/diakonibloggen\/2016\/08\/21\/medmanniskan-i-fokus\/\",\"name\":\"Medm\u00e4nniskan i fokus - Diakonibloggen\",\"isPartOf\":{\"@id\":\"https:\/\/blogg.svenskakyrkan.se\/diakonibloggen\/#website\"},\"primaryImageOfPage\":{\"@id\":\"https:\/\/blogg.svenskakyrkan.se\/diakonibloggen\/2016\/08\/21\/medmanniskan-i-fokus\/#primaryimage\"},\"image\":{\"@id\":\"https:\/\/blogg.svenskakyrkan.se\/diakonibloggen\/2016\/08\/21\/medmanniskan-i-fokus\/#primaryimage\"},\"thumbnailUrl\":\"http:\/\/blogg.svenskakyrkan.se\/diakonibloggen\/files\/2016\/02\/skc3a4rmavbild-2016-02-12-kl-16-41-24.png\",\"datePublished\":\"2016-08-21T06:47:17+00:00\",\"dateModified\":\"2020-12-17T15:16:51+00:00\",\"author\":{\"@id\":\"https:\/\/blogg.svenskakyrkan.se\/diakonibloggen\/#\/schema\/person\/8f6a6fe8efab23c141c7e274fec6405f\"},\"breadcrumb\":{\"@id\":\"https:\/\/blogg.svenskakyrkan.se\/diakonibloggen\/2016\/08\/21\/medmanniskan-i-fokus\/#breadcrumb\"},\"inLanguage\":\"sv-SE\",\"potentialAction\":[{\"@type\":\"ReadAction\",\"target\":[\"https:\/\/blogg.svenskakyrkan.se\/diakonibloggen\/2016\/08\/21\/medmanniskan-i-fokus\/\"]}]},{\"@type\":\"ImageObject\",\"inLanguage\":\"sv-SE\",\"@id\":\"https:\/\/blogg.svenskakyrkan.se\/diakonibloggen\/2016\/08\/21\/medmanniskan-i-fokus\/#primaryimage\",\"url\":\"http:\/\/blogg.svenskakyrkan.se\/diakonibloggen\/files\/2016\/02\/skc3a4rmavbild-2016-02-12-kl-16-41-24.png\",\"contentUrl\":\"http:\/\/blogg.svenskakyrkan.se\/diakonibloggen\/files\/2016\/02\/skc3a4rmavbild-2016-02-12-kl-16-41-24.png\"},{\"@type\":\"BreadcrumbList\",\"@id\":\"https:\/\/blogg.svenskakyrkan.se\/diakonibloggen\/2016\/08\/21\/medmanniskan-i-fokus\/#breadcrumb\",\"itemListElement\":[{\"@type\":\"ListItem\",\"position\":1,\"name\":\"Hem\",\"item\":\"https:\/\/blogg.svenskakyrkan.se\/diakonibloggen\/\"},{\"@type\":\"ListItem\",\"position\":2,\"name\":\"Medm\u00e4nniskan i fokus\"}]},{\"@type\":\"WebSite\",\"@id\":\"https:\/\/blogg.svenskakyrkan.se\/diakonibloggen\/#website\",\"url\":\"https:\/\/blogg.svenskakyrkan.se\/diakonibloggen\/\",\"name\":\"Diakonibloggen\",\"description\":\"Vi lyfter fram, hyllar, diskuterar och inspirerar till diakonalt arbete inom och utanf\u00f6r Svenska kyrkans ramar.\",\"potentialAction\":[{\"@type\":\"SearchAction\",\"target\":{\"@type\":\"EntryPoint\",\"urlTemplate\":\"https:\/\/blogg.svenskakyrkan.se\/diakonibloggen\/?s={search_term_string}\"},\"query-input\":{\"@type\":\"PropertyValueSpecification\",\"valueRequired\":true,\"valueName\":\"search_term_string\"}}],\"inLanguage\":\"sv-SE\"},{\"@type\":\"Person\",\"@id\":\"https:\/\/blogg.svenskakyrkan.se\/diakonibloggen\/#\/schema\/person\/8f6a6fe8efab23c141c7e274fec6405f\",\"name\":\"diakonibloggen\",\"image\":{\"@type\":\"ImageObject\",\"inLanguage\":\"sv-SE\",\"@id\":\"https:\/\/blogg.svenskakyrkan.se\/diakonibloggen\/#\/schema\/person\/image\/\",\"url\":\"https:\/\/secure.gravatar.com\/avatar\/95c0ca86fd13e3d8c1b7b7e9864c9a2ccb7b48c6f756a3b5447bcc13dd630488?s=96&d=mm&r=g\",\"contentUrl\":\"https:\/\/secure.gravatar.com\/avatar\/95c0ca86fd13e3d8c1b7b7e9864c9a2ccb7b48c6f756a3b5447bcc13dd630488?s=96&d=mm&r=g\",\"caption\":\"diakonibloggen\"},\"url\":\"https:\/\/blogg.svenskakyrkan.se\/diakonibloggen\/author\/diakonibloggen\/\"}]}<\/script>\n<!-- \/ Yoast SEO plugin. -->","yoast_head_json":{"title":"Medm\u00e4nniskan i fokus - Diakonibloggen","robots":{"index":"index","follow":"follow","max-snippet":"max-snippet:-1","max-image-preview":"max-image-preview:large","max-video-preview":"max-video-preview:-1"},"canonical":"https:\/\/blogg.svenskakyrkan.se\/diakonibloggen\/2016\/08\/21\/medmanniskan-i-fokus\/","og_locale":"sv_SE","og_type":"article","og_title":"Medm\u00e4nniskan i fokus - Diakonibloggen","og_description":"Idag \u00e4r det trettonde s\u00f6ndagen efter Trefaldighet med temat Medm\u00e4nniskan, en s\u00f6ndag som traditionellt kallas diakonins dag. Vi som brinner f\u00f6r och verkar inom diakonala omr\u00e5den vill f\u00f6rst\u00e5s att diakoni ska genomsyra kyrklig verksamhet hela \u00e5ret. Men den h\u00e4r s\u00f6ndagen blir en m\u00f6jlighet att p\u00e5 ett s\u00e4rskilt s\u00e4tt lyfta kyrkans diakonala uppdrag och p\u00e5minna varandra [&hellip;]","og_url":"https:\/\/blogg.svenskakyrkan.se\/diakonibloggen\/2016\/08\/21\/medmanniskan-i-fokus\/","og_site_name":"Diakonibloggen","article_published_time":"2016-08-21T06:47:17+00:00","article_modified_time":"2020-12-17T15:16:51+00:00","og_image":[{"url":"http:\/\/blogg.svenskakyrkan.se\/diakonibloggen\/files\/2016\/02\/skc3a4rmavbild-2016-02-12-kl-16-41-24.png","type":"","width":"","height":""}],"author":"diakonibloggen","twitter_card":"summary_large_image","twitter_misc":{"Skriven av":"diakonibloggen","Ber\u00e4knad l\u00e4stid":"1 minut"},"schema":{"@context":"https:\/\/schema.org","@graph":[{"@type":"Article","@id":"https:\/\/blogg.svenskakyrkan.se\/diakonibloggen\/2016\/08\/21\/medmanniskan-i-fokus\/#article","isPartOf":{"@id":"https:\/\/blogg.svenskakyrkan.se\/diakonibloggen\/2016\/08\/21\/medmanniskan-i-fokus\/"},"author":{"name":"diakonibloggen","@id":"https:\/\/blogg.svenskakyrkan.se\/diakonibloggen\/#\/schema\/person\/8f6a6fe8efab23c141c7e274fec6405f"},"headline":"Medm\u00e4nniskan i fokus","datePublished":"2016-08-21T06:47:17+00:00","dateModified":"2020-12-17T15:16:51+00:00","mainEntityOfPage":{"@id":"https:\/\/blogg.svenskakyrkan.se\/diakonibloggen\/2016\/08\/21\/medmanniskan-i-fokus\/"},"wordCount":156,"commentCount":1,"image":{"@id":"https:\/\/blogg.svenskakyrkan.se\/diakonibloggen\/2016\/08\/21\/medmanniskan-i-fokus\/#primaryimage"},"thumbnailUrl":"http:\/\/blogg.svenskakyrkan.se\/diakonibloggen\/files\/2016\/02\/skc3a4rmavbild-2016-02-12-kl-16-41-24.png","keywords":["diakonins dag","diakonins s\u00f6ndag","medm\u00e4nniskan","trettonde efter trefaldighet"],"articleSection":["Diakonalt arbete"],"inLanguage":"sv-SE","potentialAction":[{"@type":"CommentAction","name":"Comment","target":["https:\/\/blogg.svenskakyrkan.se\/diakonibloggen\/2016\/08\/21\/medmanniskan-i-fokus\/#respond"]}]},{"@type":"WebPage","@id":"https:\/\/blogg.svenskakyrkan.se\/diakonibloggen\/2016\/08\/21\/medmanniskan-i-fokus\/","url":"https:\/\/blogg.svenskakyrkan.se\/diakonibloggen\/2016\/08\/21\/medmanniskan-i-fokus\/","name":"Medm\u00e4nniskan i fokus - Diakonibloggen","isPartOf":{"@id":"https:\/\/blogg.svenskakyrkan.se\/diakonibloggen\/#website"},"primaryImageOfPage":{"@id":"https:\/\/blogg.svenskakyrkan.se\/diakonibloggen\/2016\/08\/21\/medmanniskan-i-fokus\/#primaryimage"},"image":{"@id":"https:\/\/blogg.svenskakyrkan.se\/diakonibloggen\/2016\/08\/21\/medmanniskan-i-fokus\/#primaryimage"},"thumbnailUrl":"http:\/\/blogg.svenskakyrkan.se\/diakonibloggen\/files\/2016\/02\/skc3a4rmavbild-2016-02-12-kl-16-41-24.png","datePublished":"2016-08-21T06:47:17+00:00","dateModified":"2020-12-17T15:16:51+00:00","author":{"@id":"https:\/\/blogg.svenskakyrkan.se\/diakonibloggen\/#\/schema\/person\/8f6a6fe8efab23c141c7e274fec6405f"},"breadcrumb":{"@id":"https:\/\/blogg.svenskakyrkan.se\/diakonibloggen\/2016\/08\/21\/medmanniskan-i-fokus\/#breadcrumb"},"inLanguage":"sv-SE","potentialAction":[{"@type":"ReadAction","target":["https:\/\/blogg.svenskakyrkan.se\/diakonibloggen\/2016\/08\/21\/medmanniskan-i-fokus\/"]}]},{"@type":"ImageObject","inLanguage":"sv-SE","@id":"https:\/\/blogg.svenskakyrkan.se\/diakonibloggen\/2016\/08\/21\/medmanniskan-i-fokus\/#primaryimage","url":"http:\/\/blogg.svenskakyrkan.se\/diakonibloggen\/files\/2016\/02\/skc3a4rmavbild-2016-02-12-kl-16-41-24.png","contentUrl":"http:\/\/blogg.svenskakyrkan.se\/diakonibloggen\/files\/2016\/02\/skc3a4rmavbild-2016-02-12-kl-16-41-24.png"},{"@type":"BreadcrumbList","@id":"https:\/\/blogg.svenskakyrkan.se\/diakonibloggen\/2016\/08\/21\/medmanniskan-i-fokus\/#breadcrumb","itemListElement":[{"@type":"ListItem","position":1,"name":"Hem","item":"https:\/\/blogg.svenskakyrkan.se\/diakonibloggen\/"},{"@type":"ListItem","position":2,"name":"Medm\u00e4nniskan i fokus"}]},{"@type":"WebSite","@id":"https:\/\/blogg.svenskakyrkan.se\/diakonibloggen\/#website","url":"https:\/\/blogg.svenskakyrkan.se\/diakonibloggen\/","name":"Diakonibloggen","description":"Vi lyfter fram, hyllar, diskuterar och inspirerar till diakonalt arbete inom och utanf\u00f6r Svenska kyrkans ramar.","potentialAction":[{"@type":"SearchAction","target":{"@type":"EntryPoint","urlTemplate":"https:\/\/blogg.svenskakyrkan.se\/diakonibloggen\/?s={search_term_string}"},"query-input":{"@type":"PropertyValueSpecification","valueRequired":true,"valueName":"search_term_string"}}],"inLanguage":"sv-SE"},{"@type":"Person","@id":"https:\/\/blogg.svenskakyrkan.se\/diakonibloggen\/#\/schema\/person\/8f6a6fe8efab23c141c7e274fec6405f","name":"diakonibloggen","image":{"@type":"ImageObject","inLanguage":"sv-SE","@id":"https:\/\/blogg.svenskakyrkan.se\/diakonibloggen\/#\/schema\/person\/image\/","url":"https:\/\/secure.gravatar.com\/avatar\/95c0ca86fd13e3d8c1b7b7e9864c9a2ccb7b48c6f756a3b5447bcc13dd630488?s=96&d=mm&r=g","contentUrl":"https:\/\/secure.gravatar.com\/avatar\/95c0ca86fd13e3d8c1b7b7e9864c9a2ccb7b48c6f756a3b5447bcc13dd630488?s=96&d=mm&r=g","caption":"diakonibloggen"},"url":"https:\/\/blogg.svenskakyrkan.se\/diakonibloggen\/author\/diakonibloggen\/"}]}},"author_meta":{"ID":"776","user_nicename":"diakonibloggen","user_registered":"2020-12-17 14:50:06","display_name":"diakonibloggen","avatar":"https:\/\/blogg.svenskakyrkan.se\/diakonibloggen\/files\/2021\/02\/Sk\u00e4rmavbild-2019-04-12-kl.-14.20.54-150x150.png"},"featured_image":false,"bloginfo":{"name":"Diakonibloggen","url":"https:\/\/blogg.svenskakyrkan.se\/diakonibloggen"},"_links":{"self":[{"href":"https:\/\/blogg.svenskakyrkan.se\/diakonibloggen\/wp-json\/wp\/v2\/posts\/5301","targetHints":{"allow":["GET"]}}],"collection":[{"href":"https:\/\/blogg.svenskakyrkan.se\/diakonibloggen\/wp-json\/wp\/v2\/posts"}],"about":[{"href":"https:\/\/blogg.svenskakyrkan.se\/diakonibloggen\/wp-json\/wp\/v2\/types\/post"}],"author":[{"embeddable":true,"href":"https:\/\/blogg.svenskakyrkan.se\/diakonibloggen\/wp-json\/wp\/v2\/users\/776"}],"replies":[{"embeddable":true,"href":"https:\/\/blogg.svenskakyrkan.se\/diakonibloggen\/wp-json\/wp\/v2\/comments?post=5301"}],"version-history":[{"count":1,"href":"https:\/\/blogg.svenskakyrkan.se\/diakonibloggen\/wp-json\/wp\/v2\/posts\/5301\/revisions"}],"predecessor-version":[{"id":8498,"href":"https:\/\/blogg.svenskakyrkan.se\/diakonibloggen\/wp-json\/wp\/v2\/posts\/5301\/revisions\/8498"}],"wp:attachment":[{"href":"https:\/\/blogg.svenskakyrkan.se\/diakonibloggen\/wp-json\/wp\/v2\/media?parent=5301"}],"wp:term":[{"taxonomy":"category","embeddable":true,"href":"https:\/\/blogg.svenskakyrkan.se\/diakonibloggen\/wp-json\/wp\/v2\/categories?post=5301"},{"taxonomy":"post_tag","embeddable":true,"href":"https:\/\/blogg.svenskakyrkan.se\/diakonibloggen\/wp-json\/wp\/v2\/tags?post=5301"}],"curies":[{"name":"wp","href":"https:\/\/api.w.org\/{rel}","templated":true}]}}