{"id":5373,"date":"2016-09-28T20:17:40","date_gmt":"2016-09-28T20:17:40","guid":{"rendered":"http:\/\/diakonibloggen.com\/?p=5373"},"modified":"2020-12-17T15:16:50","modified_gmt":"2020-12-17T15:16:50","slug":"vem-far-komma-in","status":"publish","type":"post","link":"https:\/\/blogg.svenskakyrkan.se\/diakonibloggen\/2016\/09\/28\/vem-far-komma-in\/","title":{"rendered":"Vem f\u00e5r komma in?"},"content":{"rendered":"<p>&nbsp;<\/p>\n<ul>\n<li>25 % av unga homo- och bisexuella kvinnor uppger att de har f\u00f6rs\u00f6kt ta livet av sig.<\/li>\n<li>19 % av 16-25 \u00e5ringarna i gruppen homo- och bisexuella har utsatts f\u00f6r fysiskt v\u00e5ld av n\u00e5gon n\u00e4rst\u00e5ende (f\u00f6r\u00e4lder, partner eller annan n\u00e4ra vuxen).<\/li>\n<li>65 % av kvinnorna och 48 % av m\u00e4nnen (bland homo- och bisexuella) har erfarenhet av att bli bem\u00f6tta p\u00e5 ett kr\u00e4nkande s\u00e4tt.<\/li>\n<li>40 % av unga transpersoner har f\u00f6rs\u00f6kt ta sitt liv.<\/li>\n<\/ul>\n<p><a href=\"http:\/\/diakonibloggen.com\/2016\/09\/28\/vem-far-komma-in\/skarmavbild-2016-09-19-kl-11-12-45\/\" rel=\"attachment wp-att-5374\"><img loading=\"lazy\" decoding=\"async\" class=\"alignleft size-thumbnail wp-image-5374\" src=\"http:\/\/blogg.svenskakyrkan.se\/diakonibloggen\/files\/2016\/09\/skc3a4rmavbild-2016-09-19-kl-11-12-45.png?w=250\" alt=\"skarmavbild-2016-09-19-kl-11-12-45\" width=\"250\" height=\"222\" srcset=\"https:\/\/blogg.svenskakyrkan.se\/diakonibloggen\/files\/2016\/09\/skc3a4rmavbild-2016-09-19-kl-11-12-45.png 380w, https:\/\/blogg.svenskakyrkan.se\/diakonibloggen\/files\/2016\/09\/skc3a4rmavbild-2016-09-19-kl-11-12-45-300x267.png 300w\" sizes=\"auto, (max-width: 250px) 100vw, 250px\" \/><\/a>Cisnormer och heteronormer sk\u00f6rdar liv och skadar m\u00e4nniskors m\u00f6jligheter till god psykisk h\u00e4lsa. Naturligtvis m\u00e5r m\u00e5nga unga hbtq-personer bra, likv\u00e4l som att heterosexualitet inte \u00e4r en garanti f\u00f6r god psykisk eller fysisk h\u00e4lsa. Men om vi zoomar ut och tittar p\u00e5 den stora bilden, blir det tydligt att n\u00e5got m\u00e5ste g\u00f6ras.<\/p>\n<p>Eftersom unga hbtq-personer har l\u00e4gre f\u00f6rtroende f\u00f6r offentliga instanser s\u00e5som skolan, polisen och v\u00e5rden finns det en heml\u00e4xa att g\u00f6ra d\u00e4r. Detsamma g\u00e4ller i m\u00e5nga fall kyrkan. F\u00f6r en del \u00e4r kyrkan r\u00e4ddningen i en utsatt vardag, medan andra b\u00e4r med sig erfarenheter av exkludering.<\/p>\n<p>Jag menar att tre saker beh\u00f6vs. Det f\u00f6rsta \u00e4r att kompetensen i f\u00f6rsamlingen m\u00e5ste \u00f6ka. Det beh\u00f6vs kunskap om hetero- och cisnormer. Det beh\u00f6vs f\u00f6rst\u00e5else f\u00f6r vad normerna f\u00e5r f\u00f6r konsekvenser, b\u00e5de f\u00f6r dem innanf\u00f6r normerna och dem som st\u00e5r utanf\u00f6r. Det \u00e4r ocks\u00e5 s\u00e5 att om en s\u00e4nker tr\u00f6sklarna f\u00f6r en grupp, kommer fler grupper att k\u00e4nna sig v\u00e4lkomna. Att \u00f6ka kompetensen \u00e4r ett s\u00e4tt att p\u00e5verka organisationskulturen s\u00e5 att den blir mer inkluderande.<\/p>\n<p>Det andra \u00e4r att det beh\u00f6vs s\u00e4rskilda rum och m\u00f6tesplatser f\u00f6r olika grupper. Att m\u00f6ta andra med liknande erfarenheter \u00e4r ett s\u00e4tt att f\u00e5 energi f\u00f6r att klara en normbrytande vardag. En pridefestival kan vara n\u00e5gra dagars erfarenhet av att f\u00f6r en g\u00e5ngs skull vara norm \u2013 denna k\u00e4nsla av tillh\u00f6righet kan skapas \u00e4ven i andra sammanhang. Hur kan kyrkan skapa fler trygga m\u00f6tesplatser? Hur kan f\u00f6rsamlingsmedlemmar bidra till att \u00f6ka tryggheten?<\/p>\n<p>F\u00f6r det tredje beh\u00f6vs det en analys om vem som deltar och k\u00e4nner sig v\u00e4lkomna i kyrkans olika grupper f\u00f6r ungdomar. Det g\u00e5r att analysera inkluderandet i olika steg och detta g\u00f6rs med f\u00f6rdel tillsammans med en kommunikat\u00f6r.<\/p>\n<ol>\n<li>Vem n\u00e5s av inbjudan?<\/li>\n<li>Vem kommer till kyrkan och f\u00f6rsamlingshemmet?<\/li>\n<li>Vem v\u00e5gar komma in i lokalen? Vem firar gudstj\u00e4nst?<\/li>\n<li>Vem \u00e4r med i verksamheten?<\/li>\n<li>Vem stannar i verksamheten?<\/li>\n<li>Vem hamnar p\u00e5 maktpositioner?<\/li>\n<\/ol>\n<p><a href=\"http:\/\/diakonibloggen.com\/2013\/10\/22\/integration-ar-ett-vardelost-ord\/img_5066\/\" rel=\"attachment wp-att-2612\"><img loading=\"lazy\" decoding=\"async\" class=\"alignleft size-thumbnail wp-image-2612\" src=\"https:\/\/diakonibloggen.files.wordpress.com\/2013\/10\/img_5066.jpg?w=189\" alt=\"IMG_5066\" width=\"189\" height=\"250\" srcset=\"https:\/\/blogg.svenskakyrkan.se\/diakonibloggen\/files\/2013\/10\/img_5066.jpg 1838w, https:\/\/blogg.svenskakyrkan.se\/diakonibloggen\/files\/2013\/10\/img_5066-227x300.jpg 227w, https:\/\/blogg.svenskakyrkan.se\/diakonibloggen\/files\/2013\/10\/img_5066-775x1024.jpg 775w, https:\/\/blogg.svenskakyrkan.se\/diakonibloggen\/files\/2013\/10\/img_5066-768x1015.jpg 768w, https:\/\/blogg.svenskakyrkan.se\/diakonibloggen\/files\/2013\/10\/img_5066-1163x1536.jpg 1163w, https:\/\/blogg.svenskakyrkan.se\/diakonibloggen\/files\/2013\/10\/img_5066-1550x2048.jpg 1550w, https:\/\/blogg.svenskakyrkan.se\/diakonibloggen\/files\/2013\/10\/img_5066-1200x1585.jpg 1200w\" sizes=\"auto, (max-width: 189px) 100vw, 189px\" \/><\/a>Att granska de olika stegen \u00e4r att ocks\u00e5 inse att alla har ett ansvar f\u00f6r att f\u00e5 fler att k\u00e4nna sig v\u00e4lkomna. All kommunikation beh\u00f6ver granskas, och alla som arbetar i verksamheten beh\u00f6ver reflektera hur de kan inkludera fler.<\/p>\n<p>Psykisk oh\u00e4lsa handlar b\u00e5de om struktur och individ. Det \u00e4r sv\u00e5ra fr\u00e5gor. Och vanliga fr\u00e5gor. K\u00e4nslan av tillh\u00f6righet \u00e4r viktig. Med kunskap och en vilja att f\u00e5 fler att k\u00e4nna sig v\u00e4lkomna, kan kyrkan bidra till att m\u00e5nga b\u00e5de kan komma ut och komma in.<\/p>\n<p>K\u00e4llor:<\/p>\n<ul>\n<li>Hon, hen, han (MUCF, 2010)<\/li>\n<li>H\u00e4lsan och h\u00e4lsans best\u00e4mningsfaktorer f\u00f6r transpersoner &#8211; en rapport om h\u00e4lsol\u00e4get bland transpersoner i Sverige (Folkh\u00e4lsomyndigheten, 2015)<\/li>\n<\/ul>\n<p>Ord:<\/p>\n<p>Cisnormer: cis \u00e4r ett latinskt ord som betyder \u201dp\u00e5 denna sida\u201d, till skillnad fr\u00e5n trans som betyder \u201d\u00f6ver\u201d eller \u201d\u00f6verskridande\u201d. En cisperson har alla perspektiv av k\u00f6n (mentalt, socialt, juridiskt och biologiskt) \u201dp\u00e5 samma sida\u201d och sj\u00e4lv definierar sig som cisperson. Det \u00e4r alltid personen sj\u00e4lv som identifierar sin k\u00f6nsidentitet.<\/p>\n<p>Heteronormer: Heteronormer \u00e4r n\u00e5gra av de mest osynliga normerna och handlar om b\u00e5de k\u00f6n, sexualitet och genusnormer. Enligt heteronormer \u00e4r kvinnor och m\u00e4n olika och de str\u00e4var efter att hitta den perfekta motsvarande personen i \u201dden andra kategorin\u201d. Detta kallas f\u00f6r genuskomplementaritet. Heteronormer utg\u00e5r fr\u00e5n att m\u00e4nniskor \u00e4r cispersoner och att alla \u00e4r heterosexuella.<\/p>\n<p>Hbtq: F\u00f6rkortning d\u00e4r H st\u00e5r f\u00f6r homosexuella, B st\u00e5r f\u00f6r bisexuella, T st\u00e5r f\u00f6r transpersoner och Q st\u00e5r f\u00f6r queer(a). Det handlar b\u00e5de om sexuell l\u00e4ggning och k\u00f6nsidentitet. Begreppet \u00e4r i st\u00e4ndig f\u00f6r\u00e4ndring. Andra begrepp som anv\u00e4nds \u00e4r thbq, lhbtq, qtbh. Genom att \u00e4ndra ordning p\u00e5 bokst\u00e4verna kan andra perspektiv komma f\u00f6rst, p\u00e5 samma s\u00e4tt skrivs ofta \u201dkvinnor och m\u00e4n\u201d i st\u00e4llet f\u00f6r \u201dm\u00e4n och kvinnor\u201d.<\/p>\n<p><a href=\"http:\/\/www.sensus.se\/I-ditt-lan\/jonkoping\/#\">Frida Ohlsson Sandahl, verksamhetsutvecklare Sensus<\/a><\/p>\n<p>Under september, diakonins m\u00e5nad, \u00e4r temat p\u00e5 diakonibloggen\u00a0barns och ungas psykiska oh\u00e4lsa. L\u00e4s g\u00e4rna g\u00e4stbloggarnas tankar, dela med dig av dina reflektioner via mail till diakoni.se@gmail.com\u00a0eller skriv i en kommentar\u00a0vad du tycker. \/Karin &amp; Lotta<\/p>\n","protected":false},"excerpt":{"rendered":"<p>&nbsp; 25 % av unga homo- och bisexuella kvinnor uppger att de har f\u00f6rs\u00f6kt ta livet av sig. 19 % av 16-25 \u00e5ringarna i gruppen homo- och bisexuella har utsatts f\u00f6r fysiskt v\u00e5ld av n\u00e5gon n\u00e4rst\u00e5ende (f\u00f6r\u00e4lder, partner eller annan n\u00e4ra vuxen). 65 % av kvinnorna och 48 % av m\u00e4nnen (bland homo- och bisexuella) [&hellip;]<\/p>\n","protected":false},"author":776,"featured_media":0,"comment_status":"open","ping_status":"open","sticky":false,"template":"","format":"standard","meta":{"_acf_changed":false,"footnotes":""},"categories":[23301],"tags":[23710,24143,24144,24763],"class_list":["post-5373","post","type-post","status-publish","format-standard","hentry","category-diakonalt-arbete","tag-cis","tag-hbtq","tag-hbtq-person","tag-psykisk-ohalsa"],"acf":[],"yoast_head":"<!-- This site is optimized with the Yoast SEO plugin v27.1.1 - https:\/\/yoast.com\/product\/yoast-seo-wordpress\/ -->\n<title>Vem f\u00e5r komma in? - Diakonibloggen<\/title>\n<meta name=\"robots\" content=\"index, follow, max-snippet:-1, max-image-preview:large, max-video-preview:-1\" \/>\n<link rel=\"canonical\" href=\"https:\/\/blogg.svenskakyrkan.se\/diakonibloggen\/2016\/09\/28\/vem-far-komma-in\/\" \/>\n<meta property=\"og:locale\" content=\"sv_SE\" \/>\n<meta property=\"og:type\" content=\"article\" \/>\n<meta property=\"og:title\" content=\"Vem f\u00e5r komma in? - Diakonibloggen\" \/>\n<meta property=\"og:description\" content=\"&nbsp; 25 % av unga homo- och bisexuella kvinnor uppger att de har f\u00f6rs\u00f6kt ta livet av sig. 19 % av 16-25 \u00e5ringarna i gruppen homo- och bisexuella har utsatts f\u00f6r fysiskt v\u00e5ld av n\u00e5gon n\u00e4rst\u00e5ende (f\u00f6r\u00e4lder, partner eller annan n\u00e4ra vuxen). 65 % av kvinnorna och 48 % av m\u00e4nnen (bland homo- och bisexuella) [&hellip;]\" \/>\n<meta property=\"og:url\" content=\"https:\/\/blogg.svenskakyrkan.se\/diakonibloggen\/2016\/09\/28\/vem-far-komma-in\/\" \/>\n<meta property=\"og:site_name\" content=\"Diakonibloggen\" \/>\n<meta property=\"article:published_time\" content=\"2016-09-28T20:17:40+00:00\" \/>\n<meta property=\"article:modified_time\" content=\"2020-12-17T15:16:50+00:00\" \/>\n<meta property=\"og:image\" content=\"http:\/\/blogg.svenskakyrkan.se\/diakonibloggen\/files\/2016\/09\/skc3a4rmavbild-2016-09-19-kl-11-12-45.png?w=250\" \/>\n<meta name=\"author\" content=\"diakonibloggen\" \/>\n<meta name=\"twitter:card\" content=\"summary_large_image\" \/>\n<meta name=\"twitter:label1\" content=\"Skriven av\" \/>\n\t<meta name=\"twitter:data1\" content=\"diakonibloggen\" \/>\n\t<meta name=\"twitter:label2\" content=\"Ber\u00e4knad l\u00e4stid\" \/>\n\t<meta name=\"twitter:data2\" content=\"4 minuter\" \/>\n<script type=\"application\/ld+json\" class=\"yoast-schema-graph\">{\"@context\":\"https:\/\/schema.org\",\"@graph\":[{\"@type\":\"Article\",\"@id\":\"https:\/\/blogg.svenskakyrkan.se\/diakonibloggen\/2016\/09\/28\/vem-far-komma-in\/#article\",\"isPartOf\":{\"@id\":\"https:\/\/blogg.svenskakyrkan.se\/diakonibloggen\/2016\/09\/28\/vem-far-komma-in\/\"},\"author\":{\"name\":\"diakonibloggen\",\"@id\":\"https:\/\/blogg.svenskakyrkan.se\/diakonibloggen\/#\/schema\/person\/8f6a6fe8efab23c141c7e274fec6405f\"},\"headline\":\"Vem f\u00e5r komma in?\",\"datePublished\":\"2016-09-28T20:17:40+00:00\",\"dateModified\":\"2020-12-17T15:16:50+00:00\",\"mainEntityOfPage\":{\"@id\":\"https:\/\/blogg.svenskakyrkan.se\/diakonibloggen\/2016\/09\/28\/vem-far-komma-in\/\"},\"wordCount\":863,\"commentCount\":0,\"image\":{\"@id\":\"https:\/\/blogg.svenskakyrkan.se\/diakonibloggen\/2016\/09\/28\/vem-far-komma-in\/#primaryimage\"},\"thumbnailUrl\":\"http:\/\/blogg.svenskakyrkan.se\/diakonibloggen\/files\/2016\/09\/skc3a4rmavbild-2016-09-19-kl-11-12-45.png?w=250\",\"keywords\":[\"cis\",\"hbtq\",\"hbtq-person\",\"psykisk oh\u00e4lsa\"],\"articleSection\":[\"Diakonalt arbete\"],\"inLanguage\":\"sv-SE\",\"potentialAction\":[{\"@type\":\"CommentAction\",\"name\":\"Comment\",\"target\":[\"https:\/\/blogg.svenskakyrkan.se\/diakonibloggen\/2016\/09\/28\/vem-far-komma-in\/#respond\"]}]},{\"@type\":\"WebPage\",\"@id\":\"https:\/\/blogg.svenskakyrkan.se\/diakonibloggen\/2016\/09\/28\/vem-far-komma-in\/\",\"url\":\"https:\/\/blogg.svenskakyrkan.se\/diakonibloggen\/2016\/09\/28\/vem-far-komma-in\/\",\"name\":\"Vem f\u00e5r komma in? - Diakonibloggen\",\"isPartOf\":{\"@id\":\"https:\/\/blogg.svenskakyrkan.se\/diakonibloggen\/#website\"},\"primaryImageOfPage\":{\"@id\":\"https:\/\/blogg.svenskakyrkan.se\/diakonibloggen\/2016\/09\/28\/vem-far-komma-in\/#primaryimage\"},\"image\":{\"@id\":\"https:\/\/blogg.svenskakyrkan.se\/diakonibloggen\/2016\/09\/28\/vem-far-komma-in\/#primaryimage\"},\"thumbnailUrl\":\"http:\/\/blogg.svenskakyrkan.se\/diakonibloggen\/files\/2016\/09\/skc3a4rmavbild-2016-09-19-kl-11-12-45.png?w=250\",\"datePublished\":\"2016-09-28T20:17:40+00:00\",\"dateModified\":\"2020-12-17T15:16:50+00:00\",\"author\":{\"@id\":\"https:\/\/blogg.svenskakyrkan.se\/diakonibloggen\/#\/schema\/person\/8f6a6fe8efab23c141c7e274fec6405f\"},\"breadcrumb\":{\"@id\":\"https:\/\/blogg.svenskakyrkan.se\/diakonibloggen\/2016\/09\/28\/vem-far-komma-in\/#breadcrumb\"},\"inLanguage\":\"sv-SE\",\"potentialAction\":[{\"@type\":\"ReadAction\",\"target\":[\"https:\/\/blogg.svenskakyrkan.se\/diakonibloggen\/2016\/09\/28\/vem-far-komma-in\/\"]}]},{\"@type\":\"ImageObject\",\"inLanguage\":\"sv-SE\",\"@id\":\"https:\/\/blogg.svenskakyrkan.se\/diakonibloggen\/2016\/09\/28\/vem-far-komma-in\/#primaryimage\",\"url\":\"http:\/\/blogg.svenskakyrkan.se\/diakonibloggen\/files\/2016\/09\/skc3a4rmavbild-2016-09-19-kl-11-12-45.png?w=250\",\"contentUrl\":\"http:\/\/blogg.svenskakyrkan.se\/diakonibloggen\/files\/2016\/09\/skc3a4rmavbild-2016-09-19-kl-11-12-45.png?w=250\"},{\"@type\":\"BreadcrumbList\",\"@id\":\"https:\/\/blogg.svenskakyrkan.se\/diakonibloggen\/2016\/09\/28\/vem-far-komma-in\/#breadcrumb\",\"itemListElement\":[{\"@type\":\"ListItem\",\"position\":1,\"name\":\"Hem\",\"item\":\"https:\/\/blogg.svenskakyrkan.se\/diakonibloggen\/\"},{\"@type\":\"ListItem\",\"position\":2,\"name\":\"Vem f\u00e5r komma in?\"}]},{\"@type\":\"WebSite\",\"@id\":\"https:\/\/blogg.svenskakyrkan.se\/diakonibloggen\/#website\",\"url\":\"https:\/\/blogg.svenskakyrkan.se\/diakonibloggen\/\",\"name\":\"Diakonibloggen\",\"description\":\"Vi lyfter fram, hyllar, diskuterar och inspirerar till diakonalt arbete inom och utanf\u00f6r Svenska kyrkans ramar.\",\"potentialAction\":[{\"@type\":\"SearchAction\",\"target\":{\"@type\":\"EntryPoint\",\"urlTemplate\":\"https:\/\/blogg.svenskakyrkan.se\/diakonibloggen\/?s={search_term_string}\"},\"query-input\":{\"@type\":\"PropertyValueSpecification\",\"valueRequired\":true,\"valueName\":\"search_term_string\"}}],\"inLanguage\":\"sv-SE\"},{\"@type\":\"Person\",\"@id\":\"https:\/\/blogg.svenskakyrkan.se\/diakonibloggen\/#\/schema\/person\/8f6a6fe8efab23c141c7e274fec6405f\",\"name\":\"diakonibloggen\",\"image\":{\"@type\":\"ImageObject\",\"inLanguage\":\"sv-SE\",\"@id\":\"https:\/\/blogg.svenskakyrkan.se\/diakonibloggen\/#\/schema\/person\/image\/\",\"url\":\"https:\/\/secure.gravatar.com\/avatar\/95c0ca86fd13e3d8c1b7b7e9864c9a2ccb7b48c6f756a3b5447bcc13dd630488?s=96&d=mm&r=g\",\"contentUrl\":\"https:\/\/secure.gravatar.com\/avatar\/95c0ca86fd13e3d8c1b7b7e9864c9a2ccb7b48c6f756a3b5447bcc13dd630488?s=96&d=mm&r=g\",\"caption\":\"diakonibloggen\"},\"url\":\"https:\/\/blogg.svenskakyrkan.se\/diakonibloggen\/author\/diakonibloggen\/\"}]}<\/script>\n<!-- \/ Yoast SEO plugin. -->","yoast_head_json":{"title":"Vem f\u00e5r komma in? - Diakonibloggen","robots":{"index":"index","follow":"follow","max-snippet":"max-snippet:-1","max-image-preview":"max-image-preview:large","max-video-preview":"max-video-preview:-1"},"canonical":"https:\/\/blogg.svenskakyrkan.se\/diakonibloggen\/2016\/09\/28\/vem-far-komma-in\/","og_locale":"sv_SE","og_type":"article","og_title":"Vem f\u00e5r komma in? - Diakonibloggen","og_description":"&nbsp; 25 % av unga homo- och bisexuella kvinnor uppger att de har f\u00f6rs\u00f6kt ta livet av sig. 19 % av 16-25 \u00e5ringarna i gruppen homo- och bisexuella har utsatts f\u00f6r fysiskt v\u00e5ld av n\u00e5gon n\u00e4rst\u00e5ende (f\u00f6r\u00e4lder, partner eller annan n\u00e4ra vuxen). 65 % av kvinnorna och 48 % av m\u00e4nnen (bland homo- och bisexuella) [&hellip;]","og_url":"https:\/\/blogg.svenskakyrkan.se\/diakonibloggen\/2016\/09\/28\/vem-far-komma-in\/","og_site_name":"Diakonibloggen","article_published_time":"2016-09-28T20:17:40+00:00","article_modified_time":"2020-12-17T15:16:50+00:00","og_image":[{"url":"http:\/\/blogg.svenskakyrkan.se\/diakonibloggen\/files\/2016\/09\/skc3a4rmavbild-2016-09-19-kl-11-12-45.png?w=250","type":"","width":"","height":""}],"author":"diakonibloggen","twitter_card":"summary_large_image","twitter_misc":{"Skriven av":"diakonibloggen","Ber\u00e4knad l\u00e4stid":"4 minuter"},"schema":{"@context":"https:\/\/schema.org","@graph":[{"@type":"Article","@id":"https:\/\/blogg.svenskakyrkan.se\/diakonibloggen\/2016\/09\/28\/vem-far-komma-in\/#article","isPartOf":{"@id":"https:\/\/blogg.svenskakyrkan.se\/diakonibloggen\/2016\/09\/28\/vem-far-komma-in\/"},"author":{"name":"diakonibloggen","@id":"https:\/\/blogg.svenskakyrkan.se\/diakonibloggen\/#\/schema\/person\/8f6a6fe8efab23c141c7e274fec6405f"},"headline":"Vem f\u00e5r komma in?","datePublished":"2016-09-28T20:17:40+00:00","dateModified":"2020-12-17T15:16:50+00:00","mainEntityOfPage":{"@id":"https:\/\/blogg.svenskakyrkan.se\/diakonibloggen\/2016\/09\/28\/vem-far-komma-in\/"},"wordCount":863,"commentCount":0,"image":{"@id":"https:\/\/blogg.svenskakyrkan.se\/diakonibloggen\/2016\/09\/28\/vem-far-komma-in\/#primaryimage"},"thumbnailUrl":"http:\/\/blogg.svenskakyrkan.se\/diakonibloggen\/files\/2016\/09\/skc3a4rmavbild-2016-09-19-kl-11-12-45.png?w=250","keywords":["cis","hbtq","hbtq-person","psykisk oh\u00e4lsa"],"articleSection":["Diakonalt arbete"],"inLanguage":"sv-SE","potentialAction":[{"@type":"CommentAction","name":"Comment","target":["https:\/\/blogg.svenskakyrkan.se\/diakonibloggen\/2016\/09\/28\/vem-far-komma-in\/#respond"]}]},{"@type":"WebPage","@id":"https:\/\/blogg.svenskakyrkan.se\/diakonibloggen\/2016\/09\/28\/vem-far-komma-in\/","url":"https:\/\/blogg.svenskakyrkan.se\/diakonibloggen\/2016\/09\/28\/vem-far-komma-in\/","name":"Vem f\u00e5r komma in? - Diakonibloggen","isPartOf":{"@id":"https:\/\/blogg.svenskakyrkan.se\/diakonibloggen\/#website"},"primaryImageOfPage":{"@id":"https:\/\/blogg.svenskakyrkan.se\/diakonibloggen\/2016\/09\/28\/vem-far-komma-in\/#primaryimage"},"image":{"@id":"https:\/\/blogg.svenskakyrkan.se\/diakonibloggen\/2016\/09\/28\/vem-far-komma-in\/#primaryimage"},"thumbnailUrl":"http:\/\/blogg.svenskakyrkan.se\/diakonibloggen\/files\/2016\/09\/skc3a4rmavbild-2016-09-19-kl-11-12-45.png?w=250","datePublished":"2016-09-28T20:17:40+00:00","dateModified":"2020-12-17T15:16:50+00:00","author":{"@id":"https:\/\/blogg.svenskakyrkan.se\/diakonibloggen\/#\/schema\/person\/8f6a6fe8efab23c141c7e274fec6405f"},"breadcrumb":{"@id":"https:\/\/blogg.svenskakyrkan.se\/diakonibloggen\/2016\/09\/28\/vem-far-komma-in\/#breadcrumb"},"inLanguage":"sv-SE","potentialAction":[{"@type":"ReadAction","target":["https:\/\/blogg.svenskakyrkan.se\/diakonibloggen\/2016\/09\/28\/vem-far-komma-in\/"]}]},{"@type":"ImageObject","inLanguage":"sv-SE","@id":"https:\/\/blogg.svenskakyrkan.se\/diakonibloggen\/2016\/09\/28\/vem-far-komma-in\/#primaryimage","url":"http:\/\/blogg.svenskakyrkan.se\/diakonibloggen\/files\/2016\/09\/skc3a4rmavbild-2016-09-19-kl-11-12-45.png?w=250","contentUrl":"http:\/\/blogg.svenskakyrkan.se\/diakonibloggen\/files\/2016\/09\/skc3a4rmavbild-2016-09-19-kl-11-12-45.png?w=250"},{"@type":"BreadcrumbList","@id":"https:\/\/blogg.svenskakyrkan.se\/diakonibloggen\/2016\/09\/28\/vem-far-komma-in\/#breadcrumb","itemListElement":[{"@type":"ListItem","position":1,"name":"Hem","item":"https:\/\/blogg.svenskakyrkan.se\/diakonibloggen\/"},{"@type":"ListItem","position":2,"name":"Vem f\u00e5r komma in?"}]},{"@type":"WebSite","@id":"https:\/\/blogg.svenskakyrkan.se\/diakonibloggen\/#website","url":"https:\/\/blogg.svenskakyrkan.se\/diakonibloggen\/","name":"Diakonibloggen","description":"Vi lyfter fram, hyllar, diskuterar och inspirerar till diakonalt arbete inom och utanf\u00f6r Svenska kyrkans ramar.","potentialAction":[{"@type":"SearchAction","target":{"@type":"EntryPoint","urlTemplate":"https:\/\/blogg.svenskakyrkan.se\/diakonibloggen\/?s={search_term_string}"},"query-input":{"@type":"PropertyValueSpecification","valueRequired":true,"valueName":"search_term_string"}}],"inLanguage":"sv-SE"},{"@type":"Person","@id":"https:\/\/blogg.svenskakyrkan.se\/diakonibloggen\/#\/schema\/person\/8f6a6fe8efab23c141c7e274fec6405f","name":"diakonibloggen","image":{"@type":"ImageObject","inLanguage":"sv-SE","@id":"https:\/\/blogg.svenskakyrkan.se\/diakonibloggen\/#\/schema\/person\/image\/","url":"https:\/\/secure.gravatar.com\/avatar\/95c0ca86fd13e3d8c1b7b7e9864c9a2ccb7b48c6f756a3b5447bcc13dd630488?s=96&d=mm&r=g","contentUrl":"https:\/\/secure.gravatar.com\/avatar\/95c0ca86fd13e3d8c1b7b7e9864c9a2ccb7b48c6f756a3b5447bcc13dd630488?s=96&d=mm&r=g","caption":"diakonibloggen"},"url":"https:\/\/blogg.svenskakyrkan.se\/diakonibloggen\/author\/diakonibloggen\/"}]}},"author_meta":{"ID":"776","user_nicename":"diakonibloggen","user_registered":"2020-12-17 14:50:06","display_name":"diakonibloggen","avatar":"https:\/\/blogg.svenskakyrkan.se\/diakonibloggen\/files\/2021\/02\/Sk\u00e4rmavbild-2019-04-12-kl.-14.20.54-150x150.png"},"featured_image":false,"bloginfo":{"name":"Diakonibloggen","url":"https:\/\/blogg.svenskakyrkan.se\/diakonibloggen"},"_links":{"self":[{"href":"https:\/\/blogg.svenskakyrkan.se\/diakonibloggen\/wp-json\/wp\/v2\/posts\/5373","targetHints":{"allow":["GET"]}}],"collection":[{"href":"https:\/\/blogg.svenskakyrkan.se\/diakonibloggen\/wp-json\/wp\/v2\/posts"}],"about":[{"href":"https:\/\/blogg.svenskakyrkan.se\/diakonibloggen\/wp-json\/wp\/v2\/types\/post"}],"author":[{"embeddable":true,"href":"https:\/\/blogg.svenskakyrkan.se\/diakonibloggen\/wp-json\/wp\/v2\/users\/776"}],"replies":[{"embeddable":true,"href":"https:\/\/blogg.svenskakyrkan.se\/diakonibloggen\/wp-json\/wp\/v2\/comments?post=5373"}],"version-history":[{"count":1,"href":"https:\/\/blogg.svenskakyrkan.se\/diakonibloggen\/wp-json\/wp\/v2\/posts\/5373\/revisions"}],"predecessor-version":[{"id":8487,"href":"https:\/\/blogg.svenskakyrkan.se\/diakonibloggen\/wp-json\/wp\/v2\/posts\/5373\/revisions\/8487"}],"wp:attachment":[{"href":"https:\/\/blogg.svenskakyrkan.se\/diakonibloggen\/wp-json\/wp\/v2\/media?parent=5373"}],"wp:term":[{"taxonomy":"category","embeddable":true,"href":"https:\/\/blogg.svenskakyrkan.se\/diakonibloggen\/wp-json\/wp\/v2\/categories?post=5373"},{"taxonomy":"post_tag","embeddable":true,"href":"https:\/\/blogg.svenskakyrkan.se\/diakonibloggen\/wp-json\/wp\/v2\/tags?post=5373"}],"curies":[{"name":"wp","href":"https:\/\/api.w.org\/{rel}","templated":true}]}}