{"id":5376,"date":"2016-09-25T18:10:10","date_gmt":"2016-09-25T18:10:10","guid":{"rendered":"http:\/\/diakonibloggen.com\/?p=5376"},"modified":"2020-12-17T15:16:50","modified_gmt":"2020-12-17T15:16:50","slug":"mamma-jag-vill-do-det-blir-inte-sa-jobbigt-da","status":"publish","type":"post","link":"https:\/\/blogg.svenskakyrkan.se\/diakonibloggen\/2016\/09\/25\/mamma-jag-vill-do-det-blir-inte-sa-jobbigt-da\/","title":{"rendered":"\u201dMamma, jag vill d\u00f6, det blir inte s\u00e5 jobbigt d\u00e5&#8230;\u201d"},"content":{"rendered":"<p><em>Vi b\u00f6rjade m\u00e4rka att n\u00e5got inte stod r\u00e4tt till, men hur allvarligt det var, var vi inte beredda p\u00e5.<\/em><\/p>\n<p>H\u00e4r delar tv\u00e5 f\u00f6r\u00e4ldrar med sig av sin ber\u00e4ttelse om att ha ett barn med psykisk oh\u00e4lsa.<\/p>\n<p><em>Under sm\u00e5barns\u00e5ren hade vi en glad tjej f\u00f6r det mesta, med lockigt h\u00e5r och bl\u00e5a \u00f6gon. Hon som lade huvudet p\u00e5 sned n\u00e4r hon s\u00e5g n\u00e5got hon ville ha och tindrade med sina \u00f6gon och alla sm\u00e4lte.<\/em><\/p>\n<p><em><a href=\"http:\/\/diakonibloggen.com\/2016\/09\/25\/mamma-jag-vill-do-det-blir-inte-sa-jobbigt-da\/human-765710_1280\/\" rel=\"attachment wp-att-5394\"><img loading=\"lazy\" decoding=\"async\" class=\"alignleft size-thumbnail wp-image-5394\" src=\"http:\/\/blogg.svenskakyrkan.se\/diakonibloggen\/files\/2016\/09\/human-765710_1280.jpg?w=250\" alt=\"human-765710_1280\" width=\"250\" height=\"132\" srcset=\"https:\/\/blogg.svenskakyrkan.se\/diakonibloggen\/files\/2016\/09\/human-765710_1280.jpg 1280w, https:\/\/blogg.svenskakyrkan.se\/diakonibloggen\/files\/2016\/09\/human-765710_1280-300x158.jpg 300w, https:\/\/blogg.svenskakyrkan.se\/diakonibloggen\/files\/2016\/09\/human-765710_1280-1024x540.jpg 1024w, https:\/\/blogg.svenskakyrkan.se\/diakonibloggen\/files\/2016\/09\/human-765710_1280-768x405.jpg 768w, https:\/\/blogg.svenskakyrkan.se\/diakonibloggen\/files\/2016\/09\/human-765710_1280-1200x633.jpg 1200w\" sizes=\"auto, (max-width: 250px) 100vw, 250px\" \/><\/a>Sedan blev hon \u00e4ldre och kraven \u00f6kade. Framf\u00f6rallt kraven p\u00e5 flexibilitet och att f\u00f6rst\u00e5 skolans v\u00e4rld. Det var d\u00e5 vi f\u00f6rstod att hon inte m\u00e5dde s\u00e5 bra. V\u00e5r glada tjej f\u00f6rvandlades mer och mer till en tjej som ville vara hemma, st\u00e4nga in sig och som s\u00e4llan s\u00e5g glad ut. Ingen typisk tio\u00e5ring. Inget var l\u00e4ngre speciellt roligt och skolan avskydde hon. Vi fick h\u00f6ra att det kanske var en \u201dfas som g\u00e5r \u00f6ver, prepubertet, hon v\u00e4xer nog ifr\u00e5n det, alla mognar olika och det \u00e4r inte l\u00e4tt idag att vara barn\u201d.\u00a0 Det blev m\u00e5nga kv\u00e4llar med tr\u00f6tthet, gr\u00e5t och ilskeutbrott om vartannat. Sedan h\u00e4nde n\u00e5got som fick oss att f\u00f6rst\u00e5 allvaret i hur hon m\u00e5dde. Av en h\u00e4ndelse pratade vi med kuratorn som ber\u00e4ttade att det hade h\u00e4nt en episod i skolan. Hon hade blivit s\u00e5 tr\u00f6tt av att inte kunna hantera omgivningen s\u00e5 hon hade h\u00e4mtat en kniv och g\u00e5tt iv\u00e4g och sagt att \u201ddet \u00e4r b\u00e4ttre jag \u00e4r d\u00f6d, jag vill inte leva l\u00e4ngre\u201d. Skolan hade valt att avvakta n\u00e5gra veckor med att ber\u00e4tta det f\u00f6r oss. Kanske var det en eng\u00e5ngsgrej? Vi pratade med v\u00e5r lilla tjej, vi diskuterade med skolan om st\u00f6d. Men inget hj\u00e4lpte. S\u00e5 kom \u00e5ngest smygande, v\u00e5r tidigare s\u00e5 glada lilla tjej kunde gr\u00e5ta okontrollerat och s\u00e4ga att huvudet exploderade. Hon drog sig i h\u00e5ret s\u00e5 det skulle bli lugnare i huvudet. Hon stoppade metallgem i munnen i skolan, hon blev arg p\u00e5 lektionerna, hon verkligen skrek efter hj\u00e4lp. Ofta uttryckte hon med ord att hon inte ville leva l\u00e4ngre. \u201dMamma, jag vill d\u00f6, det blir inte s\u00e5 jobbigt d\u00e5.\u201d D\u00e5 stod vi d\u00e4r, hj\u00e4lpl\u00f6sa och fr\u00e5gade oss: Hur ska vi r\u00e4cka till?<\/em><\/p>\n<p><em>Vi kontaktade barn- och ungdomsh\u00e4lsan vilket resulterade i f\u00f6rs\u00f6k fr\u00e5n dem att f\u00e5 skolan att f\u00f6rst\u00e5 att det var allvar nu. L\u00e5ngsamt men s\u00e4kert b\u00f6rjade man kartl\u00e4gga skolsituationen. Vad kunde utl\u00f6sa hennes m\u00e5ende? Psykologen och sk\u00f6terskan var tydliga &#8211; inget barn ska beh\u00f6va k\u00e4nna att det \u00e4r b\u00e4ttre att det d\u00f6r \u00e4n lever. Skolan b\u00f6rjade f\u00f6rst\u00e5 att man var tvungen att m\u00f6ta henne efter hennes egna f\u00f6ruts\u00e4ttningar. Man b\u00f6rjade anpassa och bygga upp f\u00f6rtroende f\u00f6r de vuxna i skolan och samtidigt ta hennes tankar och funderingar p\u00e5 allvar. Hennes mentor backade flera steg i undervisningen s\u00e5 att hon skulle f\u00e5 m\u00f6jlighet att lyckas f\u00f6r att p\u00e5 s\u00e5 s\u00e4tt st\u00e4rka hennes sj\u00e4lvk\u00e4nsla. Personalen arbetade mycket f\u00f6r att f\u00e5 det att fungera. Hon b\u00f6rjade kuratorssamtal och parallellt med detta gjordes en utredning i skolan och p\u00e5 BUP. Efterhand blev skolan uth\u00e4rdlig, \u00e5ngesten b\u00f6rjade sl\u00e4ppa och hon b\u00f6rjade f\u00e5 tillbaka lite av sig sj\u00e4lv.<\/em><\/p>\n<p><em>Idag \u00e4r det en sk\u00f6r liten tjej, som har sv\u00e5rt att se det positiva i saker, som drar sig undan och som har sv\u00e5rt med f\u00f6rtroende f\u00f6r skola och vuxenv\u00e4rld. Hon har fortsatt kontakt med BUP, hon har f\u00e5tt m\u00f6jligheten att byta skolform till en skola med mindre undervisningsgrupper och mer resurser vilket hon just nu \u00e4r v\u00e4ldigt glad f\u00f6r. Kanske kan skolan bli n\u00e5got positivt \u00e4ven f\u00f6r v\u00e5r lilla tjej i framtiden med r\u00e4tt st\u00f6d av vuxenv\u00e4rlden. Och kanske kan v\u00e5r ber\u00e4ttelse \u00f6ppna \u00f6gonen f\u00f6r oss vuxna att psykisk oh\u00e4lsa faktiskt inte har n\u00e5gon \u00e5lder. Och att det \u00e4r otroligt viktigt att ta \u00e4ven barns k\u00e4nslor p\u00e5 allvar.<\/em><\/p>\n<p>Henrik &amp; Hanna, stolta f\u00f6r\u00e4ldrar till en tjej som idag gick till nya skolan med ett leende p\u00e5 l\u00e4pparna!<\/p>\n<p>Under september, diakonins m\u00e5nad, \u00e4r temat p\u00e5 diakonibloggen\u00a0barns och ungas psykiska oh\u00e4lsa. L\u00e4s g\u00e4rna g\u00e4stbloggarnas tankar, dela med dig av dina reflektioner via mail till diakoni.se@gmail.com\u00a0eller skriv i en kommentar\u00a0vad du tycker. \/Karin &amp; Lotta<\/p>\n","protected":false},"excerpt":{"rendered":"<p>Vi b\u00f6rjade m\u00e4rka att n\u00e5got inte stod r\u00e4tt till, men hur allvarligt det var, var vi inte beredda p\u00e5. H\u00e4r delar tv\u00e5 f\u00f6r\u00e4ldrar med sig av sin ber\u00e4ttelse om att ha ett barn med psykisk oh\u00e4lsa. Under sm\u00e5barns\u00e5ren hade vi en glad tjej f\u00f6r det mesta, med lockigt h\u00e5r och bl\u00e5a \u00f6gon. Hon som lade [&hellip;]<\/p>\n","protected":false},"author":776,"featured_media":0,"comment_status":"open","ping_status":"open","sticky":false,"template":"","format":"standard","meta":{"_acf_changed":false,"footnotes":""},"categories":[23296],"tags":[23568,24763],"class_list":["post-5376","post","type-post","status-publish","format-standard","hentry","category-barn","tag-barn-med-psykisk-ohalsa","tag-psykisk-ohalsa"],"acf":[],"yoast_head":"<!-- This site is optimized with the Yoast SEO plugin v27.1.1 - https:\/\/yoast.com\/product\/yoast-seo-wordpress\/ -->\n<title>\u201dMamma, jag vill d\u00f6, det blir inte s\u00e5 jobbigt d\u00e5...\u201d - Diakonibloggen<\/title>\n<meta name=\"robots\" content=\"index, follow, max-snippet:-1, max-image-preview:large, max-video-preview:-1\" \/>\n<link rel=\"canonical\" href=\"https:\/\/blogg.svenskakyrkan.se\/diakonibloggen\/2016\/09\/25\/mamma-jag-vill-do-det-blir-inte-sa-jobbigt-da\/\" \/>\n<meta property=\"og:locale\" content=\"sv_SE\" \/>\n<meta property=\"og:type\" content=\"article\" \/>\n<meta property=\"og:title\" content=\"\u201dMamma, jag vill d\u00f6, det blir inte s\u00e5 jobbigt d\u00e5...\u201d - Diakonibloggen\" \/>\n<meta property=\"og:description\" content=\"Vi b\u00f6rjade m\u00e4rka att n\u00e5got inte stod r\u00e4tt till, men hur allvarligt det var, var vi inte beredda p\u00e5. H\u00e4r delar tv\u00e5 f\u00f6r\u00e4ldrar med sig av sin ber\u00e4ttelse om att ha ett barn med psykisk oh\u00e4lsa. Under sm\u00e5barns\u00e5ren hade vi en glad tjej f\u00f6r det mesta, med lockigt h\u00e5r och bl\u00e5a \u00f6gon. Hon som lade [&hellip;]\" \/>\n<meta property=\"og:url\" content=\"https:\/\/blogg.svenskakyrkan.se\/diakonibloggen\/2016\/09\/25\/mamma-jag-vill-do-det-blir-inte-sa-jobbigt-da\/\" \/>\n<meta property=\"og:site_name\" content=\"Diakonibloggen\" \/>\n<meta property=\"article:published_time\" content=\"2016-09-25T18:10:10+00:00\" \/>\n<meta property=\"article:modified_time\" content=\"2020-12-17T15:16:50+00:00\" \/>\n<meta property=\"og:image\" content=\"http:\/\/blogg.svenskakyrkan.se\/diakonibloggen\/files\/2016\/09\/human-765710_1280.jpg?w=250\" \/>\n<meta name=\"author\" content=\"diakonibloggen\" \/>\n<meta name=\"twitter:card\" content=\"summary_large_image\" \/>\n<meta name=\"twitter:label1\" content=\"Skriven av\" \/>\n\t<meta name=\"twitter:data1\" content=\"diakonibloggen\" \/>\n\t<meta name=\"twitter:label2\" content=\"Ber\u00e4knad l\u00e4stid\" \/>\n\t<meta name=\"twitter:data2\" content=\"4 minuter\" \/>\n<script type=\"application\/ld+json\" class=\"yoast-schema-graph\">{\"@context\":\"https:\/\/schema.org\",\"@graph\":[{\"@type\":\"Article\",\"@id\":\"https:\/\/blogg.svenskakyrkan.se\/diakonibloggen\/2016\/09\/25\/mamma-jag-vill-do-det-blir-inte-sa-jobbigt-da\/#article\",\"isPartOf\":{\"@id\":\"https:\/\/blogg.svenskakyrkan.se\/diakonibloggen\/2016\/09\/25\/mamma-jag-vill-do-det-blir-inte-sa-jobbigt-da\/\"},\"author\":{\"name\":\"diakonibloggen\",\"@id\":\"https:\/\/blogg.svenskakyrkan.se\/diakonibloggen\/#\/schema\/person\/8f6a6fe8efab23c141c7e274fec6405f\"},\"headline\":\"\u201dMamma, jag vill d\u00f6, det blir inte s\u00e5 jobbigt d\u00e5&#8230;\u201d\",\"datePublished\":\"2016-09-25T18:10:10+00:00\",\"dateModified\":\"2020-12-17T15:16:50+00:00\",\"mainEntityOfPage\":{\"@id\":\"https:\/\/blogg.svenskakyrkan.se\/diakonibloggen\/2016\/09\/25\/mamma-jag-vill-do-det-blir-inte-sa-jobbigt-da\/\"},\"wordCount\":822,\"commentCount\":2,\"image\":{\"@id\":\"https:\/\/blogg.svenskakyrkan.se\/diakonibloggen\/2016\/09\/25\/mamma-jag-vill-do-det-blir-inte-sa-jobbigt-da\/#primaryimage\"},\"thumbnailUrl\":\"http:\/\/blogg.svenskakyrkan.se\/diakonibloggen\/files\/2016\/09\/human-765710_1280.jpg?w=250\",\"keywords\":[\"barn med psykisk oh\u00e4lsa\",\"psykisk oh\u00e4lsa\"],\"articleSection\":[\"Barn\"],\"inLanguage\":\"sv-SE\",\"potentialAction\":[{\"@type\":\"CommentAction\",\"name\":\"Comment\",\"target\":[\"https:\/\/blogg.svenskakyrkan.se\/diakonibloggen\/2016\/09\/25\/mamma-jag-vill-do-det-blir-inte-sa-jobbigt-da\/#respond\"]}]},{\"@type\":\"WebPage\",\"@id\":\"https:\/\/blogg.svenskakyrkan.se\/diakonibloggen\/2016\/09\/25\/mamma-jag-vill-do-det-blir-inte-sa-jobbigt-da\/\",\"url\":\"https:\/\/blogg.svenskakyrkan.se\/diakonibloggen\/2016\/09\/25\/mamma-jag-vill-do-det-blir-inte-sa-jobbigt-da\/\",\"name\":\"\u201dMamma, jag vill d\u00f6, det blir inte s\u00e5 jobbigt d\u00e5...\u201d - Diakonibloggen\",\"isPartOf\":{\"@id\":\"https:\/\/blogg.svenskakyrkan.se\/diakonibloggen\/#website\"},\"primaryImageOfPage\":{\"@id\":\"https:\/\/blogg.svenskakyrkan.se\/diakonibloggen\/2016\/09\/25\/mamma-jag-vill-do-det-blir-inte-sa-jobbigt-da\/#primaryimage\"},\"image\":{\"@id\":\"https:\/\/blogg.svenskakyrkan.se\/diakonibloggen\/2016\/09\/25\/mamma-jag-vill-do-det-blir-inte-sa-jobbigt-da\/#primaryimage\"},\"thumbnailUrl\":\"http:\/\/blogg.svenskakyrkan.se\/diakonibloggen\/files\/2016\/09\/human-765710_1280.jpg?w=250\",\"datePublished\":\"2016-09-25T18:10:10+00:00\",\"dateModified\":\"2020-12-17T15:16:50+00:00\",\"author\":{\"@id\":\"https:\/\/blogg.svenskakyrkan.se\/diakonibloggen\/#\/schema\/person\/8f6a6fe8efab23c141c7e274fec6405f\"},\"breadcrumb\":{\"@id\":\"https:\/\/blogg.svenskakyrkan.se\/diakonibloggen\/2016\/09\/25\/mamma-jag-vill-do-det-blir-inte-sa-jobbigt-da\/#breadcrumb\"},\"inLanguage\":\"sv-SE\",\"potentialAction\":[{\"@type\":\"ReadAction\",\"target\":[\"https:\/\/blogg.svenskakyrkan.se\/diakonibloggen\/2016\/09\/25\/mamma-jag-vill-do-det-blir-inte-sa-jobbigt-da\/\"]}]},{\"@type\":\"ImageObject\",\"inLanguage\":\"sv-SE\",\"@id\":\"https:\/\/blogg.svenskakyrkan.se\/diakonibloggen\/2016\/09\/25\/mamma-jag-vill-do-det-blir-inte-sa-jobbigt-da\/#primaryimage\",\"url\":\"http:\/\/blogg.svenskakyrkan.se\/diakonibloggen\/files\/2016\/09\/human-765710_1280.jpg?w=250\",\"contentUrl\":\"http:\/\/blogg.svenskakyrkan.se\/diakonibloggen\/files\/2016\/09\/human-765710_1280.jpg?w=250\"},{\"@type\":\"BreadcrumbList\",\"@id\":\"https:\/\/blogg.svenskakyrkan.se\/diakonibloggen\/2016\/09\/25\/mamma-jag-vill-do-det-blir-inte-sa-jobbigt-da\/#breadcrumb\",\"itemListElement\":[{\"@type\":\"ListItem\",\"position\":1,\"name\":\"Hem\",\"item\":\"https:\/\/blogg.svenskakyrkan.se\/diakonibloggen\/\"},{\"@type\":\"ListItem\",\"position\":2,\"name\":\"\u201dMamma, jag vill d\u00f6, det blir inte s\u00e5 jobbigt d\u00e5&#8230;\u201d\"}]},{\"@type\":\"WebSite\",\"@id\":\"https:\/\/blogg.svenskakyrkan.se\/diakonibloggen\/#website\",\"url\":\"https:\/\/blogg.svenskakyrkan.se\/diakonibloggen\/\",\"name\":\"Diakonibloggen\",\"description\":\"Vi lyfter fram, hyllar, diskuterar och inspirerar till diakonalt arbete inom och utanf\u00f6r Svenska kyrkans ramar.\",\"potentialAction\":[{\"@type\":\"SearchAction\",\"target\":{\"@type\":\"EntryPoint\",\"urlTemplate\":\"https:\/\/blogg.svenskakyrkan.se\/diakonibloggen\/?s={search_term_string}\"},\"query-input\":{\"@type\":\"PropertyValueSpecification\",\"valueRequired\":true,\"valueName\":\"search_term_string\"}}],\"inLanguage\":\"sv-SE\"},{\"@type\":\"Person\",\"@id\":\"https:\/\/blogg.svenskakyrkan.se\/diakonibloggen\/#\/schema\/person\/8f6a6fe8efab23c141c7e274fec6405f\",\"name\":\"diakonibloggen\",\"image\":{\"@type\":\"ImageObject\",\"inLanguage\":\"sv-SE\",\"@id\":\"https:\/\/blogg.svenskakyrkan.se\/diakonibloggen\/#\/schema\/person\/image\/\",\"url\":\"https:\/\/secure.gravatar.com\/avatar\/95c0ca86fd13e3d8c1b7b7e9864c9a2ccb7b48c6f756a3b5447bcc13dd630488?s=96&d=mm&r=g\",\"contentUrl\":\"https:\/\/secure.gravatar.com\/avatar\/95c0ca86fd13e3d8c1b7b7e9864c9a2ccb7b48c6f756a3b5447bcc13dd630488?s=96&d=mm&r=g\",\"caption\":\"diakonibloggen\"},\"url\":\"https:\/\/blogg.svenskakyrkan.se\/diakonibloggen\/author\/diakonibloggen\/\"}]}<\/script>\n<!-- \/ Yoast SEO plugin. -->","yoast_head_json":{"title":"\u201dMamma, jag vill d\u00f6, det blir inte s\u00e5 jobbigt d\u00e5...\u201d - Diakonibloggen","robots":{"index":"index","follow":"follow","max-snippet":"max-snippet:-1","max-image-preview":"max-image-preview:large","max-video-preview":"max-video-preview:-1"},"canonical":"https:\/\/blogg.svenskakyrkan.se\/diakonibloggen\/2016\/09\/25\/mamma-jag-vill-do-det-blir-inte-sa-jobbigt-da\/","og_locale":"sv_SE","og_type":"article","og_title":"\u201dMamma, jag vill d\u00f6, det blir inte s\u00e5 jobbigt d\u00e5...\u201d - Diakonibloggen","og_description":"Vi b\u00f6rjade m\u00e4rka att n\u00e5got inte stod r\u00e4tt till, men hur allvarligt det var, var vi inte beredda p\u00e5. H\u00e4r delar tv\u00e5 f\u00f6r\u00e4ldrar med sig av sin ber\u00e4ttelse om att ha ett barn med psykisk oh\u00e4lsa. Under sm\u00e5barns\u00e5ren hade vi en glad tjej f\u00f6r det mesta, med lockigt h\u00e5r och bl\u00e5a \u00f6gon. Hon som lade [&hellip;]","og_url":"https:\/\/blogg.svenskakyrkan.se\/diakonibloggen\/2016\/09\/25\/mamma-jag-vill-do-det-blir-inte-sa-jobbigt-da\/","og_site_name":"Diakonibloggen","article_published_time":"2016-09-25T18:10:10+00:00","article_modified_time":"2020-12-17T15:16:50+00:00","og_image":[{"url":"http:\/\/blogg.svenskakyrkan.se\/diakonibloggen\/files\/2016\/09\/human-765710_1280.jpg?w=250","type":"","width":"","height":""}],"author":"diakonibloggen","twitter_card":"summary_large_image","twitter_misc":{"Skriven av":"diakonibloggen","Ber\u00e4knad l\u00e4stid":"4 minuter"},"schema":{"@context":"https:\/\/schema.org","@graph":[{"@type":"Article","@id":"https:\/\/blogg.svenskakyrkan.se\/diakonibloggen\/2016\/09\/25\/mamma-jag-vill-do-det-blir-inte-sa-jobbigt-da\/#article","isPartOf":{"@id":"https:\/\/blogg.svenskakyrkan.se\/diakonibloggen\/2016\/09\/25\/mamma-jag-vill-do-det-blir-inte-sa-jobbigt-da\/"},"author":{"name":"diakonibloggen","@id":"https:\/\/blogg.svenskakyrkan.se\/diakonibloggen\/#\/schema\/person\/8f6a6fe8efab23c141c7e274fec6405f"},"headline":"\u201dMamma, jag vill d\u00f6, det blir inte s\u00e5 jobbigt d\u00e5&#8230;\u201d","datePublished":"2016-09-25T18:10:10+00:00","dateModified":"2020-12-17T15:16:50+00:00","mainEntityOfPage":{"@id":"https:\/\/blogg.svenskakyrkan.se\/diakonibloggen\/2016\/09\/25\/mamma-jag-vill-do-det-blir-inte-sa-jobbigt-da\/"},"wordCount":822,"commentCount":2,"image":{"@id":"https:\/\/blogg.svenskakyrkan.se\/diakonibloggen\/2016\/09\/25\/mamma-jag-vill-do-det-blir-inte-sa-jobbigt-da\/#primaryimage"},"thumbnailUrl":"http:\/\/blogg.svenskakyrkan.se\/diakonibloggen\/files\/2016\/09\/human-765710_1280.jpg?w=250","keywords":["barn med psykisk oh\u00e4lsa","psykisk oh\u00e4lsa"],"articleSection":["Barn"],"inLanguage":"sv-SE","potentialAction":[{"@type":"CommentAction","name":"Comment","target":["https:\/\/blogg.svenskakyrkan.se\/diakonibloggen\/2016\/09\/25\/mamma-jag-vill-do-det-blir-inte-sa-jobbigt-da\/#respond"]}]},{"@type":"WebPage","@id":"https:\/\/blogg.svenskakyrkan.se\/diakonibloggen\/2016\/09\/25\/mamma-jag-vill-do-det-blir-inte-sa-jobbigt-da\/","url":"https:\/\/blogg.svenskakyrkan.se\/diakonibloggen\/2016\/09\/25\/mamma-jag-vill-do-det-blir-inte-sa-jobbigt-da\/","name":"\u201dMamma, jag vill d\u00f6, det blir inte s\u00e5 jobbigt d\u00e5...\u201d - Diakonibloggen","isPartOf":{"@id":"https:\/\/blogg.svenskakyrkan.se\/diakonibloggen\/#website"},"primaryImageOfPage":{"@id":"https:\/\/blogg.svenskakyrkan.se\/diakonibloggen\/2016\/09\/25\/mamma-jag-vill-do-det-blir-inte-sa-jobbigt-da\/#primaryimage"},"image":{"@id":"https:\/\/blogg.svenskakyrkan.se\/diakonibloggen\/2016\/09\/25\/mamma-jag-vill-do-det-blir-inte-sa-jobbigt-da\/#primaryimage"},"thumbnailUrl":"http:\/\/blogg.svenskakyrkan.se\/diakonibloggen\/files\/2016\/09\/human-765710_1280.jpg?w=250","datePublished":"2016-09-25T18:10:10+00:00","dateModified":"2020-12-17T15:16:50+00:00","author":{"@id":"https:\/\/blogg.svenskakyrkan.se\/diakonibloggen\/#\/schema\/person\/8f6a6fe8efab23c141c7e274fec6405f"},"breadcrumb":{"@id":"https:\/\/blogg.svenskakyrkan.se\/diakonibloggen\/2016\/09\/25\/mamma-jag-vill-do-det-blir-inte-sa-jobbigt-da\/#breadcrumb"},"inLanguage":"sv-SE","potentialAction":[{"@type":"ReadAction","target":["https:\/\/blogg.svenskakyrkan.se\/diakonibloggen\/2016\/09\/25\/mamma-jag-vill-do-det-blir-inte-sa-jobbigt-da\/"]}]},{"@type":"ImageObject","inLanguage":"sv-SE","@id":"https:\/\/blogg.svenskakyrkan.se\/diakonibloggen\/2016\/09\/25\/mamma-jag-vill-do-det-blir-inte-sa-jobbigt-da\/#primaryimage","url":"http:\/\/blogg.svenskakyrkan.se\/diakonibloggen\/files\/2016\/09\/human-765710_1280.jpg?w=250","contentUrl":"http:\/\/blogg.svenskakyrkan.se\/diakonibloggen\/files\/2016\/09\/human-765710_1280.jpg?w=250"},{"@type":"BreadcrumbList","@id":"https:\/\/blogg.svenskakyrkan.se\/diakonibloggen\/2016\/09\/25\/mamma-jag-vill-do-det-blir-inte-sa-jobbigt-da\/#breadcrumb","itemListElement":[{"@type":"ListItem","position":1,"name":"Hem","item":"https:\/\/blogg.svenskakyrkan.se\/diakonibloggen\/"},{"@type":"ListItem","position":2,"name":"\u201dMamma, jag vill d\u00f6, det blir inte s\u00e5 jobbigt d\u00e5&#8230;\u201d"}]},{"@type":"WebSite","@id":"https:\/\/blogg.svenskakyrkan.se\/diakonibloggen\/#website","url":"https:\/\/blogg.svenskakyrkan.se\/diakonibloggen\/","name":"Diakonibloggen","description":"Vi lyfter fram, hyllar, diskuterar och inspirerar till diakonalt arbete inom och utanf\u00f6r Svenska kyrkans ramar.","potentialAction":[{"@type":"SearchAction","target":{"@type":"EntryPoint","urlTemplate":"https:\/\/blogg.svenskakyrkan.se\/diakonibloggen\/?s={search_term_string}"},"query-input":{"@type":"PropertyValueSpecification","valueRequired":true,"valueName":"search_term_string"}}],"inLanguage":"sv-SE"},{"@type":"Person","@id":"https:\/\/blogg.svenskakyrkan.se\/diakonibloggen\/#\/schema\/person\/8f6a6fe8efab23c141c7e274fec6405f","name":"diakonibloggen","image":{"@type":"ImageObject","inLanguage":"sv-SE","@id":"https:\/\/blogg.svenskakyrkan.se\/diakonibloggen\/#\/schema\/person\/image\/","url":"https:\/\/secure.gravatar.com\/avatar\/95c0ca86fd13e3d8c1b7b7e9864c9a2ccb7b48c6f756a3b5447bcc13dd630488?s=96&d=mm&r=g","contentUrl":"https:\/\/secure.gravatar.com\/avatar\/95c0ca86fd13e3d8c1b7b7e9864c9a2ccb7b48c6f756a3b5447bcc13dd630488?s=96&d=mm&r=g","caption":"diakonibloggen"},"url":"https:\/\/blogg.svenskakyrkan.se\/diakonibloggen\/author\/diakonibloggen\/"}]}},"author_meta":{"ID":"776","user_nicename":"diakonibloggen","user_registered":"2020-12-17 14:50:06","display_name":"diakonibloggen","avatar":"https:\/\/blogg.svenskakyrkan.se\/diakonibloggen\/files\/2021\/02\/Sk\u00e4rmavbild-2019-04-12-kl.-14.20.54-150x150.png"},"featured_image":false,"bloginfo":{"name":"Diakonibloggen","url":"https:\/\/blogg.svenskakyrkan.se\/diakonibloggen"},"_links":{"self":[{"href":"https:\/\/blogg.svenskakyrkan.se\/diakonibloggen\/wp-json\/wp\/v2\/posts\/5376","targetHints":{"allow":["GET"]}}],"collection":[{"href":"https:\/\/blogg.svenskakyrkan.se\/diakonibloggen\/wp-json\/wp\/v2\/posts"}],"about":[{"href":"https:\/\/blogg.svenskakyrkan.se\/diakonibloggen\/wp-json\/wp\/v2\/types\/post"}],"author":[{"embeddable":true,"href":"https:\/\/blogg.svenskakyrkan.se\/diakonibloggen\/wp-json\/wp\/v2\/users\/776"}],"replies":[{"embeddable":true,"href":"https:\/\/blogg.svenskakyrkan.se\/diakonibloggen\/wp-json\/wp\/v2\/comments?post=5376"}],"version-history":[{"count":1,"href":"https:\/\/blogg.svenskakyrkan.se\/diakonibloggen\/wp-json\/wp\/v2\/posts\/5376\/revisions"}],"predecessor-version":[{"id":8488,"href":"https:\/\/blogg.svenskakyrkan.se\/diakonibloggen\/wp-json\/wp\/v2\/posts\/5376\/revisions\/8488"}],"wp:attachment":[{"href":"https:\/\/blogg.svenskakyrkan.se\/diakonibloggen\/wp-json\/wp\/v2\/media?parent=5376"}],"wp:term":[{"taxonomy":"category","embeddable":true,"href":"https:\/\/blogg.svenskakyrkan.se\/diakonibloggen\/wp-json\/wp\/v2\/categories?post=5376"},{"taxonomy":"post_tag","embeddable":true,"href":"https:\/\/blogg.svenskakyrkan.se\/diakonibloggen\/wp-json\/wp\/v2\/tags?post=5376"}],"curies":[{"name":"wp","href":"https:\/\/api.w.org\/{rel}","templated":true}]}}