{"id":5523,"date":"2017-01-13T09:10:07","date_gmt":"2017-01-13T09:10:07","guid":{"rendered":"http:\/\/diakonibloggen.com\/?p=5523"},"modified":"2020-12-17T15:16:40","modified_gmt":"2020-12-17T15:16:40","slug":"folj-med-karin-blivande-diakon-del-2","status":"publish","type":"post","link":"https:\/\/blogg.svenskakyrkan.se\/diakonibloggen\/2017\/01\/13\/folj-med-karin-blivande-diakon-del-2\/","title":{"rendered":"F\u00f6lj med Karin &#8211; blivande diakon, del 2"},"content":{"rendered":"<p><a href=\"http:\/\/diakonibloggen.com\/2017\/01\/13\/folj-med-karin-blivande-diakon-del-2\/img_1354\/\" rel=\"attachment wp-att-5524\"><img loading=\"lazy\" decoding=\"async\" class=\"alignleft size-thumbnail wp-image-5524\" src=\"http:\/\/blogg.svenskakyrkan.se\/diakonibloggen\/files\/2017\/01\/img_1354.jpg?w=250\" alt=\"img_1354\" width=\"250\" height=\"188\" \/><\/a>F\u00f6r mer \u00e4n 20 \u00e5r sedan m\u00f6ttes jag och Karin f\u00f6r f\u00f6rsta g\u00e5ngen &#8211; det var i G\u00f6teborg och vi var 20 ungdomar som skulle g\u00f6ra &#8221;diakonala \u00e5ret&#8221; &#8211; ett \u00e5r som frivillig inom Svenska kyrkan. Jag hamnade p\u00e5 Stadsmissionen och det \u00a0var ett \u00e5r som visade sig bli avg\u00f6rande f\u00f6r mitt framtida yrkesval. D\u00e4r m\u00f6tte jag flera diakoner som arbetade med m\u00e4nniskor i utsatthet\/missbruksproblematik.<\/p>\n<p>Karin Pil\u00e4ng hamnade p\u00e5 Svenska kyrkans unga och d\u00e4r hon arbetade under det diakonala \u00e5ret. Karins fortsatta v\u00e4g var att l\u00e4sa till h\u00e4lsopedagog och hon har d\u00e4refter arbetat p\u00e5\u00a0MG Mangement som coach och ledarskapsutvecklare och som\u00a0Staff manager i it-branchen . D\u00e4refter har hon haft flera olika ledarroller inom \u00e4ldreomsorgen.<\/p>\n<p>Idag, 20 \u00e5r senare, \u00e4r Karin tillbaka i skolb\u00e4nken f\u00f6r att \u00e4ven hon l\u00e4sa till diakon &#8211; hon ber\u00e4ttade om detta <a href=\"http:\/\/diakonibloggen.com\/2016\/11\/09\/folj-med-karin-blivande-diakon\/\">i ett tidigare inl\u00e4gg. <\/a>V\u00e5ra v\u00e4gar m\u00f6ts nu \u00e4ven yrkesm\u00e4ssigt och jag \u00e4r v\u00e4ldigt glad att f\u00e5 f\u00f6lja henne under utbildning. Svenska kyrkan har f\u00f6r inte s\u00e5 l\u00e4nge sedan\u00a0gjort f\u00f6r\u00e4ndringar\u00a0betr\u00e4ffande\u00a0det sista utbildnings\u00e5ret och du kan idag bara l\u00e4sa till diakon i Uppsala och i Lund. Karin ber\u00e4ttar att de \u00e4mnen som de l\u00e4ser under \u00e5ret \u00e4r f\u00f6ljande:\u00a0diakoni,\u00a0m\u00e4nniskans livsvillkor &#8211;\u00a0tex missbruk och hbtq,\u00a0sj\u00e4lav\u00e5rd,\u00a0teologi,\u00a0gudstj\u00e4nst och andakt,\u00a0diakonala metoder,\u00a0ekumenik och religionsm\u00f6te\u00a0samt\u00a0pedagogik i diakonalt arbete. Sj\u00e4lv tycker jag det l\u00e5ter relativt likt den utbildning jag gick p\u00e5 Br\u00e4cke 2004\/2205. Karin ber\u00e4ttar vidare, vilket skiljer sig fr\u00e5n tidigare utbildningar, att de arbetar tillsammans i gudstj\u00e4nstgrupper f\u00f6r att samverka. I grupperna finns olika professioner samlade och de ansvarar f\u00f6r en vecka var n\u00e4r det g\u00e4ller\u00a0dagliga morgonb\u00f6ner och middagsb\u00f6ner. De har \u00e4ven vissa gemensamma lektioner. M\u00e5let med detta \u00e4r att du redan innan du som student kommer ut i arbetslivet ska tr\u00e4nas i att arbeta i grupp &#8211; n\u00e5got som Karin betonar n\u00e4r jag fr\u00e5gar kring framtiden. N\u00e4r jag st\u00e4ller fr\u00e5gan: &#8221;Vad \u00e4r en diakon? Vilken bild b\u00e4r du med dig under utbildningen?&#8221; s\u00e5 svarar Karin\u00a0\u2013 &#8221;Att vara en del i ett arbetslag som \u00e4r kyrkan i det samh\u00e4llet d\u00e4r kyrkan verkar.&#8221;<\/p>\n<p>Om denna bilden forts\u00e4tter att b\u00e4ra Karin genom studierna f\u00e5r vi h\u00e4r p\u00e5 bloggen f\u00f6lja vidare. H\u00f6sten 2017 vigs hon i G\u00f6teborgs domkyrka och innan dess kommer vi att f\u00e5 m\u00f6ta henne igen &#8211; d\u00e5 ytterligare en bit in p\u00e5 utbildningen.<\/p>\n<p>Karin p\u00e5 diakonibloggen<\/p>\n<p>&nbsp;<\/p>\n<p>&nbsp;<\/p>\n<p>&nbsp;<\/p>\n<p>&nbsp;<\/p>\n","protected":false},"excerpt":{"rendered":"<p>F\u00f6r mer \u00e4n 20 \u00e5r sedan m\u00f6ttes jag och Karin f\u00f6r f\u00f6rsta g\u00e5ngen &#8211; det var i G\u00f6teborg och vi var 20 ungdomar som skulle g\u00f6ra &#8221;diakonala \u00e5ret&#8221; &#8211; ett \u00e5r som frivillig inom Svenska kyrkan. Jag hamnade p\u00e5 Stadsmissionen och det \u00a0var ett \u00e5r som visade sig bli avg\u00f6rande f\u00f6r mitt framtida yrkesval. D\u00e4r [&hellip;]<\/p>\n","protected":false},"author":776,"featured_media":0,"comment_status":"open","ping_status":"open","sticky":false,"template":"","format":"standard","meta":{"_acf_changed":false,"footnotes":""},"categories":[23301,23303,23311],"tags":[23757,23760,23796,24492],"class_list":["post-5523","post","type-post","status-publish","format-standard","hentry","category-diakonalt-arbete","category-diakoni-men-hur","category-framtid","tag-diakon","tag-diakonala-aret","tag-diakonkandidat","tag-lund-diakonutbildning"],"acf":[],"yoast_head":"<!-- This site is optimized with the Yoast SEO plugin v27.1.1 - https:\/\/yoast.com\/product\/yoast-seo-wordpress\/ -->\n<title>F\u00f6lj med Karin - blivande diakon, del 2 - Diakonibloggen<\/title>\n<meta name=\"robots\" content=\"index, follow, max-snippet:-1, max-image-preview:large, max-video-preview:-1\" \/>\n<link rel=\"canonical\" href=\"https:\/\/blogg.svenskakyrkan.se\/diakonibloggen\/2017\/01\/13\/folj-med-karin-blivande-diakon-del-2\/\" \/>\n<meta property=\"og:locale\" content=\"sv_SE\" \/>\n<meta property=\"og:type\" content=\"article\" \/>\n<meta property=\"og:title\" content=\"F\u00f6lj med Karin - blivande diakon, del 2 - Diakonibloggen\" \/>\n<meta property=\"og:description\" content=\"F\u00f6r mer \u00e4n 20 \u00e5r sedan m\u00f6ttes jag och Karin f\u00f6r f\u00f6rsta g\u00e5ngen &#8211; det var i G\u00f6teborg och vi var 20 ungdomar som skulle g\u00f6ra &#8221;diakonala \u00e5ret&#8221; &#8211; ett \u00e5r som frivillig inom Svenska kyrkan. Jag hamnade p\u00e5 Stadsmissionen och det \u00a0var ett \u00e5r som visade sig bli avg\u00f6rande f\u00f6r mitt framtida yrkesval. D\u00e4r [&hellip;]\" \/>\n<meta property=\"og:url\" content=\"https:\/\/blogg.svenskakyrkan.se\/diakonibloggen\/2017\/01\/13\/folj-med-karin-blivande-diakon-del-2\/\" \/>\n<meta property=\"og:site_name\" content=\"Diakonibloggen\" \/>\n<meta property=\"article:published_time\" content=\"2017-01-13T09:10:07+00:00\" \/>\n<meta property=\"article:modified_time\" content=\"2020-12-17T15:16:40+00:00\" \/>\n<meta property=\"og:image\" content=\"http:\/\/blogg.svenskakyrkan.se\/diakonibloggen\/files\/2017\/01\/img_1354.jpg?w=250\" \/>\n<meta name=\"author\" content=\"diakonibloggen\" \/>\n<meta name=\"twitter:card\" content=\"summary_large_image\" \/>\n<meta name=\"twitter:label1\" content=\"Skriven av\" \/>\n\t<meta name=\"twitter:data1\" content=\"diakonibloggen\" \/>\n\t<meta name=\"twitter:label2\" content=\"Ber\u00e4knad l\u00e4stid\" \/>\n\t<meta name=\"twitter:data2\" content=\"2 minuter\" \/>\n<script type=\"application\/ld+json\" class=\"yoast-schema-graph\">{\"@context\":\"https:\/\/schema.org\",\"@graph\":[{\"@type\":\"Article\",\"@id\":\"https:\/\/blogg.svenskakyrkan.se\/diakonibloggen\/2017\/01\/13\/folj-med-karin-blivande-diakon-del-2\/#article\",\"isPartOf\":{\"@id\":\"https:\/\/blogg.svenskakyrkan.se\/diakonibloggen\/2017\/01\/13\/folj-med-karin-blivande-diakon-del-2\/\"},\"author\":{\"name\":\"diakonibloggen\",\"@id\":\"https:\/\/blogg.svenskakyrkan.se\/diakonibloggen\/#\/schema\/person\/8f6a6fe8efab23c141c7e274fec6405f\"},\"headline\":\"F\u00f6lj med Karin &#8211; blivande diakon, del 2\",\"datePublished\":\"2017-01-13T09:10:07+00:00\",\"dateModified\":\"2020-12-17T15:16:40+00:00\",\"mainEntityOfPage\":{\"@id\":\"https:\/\/blogg.svenskakyrkan.se\/diakonibloggen\/2017\/01\/13\/folj-med-karin-blivande-diakon-del-2\/\"},\"wordCount\":472,\"commentCount\":0,\"image\":{\"@id\":\"https:\/\/blogg.svenskakyrkan.se\/diakonibloggen\/2017\/01\/13\/folj-med-karin-blivande-diakon-del-2\/#primaryimage\"},\"thumbnailUrl\":\"http:\/\/blogg.svenskakyrkan.se\/diakonibloggen\/files\/2017\/01\/img_1354.jpg?w=250\",\"keywords\":[\"diakon\",\"diakonala \u00e5ret\",\"diakonkandidat\",\"Lund diakonutbildning\"],\"articleSection\":[\"Diakonalt arbete\",\"Diakoni - men hur?\",\"framtid\"],\"inLanguage\":\"sv-SE\",\"potentialAction\":[{\"@type\":\"CommentAction\",\"name\":\"Comment\",\"target\":[\"https:\/\/blogg.svenskakyrkan.se\/diakonibloggen\/2017\/01\/13\/folj-med-karin-blivande-diakon-del-2\/#respond\"]}]},{\"@type\":\"WebPage\",\"@id\":\"https:\/\/blogg.svenskakyrkan.se\/diakonibloggen\/2017\/01\/13\/folj-med-karin-blivande-diakon-del-2\/\",\"url\":\"https:\/\/blogg.svenskakyrkan.se\/diakonibloggen\/2017\/01\/13\/folj-med-karin-blivande-diakon-del-2\/\",\"name\":\"F\u00f6lj med Karin - blivande diakon, del 2 - Diakonibloggen\",\"isPartOf\":{\"@id\":\"https:\/\/blogg.svenskakyrkan.se\/diakonibloggen\/#website\"},\"primaryImageOfPage\":{\"@id\":\"https:\/\/blogg.svenskakyrkan.se\/diakonibloggen\/2017\/01\/13\/folj-med-karin-blivande-diakon-del-2\/#primaryimage\"},\"image\":{\"@id\":\"https:\/\/blogg.svenskakyrkan.se\/diakonibloggen\/2017\/01\/13\/folj-med-karin-blivande-diakon-del-2\/#primaryimage\"},\"thumbnailUrl\":\"http:\/\/blogg.svenskakyrkan.se\/diakonibloggen\/files\/2017\/01\/img_1354.jpg?w=250\",\"datePublished\":\"2017-01-13T09:10:07+00:00\",\"dateModified\":\"2020-12-17T15:16:40+00:00\",\"author\":{\"@id\":\"https:\/\/blogg.svenskakyrkan.se\/diakonibloggen\/#\/schema\/person\/8f6a6fe8efab23c141c7e274fec6405f\"},\"breadcrumb\":{\"@id\":\"https:\/\/blogg.svenskakyrkan.se\/diakonibloggen\/2017\/01\/13\/folj-med-karin-blivande-diakon-del-2\/#breadcrumb\"},\"inLanguage\":\"sv-SE\",\"potentialAction\":[{\"@type\":\"ReadAction\",\"target\":[\"https:\/\/blogg.svenskakyrkan.se\/diakonibloggen\/2017\/01\/13\/folj-med-karin-blivande-diakon-del-2\/\"]}]},{\"@type\":\"ImageObject\",\"inLanguage\":\"sv-SE\",\"@id\":\"https:\/\/blogg.svenskakyrkan.se\/diakonibloggen\/2017\/01\/13\/folj-med-karin-blivande-diakon-del-2\/#primaryimage\",\"url\":\"http:\/\/blogg.svenskakyrkan.se\/diakonibloggen\/files\/2017\/01\/img_1354.jpg?w=250\",\"contentUrl\":\"http:\/\/blogg.svenskakyrkan.se\/diakonibloggen\/files\/2017\/01\/img_1354.jpg?w=250\"},{\"@type\":\"BreadcrumbList\",\"@id\":\"https:\/\/blogg.svenskakyrkan.se\/diakonibloggen\/2017\/01\/13\/folj-med-karin-blivande-diakon-del-2\/#breadcrumb\",\"itemListElement\":[{\"@type\":\"ListItem\",\"position\":1,\"name\":\"Hem\",\"item\":\"https:\/\/blogg.svenskakyrkan.se\/diakonibloggen\/\"},{\"@type\":\"ListItem\",\"position\":2,\"name\":\"F\u00f6lj med Karin &#8211; blivande diakon, del 2\"}]},{\"@type\":\"WebSite\",\"@id\":\"https:\/\/blogg.svenskakyrkan.se\/diakonibloggen\/#website\",\"url\":\"https:\/\/blogg.svenskakyrkan.se\/diakonibloggen\/\",\"name\":\"Diakonibloggen\",\"description\":\"Vi lyfter fram, hyllar, diskuterar och inspirerar till diakonalt arbete inom och utanf\u00f6r Svenska kyrkans ramar.\",\"potentialAction\":[{\"@type\":\"SearchAction\",\"target\":{\"@type\":\"EntryPoint\",\"urlTemplate\":\"https:\/\/blogg.svenskakyrkan.se\/diakonibloggen\/?s={search_term_string}\"},\"query-input\":{\"@type\":\"PropertyValueSpecification\",\"valueRequired\":true,\"valueName\":\"search_term_string\"}}],\"inLanguage\":\"sv-SE\"},{\"@type\":\"Person\",\"@id\":\"https:\/\/blogg.svenskakyrkan.se\/diakonibloggen\/#\/schema\/person\/8f6a6fe8efab23c141c7e274fec6405f\",\"name\":\"diakonibloggen\",\"image\":{\"@type\":\"ImageObject\",\"inLanguage\":\"sv-SE\",\"@id\":\"https:\/\/blogg.svenskakyrkan.se\/diakonibloggen\/#\/schema\/person\/image\/\",\"url\":\"https:\/\/secure.gravatar.com\/avatar\/95c0ca86fd13e3d8c1b7b7e9864c9a2ccb7b48c6f756a3b5447bcc13dd630488?s=96&d=mm&r=g\",\"contentUrl\":\"https:\/\/secure.gravatar.com\/avatar\/95c0ca86fd13e3d8c1b7b7e9864c9a2ccb7b48c6f756a3b5447bcc13dd630488?s=96&d=mm&r=g\",\"caption\":\"diakonibloggen\"},\"url\":\"https:\/\/blogg.svenskakyrkan.se\/diakonibloggen\/author\/diakonibloggen\/\"}]}<\/script>\n<!-- \/ Yoast SEO plugin. -->","yoast_head_json":{"title":"F\u00f6lj med Karin - blivande diakon, del 2 - Diakonibloggen","robots":{"index":"index","follow":"follow","max-snippet":"max-snippet:-1","max-image-preview":"max-image-preview:large","max-video-preview":"max-video-preview:-1"},"canonical":"https:\/\/blogg.svenskakyrkan.se\/diakonibloggen\/2017\/01\/13\/folj-med-karin-blivande-diakon-del-2\/","og_locale":"sv_SE","og_type":"article","og_title":"F\u00f6lj med Karin - blivande diakon, del 2 - Diakonibloggen","og_description":"F\u00f6r mer \u00e4n 20 \u00e5r sedan m\u00f6ttes jag och Karin f\u00f6r f\u00f6rsta g\u00e5ngen &#8211; det var i G\u00f6teborg och vi var 20 ungdomar som skulle g\u00f6ra &#8221;diakonala \u00e5ret&#8221; &#8211; ett \u00e5r som frivillig inom Svenska kyrkan. Jag hamnade p\u00e5 Stadsmissionen och det \u00a0var ett \u00e5r som visade sig bli avg\u00f6rande f\u00f6r mitt framtida yrkesval. D\u00e4r [&hellip;]","og_url":"https:\/\/blogg.svenskakyrkan.se\/diakonibloggen\/2017\/01\/13\/folj-med-karin-blivande-diakon-del-2\/","og_site_name":"Diakonibloggen","article_published_time":"2017-01-13T09:10:07+00:00","article_modified_time":"2020-12-17T15:16:40+00:00","og_image":[{"url":"http:\/\/blogg.svenskakyrkan.se\/diakonibloggen\/files\/2017\/01\/img_1354.jpg?w=250","type":"","width":"","height":""}],"author":"diakonibloggen","twitter_card":"summary_large_image","twitter_misc":{"Skriven av":"diakonibloggen","Ber\u00e4knad l\u00e4stid":"2 minuter"},"schema":{"@context":"https:\/\/schema.org","@graph":[{"@type":"Article","@id":"https:\/\/blogg.svenskakyrkan.se\/diakonibloggen\/2017\/01\/13\/folj-med-karin-blivande-diakon-del-2\/#article","isPartOf":{"@id":"https:\/\/blogg.svenskakyrkan.se\/diakonibloggen\/2017\/01\/13\/folj-med-karin-blivande-diakon-del-2\/"},"author":{"name":"diakonibloggen","@id":"https:\/\/blogg.svenskakyrkan.se\/diakonibloggen\/#\/schema\/person\/8f6a6fe8efab23c141c7e274fec6405f"},"headline":"F\u00f6lj med Karin &#8211; blivande diakon, del 2","datePublished":"2017-01-13T09:10:07+00:00","dateModified":"2020-12-17T15:16:40+00:00","mainEntityOfPage":{"@id":"https:\/\/blogg.svenskakyrkan.se\/diakonibloggen\/2017\/01\/13\/folj-med-karin-blivande-diakon-del-2\/"},"wordCount":472,"commentCount":0,"image":{"@id":"https:\/\/blogg.svenskakyrkan.se\/diakonibloggen\/2017\/01\/13\/folj-med-karin-blivande-diakon-del-2\/#primaryimage"},"thumbnailUrl":"http:\/\/blogg.svenskakyrkan.se\/diakonibloggen\/files\/2017\/01\/img_1354.jpg?w=250","keywords":["diakon","diakonala \u00e5ret","diakonkandidat","Lund diakonutbildning"],"articleSection":["Diakonalt arbete","Diakoni - men hur?","framtid"],"inLanguage":"sv-SE","potentialAction":[{"@type":"CommentAction","name":"Comment","target":["https:\/\/blogg.svenskakyrkan.se\/diakonibloggen\/2017\/01\/13\/folj-med-karin-blivande-diakon-del-2\/#respond"]}]},{"@type":"WebPage","@id":"https:\/\/blogg.svenskakyrkan.se\/diakonibloggen\/2017\/01\/13\/folj-med-karin-blivande-diakon-del-2\/","url":"https:\/\/blogg.svenskakyrkan.se\/diakonibloggen\/2017\/01\/13\/folj-med-karin-blivande-diakon-del-2\/","name":"F\u00f6lj med Karin - blivande diakon, del 2 - Diakonibloggen","isPartOf":{"@id":"https:\/\/blogg.svenskakyrkan.se\/diakonibloggen\/#website"},"primaryImageOfPage":{"@id":"https:\/\/blogg.svenskakyrkan.se\/diakonibloggen\/2017\/01\/13\/folj-med-karin-blivande-diakon-del-2\/#primaryimage"},"image":{"@id":"https:\/\/blogg.svenskakyrkan.se\/diakonibloggen\/2017\/01\/13\/folj-med-karin-blivande-diakon-del-2\/#primaryimage"},"thumbnailUrl":"http:\/\/blogg.svenskakyrkan.se\/diakonibloggen\/files\/2017\/01\/img_1354.jpg?w=250","datePublished":"2017-01-13T09:10:07+00:00","dateModified":"2020-12-17T15:16:40+00:00","author":{"@id":"https:\/\/blogg.svenskakyrkan.se\/diakonibloggen\/#\/schema\/person\/8f6a6fe8efab23c141c7e274fec6405f"},"breadcrumb":{"@id":"https:\/\/blogg.svenskakyrkan.se\/diakonibloggen\/2017\/01\/13\/folj-med-karin-blivande-diakon-del-2\/#breadcrumb"},"inLanguage":"sv-SE","potentialAction":[{"@type":"ReadAction","target":["https:\/\/blogg.svenskakyrkan.se\/diakonibloggen\/2017\/01\/13\/folj-med-karin-blivande-diakon-del-2\/"]}]},{"@type":"ImageObject","inLanguage":"sv-SE","@id":"https:\/\/blogg.svenskakyrkan.se\/diakonibloggen\/2017\/01\/13\/folj-med-karin-blivande-diakon-del-2\/#primaryimage","url":"http:\/\/blogg.svenskakyrkan.se\/diakonibloggen\/files\/2017\/01\/img_1354.jpg?w=250","contentUrl":"http:\/\/blogg.svenskakyrkan.se\/diakonibloggen\/files\/2017\/01\/img_1354.jpg?w=250"},{"@type":"BreadcrumbList","@id":"https:\/\/blogg.svenskakyrkan.se\/diakonibloggen\/2017\/01\/13\/folj-med-karin-blivande-diakon-del-2\/#breadcrumb","itemListElement":[{"@type":"ListItem","position":1,"name":"Hem","item":"https:\/\/blogg.svenskakyrkan.se\/diakonibloggen\/"},{"@type":"ListItem","position":2,"name":"F\u00f6lj med Karin &#8211; blivande diakon, del 2"}]},{"@type":"WebSite","@id":"https:\/\/blogg.svenskakyrkan.se\/diakonibloggen\/#website","url":"https:\/\/blogg.svenskakyrkan.se\/diakonibloggen\/","name":"Diakonibloggen","description":"Vi lyfter fram, hyllar, diskuterar och inspirerar till diakonalt arbete inom och utanf\u00f6r Svenska kyrkans ramar.","potentialAction":[{"@type":"SearchAction","target":{"@type":"EntryPoint","urlTemplate":"https:\/\/blogg.svenskakyrkan.se\/diakonibloggen\/?s={search_term_string}"},"query-input":{"@type":"PropertyValueSpecification","valueRequired":true,"valueName":"search_term_string"}}],"inLanguage":"sv-SE"},{"@type":"Person","@id":"https:\/\/blogg.svenskakyrkan.se\/diakonibloggen\/#\/schema\/person\/8f6a6fe8efab23c141c7e274fec6405f","name":"diakonibloggen","image":{"@type":"ImageObject","inLanguage":"sv-SE","@id":"https:\/\/blogg.svenskakyrkan.se\/diakonibloggen\/#\/schema\/person\/image\/","url":"https:\/\/secure.gravatar.com\/avatar\/95c0ca86fd13e3d8c1b7b7e9864c9a2ccb7b48c6f756a3b5447bcc13dd630488?s=96&d=mm&r=g","contentUrl":"https:\/\/secure.gravatar.com\/avatar\/95c0ca86fd13e3d8c1b7b7e9864c9a2ccb7b48c6f756a3b5447bcc13dd630488?s=96&d=mm&r=g","caption":"diakonibloggen"},"url":"https:\/\/blogg.svenskakyrkan.se\/diakonibloggen\/author\/diakonibloggen\/"}]}},"author_meta":{"ID":"776","user_nicename":"diakonibloggen","user_registered":"2020-12-17 14:50:06","display_name":"diakonibloggen","avatar":"https:\/\/blogg.svenskakyrkan.se\/diakonibloggen\/files\/2021\/02\/Sk\u00e4rmavbild-2019-04-12-kl.-14.20.54-150x150.png"},"featured_image":false,"bloginfo":{"name":"Diakonibloggen","url":"https:\/\/blogg.svenskakyrkan.se\/diakonibloggen"},"_links":{"self":[{"href":"https:\/\/blogg.svenskakyrkan.se\/diakonibloggen\/wp-json\/wp\/v2\/posts\/5523","targetHints":{"allow":["GET"]}}],"collection":[{"href":"https:\/\/blogg.svenskakyrkan.se\/diakonibloggen\/wp-json\/wp\/v2\/posts"}],"about":[{"href":"https:\/\/blogg.svenskakyrkan.se\/diakonibloggen\/wp-json\/wp\/v2\/types\/post"}],"author":[{"embeddable":true,"href":"https:\/\/blogg.svenskakyrkan.se\/diakonibloggen\/wp-json\/wp\/v2\/users\/776"}],"replies":[{"embeddable":true,"href":"https:\/\/blogg.svenskakyrkan.se\/diakonibloggen\/wp-json\/wp\/v2\/comments?post=5523"}],"version-history":[{"count":1,"href":"https:\/\/blogg.svenskakyrkan.se\/diakonibloggen\/wp-json\/wp\/v2\/posts\/5523\/revisions"}],"predecessor-version":[{"id":8465,"href":"https:\/\/blogg.svenskakyrkan.se\/diakonibloggen\/wp-json\/wp\/v2\/posts\/5523\/revisions\/8465"}],"wp:attachment":[{"href":"https:\/\/blogg.svenskakyrkan.se\/diakonibloggen\/wp-json\/wp\/v2\/media?parent=5523"}],"wp:term":[{"taxonomy":"category","embeddable":true,"href":"https:\/\/blogg.svenskakyrkan.se\/diakonibloggen\/wp-json\/wp\/v2\/categories?post=5523"},{"taxonomy":"post_tag","embeddable":true,"href":"https:\/\/blogg.svenskakyrkan.se\/diakonibloggen\/wp-json\/wp\/v2\/tags?post=5523"}],"curies":[{"name":"wp","href":"https:\/\/api.w.org\/{rel}","templated":true}]}}