{"id":5533,"date":"2017-01-04T12:04:38","date_gmt":"2017-01-04T12:04:38","guid":{"rendered":"http:\/\/diakonibloggen.com\/?p=5533"},"modified":"2020-12-17T15:16:40","modified_gmt":"2020-12-17T15:16:40","slug":"jagarhar","status":"publish","type":"post","link":"https:\/\/blogg.svenskakyrkan.se\/diakonibloggen\/2017\/01\/04\/jagarhar\/","title":{"rendered":"#jag\u00e4rh\u00e4r"},"content":{"rendered":"<p>Vi\u00a0\u00e4r m\u00e5nga som\u00a0har noterat och f\u00f6rfasat oss \u00f6ver en allt h\u00e5rdare ton i inl\u00e4gg och kommentarer p\u00e5 sociala medier, s\u00e4rskilt p\u00e5 Facebook. Den typ av spr\u00e5k som tidigare mest f\u00f6rknippats med\u00a0extrempolitiska sidor\u00a0har letat sig in p\u00e5 alla slags sidor, till exempel kv\u00e4llstidningarna eller tv-kanalerna och \u00e4ven i kyrkans sammanhang. Kommentarer som uttrycker h\u00e5n, raljans, hot, f\u00f6rminskande och generaliseringar f\u00f6rekommer i ganska stor utstr\u00e4ckning. Bakom tangentbordet verkar det vara l\u00e4ttare att ge uttryck f\u00f6r den h\u00e4r typen av kommentarer \u00e4n n\u00e4r m\u00e4nniskor m\u00f6ts ansikte mot ansikte.<\/p>\n<p><a href=\"http:\/\/diakonibloggen.com\/2017\/01\/04\/jagarhar\/skarmavbild-2017-01-04-kl-11-35-24\/\" rel=\"attachment wp-att-5540\"><img loading=\"lazy\" decoding=\"async\" class=\"alignleft size-full wp-image-5540\" src=\"http:\/\/blogg.svenskakyrkan.se\/diakonibloggen\/files\/2017\/01\/skc3a4rmavbild-2017-01-04-kl-11-35-24.png\" alt=\"skarmavbild-2017-01-04-kl-11-35-24\" width=\"228\" height=\"194\" \/><\/a>Idag vill vi, som ett uttryck f\u00f6r profetisk diakoni, lyfta\u00a0ett exempel p\u00e5 en\u00a0motr\u00f6relse mot det aggressiva, hot- och hatfyllda klimatet p\u00e5 internet &#8211; demokratiprojektet <a href=\"https:\/\/www.facebook.com\/groups\/548170525365320\/?fref=ts\">#jag\u00e4rh\u00e4r.\u00a0Det har startats som en grupp p\u00e5 Facebook f\u00f6r personer som vill vara med och g\u00f6ra skillnad p\u00e5 internet.<\/a> Initiativet har skapat en framg\u00e5ngsrik digital plattform d\u00e4r m\u00e4nniskor tillsammans motarbetar hat och hot i sociala medier genom att bem\u00f6ta med kommentarer fria fr\u00e5n sexism, rasism, homofobi och liknande. Respekt, \u00f6ppenhet och god samtalston\u00a0\u00e4r nyckelord och det\u00a0framh\u00e5lls viktigt att inte dras med i nedl\u00e5tande attityder och personangrepp.\u00a0Gruppen startades i maj 2016 av Mina Dennert, den\u00a0\u00f6kar hela tiden i antal och har i skrivande stund\u00a0n\u00e4rmare 53 000 medlemmar och m\u00e5nga st\u00e5r p\u00e5 k\u00f6.<\/p>\n<p>Facebookgruppen #jag\u00e4rh\u00e4r tilldelades utm\u00e4rkelsen <a href=\"https:\/\/rattviseformedlingen.se\/2016-ars-vinnare-av-rattvisepriset-ar-jagarhar\/\">R\u00e4ttvisepriset 2016. P\u00e5 R\u00e4ttvisef\u00f6rmedlingens hemsida\u00a0<\/a>st\u00e5r att\u00a0l\u00e4sa: &#8221;Gruppens medlemmar agerar gemensamt och tr\u00e4der in i kommentarstr\u00e5dar d\u00e4r hat, hets och osanningar sprids och motarbetar det med \u00f6ppenhet, respekt och god ton.&#8221; Vidare:\u00a0&#8221;&#8230;#jag\u00e4rh\u00e4r har p\u00e5 kort tid inspirerat&#8221;\u00a0&#8230; &#8221;till att k\u00e4mpa f\u00f6r ett mer j\u00e4mlikt och j\u00e4mst\u00e4llt samh\u00e4lle d\u00e4r alla har samma m\u00f6jlighet att g\u00f6ra sin r\u00f6st h\u00f6rd \u2013 utan att riskera bli utsatt f\u00f6r hot, trakasserier eller smutskastning.&#8221;<\/p>\n<p>Vi p\u00e5 diakonibloggen gl\u00e4ds \u00f6ver detta initiativ att m\u00e5nga tillsammans bem\u00f6ter hat och hot p\u00e5 internet. N\u00e4r vi l\u00e4ser i olika tr\u00e5dar p\u00e5 Facebook ser vi nu m\u00e5nga som \u00e4r med och skapar balans i kommentarsf\u00e4lten, som v\u00e5gar ifr\u00e5gas\u00e4tta svepande, generaliserande och hatiska uttalanden &#8211; som \u00e4r med och g\u00f6r skillnad.\u00a0<a href=\"https:\/\/www.facebook.com\/groups\/548170525365320\/?fref=ts\">Vill du ocks\u00e5 vara med och g\u00f6ra skillnad? Bes\u00f6k\u00a0#jag\u00e4rh\u00e4r p\u00e5 Facebook och ans\u00f6k om att bli medlem<\/a>.<\/p>\n<p>\/Karin och Lotta<\/p>\n<p>Temat denna g\u00e5ng handlar om att utmana strukturer, uppm\u00e4rksamma or\u00e4ttvisor och ge r\u00f6st \u00e5t utsattheten. Dela g\u00e4rna dina tankar om profetisk diakoni och\/eller att protestera mot sociala or\u00e4ttvisor, i en kommentar eller via mail, <a href=\"mailto:diakoni.se@gmail.com\">diakoni.se@gmail.com<\/a>.<\/p>\n<p>&nbsp;<\/p>\n<p dir=\"ltr\"><i>\u00a0<\/i><\/p>\n<p dir=\"ltr\"><i>\u00a0<\/i><\/p>\n","protected":false},"excerpt":{"rendered":"<p>Vi\u00a0\u00e4r m\u00e5nga som\u00a0har noterat och f\u00f6rfasat oss \u00f6ver en allt h\u00e5rdare ton i inl\u00e4gg och kommentarer p\u00e5 sociala medier, s\u00e4rskilt p\u00e5 Facebook. Den typ av spr\u00e5k som tidigare mest f\u00f6rknippats med\u00a0extrempolitiska sidor\u00a0har letat sig in p\u00e5 alla slags sidor, till exempel kv\u00e4llstidningarna eller tv-kanalerna och \u00e4ven i kyrkans sammanhang. Kommentarer som uttrycker h\u00e5n, raljans, hot, [&hellip;]<\/p>\n","protected":false},"author":776,"featured_media":0,"comment_status":"open","ping_status":"open","sticky":false,"template":"","format":"standard","meta":{"_acf_changed":false,"footnotes":""},"categories":[23301],"tags":[23346,23767,24632,24932],"class_list":["post-5533","post","type-post","status-publish","format-standard","hentry","category-diakonalt-arbete","tag-jagarhar","tag-diakoni","tag-nathat","tag-sociala-medier"],"acf":[],"yoast_head":"<!-- This site is optimized with the Yoast SEO plugin v27.1.1 - https:\/\/yoast.com\/product\/yoast-seo-wordpress\/ -->\n<title>#jag\u00e4rh\u00e4r - Diakonibloggen<\/title>\n<meta name=\"robots\" content=\"index, follow, max-snippet:-1, max-image-preview:large, max-video-preview:-1\" \/>\n<link rel=\"canonical\" href=\"https:\/\/blogg.svenskakyrkan.se\/diakonibloggen\/2017\/01\/04\/jagarhar\/\" \/>\n<meta property=\"og:locale\" content=\"sv_SE\" \/>\n<meta property=\"og:type\" content=\"article\" \/>\n<meta property=\"og:title\" content=\"#jag\u00e4rh\u00e4r - Diakonibloggen\" \/>\n<meta property=\"og:description\" content=\"Vi\u00a0\u00e4r m\u00e5nga som\u00a0har noterat och f\u00f6rfasat oss \u00f6ver en allt h\u00e5rdare ton i inl\u00e4gg och kommentarer p\u00e5 sociala medier, s\u00e4rskilt p\u00e5 Facebook. Den typ av spr\u00e5k som tidigare mest f\u00f6rknippats med\u00a0extrempolitiska sidor\u00a0har letat sig in p\u00e5 alla slags sidor, till exempel kv\u00e4llstidningarna eller tv-kanalerna och \u00e4ven i kyrkans sammanhang. Kommentarer som uttrycker h\u00e5n, raljans, hot, [&hellip;]\" \/>\n<meta property=\"og:url\" content=\"https:\/\/blogg.svenskakyrkan.se\/diakonibloggen\/2017\/01\/04\/jagarhar\/\" \/>\n<meta property=\"og:site_name\" content=\"Diakonibloggen\" \/>\n<meta property=\"article:published_time\" content=\"2017-01-04T12:04:38+00:00\" \/>\n<meta property=\"article:modified_time\" content=\"2020-12-17T15:16:40+00:00\" \/>\n<meta property=\"og:image\" content=\"http:\/\/blogg.svenskakyrkan.se\/diakonibloggen\/files\/2017\/01\/skc3a4rmavbild-2017-01-04-kl-11-35-24.png\" \/>\n<meta name=\"author\" content=\"diakonibloggen\" \/>\n<meta name=\"twitter:card\" content=\"summary_large_image\" \/>\n<meta name=\"twitter:label1\" content=\"Skriven av\" \/>\n\t<meta name=\"twitter:data1\" content=\"diakonibloggen\" \/>\n\t<meta name=\"twitter:label2\" content=\"Ber\u00e4knad l\u00e4stid\" \/>\n\t<meta name=\"twitter:data2\" content=\"2 minuter\" \/>\n<script type=\"application\/ld+json\" class=\"yoast-schema-graph\">{\"@context\":\"https:\/\/schema.org\",\"@graph\":[{\"@type\":\"Article\",\"@id\":\"https:\/\/blogg.svenskakyrkan.se\/diakonibloggen\/2017\/01\/04\/jagarhar\/#article\",\"isPartOf\":{\"@id\":\"https:\/\/blogg.svenskakyrkan.se\/diakonibloggen\/2017\/01\/04\/jagarhar\/\"},\"author\":{\"name\":\"diakonibloggen\",\"@id\":\"https:\/\/blogg.svenskakyrkan.se\/diakonibloggen\/#\/schema\/person\/8f6a6fe8efab23c141c7e274fec6405f\"},\"headline\":\"#jag\u00e4rh\u00e4r\",\"datePublished\":\"2017-01-04T12:04:38+00:00\",\"dateModified\":\"2020-12-17T15:16:40+00:00\",\"mainEntityOfPage\":{\"@id\":\"https:\/\/blogg.svenskakyrkan.se\/diakonibloggen\/2017\/01\/04\/jagarhar\/\"},\"wordCount\":478,\"commentCount\":4,\"image\":{\"@id\":\"https:\/\/blogg.svenskakyrkan.se\/diakonibloggen\/2017\/01\/04\/jagarhar\/#primaryimage\"},\"thumbnailUrl\":\"http:\/\/blogg.svenskakyrkan.se\/diakonibloggen\/files\/2017\/01\/skc3a4rmavbild-2017-01-04-kl-11-35-24.png\",\"keywords\":[\"#jag\u00e4rh\u00e4r\",\"diakoni\",\"n\u00e4that\",\"sociala medier\"],\"articleSection\":[\"Diakonalt arbete\"],\"inLanguage\":\"sv-SE\",\"potentialAction\":[{\"@type\":\"CommentAction\",\"name\":\"Comment\",\"target\":[\"https:\/\/blogg.svenskakyrkan.se\/diakonibloggen\/2017\/01\/04\/jagarhar\/#respond\"]}]},{\"@type\":\"WebPage\",\"@id\":\"https:\/\/blogg.svenskakyrkan.se\/diakonibloggen\/2017\/01\/04\/jagarhar\/\",\"url\":\"https:\/\/blogg.svenskakyrkan.se\/diakonibloggen\/2017\/01\/04\/jagarhar\/\",\"name\":\"#jag\u00e4rh\u00e4r - Diakonibloggen\",\"isPartOf\":{\"@id\":\"https:\/\/blogg.svenskakyrkan.se\/diakonibloggen\/#website\"},\"primaryImageOfPage\":{\"@id\":\"https:\/\/blogg.svenskakyrkan.se\/diakonibloggen\/2017\/01\/04\/jagarhar\/#primaryimage\"},\"image\":{\"@id\":\"https:\/\/blogg.svenskakyrkan.se\/diakonibloggen\/2017\/01\/04\/jagarhar\/#primaryimage\"},\"thumbnailUrl\":\"http:\/\/blogg.svenskakyrkan.se\/diakonibloggen\/files\/2017\/01\/skc3a4rmavbild-2017-01-04-kl-11-35-24.png\",\"datePublished\":\"2017-01-04T12:04:38+00:00\",\"dateModified\":\"2020-12-17T15:16:40+00:00\",\"author\":{\"@id\":\"https:\/\/blogg.svenskakyrkan.se\/diakonibloggen\/#\/schema\/person\/8f6a6fe8efab23c141c7e274fec6405f\"},\"breadcrumb\":{\"@id\":\"https:\/\/blogg.svenskakyrkan.se\/diakonibloggen\/2017\/01\/04\/jagarhar\/#breadcrumb\"},\"inLanguage\":\"sv-SE\",\"potentialAction\":[{\"@type\":\"ReadAction\",\"target\":[\"https:\/\/blogg.svenskakyrkan.se\/diakonibloggen\/2017\/01\/04\/jagarhar\/\"]}]},{\"@type\":\"ImageObject\",\"inLanguage\":\"sv-SE\",\"@id\":\"https:\/\/blogg.svenskakyrkan.se\/diakonibloggen\/2017\/01\/04\/jagarhar\/#primaryimage\",\"url\":\"http:\/\/blogg.svenskakyrkan.se\/diakonibloggen\/files\/2017\/01\/skc3a4rmavbild-2017-01-04-kl-11-35-24.png\",\"contentUrl\":\"http:\/\/blogg.svenskakyrkan.se\/diakonibloggen\/files\/2017\/01\/skc3a4rmavbild-2017-01-04-kl-11-35-24.png\"},{\"@type\":\"BreadcrumbList\",\"@id\":\"https:\/\/blogg.svenskakyrkan.se\/diakonibloggen\/2017\/01\/04\/jagarhar\/#breadcrumb\",\"itemListElement\":[{\"@type\":\"ListItem\",\"position\":1,\"name\":\"Hem\",\"item\":\"https:\/\/blogg.svenskakyrkan.se\/diakonibloggen\/\"},{\"@type\":\"ListItem\",\"position\":2,\"name\":\"#jag\u00e4rh\u00e4r\"}]},{\"@type\":\"WebSite\",\"@id\":\"https:\/\/blogg.svenskakyrkan.se\/diakonibloggen\/#website\",\"url\":\"https:\/\/blogg.svenskakyrkan.se\/diakonibloggen\/\",\"name\":\"Diakonibloggen\",\"description\":\"Vi lyfter fram, hyllar, diskuterar och inspirerar till diakonalt arbete inom och utanf\u00f6r Svenska kyrkans ramar.\",\"potentialAction\":[{\"@type\":\"SearchAction\",\"target\":{\"@type\":\"EntryPoint\",\"urlTemplate\":\"https:\/\/blogg.svenskakyrkan.se\/diakonibloggen\/?s={search_term_string}\"},\"query-input\":{\"@type\":\"PropertyValueSpecification\",\"valueRequired\":true,\"valueName\":\"search_term_string\"}}],\"inLanguage\":\"sv-SE\"},{\"@type\":\"Person\",\"@id\":\"https:\/\/blogg.svenskakyrkan.se\/diakonibloggen\/#\/schema\/person\/8f6a6fe8efab23c141c7e274fec6405f\",\"name\":\"diakonibloggen\",\"image\":{\"@type\":\"ImageObject\",\"inLanguage\":\"sv-SE\",\"@id\":\"https:\/\/blogg.svenskakyrkan.se\/diakonibloggen\/#\/schema\/person\/image\/\",\"url\":\"https:\/\/secure.gravatar.com\/avatar\/95c0ca86fd13e3d8c1b7b7e9864c9a2ccb7b48c6f756a3b5447bcc13dd630488?s=96&d=mm&r=g\",\"contentUrl\":\"https:\/\/secure.gravatar.com\/avatar\/95c0ca86fd13e3d8c1b7b7e9864c9a2ccb7b48c6f756a3b5447bcc13dd630488?s=96&d=mm&r=g\",\"caption\":\"diakonibloggen\"},\"url\":\"https:\/\/blogg.svenskakyrkan.se\/diakonibloggen\/author\/diakonibloggen\/\"}]}<\/script>\n<!-- \/ Yoast SEO plugin. -->","yoast_head_json":{"title":"#jag\u00e4rh\u00e4r - Diakonibloggen","robots":{"index":"index","follow":"follow","max-snippet":"max-snippet:-1","max-image-preview":"max-image-preview:large","max-video-preview":"max-video-preview:-1"},"canonical":"https:\/\/blogg.svenskakyrkan.se\/diakonibloggen\/2017\/01\/04\/jagarhar\/","og_locale":"sv_SE","og_type":"article","og_title":"#jag\u00e4rh\u00e4r - Diakonibloggen","og_description":"Vi\u00a0\u00e4r m\u00e5nga som\u00a0har noterat och f\u00f6rfasat oss \u00f6ver en allt h\u00e5rdare ton i inl\u00e4gg och kommentarer p\u00e5 sociala medier, s\u00e4rskilt p\u00e5 Facebook. Den typ av spr\u00e5k som tidigare mest f\u00f6rknippats med\u00a0extrempolitiska sidor\u00a0har letat sig in p\u00e5 alla slags sidor, till exempel kv\u00e4llstidningarna eller tv-kanalerna och \u00e4ven i kyrkans sammanhang. Kommentarer som uttrycker h\u00e5n, raljans, hot, [&hellip;]","og_url":"https:\/\/blogg.svenskakyrkan.se\/diakonibloggen\/2017\/01\/04\/jagarhar\/","og_site_name":"Diakonibloggen","article_published_time":"2017-01-04T12:04:38+00:00","article_modified_time":"2020-12-17T15:16:40+00:00","og_image":[{"url":"http:\/\/blogg.svenskakyrkan.se\/diakonibloggen\/files\/2017\/01\/skc3a4rmavbild-2017-01-04-kl-11-35-24.png","type":"","width":"","height":""}],"author":"diakonibloggen","twitter_card":"summary_large_image","twitter_misc":{"Skriven av":"diakonibloggen","Ber\u00e4knad l\u00e4stid":"2 minuter"},"schema":{"@context":"https:\/\/schema.org","@graph":[{"@type":"Article","@id":"https:\/\/blogg.svenskakyrkan.se\/diakonibloggen\/2017\/01\/04\/jagarhar\/#article","isPartOf":{"@id":"https:\/\/blogg.svenskakyrkan.se\/diakonibloggen\/2017\/01\/04\/jagarhar\/"},"author":{"name":"diakonibloggen","@id":"https:\/\/blogg.svenskakyrkan.se\/diakonibloggen\/#\/schema\/person\/8f6a6fe8efab23c141c7e274fec6405f"},"headline":"#jag\u00e4rh\u00e4r","datePublished":"2017-01-04T12:04:38+00:00","dateModified":"2020-12-17T15:16:40+00:00","mainEntityOfPage":{"@id":"https:\/\/blogg.svenskakyrkan.se\/diakonibloggen\/2017\/01\/04\/jagarhar\/"},"wordCount":478,"commentCount":4,"image":{"@id":"https:\/\/blogg.svenskakyrkan.se\/diakonibloggen\/2017\/01\/04\/jagarhar\/#primaryimage"},"thumbnailUrl":"http:\/\/blogg.svenskakyrkan.se\/diakonibloggen\/files\/2017\/01\/skc3a4rmavbild-2017-01-04-kl-11-35-24.png","keywords":["#jag\u00e4rh\u00e4r","diakoni","n\u00e4that","sociala medier"],"articleSection":["Diakonalt arbete"],"inLanguage":"sv-SE","potentialAction":[{"@type":"CommentAction","name":"Comment","target":["https:\/\/blogg.svenskakyrkan.se\/diakonibloggen\/2017\/01\/04\/jagarhar\/#respond"]}]},{"@type":"WebPage","@id":"https:\/\/blogg.svenskakyrkan.se\/diakonibloggen\/2017\/01\/04\/jagarhar\/","url":"https:\/\/blogg.svenskakyrkan.se\/diakonibloggen\/2017\/01\/04\/jagarhar\/","name":"#jag\u00e4rh\u00e4r - Diakonibloggen","isPartOf":{"@id":"https:\/\/blogg.svenskakyrkan.se\/diakonibloggen\/#website"},"primaryImageOfPage":{"@id":"https:\/\/blogg.svenskakyrkan.se\/diakonibloggen\/2017\/01\/04\/jagarhar\/#primaryimage"},"image":{"@id":"https:\/\/blogg.svenskakyrkan.se\/diakonibloggen\/2017\/01\/04\/jagarhar\/#primaryimage"},"thumbnailUrl":"http:\/\/blogg.svenskakyrkan.se\/diakonibloggen\/files\/2017\/01\/skc3a4rmavbild-2017-01-04-kl-11-35-24.png","datePublished":"2017-01-04T12:04:38+00:00","dateModified":"2020-12-17T15:16:40+00:00","author":{"@id":"https:\/\/blogg.svenskakyrkan.se\/diakonibloggen\/#\/schema\/person\/8f6a6fe8efab23c141c7e274fec6405f"},"breadcrumb":{"@id":"https:\/\/blogg.svenskakyrkan.se\/diakonibloggen\/2017\/01\/04\/jagarhar\/#breadcrumb"},"inLanguage":"sv-SE","potentialAction":[{"@type":"ReadAction","target":["https:\/\/blogg.svenskakyrkan.se\/diakonibloggen\/2017\/01\/04\/jagarhar\/"]}]},{"@type":"ImageObject","inLanguage":"sv-SE","@id":"https:\/\/blogg.svenskakyrkan.se\/diakonibloggen\/2017\/01\/04\/jagarhar\/#primaryimage","url":"http:\/\/blogg.svenskakyrkan.se\/diakonibloggen\/files\/2017\/01\/skc3a4rmavbild-2017-01-04-kl-11-35-24.png","contentUrl":"http:\/\/blogg.svenskakyrkan.se\/diakonibloggen\/files\/2017\/01\/skc3a4rmavbild-2017-01-04-kl-11-35-24.png"},{"@type":"BreadcrumbList","@id":"https:\/\/blogg.svenskakyrkan.se\/diakonibloggen\/2017\/01\/04\/jagarhar\/#breadcrumb","itemListElement":[{"@type":"ListItem","position":1,"name":"Hem","item":"https:\/\/blogg.svenskakyrkan.se\/diakonibloggen\/"},{"@type":"ListItem","position":2,"name":"#jag\u00e4rh\u00e4r"}]},{"@type":"WebSite","@id":"https:\/\/blogg.svenskakyrkan.se\/diakonibloggen\/#website","url":"https:\/\/blogg.svenskakyrkan.se\/diakonibloggen\/","name":"Diakonibloggen","description":"Vi lyfter fram, hyllar, diskuterar och inspirerar till diakonalt arbete inom och utanf\u00f6r Svenska kyrkans ramar.","potentialAction":[{"@type":"SearchAction","target":{"@type":"EntryPoint","urlTemplate":"https:\/\/blogg.svenskakyrkan.se\/diakonibloggen\/?s={search_term_string}"},"query-input":{"@type":"PropertyValueSpecification","valueRequired":true,"valueName":"search_term_string"}}],"inLanguage":"sv-SE"},{"@type":"Person","@id":"https:\/\/blogg.svenskakyrkan.se\/diakonibloggen\/#\/schema\/person\/8f6a6fe8efab23c141c7e274fec6405f","name":"diakonibloggen","image":{"@type":"ImageObject","inLanguage":"sv-SE","@id":"https:\/\/blogg.svenskakyrkan.se\/diakonibloggen\/#\/schema\/person\/image\/","url":"https:\/\/secure.gravatar.com\/avatar\/95c0ca86fd13e3d8c1b7b7e9864c9a2ccb7b48c6f756a3b5447bcc13dd630488?s=96&d=mm&r=g","contentUrl":"https:\/\/secure.gravatar.com\/avatar\/95c0ca86fd13e3d8c1b7b7e9864c9a2ccb7b48c6f756a3b5447bcc13dd630488?s=96&d=mm&r=g","caption":"diakonibloggen"},"url":"https:\/\/blogg.svenskakyrkan.se\/diakonibloggen\/author\/diakonibloggen\/"}]}},"author_meta":{"ID":"776","user_nicename":"diakonibloggen","user_registered":"2020-12-17 14:50:06","display_name":"diakonibloggen","avatar":"https:\/\/blogg.svenskakyrkan.se\/diakonibloggen\/files\/2021\/02\/Sk\u00e4rmavbild-2019-04-12-kl.-14.20.54-150x150.png"},"featured_image":false,"bloginfo":{"name":"Diakonibloggen","url":"https:\/\/blogg.svenskakyrkan.se\/diakonibloggen"},"_links":{"self":[{"href":"https:\/\/blogg.svenskakyrkan.se\/diakonibloggen\/wp-json\/wp\/v2\/posts\/5533","targetHints":{"allow":["GET"]}}],"collection":[{"href":"https:\/\/blogg.svenskakyrkan.se\/diakonibloggen\/wp-json\/wp\/v2\/posts"}],"about":[{"href":"https:\/\/blogg.svenskakyrkan.se\/diakonibloggen\/wp-json\/wp\/v2\/types\/post"}],"author":[{"embeddable":true,"href":"https:\/\/blogg.svenskakyrkan.se\/diakonibloggen\/wp-json\/wp\/v2\/users\/776"}],"replies":[{"embeddable":true,"href":"https:\/\/blogg.svenskakyrkan.se\/diakonibloggen\/wp-json\/wp\/v2\/comments?post=5533"}],"version-history":[{"count":1,"href":"https:\/\/blogg.svenskakyrkan.se\/diakonibloggen\/wp-json\/wp\/v2\/posts\/5533\/revisions"}],"predecessor-version":[{"id":8467,"href":"https:\/\/blogg.svenskakyrkan.se\/diakonibloggen\/wp-json\/wp\/v2\/posts\/5533\/revisions\/8467"}],"wp:attachment":[{"href":"https:\/\/blogg.svenskakyrkan.se\/diakonibloggen\/wp-json\/wp\/v2\/media?parent=5533"}],"wp:term":[{"taxonomy":"category","embeddable":true,"href":"https:\/\/blogg.svenskakyrkan.se\/diakonibloggen\/wp-json\/wp\/v2\/categories?post=5533"},{"taxonomy":"post_tag","embeddable":true,"href":"https:\/\/blogg.svenskakyrkan.se\/diakonibloggen\/wp-json\/wp\/v2\/tags?post=5533"}],"curies":[{"name":"wp","href":"https:\/\/api.w.org\/{rel}","templated":true}]}}