{"id":5563,"date":"2017-02-01T20:12:22","date_gmt":"2017-02-01T20:12:22","guid":{"rendered":"http:\/\/diakonibloggen.com\/?p=5563"},"modified":"2020-12-17T15:16:40","modified_gmt":"2020-12-17T15:16:40","slug":"visselblasare-debattorer-den-som-for-nagons-talan-pain-in-the-ass","status":"publish","type":"post","link":"https:\/\/blogg.svenskakyrkan.se\/diakonibloggen\/2017\/02\/01\/visselblasare-debattorer-den-som-for-nagons-talan-pain-in-the-ass\/","title":{"rendered":"Visselbl\u00e5sare, debatt\u00f6rer, den som f\u00f6r n\u00e5gons talan, pain in the ass&#8230;"},"content":{"rendered":"<p><a href=\"http:\/\/diakonibloggen.com\/2017\/02\/01\/visselblasare-debattorer-den-som-for-nagons-talan-pain-in-the-ass\/skarmavbild-2017-01-13-kl-10-57-35\/\" rel=\"attachment wp-att-5564\"><img loading=\"lazy\" decoding=\"async\" class=\"alignleft size-thumbnail wp-image-5564\" src=\"http:\/\/blogg.svenskakyrkan.se\/diakonibloggen\/files\/2017\/01\/skc3a4rmavbild-2017-01-13-kl-10-57-35.png?w=250\" alt=\"skarmavbild-2017-01-13-kl-10-57-35\" width=\"250\" height=\"181\" srcset=\"https:\/\/blogg.svenskakyrkan.se\/diakonibloggen\/files\/2017\/01\/skc3a4rmavbild-2017-01-13-kl-10-57-35.png 480w, https:\/\/blogg.svenskakyrkan.se\/diakonibloggen\/files\/2017\/01\/skc3a4rmavbild-2017-01-13-kl-10-57-35-300x217.png 300w\" sizes=\"auto, (max-width: 250px) 100vw, 250px\" \/><\/a>Profetisk diakoni \u00e4r ett\u00a0uttryck som funnits med l\u00e4nge men som de senaste \u00e5ren kommit att f\u00e5 allt st\u00f6rre betydelse. Profetisk diakoni beskrivs p\u00e5 m\u00e5nga olika s\u00e4tt och vi har genom g\u00e4stbloggare f\u00e5tt del av flera olika tankar och reflektioner.<\/p>\n<p>Vi p\u00e5 diakonibloggen inledde detta tema genom att tala om att :<a href=\"http:\/\/diakonibloggen.com\/2016\/11\/16\/en-narsynt-vidsynt-och-framsynt-diakoni\/\">Den profetiska diakonin beh\u00f6ver\u00a0ha flera perspektiv. Den m\u00e5ste vara <em>n\u00e4rsynt<\/em> \u2013 ha den\u00a0enskilda m\u00e4nniskan f\u00f6r \u00f6gonen. F\u00f6r det andra, <em>vidsynt<\/em>, d\u00e4r blicken lyfts f\u00f6r att f\u00e5 syn p\u00e5 de or\u00e4ttvisa strukturer och sammanhang som skapar utsattheten. Och dessutom, <em>framsynt<\/em>, d\u00e4r vi f\u00e5r arbeta f\u00f6r att tillsammans hitta bra former f\u00f6r framtidens diakoni.<\/a><\/p>\n<p>Diakon Lisa skriver \u201d<a href=\"http:\/\/diakonibloggen.com\/2016\/12\/11\/pain-in-the-ass\/\">Vi som diakoner m\u00e5ste p\u00e5peka n\u00e4r systemet felar, och\u00a0ju fler av oss som g\u00f6r det desto troligare \u00e4r det att det n\u00e5r fram. Och d\u00e5 inte bara i v\u00e5rt sammanhang, utan \u00e4ven l\u00e4ngre upp i maktens rum.<\/a>\u201d<\/p>\n<p>Biskop Fredrik forts\u00e4tter att utmana oss att vara en modig kyrka med modig diakoni och skriver: <a href=\"http:\/\/diakonibloggen.com\/2016\/11\/23\/det-som-ar-manniskors-nod-ar-kyrkans-nod\/\">\u201dF\u00f6r kyrkan \u00e4r det inte p\u00e5 valbar plats att utmana strukturer, uppm\u00e4rksamma or\u00e4ttvisor och ge r\u00f6st \u00e5t den som \u00e4r utsatt. Det \u00e4r en del av v\u00e5rt diakonala DNA.\u201d<\/a> Christer Tornberg lyfter fram Jesus som f\u00f6rebild:\u201d<a href=\"http:\/\/diakonibloggen.com\/2016\/12\/21\/vara-handlingar-idag-paverkar-var-och-andras-framtid\/\">Jesu tj\u00e4nst visar mod och modell f\u00f6r profetisk diakoni. Det Han gjorde <em>d\u00e5<\/em> inspirerar oss <em>nu<\/em>. V\u00e5ra handlingar <em>idag<\/em> p\u00e5verkar v\u00e5r och andras <em>framtid<\/em>.\u201d<\/a><\/p>\n<p>Vi avslutar temat f\u00f6r denna g\u00e5ngen och tackar varmt alla g\u00e4stbloggare som delat tankar och funderingar och alla som l\u00e4ser, kommenterar, reflekterar och delar vidare. Vi avslutar dock inte funderingarna kring profetisk diakoni &#8211; f\u00f6r vi tror att det \u00e4r genom att v\u00e5ga vara pain in the ass, att v\u00e5ga s\u00e4ga ifr\u00e5n eller uppm\u00e4rksamma sociala or\u00e4ttvisor som diakoni i l\u00e4ngden ocks\u00e5 blir h\u00e5llbar.<\/p>\n<p>Profetisk diakoni b\u00f6rjar alltid med egen inre reflektion och\u00a0om v\u00e5rt engagemang ska vara trov\u00e4rdigt m\u00e5ste det alltid utg\u00e5 fr\u00e5n detta,\u00a0att<a href=\"http:\/\/diakonibloggen.com\/2016\/11\/16\/en-narsynt-vidsynt-och-framsynt-diakoni\/\"> \u201dvara lojal mot det centrala i v\u00e5r tro, mot evangeliet, \u00e4r ocks\u00e5 att i Jesu efterf\u00f6ljd leva ut det kristna budskapet \u2013 i m\u00f6tet med m\u00e4nniskor, i att uppr\u00e4tth\u00e5lla m\u00e4nniskov\u00e4rdet och st\u00e5 p\u00e5 den utsattes sida.\u201d<\/a> Ett citat fr\u00e5n Katarina f\u00e5r st\u00e5 som slutord. <a href=\"http:\/\/diakonibloggen.com\/2016\/12\/05\/tjana-det-manskliga-i-manniskan\/\">\u201dMen det kan l\u00e4tt bli stora ord. Stora ord \u00e4r enkla att bolla runt med, men hur blir det p\u00e5 individniv\u00e5? Vad m\u00e5ste jag sj\u00e4lv \u00f6va mig p\u00e5, be om, k\u00e4mpa med och ta spj\u00e4rn emot f\u00f6r att vara trov\u00e4rdig?&#8221;<\/a><\/p>\n<p>Karin och Lotta p\u00e5 diakonibloggen<\/p>\n<p>&nbsp;<\/p>\n","protected":false},"excerpt":{"rendered":"<p>Profetisk diakoni \u00e4r ett\u00a0uttryck som funnits med l\u00e4nge men som de senaste \u00e5ren kommit att f\u00e5 allt st\u00f6rre betydelse. Profetisk diakoni beskrivs p\u00e5 m\u00e5nga olika s\u00e4tt och vi har genom g\u00e4stbloggare f\u00e5tt del av flera olika tankar och reflektioner. Vi p\u00e5 diakonibloggen inledde detta tema genom att tala om att :Den profetiska diakonin beh\u00f6ver\u00a0ha flera [&hellip;]<\/p>\n","protected":false},"author":776,"featured_media":0,"comment_status":"open","ping_status":"open","sticky":false,"template":"","format":"standard","meta":{"_acf_changed":false,"footnotes":""},"categories":[23301,23303,23319],"tags":[23776,24423,24689],"class_list":["post-5563","post","type-post","status-publish","format-standard","hentry","category-diakonalt-arbete","category-diakoni-men-hur","category-profetisk-diakoni","tag-diakoni-profetisk-diakoni","tag-kyrkans-visselblasare","tag-pain-in-the-ass"],"acf":[],"yoast_head":"<!-- This site is optimized with the Yoast SEO plugin v27.1.1 - https:\/\/yoast.com\/product\/yoast-seo-wordpress\/ -->\n<title>Visselbl\u00e5sare, debatt\u00f6rer, den som f\u00f6r n\u00e5gons talan, pain in the ass... - Diakonibloggen<\/title>\n<meta name=\"robots\" content=\"index, follow, max-snippet:-1, max-image-preview:large, max-video-preview:-1\" \/>\n<link rel=\"canonical\" href=\"https:\/\/blogg.svenskakyrkan.se\/diakonibloggen\/2017\/02\/01\/visselblasare-debattorer-den-som-for-nagons-talan-pain-in-the-ass\/\" \/>\n<meta property=\"og:locale\" content=\"sv_SE\" \/>\n<meta property=\"og:type\" content=\"article\" \/>\n<meta property=\"og:title\" content=\"Visselbl\u00e5sare, debatt\u00f6rer, den som f\u00f6r n\u00e5gons talan, pain in the ass... - Diakonibloggen\" \/>\n<meta property=\"og:description\" content=\"Profetisk diakoni \u00e4r ett\u00a0uttryck som funnits med l\u00e4nge men som de senaste \u00e5ren kommit att f\u00e5 allt st\u00f6rre betydelse. Profetisk diakoni beskrivs p\u00e5 m\u00e5nga olika s\u00e4tt och vi har genom g\u00e4stbloggare f\u00e5tt del av flera olika tankar och reflektioner. Vi p\u00e5 diakonibloggen inledde detta tema genom att tala om att :Den profetiska diakonin beh\u00f6ver\u00a0ha flera [&hellip;]\" \/>\n<meta property=\"og:url\" content=\"https:\/\/blogg.svenskakyrkan.se\/diakonibloggen\/2017\/02\/01\/visselblasare-debattorer-den-som-for-nagons-talan-pain-in-the-ass\/\" \/>\n<meta property=\"og:site_name\" content=\"Diakonibloggen\" \/>\n<meta property=\"article:published_time\" content=\"2017-02-01T20:12:22+00:00\" \/>\n<meta property=\"article:modified_time\" content=\"2020-12-17T15:16:40+00:00\" \/>\n<meta property=\"og:image\" content=\"http:\/\/blogg.svenskakyrkan.se\/diakonibloggen\/files\/2017\/01\/skc3a4rmavbild-2017-01-13-kl-10-57-35.png?w=250\" \/>\n<meta name=\"author\" content=\"diakonibloggen\" \/>\n<meta name=\"twitter:card\" content=\"summary_large_image\" \/>\n<meta name=\"twitter:label1\" content=\"Skriven av\" \/>\n\t<meta name=\"twitter:data1\" content=\"diakonibloggen\" \/>\n\t<meta name=\"twitter:label2\" content=\"Ber\u00e4knad l\u00e4stid\" \/>\n\t<meta name=\"twitter:data2\" content=\"2 minuter\" \/>\n<script type=\"application\/ld+json\" class=\"yoast-schema-graph\">{\"@context\":\"https:\/\/schema.org\",\"@graph\":[{\"@type\":\"Article\",\"@id\":\"https:\/\/blogg.svenskakyrkan.se\/diakonibloggen\/2017\/02\/01\/visselblasare-debattorer-den-som-for-nagons-talan-pain-in-the-ass\/#article\",\"isPartOf\":{\"@id\":\"https:\/\/blogg.svenskakyrkan.se\/diakonibloggen\/2017\/02\/01\/visselblasare-debattorer-den-som-for-nagons-talan-pain-in-the-ass\/\"},\"author\":{\"name\":\"diakonibloggen\",\"@id\":\"https:\/\/blogg.svenskakyrkan.se\/diakonibloggen\/#\/schema\/person\/8f6a6fe8efab23c141c7e274fec6405f\"},\"headline\":\"Visselbl\u00e5sare, debatt\u00f6rer, den som f\u00f6r n\u00e5gons talan, pain in the ass&#8230;\",\"datePublished\":\"2017-02-01T20:12:22+00:00\",\"dateModified\":\"2020-12-17T15:16:40+00:00\",\"mainEntityOfPage\":{\"@id\":\"https:\/\/blogg.svenskakyrkan.se\/diakonibloggen\/2017\/02\/01\/visselblasare-debattorer-den-som-for-nagons-talan-pain-in-the-ass\/\"},\"wordCount\":483,\"commentCount\":0,\"image\":{\"@id\":\"https:\/\/blogg.svenskakyrkan.se\/diakonibloggen\/2017\/02\/01\/visselblasare-debattorer-den-som-for-nagons-talan-pain-in-the-ass\/#primaryimage\"},\"thumbnailUrl\":\"http:\/\/blogg.svenskakyrkan.se\/diakonibloggen\/files\/2017\/01\/skc3a4rmavbild-2017-01-13-kl-10-57-35.png?w=250\",\"keywords\":[\"diakoni. profetisk diakoni\",\"kyrkans visselbl\u00e5sare\",\"pain in the ass\"],\"articleSection\":[\"Diakonalt arbete\",\"Diakoni - men hur?\",\"profetisk diakoni\"],\"inLanguage\":\"sv-SE\",\"potentialAction\":[{\"@type\":\"CommentAction\",\"name\":\"Comment\",\"target\":[\"https:\/\/blogg.svenskakyrkan.se\/diakonibloggen\/2017\/02\/01\/visselblasare-debattorer-den-som-for-nagons-talan-pain-in-the-ass\/#respond\"]}]},{\"@type\":\"WebPage\",\"@id\":\"https:\/\/blogg.svenskakyrkan.se\/diakonibloggen\/2017\/02\/01\/visselblasare-debattorer-den-som-for-nagons-talan-pain-in-the-ass\/\",\"url\":\"https:\/\/blogg.svenskakyrkan.se\/diakonibloggen\/2017\/02\/01\/visselblasare-debattorer-den-som-for-nagons-talan-pain-in-the-ass\/\",\"name\":\"Visselbl\u00e5sare, debatt\u00f6rer, den som f\u00f6r n\u00e5gons talan, pain in the ass... - Diakonibloggen\",\"isPartOf\":{\"@id\":\"https:\/\/blogg.svenskakyrkan.se\/diakonibloggen\/#website\"},\"primaryImageOfPage\":{\"@id\":\"https:\/\/blogg.svenskakyrkan.se\/diakonibloggen\/2017\/02\/01\/visselblasare-debattorer-den-som-for-nagons-talan-pain-in-the-ass\/#primaryimage\"},\"image\":{\"@id\":\"https:\/\/blogg.svenskakyrkan.se\/diakonibloggen\/2017\/02\/01\/visselblasare-debattorer-den-som-for-nagons-talan-pain-in-the-ass\/#primaryimage\"},\"thumbnailUrl\":\"http:\/\/blogg.svenskakyrkan.se\/diakonibloggen\/files\/2017\/01\/skc3a4rmavbild-2017-01-13-kl-10-57-35.png?w=250\",\"datePublished\":\"2017-02-01T20:12:22+00:00\",\"dateModified\":\"2020-12-17T15:16:40+00:00\",\"author\":{\"@id\":\"https:\/\/blogg.svenskakyrkan.se\/diakonibloggen\/#\/schema\/person\/8f6a6fe8efab23c141c7e274fec6405f\"},\"breadcrumb\":{\"@id\":\"https:\/\/blogg.svenskakyrkan.se\/diakonibloggen\/2017\/02\/01\/visselblasare-debattorer-den-som-for-nagons-talan-pain-in-the-ass\/#breadcrumb\"},\"inLanguage\":\"sv-SE\",\"potentialAction\":[{\"@type\":\"ReadAction\",\"target\":[\"https:\/\/blogg.svenskakyrkan.se\/diakonibloggen\/2017\/02\/01\/visselblasare-debattorer-den-som-for-nagons-talan-pain-in-the-ass\/\"]}]},{\"@type\":\"ImageObject\",\"inLanguage\":\"sv-SE\",\"@id\":\"https:\/\/blogg.svenskakyrkan.se\/diakonibloggen\/2017\/02\/01\/visselblasare-debattorer-den-som-for-nagons-talan-pain-in-the-ass\/#primaryimage\",\"url\":\"http:\/\/blogg.svenskakyrkan.se\/diakonibloggen\/files\/2017\/01\/skc3a4rmavbild-2017-01-13-kl-10-57-35.png?w=250\",\"contentUrl\":\"http:\/\/blogg.svenskakyrkan.se\/diakonibloggen\/files\/2017\/01\/skc3a4rmavbild-2017-01-13-kl-10-57-35.png?w=250\"},{\"@type\":\"BreadcrumbList\",\"@id\":\"https:\/\/blogg.svenskakyrkan.se\/diakonibloggen\/2017\/02\/01\/visselblasare-debattorer-den-som-for-nagons-talan-pain-in-the-ass\/#breadcrumb\",\"itemListElement\":[{\"@type\":\"ListItem\",\"position\":1,\"name\":\"Hem\",\"item\":\"https:\/\/blogg.svenskakyrkan.se\/diakonibloggen\/\"},{\"@type\":\"ListItem\",\"position\":2,\"name\":\"Visselbl\u00e5sare, debatt\u00f6rer, den som f\u00f6r n\u00e5gons talan, pain in the ass&#8230;\"}]},{\"@type\":\"WebSite\",\"@id\":\"https:\/\/blogg.svenskakyrkan.se\/diakonibloggen\/#website\",\"url\":\"https:\/\/blogg.svenskakyrkan.se\/diakonibloggen\/\",\"name\":\"Diakonibloggen\",\"description\":\"Vi lyfter fram, hyllar, diskuterar och inspirerar till diakonalt arbete inom och utanf\u00f6r Svenska kyrkans ramar.\",\"potentialAction\":[{\"@type\":\"SearchAction\",\"target\":{\"@type\":\"EntryPoint\",\"urlTemplate\":\"https:\/\/blogg.svenskakyrkan.se\/diakonibloggen\/?s={search_term_string}\"},\"query-input\":{\"@type\":\"PropertyValueSpecification\",\"valueRequired\":true,\"valueName\":\"search_term_string\"}}],\"inLanguage\":\"sv-SE\"},{\"@type\":\"Person\",\"@id\":\"https:\/\/blogg.svenskakyrkan.se\/diakonibloggen\/#\/schema\/person\/8f6a6fe8efab23c141c7e274fec6405f\",\"name\":\"diakonibloggen\",\"image\":{\"@type\":\"ImageObject\",\"inLanguage\":\"sv-SE\",\"@id\":\"https:\/\/blogg.svenskakyrkan.se\/diakonibloggen\/#\/schema\/person\/image\/\",\"url\":\"https:\/\/secure.gravatar.com\/avatar\/95c0ca86fd13e3d8c1b7b7e9864c9a2ccb7b48c6f756a3b5447bcc13dd630488?s=96&d=mm&r=g\",\"contentUrl\":\"https:\/\/secure.gravatar.com\/avatar\/95c0ca86fd13e3d8c1b7b7e9864c9a2ccb7b48c6f756a3b5447bcc13dd630488?s=96&d=mm&r=g\",\"caption\":\"diakonibloggen\"},\"url\":\"https:\/\/blogg.svenskakyrkan.se\/diakonibloggen\/author\/diakonibloggen\/\"}]}<\/script>\n<!-- \/ Yoast SEO plugin. -->","yoast_head_json":{"title":"Visselbl\u00e5sare, debatt\u00f6rer, den som f\u00f6r n\u00e5gons talan, pain in the ass... - Diakonibloggen","robots":{"index":"index","follow":"follow","max-snippet":"max-snippet:-1","max-image-preview":"max-image-preview:large","max-video-preview":"max-video-preview:-1"},"canonical":"https:\/\/blogg.svenskakyrkan.se\/diakonibloggen\/2017\/02\/01\/visselblasare-debattorer-den-som-for-nagons-talan-pain-in-the-ass\/","og_locale":"sv_SE","og_type":"article","og_title":"Visselbl\u00e5sare, debatt\u00f6rer, den som f\u00f6r n\u00e5gons talan, pain in the ass... - Diakonibloggen","og_description":"Profetisk diakoni \u00e4r ett\u00a0uttryck som funnits med l\u00e4nge men som de senaste \u00e5ren kommit att f\u00e5 allt st\u00f6rre betydelse. Profetisk diakoni beskrivs p\u00e5 m\u00e5nga olika s\u00e4tt och vi har genom g\u00e4stbloggare f\u00e5tt del av flera olika tankar och reflektioner. Vi p\u00e5 diakonibloggen inledde detta tema genom att tala om att :Den profetiska diakonin beh\u00f6ver\u00a0ha flera [&hellip;]","og_url":"https:\/\/blogg.svenskakyrkan.se\/diakonibloggen\/2017\/02\/01\/visselblasare-debattorer-den-som-for-nagons-talan-pain-in-the-ass\/","og_site_name":"Diakonibloggen","article_published_time":"2017-02-01T20:12:22+00:00","article_modified_time":"2020-12-17T15:16:40+00:00","og_image":[{"url":"http:\/\/blogg.svenskakyrkan.se\/diakonibloggen\/files\/2017\/01\/skc3a4rmavbild-2017-01-13-kl-10-57-35.png?w=250","type":"","width":"","height":""}],"author":"diakonibloggen","twitter_card":"summary_large_image","twitter_misc":{"Skriven av":"diakonibloggen","Ber\u00e4knad l\u00e4stid":"2 minuter"},"schema":{"@context":"https:\/\/schema.org","@graph":[{"@type":"Article","@id":"https:\/\/blogg.svenskakyrkan.se\/diakonibloggen\/2017\/02\/01\/visselblasare-debattorer-den-som-for-nagons-talan-pain-in-the-ass\/#article","isPartOf":{"@id":"https:\/\/blogg.svenskakyrkan.se\/diakonibloggen\/2017\/02\/01\/visselblasare-debattorer-den-som-for-nagons-talan-pain-in-the-ass\/"},"author":{"name":"diakonibloggen","@id":"https:\/\/blogg.svenskakyrkan.se\/diakonibloggen\/#\/schema\/person\/8f6a6fe8efab23c141c7e274fec6405f"},"headline":"Visselbl\u00e5sare, debatt\u00f6rer, den som f\u00f6r n\u00e5gons talan, pain in the ass&#8230;","datePublished":"2017-02-01T20:12:22+00:00","dateModified":"2020-12-17T15:16:40+00:00","mainEntityOfPage":{"@id":"https:\/\/blogg.svenskakyrkan.se\/diakonibloggen\/2017\/02\/01\/visselblasare-debattorer-den-som-for-nagons-talan-pain-in-the-ass\/"},"wordCount":483,"commentCount":0,"image":{"@id":"https:\/\/blogg.svenskakyrkan.se\/diakonibloggen\/2017\/02\/01\/visselblasare-debattorer-den-som-for-nagons-talan-pain-in-the-ass\/#primaryimage"},"thumbnailUrl":"http:\/\/blogg.svenskakyrkan.se\/diakonibloggen\/files\/2017\/01\/skc3a4rmavbild-2017-01-13-kl-10-57-35.png?w=250","keywords":["diakoni. profetisk diakoni","kyrkans visselbl\u00e5sare","pain in the ass"],"articleSection":["Diakonalt arbete","Diakoni - men hur?","profetisk diakoni"],"inLanguage":"sv-SE","potentialAction":[{"@type":"CommentAction","name":"Comment","target":["https:\/\/blogg.svenskakyrkan.se\/diakonibloggen\/2017\/02\/01\/visselblasare-debattorer-den-som-for-nagons-talan-pain-in-the-ass\/#respond"]}]},{"@type":"WebPage","@id":"https:\/\/blogg.svenskakyrkan.se\/diakonibloggen\/2017\/02\/01\/visselblasare-debattorer-den-som-for-nagons-talan-pain-in-the-ass\/","url":"https:\/\/blogg.svenskakyrkan.se\/diakonibloggen\/2017\/02\/01\/visselblasare-debattorer-den-som-for-nagons-talan-pain-in-the-ass\/","name":"Visselbl\u00e5sare, debatt\u00f6rer, den som f\u00f6r n\u00e5gons talan, pain in the ass... - Diakonibloggen","isPartOf":{"@id":"https:\/\/blogg.svenskakyrkan.se\/diakonibloggen\/#website"},"primaryImageOfPage":{"@id":"https:\/\/blogg.svenskakyrkan.se\/diakonibloggen\/2017\/02\/01\/visselblasare-debattorer-den-som-for-nagons-talan-pain-in-the-ass\/#primaryimage"},"image":{"@id":"https:\/\/blogg.svenskakyrkan.se\/diakonibloggen\/2017\/02\/01\/visselblasare-debattorer-den-som-for-nagons-talan-pain-in-the-ass\/#primaryimage"},"thumbnailUrl":"http:\/\/blogg.svenskakyrkan.se\/diakonibloggen\/files\/2017\/01\/skc3a4rmavbild-2017-01-13-kl-10-57-35.png?w=250","datePublished":"2017-02-01T20:12:22+00:00","dateModified":"2020-12-17T15:16:40+00:00","author":{"@id":"https:\/\/blogg.svenskakyrkan.se\/diakonibloggen\/#\/schema\/person\/8f6a6fe8efab23c141c7e274fec6405f"},"breadcrumb":{"@id":"https:\/\/blogg.svenskakyrkan.se\/diakonibloggen\/2017\/02\/01\/visselblasare-debattorer-den-som-for-nagons-talan-pain-in-the-ass\/#breadcrumb"},"inLanguage":"sv-SE","potentialAction":[{"@type":"ReadAction","target":["https:\/\/blogg.svenskakyrkan.se\/diakonibloggen\/2017\/02\/01\/visselblasare-debattorer-den-som-for-nagons-talan-pain-in-the-ass\/"]}]},{"@type":"ImageObject","inLanguage":"sv-SE","@id":"https:\/\/blogg.svenskakyrkan.se\/diakonibloggen\/2017\/02\/01\/visselblasare-debattorer-den-som-for-nagons-talan-pain-in-the-ass\/#primaryimage","url":"http:\/\/blogg.svenskakyrkan.se\/diakonibloggen\/files\/2017\/01\/skc3a4rmavbild-2017-01-13-kl-10-57-35.png?w=250","contentUrl":"http:\/\/blogg.svenskakyrkan.se\/diakonibloggen\/files\/2017\/01\/skc3a4rmavbild-2017-01-13-kl-10-57-35.png?w=250"},{"@type":"BreadcrumbList","@id":"https:\/\/blogg.svenskakyrkan.se\/diakonibloggen\/2017\/02\/01\/visselblasare-debattorer-den-som-for-nagons-talan-pain-in-the-ass\/#breadcrumb","itemListElement":[{"@type":"ListItem","position":1,"name":"Hem","item":"https:\/\/blogg.svenskakyrkan.se\/diakonibloggen\/"},{"@type":"ListItem","position":2,"name":"Visselbl\u00e5sare, debatt\u00f6rer, den som f\u00f6r n\u00e5gons talan, pain in the ass&#8230;"}]},{"@type":"WebSite","@id":"https:\/\/blogg.svenskakyrkan.se\/diakonibloggen\/#website","url":"https:\/\/blogg.svenskakyrkan.se\/diakonibloggen\/","name":"Diakonibloggen","description":"Vi lyfter fram, hyllar, diskuterar och inspirerar till diakonalt arbete inom och utanf\u00f6r Svenska kyrkans ramar.","potentialAction":[{"@type":"SearchAction","target":{"@type":"EntryPoint","urlTemplate":"https:\/\/blogg.svenskakyrkan.se\/diakonibloggen\/?s={search_term_string}"},"query-input":{"@type":"PropertyValueSpecification","valueRequired":true,"valueName":"search_term_string"}}],"inLanguage":"sv-SE"},{"@type":"Person","@id":"https:\/\/blogg.svenskakyrkan.se\/diakonibloggen\/#\/schema\/person\/8f6a6fe8efab23c141c7e274fec6405f","name":"diakonibloggen","image":{"@type":"ImageObject","inLanguage":"sv-SE","@id":"https:\/\/blogg.svenskakyrkan.se\/diakonibloggen\/#\/schema\/person\/image\/","url":"https:\/\/secure.gravatar.com\/avatar\/95c0ca86fd13e3d8c1b7b7e9864c9a2ccb7b48c6f756a3b5447bcc13dd630488?s=96&d=mm&r=g","contentUrl":"https:\/\/secure.gravatar.com\/avatar\/95c0ca86fd13e3d8c1b7b7e9864c9a2ccb7b48c6f756a3b5447bcc13dd630488?s=96&d=mm&r=g","caption":"diakonibloggen"},"url":"https:\/\/blogg.svenskakyrkan.se\/diakonibloggen\/author\/diakonibloggen\/"}]}},"author_meta":{"ID":"776","user_nicename":"diakonibloggen","user_registered":"2020-12-17 14:50:06","display_name":"diakonibloggen","avatar":"https:\/\/blogg.svenskakyrkan.se\/diakonibloggen\/files\/2021\/02\/Sk\u00e4rmavbild-2019-04-12-kl.-14.20.54-150x150.png"},"featured_image":false,"bloginfo":{"name":"Diakonibloggen","url":"https:\/\/blogg.svenskakyrkan.se\/diakonibloggen"},"_links":{"self":[{"href":"https:\/\/blogg.svenskakyrkan.se\/diakonibloggen\/wp-json\/wp\/v2\/posts\/5563","targetHints":{"allow":["GET"]}}],"collection":[{"href":"https:\/\/blogg.svenskakyrkan.se\/diakonibloggen\/wp-json\/wp\/v2\/posts"}],"about":[{"href":"https:\/\/blogg.svenskakyrkan.se\/diakonibloggen\/wp-json\/wp\/v2\/types\/post"}],"author":[{"embeddable":true,"href":"https:\/\/blogg.svenskakyrkan.se\/diakonibloggen\/wp-json\/wp\/v2\/users\/776"}],"replies":[{"embeddable":true,"href":"https:\/\/blogg.svenskakyrkan.se\/diakonibloggen\/wp-json\/wp\/v2\/comments?post=5563"}],"version-history":[{"count":1,"href":"https:\/\/blogg.svenskakyrkan.se\/diakonibloggen\/wp-json\/wp\/v2\/posts\/5563\/revisions"}],"predecessor-version":[{"id":8461,"href":"https:\/\/blogg.svenskakyrkan.se\/diakonibloggen\/wp-json\/wp\/v2\/posts\/5563\/revisions\/8461"}],"wp:attachment":[{"href":"https:\/\/blogg.svenskakyrkan.se\/diakonibloggen\/wp-json\/wp\/v2\/media?parent=5563"}],"wp:term":[{"taxonomy":"category","embeddable":true,"href":"https:\/\/blogg.svenskakyrkan.se\/diakonibloggen\/wp-json\/wp\/v2\/categories?post=5563"},{"taxonomy":"post_tag","embeddable":true,"href":"https:\/\/blogg.svenskakyrkan.se\/diakonibloggen\/wp-json\/wp\/v2\/tags?post=5563"}],"curies":[{"name":"wp","href":"https:\/\/api.w.org\/{rel}","templated":true}]}}