{"id":5595,"date":"2017-02-16T09:23:50","date_gmt":"2017-02-16T09:23:50","guid":{"rendered":"http:\/\/diakonibloggen.com\/?p=5595"},"modified":"2020-12-17T15:16:40","modified_gmt":"2020-12-17T15:16:40","slug":"en-ett-eller-flera-att-lara-sig-att-forsta","status":"publish","type":"post","link":"https:\/\/blogg.svenskakyrkan.se\/diakonibloggen\/2017\/02\/16\/en-ett-eller-flera-att-lara-sig-att-forsta\/","title":{"rendered":"En, ett eller flera&#8230;att l\u00e4ra sig att f\u00f6rst\u00e5"},"content":{"rendered":"<p><a href=\"http:\/\/diakonibloggen.com\/?attachment_id=5584\" rel=\"attachment wp-att-5584\"><img loading=\"lazy\" decoding=\"async\" class=\"alignleft size-full wp-image-5584\" src=\"http:\/\/blogg.svenskakyrkan.se\/diakonibloggen\/files\/2017\/01\/img_0312.jpg\" alt=\"img_0312\" width=\"547\" height=\"547\" srcset=\"https:\/\/blogg.svenskakyrkan.se\/diakonibloggen\/files\/2017\/01\/img_0312.jpg 640w, https:\/\/blogg.svenskakyrkan.se\/diakonibloggen\/files\/2017\/01\/img_0312-300x300.jpg 300w, https:\/\/blogg.svenskakyrkan.se\/diakonibloggen\/files\/2017\/01\/img_0312-150x150.jpg 150w\" sizes=\"auto, (max-width: 547px) 100vw, 547px\" \/><\/a>Spr\u00e5kcaf\u00e9er\u00a0\u00a0\u00e4r en diakonal och social verksamhet som \u00f6kat i m\u00e5nga av Svenska kyrkans f\u00f6rsamlingar &#8211; och det ger s\u00e5 mycket mer. H\u00e4r p\u00e5 bilden ser ni min minsta lille kille &#8211; han kan inga ord \u00e4nnu men kan k\u00e4nna av v\u00e4rmen och gemenskapen &#8211; f\u00f6r det kr\u00e4vs inga ord :-).<\/p>\n<p>Karin, diakonibloggen<\/p>\n<p>Vi fokuserar p\u00e5 bilder! V\u00e4lkommen med kommentarer, funderingar eller kanske en talande bild att dela, till diakoni.se@gmail.com.<\/p>\n","protected":false},"excerpt":{"rendered":"<p>Spr\u00e5kcaf\u00e9er\u00a0\u00a0\u00e4r en diakonal och social verksamhet som \u00f6kat i m\u00e5nga av Svenska kyrkans f\u00f6rsamlingar &#8211; och det ger s\u00e5 mycket mer. H\u00e4r p\u00e5 bilden ser ni min minsta lille kille &#8211; han kan inga ord \u00e4nnu men kan k\u00e4nna av v\u00e4rmen och gemenskapen &#8211; f\u00f6r det kr\u00e4vs inga ord :-). Karin, diakonibloggen Vi fokuserar p\u00e5 [&hellip;]<\/p>\n","protected":false},"author":776,"featured_media":0,"comment_status":"open","ping_status":"open","sticky":false,"template":"","format":"standard","meta":{"_acf_changed":false,"footnotes":""},"categories":[23301,23302,23315],"tags":[24969],"class_list":["post-5595","post","type-post","status-publish","format-standard","hentry","category-diakonalt-arbete","category-diakoni","category-integration","tag-sprakcafe"],"acf":[],"yoast_head":"<!-- This site is optimized with the Yoast SEO plugin v27.1.1 - https:\/\/yoast.com\/product\/yoast-seo-wordpress\/ -->\n<title>En, ett eller flera...att l\u00e4ra sig att f\u00f6rst\u00e5 - Diakonibloggen<\/title>\n<meta name=\"robots\" content=\"index, follow, max-snippet:-1, max-image-preview:large, max-video-preview:-1\" \/>\n<link rel=\"canonical\" href=\"https:\/\/blogg.svenskakyrkan.se\/diakonibloggen\/2017\/02\/16\/en-ett-eller-flera-att-lara-sig-att-forsta\/\" \/>\n<meta property=\"og:locale\" content=\"sv_SE\" \/>\n<meta property=\"og:type\" content=\"article\" \/>\n<meta property=\"og:title\" content=\"En, ett eller flera...att l\u00e4ra sig att f\u00f6rst\u00e5 - Diakonibloggen\" \/>\n<meta property=\"og:description\" content=\"Spr\u00e5kcaf\u00e9er\u00a0\u00a0\u00e4r en diakonal och social verksamhet som \u00f6kat i m\u00e5nga av Svenska kyrkans f\u00f6rsamlingar &#8211; och det ger s\u00e5 mycket mer. H\u00e4r p\u00e5 bilden ser ni min minsta lille kille &#8211; han kan inga ord \u00e4nnu men kan k\u00e4nna av v\u00e4rmen och gemenskapen &#8211; f\u00f6r det kr\u00e4vs inga ord :-). Karin, diakonibloggen Vi fokuserar p\u00e5 [&hellip;]\" \/>\n<meta property=\"og:url\" content=\"https:\/\/blogg.svenskakyrkan.se\/diakonibloggen\/2017\/02\/16\/en-ett-eller-flera-att-lara-sig-att-forsta\/\" \/>\n<meta property=\"og:site_name\" content=\"Diakonibloggen\" \/>\n<meta property=\"article:published_time\" content=\"2017-02-16T09:23:50+00:00\" \/>\n<meta property=\"article:modified_time\" content=\"2020-12-17T15:16:40+00:00\" \/>\n<meta property=\"og:image\" content=\"http:\/\/blogg.svenskakyrkan.se\/diakonibloggen\/files\/2017\/01\/img_0312.jpg\" \/>\n<meta name=\"author\" content=\"diakonibloggen\" \/>\n<meta name=\"twitter:card\" content=\"summary_large_image\" \/>\n<meta name=\"twitter:label1\" content=\"Skriven av\" \/>\n\t<meta name=\"twitter:data1\" content=\"diakonibloggen\" \/>\n<script type=\"application\/ld+json\" class=\"yoast-schema-graph\">{\"@context\":\"https:\/\/schema.org\",\"@graph\":[{\"@type\":\"Article\",\"@id\":\"https:\/\/blogg.svenskakyrkan.se\/diakonibloggen\/2017\/02\/16\/en-ett-eller-flera-att-lara-sig-att-forsta\/#article\",\"isPartOf\":{\"@id\":\"https:\/\/blogg.svenskakyrkan.se\/diakonibloggen\/2017\/02\/16\/en-ett-eller-flera-att-lara-sig-att-forsta\/\"},\"author\":{\"name\":\"diakonibloggen\",\"@id\":\"https:\/\/blogg.svenskakyrkan.se\/diakonibloggen\/#\/schema\/person\/8f6a6fe8efab23c141c7e274fec6405f\"},\"headline\":\"En, ett eller flera&#8230;att l\u00e4ra sig att f\u00f6rst\u00e5\",\"datePublished\":\"2017-02-16T09:23:50+00:00\",\"dateModified\":\"2020-12-17T15:16:40+00:00\",\"mainEntityOfPage\":{\"@id\":\"https:\/\/blogg.svenskakyrkan.se\/diakonibloggen\/2017\/02\/16\/en-ett-eller-flera-att-lara-sig-att-forsta\/\"},\"wordCount\":94,\"commentCount\":0,\"image\":{\"@id\":\"https:\/\/blogg.svenskakyrkan.se\/diakonibloggen\/2017\/02\/16\/en-ett-eller-flera-att-lara-sig-att-forsta\/#primaryimage\"},\"thumbnailUrl\":\"http:\/\/blogg.svenskakyrkan.se\/diakonibloggen\/files\/2017\/01\/img_0312.jpg\",\"keywords\":[\"spr\u00e5kcaf\u00e9\"],\"articleSection\":[\"Diakonalt arbete\",\"diakoni\",\"Integration\"],\"inLanguage\":\"sv-SE\",\"potentialAction\":[{\"@type\":\"CommentAction\",\"name\":\"Comment\",\"target\":[\"https:\/\/blogg.svenskakyrkan.se\/diakonibloggen\/2017\/02\/16\/en-ett-eller-flera-att-lara-sig-att-forsta\/#respond\"]}]},{\"@type\":\"WebPage\",\"@id\":\"https:\/\/blogg.svenskakyrkan.se\/diakonibloggen\/2017\/02\/16\/en-ett-eller-flera-att-lara-sig-att-forsta\/\",\"url\":\"https:\/\/blogg.svenskakyrkan.se\/diakonibloggen\/2017\/02\/16\/en-ett-eller-flera-att-lara-sig-att-forsta\/\",\"name\":\"En, ett eller flera...att l\u00e4ra sig att f\u00f6rst\u00e5 - Diakonibloggen\",\"isPartOf\":{\"@id\":\"https:\/\/blogg.svenskakyrkan.se\/diakonibloggen\/#website\"},\"primaryImageOfPage\":{\"@id\":\"https:\/\/blogg.svenskakyrkan.se\/diakonibloggen\/2017\/02\/16\/en-ett-eller-flera-att-lara-sig-att-forsta\/#primaryimage\"},\"image\":{\"@id\":\"https:\/\/blogg.svenskakyrkan.se\/diakonibloggen\/2017\/02\/16\/en-ett-eller-flera-att-lara-sig-att-forsta\/#primaryimage\"},\"thumbnailUrl\":\"http:\/\/blogg.svenskakyrkan.se\/diakonibloggen\/files\/2017\/01\/img_0312.jpg\",\"datePublished\":\"2017-02-16T09:23:50+00:00\",\"dateModified\":\"2020-12-17T15:16:40+00:00\",\"author\":{\"@id\":\"https:\/\/blogg.svenskakyrkan.se\/diakonibloggen\/#\/schema\/person\/8f6a6fe8efab23c141c7e274fec6405f\"},\"breadcrumb\":{\"@id\":\"https:\/\/blogg.svenskakyrkan.se\/diakonibloggen\/2017\/02\/16\/en-ett-eller-flera-att-lara-sig-att-forsta\/#breadcrumb\"},\"inLanguage\":\"sv-SE\",\"potentialAction\":[{\"@type\":\"ReadAction\",\"target\":[\"https:\/\/blogg.svenskakyrkan.se\/diakonibloggen\/2017\/02\/16\/en-ett-eller-flera-att-lara-sig-att-forsta\/\"]}]},{\"@type\":\"ImageObject\",\"inLanguage\":\"sv-SE\",\"@id\":\"https:\/\/blogg.svenskakyrkan.se\/diakonibloggen\/2017\/02\/16\/en-ett-eller-flera-att-lara-sig-att-forsta\/#primaryimage\",\"url\":\"http:\/\/blogg.svenskakyrkan.se\/diakonibloggen\/files\/2017\/01\/img_0312.jpg\",\"contentUrl\":\"http:\/\/blogg.svenskakyrkan.se\/diakonibloggen\/files\/2017\/01\/img_0312.jpg\"},{\"@type\":\"BreadcrumbList\",\"@id\":\"https:\/\/blogg.svenskakyrkan.se\/diakonibloggen\/2017\/02\/16\/en-ett-eller-flera-att-lara-sig-att-forsta\/#breadcrumb\",\"itemListElement\":[{\"@type\":\"ListItem\",\"position\":1,\"name\":\"Hem\",\"item\":\"https:\/\/blogg.svenskakyrkan.se\/diakonibloggen\/\"},{\"@type\":\"ListItem\",\"position\":2,\"name\":\"En, ett eller flera&#8230;att l\u00e4ra sig att f\u00f6rst\u00e5\"}]},{\"@type\":\"WebSite\",\"@id\":\"https:\/\/blogg.svenskakyrkan.se\/diakonibloggen\/#website\",\"url\":\"https:\/\/blogg.svenskakyrkan.se\/diakonibloggen\/\",\"name\":\"Diakonibloggen\",\"description\":\"Vi lyfter fram, hyllar, diskuterar och inspirerar till diakonalt arbete inom och utanf\u00f6r Svenska kyrkans ramar.\",\"potentialAction\":[{\"@type\":\"SearchAction\",\"target\":{\"@type\":\"EntryPoint\",\"urlTemplate\":\"https:\/\/blogg.svenskakyrkan.se\/diakonibloggen\/?s={search_term_string}\"},\"query-input\":{\"@type\":\"PropertyValueSpecification\",\"valueRequired\":true,\"valueName\":\"search_term_string\"}}],\"inLanguage\":\"sv-SE\"},{\"@type\":\"Person\",\"@id\":\"https:\/\/blogg.svenskakyrkan.se\/diakonibloggen\/#\/schema\/person\/8f6a6fe8efab23c141c7e274fec6405f\",\"name\":\"diakonibloggen\",\"image\":{\"@type\":\"ImageObject\",\"inLanguage\":\"sv-SE\",\"@id\":\"https:\/\/blogg.svenskakyrkan.se\/diakonibloggen\/#\/schema\/person\/image\/\",\"url\":\"https:\/\/secure.gravatar.com\/avatar\/95c0ca86fd13e3d8c1b7b7e9864c9a2ccb7b48c6f756a3b5447bcc13dd630488?s=96&d=mm&r=g\",\"contentUrl\":\"https:\/\/secure.gravatar.com\/avatar\/95c0ca86fd13e3d8c1b7b7e9864c9a2ccb7b48c6f756a3b5447bcc13dd630488?s=96&d=mm&r=g\",\"caption\":\"diakonibloggen\"},\"url\":\"https:\/\/blogg.svenskakyrkan.se\/diakonibloggen\/author\/diakonibloggen\/\"}]}<\/script>\n<!-- \/ Yoast SEO plugin. -->","yoast_head_json":{"title":"En, ett eller flera...att l\u00e4ra sig att f\u00f6rst\u00e5 - Diakonibloggen","robots":{"index":"index","follow":"follow","max-snippet":"max-snippet:-1","max-image-preview":"max-image-preview:large","max-video-preview":"max-video-preview:-1"},"canonical":"https:\/\/blogg.svenskakyrkan.se\/diakonibloggen\/2017\/02\/16\/en-ett-eller-flera-att-lara-sig-att-forsta\/","og_locale":"sv_SE","og_type":"article","og_title":"En, ett eller flera...att l\u00e4ra sig att f\u00f6rst\u00e5 - Diakonibloggen","og_description":"Spr\u00e5kcaf\u00e9er\u00a0\u00a0\u00e4r en diakonal och social verksamhet som \u00f6kat i m\u00e5nga av Svenska kyrkans f\u00f6rsamlingar &#8211; och det ger s\u00e5 mycket mer. H\u00e4r p\u00e5 bilden ser ni min minsta lille kille &#8211; han kan inga ord \u00e4nnu men kan k\u00e4nna av v\u00e4rmen och gemenskapen &#8211; f\u00f6r det kr\u00e4vs inga ord :-). Karin, diakonibloggen Vi fokuserar p\u00e5 [&hellip;]","og_url":"https:\/\/blogg.svenskakyrkan.se\/diakonibloggen\/2017\/02\/16\/en-ett-eller-flera-att-lara-sig-att-forsta\/","og_site_name":"Diakonibloggen","article_published_time":"2017-02-16T09:23:50+00:00","article_modified_time":"2020-12-17T15:16:40+00:00","og_image":[{"url":"http:\/\/blogg.svenskakyrkan.se\/diakonibloggen\/files\/2017\/01\/img_0312.jpg","type":"","width":"","height":""}],"author":"diakonibloggen","twitter_card":"summary_large_image","twitter_misc":{"Skriven av":"diakonibloggen"},"schema":{"@context":"https:\/\/schema.org","@graph":[{"@type":"Article","@id":"https:\/\/blogg.svenskakyrkan.se\/diakonibloggen\/2017\/02\/16\/en-ett-eller-flera-att-lara-sig-att-forsta\/#article","isPartOf":{"@id":"https:\/\/blogg.svenskakyrkan.se\/diakonibloggen\/2017\/02\/16\/en-ett-eller-flera-att-lara-sig-att-forsta\/"},"author":{"name":"diakonibloggen","@id":"https:\/\/blogg.svenskakyrkan.se\/diakonibloggen\/#\/schema\/person\/8f6a6fe8efab23c141c7e274fec6405f"},"headline":"En, ett eller flera&#8230;att l\u00e4ra sig att f\u00f6rst\u00e5","datePublished":"2017-02-16T09:23:50+00:00","dateModified":"2020-12-17T15:16:40+00:00","mainEntityOfPage":{"@id":"https:\/\/blogg.svenskakyrkan.se\/diakonibloggen\/2017\/02\/16\/en-ett-eller-flera-att-lara-sig-att-forsta\/"},"wordCount":94,"commentCount":0,"image":{"@id":"https:\/\/blogg.svenskakyrkan.se\/diakonibloggen\/2017\/02\/16\/en-ett-eller-flera-att-lara-sig-att-forsta\/#primaryimage"},"thumbnailUrl":"http:\/\/blogg.svenskakyrkan.se\/diakonibloggen\/files\/2017\/01\/img_0312.jpg","keywords":["spr\u00e5kcaf\u00e9"],"articleSection":["Diakonalt arbete","diakoni","Integration"],"inLanguage":"sv-SE","potentialAction":[{"@type":"CommentAction","name":"Comment","target":["https:\/\/blogg.svenskakyrkan.se\/diakonibloggen\/2017\/02\/16\/en-ett-eller-flera-att-lara-sig-att-forsta\/#respond"]}]},{"@type":"WebPage","@id":"https:\/\/blogg.svenskakyrkan.se\/diakonibloggen\/2017\/02\/16\/en-ett-eller-flera-att-lara-sig-att-forsta\/","url":"https:\/\/blogg.svenskakyrkan.se\/diakonibloggen\/2017\/02\/16\/en-ett-eller-flera-att-lara-sig-att-forsta\/","name":"En, ett eller flera...att l\u00e4ra sig att f\u00f6rst\u00e5 - Diakonibloggen","isPartOf":{"@id":"https:\/\/blogg.svenskakyrkan.se\/diakonibloggen\/#website"},"primaryImageOfPage":{"@id":"https:\/\/blogg.svenskakyrkan.se\/diakonibloggen\/2017\/02\/16\/en-ett-eller-flera-att-lara-sig-att-forsta\/#primaryimage"},"image":{"@id":"https:\/\/blogg.svenskakyrkan.se\/diakonibloggen\/2017\/02\/16\/en-ett-eller-flera-att-lara-sig-att-forsta\/#primaryimage"},"thumbnailUrl":"http:\/\/blogg.svenskakyrkan.se\/diakonibloggen\/files\/2017\/01\/img_0312.jpg","datePublished":"2017-02-16T09:23:50+00:00","dateModified":"2020-12-17T15:16:40+00:00","author":{"@id":"https:\/\/blogg.svenskakyrkan.se\/diakonibloggen\/#\/schema\/person\/8f6a6fe8efab23c141c7e274fec6405f"},"breadcrumb":{"@id":"https:\/\/blogg.svenskakyrkan.se\/diakonibloggen\/2017\/02\/16\/en-ett-eller-flera-att-lara-sig-att-forsta\/#breadcrumb"},"inLanguage":"sv-SE","potentialAction":[{"@type":"ReadAction","target":["https:\/\/blogg.svenskakyrkan.se\/diakonibloggen\/2017\/02\/16\/en-ett-eller-flera-att-lara-sig-att-forsta\/"]}]},{"@type":"ImageObject","inLanguage":"sv-SE","@id":"https:\/\/blogg.svenskakyrkan.se\/diakonibloggen\/2017\/02\/16\/en-ett-eller-flera-att-lara-sig-att-forsta\/#primaryimage","url":"http:\/\/blogg.svenskakyrkan.se\/diakonibloggen\/files\/2017\/01\/img_0312.jpg","contentUrl":"http:\/\/blogg.svenskakyrkan.se\/diakonibloggen\/files\/2017\/01\/img_0312.jpg"},{"@type":"BreadcrumbList","@id":"https:\/\/blogg.svenskakyrkan.se\/diakonibloggen\/2017\/02\/16\/en-ett-eller-flera-att-lara-sig-att-forsta\/#breadcrumb","itemListElement":[{"@type":"ListItem","position":1,"name":"Hem","item":"https:\/\/blogg.svenskakyrkan.se\/diakonibloggen\/"},{"@type":"ListItem","position":2,"name":"En, ett eller flera&#8230;att l\u00e4ra sig att f\u00f6rst\u00e5"}]},{"@type":"WebSite","@id":"https:\/\/blogg.svenskakyrkan.se\/diakonibloggen\/#website","url":"https:\/\/blogg.svenskakyrkan.se\/diakonibloggen\/","name":"Diakonibloggen","description":"Vi lyfter fram, hyllar, diskuterar och inspirerar till diakonalt arbete inom och utanf\u00f6r Svenska kyrkans ramar.","potentialAction":[{"@type":"SearchAction","target":{"@type":"EntryPoint","urlTemplate":"https:\/\/blogg.svenskakyrkan.se\/diakonibloggen\/?s={search_term_string}"},"query-input":{"@type":"PropertyValueSpecification","valueRequired":true,"valueName":"search_term_string"}}],"inLanguage":"sv-SE"},{"@type":"Person","@id":"https:\/\/blogg.svenskakyrkan.se\/diakonibloggen\/#\/schema\/person\/8f6a6fe8efab23c141c7e274fec6405f","name":"diakonibloggen","image":{"@type":"ImageObject","inLanguage":"sv-SE","@id":"https:\/\/blogg.svenskakyrkan.se\/diakonibloggen\/#\/schema\/person\/image\/","url":"https:\/\/secure.gravatar.com\/avatar\/95c0ca86fd13e3d8c1b7b7e9864c9a2ccb7b48c6f756a3b5447bcc13dd630488?s=96&d=mm&r=g","contentUrl":"https:\/\/secure.gravatar.com\/avatar\/95c0ca86fd13e3d8c1b7b7e9864c9a2ccb7b48c6f756a3b5447bcc13dd630488?s=96&d=mm&r=g","caption":"diakonibloggen"},"url":"https:\/\/blogg.svenskakyrkan.se\/diakonibloggen\/author\/diakonibloggen\/"}]}},"author_meta":{"ID":"776","user_nicename":"diakonibloggen","user_registered":"2020-12-17 14:50:06","display_name":"diakonibloggen","avatar":"https:\/\/blogg.svenskakyrkan.se\/diakonibloggen\/files\/2021\/02\/Sk\u00e4rmavbild-2019-04-12-kl.-14.20.54-150x150.png"},"featured_image":false,"bloginfo":{"name":"Diakonibloggen","url":"https:\/\/blogg.svenskakyrkan.se\/diakonibloggen"},"_links":{"self":[{"href":"https:\/\/blogg.svenskakyrkan.se\/diakonibloggen\/wp-json\/wp\/v2\/posts\/5595","targetHints":{"allow":["GET"]}}],"collection":[{"href":"https:\/\/blogg.svenskakyrkan.se\/diakonibloggen\/wp-json\/wp\/v2\/posts"}],"about":[{"href":"https:\/\/blogg.svenskakyrkan.se\/diakonibloggen\/wp-json\/wp\/v2\/types\/post"}],"author":[{"embeddable":true,"href":"https:\/\/blogg.svenskakyrkan.se\/diakonibloggen\/wp-json\/wp\/v2\/users\/776"}],"replies":[{"embeddable":true,"href":"https:\/\/blogg.svenskakyrkan.se\/diakonibloggen\/wp-json\/wp\/v2\/comments?post=5595"}],"version-history":[{"count":1,"href":"https:\/\/blogg.svenskakyrkan.se\/diakonibloggen\/wp-json\/wp\/v2\/posts\/5595\/revisions"}],"predecessor-version":[{"id":8458,"href":"https:\/\/blogg.svenskakyrkan.se\/diakonibloggen\/wp-json\/wp\/v2\/posts\/5595\/revisions\/8458"}],"wp:attachment":[{"href":"https:\/\/blogg.svenskakyrkan.se\/diakonibloggen\/wp-json\/wp\/v2\/media?parent=5595"}],"wp:term":[{"taxonomy":"category","embeddable":true,"href":"https:\/\/blogg.svenskakyrkan.se\/diakonibloggen\/wp-json\/wp\/v2\/categories?post=5595"},{"taxonomy":"post_tag","embeddable":true,"href":"https:\/\/blogg.svenskakyrkan.se\/diakonibloggen\/wp-json\/wp\/v2\/tags?post=5595"}],"curies":[{"name":"wp","href":"https:\/\/api.w.org\/{rel}","templated":true}]}}