{"id":5771,"date":"2017-04-18T07:28:49","date_gmt":"2017-04-18T07:28:49","guid":{"rendered":"http:\/\/diakonibloggen.com\/?p=5771"},"modified":"2020-12-17T15:16:40","modified_gmt":"2020-12-17T15:16:40","slug":"vi-som-i-villkorslost","status":"publish","type":"post","link":"https:\/\/blogg.svenskakyrkan.se\/diakonibloggen\/2017\/04\/18\/vi-som-i-villkorslost\/","title":{"rendered":"Vi som i villkorsl\u00f6st?"},"content":{"rendered":"<div>\n<p><a href=\"http:\/\/diakonibloggen.com\/2017\/04\/18\/vi-som-i-villkorslost\/skarmavbild-2017-04-15-kl-23-12-26\/\" rel=\"attachment wp-att-5772\"><img loading=\"lazy\" decoding=\"async\" class=\"alignleft size-full wp-image-5772\" src=\"http:\/\/blogg.svenskakyrkan.se\/diakonibloggen\/files\/2017\/04\/skc3a4rmavbild-2017-04-15-kl-23-12-26.png\" alt=\"\" width=\"120\" height=\"167\" \/><\/a>Stockholm sv\u00e4mmar \u00f6ver av t\u00e5rar. Drottninggatan sv\u00e4mmar \u00f6ver av blommor. Hj\u00e4rtan sv\u00e4mmar \u00f6ver av medm\u00e4nsklighet. Huvudstaden som ofta f\u00e5tt kritik f\u00f6r att vara kall och og\u00e4stv\u00e4nlig har \u00f6ppnat sina d\u00f6rrar. M\u00e4nniskor bjuder in ok\u00e4nda till sina hem, str\u00e4cker ut sina h\u00e4nder till vem som helst att ta, tr\u00f6star och enas \u00f6ver partigr\u00e4nser och \u00e5ldersgr\u00e4nser &#8211; mot v\u00e5ld och f\u00f6rtryck.<\/p>\n<p>I b\u00f6rjan av april v\u00e4ntade drygt 18 000 ensamkommande barn och ungdomar p\u00e5 besked om att f\u00e5 stanna i Sverige eller inte.(Migrationsverket.se) Unga m\u00e4nniskor som under den tid de vistats h\u00e4r hunnit bli en sj\u00e4lvklar del av samh\u00e4llet. Hunnit b\u00f6rja spela i ett fotbollslag, sjunga i k\u00f6r, tr\u00e4ffa n\u00e4ra v\u00e4nner, skaffa sig favoritplatser, bli k\u00e4ra. Bli en del av ett sammanhang.<\/p>\n<p>Flera av dem promenerar dagligen p\u00e5 ovan n\u00e4mnda gata.<\/p>\n<p>De hade kunnat vara en av oss. Men de befinner sig p\u00e5 samh\u00e4llets mest pl\u00e5gsamma str\u00e4ckb\u00e4nk. De vet inte vad som v\u00e4ntar dem, kan inte planera sin framtid. Kanske utvisas de till sitt \u00f6de. Kanske m\u00e5ste de tillbaka till den plats varifr\u00e5n de flydde f\u00f6r sina liv &#8211; fr\u00e5n sina familjer, fr\u00e5n sin enda trygghet, f\u00f6r sitt liv, f\u00f6r hopp om r\u00e4ddning och amnesti.<\/p>\n<p><a href=\"http:\/\/diakonibloggen.com\/2015\/02\/24\/idag-kom-ingen-och-halsade-pa-mig-heller\/gab-2\/\" rel=\"attachment wp-att-4040\"><img loading=\"lazy\" decoding=\"async\" class=\"alignleft wp-image-4040 size-thumbnail\" src=\"https:\/\/diakonibloggen.files.wordpress.com\/2015\/02\/gab.jpg?w=250\" alt=\"\" width=\"250\" height=\"250\" srcset=\"https:\/\/blogg.svenskakyrkan.se\/diakonibloggen\/files\/2015\/02\/gab.jpg 448w, https:\/\/blogg.svenskakyrkan.se\/diakonibloggen\/files\/2015\/02\/gab-300x300.jpg 300w, https:\/\/blogg.svenskakyrkan.se\/diakonibloggen\/files\/2015\/02\/gab-150x150.jpg 150w\" sizes=\"auto, (max-width: 250px) 100vw, 250px\" \/><\/a>En del st\u00e5r inte ut. V\u00e4ljer d\u00f6den f\u00f6re det ovissa livet. Siffran \u00f6ver sj\u00e4lvmorden bland ensamkommande flyktingbarn g\u00e5r inte att fly ifr\u00e5n.<\/p>\n<p>Blomsterhavet p\u00e5 Drottninggatan vittnar om ett Sverige som m\u00f6ter r\u00e4dsla med \u00f6ppenhet och gemenskap. L\u00e5t oss visa att denna villkorsl\u00f6sa medm\u00e4nsklighet \u00e4ven g\u00e4ller alla dessa unga m\u00e4nniskor. Som har flytt fr\u00e5n de onda makter vi f\u00f6renas mot.<\/p>\n<p>N\u00e4r vi pratar om att \u201d<b>VI<\/b>\u00a0m\u00e5ste g\u00f6ra gemensamt motst\u00e5nd mot v\u00e5ld och f\u00f6rtryck&#8221;, vilket\u00a0<b>VI\u00a0<\/b>pratar<b>\u00a0VI\u00a0<\/b>d\u00e5 om? Om dessa unga m\u00e4nniskor inte ing\u00e5r i det\u00a0<b>VI<\/b>:et, vilka g\u00f6r det d\u00e5?<\/p>\n<\/div>\n<p>&nbsp;<\/p>\n<div>\n<div>\n<div>\n<div>\n<div>\n<div>\n<div>\n<p><b>Gabriella F\u00e4ldt<\/b><\/p>\n<p><span class=\"m_6539550772838908906Apple-style-span\" style=\"color:#404040;font-family:Arial, sans-serif\"><span style=\"color:#000000;font-family:Helvetica\">Copywriter \/ PR strategist<\/span><\/span><\/p>\n<\/div>\n<\/div>\n<\/div>\n<\/div>\n<\/div>\n<\/div>\n<\/div>\n","protected":false},"excerpt":{"rendered":"<p>Stockholm sv\u00e4mmar \u00f6ver av t\u00e5rar. Drottninggatan sv\u00e4mmar \u00f6ver av blommor. Hj\u00e4rtan sv\u00e4mmar \u00f6ver av medm\u00e4nsklighet. Huvudstaden som ofta f\u00e5tt kritik f\u00f6r att vara kall och og\u00e4stv\u00e4nlig har \u00f6ppnat sina d\u00f6rrar. M\u00e4nniskor bjuder in ok\u00e4nda till sina hem, str\u00e4cker ut sina h\u00e4nder till vem som helst att ta, tr\u00f6star och enas \u00f6ver partigr\u00e4nser och \u00e5ldersgr\u00e4nser &#8211; [&hellip;]<\/p>\n","protected":false},"author":776,"featured_media":0,"comment_status":"open","ping_status":"open","sticky":false,"template":"","format":"standard","meta":{"_acf_changed":false,"footnotes":""},"categories":[23296,23301,23310],"tags":[23873],"class_list":["post-5771","post","type-post","status-publish","format-standard","hentry","category-barn","category-diakonalt-arbete","category-flyktingar","tag-ensamkommande-flyktingbarn"],"acf":[],"yoast_head":"<!-- This site is optimized with the Yoast SEO plugin v27.1.1 - https:\/\/yoast.com\/product\/yoast-seo-wordpress\/ -->\n<title>Vi som i villkorsl\u00f6st? - Diakonibloggen<\/title>\n<meta name=\"robots\" content=\"index, follow, max-snippet:-1, max-image-preview:large, max-video-preview:-1\" \/>\n<link rel=\"canonical\" href=\"https:\/\/blogg.svenskakyrkan.se\/diakonibloggen\/2017\/04\/18\/vi-som-i-villkorslost\/\" \/>\n<meta property=\"og:locale\" content=\"sv_SE\" \/>\n<meta property=\"og:type\" content=\"article\" \/>\n<meta property=\"og:title\" content=\"Vi som i villkorsl\u00f6st? - Diakonibloggen\" \/>\n<meta property=\"og:description\" content=\"Stockholm sv\u00e4mmar \u00f6ver av t\u00e5rar. Drottninggatan sv\u00e4mmar \u00f6ver av blommor. Hj\u00e4rtan sv\u00e4mmar \u00f6ver av medm\u00e4nsklighet. Huvudstaden som ofta f\u00e5tt kritik f\u00f6r att vara kall och og\u00e4stv\u00e4nlig har \u00f6ppnat sina d\u00f6rrar. M\u00e4nniskor bjuder in ok\u00e4nda till sina hem, str\u00e4cker ut sina h\u00e4nder till vem som helst att ta, tr\u00f6star och enas \u00f6ver partigr\u00e4nser och \u00e5ldersgr\u00e4nser &#8211; [&hellip;]\" \/>\n<meta property=\"og:url\" content=\"https:\/\/blogg.svenskakyrkan.se\/diakonibloggen\/2017\/04\/18\/vi-som-i-villkorslost\/\" \/>\n<meta property=\"og:site_name\" content=\"Diakonibloggen\" \/>\n<meta property=\"article:published_time\" content=\"2017-04-18T07:28:49+00:00\" \/>\n<meta property=\"article:modified_time\" content=\"2020-12-17T15:16:40+00:00\" \/>\n<meta property=\"og:image\" content=\"http:\/\/blogg.svenskakyrkan.se\/diakonibloggen\/files\/2017\/04\/skc3a4rmavbild-2017-04-15-kl-23-12-26.png\" \/>\n<meta name=\"author\" content=\"diakonibloggen\" \/>\n<meta name=\"twitter:card\" content=\"summary_large_image\" \/>\n<meta name=\"twitter:label1\" content=\"Skriven av\" \/>\n\t<meta name=\"twitter:data1\" content=\"diakonibloggen\" \/>\n\t<meta name=\"twitter:label2\" content=\"Ber\u00e4knad l\u00e4stid\" \/>\n\t<meta name=\"twitter:data2\" content=\"2 minuter\" \/>\n<script type=\"application\/ld+json\" class=\"yoast-schema-graph\">{\"@context\":\"https:\/\/schema.org\",\"@graph\":[{\"@type\":\"Article\",\"@id\":\"https:\/\/blogg.svenskakyrkan.se\/diakonibloggen\/2017\/04\/18\/vi-som-i-villkorslost\/#article\",\"isPartOf\":{\"@id\":\"https:\/\/blogg.svenskakyrkan.se\/diakonibloggen\/2017\/04\/18\/vi-som-i-villkorslost\/\"},\"author\":{\"name\":\"diakonibloggen\",\"@id\":\"https:\/\/blogg.svenskakyrkan.se\/diakonibloggen\/#\/schema\/person\/8f6a6fe8efab23c141c7e274fec6405f\"},\"headline\":\"Vi som i villkorsl\u00f6st?\",\"datePublished\":\"2017-04-18T07:28:49+00:00\",\"dateModified\":\"2020-12-17T15:16:40+00:00\",\"mainEntityOfPage\":{\"@id\":\"https:\/\/blogg.svenskakyrkan.se\/diakonibloggen\/2017\/04\/18\/vi-som-i-villkorslost\/\"},\"wordCount\":369,\"commentCount\":0,\"image\":{\"@id\":\"https:\/\/blogg.svenskakyrkan.se\/diakonibloggen\/2017\/04\/18\/vi-som-i-villkorslost\/#primaryimage\"},\"thumbnailUrl\":\"http:\/\/blogg.svenskakyrkan.se\/diakonibloggen\/files\/2017\/04\/skc3a4rmavbild-2017-04-15-kl-23-12-26.png\",\"keywords\":[\"ensamkommande flyktingbarn\"],\"articleSection\":[\"Barn\",\"Diakonalt arbete\",\"flyktingar\"],\"inLanguage\":\"sv-SE\",\"potentialAction\":[{\"@type\":\"CommentAction\",\"name\":\"Comment\",\"target\":[\"https:\/\/blogg.svenskakyrkan.se\/diakonibloggen\/2017\/04\/18\/vi-som-i-villkorslost\/#respond\"]}]},{\"@type\":\"WebPage\",\"@id\":\"https:\/\/blogg.svenskakyrkan.se\/diakonibloggen\/2017\/04\/18\/vi-som-i-villkorslost\/\",\"url\":\"https:\/\/blogg.svenskakyrkan.se\/diakonibloggen\/2017\/04\/18\/vi-som-i-villkorslost\/\",\"name\":\"Vi som i villkorsl\u00f6st? - Diakonibloggen\",\"isPartOf\":{\"@id\":\"https:\/\/blogg.svenskakyrkan.se\/diakonibloggen\/#website\"},\"primaryImageOfPage\":{\"@id\":\"https:\/\/blogg.svenskakyrkan.se\/diakonibloggen\/2017\/04\/18\/vi-som-i-villkorslost\/#primaryimage\"},\"image\":{\"@id\":\"https:\/\/blogg.svenskakyrkan.se\/diakonibloggen\/2017\/04\/18\/vi-som-i-villkorslost\/#primaryimage\"},\"thumbnailUrl\":\"http:\/\/blogg.svenskakyrkan.se\/diakonibloggen\/files\/2017\/04\/skc3a4rmavbild-2017-04-15-kl-23-12-26.png\",\"datePublished\":\"2017-04-18T07:28:49+00:00\",\"dateModified\":\"2020-12-17T15:16:40+00:00\",\"author\":{\"@id\":\"https:\/\/blogg.svenskakyrkan.se\/diakonibloggen\/#\/schema\/person\/8f6a6fe8efab23c141c7e274fec6405f\"},\"breadcrumb\":{\"@id\":\"https:\/\/blogg.svenskakyrkan.se\/diakonibloggen\/2017\/04\/18\/vi-som-i-villkorslost\/#breadcrumb\"},\"inLanguage\":\"sv-SE\",\"potentialAction\":[{\"@type\":\"ReadAction\",\"target\":[\"https:\/\/blogg.svenskakyrkan.se\/diakonibloggen\/2017\/04\/18\/vi-som-i-villkorslost\/\"]}]},{\"@type\":\"ImageObject\",\"inLanguage\":\"sv-SE\",\"@id\":\"https:\/\/blogg.svenskakyrkan.se\/diakonibloggen\/2017\/04\/18\/vi-som-i-villkorslost\/#primaryimage\",\"url\":\"http:\/\/blogg.svenskakyrkan.se\/diakonibloggen\/files\/2017\/04\/skc3a4rmavbild-2017-04-15-kl-23-12-26.png\",\"contentUrl\":\"http:\/\/blogg.svenskakyrkan.se\/diakonibloggen\/files\/2017\/04\/skc3a4rmavbild-2017-04-15-kl-23-12-26.png\"},{\"@type\":\"BreadcrumbList\",\"@id\":\"https:\/\/blogg.svenskakyrkan.se\/diakonibloggen\/2017\/04\/18\/vi-som-i-villkorslost\/#breadcrumb\",\"itemListElement\":[{\"@type\":\"ListItem\",\"position\":1,\"name\":\"Hem\",\"item\":\"https:\/\/blogg.svenskakyrkan.se\/diakonibloggen\/\"},{\"@type\":\"ListItem\",\"position\":2,\"name\":\"Vi som i villkorsl\u00f6st?\"}]},{\"@type\":\"WebSite\",\"@id\":\"https:\/\/blogg.svenskakyrkan.se\/diakonibloggen\/#website\",\"url\":\"https:\/\/blogg.svenskakyrkan.se\/diakonibloggen\/\",\"name\":\"Diakonibloggen\",\"description\":\"Vi lyfter fram, hyllar, diskuterar och inspirerar till diakonalt arbete inom och utanf\u00f6r Svenska kyrkans ramar.\",\"potentialAction\":[{\"@type\":\"SearchAction\",\"target\":{\"@type\":\"EntryPoint\",\"urlTemplate\":\"https:\/\/blogg.svenskakyrkan.se\/diakonibloggen\/?s={search_term_string}\"},\"query-input\":{\"@type\":\"PropertyValueSpecification\",\"valueRequired\":true,\"valueName\":\"search_term_string\"}}],\"inLanguage\":\"sv-SE\"},{\"@type\":\"Person\",\"@id\":\"https:\/\/blogg.svenskakyrkan.se\/diakonibloggen\/#\/schema\/person\/8f6a6fe8efab23c141c7e274fec6405f\",\"name\":\"diakonibloggen\",\"image\":{\"@type\":\"ImageObject\",\"inLanguage\":\"sv-SE\",\"@id\":\"https:\/\/blogg.svenskakyrkan.se\/diakonibloggen\/#\/schema\/person\/image\/\",\"url\":\"https:\/\/secure.gravatar.com\/avatar\/95c0ca86fd13e3d8c1b7b7e9864c9a2ccb7b48c6f756a3b5447bcc13dd630488?s=96&d=mm&r=g\",\"contentUrl\":\"https:\/\/secure.gravatar.com\/avatar\/95c0ca86fd13e3d8c1b7b7e9864c9a2ccb7b48c6f756a3b5447bcc13dd630488?s=96&d=mm&r=g\",\"caption\":\"diakonibloggen\"},\"url\":\"https:\/\/blogg.svenskakyrkan.se\/diakonibloggen\/author\/diakonibloggen\/\"}]}<\/script>\n<!-- \/ Yoast SEO plugin. -->","yoast_head_json":{"title":"Vi som i villkorsl\u00f6st? - Diakonibloggen","robots":{"index":"index","follow":"follow","max-snippet":"max-snippet:-1","max-image-preview":"max-image-preview:large","max-video-preview":"max-video-preview:-1"},"canonical":"https:\/\/blogg.svenskakyrkan.se\/diakonibloggen\/2017\/04\/18\/vi-som-i-villkorslost\/","og_locale":"sv_SE","og_type":"article","og_title":"Vi som i villkorsl\u00f6st? - Diakonibloggen","og_description":"Stockholm sv\u00e4mmar \u00f6ver av t\u00e5rar. Drottninggatan sv\u00e4mmar \u00f6ver av blommor. Hj\u00e4rtan sv\u00e4mmar \u00f6ver av medm\u00e4nsklighet. Huvudstaden som ofta f\u00e5tt kritik f\u00f6r att vara kall och og\u00e4stv\u00e4nlig har \u00f6ppnat sina d\u00f6rrar. M\u00e4nniskor bjuder in ok\u00e4nda till sina hem, str\u00e4cker ut sina h\u00e4nder till vem som helst att ta, tr\u00f6star och enas \u00f6ver partigr\u00e4nser och \u00e5ldersgr\u00e4nser &#8211; [&hellip;]","og_url":"https:\/\/blogg.svenskakyrkan.se\/diakonibloggen\/2017\/04\/18\/vi-som-i-villkorslost\/","og_site_name":"Diakonibloggen","article_published_time":"2017-04-18T07:28:49+00:00","article_modified_time":"2020-12-17T15:16:40+00:00","og_image":[{"url":"http:\/\/blogg.svenskakyrkan.se\/diakonibloggen\/files\/2017\/04\/skc3a4rmavbild-2017-04-15-kl-23-12-26.png","type":"","width":"","height":""}],"author":"diakonibloggen","twitter_card":"summary_large_image","twitter_misc":{"Skriven av":"diakonibloggen","Ber\u00e4knad l\u00e4stid":"2 minuter"},"schema":{"@context":"https:\/\/schema.org","@graph":[{"@type":"Article","@id":"https:\/\/blogg.svenskakyrkan.se\/diakonibloggen\/2017\/04\/18\/vi-som-i-villkorslost\/#article","isPartOf":{"@id":"https:\/\/blogg.svenskakyrkan.se\/diakonibloggen\/2017\/04\/18\/vi-som-i-villkorslost\/"},"author":{"name":"diakonibloggen","@id":"https:\/\/blogg.svenskakyrkan.se\/diakonibloggen\/#\/schema\/person\/8f6a6fe8efab23c141c7e274fec6405f"},"headline":"Vi som i villkorsl\u00f6st?","datePublished":"2017-04-18T07:28:49+00:00","dateModified":"2020-12-17T15:16:40+00:00","mainEntityOfPage":{"@id":"https:\/\/blogg.svenskakyrkan.se\/diakonibloggen\/2017\/04\/18\/vi-som-i-villkorslost\/"},"wordCount":369,"commentCount":0,"image":{"@id":"https:\/\/blogg.svenskakyrkan.se\/diakonibloggen\/2017\/04\/18\/vi-som-i-villkorslost\/#primaryimage"},"thumbnailUrl":"http:\/\/blogg.svenskakyrkan.se\/diakonibloggen\/files\/2017\/04\/skc3a4rmavbild-2017-04-15-kl-23-12-26.png","keywords":["ensamkommande flyktingbarn"],"articleSection":["Barn","Diakonalt arbete","flyktingar"],"inLanguage":"sv-SE","potentialAction":[{"@type":"CommentAction","name":"Comment","target":["https:\/\/blogg.svenskakyrkan.se\/diakonibloggen\/2017\/04\/18\/vi-som-i-villkorslost\/#respond"]}]},{"@type":"WebPage","@id":"https:\/\/blogg.svenskakyrkan.se\/diakonibloggen\/2017\/04\/18\/vi-som-i-villkorslost\/","url":"https:\/\/blogg.svenskakyrkan.se\/diakonibloggen\/2017\/04\/18\/vi-som-i-villkorslost\/","name":"Vi som i villkorsl\u00f6st? - Diakonibloggen","isPartOf":{"@id":"https:\/\/blogg.svenskakyrkan.se\/diakonibloggen\/#website"},"primaryImageOfPage":{"@id":"https:\/\/blogg.svenskakyrkan.se\/diakonibloggen\/2017\/04\/18\/vi-som-i-villkorslost\/#primaryimage"},"image":{"@id":"https:\/\/blogg.svenskakyrkan.se\/diakonibloggen\/2017\/04\/18\/vi-som-i-villkorslost\/#primaryimage"},"thumbnailUrl":"http:\/\/blogg.svenskakyrkan.se\/diakonibloggen\/files\/2017\/04\/skc3a4rmavbild-2017-04-15-kl-23-12-26.png","datePublished":"2017-04-18T07:28:49+00:00","dateModified":"2020-12-17T15:16:40+00:00","author":{"@id":"https:\/\/blogg.svenskakyrkan.se\/diakonibloggen\/#\/schema\/person\/8f6a6fe8efab23c141c7e274fec6405f"},"breadcrumb":{"@id":"https:\/\/blogg.svenskakyrkan.se\/diakonibloggen\/2017\/04\/18\/vi-som-i-villkorslost\/#breadcrumb"},"inLanguage":"sv-SE","potentialAction":[{"@type":"ReadAction","target":["https:\/\/blogg.svenskakyrkan.se\/diakonibloggen\/2017\/04\/18\/vi-som-i-villkorslost\/"]}]},{"@type":"ImageObject","inLanguage":"sv-SE","@id":"https:\/\/blogg.svenskakyrkan.se\/diakonibloggen\/2017\/04\/18\/vi-som-i-villkorslost\/#primaryimage","url":"http:\/\/blogg.svenskakyrkan.se\/diakonibloggen\/files\/2017\/04\/skc3a4rmavbild-2017-04-15-kl-23-12-26.png","contentUrl":"http:\/\/blogg.svenskakyrkan.se\/diakonibloggen\/files\/2017\/04\/skc3a4rmavbild-2017-04-15-kl-23-12-26.png"},{"@type":"BreadcrumbList","@id":"https:\/\/blogg.svenskakyrkan.se\/diakonibloggen\/2017\/04\/18\/vi-som-i-villkorslost\/#breadcrumb","itemListElement":[{"@type":"ListItem","position":1,"name":"Hem","item":"https:\/\/blogg.svenskakyrkan.se\/diakonibloggen\/"},{"@type":"ListItem","position":2,"name":"Vi som i villkorsl\u00f6st?"}]},{"@type":"WebSite","@id":"https:\/\/blogg.svenskakyrkan.se\/diakonibloggen\/#website","url":"https:\/\/blogg.svenskakyrkan.se\/diakonibloggen\/","name":"Diakonibloggen","description":"Vi lyfter fram, hyllar, diskuterar och inspirerar till diakonalt arbete inom och utanf\u00f6r Svenska kyrkans ramar.","potentialAction":[{"@type":"SearchAction","target":{"@type":"EntryPoint","urlTemplate":"https:\/\/blogg.svenskakyrkan.se\/diakonibloggen\/?s={search_term_string}"},"query-input":{"@type":"PropertyValueSpecification","valueRequired":true,"valueName":"search_term_string"}}],"inLanguage":"sv-SE"},{"@type":"Person","@id":"https:\/\/blogg.svenskakyrkan.se\/diakonibloggen\/#\/schema\/person\/8f6a6fe8efab23c141c7e274fec6405f","name":"diakonibloggen","image":{"@type":"ImageObject","inLanguage":"sv-SE","@id":"https:\/\/blogg.svenskakyrkan.se\/diakonibloggen\/#\/schema\/person\/image\/","url":"https:\/\/secure.gravatar.com\/avatar\/95c0ca86fd13e3d8c1b7b7e9864c9a2ccb7b48c6f756a3b5447bcc13dd630488?s=96&d=mm&r=g","contentUrl":"https:\/\/secure.gravatar.com\/avatar\/95c0ca86fd13e3d8c1b7b7e9864c9a2ccb7b48c6f756a3b5447bcc13dd630488?s=96&d=mm&r=g","caption":"diakonibloggen"},"url":"https:\/\/blogg.svenskakyrkan.se\/diakonibloggen\/author\/diakonibloggen\/"}]}},"author_meta":{"ID":"776","user_nicename":"diakonibloggen","user_registered":"2020-12-17 14:50:06","display_name":"diakonibloggen","avatar":"https:\/\/blogg.svenskakyrkan.se\/diakonibloggen\/files\/2021\/02\/Sk\u00e4rmavbild-2019-04-12-kl.-14.20.54-150x150.png"},"featured_image":false,"bloginfo":{"name":"Diakonibloggen","url":"https:\/\/blogg.svenskakyrkan.se\/diakonibloggen"},"_links":{"self":[{"href":"https:\/\/blogg.svenskakyrkan.se\/diakonibloggen\/wp-json\/wp\/v2\/posts\/5771","targetHints":{"allow":["GET"]}}],"collection":[{"href":"https:\/\/blogg.svenskakyrkan.se\/diakonibloggen\/wp-json\/wp\/v2\/posts"}],"about":[{"href":"https:\/\/blogg.svenskakyrkan.se\/diakonibloggen\/wp-json\/wp\/v2\/types\/post"}],"author":[{"embeddable":true,"href":"https:\/\/blogg.svenskakyrkan.se\/diakonibloggen\/wp-json\/wp\/v2\/users\/776"}],"replies":[{"embeddable":true,"href":"https:\/\/blogg.svenskakyrkan.se\/diakonibloggen\/wp-json\/wp\/v2\/comments?post=5771"}],"version-history":[{"count":1,"href":"https:\/\/blogg.svenskakyrkan.se\/diakonibloggen\/wp-json\/wp\/v2\/posts\/5771\/revisions"}],"predecessor-version":[{"id":8444,"href":"https:\/\/blogg.svenskakyrkan.se\/diakonibloggen\/wp-json\/wp\/v2\/posts\/5771\/revisions\/8444"}],"wp:attachment":[{"href":"https:\/\/blogg.svenskakyrkan.se\/diakonibloggen\/wp-json\/wp\/v2\/media?parent=5771"}],"wp:term":[{"taxonomy":"category","embeddable":true,"href":"https:\/\/blogg.svenskakyrkan.se\/diakonibloggen\/wp-json\/wp\/v2\/categories?post=5771"},{"taxonomy":"post_tag","embeddable":true,"href":"https:\/\/blogg.svenskakyrkan.se\/diakonibloggen\/wp-json\/wp\/v2\/tags?post=5771"}],"curies":[{"name":"wp","href":"https:\/\/api.w.org\/{rel}","templated":true}]}}