{"id":5825,"date":"2017-05-10T11:40:06","date_gmt":"2017-05-10T11:40:06","guid":{"rendered":"http:\/\/diakonibloggen.com\/?p=5825"},"modified":"2020-12-17T15:16:40","modified_gmt":"2020-12-17T15:16:40","slug":"den-totala-tilliten","status":"publish","type":"post","link":"https:\/\/blogg.svenskakyrkan.se\/diakonibloggen\/2017\/05\/10\/den-totala-tilliten\/","title":{"rendered":"Den totala tilliten"},"content":{"rendered":"<p><a href=\"http:\/\/diakonibloggen.com\/2017\/05\/10\/den-totala-tilliten\/img_1817\/\" rel=\"attachment wp-att-5826\"><img loading=\"lazy\" decoding=\"async\" class=\"alignleft size-thumbnail wp-image-5826\" src=\"http:\/\/blogg.svenskakyrkan.se\/diakonibloggen\/files\/2017\/05\/img_1817.jpg?w=250\" alt=\"\" width=\"250\" height=\"250\" srcset=\"https:\/\/blogg.svenskakyrkan.se\/diakonibloggen\/files\/2017\/05\/img_1817.jpg 1288w, https:\/\/blogg.svenskakyrkan.se\/diakonibloggen\/files\/2017\/05\/img_1817-300x300.jpg 300w, https:\/\/blogg.svenskakyrkan.se\/diakonibloggen\/files\/2017\/05\/img_1817-1024x1024.jpg 1024w, https:\/\/blogg.svenskakyrkan.se\/diakonibloggen\/files\/2017\/05\/img_1817-150x150.jpg 150w, https:\/\/blogg.svenskakyrkan.se\/diakonibloggen\/files\/2017\/05\/img_1817-768x768.jpg 768w, https:\/\/blogg.svenskakyrkan.se\/diakonibloggen\/files\/2017\/05\/img_1817-1200x1200.jpg 1200w, https:\/\/blogg.svenskakyrkan.se\/diakonibloggen\/files\/2017\/05\/img_1817-640x640.jpg 640w\" sizes=\"auto, (max-width: 250px) 100vw, 250px\" \/><\/a>N\u00e4stan varje dag n\u00e4r jag kommer hem, r\u00e4tt tr\u00f6tt efter en hel dag p\u00e5 jobbet och en del pendlande, m\u00f6ts jag av att n\u00e5gon reagerar. Det \u00e4r n\u00e4r ytterd\u00f6rren knarrar till som om en signal g\u00e5r genom huset. Min minsting, en liten s\u00f6t tre\u00e5rig sladdis reagerar. Han tittar fram mellan spj\u00e4lorna i trappr\u00e4cket och utbrister f\u00f6rtjust:\u00a0&#8221;MAMMA&#8221;, som om det f\u00f6r honom skulle vara en \u00f6verraskning\u00a0att jag\u00a0kom hem, inte n\u00e5got som sker varenda dag \u00e5r ut och \u00e5r in. Nej, i hans ansikte lyser en gl\u00e4dje och en f\u00f6rv\u00e4ntan. Ibland tar han mig i handen f\u00f6r att dra mig iv\u00e4g f\u00f6r att visa hur snabbt den senaste bilen k\u00f6r p\u00e5 golvet, eller ber om hj\u00e4lp att leta efter hans gosiga nalle, som f\u00f6resten inte \u00e4r en nalle l\u00e4ngre utan snarare en s\u00f6ndertrasad h\u00f6g av armar, ben och mjukt tyg.<\/p>\n<p>Men ibland bara stannar han upp och vi f\u00e5r m\u00f6tas i en varm och innerlig kram, ett fullst\u00e4ndigt n\u00e4rvarande i nuet och ett s\u00e5 \u00e4kta m\u00f6te av tv\u00e5 i behov av varandra.<\/p>\n<p>F\u00f6r mig blir detta ocks\u00e5 en symbol f\u00f6r Gud, en gudsbild om en s\u00e5 vill. Jag \u00f6nskar att jag f\u00e5r lov att vara det d\u00e4r barnet som, med s\u00e5 trygg f\u00f6rvissning om att vara \u00e4lskad, ocks\u00e5 v\u00e5gar st\u00e4lla krav och k\u00e4nna f\u00f6rv\u00e4ntan.\u00a0F\u00f6rv\u00e4ntan om\u00a0att bli bem\u00f6tt med en omslutande, gr\u00e4nsl\u00f6s k\u00e4rlek\u00a0fr\u00e5n den som ville n\u00e5got med mitt liv och som skapade mig till sin avbild.<\/p>\n<p>Karin p\u00e5 diakonibloggen<\/p>\n<p>Parallellt med att vi forts\u00e4tter att publicera n\u00e5gra ytterligare bilder introducerar vi ett nytt tema:<\/p>\n<p><b>Vad, vem, hur \u00e4r Gud?<\/b><\/p>\n<p>Vi \u00e4r nyfikna p\u00e5 vilken gudsbild du b\u00e4r p\u00e5, vilken relation du har till en eventuell gud, som begrepp och som reell.<br \/>\nMinns du bilder fr\u00e5n s\u00f6ndagsskolan? Gick du ens i s\u00f6ndagsskolan? Hur har du kommit i kontakt med en gud och hur har det format din tro\/icketro?<br \/>\n<span class=\"m_5358560601242243110gmail-m_-5914077294974258924gmail-im\">Kanske ber du en snabb b\u00f6n n\u00e4r det verkligen krisar ihop sig i livet, kanske k\u00f6psl\u00e5r du och v\u00e4djar, kanske lever du i st\u00e4ndig kontakt med och n\u00e4rvaro av Gud eller kanske har du inte alls n\u00e4rmat dig en tro eller tagit avst\u00e5nd fr\u00e5n det.<br \/>\n<\/span><\/p>\n<p>Vi f\u00e5r l\u00e4sa inl\u00e4gg fr\u00e5n g\u00e4stbloggare och hoppas att du ocks\u00e5 vill dela med dig av dina tankar och reflektioner &#8211; skriv en kommentar eller\u00a0maila till diakoni.se@gmail.com. \/Karin &amp; Lotta<\/p>\n<p>&nbsp;<\/p>\n<p>&nbsp;<\/p>\n","protected":false},"excerpt":{"rendered":"<p>N\u00e4stan varje dag n\u00e4r jag kommer hem, r\u00e4tt tr\u00f6tt efter en hel dag p\u00e5 jobbet och en del pendlande, m\u00f6ts jag av att n\u00e5gon reagerar. Det \u00e4r n\u00e4r ytterd\u00f6rren knarrar till som om en signal g\u00e5r genom huset. Min minsting, en liten s\u00f6t tre\u00e5rig sladdis reagerar. Han tittar fram mellan spj\u00e4lorna i trappr\u00e4cket och utbrister [&hellip;]<\/p>\n","protected":false},"author":776,"featured_media":0,"comment_status":"open","ping_status":"open","sticky":false,"template":"","format":"standard","meta":{"_acf_changed":false,"footnotes":""},"categories":[23301,23302,23312],"tags":[25104],"class_list":["post-5825","post","type-post","status-publish","format-standard","hentry","category-diakonalt-arbete","category-diakoni","category-gudsbild","tag-tillit"],"acf":[],"yoast_head":"<!-- This site is optimized with the Yoast SEO plugin v27.1.1 - https:\/\/yoast.com\/product\/yoast-seo-wordpress\/ -->\n<title>Den totala tilliten - Diakonibloggen<\/title>\n<meta name=\"robots\" content=\"index, follow, max-snippet:-1, max-image-preview:large, max-video-preview:-1\" \/>\n<link rel=\"canonical\" href=\"https:\/\/blogg.svenskakyrkan.se\/diakonibloggen\/2017\/05\/10\/den-totala-tilliten\/\" \/>\n<meta property=\"og:locale\" content=\"sv_SE\" \/>\n<meta property=\"og:type\" content=\"article\" \/>\n<meta property=\"og:title\" content=\"Den totala tilliten - Diakonibloggen\" \/>\n<meta property=\"og:description\" content=\"N\u00e4stan varje dag n\u00e4r jag kommer hem, r\u00e4tt tr\u00f6tt efter en hel dag p\u00e5 jobbet och en del pendlande, m\u00f6ts jag av att n\u00e5gon reagerar. Det \u00e4r n\u00e4r ytterd\u00f6rren knarrar till som om en signal g\u00e5r genom huset. Min minsting, en liten s\u00f6t tre\u00e5rig sladdis reagerar. Han tittar fram mellan spj\u00e4lorna i trappr\u00e4cket och utbrister [&hellip;]\" \/>\n<meta property=\"og:url\" content=\"https:\/\/blogg.svenskakyrkan.se\/diakonibloggen\/2017\/05\/10\/den-totala-tilliten\/\" \/>\n<meta property=\"og:site_name\" content=\"Diakonibloggen\" \/>\n<meta property=\"article:published_time\" content=\"2017-05-10T11:40:06+00:00\" \/>\n<meta property=\"article:modified_time\" content=\"2020-12-17T15:16:40+00:00\" \/>\n<meta property=\"og:image\" content=\"http:\/\/blogg.svenskakyrkan.se\/diakonibloggen\/files\/2017\/05\/img_1817.jpg?w=250\" \/>\n<meta name=\"author\" content=\"diakonibloggen\" \/>\n<meta name=\"twitter:card\" content=\"summary_large_image\" \/>\n<meta name=\"twitter:label1\" content=\"Skriven av\" \/>\n\t<meta name=\"twitter:data1\" content=\"diakonibloggen\" \/>\n\t<meta name=\"twitter:label2\" content=\"Ber\u00e4knad l\u00e4stid\" \/>\n\t<meta name=\"twitter:data2\" content=\"2 minuter\" \/>\n<script type=\"application\/ld+json\" class=\"yoast-schema-graph\">{\"@context\":\"https:\/\/schema.org\",\"@graph\":[{\"@type\":\"Article\",\"@id\":\"https:\/\/blogg.svenskakyrkan.se\/diakonibloggen\/2017\/05\/10\/den-totala-tilliten\/#article\",\"isPartOf\":{\"@id\":\"https:\/\/blogg.svenskakyrkan.se\/diakonibloggen\/2017\/05\/10\/den-totala-tilliten\/\"},\"author\":{\"name\":\"diakonibloggen\",\"@id\":\"https:\/\/blogg.svenskakyrkan.se\/diakonibloggen\/#\/schema\/person\/8f6a6fe8efab23c141c7e274fec6405f\"},\"headline\":\"Den totala tilliten\",\"datePublished\":\"2017-05-10T11:40:06+00:00\",\"dateModified\":\"2020-12-17T15:16:40+00:00\",\"mainEntityOfPage\":{\"@id\":\"https:\/\/blogg.svenskakyrkan.se\/diakonibloggen\/2017\/05\/10\/den-totala-tilliten\/\"},\"wordCount\":468,\"commentCount\":2,\"image\":{\"@id\":\"https:\/\/blogg.svenskakyrkan.se\/diakonibloggen\/2017\/05\/10\/den-totala-tilliten\/#primaryimage\"},\"thumbnailUrl\":\"http:\/\/blogg.svenskakyrkan.se\/diakonibloggen\/files\/2017\/05\/img_1817.jpg?w=250\",\"keywords\":[\"tillit\"],\"articleSection\":[\"Diakonalt arbete\",\"diakoni\",\"Gudsbild\"],\"inLanguage\":\"sv-SE\",\"potentialAction\":[{\"@type\":\"CommentAction\",\"name\":\"Comment\",\"target\":[\"https:\/\/blogg.svenskakyrkan.se\/diakonibloggen\/2017\/05\/10\/den-totala-tilliten\/#respond\"]}]},{\"@type\":\"WebPage\",\"@id\":\"https:\/\/blogg.svenskakyrkan.se\/diakonibloggen\/2017\/05\/10\/den-totala-tilliten\/\",\"url\":\"https:\/\/blogg.svenskakyrkan.se\/diakonibloggen\/2017\/05\/10\/den-totala-tilliten\/\",\"name\":\"Den totala tilliten - Diakonibloggen\",\"isPartOf\":{\"@id\":\"https:\/\/blogg.svenskakyrkan.se\/diakonibloggen\/#website\"},\"primaryImageOfPage\":{\"@id\":\"https:\/\/blogg.svenskakyrkan.se\/diakonibloggen\/2017\/05\/10\/den-totala-tilliten\/#primaryimage\"},\"image\":{\"@id\":\"https:\/\/blogg.svenskakyrkan.se\/diakonibloggen\/2017\/05\/10\/den-totala-tilliten\/#primaryimage\"},\"thumbnailUrl\":\"http:\/\/blogg.svenskakyrkan.se\/diakonibloggen\/files\/2017\/05\/img_1817.jpg?w=250\",\"datePublished\":\"2017-05-10T11:40:06+00:00\",\"dateModified\":\"2020-12-17T15:16:40+00:00\",\"author\":{\"@id\":\"https:\/\/blogg.svenskakyrkan.se\/diakonibloggen\/#\/schema\/person\/8f6a6fe8efab23c141c7e274fec6405f\"},\"breadcrumb\":{\"@id\":\"https:\/\/blogg.svenskakyrkan.se\/diakonibloggen\/2017\/05\/10\/den-totala-tilliten\/#breadcrumb\"},\"inLanguage\":\"sv-SE\",\"potentialAction\":[{\"@type\":\"ReadAction\",\"target\":[\"https:\/\/blogg.svenskakyrkan.se\/diakonibloggen\/2017\/05\/10\/den-totala-tilliten\/\"]}]},{\"@type\":\"ImageObject\",\"inLanguage\":\"sv-SE\",\"@id\":\"https:\/\/blogg.svenskakyrkan.se\/diakonibloggen\/2017\/05\/10\/den-totala-tilliten\/#primaryimage\",\"url\":\"http:\/\/blogg.svenskakyrkan.se\/diakonibloggen\/files\/2017\/05\/img_1817.jpg?w=250\",\"contentUrl\":\"http:\/\/blogg.svenskakyrkan.se\/diakonibloggen\/files\/2017\/05\/img_1817.jpg?w=250\"},{\"@type\":\"BreadcrumbList\",\"@id\":\"https:\/\/blogg.svenskakyrkan.se\/diakonibloggen\/2017\/05\/10\/den-totala-tilliten\/#breadcrumb\",\"itemListElement\":[{\"@type\":\"ListItem\",\"position\":1,\"name\":\"Hem\",\"item\":\"https:\/\/blogg.svenskakyrkan.se\/diakonibloggen\/\"},{\"@type\":\"ListItem\",\"position\":2,\"name\":\"Den totala tilliten\"}]},{\"@type\":\"WebSite\",\"@id\":\"https:\/\/blogg.svenskakyrkan.se\/diakonibloggen\/#website\",\"url\":\"https:\/\/blogg.svenskakyrkan.se\/diakonibloggen\/\",\"name\":\"Diakonibloggen\",\"description\":\"Vi lyfter fram, hyllar, diskuterar och inspirerar till diakonalt arbete inom och utanf\u00f6r Svenska kyrkans ramar.\",\"potentialAction\":[{\"@type\":\"SearchAction\",\"target\":{\"@type\":\"EntryPoint\",\"urlTemplate\":\"https:\/\/blogg.svenskakyrkan.se\/diakonibloggen\/?s={search_term_string}\"},\"query-input\":{\"@type\":\"PropertyValueSpecification\",\"valueRequired\":true,\"valueName\":\"search_term_string\"}}],\"inLanguage\":\"sv-SE\"},{\"@type\":\"Person\",\"@id\":\"https:\/\/blogg.svenskakyrkan.se\/diakonibloggen\/#\/schema\/person\/8f6a6fe8efab23c141c7e274fec6405f\",\"name\":\"diakonibloggen\",\"image\":{\"@type\":\"ImageObject\",\"inLanguage\":\"sv-SE\",\"@id\":\"https:\/\/blogg.svenskakyrkan.se\/diakonibloggen\/#\/schema\/person\/image\/\",\"url\":\"https:\/\/secure.gravatar.com\/avatar\/95c0ca86fd13e3d8c1b7b7e9864c9a2ccb7b48c6f756a3b5447bcc13dd630488?s=96&d=mm&r=g\",\"contentUrl\":\"https:\/\/secure.gravatar.com\/avatar\/95c0ca86fd13e3d8c1b7b7e9864c9a2ccb7b48c6f756a3b5447bcc13dd630488?s=96&d=mm&r=g\",\"caption\":\"diakonibloggen\"},\"url\":\"https:\/\/blogg.svenskakyrkan.se\/diakonibloggen\/author\/diakonibloggen\/\"}]}<\/script>\n<!-- \/ Yoast SEO plugin. -->","yoast_head_json":{"title":"Den totala tilliten - Diakonibloggen","robots":{"index":"index","follow":"follow","max-snippet":"max-snippet:-1","max-image-preview":"max-image-preview:large","max-video-preview":"max-video-preview:-1"},"canonical":"https:\/\/blogg.svenskakyrkan.se\/diakonibloggen\/2017\/05\/10\/den-totala-tilliten\/","og_locale":"sv_SE","og_type":"article","og_title":"Den totala tilliten - Diakonibloggen","og_description":"N\u00e4stan varje dag n\u00e4r jag kommer hem, r\u00e4tt tr\u00f6tt efter en hel dag p\u00e5 jobbet och en del pendlande, m\u00f6ts jag av att n\u00e5gon reagerar. Det \u00e4r n\u00e4r ytterd\u00f6rren knarrar till som om en signal g\u00e5r genom huset. Min minsting, en liten s\u00f6t tre\u00e5rig sladdis reagerar. Han tittar fram mellan spj\u00e4lorna i trappr\u00e4cket och utbrister [&hellip;]","og_url":"https:\/\/blogg.svenskakyrkan.se\/diakonibloggen\/2017\/05\/10\/den-totala-tilliten\/","og_site_name":"Diakonibloggen","article_published_time":"2017-05-10T11:40:06+00:00","article_modified_time":"2020-12-17T15:16:40+00:00","og_image":[{"url":"http:\/\/blogg.svenskakyrkan.se\/diakonibloggen\/files\/2017\/05\/img_1817.jpg?w=250","type":"","width":"","height":""}],"author":"diakonibloggen","twitter_card":"summary_large_image","twitter_misc":{"Skriven av":"diakonibloggen","Ber\u00e4knad l\u00e4stid":"2 minuter"},"schema":{"@context":"https:\/\/schema.org","@graph":[{"@type":"Article","@id":"https:\/\/blogg.svenskakyrkan.se\/diakonibloggen\/2017\/05\/10\/den-totala-tilliten\/#article","isPartOf":{"@id":"https:\/\/blogg.svenskakyrkan.se\/diakonibloggen\/2017\/05\/10\/den-totala-tilliten\/"},"author":{"name":"diakonibloggen","@id":"https:\/\/blogg.svenskakyrkan.se\/diakonibloggen\/#\/schema\/person\/8f6a6fe8efab23c141c7e274fec6405f"},"headline":"Den totala tilliten","datePublished":"2017-05-10T11:40:06+00:00","dateModified":"2020-12-17T15:16:40+00:00","mainEntityOfPage":{"@id":"https:\/\/blogg.svenskakyrkan.se\/diakonibloggen\/2017\/05\/10\/den-totala-tilliten\/"},"wordCount":468,"commentCount":2,"image":{"@id":"https:\/\/blogg.svenskakyrkan.se\/diakonibloggen\/2017\/05\/10\/den-totala-tilliten\/#primaryimage"},"thumbnailUrl":"http:\/\/blogg.svenskakyrkan.se\/diakonibloggen\/files\/2017\/05\/img_1817.jpg?w=250","keywords":["tillit"],"articleSection":["Diakonalt arbete","diakoni","Gudsbild"],"inLanguage":"sv-SE","potentialAction":[{"@type":"CommentAction","name":"Comment","target":["https:\/\/blogg.svenskakyrkan.se\/diakonibloggen\/2017\/05\/10\/den-totala-tilliten\/#respond"]}]},{"@type":"WebPage","@id":"https:\/\/blogg.svenskakyrkan.se\/diakonibloggen\/2017\/05\/10\/den-totala-tilliten\/","url":"https:\/\/blogg.svenskakyrkan.se\/diakonibloggen\/2017\/05\/10\/den-totala-tilliten\/","name":"Den totala tilliten - Diakonibloggen","isPartOf":{"@id":"https:\/\/blogg.svenskakyrkan.se\/diakonibloggen\/#website"},"primaryImageOfPage":{"@id":"https:\/\/blogg.svenskakyrkan.se\/diakonibloggen\/2017\/05\/10\/den-totala-tilliten\/#primaryimage"},"image":{"@id":"https:\/\/blogg.svenskakyrkan.se\/diakonibloggen\/2017\/05\/10\/den-totala-tilliten\/#primaryimage"},"thumbnailUrl":"http:\/\/blogg.svenskakyrkan.se\/diakonibloggen\/files\/2017\/05\/img_1817.jpg?w=250","datePublished":"2017-05-10T11:40:06+00:00","dateModified":"2020-12-17T15:16:40+00:00","author":{"@id":"https:\/\/blogg.svenskakyrkan.se\/diakonibloggen\/#\/schema\/person\/8f6a6fe8efab23c141c7e274fec6405f"},"breadcrumb":{"@id":"https:\/\/blogg.svenskakyrkan.se\/diakonibloggen\/2017\/05\/10\/den-totala-tilliten\/#breadcrumb"},"inLanguage":"sv-SE","potentialAction":[{"@type":"ReadAction","target":["https:\/\/blogg.svenskakyrkan.se\/diakonibloggen\/2017\/05\/10\/den-totala-tilliten\/"]}]},{"@type":"ImageObject","inLanguage":"sv-SE","@id":"https:\/\/blogg.svenskakyrkan.se\/diakonibloggen\/2017\/05\/10\/den-totala-tilliten\/#primaryimage","url":"http:\/\/blogg.svenskakyrkan.se\/diakonibloggen\/files\/2017\/05\/img_1817.jpg?w=250","contentUrl":"http:\/\/blogg.svenskakyrkan.se\/diakonibloggen\/files\/2017\/05\/img_1817.jpg?w=250"},{"@type":"BreadcrumbList","@id":"https:\/\/blogg.svenskakyrkan.se\/diakonibloggen\/2017\/05\/10\/den-totala-tilliten\/#breadcrumb","itemListElement":[{"@type":"ListItem","position":1,"name":"Hem","item":"https:\/\/blogg.svenskakyrkan.se\/diakonibloggen\/"},{"@type":"ListItem","position":2,"name":"Den totala tilliten"}]},{"@type":"WebSite","@id":"https:\/\/blogg.svenskakyrkan.se\/diakonibloggen\/#website","url":"https:\/\/blogg.svenskakyrkan.se\/diakonibloggen\/","name":"Diakonibloggen","description":"Vi lyfter fram, hyllar, diskuterar och inspirerar till diakonalt arbete inom och utanf\u00f6r Svenska kyrkans ramar.","potentialAction":[{"@type":"SearchAction","target":{"@type":"EntryPoint","urlTemplate":"https:\/\/blogg.svenskakyrkan.se\/diakonibloggen\/?s={search_term_string}"},"query-input":{"@type":"PropertyValueSpecification","valueRequired":true,"valueName":"search_term_string"}}],"inLanguage":"sv-SE"},{"@type":"Person","@id":"https:\/\/blogg.svenskakyrkan.se\/diakonibloggen\/#\/schema\/person\/8f6a6fe8efab23c141c7e274fec6405f","name":"diakonibloggen","image":{"@type":"ImageObject","inLanguage":"sv-SE","@id":"https:\/\/blogg.svenskakyrkan.se\/diakonibloggen\/#\/schema\/person\/image\/","url":"https:\/\/secure.gravatar.com\/avatar\/95c0ca86fd13e3d8c1b7b7e9864c9a2ccb7b48c6f756a3b5447bcc13dd630488?s=96&d=mm&r=g","contentUrl":"https:\/\/secure.gravatar.com\/avatar\/95c0ca86fd13e3d8c1b7b7e9864c9a2ccb7b48c6f756a3b5447bcc13dd630488?s=96&d=mm&r=g","caption":"diakonibloggen"},"url":"https:\/\/blogg.svenskakyrkan.se\/diakonibloggen\/author\/diakonibloggen\/"}]}},"author_meta":{"ID":"776","user_nicename":"diakonibloggen","user_registered":"2020-12-17 14:50:06","display_name":"diakonibloggen","avatar":"https:\/\/blogg.svenskakyrkan.se\/diakonibloggen\/files\/2021\/02\/Sk\u00e4rmavbild-2019-04-12-kl.-14.20.54-150x150.png"},"featured_image":false,"bloginfo":{"name":"Diakonibloggen","url":"https:\/\/blogg.svenskakyrkan.se\/diakonibloggen"},"_links":{"self":[{"href":"https:\/\/blogg.svenskakyrkan.se\/diakonibloggen\/wp-json\/wp\/v2\/posts\/5825","targetHints":{"allow":["GET"]}}],"collection":[{"href":"https:\/\/blogg.svenskakyrkan.se\/diakonibloggen\/wp-json\/wp\/v2\/posts"}],"about":[{"href":"https:\/\/blogg.svenskakyrkan.se\/diakonibloggen\/wp-json\/wp\/v2\/types\/post"}],"author":[{"embeddable":true,"href":"https:\/\/blogg.svenskakyrkan.se\/diakonibloggen\/wp-json\/wp\/v2\/users\/776"}],"replies":[{"embeddable":true,"href":"https:\/\/blogg.svenskakyrkan.se\/diakonibloggen\/wp-json\/wp\/v2\/comments?post=5825"}],"version-history":[{"count":1,"href":"https:\/\/blogg.svenskakyrkan.se\/diakonibloggen\/wp-json\/wp\/v2\/posts\/5825\/revisions"}],"predecessor-version":[{"id":8438,"href":"https:\/\/blogg.svenskakyrkan.se\/diakonibloggen\/wp-json\/wp\/v2\/posts\/5825\/revisions\/8438"}],"wp:attachment":[{"href":"https:\/\/blogg.svenskakyrkan.se\/diakonibloggen\/wp-json\/wp\/v2\/media?parent=5825"}],"wp:term":[{"taxonomy":"category","embeddable":true,"href":"https:\/\/blogg.svenskakyrkan.se\/diakonibloggen\/wp-json\/wp\/v2\/categories?post=5825"},{"taxonomy":"post_tag","embeddable":true,"href":"https:\/\/blogg.svenskakyrkan.se\/diakonibloggen\/wp-json\/wp\/v2\/tags?post=5825"}],"curies":[{"name":"wp","href":"https:\/\/api.w.org\/{rel}","templated":true}]}}