{"id":5877,"date":"2017-07-08T14:07:24","date_gmt":"2017-07-08T14:07:24","guid":{"rendered":"http:\/\/diakonibloggen.com\/?p=5877"},"modified":"2020-12-17T15:16:39","modified_gmt":"2020-12-17T15:16:39","slug":"sommar-och-lasning-du-moter-min-blick-i-vimlet","status":"publish","type":"post","link":"https:\/\/blogg.svenskakyrkan.se\/diakonibloggen\/2017\/07\/08\/sommar-och-lasning-du-moter-min-blick-i-vimlet\/","title":{"rendered":"Sommar och l\u00e4sning &#8211; Du m\u00f6ter min blick i vimlet"},"content":{"rendered":"<p>M\u00e5nga har, liksom vi, en bokh\u00f6g j\u00e4mte s\u00e4ngen, i\u00a0en hylla p\u00e5 jobbet eller kanske en lista i paddan med titlar och b\u00f6cker som bara v\u00e4ntar p\u00e5 att f\u00e5 bli l\u00e4sta. Tiden \u00e4r ofta knapp under terminerna och annat beh\u00f6ver prioriteras. Sommaren brukar dock inneb\u00e4ra, i alla fall f\u00f6r en del av oss, mer tid f\u00f6r l\u00e4sning och mer tid att l\u00e5ta reflektioner f\u00e5 plats.<\/p>\n<p>F\u00f6r fj\u00e4rde sommaren i rad recenserar vi och n\u00e5gra g\u00e4stbloggare aktuella b\u00f6cker.\u00a0Hoppas du kommer bli inspirerad och hitta dina guldkorn under sommaren.\u00a0\/Karin &amp; Lotta<\/p>\n<p>H\u00e4r kommer recension nummer tv\u00e5.<\/p>\n<p>Med normkritisk blick p\u00e5 \u201d<a href=\"https:\/\/www.verbum.se\/52636909-product\">Du m\u00f6ter min blick i vimlet<\/a>\u201d, av Karin H\u00e4rjeg\u00e5rd, Verbum 2017<\/p>\n<p><a href=\"http:\/\/diakonibloggen.com\/2017\/07\/08\/sommar-och-lasning-du-moter-min-blick-i-vimlet\/fridas-bok\/\" rel=\"attachment wp-att-5878\"><img loading=\"lazy\" decoding=\"async\" class=\"alignleft size-thumbnail wp-image-5878\" src=\"http:\/\/blogg.svenskakyrkan.se\/diakonibloggen\/files\/2017\/06\/fridas-bok.jpg?w=141\" alt=\"\" width=\"141\" height=\"250\" srcset=\"https:\/\/blogg.svenskakyrkan.se\/diakonibloggen\/files\/2017\/06\/fridas-bok.jpg 750w, https:\/\/blogg.svenskakyrkan.se\/diakonibloggen\/files\/2017\/06\/fridas-bok-169x300.jpg 169w, https:\/\/blogg.svenskakyrkan.se\/diakonibloggen\/files\/2017\/06\/fridas-bok-576x1024.jpg 576w\" sizes=\"auto, (max-width: 141px) 100vw, 141px\" \/><\/a>H\u00e4r m\u00f6ts l\u00e4saren av korta ber\u00e4ttelser fr\u00e5n Bibeln med en m\u00e5ngfald av livserfarenheter. Varje text f\u00f6ljs av en kort fr\u00e5ga. Ibland k\u00e4nns det helt logiskt utifr\u00e5n ber\u00e4ttelsen, men ofta \u00e4r den ov\u00e4ntad. Som i ber\u00e4ttelsen <em>Huggormsyngel<\/em> d\u00e4r den efterf\u00f6ljande fr\u00e5gan lyder \u201dJohannes v\u00e5gar vara obekv\u00e4m och g\u00e5 sin egen v\u00e4g. Hur brukar du g\u00f6ra?\u201d.<\/p>\n<p>Det finns passager d\u00e4r min normkritiska blick studsar till. Det handlar om mamman som dukar fram frukosten och pappan som leker. Och att det st\u00e5r \u201dmamma och pappa\u201d i st\u00e4llet f\u00f6r det mer inkluderande begreppet <em>f\u00f6r\u00e4ldrar<\/em>. Jag k\u00e4nner initialt att boken \u00e4r cisheteronormativ. Dessutom beskrivs barn som \u201dsm\u00e5 pojkar och sm\u00e5 flickor\u201d, i st\u00e4llet f\u00f6r bara <em>barn<\/em> eller <em>barn oavsett k\u00f6nsidentitet<\/em>.<\/p>\n<p>S\u00e5 kommer kapitlet <em>Tillsammans<\/em>, vilket inleds med ber\u00e4ttelsen om David och Jonatan. Pl\u00f6tsligt \u00e4r min heteronormkritiska blick positiv \u2013 allt \u00e4r f\u00f6rl\u00e5tet! Att placera den fantastiska k\u00e4rleksber\u00e4ttelsen som inledning \u00e4r att ge en av Bibelns varmaste k\u00e4rleksber\u00e4ttelser den plats den f\u00f6rtj\u00e4nar. Dessutom f\u00e5r boken ett extra plus f\u00f6r att den fantastiska komma ut-ber\u00e4ttelsen om Lasaros finns med.<\/p>\n<p>M\u00e5nga ber\u00e4ttelser handlar om m\u00e4n, utg\u00e5r fr\u00e5n m\u00e4n och r\u00f6r sig kring pojkar. Men det finns undantag. I ber\u00e4ttelsen om den egyptiske kungen som beordrar att alla nyf\u00f6dda israelitiska pojkar ska d\u00f6das g\u00f6r f\u00f6rfattaren barnmorskorna Shifra och Pua till huvudpersoner. Ett grepp som jag verkligen uppskattar.<\/p>\n<p>Ber\u00e4ttelserna \u00e4r skrivna b\u00e5de i jag-form och i tredje person. Det ger l\u00e4saren m\u00f6jligheter att n\u00e4rma sig ber\u00e4ttelserna p\u00e5 olika s\u00e4tt. Spr\u00e5ket \u00e4r tillg\u00e4ngligt. Det flyter p\u00e5, \u00e4r l\u00e4tt att f\u00f6rst\u00e5 och ber\u00e4ttelserna \u00e4r korta. Jag tror att boken \u00e4r perfekt f\u00f6r en person som vill n\u00e4rma sig livsber\u00e4ttelser fr\u00e5n Bibeln, oavsett \u00e5lder. Just det korta formatet g\u00f6r texterna anv\u00e4ndbara. De kan l\u00e4sas i andakten och enkelt anv\u00e4ndas som utg\u00e5ngspunkt f\u00f6r ett samtal. Jag tycker att spr\u00e5ket ibland blir f\u00f6r banalt, men s\u00e5 \u00e4r jag inte den t\u00e4nkta m\u00e5lgruppen. Boken \u00e4r menad att anv\u00e4ndas f\u00f6r gemensamt samtal och att l\u00e4sas av en yngre m\u00e5lgrupp.<\/p>\n<p>Jag tror boken \u00e4r v\u00e4ldigt bra i grupper f\u00f6r konvertiter och individer som precis gjort det svenska spr\u00e5ket till sitt eget. Boken handlar inte enbart om unga personer, vilket ytterligare g\u00f6r att den fungerar f\u00f6r en vuxen m\u00e5lgrupp.<\/p>\n<p>Med tillg\u00e4ngligt spr\u00e5k, korta ber\u00e4ttelser och en bredd av erfarenheter blir den h\u00e4r boken mycket anv\u00e4ndbar. Precis som f\u00f6rfattaren skriver i efterordet handlar det om att hitta personer som delar livserfarenheter \u2013 det tror jag alla kan g\u00f6ra i novellerna.<\/p>\n<p>Boken \u00e4r l\u00e4st av Frida Ohlsson Sandahl<br \/>\nFrida \u00e4r \u00e5terkommande g\u00e4stbloggare p\u00e5 diakoniloggen och \u00e4r\u00a0sociolog, f\u00f6rfattare och f\u00f6rel\u00e4sare med l\u00e5ng erfarenhet av utvecklingsarbete. Hon har s\u00e4rskild kunskap om j\u00e4mst\u00e4lldhet, normer och HBTQ. Hon har \u00e4ven \u00a0i m\u00e5nga \u00e5r varit engagerad i id\u00e9buren r\u00f6relse, b\u00e5de ideellt och som anst\u00e4lld.<\/p>\n","protected":false},"excerpt":{"rendered":"<p>M\u00e5nga har, liksom vi, en bokh\u00f6g j\u00e4mte s\u00e4ngen, i\u00a0en hylla p\u00e5 jobbet eller kanske en lista i paddan med titlar och b\u00f6cker som bara v\u00e4ntar p\u00e5 att f\u00e5 bli l\u00e4sta. Tiden \u00e4r ofta knapp under terminerna och annat beh\u00f6ver prioriteras. Sommaren brukar dock inneb\u00e4ra, i alla fall f\u00f6r en del av oss, mer tid f\u00f6r [&hellip;]<\/p>\n","protected":false},"author":776,"featured_media":0,"comment_status":"open","ping_status":"open","sticky":false,"template":"","format":"standard","meta":{"_acf_changed":false,"footnotes":""},"categories":[23298,23301,23302],"tags":[23822,24324,25243],"class_list":["post-5877","post","type-post","status-publish","format-standard","hentry","category-bokrecension","category-diakonalt-arbete","category-diakoni","tag-du-moter-min-blick-i-vimlet","tag-karin-harjegard","tag-verbum"],"acf":[],"yoast_head":"<!-- This site is optimized with the Yoast SEO plugin v27.1.1 - https:\/\/yoast.com\/product\/yoast-seo-wordpress\/ -->\n<title>Sommar och l\u00e4sning - Du m\u00f6ter min blick i vimlet - Diakonibloggen<\/title>\n<meta name=\"robots\" content=\"index, follow, max-snippet:-1, max-image-preview:large, max-video-preview:-1\" \/>\n<link rel=\"canonical\" href=\"https:\/\/blogg.svenskakyrkan.se\/diakonibloggen\/2017\/07\/08\/sommar-och-lasning-du-moter-min-blick-i-vimlet\/\" \/>\n<meta property=\"og:locale\" content=\"sv_SE\" \/>\n<meta property=\"og:type\" content=\"article\" \/>\n<meta property=\"og:title\" content=\"Sommar och l\u00e4sning - Du m\u00f6ter min blick i vimlet - Diakonibloggen\" \/>\n<meta property=\"og:description\" content=\"M\u00e5nga har, liksom vi, en bokh\u00f6g j\u00e4mte s\u00e4ngen, i\u00a0en hylla p\u00e5 jobbet eller kanske en lista i paddan med titlar och b\u00f6cker som bara v\u00e4ntar p\u00e5 att f\u00e5 bli l\u00e4sta. Tiden \u00e4r ofta knapp under terminerna och annat beh\u00f6ver prioriteras. Sommaren brukar dock inneb\u00e4ra, i alla fall f\u00f6r en del av oss, mer tid f\u00f6r [&hellip;]\" \/>\n<meta property=\"og:url\" content=\"https:\/\/blogg.svenskakyrkan.se\/diakonibloggen\/2017\/07\/08\/sommar-och-lasning-du-moter-min-blick-i-vimlet\/\" \/>\n<meta property=\"og:site_name\" content=\"Diakonibloggen\" \/>\n<meta property=\"article:published_time\" content=\"2017-07-08T14:07:24+00:00\" \/>\n<meta property=\"article:modified_time\" content=\"2020-12-17T15:16:39+00:00\" \/>\n<meta property=\"og:image\" content=\"http:\/\/blogg.svenskakyrkan.se\/diakonibloggen\/files\/2017\/06\/fridas-bok.jpg?w=141\" \/>\n<meta name=\"author\" content=\"diakonibloggen\" \/>\n<meta name=\"twitter:card\" content=\"summary_large_image\" \/>\n<meta name=\"twitter:label1\" content=\"Skriven av\" \/>\n\t<meta name=\"twitter:data1\" content=\"diakonibloggen\" \/>\n\t<meta name=\"twitter:label2\" content=\"Ber\u00e4knad l\u00e4stid\" \/>\n\t<meta name=\"twitter:data2\" content=\"3 minuter\" \/>\n<script type=\"application\/ld+json\" class=\"yoast-schema-graph\">{\"@context\":\"https:\/\/schema.org\",\"@graph\":[{\"@type\":\"Article\",\"@id\":\"https:\/\/blogg.svenskakyrkan.se\/diakonibloggen\/2017\/07\/08\/sommar-och-lasning-du-moter-min-blick-i-vimlet\/#article\",\"isPartOf\":{\"@id\":\"https:\/\/blogg.svenskakyrkan.se\/diakonibloggen\/2017\/07\/08\/sommar-och-lasning-du-moter-min-blick-i-vimlet\/\"},\"author\":{\"name\":\"diakonibloggen\",\"@id\":\"https:\/\/blogg.svenskakyrkan.se\/diakonibloggen\/#\/schema\/person\/8f6a6fe8efab23c141c7e274fec6405f\"},\"headline\":\"Sommar och l\u00e4sning &#8211; Du m\u00f6ter min blick i vimlet\",\"datePublished\":\"2017-07-08T14:07:24+00:00\",\"dateModified\":\"2020-12-17T15:16:39+00:00\",\"mainEntityOfPage\":{\"@id\":\"https:\/\/blogg.svenskakyrkan.se\/diakonibloggen\/2017\/07\/08\/sommar-och-lasning-du-moter-min-blick-i-vimlet\/\"},\"wordCount\":703,\"commentCount\":0,\"image\":{\"@id\":\"https:\/\/blogg.svenskakyrkan.se\/diakonibloggen\/2017\/07\/08\/sommar-och-lasning-du-moter-min-blick-i-vimlet\/#primaryimage\"},\"thumbnailUrl\":\"http:\/\/blogg.svenskakyrkan.se\/diakonibloggen\/files\/2017\/06\/fridas-bok.jpg?w=141\",\"keywords\":[\"Du m\u00f6ter min blick i vimlet\",\"Karin H\u00e4rjeg\u00e5rd\",\"Verbum\"],\"articleSection\":[\"Bokrecension\",\"Diakonalt arbete\",\"diakoni\"],\"inLanguage\":\"sv-SE\",\"potentialAction\":[{\"@type\":\"CommentAction\",\"name\":\"Comment\",\"target\":[\"https:\/\/blogg.svenskakyrkan.se\/diakonibloggen\/2017\/07\/08\/sommar-och-lasning-du-moter-min-blick-i-vimlet\/#respond\"]}]},{\"@type\":\"WebPage\",\"@id\":\"https:\/\/blogg.svenskakyrkan.se\/diakonibloggen\/2017\/07\/08\/sommar-och-lasning-du-moter-min-blick-i-vimlet\/\",\"url\":\"https:\/\/blogg.svenskakyrkan.se\/diakonibloggen\/2017\/07\/08\/sommar-och-lasning-du-moter-min-blick-i-vimlet\/\",\"name\":\"Sommar och l\u00e4sning - Du m\u00f6ter min blick i vimlet - Diakonibloggen\",\"isPartOf\":{\"@id\":\"https:\/\/blogg.svenskakyrkan.se\/diakonibloggen\/#website\"},\"primaryImageOfPage\":{\"@id\":\"https:\/\/blogg.svenskakyrkan.se\/diakonibloggen\/2017\/07\/08\/sommar-och-lasning-du-moter-min-blick-i-vimlet\/#primaryimage\"},\"image\":{\"@id\":\"https:\/\/blogg.svenskakyrkan.se\/diakonibloggen\/2017\/07\/08\/sommar-och-lasning-du-moter-min-blick-i-vimlet\/#primaryimage\"},\"thumbnailUrl\":\"http:\/\/blogg.svenskakyrkan.se\/diakonibloggen\/files\/2017\/06\/fridas-bok.jpg?w=141\",\"datePublished\":\"2017-07-08T14:07:24+00:00\",\"dateModified\":\"2020-12-17T15:16:39+00:00\",\"author\":{\"@id\":\"https:\/\/blogg.svenskakyrkan.se\/diakonibloggen\/#\/schema\/person\/8f6a6fe8efab23c141c7e274fec6405f\"},\"breadcrumb\":{\"@id\":\"https:\/\/blogg.svenskakyrkan.se\/diakonibloggen\/2017\/07\/08\/sommar-och-lasning-du-moter-min-blick-i-vimlet\/#breadcrumb\"},\"inLanguage\":\"sv-SE\",\"potentialAction\":[{\"@type\":\"ReadAction\",\"target\":[\"https:\/\/blogg.svenskakyrkan.se\/diakonibloggen\/2017\/07\/08\/sommar-och-lasning-du-moter-min-blick-i-vimlet\/\"]}]},{\"@type\":\"ImageObject\",\"inLanguage\":\"sv-SE\",\"@id\":\"https:\/\/blogg.svenskakyrkan.se\/diakonibloggen\/2017\/07\/08\/sommar-och-lasning-du-moter-min-blick-i-vimlet\/#primaryimage\",\"url\":\"http:\/\/blogg.svenskakyrkan.se\/diakonibloggen\/files\/2017\/06\/fridas-bok.jpg?w=141\",\"contentUrl\":\"http:\/\/blogg.svenskakyrkan.se\/diakonibloggen\/files\/2017\/06\/fridas-bok.jpg?w=141\"},{\"@type\":\"BreadcrumbList\",\"@id\":\"https:\/\/blogg.svenskakyrkan.se\/diakonibloggen\/2017\/07\/08\/sommar-och-lasning-du-moter-min-blick-i-vimlet\/#breadcrumb\",\"itemListElement\":[{\"@type\":\"ListItem\",\"position\":1,\"name\":\"Hem\",\"item\":\"https:\/\/blogg.svenskakyrkan.se\/diakonibloggen\/\"},{\"@type\":\"ListItem\",\"position\":2,\"name\":\"Sommar och l\u00e4sning &#8211; Du m\u00f6ter min blick i vimlet\"}]},{\"@type\":\"WebSite\",\"@id\":\"https:\/\/blogg.svenskakyrkan.se\/diakonibloggen\/#website\",\"url\":\"https:\/\/blogg.svenskakyrkan.se\/diakonibloggen\/\",\"name\":\"Diakonibloggen\",\"description\":\"Vi lyfter fram, hyllar, diskuterar och inspirerar till diakonalt arbete inom och utanf\u00f6r Svenska kyrkans ramar.\",\"potentialAction\":[{\"@type\":\"SearchAction\",\"target\":{\"@type\":\"EntryPoint\",\"urlTemplate\":\"https:\/\/blogg.svenskakyrkan.se\/diakonibloggen\/?s={search_term_string}\"},\"query-input\":{\"@type\":\"PropertyValueSpecification\",\"valueRequired\":true,\"valueName\":\"search_term_string\"}}],\"inLanguage\":\"sv-SE\"},{\"@type\":\"Person\",\"@id\":\"https:\/\/blogg.svenskakyrkan.se\/diakonibloggen\/#\/schema\/person\/8f6a6fe8efab23c141c7e274fec6405f\",\"name\":\"diakonibloggen\",\"image\":{\"@type\":\"ImageObject\",\"inLanguage\":\"sv-SE\",\"@id\":\"https:\/\/blogg.svenskakyrkan.se\/diakonibloggen\/#\/schema\/person\/image\/\",\"url\":\"https:\/\/secure.gravatar.com\/avatar\/95c0ca86fd13e3d8c1b7b7e9864c9a2ccb7b48c6f756a3b5447bcc13dd630488?s=96&d=mm&r=g\",\"contentUrl\":\"https:\/\/secure.gravatar.com\/avatar\/95c0ca86fd13e3d8c1b7b7e9864c9a2ccb7b48c6f756a3b5447bcc13dd630488?s=96&d=mm&r=g\",\"caption\":\"diakonibloggen\"},\"url\":\"https:\/\/blogg.svenskakyrkan.se\/diakonibloggen\/author\/diakonibloggen\/\"}]}<\/script>\n<!-- \/ Yoast SEO plugin. -->","yoast_head_json":{"title":"Sommar och l\u00e4sning - Du m\u00f6ter min blick i vimlet - Diakonibloggen","robots":{"index":"index","follow":"follow","max-snippet":"max-snippet:-1","max-image-preview":"max-image-preview:large","max-video-preview":"max-video-preview:-1"},"canonical":"https:\/\/blogg.svenskakyrkan.se\/diakonibloggen\/2017\/07\/08\/sommar-och-lasning-du-moter-min-blick-i-vimlet\/","og_locale":"sv_SE","og_type":"article","og_title":"Sommar och l\u00e4sning - Du m\u00f6ter min blick i vimlet - Diakonibloggen","og_description":"M\u00e5nga har, liksom vi, en bokh\u00f6g j\u00e4mte s\u00e4ngen, i\u00a0en hylla p\u00e5 jobbet eller kanske en lista i paddan med titlar och b\u00f6cker som bara v\u00e4ntar p\u00e5 att f\u00e5 bli l\u00e4sta. Tiden \u00e4r ofta knapp under terminerna och annat beh\u00f6ver prioriteras. Sommaren brukar dock inneb\u00e4ra, i alla fall f\u00f6r en del av oss, mer tid f\u00f6r [&hellip;]","og_url":"https:\/\/blogg.svenskakyrkan.se\/diakonibloggen\/2017\/07\/08\/sommar-och-lasning-du-moter-min-blick-i-vimlet\/","og_site_name":"Diakonibloggen","article_published_time":"2017-07-08T14:07:24+00:00","article_modified_time":"2020-12-17T15:16:39+00:00","og_image":[{"url":"http:\/\/blogg.svenskakyrkan.se\/diakonibloggen\/files\/2017\/06\/fridas-bok.jpg?w=141","type":"","width":"","height":""}],"author":"diakonibloggen","twitter_card":"summary_large_image","twitter_misc":{"Skriven av":"diakonibloggen","Ber\u00e4knad l\u00e4stid":"3 minuter"},"schema":{"@context":"https:\/\/schema.org","@graph":[{"@type":"Article","@id":"https:\/\/blogg.svenskakyrkan.se\/diakonibloggen\/2017\/07\/08\/sommar-och-lasning-du-moter-min-blick-i-vimlet\/#article","isPartOf":{"@id":"https:\/\/blogg.svenskakyrkan.se\/diakonibloggen\/2017\/07\/08\/sommar-och-lasning-du-moter-min-blick-i-vimlet\/"},"author":{"name":"diakonibloggen","@id":"https:\/\/blogg.svenskakyrkan.se\/diakonibloggen\/#\/schema\/person\/8f6a6fe8efab23c141c7e274fec6405f"},"headline":"Sommar och l\u00e4sning &#8211; Du m\u00f6ter min blick i vimlet","datePublished":"2017-07-08T14:07:24+00:00","dateModified":"2020-12-17T15:16:39+00:00","mainEntityOfPage":{"@id":"https:\/\/blogg.svenskakyrkan.se\/diakonibloggen\/2017\/07\/08\/sommar-och-lasning-du-moter-min-blick-i-vimlet\/"},"wordCount":703,"commentCount":0,"image":{"@id":"https:\/\/blogg.svenskakyrkan.se\/diakonibloggen\/2017\/07\/08\/sommar-och-lasning-du-moter-min-blick-i-vimlet\/#primaryimage"},"thumbnailUrl":"http:\/\/blogg.svenskakyrkan.se\/diakonibloggen\/files\/2017\/06\/fridas-bok.jpg?w=141","keywords":["Du m\u00f6ter min blick i vimlet","Karin H\u00e4rjeg\u00e5rd","Verbum"],"articleSection":["Bokrecension","Diakonalt arbete","diakoni"],"inLanguage":"sv-SE","potentialAction":[{"@type":"CommentAction","name":"Comment","target":["https:\/\/blogg.svenskakyrkan.se\/diakonibloggen\/2017\/07\/08\/sommar-och-lasning-du-moter-min-blick-i-vimlet\/#respond"]}]},{"@type":"WebPage","@id":"https:\/\/blogg.svenskakyrkan.se\/diakonibloggen\/2017\/07\/08\/sommar-och-lasning-du-moter-min-blick-i-vimlet\/","url":"https:\/\/blogg.svenskakyrkan.se\/diakonibloggen\/2017\/07\/08\/sommar-och-lasning-du-moter-min-blick-i-vimlet\/","name":"Sommar och l\u00e4sning - Du m\u00f6ter min blick i vimlet - Diakonibloggen","isPartOf":{"@id":"https:\/\/blogg.svenskakyrkan.se\/diakonibloggen\/#website"},"primaryImageOfPage":{"@id":"https:\/\/blogg.svenskakyrkan.se\/diakonibloggen\/2017\/07\/08\/sommar-och-lasning-du-moter-min-blick-i-vimlet\/#primaryimage"},"image":{"@id":"https:\/\/blogg.svenskakyrkan.se\/diakonibloggen\/2017\/07\/08\/sommar-och-lasning-du-moter-min-blick-i-vimlet\/#primaryimage"},"thumbnailUrl":"http:\/\/blogg.svenskakyrkan.se\/diakonibloggen\/files\/2017\/06\/fridas-bok.jpg?w=141","datePublished":"2017-07-08T14:07:24+00:00","dateModified":"2020-12-17T15:16:39+00:00","author":{"@id":"https:\/\/blogg.svenskakyrkan.se\/diakonibloggen\/#\/schema\/person\/8f6a6fe8efab23c141c7e274fec6405f"},"breadcrumb":{"@id":"https:\/\/blogg.svenskakyrkan.se\/diakonibloggen\/2017\/07\/08\/sommar-och-lasning-du-moter-min-blick-i-vimlet\/#breadcrumb"},"inLanguage":"sv-SE","potentialAction":[{"@type":"ReadAction","target":["https:\/\/blogg.svenskakyrkan.se\/diakonibloggen\/2017\/07\/08\/sommar-och-lasning-du-moter-min-blick-i-vimlet\/"]}]},{"@type":"ImageObject","inLanguage":"sv-SE","@id":"https:\/\/blogg.svenskakyrkan.se\/diakonibloggen\/2017\/07\/08\/sommar-och-lasning-du-moter-min-blick-i-vimlet\/#primaryimage","url":"http:\/\/blogg.svenskakyrkan.se\/diakonibloggen\/files\/2017\/06\/fridas-bok.jpg?w=141","contentUrl":"http:\/\/blogg.svenskakyrkan.se\/diakonibloggen\/files\/2017\/06\/fridas-bok.jpg?w=141"},{"@type":"BreadcrumbList","@id":"https:\/\/blogg.svenskakyrkan.se\/diakonibloggen\/2017\/07\/08\/sommar-och-lasning-du-moter-min-blick-i-vimlet\/#breadcrumb","itemListElement":[{"@type":"ListItem","position":1,"name":"Hem","item":"https:\/\/blogg.svenskakyrkan.se\/diakonibloggen\/"},{"@type":"ListItem","position":2,"name":"Sommar och l\u00e4sning &#8211; Du m\u00f6ter min blick i vimlet"}]},{"@type":"WebSite","@id":"https:\/\/blogg.svenskakyrkan.se\/diakonibloggen\/#website","url":"https:\/\/blogg.svenskakyrkan.se\/diakonibloggen\/","name":"Diakonibloggen","description":"Vi lyfter fram, hyllar, diskuterar och inspirerar till diakonalt arbete inom och utanf\u00f6r Svenska kyrkans ramar.","potentialAction":[{"@type":"SearchAction","target":{"@type":"EntryPoint","urlTemplate":"https:\/\/blogg.svenskakyrkan.se\/diakonibloggen\/?s={search_term_string}"},"query-input":{"@type":"PropertyValueSpecification","valueRequired":true,"valueName":"search_term_string"}}],"inLanguage":"sv-SE"},{"@type":"Person","@id":"https:\/\/blogg.svenskakyrkan.se\/diakonibloggen\/#\/schema\/person\/8f6a6fe8efab23c141c7e274fec6405f","name":"diakonibloggen","image":{"@type":"ImageObject","inLanguage":"sv-SE","@id":"https:\/\/blogg.svenskakyrkan.se\/diakonibloggen\/#\/schema\/person\/image\/","url":"https:\/\/secure.gravatar.com\/avatar\/95c0ca86fd13e3d8c1b7b7e9864c9a2ccb7b48c6f756a3b5447bcc13dd630488?s=96&d=mm&r=g","contentUrl":"https:\/\/secure.gravatar.com\/avatar\/95c0ca86fd13e3d8c1b7b7e9864c9a2ccb7b48c6f756a3b5447bcc13dd630488?s=96&d=mm&r=g","caption":"diakonibloggen"},"url":"https:\/\/blogg.svenskakyrkan.se\/diakonibloggen\/author\/diakonibloggen\/"}]}},"author_meta":{"ID":"776","user_nicename":"diakonibloggen","user_registered":"2020-12-17 14:50:06","display_name":"diakonibloggen","avatar":"https:\/\/blogg.svenskakyrkan.se\/diakonibloggen\/files\/2021\/02\/Sk\u00e4rmavbild-2019-04-12-kl.-14.20.54-150x150.png"},"featured_image":false,"bloginfo":{"name":"Diakonibloggen","url":"https:\/\/blogg.svenskakyrkan.se\/diakonibloggen"},"_links":{"self":[{"href":"https:\/\/blogg.svenskakyrkan.se\/diakonibloggen\/wp-json\/wp\/v2\/posts\/5877","targetHints":{"allow":["GET"]}}],"collection":[{"href":"https:\/\/blogg.svenskakyrkan.se\/diakonibloggen\/wp-json\/wp\/v2\/posts"}],"about":[{"href":"https:\/\/blogg.svenskakyrkan.se\/diakonibloggen\/wp-json\/wp\/v2\/types\/post"}],"author":[{"embeddable":true,"href":"https:\/\/blogg.svenskakyrkan.se\/diakonibloggen\/wp-json\/wp\/v2\/users\/776"}],"replies":[{"embeddable":true,"href":"https:\/\/blogg.svenskakyrkan.se\/diakonibloggen\/wp-json\/wp\/v2\/comments?post=5877"}],"version-history":[{"count":1,"href":"https:\/\/blogg.svenskakyrkan.se\/diakonibloggen\/wp-json\/wp\/v2\/posts\/5877\/revisions"}],"predecessor-version":[{"id":8422,"href":"https:\/\/blogg.svenskakyrkan.se\/diakonibloggen\/wp-json\/wp\/v2\/posts\/5877\/revisions\/8422"}],"wp:attachment":[{"href":"https:\/\/blogg.svenskakyrkan.se\/diakonibloggen\/wp-json\/wp\/v2\/media?parent=5877"}],"wp:term":[{"taxonomy":"category","embeddable":true,"href":"https:\/\/blogg.svenskakyrkan.se\/diakonibloggen\/wp-json\/wp\/v2\/categories?post=5877"},{"taxonomy":"post_tag","embeddable":true,"href":"https:\/\/blogg.svenskakyrkan.se\/diakonibloggen\/wp-json\/wp\/v2\/tags?post=5877"}],"curies":[{"name":"wp","href":"https:\/\/api.w.org\/{rel}","templated":true}]}}