{"id":5880,"date":"2017-07-01T12:00:03","date_gmt":"2017-07-01T12:00:03","guid":{"rendered":"http:\/\/diakonibloggen.com\/?p=5880"},"modified":"2020-12-17T15:16:39","modified_gmt":"2020-12-17T15:16:39","slug":"sommar-och-lasning-evas-dotter","status":"publish","type":"post","link":"https:\/\/blogg.svenskakyrkan.se\/diakonibloggen\/2017\/07\/01\/sommar-och-lasning-evas-dotter\/","title":{"rendered":"Sommar och l\u00e4sning &#8211; Evas dotter"},"content":{"rendered":"<p>M\u00e5nga har, liksom vi, en bokh\u00f6g j\u00e4mte s\u00e4ngen, i\u00a0en hylla p\u00e5 jobbet eller kanske en lista i paddan med titlar och b\u00f6cker som bara v\u00e4ntar p\u00e5 att f\u00e5 bli l\u00e4sta. Tiden \u00e4r ofta knapp under terminerna och annat beh\u00f6ver prioriteras. Sommaren brukar dock inneb\u00e4ra, i alla fall f\u00f6r en del av oss, mer tid f\u00f6r l\u00e4sning och mer tid att l\u00e5ta reflektioner f\u00e5 plats.<\/p>\n<p>F\u00f6r fj\u00e4rde sommaren i rad recenserar vi och n\u00e5gra g\u00e4stbloggare aktuella b\u00f6cker.\u00a0Hoppas du kommer bli inspirerad och hitta dina guldkorn under sommaren.<\/p>\n<p>F\u00f6rsta boken vi l\u00e4st \u00e4r <a href=\"http:\/\/www.libris.se\/evas-dotter-1.711409\"><strong>Evas dotter<\/strong><\/a> av William Paul Young utgiven p\u00e5 Libris f\u00f6rlag 2015.<\/p>\n<p><a href=\"http:\/\/diakonibloggen.com\/2017\/07\/01\/sommar-och-lasning-evas-dotter\/skarmavbild-2017-06-22-kl-11-56-40\/\" rel=\"attachment wp-att-5915\"><img loading=\"lazy\" decoding=\"async\" class=\"alignleft size-thumbnail wp-image-5915\" src=\"http:\/\/blogg.svenskakyrkan.se\/diakonibloggen\/files\/2017\/06\/skc3a4rmavbild-2017-06-22-kl-11-56-40.png?w=164\" alt=\"\" width=\"164\" height=\"250\" \/><\/a>Boken \u00e4r en suggestiv fantasifull bok med tema fr\u00e5n skapelsen med ber\u00f6relsepunkter i vardagen.\u00a0Young tar med oss p\u00e5 en resa in i fantasins v\u00e4rld d\u00e4r gudsbegrepp blandas med sj\u00e4lvreflektion och en inre andlig resa. Vi f\u00e5r m\u00f6ta en ung flicka Lilly och f\u00e5r f\u00f6lja hennes m\u00f6te med sin egen verklighet och en fantasiv\u00e4rld d\u00e4r skapelseber\u00e4ttelsen st\u00e5r i fokus. V\u00e4rldarna korsas hela tiden och som l\u00e4sare f\u00e5r du sl\u00e4ppa f\u00f6rf\u00f6rst\u00e5else om skapelseber\u00e4ttelse och gudsbegrepp.\u00a0Young skapar med m\u00e5lande ord och bilder en modern tolkning av skapelsen\u00a0och l\u00e5ter de mystiska tong\u00e5ngarna som \u00e4r centrala f\u00f6r boken v\u00e4va en dimrid\u00e5 framf\u00f6r f\u00f6rest\u00e4llningar om gott och ont.<\/p>\n<p>I en del av boken beskriver han p\u00e5 ett livfullt s\u00e4tt synen p\u00e5 hur ondskans makt kom in i v\u00e4rlden, d\u00e4r vi traditionsenligt efter skapelseber\u00e4ttelsen har sett att Adams val mellan gott och ont varit det avg\u00f6rande. William Paul Young lyfter fram att det var bortv\u00e4ndheten, att inte vilja vara i Guds n\u00e4rhet, som var det avg\u00f6rande.<\/p>\n<p>Genom hela den mystiska v\u00e4ven av nutid, d\u00e5tid och fantasi l\u00e5ter f\u00f6rfattaren en tanke om Guds brinnande k\u00e4rlek vara med och tona fram, att vi trots bortv\u00e4ndhet och\u00a0trasighet \u00e4nd\u00e5 \u00e4r \u00e4lskade av Gud. <em>&#8221;Det yttersta Goda kommer alltid att vara starkare \u00e4n bortv\u00e4ndheten.&#8221;<\/em><\/p>\n<p>Karin\u00a0Ahlqvist, diakonibloggen<\/p>\n<p>&nbsp;<\/p>\n","protected":false},"excerpt":{"rendered":"<p>M\u00e5nga har, liksom vi, en bokh\u00f6g j\u00e4mte s\u00e4ngen, i\u00a0en hylla p\u00e5 jobbet eller kanske en lista i paddan med titlar och b\u00f6cker som bara v\u00e4ntar p\u00e5 att f\u00e5 bli l\u00e4sta. Tiden \u00e4r ofta knapp under terminerna och annat beh\u00f6ver prioriteras. Sommaren brukar dock inneb\u00e4ra, i alla fall f\u00f6r en del av oss, mer tid f\u00f6r [&hellip;]<\/p>\n","protected":false},"author":776,"featured_media":0,"comment_status":"open","ping_status":"open","sticky":false,"template":"","format":"standard","meta":{"_acf_changed":false,"footnotes":""},"categories":[23298,23302],"tags":[23912,24458,25264],"class_list":["post-5880","post","type-post","status-publish","format-standard","hentry","category-bokrecension","category-diakoni","tag-evas-dotter","tag-libris-forlag","tag-william-paul-young"],"acf":[],"yoast_head":"<!-- This site is optimized with the Yoast SEO plugin v27.1.1 - https:\/\/yoast.com\/product\/yoast-seo-wordpress\/ -->\n<title>Sommar och l\u00e4sning - Evas dotter - Diakonibloggen<\/title>\n<meta name=\"robots\" content=\"index, follow, max-snippet:-1, max-image-preview:large, max-video-preview:-1\" \/>\n<link rel=\"canonical\" href=\"https:\/\/blogg.svenskakyrkan.se\/diakonibloggen\/2017\/07\/01\/sommar-och-lasning-evas-dotter\/\" \/>\n<meta property=\"og:locale\" content=\"sv_SE\" \/>\n<meta property=\"og:type\" content=\"article\" \/>\n<meta property=\"og:title\" content=\"Sommar och l\u00e4sning - Evas dotter - Diakonibloggen\" \/>\n<meta property=\"og:description\" content=\"M\u00e5nga har, liksom vi, en bokh\u00f6g j\u00e4mte s\u00e4ngen, i\u00a0en hylla p\u00e5 jobbet eller kanske en lista i paddan med titlar och b\u00f6cker som bara v\u00e4ntar p\u00e5 att f\u00e5 bli l\u00e4sta. Tiden \u00e4r ofta knapp under terminerna och annat beh\u00f6ver prioriteras. Sommaren brukar dock inneb\u00e4ra, i alla fall f\u00f6r en del av oss, mer tid f\u00f6r [&hellip;]\" \/>\n<meta property=\"og:url\" content=\"https:\/\/blogg.svenskakyrkan.se\/diakonibloggen\/2017\/07\/01\/sommar-och-lasning-evas-dotter\/\" \/>\n<meta property=\"og:site_name\" content=\"Diakonibloggen\" \/>\n<meta property=\"article:published_time\" content=\"2017-07-01T12:00:03+00:00\" \/>\n<meta property=\"article:modified_time\" content=\"2020-12-17T15:16:39+00:00\" \/>\n<meta property=\"og:image\" content=\"http:\/\/blogg.svenskakyrkan.se\/diakonibloggen\/files\/2017\/06\/skc3a4rmavbild-2017-06-22-kl-11-56-40.png?w=164\" \/>\n<meta name=\"author\" content=\"diakonibloggen\" \/>\n<meta name=\"twitter:card\" content=\"summary_large_image\" \/>\n<meta name=\"twitter:label1\" content=\"Skriven av\" \/>\n\t<meta name=\"twitter:data1\" content=\"diakonibloggen\" \/>\n\t<meta name=\"twitter:label2\" content=\"Ber\u00e4knad l\u00e4stid\" \/>\n\t<meta name=\"twitter:data2\" content=\"2 minuter\" \/>\n<script type=\"application\/ld+json\" class=\"yoast-schema-graph\">{\"@context\":\"https:\/\/schema.org\",\"@graph\":[{\"@type\":\"Article\",\"@id\":\"https:\/\/blogg.svenskakyrkan.se\/diakonibloggen\/2017\/07\/01\/sommar-och-lasning-evas-dotter\/#article\",\"isPartOf\":{\"@id\":\"https:\/\/blogg.svenskakyrkan.se\/diakonibloggen\/2017\/07\/01\/sommar-och-lasning-evas-dotter\/\"},\"author\":{\"name\":\"diakonibloggen\",\"@id\":\"https:\/\/blogg.svenskakyrkan.se\/diakonibloggen\/#\/schema\/person\/8f6a6fe8efab23c141c7e274fec6405f\"},\"headline\":\"Sommar och l\u00e4sning &#8211; Evas dotter\",\"datePublished\":\"2017-07-01T12:00:03+00:00\",\"dateModified\":\"2020-12-17T15:16:39+00:00\",\"mainEntityOfPage\":{\"@id\":\"https:\/\/blogg.svenskakyrkan.se\/diakonibloggen\/2017\/07\/01\/sommar-och-lasning-evas-dotter\/\"},\"wordCount\":386,\"commentCount\":0,\"image\":{\"@id\":\"https:\/\/blogg.svenskakyrkan.se\/diakonibloggen\/2017\/07\/01\/sommar-och-lasning-evas-dotter\/#primaryimage\"},\"thumbnailUrl\":\"http:\/\/blogg.svenskakyrkan.se\/diakonibloggen\/files\/2017\/06\/skc3a4rmavbild-2017-06-22-kl-11-56-40.png?w=164\",\"keywords\":[\"Evas dotter\",\"Libris f\u00f6rlag\",\"William Paul Young\"],\"articleSection\":[\"Bokrecension\",\"diakoni\"],\"inLanguage\":\"sv-SE\",\"potentialAction\":[{\"@type\":\"CommentAction\",\"name\":\"Comment\",\"target\":[\"https:\/\/blogg.svenskakyrkan.se\/diakonibloggen\/2017\/07\/01\/sommar-och-lasning-evas-dotter\/#respond\"]}]},{\"@type\":\"WebPage\",\"@id\":\"https:\/\/blogg.svenskakyrkan.se\/diakonibloggen\/2017\/07\/01\/sommar-och-lasning-evas-dotter\/\",\"url\":\"https:\/\/blogg.svenskakyrkan.se\/diakonibloggen\/2017\/07\/01\/sommar-och-lasning-evas-dotter\/\",\"name\":\"Sommar och l\u00e4sning - Evas dotter - Diakonibloggen\",\"isPartOf\":{\"@id\":\"https:\/\/blogg.svenskakyrkan.se\/diakonibloggen\/#website\"},\"primaryImageOfPage\":{\"@id\":\"https:\/\/blogg.svenskakyrkan.se\/diakonibloggen\/2017\/07\/01\/sommar-och-lasning-evas-dotter\/#primaryimage\"},\"image\":{\"@id\":\"https:\/\/blogg.svenskakyrkan.se\/diakonibloggen\/2017\/07\/01\/sommar-och-lasning-evas-dotter\/#primaryimage\"},\"thumbnailUrl\":\"http:\/\/blogg.svenskakyrkan.se\/diakonibloggen\/files\/2017\/06\/skc3a4rmavbild-2017-06-22-kl-11-56-40.png?w=164\",\"datePublished\":\"2017-07-01T12:00:03+00:00\",\"dateModified\":\"2020-12-17T15:16:39+00:00\",\"author\":{\"@id\":\"https:\/\/blogg.svenskakyrkan.se\/diakonibloggen\/#\/schema\/person\/8f6a6fe8efab23c141c7e274fec6405f\"},\"breadcrumb\":{\"@id\":\"https:\/\/blogg.svenskakyrkan.se\/diakonibloggen\/2017\/07\/01\/sommar-och-lasning-evas-dotter\/#breadcrumb\"},\"inLanguage\":\"sv-SE\",\"potentialAction\":[{\"@type\":\"ReadAction\",\"target\":[\"https:\/\/blogg.svenskakyrkan.se\/diakonibloggen\/2017\/07\/01\/sommar-och-lasning-evas-dotter\/\"]}]},{\"@type\":\"ImageObject\",\"inLanguage\":\"sv-SE\",\"@id\":\"https:\/\/blogg.svenskakyrkan.se\/diakonibloggen\/2017\/07\/01\/sommar-och-lasning-evas-dotter\/#primaryimage\",\"url\":\"http:\/\/blogg.svenskakyrkan.se\/diakonibloggen\/files\/2017\/06\/skc3a4rmavbild-2017-06-22-kl-11-56-40.png?w=164\",\"contentUrl\":\"http:\/\/blogg.svenskakyrkan.se\/diakonibloggen\/files\/2017\/06\/skc3a4rmavbild-2017-06-22-kl-11-56-40.png?w=164\"},{\"@type\":\"BreadcrumbList\",\"@id\":\"https:\/\/blogg.svenskakyrkan.se\/diakonibloggen\/2017\/07\/01\/sommar-och-lasning-evas-dotter\/#breadcrumb\",\"itemListElement\":[{\"@type\":\"ListItem\",\"position\":1,\"name\":\"Hem\",\"item\":\"https:\/\/blogg.svenskakyrkan.se\/diakonibloggen\/\"},{\"@type\":\"ListItem\",\"position\":2,\"name\":\"Sommar och l\u00e4sning &#8211; Evas dotter\"}]},{\"@type\":\"WebSite\",\"@id\":\"https:\/\/blogg.svenskakyrkan.se\/diakonibloggen\/#website\",\"url\":\"https:\/\/blogg.svenskakyrkan.se\/diakonibloggen\/\",\"name\":\"Diakonibloggen\",\"description\":\"Vi lyfter fram, hyllar, diskuterar och inspirerar till diakonalt arbete inom och utanf\u00f6r Svenska kyrkans ramar.\",\"potentialAction\":[{\"@type\":\"SearchAction\",\"target\":{\"@type\":\"EntryPoint\",\"urlTemplate\":\"https:\/\/blogg.svenskakyrkan.se\/diakonibloggen\/?s={search_term_string}\"},\"query-input\":{\"@type\":\"PropertyValueSpecification\",\"valueRequired\":true,\"valueName\":\"search_term_string\"}}],\"inLanguage\":\"sv-SE\"},{\"@type\":\"Person\",\"@id\":\"https:\/\/blogg.svenskakyrkan.se\/diakonibloggen\/#\/schema\/person\/8f6a6fe8efab23c141c7e274fec6405f\",\"name\":\"diakonibloggen\",\"image\":{\"@type\":\"ImageObject\",\"inLanguage\":\"sv-SE\",\"@id\":\"https:\/\/blogg.svenskakyrkan.se\/diakonibloggen\/#\/schema\/person\/image\/\",\"url\":\"https:\/\/secure.gravatar.com\/avatar\/95c0ca86fd13e3d8c1b7b7e9864c9a2ccb7b48c6f756a3b5447bcc13dd630488?s=96&d=mm&r=g\",\"contentUrl\":\"https:\/\/secure.gravatar.com\/avatar\/95c0ca86fd13e3d8c1b7b7e9864c9a2ccb7b48c6f756a3b5447bcc13dd630488?s=96&d=mm&r=g\",\"caption\":\"diakonibloggen\"},\"url\":\"https:\/\/blogg.svenskakyrkan.se\/diakonibloggen\/author\/diakonibloggen\/\"}]}<\/script>\n<!-- \/ Yoast SEO plugin. -->","yoast_head_json":{"title":"Sommar och l\u00e4sning - Evas dotter - Diakonibloggen","robots":{"index":"index","follow":"follow","max-snippet":"max-snippet:-1","max-image-preview":"max-image-preview:large","max-video-preview":"max-video-preview:-1"},"canonical":"https:\/\/blogg.svenskakyrkan.se\/diakonibloggen\/2017\/07\/01\/sommar-och-lasning-evas-dotter\/","og_locale":"sv_SE","og_type":"article","og_title":"Sommar och l\u00e4sning - Evas dotter - Diakonibloggen","og_description":"M\u00e5nga har, liksom vi, en bokh\u00f6g j\u00e4mte s\u00e4ngen, i\u00a0en hylla p\u00e5 jobbet eller kanske en lista i paddan med titlar och b\u00f6cker som bara v\u00e4ntar p\u00e5 att f\u00e5 bli l\u00e4sta. Tiden \u00e4r ofta knapp under terminerna och annat beh\u00f6ver prioriteras. Sommaren brukar dock inneb\u00e4ra, i alla fall f\u00f6r en del av oss, mer tid f\u00f6r [&hellip;]","og_url":"https:\/\/blogg.svenskakyrkan.se\/diakonibloggen\/2017\/07\/01\/sommar-och-lasning-evas-dotter\/","og_site_name":"Diakonibloggen","article_published_time":"2017-07-01T12:00:03+00:00","article_modified_time":"2020-12-17T15:16:39+00:00","og_image":[{"url":"http:\/\/blogg.svenskakyrkan.se\/diakonibloggen\/files\/2017\/06\/skc3a4rmavbild-2017-06-22-kl-11-56-40.png?w=164","type":"","width":"","height":""}],"author":"diakonibloggen","twitter_card":"summary_large_image","twitter_misc":{"Skriven av":"diakonibloggen","Ber\u00e4knad l\u00e4stid":"2 minuter"},"schema":{"@context":"https:\/\/schema.org","@graph":[{"@type":"Article","@id":"https:\/\/blogg.svenskakyrkan.se\/diakonibloggen\/2017\/07\/01\/sommar-och-lasning-evas-dotter\/#article","isPartOf":{"@id":"https:\/\/blogg.svenskakyrkan.se\/diakonibloggen\/2017\/07\/01\/sommar-och-lasning-evas-dotter\/"},"author":{"name":"diakonibloggen","@id":"https:\/\/blogg.svenskakyrkan.se\/diakonibloggen\/#\/schema\/person\/8f6a6fe8efab23c141c7e274fec6405f"},"headline":"Sommar och l\u00e4sning &#8211; Evas dotter","datePublished":"2017-07-01T12:00:03+00:00","dateModified":"2020-12-17T15:16:39+00:00","mainEntityOfPage":{"@id":"https:\/\/blogg.svenskakyrkan.se\/diakonibloggen\/2017\/07\/01\/sommar-och-lasning-evas-dotter\/"},"wordCount":386,"commentCount":0,"image":{"@id":"https:\/\/blogg.svenskakyrkan.se\/diakonibloggen\/2017\/07\/01\/sommar-och-lasning-evas-dotter\/#primaryimage"},"thumbnailUrl":"http:\/\/blogg.svenskakyrkan.se\/diakonibloggen\/files\/2017\/06\/skc3a4rmavbild-2017-06-22-kl-11-56-40.png?w=164","keywords":["Evas dotter","Libris f\u00f6rlag","William Paul Young"],"articleSection":["Bokrecension","diakoni"],"inLanguage":"sv-SE","potentialAction":[{"@type":"CommentAction","name":"Comment","target":["https:\/\/blogg.svenskakyrkan.se\/diakonibloggen\/2017\/07\/01\/sommar-och-lasning-evas-dotter\/#respond"]}]},{"@type":"WebPage","@id":"https:\/\/blogg.svenskakyrkan.se\/diakonibloggen\/2017\/07\/01\/sommar-och-lasning-evas-dotter\/","url":"https:\/\/blogg.svenskakyrkan.se\/diakonibloggen\/2017\/07\/01\/sommar-och-lasning-evas-dotter\/","name":"Sommar och l\u00e4sning - Evas dotter - Diakonibloggen","isPartOf":{"@id":"https:\/\/blogg.svenskakyrkan.se\/diakonibloggen\/#website"},"primaryImageOfPage":{"@id":"https:\/\/blogg.svenskakyrkan.se\/diakonibloggen\/2017\/07\/01\/sommar-och-lasning-evas-dotter\/#primaryimage"},"image":{"@id":"https:\/\/blogg.svenskakyrkan.se\/diakonibloggen\/2017\/07\/01\/sommar-och-lasning-evas-dotter\/#primaryimage"},"thumbnailUrl":"http:\/\/blogg.svenskakyrkan.se\/diakonibloggen\/files\/2017\/06\/skc3a4rmavbild-2017-06-22-kl-11-56-40.png?w=164","datePublished":"2017-07-01T12:00:03+00:00","dateModified":"2020-12-17T15:16:39+00:00","author":{"@id":"https:\/\/blogg.svenskakyrkan.se\/diakonibloggen\/#\/schema\/person\/8f6a6fe8efab23c141c7e274fec6405f"},"breadcrumb":{"@id":"https:\/\/blogg.svenskakyrkan.se\/diakonibloggen\/2017\/07\/01\/sommar-och-lasning-evas-dotter\/#breadcrumb"},"inLanguage":"sv-SE","potentialAction":[{"@type":"ReadAction","target":["https:\/\/blogg.svenskakyrkan.se\/diakonibloggen\/2017\/07\/01\/sommar-och-lasning-evas-dotter\/"]}]},{"@type":"ImageObject","inLanguage":"sv-SE","@id":"https:\/\/blogg.svenskakyrkan.se\/diakonibloggen\/2017\/07\/01\/sommar-och-lasning-evas-dotter\/#primaryimage","url":"http:\/\/blogg.svenskakyrkan.se\/diakonibloggen\/files\/2017\/06\/skc3a4rmavbild-2017-06-22-kl-11-56-40.png?w=164","contentUrl":"http:\/\/blogg.svenskakyrkan.se\/diakonibloggen\/files\/2017\/06\/skc3a4rmavbild-2017-06-22-kl-11-56-40.png?w=164"},{"@type":"BreadcrumbList","@id":"https:\/\/blogg.svenskakyrkan.se\/diakonibloggen\/2017\/07\/01\/sommar-och-lasning-evas-dotter\/#breadcrumb","itemListElement":[{"@type":"ListItem","position":1,"name":"Hem","item":"https:\/\/blogg.svenskakyrkan.se\/diakonibloggen\/"},{"@type":"ListItem","position":2,"name":"Sommar och l\u00e4sning &#8211; Evas dotter"}]},{"@type":"WebSite","@id":"https:\/\/blogg.svenskakyrkan.se\/diakonibloggen\/#website","url":"https:\/\/blogg.svenskakyrkan.se\/diakonibloggen\/","name":"Diakonibloggen","description":"Vi lyfter fram, hyllar, diskuterar och inspirerar till diakonalt arbete inom och utanf\u00f6r Svenska kyrkans ramar.","potentialAction":[{"@type":"SearchAction","target":{"@type":"EntryPoint","urlTemplate":"https:\/\/blogg.svenskakyrkan.se\/diakonibloggen\/?s={search_term_string}"},"query-input":{"@type":"PropertyValueSpecification","valueRequired":true,"valueName":"search_term_string"}}],"inLanguage":"sv-SE"},{"@type":"Person","@id":"https:\/\/blogg.svenskakyrkan.se\/diakonibloggen\/#\/schema\/person\/8f6a6fe8efab23c141c7e274fec6405f","name":"diakonibloggen","image":{"@type":"ImageObject","inLanguage":"sv-SE","@id":"https:\/\/blogg.svenskakyrkan.se\/diakonibloggen\/#\/schema\/person\/image\/","url":"https:\/\/secure.gravatar.com\/avatar\/95c0ca86fd13e3d8c1b7b7e9864c9a2ccb7b48c6f756a3b5447bcc13dd630488?s=96&d=mm&r=g","contentUrl":"https:\/\/secure.gravatar.com\/avatar\/95c0ca86fd13e3d8c1b7b7e9864c9a2ccb7b48c6f756a3b5447bcc13dd630488?s=96&d=mm&r=g","caption":"diakonibloggen"},"url":"https:\/\/blogg.svenskakyrkan.se\/diakonibloggen\/author\/diakonibloggen\/"}]}},"author_meta":{"ID":"776","user_nicename":"diakonibloggen","user_registered":"2020-12-17 14:50:06","display_name":"diakonibloggen","avatar":"https:\/\/blogg.svenskakyrkan.se\/diakonibloggen\/files\/2021\/02\/Sk\u00e4rmavbild-2019-04-12-kl.-14.20.54-150x150.png"},"featured_image":false,"bloginfo":{"name":"Diakonibloggen","url":"https:\/\/blogg.svenskakyrkan.se\/diakonibloggen"},"_links":{"self":[{"href":"https:\/\/blogg.svenskakyrkan.se\/diakonibloggen\/wp-json\/wp\/v2\/posts\/5880","targetHints":{"allow":["GET"]}}],"collection":[{"href":"https:\/\/blogg.svenskakyrkan.se\/diakonibloggen\/wp-json\/wp\/v2\/posts"}],"about":[{"href":"https:\/\/blogg.svenskakyrkan.se\/diakonibloggen\/wp-json\/wp\/v2\/types\/post"}],"author":[{"embeddable":true,"href":"https:\/\/blogg.svenskakyrkan.se\/diakonibloggen\/wp-json\/wp\/v2\/users\/776"}],"replies":[{"embeddable":true,"href":"https:\/\/blogg.svenskakyrkan.se\/diakonibloggen\/wp-json\/wp\/v2\/comments?post=5880"}],"version-history":[{"count":1,"href":"https:\/\/blogg.svenskakyrkan.se\/diakonibloggen\/wp-json\/wp\/v2\/posts\/5880\/revisions"}],"predecessor-version":[{"id":8423,"href":"https:\/\/blogg.svenskakyrkan.se\/diakonibloggen\/wp-json\/wp\/v2\/posts\/5880\/revisions\/8423"}],"wp:attachment":[{"href":"https:\/\/blogg.svenskakyrkan.se\/diakonibloggen\/wp-json\/wp\/v2\/media?parent=5880"}],"wp:term":[{"taxonomy":"category","embeddable":true,"href":"https:\/\/blogg.svenskakyrkan.se\/diakonibloggen\/wp-json\/wp\/v2\/categories?post=5880"},{"taxonomy":"post_tag","embeddable":true,"href":"https:\/\/blogg.svenskakyrkan.se\/diakonibloggen\/wp-json\/wp\/v2\/tags?post=5880"}],"curies":[{"name":"wp","href":"https:\/\/api.w.org\/{rel}","templated":true}]}}