{"id":5895,"date":"2017-06-28T12:27:39","date_gmt":"2017-06-28T12:27:39","guid":{"rendered":"http:\/\/diakonibloggen.com\/?p=5895"},"modified":"2020-12-17T15:16:39","modified_gmt":"2020-12-17T15:16:39","slug":"vaga-vistas-i-glappet","status":"publish","type":"post","link":"https:\/\/blogg.svenskakyrkan.se\/diakonibloggen\/2017\/06\/28\/vaga-vistas-i-glappet\/","title":{"rendered":"V\u00e5ga vistas i glappet"},"content":{"rendered":"<p><a href=\"http:\/\/diakonibloggen.com\/2015\/10\/09\/existentiell-folkhalsa-verkar-spannande-hur-kan-jag-lara-mig-mer\/maskros\/\" rel=\"attachment wp-att-4632\"><img loading=\"lazy\" decoding=\"async\" class=\"alignleft size-thumbnail wp-image-4632\" src=\"https:\/\/diakonibloggen.files.wordpress.com\/2015\/09\/maskros.jpg?w=250\" alt=\"\" width=\"250\" height=\"142\" srcset=\"https:\/\/blogg.svenskakyrkan.se\/diakonibloggen\/files\/2015\/09\/maskros.jpg 460w, https:\/\/blogg.svenskakyrkan.se\/diakonibloggen\/files\/2015\/09\/maskros-300x170.jpg 300w\" sizes=\"auto, (max-width: 250px) 100vw, 250px\" \/><\/a>\u201dHan gillade att spela trummor faktiskt, det minns jag att han gjorde n\u00e4r vi var ton\u00e5ringar, ja faktiskt, han var ju trummis, det tyckte han om.\u201d Orden \u00e4r min mammas, och tillf\u00e4llet ett av de d\u00e4r s\u00e4llsynta n\u00e4r vi pratar om min morbror, f\u00f6r jag hade n\u00e4stan en morbror. Han f\u00f6rsvann i en trafikolycka n\u00e5gra m\u00e5nader innan jag f\u00f6ddes, det \u00e4r mer \u00e4n femtio \u00e5r sedan nu. F\u00f6r mig \u00e4r det en sorts saga men jag anar att det \u00e4r bister verklighet och som om det var ig\u00e5r f\u00f6r min mamma. Jag f\u00f6ddes allts\u00e5 rakt in i en familj i sorg, en sl\u00e4kt i sorg. Inget konstigt med det egentligen, det h\u00e4nder ju rimligtvis \u00f6verallt och har gjort i alla tider. Men jag l\u00e4rde mig snabbt att inte fr\u00e5ga f\u00f6r mycket, s\u00e4rskilt inte mormor och morfar. Jag kan inte minnas att n\u00e5gon n\u00e5nsin sagt \u00e5t mig att inte fr\u00e5ga, men det var tydligt f\u00f6r mig som barn, att om jag ville veta n\u00e5got om min morbror g\u00e4llde det att lyssna, lyssna noga och g\u00f6ra detektivarbete. Han hade ett typiskt norskt dubbelnamn precis som jag. Min kusin och jag har f\u00e5tt dela p\u00e5 det, det vet vi b\u00e5da utan att n\u00e5gon egentligen sagt att det \u00e4r s\u00e5. Han var n\u00e5n sorts ingenj\u00f6r, seglare, friluftsm\u00e4nniska, han sj\u00f6ng inte s\u00e4rskilt bra och nu fick jag allts\u00e5 veta att han tyckte om att spela trummor. Det s\u00e4tter sig i mig direkt, jag \u00e4r ju ocks\u00e5 trummis, jag \u00e4lskar verkligen att spela trummor. Under barndomen l\u00e4ngtade jag ofta efter min morbror och han var p\u00e5 m\u00e5nga s\u00e4tt en manlig f\u00f6rebild f\u00f6r mig. Jag var den lille detektiven med de stora \u00f6ronen som gick igenom fotoalbum, fr\u00e5gade lite diskret om sammanhang och platser p\u00e5 bilderna men aldrig direkt om personerna. Sen la jag mitt lilla pussel och t\u00e4nkte att vi nog skulle ha haft en fin relation, min morbror och jag. Samtidigt var det v\u00e4ldigt tydligt att han inte tillh\u00f6rde mig, han var framf\u00f6rallt mormors och det var henne man m\u00e5ste pejla in f\u00f6r att veta var gr\u00e4nsen f\u00f6r djupdykningar i fotoalbum, gamla rullbandsinspelningar, efterl\u00e4mnad friluftsutrustning och annat gick.<\/p>\n<p>I mitt arbete som fritidsledare och kanske framf\u00f6r allt som st\u00f6dgruppsledare senare i livet har jag m\u00f6tt gott om barn och ungdomar som vet allt f\u00f6r v\u00e4l hur det \u00e4r att vara detektiver i sin egen familj. Kanske har jag haft en omedveten liten f\u00f6rdel i m\u00f6tet med dem p\u00e5 grund av min egen historia, kanske har jag kunnat h\u00f6ra det d\u00e4r som inte s\u00e4gs tillsammans med dem, exempelvis n\u00e4r vi g\u00e5tt igenom olika teman som syftat till att g\u00f6ra vardagen tillsammans med fr\u00e5gor som inte f\u00e5r st\u00e4llas lite mer uth\u00e4rdlig. Min egen historia \u00e4r ju ingenting j\u00e4mf\u00f6rt med dem som lever dagligen i olika sorters kaos som ingen vill eller kan prata om. Jag kunde g\u00e5 i och ur mina funderingar n\u00e4r jag sj\u00e4lv ville, men\u00a0det kan inte de barn och ungdomar som lever i det glapp vi tillsammans skapar n\u00e4r vi inte v\u00e5gar prata om till exempel missbruk, psykisk oh\u00e4lsa, omsorgsbrister och \u00f6vergrepp. F\u00f6r vi har ett gigantiskt glapp i v\u00e5rt samh\u00e4lle och det \u00e4r fullt av detektiver som l\u00e4gger enorm tankem\u00f6da och kraft p\u00e5 att g\u00f6ra sin vardag begriplig, oftast bara genom att lyssna och notera. De st\u00f6r ingen och f\u00e5r d\u00e4rf\u00f6r heller ingen hj\u00e4lp. Jag \u00e4r r\u00e4tt s\u00e4ker p\u00e5 att till exempel min mamma hade ber\u00e4ttat en massa f\u00f6r mig om jag fr\u00e5gat n\u00e4r jag var liten, men barn \u00e4r mycket bra p\u00e5 att k\u00e4nna efter n\u00e4r det \u00e4r l\u00e4ge och inte. De \u00e4r mycket m\u00e5na om att g\u00f6ra sin del av arbetet med att skapa fungerande sammanhang i sina familjer och n\u00e4r det kommer till de fr\u00e5gor jag n\u00e4mnde tidigare och fler med dem \u00e4r det viktigt att vi inte l\u00e4mnar alla dessa barn ensamma i glappet. Det \u00e4r vi vuxna som m\u00e5ste v\u00e5ga fr\u00e5ga och ber\u00e4tta, inte barnen och ungdomarna. Vi m\u00e5ste v\u00e5ga vistas i glappet tillsammans med dem, tillsammans med skambelagda sjukdomar, till synes ol\u00f6sliga problem, familjehemligheter och strukturer som f\u00f6rtrycker och h\u00e5ller nere.<\/p>\n<p><a href=\"http:\/\/diakonibloggen.com\/2017\/05\/28\/vad-vem-hur-ar-gud\/per-ivan-2\/\" rel=\"attachment wp-att-5823\"><img loading=\"lazy\" decoding=\"async\" class=\"alignleft size-thumbnail wp-image-5823\" src=\"http:\/\/blogg.svenskakyrkan.se\/diakonibloggen\/files\/2017\/05\/per-ivan.jpg?w=240\" alt=\"\" width=\"240\" height=\"250\" srcset=\"https:\/\/blogg.svenskakyrkan.se\/diakonibloggen\/files\/2017\/05\/per-ivan.jpg 1059w, https:\/\/blogg.svenskakyrkan.se\/diakonibloggen\/files\/2017\/05\/per-ivan-288x300.jpg 288w, https:\/\/blogg.svenskakyrkan.se\/diakonibloggen\/files\/2017\/05\/per-ivan-984x1024.jpg 984w, https:\/\/blogg.svenskakyrkan.se\/diakonibloggen\/files\/2017\/05\/per-ivan-768x799.jpg 768w\" sizes=\"auto, (max-width: 240px) 100vw, 240px\" \/><\/a>Att f\u00e5 veta sanningen, s\u00e5 som den \u00e4r och att f\u00e5 vara sig sj\u00e4lv, veta om och f\u00f6rst\u00e5 sina r\u00e4ttigheter, att f\u00e5 hj\u00e4lp att hitta platser och forum att trivas och blomma i \u00e4r alla barns och ungdomars r\u00e4ttighet. Den \u00f6verraskande kraften i en liten pusselbit skall inte underskattas t\u00e4nker jag och spelar upp en liten film i huvudet d\u00e4r jag och min morbror lirar lite trummor ihop. I\u00a0filmen \u00e4r han gammal, \u00f6ver \u00e5ttio \u00e5r, och han visar mig n\u00e5gra jazztrix fr\u00e5n femtiotalet och vi skrattar lite \u00e5t att\u00a0jag inte riktigt fattar hur jag ska g\u00f6ra\u2026 S\u00e5 blir mitt inre glapp lite mindre och jag st\u00e4rks i min \u00f6vertygelse om att det \u00e4r dags att g\u00f6ra n\u00e5got \u00e5t det stora till synes ohanterliga glappet i v\u00e5rt samh\u00e4lle.\u00a0 #k\u00e4mpaf\u00f6rvarendaunge<\/p>\n<p>Per-Ivar \u00d6stmann<\/p>\n","protected":false},"excerpt":{"rendered":"<p>\u201dHan gillade att spela trummor faktiskt, det minns jag att han gjorde n\u00e4r vi var ton\u00e5ringar, ja faktiskt, han var ju trummis, det tyckte han om.\u201d Orden \u00e4r min mammas, och tillf\u00e4llet ett av de d\u00e4r s\u00e4llsynta n\u00e4r vi pratar om min morbror, f\u00f6r jag hade n\u00e4stan en morbror. Han f\u00f6rsvann i en trafikolycka n\u00e5gra [&hellip;]<\/p>\n","protected":false},"author":776,"featured_media":0,"comment_status":"open","ping_status":"open","sticky":false,"template":"","format":"standard","meta":{"_acf_changed":false,"footnotes":""},"categories":[23296,23301,23302],"tags":[24334,24720],"class_list":["post-5895","post","type-post","status-publish","format-standard","hentry","category-barn","category-diakonalt-arbete","category-diakoni","tag-kampaforvarendaunge","tag-per-ivar-ostmann"],"acf":[],"yoast_head":"<!-- This site is optimized with the Yoast SEO plugin v27.1.1 - https:\/\/yoast.com\/product\/yoast-seo-wordpress\/ -->\n<title>V\u00e5ga vistas i glappet - Diakonibloggen<\/title>\n<meta name=\"robots\" content=\"index, follow, max-snippet:-1, max-image-preview:large, max-video-preview:-1\" \/>\n<link rel=\"canonical\" href=\"https:\/\/blogg.svenskakyrkan.se\/diakonibloggen\/2017\/06\/28\/vaga-vistas-i-glappet\/\" \/>\n<meta property=\"og:locale\" content=\"sv_SE\" \/>\n<meta property=\"og:type\" content=\"article\" \/>\n<meta property=\"og:title\" content=\"V\u00e5ga vistas i glappet - Diakonibloggen\" \/>\n<meta property=\"og:description\" content=\"\u201dHan gillade att spela trummor faktiskt, det minns jag att han gjorde n\u00e4r vi var ton\u00e5ringar, ja faktiskt, han var ju trummis, det tyckte han om.\u201d Orden \u00e4r min mammas, och tillf\u00e4llet ett av de d\u00e4r s\u00e4llsynta n\u00e4r vi pratar om min morbror, f\u00f6r jag hade n\u00e4stan en morbror. Han f\u00f6rsvann i en trafikolycka n\u00e5gra [&hellip;]\" \/>\n<meta property=\"og:url\" content=\"https:\/\/blogg.svenskakyrkan.se\/diakonibloggen\/2017\/06\/28\/vaga-vistas-i-glappet\/\" \/>\n<meta property=\"og:site_name\" content=\"Diakonibloggen\" \/>\n<meta property=\"article:published_time\" content=\"2017-06-28T12:27:39+00:00\" \/>\n<meta property=\"article:modified_time\" content=\"2020-12-17T15:16:39+00:00\" \/>\n<meta property=\"og:image\" content=\"https:\/\/diakonibloggen.files.wordpress.com\/2015\/09\/maskros.jpg?w=250\" \/>\n<meta name=\"author\" content=\"diakonibloggen\" \/>\n<meta name=\"twitter:card\" content=\"summary_large_image\" \/>\n<meta name=\"twitter:label1\" content=\"Skriven av\" \/>\n\t<meta name=\"twitter:data1\" content=\"diakonibloggen\" \/>\n\t<meta name=\"twitter:label2\" content=\"Ber\u00e4knad l\u00e4stid\" \/>\n\t<meta name=\"twitter:data2\" content=\"5 minuter\" \/>\n<script type=\"application\/ld+json\" class=\"yoast-schema-graph\">{\"@context\":\"https:\/\/schema.org\",\"@graph\":[{\"@type\":\"Article\",\"@id\":\"https:\/\/blogg.svenskakyrkan.se\/diakonibloggen\/2017\/06\/28\/vaga-vistas-i-glappet\/#article\",\"isPartOf\":{\"@id\":\"https:\/\/blogg.svenskakyrkan.se\/diakonibloggen\/2017\/06\/28\/vaga-vistas-i-glappet\/\"},\"author\":{\"name\":\"diakonibloggen\",\"@id\":\"https:\/\/blogg.svenskakyrkan.se\/diakonibloggen\/#\/schema\/person\/8f6a6fe8efab23c141c7e274fec6405f\"},\"headline\":\"V\u00e5ga vistas i glappet\",\"datePublished\":\"2017-06-28T12:27:39+00:00\",\"dateModified\":\"2020-12-17T15:16:39+00:00\",\"mainEntityOfPage\":{\"@id\":\"https:\/\/blogg.svenskakyrkan.se\/diakonibloggen\/2017\/06\/28\/vaga-vistas-i-glappet\/\"},\"wordCount\":941,\"commentCount\":0,\"image\":{\"@id\":\"https:\/\/blogg.svenskakyrkan.se\/diakonibloggen\/2017\/06\/28\/vaga-vistas-i-glappet\/#primaryimage\"},\"thumbnailUrl\":\"https:\/\/diakonibloggen.files.wordpress.com\/2015\/09\/maskros.jpg?w=250\",\"keywords\":[\"k\u00e4mpaf\u00f6rvarendaunge\",\"Per-Ivar \u00d6stmann\"],\"articleSection\":[\"Barn\",\"Diakonalt arbete\",\"diakoni\"],\"inLanguage\":\"sv-SE\",\"potentialAction\":[{\"@type\":\"CommentAction\",\"name\":\"Comment\",\"target\":[\"https:\/\/blogg.svenskakyrkan.se\/diakonibloggen\/2017\/06\/28\/vaga-vistas-i-glappet\/#respond\"]}]},{\"@type\":\"WebPage\",\"@id\":\"https:\/\/blogg.svenskakyrkan.se\/diakonibloggen\/2017\/06\/28\/vaga-vistas-i-glappet\/\",\"url\":\"https:\/\/blogg.svenskakyrkan.se\/diakonibloggen\/2017\/06\/28\/vaga-vistas-i-glappet\/\",\"name\":\"V\u00e5ga vistas i glappet - Diakonibloggen\",\"isPartOf\":{\"@id\":\"https:\/\/blogg.svenskakyrkan.se\/diakonibloggen\/#website\"},\"primaryImageOfPage\":{\"@id\":\"https:\/\/blogg.svenskakyrkan.se\/diakonibloggen\/2017\/06\/28\/vaga-vistas-i-glappet\/#primaryimage\"},\"image\":{\"@id\":\"https:\/\/blogg.svenskakyrkan.se\/diakonibloggen\/2017\/06\/28\/vaga-vistas-i-glappet\/#primaryimage\"},\"thumbnailUrl\":\"https:\/\/diakonibloggen.files.wordpress.com\/2015\/09\/maskros.jpg?w=250\",\"datePublished\":\"2017-06-28T12:27:39+00:00\",\"dateModified\":\"2020-12-17T15:16:39+00:00\",\"author\":{\"@id\":\"https:\/\/blogg.svenskakyrkan.se\/diakonibloggen\/#\/schema\/person\/8f6a6fe8efab23c141c7e274fec6405f\"},\"breadcrumb\":{\"@id\":\"https:\/\/blogg.svenskakyrkan.se\/diakonibloggen\/2017\/06\/28\/vaga-vistas-i-glappet\/#breadcrumb\"},\"inLanguage\":\"sv-SE\",\"potentialAction\":[{\"@type\":\"ReadAction\",\"target\":[\"https:\/\/blogg.svenskakyrkan.se\/diakonibloggen\/2017\/06\/28\/vaga-vistas-i-glappet\/\"]}]},{\"@type\":\"ImageObject\",\"inLanguage\":\"sv-SE\",\"@id\":\"https:\/\/blogg.svenskakyrkan.se\/diakonibloggen\/2017\/06\/28\/vaga-vistas-i-glappet\/#primaryimage\",\"url\":\"https:\/\/diakonibloggen.files.wordpress.com\/2015\/09\/maskros.jpg?w=250\",\"contentUrl\":\"https:\/\/diakonibloggen.files.wordpress.com\/2015\/09\/maskros.jpg?w=250\"},{\"@type\":\"BreadcrumbList\",\"@id\":\"https:\/\/blogg.svenskakyrkan.se\/diakonibloggen\/2017\/06\/28\/vaga-vistas-i-glappet\/#breadcrumb\",\"itemListElement\":[{\"@type\":\"ListItem\",\"position\":1,\"name\":\"Hem\",\"item\":\"https:\/\/blogg.svenskakyrkan.se\/diakonibloggen\/\"},{\"@type\":\"ListItem\",\"position\":2,\"name\":\"V\u00e5ga vistas i glappet\"}]},{\"@type\":\"WebSite\",\"@id\":\"https:\/\/blogg.svenskakyrkan.se\/diakonibloggen\/#website\",\"url\":\"https:\/\/blogg.svenskakyrkan.se\/diakonibloggen\/\",\"name\":\"Diakonibloggen\",\"description\":\"Vi lyfter fram, hyllar, diskuterar och inspirerar till diakonalt arbete inom och utanf\u00f6r Svenska kyrkans ramar.\",\"potentialAction\":[{\"@type\":\"SearchAction\",\"target\":{\"@type\":\"EntryPoint\",\"urlTemplate\":\"https:\/\/blogg.svenskakyrkan.se\/diakonibloggen\/?s={search_term_string}\"},\"query-input\":{\"@type\":\"PropertyValueSpecification\",\"valueRequired\":true,\"valueName\":\"search_term_string\"}}],\"inLanguage\":\"sv-SE\"},{\"@type\":\"Person\",\"@id\":\"https:\/\/blogg.svenskakyrkan.se\/diakonibloggen\/#\/schema\/person\/8f6a6fe8efab23c141c7e274fec6405f\",\"name\":\"diakonibloggen\",\"image\":{\"@type\":\"ImageObject\",\"inLanguage\":\"sv-SE\",\"@id\":\"https:\/\/blogg.svenskakyrkan.se\/diakonibloggen\/#\/schema\/person\/image\/\",\"url\":\"https:\/\/secure.gravatar.com\/avatar\/95c0ca86fd13e3d8c1b7b7e9864c9a2ccb7b48c6f756a3b5447bcc13dd630488?s=96&d=mm&r=g\",\"contentUrl\":\"https:\/\/secure.gravatar.com\/avatar\/95c0ca86fd13e3d8c1b7b7e9864c9a2ccb7b48c6f756a3b5447bcc13dd630488?s=96&d=mm&r=g\",\"caption\":\"diakonibloggen\"},\"url\":\"https:\/\/blogg.svenskakyrkan.se\/diakonibloggen\/author\/diakonibloggen\/\"}]}<\/script>\n<!-- \/ Yoast SEO plugin. -->","yoast_head_json":{"title":"V\u00e5ga vistas i glappet - Diakonibloggen","robots":{"index":"index","follow":"follow","max-snippet":"max-snippet:-1","max-image-preview":"max-image-preview:large","max-video-preview":"max-video-preview:-1"},"canonical":"https:\/\/blogg.svenskakyrkan.se\/diakonibloggen\/2017\/06\/28\/vaga-vistas-i-glappet\/","og_locale":"sv_SE","og_type":"article","og_title":"V\u00e5ga vistas i glappet - Diakonibloggen","og_description":"\u201dHan gillade att spela trummor faktiskt, det minns jag att han gjorde n\u00e4r vi var ton\u00e5ringar, ja faktiskt, han var ju trummis, det tyckte han om.\u201d Orden \u00e4r min mammas, och tillf\u00e4llet ett av de d\u00e4r s\u00e4llsynta n\u00e4r vi pratar om min morbror, f\u00f6r jag hade n\u00e4stan en morbror. Han f\u00f6rsvann i en trafikolycka n\u00e5gra [&hellip;]","og_url":"https:\/\/blogg.svenskakyrkan.se\/diakonibloggen\/2017\/06\/28\/vaga-vistas-i-glappet\/","og_site_name":"Diakonibloggen","article_published_time":"2017-06-28T12:27:39+00:00","article_modified_time":"2020-12-17T15:16:39+00:00","og_image":[{"url":"https:\/\/diakonibloggen.files.wordpress.com\/2015\/09\/maskros.jpg?w=250","type":"","width":"","height":""}],"author":"diakonibloggen","twitter_card":"summary_large_image","twitter_misc":{"Skriven av":"diakonibloggen","Ber\u00e4knad l\u00e4stid":"5 minuter"},"schema":{"@context":"https:\/\/schema.org","@graph":[{"@type":"Article","@id":"https:\/\/blogg.svenskakyrkan.se\/diakonibloggen\/2017\/06\/28\/vaga-vistas-i-glappet\/#article","isPartOf":{"@id":"https:\/\/blogg.svenskakyrkan.se\/diakonibloggen\/2017\/06\/28\/vaga-vistas-i-glappet\/"},"author":{"name":"diakonibloggen","@id":"https:\/\/blogg.svenskakyrkan.se\/diakonibloggen\/#\/schema\/person\/8f6a6fe8efab23c141c7e274fec6405f"},"headline":"V\u00e5ga vistas i glappet","datePublished":"2017-06-28T12:27:39+00:00","dateModified":"2020-12-17T15:16:39+00:00","mainEntityOfPage":{"@id":"https:\/\/blogg.svenskakyrkan.se\/diakonibloggen\/2017\/06\/28\/vaga-vistas-i-glappet\/"},"wordCount":941,"commentCount":0,"image":{"@id":"https:\/\/blogg.svenskakyrkan.se\/diakonibloggen\/2017\/06\/28\/vaga-vistas-i-glappet\/#primaryimage"},"thumbnailUrl":"https:\/\/diakonibloggen.files.wordpress.com\/2015\/09\/maskros.jpg?w=250","keywords":["k\u00e4mpaf\u00f6rvarendaunge","Per-Ivar \u00d6stmann"],"articleSection":["Barn","Diakonalt arbete","diakoni"],"inLanguage":"sv-SE","potentialAction":[{"@type":"CommentAction","name":"Comment","target":["https:\/\/blogg.svenskakyrkan.se\/diakonibloggen\/2017\/06\/28\/vaga-vistas-i-glappet\/#respond"]}]},{"@type":"WebPage","@id":"https:\/\/blogg.svenskakyrkan.se\/diakonibloggen\/2017\/06\/28\/vaga-vistas-i-glappet\/","url":"https:\/\/blogg.svenskakyrkan.se\/diakonibloggen\/2017\/06\/28\/vaga-vistas-i-glappet\/","name":"V\u00e5ga vistas i glappet - Diakonibloggen","isPartOf":{"@id":"https:\/\/blogg.svenskakyrkan.se\/diakonibloggen\/#website"},"primaryImageOfPage":{"@id":"https:\/\/blogg.svenskakyrkan.se\/diakonibloggen\/2017\/06\/28\/vaga-vistas-i-glappet\/#primaryimage"},"image":{"@id":"https:\/\/blogg.svenskakyrkan.se\/diakonibloggen\/2017\/06\/28\/vaga-vistas-i-glappet\/#primaryimage"},"thumbnailUrl":"https:\/\/diakonibloggen.files.wordpress.com\/2015\/09\/maskros.jpg?w=250","datePublished":"2017-06-28T12:27:39+00:00","dateModified":"2020-12-17T15:16:39+00:00","author":{"@id":"https:\/\/blogg.svenskakyrkan.se\/diakonibloggen\/#\/schema\/person\/8f6a6fe8efab23c141c7e274fec6405f"},"breadcrumb":{"@id":"https:\/\/blogg.svenskakyrkan.se\/diakonibloggen\/2017\/06\/28\/vaga-vistas-i-glappet\/#breadcrumb"},"inLanguage":"sv-SE","potentialAction":[{"@type":"ReadAction","target":["https:\/\/blogg.svenskakyrkan.se\/diakonibloggen\/2017\/06\/28\/vaga-vistas-i-glappet\/"]}]},{"@type":"ImageObject","inLanguage":"sv-SE","@id":"https:\/\/blogg.svenskakyrkan.se\/diakonibloggen\/2017\/06\/28\/vaga-vistas-i-glappet\/#primaryimage","url":"https:\/\/diakonibloggen.files.wordpress.com\/2015\/09\/maskros.jpg?w=250","contentUrl":"https:\/\/diakonibloggen.files.wordpress.com\/2015\/09\/maskros.jpg?w=250"},{"@type":"BreadcrumbList","@id":"https:\/\/blogg.svenskakyrkan.se\/diakonibloggen\/2017\/06\/28\/vaga-vistas-i-glappet\/#breadcrumb","itemListElement":[{"@type":"ListItem","position":1,"name":"Hem","item":"https:\/\/blogg.svenskakyrkan.se\/diakonibloggen\/"},{"@type":"ListItem","position":2,"name":"V\u00e5ga vistas i glappet"}]},{"@type":"WebSite","@id":"https:\/\/blogg.svenskakyrkan.se\/diakonibloggen\/#website","url":"https:\/\/blogg.svenskakyrkan.se\/diakonibloggen\/","name":"Diakonibloggen","description":"Vi lyfter fram, hyllar, diskuterar och inspirerar till diakonalt arbete inom och utanf\u00f6r Svenska kyrkans ramar.","potentialAction":[{"@type":"SearchAction","target":{"@type":"EntryPoint","urlTemplate":"https:\/\/blogg.svenskakyrkan.se\/diakonibloggen\/?s={search_term_string}"},"query-input":{"@type":"PropertyValueSpecification","valueRequired":true,"valueName":"search_term_string"}}],"inLanguage":"sv-SE"},{"@type":"Person","@id":"https:\/\/blogg.svenskakyrkan.se\/diakonibloggen\/#\/schema\/person\/8f6a6fe8efab23c141c7e274fec6405f","name":"diakonibloggen","image":{"@type":"ImageObject","inLanguage":"sv-SE","@id":"https:\/\/blogg.svenskakyrkan.se\/diakonibloggen\/#\/schema\/person\/image\/","url":"https:\/\/secure.gravatar.com\/avatar\/95c0ca86fd13e3d8c1b7b7e9864c9a2ccb7b48c6f756a3b5447bcc13dd630488?s=96&d=mm&r=g","contentUrl":"https:\/\/secure.gravatar.com\/avatar\/95c0ca86fd13e3d8c1b7b7e9864c9a2ccb7b48c6f756a3b5447bcc13dd630488?s=96&d=mm&r=g","caption":"diakonibloggen"},"url":"https:\/\/blogg.svenskakyrkan.se\/diakonibloggen\/author\/diakonibloggen\/"}]}},"author_meta":{"ID":"776","user_nicename":"diakonibloggen","user_registered":"2020-12-17 14:50:06","display_name":"diakonibloggen","avatar":"https:\/\/blogg.svenskakyrkan.se\/diakonibloggen\/files\/2021\/02\/Sk\u00e4rmavbild-2019-04-12-kl.-14.20.54-150x150.png"},"featured_image":false,"bloginfo":{"name":"Diakonibloggen","url":"https:\/\/blogg.svenskakyrkan.se\/diakonibloggen"},"_links":{"self":[{"href":"https:\/\/blogg.svenskakyrkan.se\/diakonibloggen\/wp-json\/wp\/v2\/posts\/5895","targetHints":{"allow":["GET"]}}],"collection":[{"href":"https:\/\/blogg.svenskakyrkan.se\/diakonibloggen\/wp-json\/wp\/v2\/posts"}],"about":[{"href":"https:\/\/blogg.svenskakyrkan.se\/diakonibloggen\/wp-json\/wp\/v2\/types\/post"}],"author":[{"embeddable":true,"href":"https:\/\/blogg.svenskakyrkan.se\/diakonibloggen\/wp-json\/wp\/v2\/users\/776"}],"replies":[{"embeddable":true,"href":"https:\/\/blogg.svenskakyrkan.se\/diakonibloggen\/wp-json\/wp\/v2\/comments?post=5895"}],"version-history":[{"count":1,"href":"https:\/\/blogg.svenskakyrkan.se\/diakonibloggen\/wp-json\/wp\/v2\/posts\/5895\/revisions"}],"predecessor-version":[{"id":8424,"href":"https:\/\/blogg.svenskakyrkan.se\/diakonibloggen\/wp-json\/wp\/v2\/posts\/5895\/revisions\/8424"}],"wp:attachment":[{"href":"https:\/\/blogg.svenskakyrkan.se\/diakonibloggen\/wp-json\/wp\/v2\/media?parent=5895"}],"wp:term":[{"taxonomy":"category","embeddable":true,"href":"https:\/\/blogg.svenskakyrkan.se\/diakonibloggen\/wp-json\/wp\/v2\/categories?post=5895"},{"taxonomy":"post_tag","embeddable":true,"href":"https:\/\/blogg.svenskakyrkan.se\/diakonibloggen\/wp-json\/wp\/v2\/tags?post=5895"}],"curies":[{"name":"wp","href":"https:\/\/api.w.org\/{rel}","templated":true}]}}