{"id":5905,"date":"2017-10-22T09:16:03","date_gmt":"2017-10-22T09:16:03","guid":{"rendered":"http:\/\/diakonibloggen.com\/?p=5905"},"modified":"2020-12-17T15:16:39","modified_gmt":"2020-12-17T15:16:39","slug":"inte-langre-ensam-i-sina-tankar-sverige-mellan-stolarna","status":"publish","type":"post","link":"https:\/\/blogg.svenskakyrkan.se\/diakonibloggen\/2017\/10\/22\/inte-langre-ensam-i-sina-tankar-sverige-mellan-stolarna\/","title":{"rendered":"Inte l\u00e4ngre ensam i sina tankar. Sverige mellan stolarna"},"content":{"rendered":"<div class=\"page\" title=\"Page 39\">\n<div class=\"layoutArea\">\n<div class=\"column\">\n<p><span id=\"ContentPlaceHolderCenter_EptField1\">Vi delar n\u00e5gra\u00a0texter fr\u00e5n \u00a0<em>Sverige mellan stolarna. Ber\u00e4ttelser om utsatthet. Om m\u00e4nniskor och m\u00f6ten i Svenska kyrkans diakoni<\/em>. Boken \u00e4r utgiven av Svenska kyrkan p\u00e5 nationell niv\u00e5 och inneh\u00e5ller ber\u00e4ttelser som delats i samband med arbetet kring <a href=\"http:\/\/diakonibloggen.com\/2016\/05\/22\/kyrkan-raddade-mig-dela-din-berattelse\/\">projektet Diakoni &amp; V\u00e4lf\u00e4rd<\/a>, som diakonibloggen tidigare skrivit om. \/Karin &amp; Lotta<\/span><\/p>\n<p><strong><a href=\"http:\/\/diakonibloggen.com\/2017\/10\/12\/forsta-gangen-grat-bara-alla-sista-gangen-skrattade-vi-mest-sverige-mellan-stolarna\/skarmavbild-2017-06-21-kl-13-48-14\/\" rel=\"attachment wp-att-5898\"><img loading=\"lazy\" decoding=\"async\" class=\"alignleft size-thumbnail wp-image-5898\" src=\"http:\/\/blogg.svenskakyrkan.se\/diakonibloggen\/files\/2017\/06\/skc3a4rmavbild-2017-06-21-kl-13-48-14.png?w=250\" alt=\"\" width=\"250\" height=\"219\" srcset=\"https:\/\/blogg.svenskakyrkan.se\/diakonibloggen\/files\/2017\/06\/skc3a4rmavbild-2017-06-21-kl-13-48-14.png 573w, https:\/\/blogg.svenskakyrkan.se\/diakonibloggen\/files\/2017\/06\/skc3a4rmavbild-2017-06-21-kl-13-48-14-300x263.png 300w\" sizes=\"auto, (max-width: 250px) 100vw, 250px\" \/><\/a>Inte l\u00e4ngre ensam i sina tankar<\/strong><\/p>\n<p>En ensamst\u00e5ende mamma med sm\u00e5 barn sitter framf\u00f6r mig. Hon \u00e4r l\u00e5ngtidssjukskriven med st\u00e4ndig v\u00e4rk. Det har inte blivit b\u00e4ttre efter ett antal operationer. Tv\u00e4rtom!<\/p>\n<p>Hoppl\u00f6sheten pr\u00e4glar hela hennes varelse. Det finns inget socialt n\u00e4tverk kring familjen. Det \u00e4r hon som m\u00e5ste orka, som hon uttrycker det. F\u00f6rs\u00e4kringskassan ifr\u00e5gas\u00e4tter om hon ska kunna arbeta igen.<\/p>\n<p>Hon l\u00e4ngtar efter att f\u00e5 g\u00e5 till sitt arbete. Att vara beh\u00f6vd, att komma ut och tj\u00e4na pengar \u00e4r hennes dr\u00f6m. Jag som diakon lyssnar och lyssnar. Vi tillsammans tar s\u00e5 sm\u00e5ningom kontakt med akt\u00f6rer i samh\u00e4llet som skulle kunna f\u00f6r\u00e4ndra hennes situation. Vi tillsammans t\u00e4nker och funderar. Hon \u00e4r inte ensam i sina tankar l\u00e4ngre. Delandet \u00e4r f\u00f6r mig ett viktigt redskap inom diakonin, det g\u00f6r skillnad.<\/p>\n<p>L\u00e4s g\u00e4rna fler ber\u00e4ttelser om m\u00e4nniskors m\u00f6ten med diakoni <a href=\"https:\/\/internwww.svenskakyrkan.se\/Diakoni\/sverige-mellan-stolarna\">h\u00e4r<\/a>.<\/p>\n<\/div>\n<\/div>\n<\/div>\n","protected":false},"excerpt":{"rendered":"<p>Vi delar n\u00e5gra\u00a0texter fr\u00e5n \u00a0Sverige mellan stolarna. Ber\u00e4ttelser om utsatthet. Om m\u00e4nniskor och m\u00f6ten i Svenska kyrkans diakoni. Boken \u00e4r utgiven av Svenska kyrkan p\u00e5 nationell niv\u00e5 och inneh\u00e5ller ber\u00e4ttelser som delats i samband med arbetet kring projektet Diakoni &amp; V\u00e4lf\u00e4rd, som diakonibloggen tidigare skrivit om. \/Karin &amp; Lotta Inte l\u00e4ngre ensam i sina tankar [&hellip;]<\/p>\n","protected":false},"author":776,"featured_media":0,"comment_status":"open","ping_status":"open","sticky":false,"template":"","format":"standard","meta":{"_acf_changed":false,"footnotes":""},"categories":[23301],"tags":[23773,24754,25052],"class_list":["post-5905","post","type-post","status-publish","format-standard","hentry","category-diakonalt-arbete","tag-diakoni-och-valfard","tag-projektet-diakoni-valfard","tag-sverige-mellan-stolarna"],"acf":[],"yoast_head":"<!-- This site is optimized with the Yoast SEO plugin v27.1.1 - https:\/\/yoast.com\/product\/yoast-seo-wordpress\/ -->\n<title>Inte l\u00e4ngre ensam i sina tankar. Sverige mellan stolarna - Diakonibloggen<\/title>\n<meta name=\"robots\" content=\"index, follow, max-snippet:-1, max-image-preview:large, max-video-preview:-1\" \/>\n<link rel=\"canonical\" href=\"https:\/\/blogg.svenskakyrkan.se\/diakonibloggen\/2017\/10\/22\/inte-langre-ensam-i-sina-tankar-sverige-mellan-stolarna\/\" \/>\n<meta property=\"og:locale\" content=\"sv_SE\" \/>\n<meta property=\"og:type\" content=\"article\" \/>\n<meta property=\"og:title\" content=\"Inte l\u00e4ngre ensam i sina tankar. Sverige mellan stolarna - Diakonibloggen\" \/>\n<meta property=\"og:description\" content=\"Vi delar n\u00e5gra\u00a0texter fr\u00e5n \u00a0Sverige mellan stolarna. Ber\u00e4ttelser om utsatthet. Om m\u00e4nniskor och m\u00f6ten i Svenska kyrkans diakoni. Boken \u00e4r utgiven av Svenska kyrkan p\u00e5 nationell niv\u00e5 och inneh\u00e5ller ber\u00e4ttelser som delats i samband med arbetet kring projektet Diakoni &amp; V\u00e4lf\u00e4rd, som diakonibloggen tidigare skrivit om. \/Karin &amp; Lotta Inte l\u00e4ngre ensam i sina tankar [&hellip;]\" \/>\n<meta property=\"og:url\" content=\"https:\/\/blogg.svenskakyrkan.se\/diakonibloggen\/2017\/10\/22\/inte-langre-ensam-i-sina-tankar-sverige-mellan-stolarna\/\" \/>\n<meta property=\"og:site_name\" content=\"Diakonibloggen\" \/>\n<meta property=\"article:published_time\" content=\"2017-10-22T09:16:03+00:00\" \/>\n<meta property=\"article:modified_time\" content=\"2020-12-17T15:16:39+00:00\" \/>\n<meta property=\"og:image\" content=\"http:\/\/blogg.svenskakyrkan.se\/diakonibloggen\/files\/2017\/06\/skc3a4rmavbild-2017-06-21-kl-13-48-14.png?w=250\" \/>\n<meta name=\"author\" content=\"diakonibloggen\" \/>\n<meta name=\"twitter:card\" content=\"summary_large_image\" \/>\n<meta name=\"twitter:label1\" content=\"Skriven av\" \/>\n\t<meta name=\"twitter:data1\" content=\"diakonibloggen\" \/>\n\t<meta name=\"twitter:label2\" content=\"Ber\u00e4knad l\u00e4stid\" \/>\n\t<meta name=\"twitter:data2\" content=\"1 minut\" \/>\n<script type=\"application\/ld+json\" class=\"yoast-schema-graph\">{\"@context\":\"https:\/\/schema.org\",\"@graph\":[{\"@type\":\"Article\",\"@id\":\"https:\/\/blogg.svenskakyrkan.se\/diakonibloggen\/2017\/10\/22\/inte-langre-ensam-i-sina-tankar-sverige-mellan-stolarna\/#article\",\"isPartOf\":{\"@id\":\"https:\/\/blogg.svenskakyrkan.se\/diakonibloggen\/2017\/10\/22\/inte-langre-ensam-i-sina-tankar-sverige-mellan-stolarna\/\"},\"author\":{\"name\":\"diakonibloggen\",\"@id\":\"https:\/\/blogg.svenskakyrkan.se\/diakonibloggen\/#\/schema\/person\/8f6a6fe8efab23c141c7e274fec6405f\"},\"headline\":\"Inte l\u00e4ngre ensam i sina tankar. Sverige mellan stolarna\",\"datePublished\":\"2017-10-22T09:16:03+00:00\",\"dateModified\":\"2020-12-17T15:16:39+00:00\",\"mainEntityOfPage\":{\"@id\":\"https:\/\/blogg.svenskakyrkan.se\/diakonibloggen\/2017\/10\/22\/inte-langre-ensam-i-sina-tankar-sverige-mellan-stolarna\/\"},\"wordCount\":243,\"commentCount\":0,\"image\":{\"@id\":\"https:\/\/blogg.svenskakyrkan.se\/diakonibloggen\/2017\/10\/22\/inte-langre-ensam-i-sina-tankar-sverige-mellan-stolarna\/#primaryimage\"},\"thumbnailUrl\":\"http:\/\/blogg.svenskakyrkan.se\/diakonibloggen\/files\/2017\/06\/skc3a4rmavbild-2017-06-21-kl-13-48-14.png?w=250\",\"keywords\":[\"diakoni och v\u00e4lf\u00e4rd\",\"projektet Diakoni &amp; V\u00e4lf\u00e4rd\",\"Sverige mellan stolarna\"],\"articleSection\":[\"Diakonalt arbete\"],\"inLanguage\":\"sv-SE\",\"potentialAction\":[{\"@type\":\"CommentAction\",\"name\":\"Comment\",\"target\":[\"https:\/\/blogg.svenskakyrkan.se\/diakonibloggen\/2017\/10\/22\/inte-langre-ensam-i-sina-tankar-sverige-mellan-stolarna\/#respond\"]}]},{\"@type\":\"WebPage\",\"@id\":\"https:\/\/blogg.svenskakyrkan.se\/diakonibloggen\/2017\/10\/22\/inte-langre-ensam-i-sina-tankar-sverige-mellan-stolarna\/\",\"url\":\"https:\/\/blogg.svenskakyrkan.se\/diakonibloggen\/2017\/10\/22\/inte-langre-ensam-i-sina-tankar-sverige-mellan-stolarna\/\",\"name\":\"Inte l\u00e4ngre ensam i sina tankar. Sverige mellan stolarna - Diakonibloggen\",\"isPartOf\":{\"@id\":\"https:\/\/blogg.svenskakyrkan.se\/diakonibloggen\/#website\"},\"primaryImageOfPage\":{\"@id\":\"https:\/\/blogg.svenskakyrkan.se\/diakonibloggen\/2017\/10\/22\/inte-langre-ensam-i-sina-tankar-sverige-mellan-stolarna\/#primaryimage\"},\"image\":{\"@id\":\"https:\/\/blogg.svenskakyrkan.se\/diakonibloggen\/2017\/10\/22\/inte-langre-ensam-i-sina-tankar-sverige-mellan-stolarna\/#primaryimage\"},\"thumbnailUrl\":\"http:\/\/blogg.svenskakyrkan.se\/diakonibloggen\/files\/2017\/06\/skc3a4rmavbild-2017-06-21-kl-13-48-14.png?w=250\",\"datePublished\":\"2017-10-22T09:16:03+00:00\",\"dateModified\":\"2020-12-17T15:16:39+00:00\",\"author\":{\"@id\":\"https:\/\/blogg.svenskakyrkan.se\/diakonibloggen\/#\/schema\/person\/8f6a6fe8efab23c141c7e274fec6405f\"},\"breadcrumb\":{\"@id\":\"https:\/\/blogg.svenskakyrkan.se\/diakonibloggen\/2017\/10\/22\/inte-langre-ensam-i-sina-tankar-sverige-mellan-stolarna\/#breadcrumb\"},\"inLanguage\":\"sv-SE\",\"potentialAction\":[{\"@type\":\"ReadAction\",\"target\":[\"https:\/\/blogg.svenskakyrkan.se\/diakonibloggen\/2017\/10\/22\/inte-langre-ensam-i-sina-tankar-sverige-mellan-stolarna\/\"]}]},{\"@type\":\"ImageObject\",\"inLanguage\":\"sv-SE\",\"@id\":\"https:\/\/blogg.svenskakyrkan.se\/diakonibloggen\/2017\/10\/22\/inte-langre-ensam-i-sina-tankar-sverige-mellan-stolarna\/#primaryimage\",\"url\":\"http:\/\/blogg.svenskakyrkan.se\/diakonibloggen\/files\/2017\/06\/skc3a4rmavbild-2017-06-21-kl-13-48-14.png?w=250\",\"contentUrl\":\"http:\/\/blogg.svenskakyrkan.se\/diakonibloggen\/files\/2017\/06\/skc3a4rmavbild-2017-06-21-kl-13-48-14.png?w=250\"},{\"@type\":\"BreadcrumbList\",\"@id\":\"https:\/\/blogg.svenskakyrkan.se\/diakonibloggen\/2017\/10\/22\/inte-langre-ensam-i-sina-tankar-sverige-mellan-stolarna\/#breadcrumb\",\"itemListElement\":[{\"@type\":\"ListItem\",\"position\":1,\"name\":\"Hem\",\"item\":\"https:\/\/blogg.svenskakyrkan.se\/diakonibloggen\/\"},{\"@type\":\"ListItem\",\"position\":2,\"name\":\"Inte l\u00e4ngre ensam i sina tankar. Sverige mellan stolarna\"}]},{\"@type\":\"WebSite\",\"@id\":\"https:\/\/blogg.svenskakyrkan.se\/diakonibloggen\/#website\",\"url\":\"https:\/\/blogg.svenskakyrkan.se\/diakonibloggen\/\",\"name\":\"Diakonibloggen\",\"description\":\"Vi lyfter fram, hyllar, diskuterar och inspirerar till diakonalt arbete inom och utanf\u00f6r Svenska kyrkans ramar.\",\"potentialAction\":[{\"@type\":\"SearchAction\",\"target\":{\"@type\":\"EntryPoint\",\"urlTemplate\":\"https:\/\/blogg.svenskakyrkan.se\/diakonibloggen\/?s={search_term_string}\"},\"query-input\":{\"@type\":\"PropertyValueSpecification\",\"valueRequired\":true,\"valueName\":\"search_term_string\"}}],\"inLanguage\":\"sv-SE\"},{\"@type\":\"Person\",\"@id\":\"https:\/\/blogg.svenskakyrkan.se\/diakonibloggen\/#\/schema\/person\/8f6a6fe8efab23c141c7e274fec6405f\",\"name\":\"diakonibloggen\",\"image\":{\"@type\":\"ImageObject\",\"inLanguage\":\"sv-SE\",\"@id\":\"https:\/\/blogg.svenskakyrkan.se\/diakonibloggen\/#\/schema\/person\/image\/\",\"url\":\"https:\/\/secure.gravatar.com\/avatar\/95c0ca86fd13e3d8c1b7b7e9864c9a2ccb7b48c6f756a3b5447bcc13dd630488?s=96&d=mm&r=g\",\"contentUrl\":\"https:\/\/secure.gravatar.com\/avatar\/95c0ca86fd13e3d8c1b7b7e9864c9a2ccb7b48c6f756a3b5447bcc13dd630488?s=96&d=mm&r=g\",\"caption\":\"diakonibloggen\"},\"url\":\"https:\/\/blogg.svenskakyrkan.se\/diakonibloggen\/author\/diakonibloggen\/\"}]}<\/script>\n<!-- \/ Yoast SEO plugin. -->","yoast_head_json":{"title":"Inte l\u00e4ngre ensam i sina tankar. Sverige mellan stolarna - Diakonibloggen","robots":{"index":"index","follow":"follow","max-snippet":"max-snippet:-1","max-image-preview":"max-image-preview:large","max-video-preview":"max-video-preview:-1"},"canonical":"https:\/\/blogg.svenskakyrkan.se\/diakonibloggen\/2017\/10\/22\/inte-langre-ensam-i-sina-tankar-sverige-mellan-stolarna\/","og_locale":"sv_SE","og_type":"article","og_title":"Inte l\u00e4ngre ensam i sina tankar. Sverige mellan stolarna - Diakonibloggen","og_description":"Vi delar n\u00e5gra\u00a0texter fr\u00e5n \u00a0Sverige mellan stolarna. Ber\u00e4ttelser om utsatthet. Om m\u00e4nniskor och m\u00f6ten i Svenska kyrkans diakoni. Boken \u00e4r utgiven av Svenska kyrkan p\u00e5 nationell niv\u00e5 och inneh\u00e5ller ber\u00e4ttelser som delats i samband med arbetet kring projektet Diakoni &amp; V\u00e4lf\u00e4rd, som diakonibloggen tidigare skrivit om. \/Karin &amp; Lotta Inte l\u00e4ngre ensam i sina tankar [&hellip;]","og_url":"https:\/\/blogg.svenskakyrkan.se\/diakonibloggen\/2017\/10\/22\/inte-langre-ensam-i-sina-tankar-sverige-mellan-stolarna\/","og_site_name":"Diakonibloggen","article_published_time":"2017-10-22T09:16:03+00:00","article_modified_time":"2020-12-17T15:16:39+00:00","og_image":[{"url":"http:\/\/blogg.svenskakyrkan.se\/diakonibloggen\/files\/2017\/06\/skc3a4rmavbild-2017-06-21-kl-13-48-14.png?w=250","type":"","width":"","height":""}],"author":"diakonibloggen","twitter_card":"summary_large_image","twitter_misc":{"Skriven av":"diakonibloggen","Ber\u00e4knad l\u00e4stid":"1 minut"},"schema":{"@context":"https:\/\/schema.org","@graph":[{"@type":"Article","@id":"https:\/\/blogg.svenskakyrkan.se\/diakonibloggen\/2017\/10\/22\/inte-langre-ensam-i-sina-tankar-sverige-mellan-stolarna\/#article","isPartOf":{"@id":"https:\/\/blogg.svenskakyrkan.se\/diakonibloggen\/2017\/10\/22\/inte-langre-ensam-i-sina-tankar-sverige-mellan-stolarna\/"},"author":{"name":"diakonibloggen","@id":"https:\/\/blogg.svenskakyrkan.se\/diakonibloggen\/#\/schema\/person\/8f6a6fe8efab23c141c7e274fec6405f"},"headline":"Inte l\u00e4ngre ensam i sina tankar. Sverige mellan stolarna","datePublished":"2017-10-22T09:16:03+00:00","dateModified":"2020-12-17T15:16:39+00:00","mainEntityOfPage":{"@id":"https:\/\/blogg.svenskakyrkan.se\/diakonibloggen\/2017\/10\/22\/inte-langre-ensam-i-sina-tankar-sverige-mellan-stolarna\/"},"wordCount":243,"commentCount":0,"image":{"@id":"https:\/\/blogg.svenskakyrkan.se\/diakonibloggen\/2017\/10\/22\/inte-langre-ensam-i-sina-tankar-sverige-mellan-stolarna\/#primaryimage"},"thumbnailUrl":"http:\/\/blogg.svenskakyrkan.se\/diakonibloggen\/files\/2017\/06\/skc3a4rmavbild-2017-06-21-kl-13-48-14.png?w=250","keywords":["diakoni och v\u00e4lf\u00e4rd","projektet Diakoni &amp; V\u00e4lf\u00e4rd","Sverige mellan stolarna"],"articleSection":["Diakonalt arbete"],"inLanguage":"sv-SE","potentialAction":[{"@type":"CommentAction","name":"Comment","target":["https:\/\/blogg.svenskakyrkan.se\/diakonibloggen\/2017\/10\/22\/inte-langre-ensam-i-sina-tankar-sverige-mellan-stolarna\/#respond"]}]},{"@type":"WebPage","@id":"https:\/\/blogg.svenskakyrkan.se\/diakonibloggen\/2017\/10\/22\/inte-langre-ensam-i-sina-tankar-sverige-mellan-stolarna\/","url":"https:\/\/blogg.svenskakyrkan.se\/diakonibloggen\/2017\/10\/22\/inte-langre-ensam-i-sina-tankar-sverige-mellan-stolarna\/","name":"Inte l\u00e4ngre ensam i sina tankar. Sverige mellan stolarna - Diakonibloggen","isPartOf":{"@id":"https:\/\/blogg.svenskakyrkan.se\/diakonibloggen\/#website"},"primaryImageOfPage":{"@id":"https:\/\/blogg.svenskakyrkan.se\/diakonibloggen\/2017\/10\/22\/inte-langre-ensam-i-sina-tankar-sverige-mellan-stolarna\/#primaryimage"},"image":{"@id":"https:\/\/blogg.svenskakyrkan.se\/diakonibloggen\/2017\/10\/22\/inte-langre-ensam-i-sina-tankar-sverige-mellan-stolarna\/#primaryimage"},"thumbnailUrl":"http:\/\/blogg.svenskakyrkan.se\/diakonibloggen\/files\/2017\/06\/skc3a4rmavbild-2017-06-21-kl-13-48-14.png?w=250","datePublished":"2017-10-22T09:16:03+00:00","dateModified":"2020-12-17T15:16:39+00:00","author":{"@id":"https:\/\/blogg.svenskakyrkan.se\/diakonibloggen\/#\/schema\/person\/8f6a6fe8efab23c141c7e274fec6405f"},"breadcrumb":{"@id":"https:\/\/blogg.svenskakyrkan.se\/diakonibloggen\/2017\/10\/22\/inte-langre-ensam-i-sina-tankar-sverige-mellan-stolarna\/#breadcrumb"},"inLanguage":"sv-SE","potentialAction":[{"@type":"ReadAction","target":["https:\/\/blogg.svenskakyrkan.se\/diakonibloggen\/2017\/10\/22\/inte-langre-ensam-i-sina-tankar-sverige-mellan-stolarna\/"]}]},{"@type":"ImageObject","inLanguage":"sv-SE","@id":"https:\/\/blogg.svenskakyrkan.se\/diakonibloggen\/2017\/10\/22\/inte-langre-ensam-i-sina-tankar-sverige-mellan-stolarna\/#primaryimage","url":"http:\/\/blogg.svenskakyrkan.se\/diakonibloggen\/files\/2017\/06\/skc3a4rmavbild-2017-06-21-kl-13-48-14.png?w=250","contentUrl":"http:\/\/blogg.svenskakyrkan.se\/diakonibloggen\/files\/2017\/06\/skc3a4rmavbild-2017-06-21-kl-13-48-14.png?w=250"},{"@type":"BreadcrumbList","@id":"https:\/\/blogg.svenskakyrkan.se\/diakonibloggen\/2017\/10\/22\/inte-langre-ensam-i-sina-tankar-sverige-mellan-stolarna\/#breadcrumb","itemListElement":[{"@type":"ListItem","position":1,"name":"Hem","item":"https:\/\/blogg.svenskakyrkan.se\/diakonibloggen\/"},{"@type":"ListItem","position":2,"name":"Inte l\u00e4ngre ensam i sina tankar. Sverige mellan stolarna"}]},{"@type":"WebSite","@id":"https:\/\/blogg.svenskakyrkan.se\/diakonibloggen\/#website","url":"https:\/\/blogg.svenskakyrkan.se\/diakonibloggen\/","name":"Diakonibloggen","description":"Vi lyfter fram, hyllar, diskuterar och inspirerar till diakonalt arbete inom och utanf\u00f6r Svenska kyrkans ramar.","potentialAction":[{"@type":"SearchAction","target":{"@type":"EntryPoint","urlTemplate":"https:\/\/blogg.svenskakyrkan.se\/diakonibloggen\/?s={search_term_string}"},"query-input":{"@type":"PropertyValueSpecification","valueRequired":true,"valueName":"search_term_string"}}],"inLanguage":"sv-SE"},{"@type":"Person","@id":"https:\/\/blogg.svenskakyrkan.se\/diakonibloggen\/#\/schema\/person\/8f6a6fe8efab23c141c7e274fec6405f","name":"diakonibloggen","image":{"@type":"ImageObject","inLanguage":"sv-SE","@id":"https:\/\/blogg.svenskakyrkan.se\/diakonibloggen\/#\/schema\/person\/image\/","url":"https:\/\/secure.gravatar.com\/avatar\/95c0ca86fd13e3d8c1b7b7e9864c9a2ccb7b48c6f756a3b5447bcc13dd630488?s=96&d=mm&r=g","contentUrl":"https:\/\/secure.gravatar.com\/avatar\/95c0ca86fd13e3d8c1b7b7e9864c9a2ccb7b48c6f756a3b5447bcc13dd630488?s=96&d=mm&r=g","caption":"diakonibloggen"},"url":"https:\/\/blogg.svenskakyrkan.se\/diakonibloggen\/author\/diakonibloggen\/"}]}},"author_meta":{"ID":"776","user_nicename":"diakonibloggen","user_registered":"2020-12-17 14:50:06","display_name":"diakonibloggen","avatar":"https:\/\/blogg.svenskakyrkan.se\/diakonibloggen\/files\/2021\/02\/Sk\u00e4rmavbild-2019-04-12-kl.-14.20.54-150x150.png"},"featured_image":false,"bloginfo":{"name":"Diakonibloggen","url":"https:\/\/blogg.svenskakyrkan.se\/diakonibloggen"},"_links":{"self":[{"href":"https:\/\/blogg.svenskakyrkan.se\/diakonibloggen\/wp-json\/wp\/v2\/posts\/5905","targetHints":{"allow":["GET"]}}],"collection":[{"href":"https:\/\/blogg.svenskakyrkan.se\/diakonibloggen\/wp-json\/wp\/v2\/posts"}],"about":[{"href":"https:\/\/blogg.svenskakyrkan.se\/diakonibloggen\/wp-json\/wp\/v2\/types\/post"}],"author":[{"embeddable":true,"href":"https:\/\/blogg.svenskakyrkan.se\/diakonibloggen\/wp-json\/wp\/v2\/users\/776"}],"replies":[{"embeddable":true,"href":"https:\/\/blogg.svenskakyrkan.se\/diakonibloggen\/wp-json\/wp\/v2\/comments?post=5905"}],"version-history":[{"count":1,"href":"https:\/\/blogg.svenskakyrkan.se\/diakonibloggen\/wp-json\/wp\/v2\/posts\/5905\/revisions"}],"predecessor-version":[{"id":8397,"href":"https:\/\/blogg.svenskakyrkan.se\/diakonibloggen\/wp-json\/wp\/v2\/posts\/5905\/revisions\/8397"}],"wp:attachment":[{"href":"https:\/\/blogg.svenskakyrkan.se\/diakonibloggen\/wp-json\/wp\/v2\/media?parent=5905"}],"wp:term":[{"taxonomy":"category","embeddable":true,"href":"https:\/\/blogg.svenskakyrkan.se\/diakonibloggen\/wp-json\/wp\/v2\/categories?post=5905"},{"taxonomy":"post_tag","embeddable":true,"href":"https:\/\/blogg.svenskakyrkan.se\/diakonibloggen\/wp-json\/wp\/v2\/tags?post=5905"}],"curies":[{"name":"wp","href":"https:\/\/api.w.org\/{rel}","templated":true}]}}