{"id":5908,"date":"2017-10-26T07:41:59","date_gmt":"2017-10-26T07:41:59","guid":{"rendered":"http:\/\/diakonibloggen.com\/?p=5908"},"modified":"2020-12-17T15:16:39","modified_gmt":"2020-12-17T15:16:39","slug":"vem-bar-sverige-mellan-stolarna","status":"publish","type":"post","link":"https:\/\/blogg.svenskakyrkan.se\/diakonibloggen\/2017\/10\/26\/vem-bar-sverige-mellan-stolarna\/","title":{"rendered":"Vem b\u00e4r? Sverige mellan stolarna"},"content":{"rendered":"<p><span id=\"ContentPlaceHolderCenter_EptField1\">Vi delar n\u00e5gra\u00a0texter, och detta blir den fj\u00e4rde och sista, fr\u00e5n \u00a0<em>Sverige mellan stolarna. Ber\u00e4ttelser om utsatthet. Om m\u00e4nniskor och m\u00f6ten i Svenska kyrkans diakoni<\/em>. Boken \u00e4r utgiven av Svenska kyrkan p\u00e5 nationell niv\u00e5 och inneh\u00e5ller ber\u00e4ttelser som delats i samband med arbetet kring <a href=\"http:\/\/diakonibloggen.com\/2016\/05\/22\/kyrkan-raddade-mig-dela-din-berattelse\/\">projektet Diakoni &amp; V\u00e4lf\u00e4rd<\/a>, som diakonibloggen tidigare skrivit om. \/Karin &amp; Lotta<\/span><\/p>\n<div class=\"page\" title=\"Page 42\">\n<div class=\"layoutArea\">\n<div class=\"column\">\n<p><strong><a href=\"http:\/\/diakonibloggen.com\/2017\/10\/12\/forsta-gangen-grat-bara-alla-sista-gangen-skrattade-vi-mest-sverige-mellan-stolarna\/skarmavbild-2017-06-21-kl-13-48-14\/\" rel=\"attachment wp-att-5898\"><img loading=\"lazy\" decoding=\"async\" class=\"alignleft size-thumbnail wp-image-5898\" src=\"http:\/\/blogg.svenskakyrkan.se\/diakonibloggen\/files\/2017\/06\/skc3a4rmavbild-2017-06-21-kl-13-48-14.png?w=250\" alt=\"\" width=\"250\" height=\"219\" srcset=\"https:\/\/blogg.svenskakyrkan.se\/diakonibloggen\/files\/2017\/06\/skc3a4rmavbild-2017-06-21-kl-13-48-14.png 573w, https:\/\/blogg.svenskakyrkan.se\/diakonibloggen\/files\/2017\/06\/skc3a4rmavbild-2017-06-21-kl-13-48-14-300x263.png 300w\" sizes=\"auto, (max-width: 250px) 100vw, 250px\" \/><\/a>Fyra\u00e5ringen bar mig i den stunden<\/strong><\/p>\n<p>&#8221;Efter m\u00e5nga \u00e5r i en servicefunktion med stora krav p\u00e5 prestation, b\u00e5de inre och yttre, krackelerade tillvaron. Mitt under brinnande panik\u00e5ngestattack, under influens av b\u00e5de adrenalin och kortisol, tog jag min till tillflykt till en familj vars dotter jag var gudfar \u00e5t.<\/p>\n<p>Livet hade varit tufft mot henne och hon led av sv\u00e5ra handikapp, hon var vid tillf\u00e4llet fyra \u00e5r gammal. N\u00e4r jag antog fadderskapet var det med en stor sj\u00e4lvs\u00e4ker \u00f6nskan om att f\u00e5 hj\u00e4lpa henne genom livet, att b\u00e4ra och finnas tillhands i stort och sm\u00e5tt.<\/p>\n<p>Nu satt jag d\u00e4r p\u00e5 golvet med denna lilla fyra\u00e5ring om halsen, kramande mig som om hela mitt liv h\u00e4ngde p\u00e5 det. Trots sin litenhet och s\u00e5rbarhet, hade hon en instinktiv f\u00f6rm\u00e5ga att f\u00f6rst\u00e5 vad jag beh\u00f6vde. Hennes beteende var ovanligt, hon brukade inte ge n\u00e5gon s\u00e5 l\u00e5ng uppm\u00e4rksamhet. Hon bar mig verkligen i den stunden och hon har genom minnet fortsatt att b\u00e4ra.<\/p>\n<p>Vi s\u00f6ker oss g\u00e4rna till starka individer i n\u00f6den, \u00e5tminstone i teorin. Jag har sedan dess f\u00e5tt revidera min syn p\u00e5 varifr\u00e5n en diakonal handling kan komma. Jag har \u00f6ppnat upp min blick f\u00f6r den styrka som kommer fr\u00e5n det till synes s\u00e5rbara. Svaghetens och litenhetens styrka f\u00f6rundrar inte minst n\u00e4r det kommer fr\u00e5n ett litet handikappat barn. Diakoni har sedan dess handlat mycket om att frig\u00f6ra de instinktiva diakonala f\u00f6rm\u00e5gor vi alla har. Det handlar inte s\u00e5 mycket om strukturer och organisationer utan f\u00f6rm\u00e5gan att \u00e5terknyta till den blick och empati som till och med ett litet s\u00e5rbart barn har. V\u00e4rlden, livet och tiden st\u00e4nger ibland v\u00e5r blick och v\u00e5ra hj\u00e4rtan. Vad handlar diakonin och kyrkan om, om inte att \u00e5teruppt\u00e4cka det som redan finns d\u00e4r i oss alla, i svagheten och utsattheten?&#8221;<\/p>\n<p>L\u00e4s g\u00e4rna fler ber\u00e4ttelser om m\u00e4nniskors m\u00f6ten med diakoni <a href=\"https:\/\/internwww.svenskakyrkan.se\/Diakoni\/sverige-mellan-stolarna\">h\u00e4r<\/a>. D\u00e4r finns boken f\u00f6r nedladdning.<\/p>\n<\/div>\n<\/div>\n<\/div>\n","protected":false},"excerpt":{"rendered":"<p>Vi delar n\u00e5gra\u00a0texter, och detta blir den fj\u00e4rde och sista, fr\u00e5n \u00a0Sverige mellan stolarna. Ber\u00e4ttelser om utsatthet. Om m\u00e4nniskor och m\u00f6ten i Svenska kyrkans diakoni. Boken \u00e4r utgiven av Svenska kyrkan p\u00e5 nationell niv\u00e5 och inneh\u00e5ller ber\u00e4ttelser som delats i samband med arbetet kring projektet Diakoni &amp; V\u00e4lf\u00e4rd, som diakonibloggen tidigare skrivit om. \/Karin &amp; [&hellip;]<\/p>\n","protected":false},"author":776,"featured_media":0,"comment_status":"open","ping_status":"open","sticky":false,"template":"","format":"standard","meta":{"_acf_changed":false,"footnotes":""},"categories":[23301,23302],"tags":[23773,24754,25052],"class_list":["post-5908","post","type-post","status-publish","format-standard","hentry","category-diakonalt-arbete","category-diakoni","tag-diakoni-och-valfard","tag-projektet-diakoni-valfard","tag-sverige-mellan-stolarna"],"acf":[],"yoast_head":"<!-- This site is optimized with the Yoast SEO plugin v27.1.1 - https:\/\/yoast.com\/product\/yoast-seo-wordpress\/ -->\n<title>Vem b\u00e4r? Sverige mellan stolarna - Diakonibloggen<\/title>\n<meta name=\"robots\" content=\"index, follow, max-snippet:-1, max-image-preview:large, max-video-preview:-1\" \/>\n<link rel=\"canonical\" href=\"https:\/\/blogg.svenskakyrkan.se\/diakonibloggen\/2017\/10\/26\/vem-bar-sverige-mellan-stolarna\/\" \/>\n<meta property=\"og:locale\" content=\"sv_SE\" \/>\n<meta property=\"og:type\" content=\"article\" \/>\n<meta property=\"og:title\" content=\"Vem b\u00e4r? Sverige mellan stolarna - Diakonibloggen\" \/>\n<meta property=\"og:description\" content=\"Vi delar n\u00e5gra\u00a0texter, och detta blir den fj\u00e4rde och sista, fr\u00e5n \u00a0Sverige mellan stolarna. Ber\u00e4ttelser om utsatthet. Om m\u00e4nniskor och m\u00f6ten i Svenska kyrkans diakoni. Boken \u00e4r utgiven av Svenska kyrkan p\u00e5 nationell niv\u00e5 och inneh\u00e5ller ber\u00e4ttelser som delats i samband med arbetet kring projektet Diakoni &amp; V\u00e4lf\u00e4rd, som diakonibloggen tidigare skrivit om. \/Karin &amp; [&hellip;]\" \/>\n<meta property=\"og:url\" content=\"https:\/\/blogg.svenskakyrkan.se\/diakonibloggen\/2017\/10\/26\/vem-bar-sverige-mellan-stolarna\/\" \/>\n<meta property=\"og:site_name\" content=\"Diakonibloggen\" \/>\n<meta property=\"article:published_time\" content=\"2017-10-26T07:41:59+00:00\" \/>\n<meta property=\"article:modified_time\" content=\"2020-12-17T15:16:39+00:00\" \/>\n<meta property=\"og:image\" content=\"http:\/\/blogg.svenskakyrkan.se\/diakonibloggen\/files\/2017\/06\/skc3a4rmavbild-2017-06-21-kl-13-48-14.png?w=250\" \/>\n<meta name=\"author\" content=\"diakonibloggen\" \/>\n<meta name=\"twitter:card\" content=\"summary_large_image\" \/>\n<meta name=\"twitter:label1\" content=\"Skriven av\" \/>\n\t<meta name=\"twitter:data1\" content=\"diakonibloggen\" \/>\n\t<meta name=\"twitter:label2\" content=\"Ber\u00e4knad l\u00e4stid\" \/>\n\t<meta name=\"twitter:data2\" content=\"2 minuter\" \/>\n<script type=\"application\/ld+json\" class=\"yoast-schema-graph\">{\"@context\":\"https:\/\/schema.org\",\"@graph\":[{\"@type\":\"Article\",\"@id\":\"https:\/\/blogg.svenskakyrkan.se\/diakonibloggen\/2017\/10\/26\/vem-bar-sverige-mellan-stolarna\/#article\",\"isPartOf\":{\"@id\":\"https:\/\/blogg.svenskakyrkan.se\/diakonibloggen\/2017\/10\/26\/vem-bar-sverige-mellan-stolarna\/\"},\"author\":{\"name\":\"diakonibloggen\",\"@id\":\"https:\/\/blogg.svenskakyrkan.se\/diakonibloggen\/#\/schema\/person\/8f6a6fe8efab23c141c7e274fec6405f\"},\"headline\":\"Vem b\u00e4r? Sverige mellan stolarna\",\"datePublished\":\"2017-10-26T07:41:59+00:00\",\"dateModified\":\"2020-12-17T15:16:39+00:00\",\"mainEntityOfPage\":{\"@id\":\"https:\/\/blogg.svenskakyrkan.se\/diakonibloggen\/2017\/10\/26\/vem-bar-sverige-mellan-stolarna\/\"},\"wordCount\":437,\"commentCount\":0,\"image\":{\"@id\":\"https:\/\/blogg.svenskakyrkan.se\/diakonibloggen\/2017\/10\/26\/vem-bar-sverige-mellan-stolarna\/#primaryimage\"},\"thumbnailUrl\":\"http:\/\/blogg.svenskakyrkan.se\/diakonibloggen\/files\/2017\/06\/skc3a4rmavbild-2017-06-21-kl-13-48-14.png?w=250\",\"keywords\":[\"diakoni och v\u00e4lf\u00e4rd\",\"projektet Diakoni &amp; V\u00e4lf\u00e4rd\",\"Sverige mellan stolarna\"],\"articleSection\":[\"Diakonalt arbete\",\"diakoni\"],\"inLanguage\":\"sv-SE\",\"potentialAction\":[{\"@type\":\"CommentAction\",\"name\":\"Comment\",\"target\":[\"https:\/\/blogg.svenskakyrkan.se\/diakonibloggen\/2017\/10\/26\/vem-bar-sverige-mellan-stolarna\/#respond\"]}]},{\"@type\":\"WebPage\",\"@id\":\"https:\/\/blogg.svenskakyrkan.se\/diakonibloggen\/2017\/10\/26\/vem-bar-sverige-mellan-stolarna\/\",\"url\":\"https:\/\/blogg.svenskakyrkan.se\/diakonibloggen\/2017\/10\/26\/vem-bar-sverige-mellan-stolarna\/\",\"name\":\"Vem b\u00e4r? Sverige mellan stolarna - Diakonibloggen\",\"isPartOf\":{\"@id\":\"https:\/\/blogg.svenskakyrkan.se\/diakonibloggen\/#website\"},\"primaryImageOfPage\":{\"@id\":\"https:\/\/blogg.svenskakyrkan.se\/diakonibloggen\/2017\/10\/26\/vem-bar-sverige-mellan-stolarna\/#primaryimage\"},\"image\":{\"@id\":\"https:\/\/blogg.svenskakyrkan.se\/diakonibloggen\/2017\/10\/26\/vem-bar-sverige-mellan-stolarna\/#primaryimage\"},\"thumbnailUrl\":\"http:\/\/blogg.svenskakyrkan.se\/diakonibloggen\/files\/2017\/06\/skc3a4rmavbild-2017-06-21-kl-13-48-14.png?w=250\",\"datePublished\":\"2017-10-26T07:41:59+00:00\",\"dateModified\":\"2020-12-17T15:16:39+00:00\",\"author\":{\"@id\":\"https:\/\/blogg.svenskakyrkan.se\/diakonibloggen\/#\/schema\/person\/8f6a6fe8efab23c141c7e274fec6405f\"},\"breadcrumb\":{\"@id\":\"https:\/\/blogg.svenskakyrkan.se\/diakonibloggen\/2017\/10\/26\/vem-bar-sverige-mellan-stolarna\/#breadcrumb\"},\"inLanguage\":\"sv-SE\",\"potentialAction\":[{\"@type\":\"ReadAction\",\"target\":[\"https:\/\/blogg.svenskakyrkan.se\/diakonibloggen\/2017\/10\/26\/vem-bar-sverige-mellan-stolarna\/\"]}]},{\"@type\":\"ImageObject\",\"inLanguage\":\"sv-SE\",\"@id\":\"https:\/\/blogg.svenskakyrkan.se\/diakonibloggen\/2017\/10\/26\/vem-bar-sverige-mellan-stolarna\/#primaryimage\",\"url\":\"http:\/\/blogg.svenskakyrkan.se\/diakonibloggen\/files\/2017\/06\/skc3a4rmavbild-2017-06-21-kl-13-48-14.png?w=250\",\"contentUrl\":\"http:\/\/blogg.svenskakyrkan.se\/diakonibloggen\/files\/2017\/06\/skc3a4rmavbild-2017-06-21-kl-13-48-14.png?w=250\"},{\"@type\":\"BreadcrumbList\",\"@id\":\"https:\/\/blogg.svenskakyrkan.se\/diakonibloggen\/2017\/10\/26\/vem-bar-sverige-mellan-stolarna\/#breadcrumb\",\"itemListElement\":[{\"@type\":\"ListItem\",\"position\":1,\"name\":\"Hem\",\"item\":\"https:\/\/blogg.svenskakyrkan.se\/diakonibloggen\/\"},{\"@type\":\"ListItem\",\"position\":2,\"name\":\"Vem b\u00e4r? Sverige mellan stolarna\"}]},{\"@type\":\"WebSite\",\"@id\":\"https:\/\/blogg.svenskakyrkan.se\/diakonibloggen\/#website\",\"url\":\"https:\/\/blogg.svenskakyrkan.se\/diakonibloggen\/\",\"name\":\"Diakonibloggen\",\"description\":\"Vi lyfter fram, hyllar, diskuterar och inspirerar till diakonalt arbete inom och utanf\u00f6r Svenska kyrkans ramar.\",\"potentialAction\":[{\"@type\":\"SearchAction\",\"target\":{\"@type\":\"EntryPoint\",\"urlTemplate\":\"https:\/\/blogg.svenskakyrkan.se\/diakonibloggen\/?s={search_term_string}\"},\"query-input\":{\"@type\":\"PropertyValueSpecification\",\"valueRequired\":true,\"valueName\":\"search_term_string\"}}],\"inLanguage\":\"sv-SE\"},{\"@type\":\"Person\",\"@id\":\"https:\/\/blogg.svenskakyrkan.se\/diakonibloggen\/#\/schema\/person\/8f6a6fe8efab23c141c7e274fec6405f\",\"name\":\"diakonibloggen\",\"image\":{\"@type\":\"ImageObject\",\"inLanguage\":\"sv-SE\",\"@id\":\"https:\/\/blogg.svenskakyrkan.se\/diakonibloggen\/#\/schema\/person\/image\/\",\"url\":\"https:\/\/secure.gravatar.com\/avatar\/95c0ca86fd13e3d8c1b7b7e9864c9a2ccb7b48c6f756a3b5447bcc13dd630488?s=96&d=mm&r=g\",\"contentUrl\":\"https:\/\/secure.gravatar.com\/avatar\/95c0ca86fd13e3d8c1b7b7e9864c9a2ccb7b48c6f756a3b5447bcc13dd630488?s=96&d=mm&r=g\",\"caption\":\"diakonibloggen\"},\"url\":\"https:\/\/blogg.svenskakyrkan.se\/diakonibloggen\/author\/diakonibloggen\/\"}]}<\/script>\n<!-- \/ Yoast SEO plugin. -->","yoast_head_json":{"title":"Vem b\u00e4r? Sverige mellan stolarna - Diakonibloggen","robots":{"index":"index","follow":"follow","max-snippet":"max-snippet:-1","max-image-preview":"max-image-preview:large","max-video-preview":"max-video-preview:-1"},"canonical":"https:\/\/blogg.svenskakyrkan.se\/diakonibloggen\/2017\/10\/26\/vem-bar-sverige-mellan-stolarna\/","og_locale":"sv_SE","og_type":"article","og_title":"Vem b\u00e4r? Sverige mellan stolarna - Diakonibloggen","og_description":"Vi delar n\u00e5gra\u00a0texter, och detta blir den fj\u00e4rde och sista, fr\u00e5n \u00a0Sverige mellan stolarna. Ber\u00e4ttelser om utsatthet. Om m\u00e4nniskor och m\u00f6ten i Svenska kyrkans diakoni. Boken \u00e4r utgiven av Svenska kyrkan p\u00e5 nationell niv\u00e5 och inneh\u00e5ller ber\u00e4ttelser som delats i samband med arbetet kring projektet Diakoni &amp; V\u00e4lf\u00e4rd, som diakonibloggen tidigare skrivit om. \/Karin &amp; [&hellip;]","og_url":"https:\/\/blogg.svenskakyrkan.se\/diakonibloggen\/2017\/10\/26\/vem-bar-sverige-mellan-stolarna\/","og_site_name":"Diakonibloggen","article_published_time":"2017-10-26T07:41:59+00:00","article_modified_time":"2020-12-17T15:16:39+00:00","og_image":[{"url":"http:\/\/blogg.svenskakyrkan.se\/diakonibloggen\/files\/2017\/06\/skc3a4rmavbild-2017-06-21-kl-13-48-14.png?w=250","type":"","width":"","height":""}],"author":"diakonibloggen","twitter_card":"summary_large_image","twitter_misc":{"Skriven av":"diakonibloggen","Ber\u00e4knad l\u00e4stid":"2 minuter"},"schema":{"@context":"https:\/\/schema.org","@graph":[{"@type":"Article","@id":"https:\/\/blogg.svenskakyrkan.se\/diakonibloggen\/2017\/10\/26\/vem-bar-sverige-mellan-stolarna\/#article","isPartOf":{"@id":"https:\/\/blogg.svenskakyrkan.se\/diakonibloggen\/2017\/10\/26\/vem-bar-sverige-mellan-stolarna\/"},"author":{"name":"diakonibloggen","@id":"https:\/\/blogg.svenskakyrkan.se\/diakonibloggen\/#\/schema\/person\/8f6a6fe8efab23c141c7e274fec6405f"},"headline":"Vem b\u00e4r? Sverige mellan stolarna","datePublished":"2017-10-26T07:41:59+00:00","dateModified":"2020-12-17T15:16:39+00:00","mainEntityOfPage":{"@id":"https:\/\/blogg.svenskakyrkan.se\/diakonibloggen\/2017\/10\/26\/vem-bar-sverige-mellan-stolarna\/"},"wordCount":437,"commentCount":0,"image":{"@id":"https:\/\/blogg.svenskakyrkan.se\/diakonibloggen\/2017\/10\/26\/vem-bar-sverige-mellan-stolarna\/#primaryimage"},"thumbnailUrl":"http:\/\/blogg.svenskakyrkan.se\/diakonibloggen\/files\/2017\/06\/skc3a4rmavbild-2017-06-21-kl-13-48-14.png?w=250","keywords":["diakoni och v\u00e4lf\u00e4rd","projektet Diakoni &amp; V\u00e4lf\u00e4rd","Sverige mellan stolarna"],"articleSection":["Diakonalt arbete","diakoni"],"inLanguage":"sv-SE","potentialAction":[{"@type":"CommentAction","name":"Comment","target":["https:\/\/blogg.svenskakyrkan.se\/diakonibloggen\/2017\/10\/26\/vem-bar-sverige-mellan-stolarna\/#respond"]}]},{"@type":"WebPage","@id":"https:\/\/blogg.svenskakyrkan.se\/diakonibloggen\/2017\/10\/26\/vem-bar-sverige-mellan-stolarna\/","url":"https:\/\/blogg.svenskakyrkan.se\/diakonibloggen\/2017\/10\/26\/vem-bar-sverige-mellan-stolarna\/","name":"Vem b\u00e4r? Sverige mellan stolarna - Diakonibloggen","isPartOf":{"@id":"https:\/\/blogg.svenskakyrkan.se\/diakonibloggen\/#website"},"primaryImageOfPage":{"@id":"https:\/\/blogg.svenskakyrkan.se\/diakonibloggen\/2017\/10\/26\/vem-bar-sverige-mellan-stolarna\/#primaryimage"},"image":{"@id":"https:\/\/blogg.svenskakyrkan.se\/diakonibloggen\/2017\/10\/26\/vem-bar-sverige-mellan-stolarna\/#primaryimage"},"thumbnailUrl":"http:\/\/blogg.svenskakyrkan.se\/diakonibloggen\/files\/2017\/06\/skc3a4rmavbild-2017-06-21-kl-13-48-14.png?w=250","datePublished":"2017-10-26T07:41:59+00:00","dateModified":"2020-12-17T15:16:39+00:00","author":{"@id":"https:\/\/blogg.svenskakyrkan.se\/diakonibloggen\/#\/schema\/person\/8f6a6fe8efab23c141c7e274fec6405f"},"breadcrumb":{"@id":"https:\/\/blogg.svenskakyrkan.se\/diakonibloggen\/2017\/10\/26\/vem-bar-sverige-mellan-stolarna\/#breadcrumb"},"inLanguage":"sv-SE","potentialAction":[{"@type":"ReadAction","target":["https:\/\/blogg.svenskakyrkan.se\/diakonibloggen\/2017\/10\/26\/vem-bar-sverige-mellan-stolarna\/"]}]},{"@type":"ImageObject","inLanguage":"sv-SE","@id":"https:\/\/blogg.svenskakyrkan.se\/diakonibloggen\/2017\/10\/26\/vem-bar-sverige-mellan-stolarna\/#primaryimage","url":"http:\/\/blogg.svenskakyrkan.se\/diakonibloggen\/files\/2017\/06\/skc3a4rmavbild-2017-06-21-kl-13-48-14.png?w=250","contentUrl":"http:\/\/blogg.svenskakyrkan.se\/diakonibloggen\/files\/2017\/06\/skc3a4rmavbild-2017-06-21-kl-13-48-14.png?w=250"},{"@type":"BreadcrumbList","@id":"https:\/\/blogg.svenskakyrkan.se\/diakonibloggen\/2017\/10\/26\/vem-bar-sverige-mellan-stolarna\/#breadcrumb","itemListElement":[{"@type":"ListItem","position":1,"name":"Hem","item":"https:\/\/blogg.svenskakyrkan.se\/diakonibloggen\/"},{"@type":"ListItem","position":2,"name":"Vem b\u00e4r? Sverige mellan stolarna"}]},{"@type":"WebSite","@id":"https:\/\/blogg.svenskakyrkan.se\/diakonibloggen\/#website","url":"https:\/\/blogg.svenskakyrkan.se\/diakonibloggen\/","name":"Diakonibloggen","description":"Vi lyfter fram, hyllar, diskuterar och inspirerar till diakonalt arbete inom och utanf\u00f6r Svenska kyrkans ramar.","potentialAction":[{"@type":"SearchAction","target":{"@type":"EntryPoint","urlTemplate":"https:\/\/blogg.svenskakyrkan.se\/diakonibloggen\/?s={search_term_string}"},"query-input":{"@type":"PropertyValueSpecification","valueRequired":true,"valueName":"search_term_string"}}],"inLanguage":"sv-SE"},{"@type":"Person","@id":"https:\/\/blogg.svenskakyrkan.se\/diakonibloggen\/#\/schema\/person\/8f6a6fe8efab23c141c7e274fec6405f","name":"diakonibloggen","image":{"@type":"ImageObject","inLanguage":"sv-SE","@id":"https:\/\/blogg.svenskakyrkan.se\/diakonibloggen\/#\/schema\/person\/image\/","url":"https:\/\/secure.gravatar.com\/avatar\/95c0ca86fd13e3d8c1b7b7e9864c9a2ccb7b48c6f756a3b5447bcc13dd630488?s=96&d=mm&r=g","contentUrl":"https:\/\/secure.gravatar.com\/avatar\/95c0ca86fd13e3d8c1b7b7e9864c9a2ccb7b48c6f756a3b5447bcc13dd630488?s=96&d=mm&r=g","caption":"diakonibloggen"},"url":"https:\/\/blogg.svenskakyrkan.se\/diakonibloggen\/author\/diakonibloggen\/"}]}},"author_meta":{"ID":"776","user_nicename":"diakonibloggen","user_registered":"2020-12-17 14:50:06","display_name":"diakonibloggen","avatar":"https:\/\/blogg.svenskakyrkan.se\/diakonibloggen\/files\/2021\/02\/Sk\u00e4rmavbild-2019-04-12-kl.-14.20.54-150x150.png"},"featured_image":false,"bloginfo":{"name":"Diakonibloggen","url":"https:\/\/blogg.svenskakyrkan.se\/diakonibloggen"},"_links":{"self":[{"href":"https:\/\/blogg.svenskakyrkan.se\/diakonibloggen\/wp-json\/wp\/v2\/posts\/5908","targetHints":{"allow":["GET"]}}],"collection":[{"href":"https:\/\/blogg.svenskakyrkan.se\/diakonibloggen\/wp-json\/wp\/v2\/posts"}],"about":[{"href":"https:\/\/blogg.svenskakyrkan.se\/diakonibloggen\/wp-json\/wp\/v2\/types\/post"}],"author":[{"embeddable":true,"href":"https:\/\/blogg.svenskakyrkan.se\/diakonibloggen\/wp-json\/wp\/v2\/users\/776"}],"replies":[{"embeddable":true,"href":"https:\/\/blogg.svenskakyrkan.se\/diakonibloggen\/wp-json\/wp\/v2\/comments?post=5908"}],"version-history":[{"count":1,"href":"https:\/\/blogg.svenskakyrkan.se\/diakonibloggen\/wp-json\/wp\/v2\/posts\/5908\/revisions"}],"predecessor-version":[{"id":8396,"href":"https:\/\/blogg.svenskakyrkan.se\/diakonibloggen\/wp-json\/wp\/v2\/posts\/5908\/revisions\/8396"}],"wp:attachment":[{"href":"https:\/\/blogg.svenskakyrkan.se\/diakonibloggen\/wp-json\/wp\/v2\/media?parent=5908"}],"wp:term":[{"taxonomy":"category","embeddable":true,"href":"https:\/\/blogg.svenskakyrkan.se\/diakonibloggen\/wp-json\/wp\/v2\/categories?post=5908"},{"taxonomy":"post_tag","embeddable":true,"href":"https:\/\/blogg.svenskakyrkan.se\/diakonibloggen\/wp-json\/wp\/v2\/tags?post=5908"}],"curies":[{"name":"wp","href":"https:\/\/api.w.org\/{rel}","templated":true}]}}