{"id":5924,"date":"2017-07-29T06:08:55","date_gmt":"2017-07-29T06:08:55","guid":{"rendered":"http:\/\/diakonibloggen.com\/?p=5924"},"modified":"2020-12-17T15:16:39","modified_gmt":"2020-12-17T15:16:39","slug":"sommarlasning-fattigfallan","status":"publish","type":"post","link":"https:\/\/blogg.svenskakyrkan.se\/diakonibloggen\/2017\/07\/29\/sommarlasning-fattigfallan\/","title":{"rendered":"Sommar och l\u00e4sning &#8211; Fattigf\u00e4llan"},"content":{"rendered":"<p>M\u00e5nga har, liksom vi, en bokh\u00f6g j\u00e4mte s\u00e4ngen, i\u00a0en hylla p\u00e5 jobbet eller kanske en lista i paddan med titlar och b\u00f6cker som bara v\u00e4ntar p\u00e5 att f\u00e5 bli l\u00e4sta. Tiden \u00e4r ofta knapp under terminerna och annat beh\u00f6ver prioriteras. Sommaren brukar dock inneb\u00e4ra, i alla fall f\u00f6r en del av oss, mer tid f\u00f6r l\u00e4sning och mer tid att l\u00e5ta reflektioner f\u00e5 plats.<\/p>\n<p>F\u00f6r fj\u00e4rde sommaren i rad recenserar vi och n\u00e5gra g\u00e4stbloggare aktuella b\u00f6cker.\u00a0Hoppas du kommer bli inspirerad och hitta dina guldkorn under sommaren.\u00a0\/Karin &amp; Lotta<\/p>\n<p>H\u00e4r kommer bokrecension nummer fyra.<\/p>\n<p><a href=\"http:\/\/ordfrontforlag.se\/ordfront_bok\/fattigfallan\/\"><strong>Fattigf\u00e4llan<\/strong><\/a> av Charlotta von Zweigbergk, utgiven p\u00e5 Ordfornts f\u00f6rlag 2016<\/p>\n<p><a href=\"http:\/\/diakonibloggen.com\/2017\/07\/29\/sommarlasning-fattigfallan\/skarmavbild-2017-06-30-kl-22-16-07\/\" rel=\"attachment wp-att-5925\"><img loading=\"lazy\" decoding=\"async\" class=\"alignleft size-thumbnail wp-image-5925\" src=\"http:\/\/blogg.svenskakyrkan.se\/diakonibloggen\/files\/2017\/06\/skc3a4rmavbild-2017-06-30-kl-22-16-07.png?w=162\" alt=\"\" width=\"162\" height=\"250\" srcset=\"https:\/\/blogg.svenskakyrkan.se\/diakonibloggen\/files\/2017\/06\/skc3a4rmavbild-2017-06-30-kl-22-16-07.png 198w, https:\/\/blogg.svenskakyrkan.se\/diakonibloggen\/files\/2017\/06\/skc3a4rmavbild-2017-06-30-kl-22-16-07-194x300.png 194w\" sizes=\"auto, (max-width: 162px) 100vw, 162px\" \/><\/a>N\u00e4r jag l\u00e4ste boken fattigf\u00e4llan k\u00e4nde jag hur d\u00e5ligt uppdaterad jag var.\u00a0Som det s\u00e4gs i boken trodde ocks\u00e5 jag att v\u00e5rt socialf\u00f6rs\u00e4kringssystem \u00e4nd\u00e5 var n\u00e5got s\u00e5 n\u00e4r h\u00e5llbart. Visst har jag koll p\u00e5 att det blivit allt tuffare f\u00f6r m\u00e4nniskor som s\u00f6ker ekonomiskt bist\u00e5nd n\u00e4r livet riktigt trasslat till sig. Visst vet jag ocks\u00e5 att allt m\u00e5ste redovisas och att man inte f\u00e5r ha kapitalvaror som g\u00e5r att oms\u00e4tta i kontanter, men att man m\u00e5ste g\u00f6ra sig av med det enda som ocks\u00e5 ger m\u00f6jlighet till framtida inkomst, det vill s\u00e4ga den egna enskilda firman, hade jag ingen aning om.<\/p>\n<p>N\u00e4r jag l\u00e4ser boken \u00e4r det tre saker som blir uppenbara f\u00f6r mig. Den f\u00f6rsta \u00e4r att v\u00e5rt socialf\u00f6rs\u00e4kringssystem inte blivit uppdaterat i f\u00f6rh\u00e5llande till den nya g\u00e4llande arbetslinjen och sjukf\u00f6rs\u00e4kringssystemet. Den andra \u00e4r hur okunniga vi i gemen \u00e4r till hur systemet fungerar och det tredje \u00e4r hur m\u00e5nga av oss som blundar f\u00f6r hur illa det verkligen \u00e4r f\u00f6r stora delar av befolkningen i v\u00e5rt land.<\/p>\n<p>Vi pratar om att ta bort skammen fr\u00e5n s\u00e5 m\u00e5nga olika saker &#8211;\u00a0psykisk oh\u00e4lsa, sexuell l\u00e4ggning, fetma, missbruk, listan kan g\u00f6ras l\u00e5ng. L\u00e4s boken och f\u00f6rst\u00e5 att ekonomisk utsatthet \u00e4r ytterligare en.<\/p>\n<p>Recensent: Camilla Flodberg. Stiftsdiakon Skara stift<\/p>\n","protected":false},"excerpt":{"rendered":"<p>M\u00e5nga har, liksom vi, en bokh\u00f6g j\u00e4mte s\u00e4ngen, i\u00a0en hylla p\u00e5 jobbet eller kanske en lista i paddan med titlar och b\u00f6cker som bara v\u00e4ntar p\u00e5 att f\u00e5 bli l\u00e4sta. Tiden \u00e4r ofta knapp under terminerna och annat beh\u00f6ver prioriteras. Sommaren brukar dock inneb\u00e4ra, i alla fall f\u00f6r en del av oss, mer tid f\u00f6r [&hellip;]<\/p>\n","protected":false},"author":776,"featured_media":0,"comment_status":"open","ping_status":"open","sticky":false,"template":"","format":"standard","meta":{"_acf_changed":false,"footnotes":""},"categories":[23298,23301,23302],"tags":[23701,23941,24935],"class_list":["post-5924","post","type-post","status-publish","format-standard","hentry","category-bokrecension","category-diakonalt-arbete","category-diakoni","tag-charlotta-von-zweigbergk","tag-fattigfallan","tag-socialforsakringssystem"],"acf":[],"yoast_head":"<!-- This site is optimized with the Yoast SEO plugin v27.1.1 - https:\/\/yoast.com\/product\/yoast-seo-wordpress\/ -->\n<title>Sommar och l\u00e4sning - Fattigf\u00e4llan - Diakonibloggen<\/title>\n<meta name=\"robots\" content=\"index, follow, max-snippet:-1, max-image-preview:large, max-video-preview:-1\" \/>\n<link rel=\"canonical\" href=\"https:\/\/blogg.svenskakyrkan.se\/diakonibloggen\/2017\/07\/29\/sommarlasning-fattigfallan\/\" \/>\n<meta property=\"og:locale\" content=\"sv_SE\" \/>\n<meta property=\"og:type\" content=\"article\" \/>\n<meta property=\"og:title\" content=\"Sommar och l\u00e4sning - Fattigf\u00e4llan - Diakonibloggen\" \/>\n<meta property=\"og:description\" content=\"M\u00e5nga har, liksom vi, en bokh\u00f6g j\u00e4mte s\u00e4ngen, i\u00a0en hylla p\u00e5 jobbet eller kanske en lista i paddan med titlar och b\u00f6cker som bara v\u00e4ntar p\u00e5 att f\u00e5 bli l\u00e4sta. Tiden \u00e4r ofta knapp under terminerna och annat beh\u00f6ver prioriteras. Sommaren brukar dock inneb\u00e4ra, i alla fall f\u00f6r en del av oss, mer tid f\u00f6r [&hellip;]\" \/>\n<meta property=\"og:url\" content=\"https:\/\/blogg.svenskakyrkan.se\/diakonibloggen\/2017\/07\/29\/sommarlasning-fattigfallan\/\" \/>\n<meta property=\"og:site_name\" content=\"Diakonibloggen\" \/>\n<meta property=\"article:published_time\" content=\"2017-07-29T06:08:55+00:00\" \/>\n<meta property=\"article:modified_time\" content=\"2020-12-17T15:16:39+00:00\" \/>\n<meta property=\"og:image\" content=\"http:\/\/blogg.svenskakyrkan.se\/diakonibloggen\/files\/2017\/06\/skc3a4rmavbild-2017-06-30-kl-22-16-07.png?w=162\" \/>\n<meta name=\"author\" content=\"diakonibloggen\" \/>\n<meta name=\"twitter:card\" content=\"summary_large_image\" \/>\n<meta name=\"twitter:label1\" content=\"Skriven av\" \/>\n\t<meta name=\"twitter:data1\" content=\"diakonibloggen\" \/>\n\t<meta name=\"twitter:label2\" content=\"Ber\u00e4knad l\u00e4stid\" \/>\n\t<meta name=\"twitter:data2\" content=\"2 minuter\" \/>\n<script type=\"application\/ld+json\" class=\"yoast-schema-graph\">{\"@context\":\"https:\/\/schema.org\",\"@graph\":[{\"@type\":\"Article\",\"@id\":\"https:\/\/blogg.svenskakyrkan.se\/diakonibloggen\/2017\/07\/29\/sommarlasning-fattigfallan\/#article\",\"isPartOf\":{\"@id\":\"https:\/\/blogg.svenskakyrkan.se\/diakonibloggen\/2017\/07\/29\/sommarlasning-fattigfallan\/\"},\"author\":{\"name\":\"diakonibloggen\",\"@id\":\"https:\/\/blogg.svenskakyrkan.se\/diakonibloggen\/#\/schema\/person\/8f6a6fe8efab23c141c7e274fec6405f\"},\"headline\":\"Sommar och l\u00e4sning &#8211; Fattigf\u00e4llan\",\"datePublished\":\"2017-07-29T06:08:55+00:00\",\"dateModified\":\"2020-12-17T15:16:39+00:00\",\"mainEntityOfPage\":{\"@id\":\"https:\/\/blogg.svenskakyrkan.se\/diakonibloggen\/2017\/07\/29\/sommarlasning-fattigfallan\/\"},\"wordCount\":390,\"commentCount\":1,\"image\":{\"@id\":\"https:\/\/blogg.svenskakyrkan.se\/diakonibloggen\/2017\/07\/29\/sommarlasning-fattigfallan\/#primaryimage\"},\"thumbnailUrl\":\"http:\/\/blogg.svenskakyrkan.se\/diakonibloggen\/files\/2017\/06\/skc3a4rmavbild-2017-06-30-kl-22-16-07.png?w=162\",\"keywords\":[\"Charlotta von Zweigbergk\",\"Fattigf\u00e4llan\",\"socialf\u00f6rs\u00e4kringssystem\"],\"articleSection\":[\"Bokrecension\",\"Diakonalt arbete\",\"diakoni\"],\"inLanguage\":\"sv-SE\",\"potentialAction\":[{\"@type\":\"CommentAction\",\"name\":\"Comment\",\"target\":[\"https:\/\/blogg.svenskakyrkan.se\/diakonibloggen\/2017\/07\/29\/sommarlasning-fattigfallan\/#respond\"]}]},{\"@type\":\"WebPage\",\"@id\":\"https:\/\/blogg.svenskakyrkan.se\/diakonibloggen\/2017\/07\/29\/sommarlasning-fattigfallan\/\",\"url\":\"https:\/\/blogg.svenskakyrkan.se\/diakonibloggen\/2017\/07\/29\/sommarlasning-fattigfallan\/\",\"name\":\"Sommar och l\u00e4sning - Fattigf\u00e4llan - Diakonibloggen\",\"isPartOf\":{\"@id\":\"https:\/\/blogg.svenskakyrkan.se\/diakonibloggen\/#website\"},\"primaryImageOfPage\":{\"@id\":\"https:\/\/blogg.svenskakyrkan.se\/diakonibloggen\/2017\/07\/29\/sommarlasning-fattigfallan\/#primaryimage\"},\"image\":{\"@id\":\"https:\/\/blogg.svenskakyrkan.se\/diakonibloggen\/2017\/07\/29\/sommarlasning-fattigfallan\/#primaryimage\"},\"thumbnailUrl\":\"http:\/\/blogg.svenskakyrkan.se\/diakonibloggen\/files\/2017\/06\/skc3a4rmavbild-2017-06-30-kl-22-16-07.png?w=162\",\"datePublished\":\"2017-07-29T06:08:55+00:00\",\"dateModified\":\"2020-12-17T15:16:39+00:00\",\"author\":{\"@id\":\"https:\/\/blogg.svenskakyrkan.se\/diakonibloggen\/#\/schema\/person\/8f6a6fe8efab23c141c7e274fec6405f\"},\"breadcrumb\":{\"@id\":\"https:\/\/blogg.svenskakyrkan.se\/diakonibloggen\/2017\/07\/29\/sommarlasning-fattigfallan\/#breadcrumb\"},\"inLanguage\":\"sv-SE\",\"potentialAction\":[{\"@type\":\"ReadAction\",\"target\":[\"https:\/\/blogg.svenskakyrkan.se\/diakonibloggen\/2017\/07\/29\/sommarlasning-fattigfallan\/\"]}]},{\"@type\":\"ImageObject\",\"inLanguage\":\"sv-SE\",\"@id\":\"https:\/\/blogg.svenskakyrkan.se\/diakonibloggen\/2017\/07\/29\/sommarlasning-fattigfallan\/#primaryimage\",\"url\":\"http:\/\/blogg.svenskakyrkan.se\/diakonibloggen\/files\/2017\/06\/skc3a4rmavbild-2017-06-30-kl-22-16-07.png?w=162\",\"contentUrl\":\"http:\/\/blogg.svenskakyrkan.se\/diakonibloggen\/files\/2017\/06\/skc3a4rmavbild-2017-06-30-kl-22-16-07.png?w=162\"},{\"@type\":\"BreadcrumbList\",\"@id\":\"https:\/\/blogg.svenskakyrkan.se\/diakonibloggen\/2017\/07\/29\/sommarlasning-fattigfallan\/#breadcrumb\",\"itemListElement\":[{\"@type\":\"ListItem\",\"position\":1,\"name\":\"Hem\",\"item\":\"https:\/\/blogg.svenskakyrkan.se\/diakonibloggen\/\"},{\"@type\":\"ListItem\",\"position\":2,\"name\":\"Sommar och l\u00e4sning &#8211; Fattigf\u00e4llan\"}]},{\"@type\":\"WebSite\",\"@id\":\"https:\/\/blogg.svenskakyrkan.se\/diakonibloggen\/#website\",\"url\":\"https:\/\/blogg.svenskakyrkan.se\/diakonibloggen\/\",\"name\":\"Diakonibloggen\",\"description\":\"Vi lyfter fram, hyllar, diskuterar och inspirerar till diakonalt arbete inom och utanf\u00f6r Svenska kyrkans ramar.\",\"potentialAction\":[{\"@type\":\"SearchAction\",\"target\":{\"@type\":\"EntryPoint\",\"urlTemplate\":\"https:\/\/blogg.svenskakyrkan.se\/diakonibloggen\/?s={search_term_string}\"},\"query-input\":{\"@type\":\"PropertyValueSpecification\",\"valueRequired\":true,\"valueName\":\"search_term_string\"}}],\"inLanguage\":\"sv-SE\"},{\"@type\":\"Person\",\"@id\":\"https:\/\/blogg.svenskakyrkan.se\/diakonibloggen\/#\/schema\/person\/8f6a6fe8efab23c141c7e274fec6405f\",\"name\":\"diakonibloggen\",\"image\":{\"@type\":\"ImageObject\",\"inLanguage\":\"sv-SE\",\"@id\":\"https:\/\/blogg.svenskakyrkan.se\/diakonibloggen\/#\/schema\/person\/image\/\",\"url\":\"https:\/\/secure.gravatar.com\/avatar\/95c0ca86fd13e3d8c1b7b7e9864c9a2ccb7b48c6f756a3b5447bcc13dd630488?s=96&d=mm&r=g\",\"contentUrl\":\"https:\/\/secure.gravatar.com\/avatar\/95c0ca86fd13e3d8c1b7b7e9864c9a2ccb7b48c6f756a3b5447bcc13dd630488?s=96&d=mm&r=g\",\"caption\":\"diakonibloggen\"},\"url\":\"https:\/\/blogg.svenskakyrkan.se\/diakonibloggen\/author\/diakonibloggen\/\"}]}<\/script>\n<!-- \/ Yoast SEO plugin. -->","yoast_head_json":{"title":"Sommar och l\u00e4sning - Fattigf\u00e4llan - Diakonibloggen","robots":{"index":"index","follow":"follow","max-snippet":"max-snippet:-1","max-image-preview":"max-image-preview:large","max-video-preview":"max-video-preview:-1"},"canonical":"https:\/\/blogg.svenskakyrkan.se\/diakonibloggen\/2017\/07\/29\/sommarlasning-fattigfallan\/","og_locale":"sv_SE","og_type":"article","og_title":"Sommar och l\u00e4sning - Fattigf\u00e4llan - Diakonibloggen","og_description":"M\u00e5nga har, liksom vi, en bokh\u00f6g j\u00e4mte s\u00e4ngen, i\u00a0en hylla p\u00e5 jobbet eller kanske en lista i paddan med titlar och b\u00f6cker som bara v\u00e4ntar p\u00e5 att f\u00e5 bli l\u00e4sta. Tiden \u00e4r ofta knapp under terminerna och annat beh\u00f6ver prioriteras. Sommaren brukar dock inneb\u00e4ra, i alla fall f\u00f6r en del av oss, mer tid f\u00f6r [&hellip;]","og_url":"https:\/\/blogg.svenskakyrkan.se\/diakonibloggen\/2017\/07\/29\/sommarlasning-fattigfallan\/","og_site_name":"Diakonibloggen","article_published_time":"2017-07-29T06:08:55+00:00","article_modified_time":"2020-12-17T15:16:39+00:00","og_image":[{"url":"http:\/\/blogg.svenskakyrkan.se\/diakonibloggen\/files\/2017\/06\/skc3a4rmavbild-2017-06-30-kl-22-16-07.png?w=162","type":"","width":"","height":""}],"author":"diakonibloggen","twitter_card":"summary_large_image","twitter_misc":{"Skriven av":"diakonibloggen","Ber\u00e4knad l\u00e4stid":"2 minuter"},"schema":{"@context":"https:\/\/schema.org","@graph":[{"@type":"Article","@id":"https:\/\/blogg.svenskakyrkan.se\/diakonibloggen\/2017\/07\/29\/sommarlasning-fattigfallan\/#article","isPartOf":{"@id":"https:\/\/blogg.svenskakyrkan.se\/diakonibloggen\/2017\/07\/29\/sommarlasning-fattigfallan\/"},"author":{"name":"diakonibloggen","@id":"https:\/\/blogg.svenskakyrkan.se\/diakonibloggen\/#\/schema\/person\/8f6a6fe8efab23c141c7e274fec6405f"},"headline":"Sommar och l\u00e4sning &#8211; Fattigf\u00e4llan","datePublished":"2017-07-29T06:08:55+00:00","dateModified":"2020-12-17T15:16:39+00:00","mainEntityOfPage":{"@id":"https:\/\/blogg.svenskakyrkan.se\/diakonibloggen\/2017\/07\/29\/sommarlasning-fattigfallan\/"},"wordCount":390,"commentCount":1,"image":{"@id":"https:\/\/blogg.svenskakyrkan.se\/diakonibloggen\/2017\/07\/29\/sommarlasning-fattigfallan\/#primaryimage"},"thumbnailUrl":"http:\/\/blogg.svenskakyrkan.se\/diakonibloggen\/files\/2017\/06\/skc3a4rmavbild-2017-06-30-kl-22-16-07.png?w=162","keywords":["Charlotta von Zweigbergk","Fattigf\u00e4llan","socialf\u00f6rs\u00e4kringssystem"],"articleSection":["Bokrecension","Diakonalt arbete","diakoni"],"inLanguage":"sv-SE","potentialAction":[{"@type":"CommentAction","name":"Comment","target":["https:\/\/blogg.svenskakyrkan.se\/diakonibloggen\/2017\/07\/29\/sommarlasning-fattigfallan\/#respond"]}]},{"@type":"WebPage","@id":"https:\/\/blogg.svenskakyrkan.se\/diakonibloggen\/2017\/07\/29\/sommarlasning-fattigfallan\/","url":"https:\/\/blogg.svenskakyrkan.se\/diakonibloggen\/2017\/07\/29\/sommarlasning-fattigfallan\/","name":"Sommar och l\u00e4sning - Fattigf\u00e4llan - Diakonibloggen","isPartOf":{"@id":"https:\/\/blogg.svenskakyrkan.se\/diakonibloggen\/#website"},"primaryImageOfPage":{"@id":"https:\/\/blogg.svenskakyrkan.se\/diakonibloggen\/2017\/07\/29\/sommarlasning-fattigfallan\/#primaryimage"},"image":{"@id":"https:\/\/blogg.svenskakyrkan.se\/diakonibloggen\/2017\/07\/29\/sommarlasning-fattigfallan\/#primaryimage"},"thumbnailUrl":"http:\/\/blogg.svenskakyrkan.se\/diakonibloggen\/files\/2017\/06\/skc3a4rmavbild-2017-06-30-kl-22-16-07.png?w=162","datePublished":"2017-07-29T06:08:55+00:00","dateModified":"2020-12-17T15:16:39+00:00","author":{"@id":"https:\/\/blogg.svenskakyrkan.se\/diakonibloggen\/#\/schema\/person\/8f6a6fe8efab23c141c7e274fec6405f"},"breadcrumb":{"@id":"https:\/\/blogg.svenskakyrkan.se\/diakonibloggen\/2017\/07\/29\/sommarlasning-fattigfallan\/#breadcrumb"},"inLanguage":"sv-SE","potentialAction":[{"@type":"ReadAction","target":["https:\/\/blogg.svenskakyrkan.se\/diakonibloggen\/2017\/07\/29\/sommarlasning-fattigfallan\/"]}]},{"@type":"ImageObject","inLanguage":"sv-SE","@id":"https:\/\/blogg.svenskakyrkan.se\/diakonibloggen\/2017\/07\/29\/sommarlasning-fattigfallan\/#primaryimage","url":"http:\/\/blogg.svenskakyrkan.se\/diakonibloggen\/files\/2017\/06\/skc3a4rmavbild-2017-06-30-kl-22-16-07.png?w=162","contentUrl":"http:\/\/blogg.svenskakyrkan.se\/diakonibloggen\/files\/2017\/06\/skc3a4rmavbild-2017-06-30-kl-22-16-07.png?w=162"},{"@type":"BreadcrumbList","@id":"https:\/\/blogg.svenskakyrkan.se\/diakonibloggen\/2017\/07\/29\/sommarlasning-fattigfallan\/#breadcrumb","itemListElement":[{"@type":"ListItem","position":1,"name":"Hem","item":"https:\/\/blogg.svenskakyrkan.se\/diakonibloggen\/"},{"@type":"ListItem","position":2,"name":"Sommar och l\u00e4sning &#8211; Fattigf\u00e4llan"}]},{"@type":"WebSite","@id":"https:\/\/blogg.svenskakyrkan.se\/diakonibloggen\/#website","url":"https:\/\/blogg.svenskakyrkan.se\/diakonibloggen\/","name":"Diakonibloggen","description":"Vi lyfter fram, hyllar, diskuterar och inspirerar till diakonalt arbete inom och utanf\u00f6r Svenska kyrkans ramar.","potentialAction":[{"@type":"SearchAction","target":{"@type":"EntryPoint","urlTemplate":"https:\/\/blogg.svenskakyrkan.se\/diakonibloggen\/?s={search_term_string}"},"query-input":{"@type":"PropertyValueSpecification","valueRequired":true,"valueName":"search_term_string"}}],"inLanguage":"sv-SE"},{"@type":"Person","@id":"https:\/\/blogg.svenskakyrkan.se\/diakonibloggen\/#\/schema\/person\/8f6a6fe8efab23c141c7e274fec6405f","name":"diakonibloggen","image":{"@type":"ImageObject","inLanguage":"sv-SE","@id":"https:\/\/blogg.svenskakyrkan.se\/diakonibloggen\/#\/schema\/person\/image\/","url":"https:\/\/secure.gravatar.com\/avatar\/95c0ca86fd13e3d8c1b7b7e9864c9a2ccb7b48c6f756a3b5447bcc13dd630488?s=96&d=mm&r=g","contentUrl":"https:\/\/secure.gravatar.com\/avatar\/95c0ca86fd13e3d8c1b7b7e9864c9a2ccb7b48c6f756a3b5447bcc13dd630488?s=96&d=mm&r=g","caption":"diakonibloggen"},"url":"https:\/\/blogg.svenskakyrkan.se\/diakonibloggen\/author\/diakonibloggen\/"}]}},"author_meta":{"ID":"776","user_nicename":"diakonibloggen","user_registered":"2020-12-17 14:50:06","display_name":"diakonibloggen","avatar":"https:\/\/blogg.svenskakyrkan.se\/diakonibloggen\/files\/2021\/02\/Sk\u00e4rmavbild-2019-04-12-kl.-14.20.54-150x150.png"},"featured_image":false,"bloginfo":{"name":"Diakonibloggen","url":"https:\/\/blogg.svenskakyrkan.se\/diakonibloggen"},"_links":{"self":[{"href":"https:\/\/blogg.svenskakyrkan.se\/diakonibloggen\/wp-json\/wp\/v2\/posts\/5924","targetHints":{"allow":["GET"]}}],"collection":[{"href":"https:\/\/blogg.svenskakyrkan.se\/diakonibloggen\/wp-json\/wp\/v2\/posts"}],"about":[{"href":"https:\/\/blogg.svenskakyrkan.se\/diakonibloggen\/wp-json\/wp\/v2\/types\/post"}],"author":[{"embeddable":true,"href":"https:\/\/blogg.svenskakyrkan.se\/diakonibloggen\/wp-json\/wp\/v2\/users\/776"}],"replies":[{"embeddable":true,"href":"https:\/\/blogg.svenskakyrkan.se\/diakonibloggen\/wp-json\/wp\/v2\/comments?post=5924"}],"version-history":[{"count":1,"href":"https:\/\/blogg.svenskakyrkan.se\/diakonibloggen\/wp-json\/wp\/v2\/posts\/5924\/revisions"}],"predecessor-version":[{"id":8419,"href":"https:\/\/blogg.svenskakyrkan.se\/diakonibloggen\/wp-json\/wp\/v2\/posts\/5924\/revisions\/8419"}],"wp:attachment":[{"href":"https:\/\/blogg.svenskakyrkan.se\/diakonibloggen\/wp-json\/wp\/v2\/media?parent=5924"}],"wp:term":[{"taxonomy":"category","embeddable":true,"href":"https:\/\/blogg.svenskakyrkan.se\/diakonibloggen\/wp-json\/wp\/v2\/categories?post=5924"},{"taxonomy":"post_tag","embeddable":true,"href":"https:\/\/blogg.svenskakyrkan.se\/diakonibloggen\/wp-json\/wp\/v2\/tags?post=5924"}],"curies":[{"name":"wp","href":"https:\/\/api.w.org\/{rel}","templated":true}]}}