{"id":5947,"date":"2017-08-20T15:25:39","date_gmt":"2017-08-20T15:25:39","guid":{"rendered":"http:\/\/diakonibloggen.com\/?p=5947"},"modified":"2020-12-17T15:16:39","modified_gmt":"2020-12-17T15:16:39","slug":"sommar-och-lasning-nar-du-leder","status":"publish","type":"post","link":"https:\/\/blogg.svenskakyrkan.se\/diakonibloggen\/2017\/08\/20\/sommar-och-lasning-nar-du-leder\/","title":{"rendered":"Sommar och l\u00e4sning &#8211; N\u00e4r du leder"},"content":{"rendered":"<p>M\u00e5nga har, liksom vi, en bokh\u00f6g j\u00e4mte s\u00e4ngen, i\u00a0en hylla p\u00e5 jobbet eller kanske en lista i paddan med titlar och b\u00f6cker som bara v\u00e4ntar p\u00e5 att f\u00e5 bli l\u00e4sta. Tiden \u00e4r ofta knapp under terminerna och annat beh\u00f6ver prioriteras. Sommaren brukar dock inneb\u00e4ra, i alla fall f\u00f6r en del av oss, mer tid f\u00f6r l\u00e4sning och mer tid att l\u00e5ta reflektioner f\u00e5 plats.<\/p>\n<p>F\u00f6r fj\u00e4rde sommaren i rad recenserar vi och n\u00e5gra g\u00e4stbloggare aktuella b\u00f6cker.\u00a0Hoppas du kommer bli inspirerad och hitta dina guldkorn under sommaren. H\u00e4r kommer bokrecension nummer sju.<\/p>\n<p><strong><a href=\"http:\/\/diakonibloggen.com\/2017\/08\/20\/sommar-och-lasning-nar-du-leder\/skarmavbild-2017-06-30-kl-23-13-14\/\" rel=\"attachment wp-att-5949\"><img loading=\"lazy\" decoding=\"async\" class=\"alignleft size-thumbnail wp-image-5949\" src=\"http:\/\/blogg.svenskakyrkan.se\/diakonibloggen\/files\/2017\/06\/skc3a4rmavbild-2017-06-30-kl-23-13-14.png?w=163\" alt=\"\" width=\"163\" height=\"250\" srcset=\"https:\/\/blogg.svenskakyrkan.se\/diakonibloggen\/files\/2017\/06\/skc3a4rmavbild-2017-06-30-kl-23-13-14.png 211w, https:\/\/blogg.svenskakyrkan.se\/diakonibloggen\/files\/2017\/06\/skc3a4rmavbild-2017-06-30-kl-23-13-14-195x300.png 195w\" sizes=\"auto, (max-width: 163px) 100vw, 163px\" \/><\/a><a href=\"http:\/\/www.libris.se\/nar-du-leder-1.791198\">N\u00e4r du leder <\/a><\/strong>av\u00a0Josefine Arenius, utgiven p\u00e5 Libris f\u00f6rlag 2017.<br \/>\nJosefine Arenius \u00e4r ledarutvecklare med inriktning p\u00e5 ungdomsfr\u00e5gor p\u00e5 EFK. De senaste tolv \u00e5ren har hon f\u00f6rel\u00e4st inom ledarskap, grupprocesser, konflikthantering, omorganisering, mentorskap och sj\u00e4lvbild.<\/p>\n<p>I den b\u00e5de v\u00e4ldigt roliga, l\u00e4ttsamma och allvarsamma boken \u201dN\u00e4r du leder\u201d ger Josefine oss goda r\u00e5d p\u00e5 v\u00e4gen till ett f\u00f6r alla framg\u00e5ngsrikt ledarskap. F\u00f6r mig har det varit ett n\u00f6je att l\u00e4sa boken. Den har gett upphov till igenk\u00e4nningsfniss, ahaupplevelser och p\u00e5minnelser om s\u00e5dant som jag s\u00e5 v\u00e4l \u00e4r medveten om men alltf\u00f6r s\u00e4llan anv\u00e4nder mig av. Som sagt, l\u00e4sningen var lekande l\u00e4tt och jag fick en hel del med mig. F\u00f6rst efter\u00e5t l\u00e4ser jag om boken p\u00e5 Libris hemsida att den \u00e4r riktad till unga. D\u00e5 \u00e4r jag f\u00f6rmodligen r\u00e4tt ung med mina snart 42\u00e5r f\u00f6r jag kan p\u00e5 alla s\u00e4tt dra nytta av det jag l\u00e4ste i min vardag.<\/p>\n<p>Josefine delar in sin bok i tre delar: <em>Vem \u00e4r du? <\/em>d\u00e4r hon bland annat beskriver v\u00e5ra olika sj\u00e4lvf\u00f6rtroenden, det professionella, det utseendem\u00e4ssiga och det sociala. <em>Vart ska du?<\/em> d\u00e4r Josefine beskriver vikten av att f\u00f6rst s\u00e4tta ett m\u00e5l, hitta modet och ta ansvar f\u00f6r sig sj\u00e4lv. Och <em>Hur leder du andra? <\/em>d\u00e4r hon betonar vikten av f\u00f6rtroendekapital, beskriver hur man \u00e4r en coachande ledare och hur viktigt det \u00e4r att uppmuntra. Redan p\u00e5 omslaget skriver hon sin tes: \u201dDu beh\u00f6ver veta vem du \u00e4r f\u00f6r att veta vart du ska s\u00e5 att du kan leda andra\u201d, vilket hon \u00e5terkommer till i alla delar.<\/p>\n<p>Josefine \u00e5terkommer st\u00e4ndigt till att det b\u00e4sta \u00e4r att vara sann mot sig sj\u00e4lv och mot andra och inte l\u00e5tsas vara n\u00e5gon man inte \u00e4r. En m\u00e5ste f\u00e5 vara m\u00e4nniska och beg\u00e5 misstag \u00e4ven som ledare. Ett kapitel heter \u201dN\u00e4r allt g\u00e5r \u00e5t skogen\u201d som bland annat inneh\u00e5ller en lathund att f\u00f6lja n\u00e4r just allt g\u00e5r \u00e5t skogen. I kapitlen om sj\u00e4lvf\u00f6rtroende fick jag en ahaupplevelse n\u00e4r Josefine skriver om vad det g\u00f6r med oss n\u00e4r vi f\u00f6ruts\u00e4tter att vi inte \u00e4r omtyckta och vilken distans vi d\u00e5 skapar till m\u00e4nniskor omkring oss. Varje kapitel avslutas med en lathund som en slags sammanfattning och punkter med r\u00e5d, en lista med fr\u00e5gor att fundera vidare p\u00e5 sj\u00e4lv eller tillsammans med andra och ibland finns \u00e4ven en lista p\u00e5 \u00f6vningar.<\/p>\n<p>Jag vill ha den h\u00e4r boken i min hylla f\u00f6r att ta fram och sl\u00e5 upp goda r\u00e5d eller ha som samtalsunderlag n\u00e4r jag har anledning att prata ledarskap i olika sammanhang. Kanske att boken kan vara l\u00e4mplig att anv\u00e4nda i volont\u00e4rssammanhang n\u00e4r vi vill rusta och peppa v\u00e5ra ideella ledare.<\/p>\n<p>Recensent \u00e4r Sara Carlsson, diakon<\/p>\n","protected":false},"excerpt":{"rendered":"<p>M\u00e5nga har, liksom vi, en bokh\u00f6g j\u00e4mte s\u00e4ngen, i\u00a0en hylla p\u00e5 jobbet eller kanske en lista i paddan med titlar och b\u00f6cker som bara v\u00e4ntar p\u00e5 att f\u00e5 bli l\u00e4sta. Tiden \u00e4r ofta knapp under terminerna och annat beh\u00f6ver prioriteras. Sommaren brukar dock inneb\u00e4ra, i alla fall f\u00f6r en del av oss, mer tid f\u00f6r [&hellip;]<\/p>\n","protected":false},"author":776,"featured_media":0,"comment_status":"open","ping_status":"open","sticky":false,"template":"","format":"standard","meta":{"_acf_changed":false,"footnotes":""},"categories":[23298,23301,23302],"tags":[24014,24290,24458,24625],"class_list":["post-5947","post","type-post","status-publish","format-standard","hentry","category-bokrecension","category-diakonalt-arbete","category-diakoni","tag-framgangsrikt-ledarskap","tag-josefine-arenius","tag-libris-forlag","tag-nar-du-leder"],"acf":[],"yoast_head":"<!-- This site is optimized with the Yoast SEO plugin v27.1.1 - https:\/\/yoast.com\/product\/yoast-seo-wordpress\/ -->\n<title>Sommar och l\u00e4sning - N\u00e4r du leder - Diakonibloggen<\/title>\n<meta name=\"robots\" content=\"index, follow, max-snippet:-1, max-image-preview:large, max-video-preview:-1\" \/>\n<link rel=\"canonical\" href=\"https:\/\/blogg.svenskakyrkan.se\/diakonibloggen\/2017\/08\/20\/sommar-och-lasning-nar-du-leder\/\" \/>\n<meta property=\"og:locale\" content=\"sv_SE\" \/>\n<meta property=\"og:type\" content=\"article\" \/>\n<meta property=\"og:title\" content=\"Sommar och l\u00e4sning - N\u00e4r du leder - Diakonibloggen\" \/>\n<meta property=\"og:description\" content=\"M\u00e5nga har, liksom vi, en bokh\u00f6g j\u00e4mte s\u00e4ngen, i\u00a0en hylla p\u00e5 jobbet eller kanske en lista i paddan med titlar och b\u00f6cker som bara v\u00e4ntar p\u00e5 att f\u00e5 bli l\u00e4sta. Tiden \u00e4r ofta knapp under terminerna och annat beh\u00f6ver prioriteras. Sommaren brukar dock inneb\u00e4ra, i alla fall f\u00f6r en del av oss, mer tid f\u00f6r [&hellip;]\" \/>\n<meta property=\"og:url\" content=\"https:\/\/blogg.svenskakyrkan.se\/diakonibloggen\/2017\/08\/20\/sommar-och-lasning-nar-du-leder\/\" \/>\n<meta property=\"og:site_name\" content=\"Diakonibloggen\" \/>\n<meta property=\"article:published_time\" content=\"2017-08-20T15:25:39+00:00\" \/>\n<meta property=\"article:modified_time\" content=\"2020-12-17T15:16:39+00:00\" \/>\n<meta property=\"og:image\" content=\"http:\/\/blogg.svenskakyrkan.se\/diakonibloggen\/files\/2017\/06\/skc3a4rmavbild-2017-06-30-kl-23-13-14.png?w=163\" \/>\n<meta name=\"author\" content=\"diakonibloggen\" \/>\n<meta name=\"twitter:card\" content=\"summary_large_image\" \/>\n<meta name=\"twitter:label1\" content=\"Skriven av\" \/>\n\t<meta name=\"twitter:data1\" content=\"diakonibloggen\" \/>\n\t<meta name=\"twitter:label2\" content=\"Ber\u00e4knad l\u00e4stid\" \/>\n\t<meta name=\"twitter:data2\" content=\"3 minuter\" \/>\n<script type=\"application\/ld+json\" class=\"yoast-schema-graph\">{\"@context\":\"https:\/\/schema.org\",\"@graph\":[{\"@type\":\"Article\",\"@id\":\"https:\/\/blogg.svenskakyrkan.se\/diakonibloggen\/2017\/08\/20\/sommar-och-lasning-nar-du-leder\/#article\",\"isPartOf\":{\"@id\":\"https:\/\/blogg.svenskakyrkan.se\/diakonibloggen\/2017\/08\/20\/sommar-och-lasning-nar-du-leder\/\"},\"author\":{\"name\":\"diakonibloggen\",\"@id\":\"https:\/\/blogg.svenskakyrkan.se\/diakonibloggen\/#\/schema\/person\/8f6a6fe8efab23c141c7e274fec6405f\"},\"headline\":\"Sommar och l\u00e4sning &#8211; N\u00e4r du leder\",\"datePublished\":\"2017-08-20T15:25:39+00:00\",\"dateModified\":\"2020-12-17T15:16:39+00:00\",\"mainEntityOfPage\":{\"@id\":\"https:\/\/blogg.svenskakyrkan.se\/diakonibloggen\/2017\/08\/20\/sommar-och-lasning-nar-du-leder\/\"},\"wordCount\":639,\"commentCount\":0,\"image\":{\"@id\":\"https:\/\/blogg.svenskakyrkan.se\/diakonibloggen\/2017\/08\/20\/sommar-och-lasning-nar-du-leder\/#primaryimage\"},\"thumbnailUrl\":\"http:\/\/blogg.svenskakyrkan.se\/diakonibloggen\/files\/2017\/06\/skc3a4rmavbild-2017-06-30-kl-23-13-14.png?w=163\",\"keywords\":[\"framg\u00e5ngsrikt ledarskap\",\"Josefine Arenius\",\"Libris f\u00f6rlag\",\"N\u00e4r du leder\"],\"articleSection\":[\"Bokrecension\",\"Diakonalt arbete\",\"diakoni\"],\"inLanguage\":\"sv-SE\",\"potentialAction\":[{\"@type\":\"CommentAction\",\"name\":\"Comment\",\"target\":[\"https:\/\/blogg.svenskakyrkan.se\/diakonibloggen\/2017\/08\/20\/sommar-och-lasning-nar-du-leder\/#respond\"]}]},{\"@type\":\"WebPage\",\"@id\":\"https:\/\/blogg.svenskakyrkan.se\/diakonibloggen\/2017\/08\/20\/sommar-och-lasning-nar-du-leder\/\",\"url\":\"https:\/\/blogg.svenskakyrkan.se\/diakonibloggen\/2017\/08\/20\/sommar-och-lasning-nar-du-leder\/\",\"name\":\"Sommar och l\u00e4sning - N\u00e4r du leder - Diakonibloggen\",\"isPartOf\":{\"@id\":\"https:\/\/blogg.svenskakyrkan.se\/diakonibloggen\/#website\"},\"primaryImageOfPage\":{\"@id\":\"https:\/\/blogg.svenskakyrkan.se\/diakonibloggen\/2017\/08\/20\/sommar-och-lasning-nar-du-leder\/#primaryimage\"},\"image\":{\"@id\":\"https:\/\/blogg.svenskakyrkan.se\/diakonibloggen\/2017\/08\/20\/sommar-och-lasning-nar-du-leder\/#primaryimage\"},\"thumbnailUrl\":\"http:\/\/blogg.svenskakyrkan.se\/diakonibloggen\/files\/2017\/06\/skc3a4rmavbild-2017-06-30-kl-23-13-14.png?w=163\",\"datePublished\":\"2017-08-20T15:25:39+00:00\",\"dateModified\":\"2020-12-17T15:16:39+00:00\",\"author\":{\"@id\":\"https:\/\/blogg.svenskakyrkan.se\/diakonibloggen\/#\/schema\/person\/8f6a6fe8efab23c141c7e274fec6405f\"},\"breadcrumb\":{\"@id\":\"https:\/\/blogg.svenskakyrkan.se\/diakonibloggen\/2017\/08\/20\/sommar-och-lasning-nar-du-leder\/#breadcrumb\"},\"inLanguage\":\"sv-SE\",\"potentialAction\":[{\"@type\":\"ReadAction\",\"target\":[\"https:\/\/blogg.svenskakyrkan.se\/diakonibloggen\/2017\/08\/20\/sommar-och-lasning-nar-du-leder\/\"]}]},{\"@type\":\"ImageObject\",\"inLanguage\":\"sv-SE\",\"@id\":\"https:\/\/blogg.svenskakyrkan.se\/diakonibloggen\/2017\/08\/20\/sommar-och-lasning-nar-du-leder\/#primaryimage\",\"url\":\"http:\/\/blogg.svenskakyrkan.se\/diakonibloggen\/files\/2017\/06\/skc3a4rmavbild-2017-06-30-kl-23-13-14.png?w=163\",\"contentUrl\":\"http:\/\/blogg.svenskakyrkan.se\/diakonibloggen\/files\/2017\/06\/skc3a4rmavbild-2017-06-30-kl-23-13-14.png?w=163\"},{\"@type\":\"BreadcrumbList\",\"@id\":\"https:\/\/blogg.svenskakyrkan.se\/diakonibloggen\/2017\/08\/20\/sommar-och-lasning-nar-du-leder\/#breadcrumb\",\"itemListElement\":[{\"@type\":\"ListItem\",\"position\":1,\"name\":\"Hem\",\"item\":\"https:\/\/blogg.svenskakyrkan.se\/diakonibloggen\/\"},{\"@type\":\"ListItem\",\"position\":2,\"name\":\"Sommar och l\u00e4sning &#8211; N\u00e4r du leder\"}]},{\"@type\":\"WebSite\",\"@id\":\"https:\/\/blogg.svenskakyrkan.se\/diakonibloggen\/#website\",\"url\":\"https:\/\/blogg.svenskakyrkan.se\/diakonibloggen\/\",\"name\":\"Diakonibloggen\",\"description\":\"Vi lyfter fram, hyllar, diskuterar och inspirerar till diakonalt arbete inom och utanf\u00f6r Svenska kyrkans ramar.\",\"potentialAction\":[{\"@type\":\"SearchAction\",\"target\":{\"@type\":\"EntryPoint\",\"urlTemplate\":\"https:\/\/blogg.svenskakyrkan.se\/diakonibloggen\/?s={search_term_string}\"},\"query-input\":{\"@type\":\"PropertyValueSpecification\",\"valueRequired\":true,\"valueName\":\"search_term_string\"}}],\"inLanguage\":\"sv-SE\"},{\"@type\":\"Person\",\"@id\":\"https:\/\/blogg.svenskakyrkan.se\/diakonibloggen\/#\/schema\/person\/8f6a6fe8efab23c141c7e274fec6405f\",\"name\":\"diakonibloggen\",\"image\":{\"@type\":\"ImageObject\",\"inLanguage\":\"sv-SE\",\"@id\":\"https:\/\/blogg.svenskakyrkan.se\/diakonibloggen\/#\/schema\/person\/image\/\",\"url\":\"https:\/\/secure.gravatar.com\/avatar\/95c0ca86fd13e3d8c1b7b7e9864c9a2ccb7b48c6f756a3b5447bcc13dd630488?s=96&d=mm&r=g\",\"contentUrl\":\"https:\/\/secure.gravatar.com\/avatar\/95c0ca86fd13e3d8c1b7b7e9864c9a2ccb7b48c6f756a3b5447bcc13dd630488?s=96&d=mm&r=g\",\"caption\":\"diakonibloggen\"},\"url\":\"https:\/\/blogg.svenskakyrkan.se\/diakonibloggen\/author\/diakonibloggen\/\"}]}<\/script>\n<!-- \/ Yoast SEO plugin. -->","yoast_head_json":{"title":"Sommar och l\u00e4sning - N\u00e4r du leder - Diakonibloggen","robots":{"index":"index","follow":"follow","max-snippet":"max-snippet:-1","max-image-preview":"max-image-preview:large","max-video-preview":"max-video-preview:-1"},"canonical":"https:\/\/blogg.svenskakyrkan.se\/diakonibloggen\/2017\/08\/20\/sommar-och-lasning-nar-du-leder\/","og_locale":"sv_SE","og_type":"article","og_title":"Sommar och l\u00e4sning - N\u00e4r du leder - Diakonibloggen","og_description":"M\u00e5nga har, liksom vi, en bokh\u00f6g j\u00e4mte s\u00e4ngen, i\u00a0en hylla p\u00e5 jobbet eller kanske en lista i paddan med titlar och b\u00f6cker som bara v\u00e4ntar p\u00e5 att f\u00e5 bli l\u00e4sta. Tiden \u00e4r ofta knapp under terminerna och annat beh\u00f6ver prioriteras. Sommaren brukar dock inneb\u00e4ra, i alla fall f\u00f6r en del av oss, mer tid f\u00f6r [&hellip;]","og_url":"https:\/\/blogg.svenskakyrkan.se\/diakonibloggen\/2017\/08\/20\/sommar-och-lasning-nar-du-leder\/","og_site_name":"Diakonibloggen","article_published_time":"2017-08-20T15:25:39+00:00","article_modified_time":"2020-12-17T15:16:39+00:00","og_image":[{"url":"http:\/\/blogg.svenskakyrkan.se\/diakonibloggen\/files\/2017\/06\/skc3a4rmavbild-2017-06-30-kl-23-13-14.png?w=163","type":"","width":"","height":""}],"author":"diakonibloggen","twitter_card":"summary_large_image","twitter_misc":{"Skriven av":"diakonibloggen","Ber\u00e4knad l\u00e4stid":"3 minuter"},"schema":{"@context":"https:\/\/schema.org","@graph":[{"@type":"Article","@id":"https:\/\/blogg.svenskakyrkan.se\/diakonibloggen\/2017\/08\/20\/sommar-och-lasning-nar-du-leder\/#article","isPartOf":{"@id":"https:\/\/blogg.svenskakyrkan.se\/diakonibloggen\/2017\/08\/20\/sommar-och-lasning-nar-du-leder\/"},"author":{"name":"diakonibloggen","@id":"https:\/\/blogg.svenskakyrkan.se\/diakonibloggen\/#\/schema\/person\/8f6a6fe8efab23c141c7e274fec6405f"},"headline":"Sommar och l\u00e4sning &#8211; N\u00e4r du leder","datePublished":"2017-08-20T15:25:39+00:00","dateModified":"2020-12-17T15:16:39+00:00","mainEntityOfPage":{"@id":"https:\/\/blogg.svenskakyrkan.se\/diakonibloggen\/2017\/08\/20\/sommar-och-lasning-nar-du-leder\/"},"wordCount":639,"commentCount":0,"image":{"@id":"https:\/\/blogg.svenskakyrkan.se\/diakonibloggen\/2017\/08\/20\/sommar-och-lasning-nar-du-leder\/#primaryimage"},"thumbnailUrl":"http:\/\/blogg.svenskakyrkan.se\/diakonibloggen\/files\/2017\/06\/skc3a4rmavbild-2017-06-30-kl-23-13-14.png?w=163","keywords":["framg\u00e5ngsrikt ledarskap","Josefine Arenius","Libris f\u00f6rlag","N\u00e4r du leder"],"articleSection":["Bokrecension","Diakonalt arbete","diakoni"],"inLanguage":"sv-SE","potentialAction":[{"@type":"CommentAction","name":"Comment","target":["https:\/\/blogg.svenskakyrkan.se\/diakonibloggen\/2017\/08\/20\/sommar-och-lasning-nar-du-leder\/#respond"]}]},{"@type":"WebPage","@id":"https:\/\/blogg.svenskakyrkan.se\/diakonibloggen\/2017\/08\/20\/sommar-och-lasning-nar-du-leder\/","url":"https:\/\/blogg.svenskakyrkan.se\/diakonibloggen\/2017\/08\/20\/sommar-och-lasning-nar-du-leder\/","name":"Sommar och l\u00e4sning - N\u00e4r du leder - Diakonibloggen","isPartOf":{"@id":"https:\/\/blogg.svenskakyrkan.se\/diakonibloggen\/#website"},"primaryImageOfPage":{"@id":"https:\/\/blogg.svenskakyrkan.se\/diakonibloggen\/2017\/08\/20\/sommar-och-lasning-nar-du-leder\/#primaryimage"},"image":{"@id":"https:\/\/blogg.svenskakyrkan.se\/diakonibloggen\/2017\/08\/20\/sommar-och-lasning-nar-du-leder\/#primaryimage"},"thumbnailUrl":"http:\/\/blogg.svenskakyrkan.se\/diakonibloggen\/files\/2017\/06\/skc3a4rmavbild-2017-06-30-kl-23-13-14.png?w=163","datePublished":"2017-08-20T15:25:39+00:00","dateModified":"2020-12-17T15:16:39+00:00","author":{"@id":"https:\/\/blogg.svenskakyrkan.se\/diakonibloggen\/#\/schema\/person\/8f6a6fe8efab23c141c7e274fec6405f"},"breadcrumb":{"@id":"https:\/\/blogg.svenskakyrkan.se\/diakonibloggen\/2017\/08\/20\/sommar-och-lasning-nar-du-leder\/#breadcrumb"},"inLanguage":"sv-SE","potentialAction":[{"@type":"ReadAction","target":["https:\/\/blogg.svenskakyrkan.se\/diakonibloggen\/2017\/08\/20\/sommar-och-lasning-nar-du-leder\/"]}]},{"@type":"ImageObject","inLanguage":"sv-SE","@id":"https:\/\/blogg.svenskakyrkan.se\/diakonibloggen\/2017\/08\/20\/sommar-och-lasning-nar-du-leder\/#primaryimage","url":"http:\/\/blogg.svenskakyrkan.se\/diakonibloggen\/files\/2017\/06\/skc3a4rmavbild-2017-06-30-kl-23-13-14.png?w=163","contentUrl":"http:\/\/blogg.svenskakyrkan.se\/diakonibloggen\/files\/2017\/06\/skc3a4rmavbild-2017-06-30-kl-23-13-14.png?w=163"},{"@type":"BreadcrumbList","@id":"https:\/\/blogg.svenskakyrkan.se\/diakonibloggen\/2017\/08\/20\/sommar-och-lasning-nar-du-leder\/#breadcrumb","itemListElement":[{"@type":"ListItem","position":1,"name":"Hem","item":"https:\/\/blogg.svenskakyrkan.se\/diakonibloggen\/"},{"@type":"ListItem","position":2,"name":"Sommar och l\u00e4sning &#8211; N\u00e4r du leder"}]},{"@type":"WebSite","@id":"https:\/\/blogg.svenskakyrkan.se\/diakonibloggen\/#website","url":"https:\/\/blogg.svenskakyrkan.se\/diakonibloggen\/","name":"Diakonibloggen","description":"Vi lyfter fram, hyllar, diskuterar och inspirerar till diakonalt arbete inom och utanf\u00f6r Svenska kyrkans ramar.","potentialAction":[{"@type":"SearchAction","target":{"@type":"EntryPoint","urlTemplate":"https:\/\/blogg.svenskakyrkan.se\/diakonibloggen\/?s={search_term_string}"},"query-input":{"@type":"PropertyValueSpecification","valueRequired":true,"valueName":"search_term_string"}}],"inLanguage":"sv-SE"},{"@type":"Person","@id":"https:\/\/blogg.svenskakyrkan.se\/diakonibloggen\/#\/schema\/person\/8f6a6fe8efab23c141c7e274fec6405f","name":"diakonibloggen","image":{"@type":"ImageObject","inLanguage":"sv-SE","@id":"https:\/\/blogg.svenskakyrkan.se\/diakonibloggen\/#\/schema\/person\/image\/","url":"https:\/\/secure.gravatar.com\/avatar\/95c0ca86fd13e3d8c1b7b7e9864c9a2ccb7b48c6f756a3b5447bcc13dd630488?s=96&d=mm&r=g","contentUrl":"https:\/\/secure.gravatar.com\/avatar\/95c0ca86fd13e3d8c1b7b7e9864c9a2ccb7b48c6f756a3b5447bcc13dd630488?s=96&d=mm&r=g","caption":"diakonibloggen"},"url":"https:\/\/blogg.svenskakyrkan.se\/diakonibloggen\/author\/diakonibloggen\/"}]}},"author_meta":{"ID":"776","user_nicename":"diakonibloggen","user_registered":"2020-12-17 14:50:06","display_name":"diakonibloggen","avatar":"https:\/\/blogg.svenskakyrkan.se\/diakonibloggen\/files\/2021\/02\/Sk\u00e4rmavbild-2019-04-12-kl.-14.20.54-150x150.png"},"featured_image":false,"bloginfo":{"name":"Diakonibloggen","url":"https:\/\/blogg.svenskakyrkan.se\/diakonibloggen"},"_links":{"self":[{"href":"https:\/\/blogg.svenskakyrkan.se\/diakonibloggen\/wp-json\/wp\/v2\/posts\/5947","targetHints":{"allow":["GET"]}}],"collection":[{"href":"https:\/\/blogg.svenskakyrkan.se\/diakonibloggen\/wp-json\/wp\/v2\/posts"}],"about":[{"href":"https:\/\/blogg.svenskakyrkan.se\/diakonibloggen\/wp-json\/wp\/v2\/types\/post"}],"author":[{"embeddable":true,"href":"https:\/\/blogg.svenskakyrkan.se\/diakonibloggen\/wp-json\/wp\/v2\/users\/776"}],"replies":[{"embeddable":true,"href":"https:\/\/blogg.svenskakyrkan.se\/diakonibloggen\/wp-json\/wp\/v2\/comments?post=5947"}],"version-history":[{"count":1,"href":"https:\/\/blogg.svenskakyrkan.se\/diakonibloggen\/wp-json\/wp\/v2\/posts\/5947\/revisions"}],"predecessor-version":[{"id":8415,"href":"https:\/\/blogg.svenskakyrkan.se\/diakonibloggen\/wp-json\/wp\/v2\/posts\/5947\/revisions\/8415"}],"wp:attachment":[{"href":"https:\/\/blogg.svenskakyrkan.se\/diakonibloggen\/wp-json\/wp\/v2\/media?parent=5947"}],"wp:term":[{"taxonomy":"category","embeddable":true,"href":"https:\/\/blogg.svenskakyrkan.se\/diakonibloggen\/wp-json\/wp\/v2\/categories?post=5947"},{"taxonomy":"post_tag","embeddable":true,"href":"https:\/\/blogg.svenskakyrkan.se\/diakonibloggen\/wp-json\/wp\/v2\/tags?post=5947"}],"curies":[{"name":"wp","href":"https:\/\/api.w.org\/{rel}","templated":true}]}}