{"id":5994,"date":"2017-08-18T12:34:17","date_gmt":"2017-08-18T12:34:17","guid":{"rendered":"http:\/\/diakonibloggen.com\/?p=5994"},"modified":"2020-12-17T15:16:39","modified_gmt":"2020-12-17T15:16:39","slug":"ungisverige","status":"publish","type":"post","link":"https:\/\/blogg.svenskakyrkan.se\/diakonibloggen\/2017\/08\/18\/ungisverige\/","title":{"rendered":"#UngiSverige"},"content":{"rendered":"<p><a href=\"http:\/\/diakonibloggen.com\/2017\/08\/18\/ungisverige\/skarmavbild-2017-08-18-kl-14-17-41\/\" rel=\"attachment wp-att-5995\"><img loading=\"lazy\" decoding=\"async\" class=\"alignleft size-thumbnail wp-image-5995\" src=\"http:\/\/blogg.svenskakyrkan.se\/diakonibloggen\/files\/2017\/08\/skc3a4rmavbild-2017-08-18-kl-14-17-41.png?w=250\" alt=\"\" width=\"250\" height=\"131\" srcset=\"https:\/\/blogg.svenskakyrkan.se\/diakonibloggen\/files\/2017\/08\/skc3a4rmavbild-2017-08-18-kl-14-17-41.png 445w, https:\/\/blogg.svenskakyrkan.se\/diakonibloggen\/files\/2017\/08\/skc3a4rmavbild-2017-08-18-kl-14-17-41-300x157.png 300w\" sizes=\"auto, (max-width: 250px) 100vw, 250px\" \/><\/a>Sedan s\u00f6ndag 6\/8 sittstrejkar representanter f\u00f6r Ung i Sverige p\u00e5 Mynttorget i Stockholm. Ung i Sverige \u00e4r ett nystartat initiativ som enligt sin hemsida best\u00e5r av unga som \u00e4r precis som alla andra och med samma behov av trygghet och s\u00e4kerhet som alla andra unga i Sverige. Den enda och stora skillnaden \u00e4r att de riskerar att utvisas till l\u00e4nder som befinner sig i v\u00e4pnade konflikter och terror. Strejken har v\u00e4xt och demonstationer p\u00e5g\u00e5r nu eller har genomf\u00f6rts i G\u00f6teborg,\u00a0J\u00f6nk\u00f6ping, Malm\u00f6, \u00a0Lidk\u00f6ping, Lule\u00e5, Motala, Ume\u00e5, Uppsala och Knivsta. D\u00e4r s\u00e4tter sig unga ocks\u00e5 ner i sympati med unga i Stockholm! I G\u00f6teborg p\u00e5g\u00e5r en sittstrejk vid \u00a0Olof Palmes plats i G\u00f6teborg. De demonstrerar f\u00f6r r\u00e4tten att f\u00e5 stanna i Sverige, utifr\u00e5n hur s\u00e4kerhetsl\u00e4get ser ut i Afghanistan.<\/p>\n<p>Nu p\u00e5 s\u00f6ndag klockan 18 samlas kristna, p\u00e5 initiativ av <a href=\"https:\/\/www.facebook.com\/events\/145983512655580\/?acontext=%7B%22ref%22%3A%22108%22%2C%22action_history%22%3A%22null%22%7D\">G\u00f6teborgs kristna r\u00e5d<\/a>, tillsammans med dem. Det \u00e4r ett tillf\u00e4lle att solidarisera sig med deras utsatthet och inspireras av deras mod \u2013 och att samlas i b\u00f6n, oavsett vilka religi\u00f6sa traditioner vi kommer ifr\u00e5n.<br \/>\nKan du inte ta dig till G\u00f6teborg, var med i b\u00f6n \u00e4nd\u00e5! Be g\u00e4rna f\u00f6r dessa ungdomar och deras situation och framtid, ta upp i f\u00f6rb\u00f6nen i gudstj\u00e4nsten eller i dina egna b\u00f6ner.<\/p>\n<p>Karin och Lotta<\/p>\n","protected":false},"excerpt":{"rendered":"<p>Sedan s\u00f6ndag 6\/8 sittstrejkar representanter f\u00f6r Ung i Sverige p\u00e5 Mynttorget i Stockholm. Ung i Sverige \u00e4r ett nystartat initiativ som enligt sin hemsida best\u00e5r av unga som \u00e4r precis som alla andra och med samma behov av trygghet och s\u00e4kerhet som alla andra unga i Sverige. Den enda och stora skillnaden \u00e4r att de [&hellip;]<\/p>\n","protected":false},"author":776,"featured_media":0,"comment_status":"open","ping_status":"open","sticky":false,"template":"","format":"standard","meta":{"_acf_changed":false,"footnotes":""},"categories":[23318],"tags":[23371],"class_list":["post-5994","post","type-post","status-publish","format-standard","hentry","category-nyheter","tag-vistarinteut-ungisverige-sittstrejk"],"acf":[],"yoast_head":"<!-- This site is optimized with the Yoast SEO plugin v27.1.1 - https:\/\/yoast.com\/product\/yoast-seo-wordpress\/ -->\n<title>#UngiSverige - Diakonibloggen<\/title>\n<meta name=\"robots\" content=\"index, follow, max-snippet:-1, max-image-preview:large, max-video-preview:-1\" \/>\n<link rel=\"canonical\" href=\"https:\/\/blogg.svenskakyrkan.se\/diakonibloggen\/2017\/08\/18\/ungisverige\/\" \/>\n<meta property=\"og:locale\" content=\"sv_SE\" \/>\n<meta property=\"og:type\" content=\"article\" \/>\n<meta property=\"og:title\" content=\"#UngiSverige - Diakonibloggen\" \/>\n<meta property=\"og:description\" content=\"Sedan s\u00f6ndag 6\/8 sittstrejkar representanter f\u00f6r Ung i Sverige p\u00e5 Mynttorget i Stockholm. Ung i Sverige \u00e4r ett nystartat initiativ som enligt sin hemsida best\u00e5r av unga som \u00e4r precis som alla andra och med samma behov av trygghet och s\u00e4kerhet som alla andra unga i Sverige. Den enda och stora skillnaden \u00e4r att de [&hellip;]\" \/>\n<meta property=\"og:url\" content=\"https:\/\/blogg.svenskakyrkan.se\/diakonibloggen\/2017\/08\/18\/ungisverige\/\" \/>\n<meta property=\"og:site_name\" content=\"Diakonibloggen\" \/>\n<meta property=\"article:published_time\" content=\"2017-08-18T12:34:17+00:00\" \/>\n<meta property=\"article:modified_time\" content=\"2020-12-17T15:16:39+00:00\" \/>\n<meta property=\"og:image\" content=\"http:\/\/blogg.svenskakyrkan.se\/diakonibloggen\/files\/2017\/08\/skc3a4rmavbild-2017-08-18-kl-14-17-41.png?w=250\" \/>\n<meta name=\"author\" content=\"diakonibloggen\" \/>\n<meta name=\"twitter:card\" content=\"summary_large_image\" \/>\n<meta name=\"twitter:label1\" content=\"Skriven av\" \/>\n\t<meta name=\"twitter:data1\" content=\"diakonibloggen\" \/>\n\t<meta name=\"twitter:label2\" content=\"Ber\u00e4knad l\u00e4stid\" \/>\n\t<meta name=\"twitter:data2\" content=\"1 minut\" \/>\n<script type=\"application\/ld+json\" class=\"yoast-schema-graph\">{\"@context\":\"https:\/\/schema.org\",\"@graph\":[{\"@type\":\"Article\",\"@id\":\"https:\/\/blogg.svenskakyrkan.se\/diakonibloggen\/2017\/08\/18\/ungisverige\/#article\",\"isPartOf\":{\"@id\":\"https:\/\/blogg.svenskakyrkan.se\/diakonibloggen\/2017\/08\/18\/ungisverige\/\"},\"author\":{\"name\":\"diakonibloggen\",\"@id\":\"https:\/\/blogg.svenskakyrkan.se\/diakonibloggen\/#\/schema\/person\/8f6a6fe8efab23c141c7e274fec6405f\"},\"headline\":\"#UngiSverige\",\"datePublished\":\"2017-08-18T12:34:17+00:00\",\"dateModified\":\"2020-12-17T15:16:39+00:00\",\"mainEntityOfPage\":{\"@id\":\"https:\/\/blogg.svenskakyrkan.se\/diakonibloggen\/2017\/08\/18\/ungisverige\/\"},\"wordCount\":246,\"commentCount\":1,\"image\":{\"@id\":\"https:\/\/blogg.svenskakyrkan.se\/diakonibloggen\/2017\/08\/18\/ungisverige\/#primaryimage\"},\"thumbnailUrl\":\"http:\/\/blogg.svenskakyrkan.se\/diakonibloggen\/files\/2017\/08\/skc3a4rmavbild-2017-08-18-kl-14-17-41.png?w=250\",\"keywords\":[\"#vist\u00e5rinteut #ungiSverige #sittstrejk\"],\"articleSection\":[\"Nyheter\"],\"inLanguage\":\"sv-SE\",\"potentialAction\":[{\"@type\":\"CommentAction\",\"name\":\"Comment\",\"target\":[\"https:\/\/blogg.svenskakyrkan.se\/diakonibloggen\/2017\/08\/18\/ungisverige\/#respond\"]}]},{\"@type\":\"WebPage\",\"@id\":\"https:\/\/blogg.svenskakyrkan.se\/diakonibloggen\/2017\/08\/18\/ungisverige\/\",\"url\":\"https:\/\/blogg.svenskakyrkan.se\/diakonibloggen\/2017\/08\/18\/ungisverige\/\",\"name\":\"#UngiSverige - Diakonibloggen\",\"isPartOf\":{\"@id\":\"https:\/\/blogg.svenskakyrkan.se\/diakonibloggen\/#website\"},\"primaryImageOfPage\":{\"@id\":\"https:\/\/blogg.svenskakyrkan.se\/diakonibloggen\/2017\/08\/18\/ungisverige\/#primaryimage\"},\"image\":{\"@id\":\"https:\/\/blogg.svenskakyrkan.se\/diakonibloggen\/2017\/08\/18\/ungisverige\/#primaryimage\"},\"thumbnailUrl\":\"http:\/\/blogg.svenskakyrkan.se\/diakonibloggen\/files\/2017\/08\/skc3a4rmavbild-2017-08-18-kl-14-17-41.png?w=250\",\"datePublished\":\"2017-08-18T12:34:17+00:00\",\"dateModified\":\"2020-12-17T15:16:39+00:00\",\"author\":{\"@id\":\"https:\/\/blogg.svenskakyrkan.se\/diakonibloggen\/#\/schema\/person\/8f6a6fe8efab23c141c7e274fec6405f\"},\"breadcrumb\":{\"@id\":\"https:\/\/blogg.svenskakyrkan.se\/diakonibloggen\/2017\/08\/18\/ungisverige\/#breadcrumb\"},\"inLanguage\":\"sv-SE\",\"potentialAction\":[{\"@type\":\"ReadAction\",\"target\":[\"https:\/\/blogg.svenskakyrkan.se\/diakonibloggen\/2017\/08\/18\/ungisverige\/\"]}]},{\"@type\":\"ImageObject\",\"inLanguage\":\"sv-SE\",\"@id\":\"https:\/\/blogg.svenskakyrkan.se\/diakonibloggen\/2017\/08\/18\/ungisverige\/#primaryimage\",\"url\":\"http:\/\/blogg.svenskakyrkan.se\/diakonibloggen\/files\/2017\/08\/skc3a4rmavbild-2017-08-18-kl-14-17-41.png?w=250\",\"contentUrl\":\"http:\/\/blogg.svenskakyrkan.se\/diakonibloggen\/files\/2017\/08\/skc3a4rmavbild-2017-08-18-kl-14-17-41.png?w=250\"},{\"@type\":\"BreadcrumbList\",\"@id\":\"https:\/\/blogg.svenskakyrkan.se\/diakonibloggen\/2017\/08\/18\/ungisverige\/#breadcrumb\",\"itemListElement\":[{\"@type\":\"ListItem\",\"position\":1,\"name\":\"Hem\",\"item\":\"https:\/\/blogg.svenskakyrkan.se\/diakonibloggen\/\"},{\"@type\":\"ListItem\",\"position\":2,\"name\":\"#UngiSverige\"}]},{\"@type\":\"WebSite\",\"@id\":\"https:\/\/blogg.svenskakyrkan.se\/diakonibloggen\/#website\",\"url\":\"https:\/\/blogg.svenskakyrkan.se\/diakonibloggen\/\",\"name\":\"Diakonibloggen\",\"description\":\"Vi lyfter fram, hyllar, diskuterar och inspirerar till diakonalt arbete inom och utanf\u00f6r Svenska kyrkans ramar.\",\"potentialAction\":[{\"@type\":\"SearchAction\",\"target\":{\"@type\":\"EntryPoint\",\"urlTemplate\":\"https:\/\/blogg.svenskakyrkan.se\/diakonibloggen\/?s={search_term_string}\"},\"query-input\":{\"@type\":\"PropertyValueSpecification\",\"valueRequired\":true,\"valueName\":\"search_term_string\"}}],\"inLanguage\":\"sv-SE\"},{\"@type\":\"Person\",\"@id\":\"https:\/\/blogg.svenskakyrkan.se\/diakonibloggen\/#\/schema\/person\/8f6a6fe8efab23c141c7e274fec6405f\",\"name\":\"diakonibloggen\",\"image\":{\"@type\":\"ImageObject\",\"inLanguage\":\"sv-SE\",\"@id\":\"https:\/\/blogg.svenskakyrkan.se\/diakonibloggen\/#\/schema\/person\/image\/\",\"url\":\"https:\/\/secure.gravatar.com\/avatar\/95c0ca86fd13e3d8c1b7b7e9864c9a2ccb7b48c6f756a3b5447bcc13dd630488?s=96&d=mm&r=g\",\"contentUrl\":\"https:\/\/secure.gravatar.com\/avatar\/95c0ca86fd13e3d8c1b7b7e9864c9a2ccb7b48c6f756a3b5447bcc13dd630488?s=96&d=mm&r=g\",\"caption\":\"diakonibloggen\"},\"url\":\"https:\/\/blogg.svenskakyrkan.se\/diakonibloggen\/author\/diakonibloggen\/\"}]}<\/script>\n<!-- \/ Yoast SEO plugin. -->","yoast_head_json":{"title":"#UngiSverige - Diakonibloggen","robots":{"index":"index","follow":"follow","max-snippet":"max-snippet:-1","max-image-preview":"max-image-preview:large","max-video-preview":"max-video-preview:-1"},"canonical":"https:\/\/blogg.svenskakyrkan.se\/diakonibloggen\/2017\/08\/18\/ungisverige\/","og_locale":"sv_SE","og_type":"article","og_title":"#UngiSverige - Diakonibloggen","og_description":"Sedan s\u00f6ndag 6\/8 sittstrejkar representanter f\u00f6r Ung i Sverige p\u00e5 Mynttorget i Stockholm. Ung i Sverige \u00e4r ett nystartat initiativ som enligt sin hemsida best\u00e5r av unga som \u00e4r precis som alla andra och med samma behov av trygghet och s\u00e4kerhet som alla andra unga i Sverige. Den enda och stora skillnaden \u00e4r att de [&hellip;]","og_url":"https:\/\/blogg.svenskakyrkan.se\/diakonibloggen\/2017\/08\/18\/ungisverige\/","og_site_name":"Diakonibloggen","article_published_time":"2017-08-18T12:34:17+00:00","article_modified_time":"2020-12-17T15:16:39+00:00","og_image":[{"url":"http:\/\/blogg.svenskakyrkan.se\/diakonibloggen\/files\/2017\/08\/skc3a4rmavbild-2017-08-18-kl-14-17-41.png?w=250","type":"","width":"","height":""}],"author":"diakonibloggen","twitter_card":"summary_large_image","twitter_misc":{"Skriven av":"diakonibloggen","Ber\u00e4knad l\u00e4stid":"1 minut"},"schema":{"@context":"https:\/\/schema.org","@graph":[{"@type":"Article","@id":"https:\/\/blogg.svenskakyrkan.se\/diakonibloggen\/2017\/08\/18\/ungisverige\/#article","isPartOf":{"@id":"https:\/\/blogg.svenskakyrkan.se\/diakonibloggen\/2017\/08\/18\/ungisverige\/"},"author":{"name":"diakonibloggen","@id":"https:\/\/blogg.svenskakyrkan.se\/diakonibloggen\/#\/schema\/person\/8f6a6fe8efab23c141c7e274fec6405f"},"headline":"#UngiSverige","datePublished":"2017-08-18T12:34:17+00:00","dateModified":"2020-12-17T15:16:39+00:00","mainEntityOfPage":{"@id":"https:\/\/blogg.svenskakyrkan.se\/diakonibloggen\/2017\/08\/18\/ungisverige\/"},"wordCount":246,"commentCount":1,"image":{"@id":"https:\/\/blogg.svenskakyrkan.se\/diakonibloggen\/2017\/08\/18\/ungisverige\/#primaryimage"},"thumbnailUrl":"http:\/\/blogg.svenskakyrkan.se\/diakonibloggen\/files\/2017\/08\/skc3a4rmavbild-2017-08-18-kl-14-17-41.png?w=250","keywords":["#vist\u00e5rinteut #ungiSverige #sittstrejk"],"articleSection":["Nyheter"],"inLanguage":"sv-SE","potentialAction":[{"@type":"CommentAction","name":"Comment","target":["https:\/\/blogg.svenskakyrkan.se\/diakonibloggen\/2017\/08\/18\/ungisverige\/#respond"]}]},{"@type":"WebPage","@id":"https:\/\/blogg.svenskakyrkan.se\/diakonibloggen\/2017\/08\/18\/ungisverige\/","url":"https:\/\/blogg.svenskakyrkan.se\/diakonibloggen\/2017\/08\/18\/ungisverige\/","name":"#UngiSverige - Diakonibloggen","isPartOf":{"@id":"https:\/\/blogg.svenskakyrkan.se\/diakonibloggen\/#website"},"primaryImageOfPage":{"@id":"https:\/\/blogg.svenskakyrkan.se\/diakonibloggen\/2017\/08\/18\/ungisverige\/#primaryimage"},"image":{"@id":"https:\/\/blogg.svenskakyrkan.se\/diakonibloggen\/2017\/08\/18\/ungisverige\/#primaryimage"},"thumbnailUrl":"http:\/\/blogg.svenskakyrkan.se\/diakonibloggen\/files\/2017\/08\/skc3a4rmavbild-2017-08-18-kl-14-17-41.png?w=250","datePublished":"2017-08-18T12:34:17+00:00","dateModified":"2020-12-17T15:16:39+00:00","author":{"@id":"https:\/\/blogg.svenskakyrkan.se\/diakonibloggen\/#\/schema\/person\/8f6a6fe8efab23c141c7e274fec6405f"},"breadcrumb":{"@id":"https:\/\/blogg.svenskakyrkan.se\/diakonibloggen\/2017\/08\/18\/ungisverige\/#breadcrumb"},"inLanguage":"sv-SE","potentialAction":[{"@type":"ReadAction","target":["https:\/\/blogg.svenskakyrkan.se\/diakonibloggen\/2017\/08\/18\/ungisverige\/"]}]},{"@type":"ImageObject","inLanguage":"sv-SE","@id":"https:\/\/blogg.svenskakyrkan.se\/diakonibloggen\/2017\/08\/18\/ungisverige\/#primaryimage","url":"http:\/\/blogg.svenskakyrkan.se\/diakonibloggen\/files\/2017\/08\/skc3a4rmavbild-2017-08-18-kl-14-17-41.png?w=250","contentUrl":"http:\/\/blogg.svenskakyrkan.se\/diakonibloggen\/files\/2017\/08\/skc3a4rmavbild-2017-08-18-kl-14-17-41.png?w=250"},{"@type":"BreadcrumbList","@id":"https:\/\/blogg.svenskakyrkan.se\/diakonibloggen\/2017\/08\/18\/ungisverige\/#breadcrumb","itemListElement":[{"@type":"ListItem","position":1,"name":"Hem","item":"https:\/\/blogg.svenskakyrkan.se\/diakonibloggen\/"},{"@type":"ListItem","position":2,"name":"#UngiSverige"}]},{"@type":"WebSite","@id":"https:\/\/blogg.svenskakyrkan.se\/diakonibloggen\/#website","url":"https:\/\/blogg.svenskakyrkan.se\/diakonibloggen\/","name":"Diakonibloggen","description":"Vi lyfter fram, hyllar, diskuterar och inspirerar till diakonalt arbete inom och utanf\u00f6r Svenska kyrkans ramar.","potentialAction":[{"@type":"SearchAction","target":{"@type":"EntryPoint","urlTemplate":"https:\/\/blogg.svenskakyrkan.se\/diakonibloggen\/?s={search_term_string}"},"query-input":{"@type":"PropertyValueSpecification","valueRequired":true,"valueName":"search_term_string"}}],"inLanguage":"sv-SE"},{"@type":"Person","@id":"https:\/\/blogg.svenskakyrkan.se\/diakonibloggen\/#\/schema\/person\/8f6a6fe8efab23c141c7e274fec6405f","name":"diakonibloggen","image":{"@type":"ImageObject","inLanguage":"sv-SE","@id":"https:\/\/blogg.svenskakyrkan.se\/diakonibloggen\/#\/schema\/person\/image\/","url":"https:\/\/secure.gravatar.com\/avatar\/95c0ca86fd13e3d8c1b7b7e9864c9a2ccb7b48c6f756a3b5447bcc13dd630488?s=96&d=mm&r=g","contentUrl":"https:\/\/secure.gravatar.com\/avatar\/95c0ca86fd13e3d8c1b7b7e9864c9a2ccb7b48c6f756a3b5447bcc13dd630488?s=96&d=mm&r=g","caption":"diakonibloggen"},"url":"https:\/\/blogg.svenskakyrkan.se\/diakonibloggen\/author\/diakonibloggen\/"}]}},"author_meta":{"ID":"776","user_nicename":"diakonibloggen","user_registered":"2020-12-17 14:50:06","display_name":"diakonibloggen","avatar":"https:\/\/blogg.svenskakyrkan.se\/diakonibloggen\/files\/2021\/02\/Sk\u00e4rmavbild-2019-04-12-kl.-14.20.54-150x150.png"},"featured_image":false,"bloginfo":{"name":"Diakonibloggen","url":"https:\/\/blogg.svenskakyrkan.se\/diakonibloggen"},"_links":{"self":[{"href":"https:\/\/blogg.svenskakyrkan.se\/diakonibloggen\/wp-json\/wp\/v2\/posts\/5994","targetHints":{"allow":["GET"]}}],"collection":[{"href":"https:\/\/blogg.svenskakyrkan.se\/diakonibloggen\/wp-json\/wp\/v2\/posts"}],"about":[{"href":"https:\/\/blogg.svenskakyrkan.se\/diakonibloggen\/wp-json\/wp\/v2\/types\/post"}],"author":[{"embeddable":true,"href":"https:\/\/blogg.svenskakyrkan.se\/diakonibloggen\/wp-json\/wp\/v2\/users\/776"}],"replies":[{"embeddable":true,"href":"https:\/\/blogg.svenskakyrkan.se\/diakonibloggen\/wp-json\/wp\/v2\/comments?post=5994"}],"version-history":[{"count":1,"href":"https:\/\/blogg.svenskakyrkan.se\/diakonibloggen\/wp-json\/wp\/v2\/posts\/5994\/revisions"}],"predecessor-version":[{"id":8416,"href":"https:\/\/blogg.svenskakyrkan.se\/diakonibloggen\/wp-json\/wp\/v2\/posts\/5994\/revisions\/8416"}],"wp:attachment":[{"href":"https:\/\/blogg.svenskakyrkan.se\/diakonibloggen\/wp-json\/wp\/v2\/media?parent=5994"}],"wp:term":[{"taxonomy":"category","embeddable":true,"href":"https:\/\/blogg.svenskakyrkan.se\/diakonibloggen\/wp-json\/wp\/v2\/categories?post=5994"},{"taxonomy":"post_tag","embeddable":true,"href":"https:\/\/blogg.svenskakyrkan.se\/diakonibloggen\/wp-json\/wp\/v2\/tags?post=5994"}],"curies":[{"name":"wp","href":"https:\/\/api.w.org\/{rel}","templated":true}]}}