{"id":6015,"date":"2017-09-03T15:27:03","date_gmt":"2017-09-03T15:27:03","guid":{"rendered":"http:\/\/diakonibloggen.com\/?p=6015"},"modified":"2020-12-17T15:16:39","modified_gmt":"2020-12-17T15:16:39","slug":"diakonins-manad-om-psykisk-ohalsa-bland-unga","status":"publish","type":"post","link":"https:\/\/blogg.svenskakyrkan.se\/diakonibloggen\/2017\/09\/03\/diakonins-manad-om-psykisk-ohalsa-bland-unga\/","title":{"rendered":"Diakonins m\u00e5nad &#8211; om psykisk oh\u00e4lsa bland unga"},"content":{"rendered":"<p><a href=\"http:\/\/www.skr.org\/verksamheter\/verksamhetsomraden\/diakoni\/diakonins-manad-2016\/\" rel=\"attachment wp-att-6017\"><img loading=\"lazy\" decoding=\"async\" class=\"alignleft size-thumbnail wp-image-6017\" src=\"http:\/\/blogg.svenskakyrkan.se\/diakonibloggen\/files\/2017\/08\/schoolboy-2340801_1920.jpg?w=166\" alt=\"\" width=\"166\" height=\"250\" srcset=\"https:\/\/blogg.svenskakyrkan.se\/diakonibloggen\/files\/2017\/08\/schoolboy-2340801_1920.jpg 1275w, https:\/\/blogg.svenskakyrkan.se\/diakonibloggen\/files\/2017\/08\/schoolboy-2340801_1920-199x300.jpg 199w, https:\/\/blogg.svenskakyrkan.se\/diakonibloggen\/files\/2017\/08\/schoolboy-2340801_1920-680x1024.jpg 680w, https:\/\/blogg.svenskakyrkan.se\/diakonibloggen\/files\/2017\/08\/schoolboy-2340801_1920-768x1157.jpg 768w, https:\/\/blogg.svenskakyrkan.se\/diakonibloggen\/files\/2017\/08\/schoolboy-2340801_1920-1020x1536.jpg 1020w, https:\/\/blogg.svenskakyrkan.se\/diakonibloggen\/files\/2017\/08\/schoolboy-2340801_1920-1200x1807.jpg 1200w\" sizes=\"auto, (max-width: 166px) 100vw, 166px\" \/><\/a>&#8221;Idag finns det ett v\u00e4xande problem i samh\u00e4llet med att fler barn och unga inte m\u00e5r bra \u2013 trots detta \u00e4r det fortfarande tabubelagt och sv\u00e5rt att prata om och det saknas mycket kunskap om vad olika diagnoser inneb\u00e4r.\u00a0Tre av\u00a0fyra har antingen sj\u00e4lva &#8211; eller har n\u00e5gon anh\u00f6rig som lever med psykisk oh\u00e4lsa.\u00a0Sju\u00a0procent av alla samtal till Bris handlar om suicid och det sker i snitt 8000 suicidf\u00f6rs\u00f6k per \u00e5r i Sverige.&#8221;<\/p>\n<p><a href=\"http:\/\/www.skr.org\/verksamheter\/verksamhetsomraden\/diakoni\/diakonins-manad-2016\/\">Diakonins m\u00e5nad\u00a0i september \u00e4r ett \u00e5terkommande ekumeniskt samarbete mellan kyrkor och samfund inom Sveriges kristna r\u00e5d och ett antal andra organisationer med diakonal inriktning.<\/a> Ett s\u00e4tt att uppm\u00e4rksamma s\u00e4rskilda omr\u00e5den och det diakonala\/sociala arbetet som kyrkor och samfund bedriver.<\/p>\n<p>2016 och 2017 \u00e4r temat\u00a0<em>ungas psykiska oh\u00e4lsa<\/em>, och det uppm\u00e4rksammar \u00e4ven vi p\u00e5 diakonibloggen.<\/p>\n<p>\/Karin &amp; Lotta<\/p>\n","protected":false},"excerpt":{"rendered":"<p>&#8221;Idag finns det ett v\u00e4xande problem i samh\u00e4llet med att fler barn och unga inte m\u00e5r bra \u2013 trots detta \u00e4r det fortfarande tabubelagt och sv\u00e5rt att prata om och det saknas mycket kunskap om vad olika diagnoser inneb\u00e4r.\u00a0Tre av\u00a0fyra har antingen sj\u00e4lva &#8211; eller har n\u00e5gon anh\u00f6rig som lever med psykisk oh\u00e4lsa.\u00a0Sju\u00a0procent av alla [&hellip;]<\/p>\n","protected":false},"author":776,"featured_media":0,"comment_status":"open","ping_status":"open","sticky":false,"template":"","format":"standard","meta":{"_acf_changed":false,"footnotes":""},"categories":[23301,23302,23320],"tags":[23790,25056],"class_list":["post-6015","post","type-post","status-publish","format-standard","hentry","category-diakonalt-arbete","category-diakoni","category-psykisk-ohalsa","tag-diakonins-manad","tag-sveriges-kristna-rad"],"acf":[],"yoast_head":"<!-- This site is optimized with the Yoast SEO plugin v27.1.1 - https:\/\/yoast.com\/product\/yoast-seo-wordpress\/ -->\n<title>Diakonins m\u00e5nad - om psykisk oh\u00e4lsa bland unga - Diakonibloggen<\/title>\n<meta name=\"robots\" content=\"index, follow, max-snippet:-1, max-image-preview:large, max-video-preview:-1\" \/>\n<link rel=\"canonical\" href=\"https:\/\/blogg.svenskakyrkan.se\/diakonibloggen\/2017\/09\/03\/diakonins-manad-om-psykisk-ohalsa-bland-unga\/\" \/>\n<meta property=\"og:locale\" content=\"sv_SE\" \/>\n<meta property=\"og:type\" content=\"article\" \/>\n<meta property=\"og:title\" content=\"Diakonins m\u00e5nad - om psykisk oh\u00e4lsa bland unga - Diakonibloggen\" \/>\n<meta property=\"og:description\" content=\"&#8221;Idag finns det ett v\u00e4xande problem i samh\u00e4llet med att fler barn och unga inte m\u00e5r bra \u2013 trots detta \u00e4r det fortfarande tabubelagt och sv\u00e5rt att prata om och det saknas mycket kunskap om vad olika diagnoser inneb\u00e4r.\u00a0Tre av\u00a0fyra har antingen sj\u00e4lva &#8211; eller har n\u00e5gon anh\u00f6rig som lever med psykisk oh\u00e4lsa.\u00a0Sju\u00a0procent av alla [&hellip;]\" \/>\n<meta property=\"og:url\" content=\"https:\/\/blogg.svenskakyrkan.se\/diakonibloggen\/2017\/09\/03\/diakonins-manad-om-psykisk-ohalsa-bland-unga\/\" \/>\n<meta property=\"og:site_name\" content=\"Diakonibloggen\" \/>\n<meta property=\"article:published_time\" content=\"2017-09-03T15:27:03+00:00\" \/>\n<meta property=\"article:modified_time\" content=\"2020-12-17T15:16:39+00:00\" \/>\n<meta property=\"og:image\" content=\"http:\/\/blogg.svenskakyrkan.se\/diakonibloggen\/files\/2017\/08\/schoolboy-2340801_1920.jpg?w=166\" \/>\n<meta name=\"author\" content=\"diakonibloggen\" \/>\n<meta name=\"twitter:card\" content=\"summary_large_image\" \/>\n<meta name=\"twitter:label1\" content=\"Skriven av\" \/>\n\t<meta name=\"twitter:data1\" content=\"diakonibloggen\" \/>\n\t<meta name=\"twitter:label2\" content=\"Ber\u00e4knad l\u00e4stid\" \/>\n\t<meta name=\"twitter:data2\" content=\"1 minut\" \/>\n<script type=\"application\/ld+json\" class=\"yoast-schema-graph\">{\"@context\":\"https:\/\/schema.org\",\"@graph\":[{\"@type\":\"Article\",\"@id\":\"https:\/\/blogg.svenskakyrkan.se\/diakonibloggen\/2017\/09\/03\/diakonins-manad-om-psykisk-ohalsa-bland-unga\/#article\",\"isPartOf\":{\"@id\":\"https:\/\/blogg.svenskakyrkan.se\/diakonibloggen\/2017\/09\/03\/diakonins-manad-om-psykisk-ohalsa-bland-unga\/\"},\"author\":{\"name\":\"diakonibloggen\",\"@id\":\"https:\/\/blogg.svenskakyrkan.se\/diakonibloggen\/#\/schema\/person\/8f6a6fe8efab23c141c7e274fec6405f\"},\"headline\":\"Diakonins m\u00e5nad &#8211; om psykisk oh\u00e4lsa bland unga\",\"datePublished\":\"2017-09-03T15:27:03+00:00\",\"dateModified\":\"2020-12-17T15:16:39+00:00\",\"mainEntityOfPage\":{\"@id\":\"https:\/\/blogg.svenskakyrkan.se\/diakonibloggen\/2017\/09\/03\/diakonins-manad-om-psykisk-ohalsa-bland-unga\/\"},\"wordCount\":160,\"commentCount\":0,\"image\":{\"@id\":\"https:\/\/blogg.svenskakyrkan.se\/diakonibloggen\/2017\/09\/03\/diakonins-manad-om-psykisk-ohalsa-bland-unga\/#primaryimage\"},\"thumbnailUrl\":\"http:\/\/blogg.svenskakyrkan.se\/diakonibloggen\/files\/2017\/08\/schoolboy-2340801_1920.jpg?w=166\",\"keywords\":[\"diakonins m\u00e5nad\",\"Sveriges kristna r\u00e5d\"],\"articleSection\":[\"Diakonalt arbete\",\"diakoni\",\"psykisk oh\u00e4lsa\"],\"inLanguage\":\"sv-SE\",\"potentialAction\":[{\"@type\":\"CommentAction\",\"name\":\"Comment\",\"target\":[\"https:\/\/blogg.svenskakyrkan.se\/diakonibloggen\/2017\/09\/03\/diakonins-manad-om-psykisk-ohalsa-bland-unga\/#respond\"]}]},{\"@type\":\"WebPage\",\"@id\":\"https:\/\/blogg.svenskakyrkan.se\/diakonibloggen\/2017\/09\/03\/diakonins-manad-om-psykisk-ohalsa-bland-unga\/\",\"url\":\"https:\/\/blogg.svenskakyrkan.se\/diakonibloggen\/2017\/09\/03\/diakonins-manad-om-psykisk-ohalsa-bland-unga\/\",\"name\":\"Diakonins m\u00e5nad - om psykisk oh\u00e4lsa bland unga - Diakonibloggen\",\"isPartOf\":{\"@id\":\"https:\/\/blogg.svenskakyrkan.se\/diakonibloggen\/#website\"},\"primaryImageOfPage\":{\"@id\":\"https:\/\/blogg.svenskakyrkan.se\/diakonibloggen\/2017\/09\/03\/diakonins-manad-om-psykisk-ohalsa-bland-unga\/#primaryimage\"},\"image\":{\"@id\":\"https:\/\/blogg.svenskakyrkan.se\/diakonibloggen\/2017\/09\/03\/diakonins-manad-om-psykisk-ohalsa-bland-unga\/#primaryimage\"},\"thumbnailUrl\":\"http:\/\/blogg.svenskakyrkan.se\/diakonibloggen\/files\/2017\/08\/schoolboy-2340801_1920.jpg?w=166\",\"datePublished\":\"2017-09-03T15:27:03+00:00\",\"dateModified\":\"2020-12-17T15:16:39+00:00\",\"author\":{\"@id\":\"https:\/\/blogg.svenskakyrkan.se\/diakonibloggen\/#\/schema\/person\/8f6a6fe8efab23c141c7e274fec6405f\"},\"breadcrumb\":{\"@id\":\"https:\/\/blogg.svenskakyrkan.se\/diakonibloggen\/2017\/09\/03\/diakonins-manad-om-psykisk-ohalsa-bland-unga\/#breadcrumb\"},\"inLanguage\":\"sv-SE\",\"potentialAction\":[{\"@type\":\"ReadAction\",\"target\":[\"https:\/\/blogg.svenskakyrkan.se\/diakonibloggen\/2017\/09\/03\/diakonins-manad-om-psykisk-ohalsa-bland-unga\/\"]}]},{\"@type\":\"ImageObject\",\"inLanguage\":\"sv-SE\",\"@id\":\"https:\/\/blogg.svenskakyrkan.se\/diakonibloggen\/2017\/09\/03\/diakonins-manad-om-psykisk-ohalsa-bland-unga\/#primaryimage\",\"url\":\"http:\/\/blogg.svenskakyrkan.se\/diakonibloggen\/files\/2017\/08\/schoolboy-2340801_1920.jpg?w=166\",\"contentUrl\":\"http:\/\/blogg.svenskakyrkan.se\/diakonibloggen\/files\/2017\/08\/schoolboy-2340801_1920.jpg?w=166\"},{\"@type\":\"BreadcrumbList\",\"@id\":\"https:\/\/blogg.svenskakyrkan.se\/diakonibloggen\/2017\/09\/03\/diakonins-manad-om-psykisk-ohalsa-bland-unga\/#breadcrumb\",\"itemListElement\":[{\"@type\":\"ListItem\",\"position\":1,\"name\":\"Hem\",\"item\":\"https:\/\/blogg.svenskakyrkan.se\/diakonibloggen\/\"},{\"@type\":\"ListItem\",\"position\":2,\"name\":\"Diakonins m\u00e5nad &#8211; om psykisk oh\u00e4lsa bland unga\"}]},{\"@type\":\"WebSite\",\"@id\":\"https:\/\/blogg.svenskakyrkan.se\/diakonibloggen\/#website\",\"url\":\"https:\/\/blogg.svenskakyrkan.se\/diakonibloggen\/\",\"name\":\"Diakonibloggen\",\"description\":\"Vi lyfter fram, hyllar, diskuterar och inspirerar till diakonalt arbete inom och utanf\u00f6r Svenska kyrkans ramar.\",\"potentialAction\":[{\"@type\":\"SearchAction\",\"target\":{\"@type\":\"EntryPoint\",\"urlTemplate\":\"https:\/\/blogg.svenskakyrkan.se\/diakonibloggen\/?s={search_term_string}\"},\"query-input\":{\"@type\":\"PropertyValueSpecification\",\"valueRequired\":true,\"valueName\":\"search_term_string\"}}],\"inLanguage\":\"sv-SE\"},{\"@type\":\"Person\",\"@id\":\"https:\/\/blogg.svenskakyrkan.se\/diakonibloggen\/#\/schema\/person\/8f6a6fe8efab23c141c7e274fec6405f\",\"name\":\"diakonibloggen\",\"image\":{\"@type\":\"ImageObject\",\"inLanguage\":\"sv-SE\",\"@id\":\"https:\/\/blogg.svenskakyrkan.se\/diakonibloggen\/#\/schema\/person\/image\/\",\"url\":\"https:\/\/secure.gravatar.com\/avatar\/95c0ca86fd13e3d8c1b7b7e9864c9a2ccb7b48c6f756a3b5447bcc13dd630488?s=96&d=mm&r=g\",\"contentUrl\":\"https:\/\/secure.gravatar.com\/avatar\/95c0ca86fd13e3d8c1b7b7e9864c9a2ccb7b48c6f756a3b5447bcc13dd630488?s=96&d=mm&r=g\",\"caption\":\"diakonibloggen\"},\"url\":\"https:\/\/blogg.svenskakyrkan.se\/diakonibloggen\/author\/diakonibloggen\/\"}]}<\/script>\n<!-- \/ Yoast SEO plugin. -->","yoast_head_json":{"title":"Diakonins m\u00e5nad - om psykisk oh\u00e4lsa bland unga - Diakonibloggen","robots":{"index":"index","follow":"follow","max-snippet":"max-snippet:-1","max-image-preview":"max-image-preview:large","max-video-preview":"max-video-preview:-1"},"canonical":"https:\/\/blogg.svenskakyrkan.se\/diakonibloggen\/2017\/09\/03\/diakonins-manad-om-psykisk-ohalsa-bland-unga\/","og_locale":"sv_SE","og_type":"article","og_title":"Diakonins m\u00e5nad - om psykisk oh\u00e4lsa bland unga - Diakonibloggen","og_description":"&#8221;Idag finns det ett v\u00e4xande problem i samh\u00e4llet med att fler barn och unga inte m\u00e5r bra \u2013 trots detta \u00e4r det fortfarande tabubelagt och sv\u00e5rt att prata om och det saknas mycket kunskap om vad olika diagnoser inneb\u00e4r.\u00a0Tre av\u00a0fyra har antingen sj\u00e4lva &#8211; eller har n\u00e5gon anh\u00f6rig som lever med psykisk oh\u00e4lsa.\u00a0Sju\u00a0procent av alla [&hellip;]","og_url":"https:\/\/blogg.svenskakyrkan.se\/diakonibloggen\/2017\/09\/03\/diakonins-manad-om-psykisk-ohalsa-bland-unga\/","og_site_name":"Diakonibloggen","article_published_time":"2017-09-03T15:27:03+00:00","article_modified_time":"2020-12-17T15:16:39+00:00","og_image":[{"url":"http:\/\/blogg.svenskakyrkan.se\/diakonibloggen\/files\/2017\/08\/schoolboy-2340801_1920.jpg?w=166","type":"","width":"","height":""}],"author":"diakonibloggen","twitter_card":"summary_large_image","twitter_misc":{"Skriven av":"diakonibloggen","Ber\u00e4knad l\u00e4stid":"1 minut"},"schema":{"@context":"https:\/\/schema.org","@graph":[{"@type":"Article","@id":"https:\/\/blogg.svenskakyrkan.se\/diakonibloggen\/2017\/09\/03\/diakonins-manad-om-psykisk-ohalsa-bland-unga\/#article","isPartOf":{"@id":"https:\/\/blogg.svenskakyrkan.se\/diakonibloggen\/2017\/09\/03\/diakonins-manad-om-psykisk-ohalsa-bland-unga\/"},"author":{"name":"diakonibloggen","@id":"https:\/\/blogg.svenskakyrkan.se\/diakonibloggen\/#\/schema\/person\/8f6a6fe8efab23c141c7e274fec6405f"},"headline":"Diakonins m\u00e5nad &#8211; om psykisk oh\u00e4lsa bland unga","datePublished":"2017-09-03T15:27:03+00:00","dateModified":"2020-12-17T15:16:39+00:00","mainEntityOfPage":{"@id":"https:\/\/blogg.svenskakyrkan.se\/diakonibloggen\/2017\/09\/03\/diakonins-manad-om-psykisk-ohalsa-bland-unga\/"},"wordCount":160,"commentCount":0,"image":{"@id":"https:\/\/blogg.svenskakyrkan.se\/diakonibloggen\/2017\/09\/03\/diakonins-manad-om-psykisk-ohalsa-bland-unga\/#primaryimage"},"thumbnailUrl":"http:\/\/blogg.svenskakyrkan.se\/diakonibloggen\/files\/2017\/08\/schoolboy-2340801_1920.jpg?w=166","keywords":["diakonins m\u00e5nad","Sveriges kristna r\u00e5d"],"articleSection":["Diakonalt arbete","diakoni","psykisk oh\u00e4lsa"],"inLanguage":"sv-SE","potentialAction":[{"@type":"CommentAction","name":"Comment","target":["https:\/\/blogg.svenskakyrkan.se\/diakonibloggen\/2017\/09\/03\/diakonins-manad-om-psykisk-ohalsa-bland-unga\/#respond"]}]},{"@type":"WebPage","@id":"https:\/\/blogg.svenskakyrkan.se\/diakonibloggen\/2017\/09\/03\/diakonins-manad-om-psykisk-ohalsa-bland-unga\/","url":"https:\/\/blogg.svenskakyrkan.se\/diakonibloggen\/2017\/09\/03\/diakonins-manad-om-psykisk-ohalsa-bland-unga\/","name":"Diakonins m\u00e5nad - om psykisk oh\u00e4lsa bland unga - Diakonibloggen","isPartOf":{"@id":"https:\/\/blogg.svenskakyrkan.se\/diakonibloggen\/#website"},"primaryImageOfPage":{"@id":"https:\/\/blogg.svenskakyrkan.se\/diakonibloggen\/2017\/09\/03\/diakonins-manad-om-psykisk-ohalsa-bland-unga\/#primaryimage"},"image":{"@id":"https:\/\/blogg.svenskakyrkan.se\/diakonibloggen\/2017\/09\/03\/diakonins-manad-om-psykisk-ohalsa-bland-unga\/#primaryimage"},"thumbnailUrl":"http:\/\/blogg.svenskakyrkan.se\/diakonibloggen\/files\/2017\/08\/schoolboy-2340801_1920.jpg?w=166","datePublished":"2017-09-03T15:27:03+00:00","dateModified":"2020-12-17T15:16:39+00:00","author":{"@id":"https:\/\/blogg.svenskakyrkan.se\/diakonibloggen\/#\/schema\/person\/8f6a6fe8efab23c141c7e274fec6405f"},"breadcrumb":{"@id":"https:\/\/blogg.svenskakyrkan.se\/diakonibloggen\/2017\/09\/03\/diakonins-manad-om-psykisk-ohalsa-bland-unga\/#breadcrumb"},"inLanguage":"sv-SE","potentialAction":[{"@type":"ReadAction","target":["https:\/\/blogg.svenskakyrkan.se\/diakonibloggen\/2017\/09\/03\/diakonins-manad-om-psykisk-ohalsa-bland-unga\/"]}]},{"@type":"ImageObject","inLanguage":"sv-SE","@id":"https:\/\/blogg.svenskakyrkan.se\/diakonibloggen\/2017\/09\/03\/diakonins-manad-om-psykisk-ohalsa-bland-unga\/#primaryimage","url":"http:\/\/blogg.svenskakyrkan.se\/diakonibloggen\/files\/2017\/08\/schoolboy-2340801_1920.jpg?w=166","contentUrl":"http:\/\/blogg.svenskakyrkan.se\/diakonibloggen\/files\/2017\/08\/schoolboy-2340801_1920.jpg?w=166"},{"@type":"BreadcrumbList","@id":"https:\/\/blogg.svenskakyrkan.se\/diakonibloggen\/2017\/09\/03\/diakonins-manad-om-psykisk-ohalsa-bland-unga\/#breadcrumb","itemListElement":[{"@type":"ListItem","position":1,"name":"Hem","item":"https:\/\/blogg.svenskakyrkan.se\/diakonibloggen\/"},{"@type":"ListItem","position":2,"name":"Diakonins m\u00e5nad &#8211; om psykisk oh\u00e4lsa bland unga"}]},{"@type":"WebSite","@id":"https:\/\/blogg.svenskakyrkan.se\/diakonibloggen\/#website","url":"https:\/\/blogg.svenskakyrkan.se\/diakonibloggen\/","name":"Diakonibloggen","description":"Vi lyfter fram, hyllar, diskuterar och inspirerar till diakonalt arbete inom och utanf\u00f6r Svenska kyrkans ramar.","potentialAction":[{"@type":"SearchAction","target":{"@type":"EntryPoint","urlTemplate":"https:\/\/blogg.svenskakyrkan.se\/diakonibloggen\/?s={search_term_string}"},"query-input":{"@type":"PropertyValueSpecification","valueRequired":true,"valueName":"search_term_string"}}],"inLanguage":"sv-SE"},{"@type":"Person","@id":"https:\/\/blogg.svenskakyrkan.se\/diakonibloggen\/#\/schema\/person\/8f6a6fe8efab23c141c7e274fec6405f","name":"diakonibloggen","image":{"@type":"ImageObject","inLanguage":"sv-SE","@id":"https:\/\/blogg.svenskakyrkan.se\/diakonibloggen\/#\/schema\/person\/image\/","url":"https:\/\/secure.gravatar.com\/avatar\/95c0ca86fd13e3d8c1b7b7e9864c9a2ccb7b48c6f756a3b5447bcc13dd630488?s=96&d=mm&r=g","contentUrl":"https:\/\/secure.gravatar.com\/avatar\/95c0ca86fd13e3d8c1b7b7e9864c9a2ccb7b48c6f756a3b5447bcc13dd630488?s=96&d=mm&r=g","caption":"diakonibloggen"},"url":"https:\/\/blogg.svenskakyrkan.se\/diakonibloggen\/author\/diakonibloggen\/"}]}},"author_meta":{"ID":"776","user_nicename":"diakonibloggen","user_registered":"2020-12-17 14:50:06","display_name":"diakonibloggen","avatar":"https:\/\/blogg.svenskakyrkan.se\/diakonibloggen\/files\/2021\/02\/Sk\u00e4rmavbild-2019-04-12-kl.-14.20.54-150x150.png"},"featured_image":false,"bloginfo":{"name":"Diakonibloggen","url":"https:\/\/blogg.svenskakyrkan.se\/diakonibloggen"},"_links":{"self":[{"href":"https:\/\/blogg.svenskakyrkan.se\/diakonibloggen\/wp-json\/wp\/v2\/posts\/6015","targetHints":{"allow":["GET"]}}],"collection":[{"href":"https:\/\/blogg.svenskakyrkan.se\/diakonibloggen\/wp-json\/wp\/v2\/posts"}],"about":[{"href":"https:\/\/blogg.svenskakyrkan.se\/diakonibloggen\/wp-json\/wp\/v2\/types\/post"}],"author":[{"embeddable":true,"href":"https:\/\/blogg.svenskakyrkan.se\/diakonibloggen\/wp-json\/wp\/v2\/users\/776"}],"replies":[{"embeddable":true,"href":"https:\/\/blogg.svenskakyrkan.se\/diakonibloggen\/wp-json\/wp\/v2\/comments?post=6015"}],"version-history":[{"count":1,"href":"https:\/\/blogg.svenskakyrkan.se\/diakonibloggen\/wp-json\/wp\/v2\/posts\/6015\/revisions"}],"predecessor-version":[{"id":8409,"href":"https:\/\/blogg.svenskakyrkan.se\/diakonibloggen\/wp-json\/wp\/v2\/posts\/6015\/revisions\/8409"}],"wp:attachment":[{"href":"https:\/\/blogg.svenskakyrkan.se\/diakonibloggen\/wp-json\/wp\/v2\/media?parent=6015"}],"wp:term":[{"taxonomy":"category","embeddable":true,"href":"https:\/\/blogg.svenskakyrkan.se\/diakonibloggen\/wp-json\/wp\/v2\/categories?post=6015"},{"taxonomy":"post_tag","embeddable":true,"href":"https:\/\/blogg.svenskakyrkan.se\/diakonibloggen\/wp-json\/wp\/v2\/tags?post=6015"}],"curies":[{"name":"wp","href":"https:\/\/api.w.org\/{rel}","templated":true}]}}