{"id":6034,"date":"2017-09-07T18:34:49","date_gmt":"2017-09-07T18:34:49","guid":{"rendered":"http:\/\/diakonibloggen.com\/?p=6034"},"modified":"2020-12-17T15:16:39","modified_gmt":"2020-12-17T15:16:39","slug":"glappet","status":"publish","type":"post","link":"https:\/\/blogg.svenskakyrkan.se\/diakonibloggen\/2017\/09\/07\/glappet\/","title":{"rendered":"Glappet"},"content":{"rendered":"<p><a href=\"http:\/\/diakonibloggen.com\/2017\/05\/28\/vad-vem-hur-ar-gud\/per-ivan-2\/\" rel=\"attachment wp-att-5823\"><img loading=\"lazy\" decoding=\"async\" class=\"alignleft size-thumbnail wp-image-5823\" src=\"http:\/\/blogg.svenskakyrkan.se\/diakonibloggen\/files\/2017\/05\/per-ivan.jpg?w=240\" alt=\"\" width=\"240\" height=\"250\" srcset=\"https:\/\/blogg.svenskakyrkan.se\/diakonibloggen\/files\/2017\/05\/per-ivan.jpg 1059w, https:\/\/blogg.svenskakyrkan.se\/diakonibloggen\/files\/2017\/05\/per-ivan-288x300.jpg 288w, https:\/\/blogg.svenskakyrkan.se\/diakonibloggen\/files\/2017\/05\/per-ivan-984x1024.jpg 984w, https:\/\/blogg.svenskakyrkan.se\/diakonibloggen\/files\/2017\/05\/per-ivan-768x799.jpg 768w\" sizes=\"auto, (max-width: 240px) 100vw, 240px\" \/><\/a>Jag sitter framf\u00f6r datorn och f\u00f6rs\u00f6ker formulera mig kring det jag kallar \u201dglappet\u201d. Jag har nytt jobb sen n\u00e5gra m\u00e5nader tillbaka, projektledare f\u00f6r ett diakonalt ungdomsprojekt.\u00a0Nu har jag f\u00e5tt en chans att ta tillvara 25 \u00e5rs erfarenhet som fritidsledare &#8211;\u00a0misstag, felsatsningar, lyckotr\u00e4ffar och m\u00e4ngder av personliga erfarenheter av tillkortakommanden och fantastiska m\u00f6ten med unga och gamla. Det \u00e4r ett virrvarr minst sagt, ibland blir jag bara sittande med tusen tr\u00e5dar att nysta i och varje kafferast f\u00e5r bli nystart. Reflekterandet \u00e4r ibland pl\u00e5gsamt, s\u00e4rskilt inf\u00f6r minnet av mindre lyckade arbetsinsatser och jag f\u00e5r ber\u00e4tta f\u00f6r mig sj\u00e4lv att det var 22 \u00e5r sedan och att ingen av oss visste det vi vet idag samt att det \u00e4nd\u00e5 \u00e4r viktigt att minnas. F\u00f6r kanske kan vi l\u00e4ra av det, g\u00f6ra p\u00e5 n\u00e5got b\u00e4ttre s\u00e4tt idag.<\/p>\n<p>Mitt i reflekterandet g\u00f6r sig nutiden p\u00e5mind p\u00e5 det s\u00e4tt ingen vill n\u00e4r jag ser p\u00e5 facebook att en ung m\u00e4nniska har tagit sitt liv. Jag k\u00e4nner inte till omst\u00e4ndigheterna. I sociala medier reagerar medm\u00e4nniskor p\u00e5 alla t\u00e4nkbara s\u00e4tt, i affekt, vrede, sorg, i omtanke om familj och n\u00e4ra, kritiska r\u00f6ster h\u00f6js, skuld diskuteras. Vi tvingas alla f\u00f6rh\u00e5lla oss till det d\u00e4r vi s\u00e5 g\u00e4rna vill slippa, sorgen och vanmakten. Bara att t\u00e4nka p\u00e5 vad som drivit en ung m\u00e4nniska till att avsluta sitt liv skr\u00e4mmer och g\u00f6r obeskrivligt ont \u00e4ven i oss som inte finns i n\u00e4rheten. Mina tankar s\u00f6ker sig genast till alla dem jag har inom mig, dem jag g\u00f6mt undan, dem jag aldrig kan s\u00f6rja f\u00e4rdigt. Jag inser sakta hur m\u00e5nga de \u00e4r, kamraterna fr\u00e5n ungdoms\u00e5ren som jag knappt hann l\u00e4ra k\u00e4nna, de som inte kom tillbaka efter sommarlovet, v\u00e4nnen jag ibland kommer p\u00e5 mig sj\u00e4lv med att t\u00e4nka att det var l\u00e4ngesen vi s\u00e5gs, bara f\u00f6r att genast kallduschas av insikten att han inte finns l\u00e4ngre. Skuldk\u00e4nslor inf\u00f6r tankarna p\u00e5 vad jag kanske eventuellt kunde ha gjort eller sagt &#8211; skulle jag ha h\u00f6rt av mig?<\/p>\n<p>I mitt jobb som fritidsledare har jag som sagt l\u00e4rt mig en massa saker. En av erfarenheterna jag gjort \u00e4r att det inte finns enkla, snabba l\u00f6sningar p\u00e5 komplexa problem. Det finns v\u00e4ldigt s\u00e4llan n\u00e5gon tydligt skyldig att peka ut &#8211; vi sitter liksom ihop och vi har alla ansvar f\u00f6r varandra, hela tiden. Vi kommer aldrig kunna \u201dfixa det\u201d s\u00e5 att m\u00e4nniskor alltid m\u00e5r bra och sen liksom k\u00f6ra p\u00e5\u2026 Det finns inga s\u00e5dana system, alla v\u00e5ra hj\u00e4lpsystem skapar glapp i den meningen att vi intalar oss att de ska r\u00e4cka till, och i de glappen \u00e4r det upp till oss i det vanliga vardagliga livet att vara skyddsn\u00e4t. Socialtj\u00e4nsten utpl\u00e5nar inte sociala problem, fritidsg\u00e5rdar tar inte bort klotter eller fylla, skolan l\u00e4r inte alla att l\u00e4sa och skriva, r\u00e4ddningstj\u00e4nsten hindrar inte alla br\u00e4nder och s\u00e5 vidare. Vi m\u00e5ste ta hand om varandra, skydda och strida f\u00f6r varandra. Vi m\u00e5ste vara r\u00e4dda om varandra, vara f\u00f6rsiktiga och modiga, prata om det vi helst inte vill beh\u00f6va prata om. Vi beh\u00f6ver lyssna p\u00e5 varandra och v\u00e5ga h\u00f6ra det som s\u00e4gs.<\/p>\n<p>Inte minst \u00e4r det viktigt n\u00e4r det handlar om barn och unga, hur vi ser p\u00e5 barn och ungdomars vardag. \u00c4r den p\u00e5 riktigt eller r\u00e4knas den inte riktigt? \u00c4r vuxnas vardag viktigare? \u00c4r barns upplevelser och erfarenheter livsavg\u00f6rande p\u00e5 samma s\u00e4tt som vuxnas? \u00c4r vi h\u00e4r tillsammans eller lever vi i parallella v\u00e4rldar, d\u00e4r s\u00e5dant som arbetsmilj\u00f6, stress och dagliga villkor bed\u00f6ms p\u00e5 ett s\u00e4tt som skapar glapp, glapp d\u00e4r vanmakt och oro kan v\u00e4xa utan att vi kan vara d\u00e4r och ge st\u00f6d, r\u00e5d och uppmuntran? Ser vi p\u00e5 barn och ungdomar som fullv\u00e4rdiga m\u00e4nniskor eller som n\u00e5gra som skall bli m\u00e4nniskor, det vill s\u00e4ga vuxna? Vad \u00e4r det som g\u00f6r att vi drar oss f\u00f6r prata med v\u00e5ra ungdomar om k\u00e4rlek och sex, liv och d\u00f6d eller ont och gott, och varf\u00f6r l\u00e4gger vi \u00f6ver ansvaret p\u00e5 dem genom att s\u00e4ga saker som: \u201dV\u00e5ga fr\u00e5ga, eller du borde nog prata med en vuxen\u201d? \u00c4r det inte i sj\u00e4lva verket s\u00e5 att vi borde se oss i spegeln och s\u00e4ga: \u201dV\u00e5ga ber\u00e4tta, v\u00e5ga vara en vuxen som vill lyssna&#8221;? \u00c4r det barnen och ungdomarna eller \u00e4r det vi vuxna som \u00e4r r\u00e4dda f\u00f6r att prata om livets olika sidor? Det \u00e4r i alla fall vi vuxna som har makten och d\u00e4rmed ocks\u00e5 ansvaret, det ber\u00e4ttar vi g\u00e4rna f\u00f6r v\u00e5ra unga. Min erfarenhet \u00e4r att de flesta barn och ungdomar respekterar det och v\u00e4ntar, ibland f\u00f6rg\u00e4ves, p\u00e5 att vi skall leva upp till det.<\/p>\n<p>Jag t\u00e4nker p\u00e5 min v\u00e4n som inte \u00e4r h\u00e4r l\u00e4ngre och\u00a0det vrider sig i b\u00e5de kroppen och i tankarna. Vi hade otroligt mycket roligt tillsammans under barndomen och ungdoms\u00e5ren, vi blev vuxna tillsammans, vi kommer inte bli gamla tillsammans. Jag kommer aldrig f\u00e5 veta varf\u00f6r &#8211;\u00a0jag kan bara anta att det fanns ett glapp d\u00e4r vanmakten kunde gro l\u00e5ngt bortom det som upplevdes \u00f6verkomligt. Och att det \u00e4r vi som \u00e4r kvar h\u00e4r som tillsammans m\u00e5ste identifiera och kliva in glappen vi \u00e4r med och skapar.<\/p>\n<p>Per-Ivar \u00d6stmann<\/p>\n<p>Fritidsledare\/projktledare<\/p>\n<p>Svenska kyrkan Tj\u00f6rn<\/p>\n<p>September \u00e4r diakonins m\u00e5nad och temat \u00e4r ungas psykiska oh\u00e4lsa. Har du tankar du vill dela &#8211; skriv en kommentar eller maila oss p\u00e5 diakoni.se@gmail.com. \/Karin &amp; Lotta<\/p>\n","protected":false},"excerpt":{"rendered":"<p>Jag sitter framf\u00f6r datorn och f\u00f6rs\u00f6ker formulera mig kring det jag kallar \u201dglappet\u201d. Jag har nytt jobb sen n\u00e5gra m\u00e5nader tillbaka, projektledare f\u00f6r ett diakonalt ungdomsprojekt.\u00a0Nu har jag f\u00e5tt en chans att ta tillvara 25 \u00e5rs erfarenhet som fritidsledare &#8211;\u00a0misstag, felsatsningar, lyckotr\u00e4ffar och m\u00e4ngder av personliga erfarenheter av tillkortakommanden och fantastiska m\u00f6ten med unga och [&hellip;]<\/p>\n","protected":false},"author":776,"featured_media":0,"comment_status":"open","ping_status":"open","sticky":false,"template":"","format":"standard","meta":{"_acf_changed":false,"footnotes":""},"categories":[23301,23302,23309],"tags":[24041,24720,24763,24888],"class_list":["post-6034","post","type-post","status-publish","format-standard","hentry","category-diakonalt-arbete","category-diakoni","category-existentiell-halsa","tag-fritidsledare","tag-per-ivar-ostmann","tag-psykisk-ohalsa","tag-sjalvmord"],"acf":[],"yoast_head":"<!-- This site is optimized with the Yoast SEO plugin v27.1.1 - https:\/\/yoast.com\/product\/yoast-seo-wordpress\/ -->\n<title>Glappet - Diakonibloggen<\/title>\n<meta name=\"robots\" content=\"index, follow, max-snippet:-1, max-image-preview:large, max-video-preview:-1\" \/>\n<link rel=\"canonical\" href=\"https:\/\/blogg.svenskakyrkan.se\/diakonibloggen\/2017\/09\/07\/glappet\/\" \/>\n<meta property=\"og:locale\" content=\"sv_SE\" \/>\n<meta property=\"og:type\" content=\"article\" \/>\n<meta property=\"og:title\" content=\"Glappet - Diakonibloggen\" \/>\n<meta property=\"og:description\" content=\"Jag sitter framf\u00f6r datorn och f\u00f6rs\u00f6ker formulera mig kring det jag kallar \u201dglappet\u201d. Jag har nytt jobb sen n\u00e5gra m\u00e5nader tillbaka, projektledare f\u00f6r ett diakonalt ungdomsprojekt.\u00a0Nu har jag f\u00e5tt en chans att ta tillvara 25 \u00e5rs erfarenhet som fritidsledare &#8211;\u00a0misstag, felsatsningar, lyckotr\u00e4ffar och m\u00e4ngder av personliga erfarenheter av tillkortakommanden och fantastiska m\u00f6ten med unga och [&hellip;]\" \/>\n<meta property=\"og:url\" content=\"https:\/\/blogg.svenskakyrkan.se\/diakonibloggen\/2017\/09\/07\/glappet\/\" \/>\n<meta property=\"og:site_name\" content=\"Diakonibloggen\" \/>\n<meta property=\"article:published_time\" content=\"2017-09-07T18:34:49+00:00\" \/>\n<meta property=\"article:modified_time\" content=\"2020-12-17T15:16:39+00:00\" \/>\n<meta property=\"og:image\" content=\"http:\/\/blogg.svenskakyrkan.se\/diakonibloggen\/files\/2017\/05\/per-ivan.jpg?w=240\" \/>\n<meta name=\"author\" content=\"diakonibloggen\" \/>\n<meta name=\"twitter:card\" content=\"summary_large_image\" \/>\n<meta name=\"twitter:label1\" content=\"Skriven av\" \/>\n\t<meta name=\"twitter:data1\" content=\"diakonibloggen\" \/>\n\t<meta name=\"twitter:label2\" content=\"Ber\u00e4knad l\u00e4stid\" \/>\n\t<meta name=\"twitter:data2\" content=\"5 minuter\" \/>\n<script type=\"application\/ld+json\" class=\"yoast-schema-graph\">{\"@context\":\"https:\/\/schema.org\",\"@graph\":[{\"@type\":\"Article\",\"@id\":\"https:\/\/blogg.svenskakyrkan.se\/diakonibloggen\/2017\/09\/07\/glappet\/#article\",\"isPartOf\":{\"@id\":\"https:\/\/blogg.svenskakyrkan.se\/diakonibloggen\/2017\/09\/07\/glappet\/\"},\"author\":{\"name\":\"diakonibloggen\",\"@id\":\"https:\/\/blogg.svenskakyrkan.se\/diakonibloggen\/#\/schema\/person\/8f6a6fe8efab23c141c7e274fec6405f\"},\"headline\":\"Glappet\",\"datePublished\":\"2017-09-07T18:34:49+00:00\",\"dateModified\":\"2020-12-17T15:16:39+00:00\",\"mainEntityOfPage\":{\"@id\":\"https:\/\/blogg.svenskakyrkan.se\/diakonibloggen\/2017\/09\/07\/glappet\/\"},\"wordCount\":1034,\"commentCount\":1,\"image\":{\"@id\":\"https:\/\/blogg.svenskakyrkan.se\/diakonibloggen\/2017\/09\/07\/glappet\/#primaryimage\"},\"thumbnailUrl\":\"http:\/\/blogg.svenskakyrkan.se\/diakonibloggen\/files\/2017\/05\/per-ivan.jpg?w=240\",\"keywords\":[\"fritidsledare\",\"Per-Ivar \u00d6stmann\",\"psykisk oh\u00e4lsa\",\"sj\u00e4lvmord\"],\"articleSection\":[\"Diakonalt arbete\",\"diakoni\",\"existentiell h\u00e4lsa\"],\"inLanguage\":\"sv-SE\",\"potentialAction\":[{\"@type\":\"CommentAction\",\"name\":\"Comment\",\"target\":[\"https:\/\/blogg.svenskakyrkan.se\/diakonibloggen\/2017\/09\/07\/glappet\/#respond\"]}]},{\"@type\":\"WebPage\",\"@id\":\"https:\/\/blogg.svenskakyrkan.se\/diakonibloggen\/2017\/09\/07\/glappet\/\",\"url\":\"https:\/\/blogg.svenskakyrkan.se\/diakonibloggen\/2017\/09\/07\/glappet\/\",\"name\":\"Glappet - Diakonibloggen\",\"isPartOf\":{\"@id\":\"https:\/\/blogg.svenskakyrkan.se\/diakonibloggen\/#website\"},\"primaryImageOfPage\":{\"@id\":\"https:\/\/blogg.svenskakyrkan.se\/diakonibloggen\/2017\/09\/07\/glappet\/#primaryimage\"},\"image\":{\"@id\":\"https:\/\/blogg.svenskakyrkan.se\/diakonibloggen\/2017\/09\/07\/glappet\/#primaryimage\"},\"thumbnailUrl\":\"http:\/\/blogg.svenskakyrkan.se\/diakonibloggen\/files\/2017\/05\/per-ivan.jpg?w=240\",\"datePublished\":\"2017-09-07T18:34:49+00:00\",\"dateModified\":\"2020-12-17T15:16:39+00:00\",\"author\":{\"@id\":\"https:\/\/blogg.svenskakyrkan.se\/diakonibloggen\/#\/schema\/person\/8f6a6fe8efab23c141c7e274fec6405f\"},\"breadcrumb\":{\"@id\":\"https:\/\/blogg.svenskakyrkan.se\/diakonibloggen\/2017\/09\/07\/glappet\/#breadcrumb\"},\"inLanguage\":\"sv-SE\",\"potentialAction\":[{\"@type\":\"ReadAction\",\"target\":[\"https:\/\/blogg.svenskakyrkan.se\/diakonibloggen\/2017\/09\/07\/glappet\/\"]}]},{\"@type\":\"ImageObject\",\"inLanguage\":\"sv-SE\",\"@id\":\"https:\/\/blogg.svenskakyrkan.se\/diakonibloggen\/2017\/09\/07\/glappet\/#primaryimage\",\"url\":\"http:\/\/blogg.svenskakyrkan.se\/diakonibloggen\/files\/2017\/05\/per-ivan.jpg?w=240\",\"contentUrl\":\"http:\/\/blogg.svenskakyrkan.se\/diakonibloggen\/files\/2017\/05\/per-ivan.jpg?w=240\"},{\"@type\":\"BreadcrumbList\",\"@id\":\"https:\/\/blogg.svenskakyrkan.se\/diakonibloggen\/2017\/09\/07\/glappet\/#breadcrumb\",\"itemListElement\":[{\"@type\":\"ListItem\",\"position\":1,\"name\":\"Hem\",\"item\":\"https:\/\/blogg.svenskakyrkan.se\/diakonibloggen\/\"},{\"@type\":\"ListItem\",\"position\":2,\"name\":\"Glappet\"}]},{\"@type\":\"WebSite\",\"@id\":\"https:\/\/blogg.svenskakyrkan.se\/diakonibloggen\/#website\",\"url\":\"https:\/\/blogg.svenskakyrkan.se\/diakonibloggen\/\",\"name\":\"Diakonibloggen\",\"description\":\"Vi lyfter fram, hyllar, diskuterar och inspirerar till diakonalt arbete inom och utanf\u00f6r Svenska kyrkans ramar.\",\"potentialAction\":[{\"@type\":\"SearchAction\",\"target\":{\"@type\":\"EntryPoint\",\"urlTemplate\":\"https:\/\/blogg.svenskakyrkan.se\/diakonibloggen\/?s={search_term_string}\"},\"query-input\":{\"@type\":\"PropertyValueSpecification\",\"valueRequired\":true,\"valueName\":\"search_term_string\"}}],\"inLanguage\":\"sv-SE\"},{\"@type\":\"Person\",\"@id\":\"https:\/\/blogg.svenskakyrkan.se\/diakonibloggen\/#\/schema\/person\/8f6a6fe8efab23c141c7e274fec6405f\",\"name\":\"diakonibloggen\",\"image\":{\"@type\":\"ImageObject\",\"inLanguage\":\"sv-SE\",\"@id\":\"https:\/\/blogg.svenskakyrkan.se\/diakonibloggen\/#\/schema\/person\/image\/\",\"url\":\"https:\/\/secure.gravatar.com\/avatar\/95c0ca86fd13e3d8c1b7b7e9864c9a2ccb7b48c6f756a3b5447bcc13dd630488?s=96&d=mm&r=g\",\"contentUrl\":\"https:\/\/secure.gravatar.com\/avatar\/95c0ca86fd13e3d8c1b7b7e9864c9a2ccb7b48c6f756a3b5447bcc13dd630488?s=96&d=mm&r=g\",\"caption\":\"diakonibloggen\"},\"url\":\"https:\/\/blogg.svenskakyrkan.se\/diakonibloggen\/author\/diakonibloggen\/\"}]}<\/script>\n<!-- \/ Yoast SEO plugin. -->","yoast_head_json":{"title":"Glappet - Diakonibloggen","robots":{"index":"index","follow":"follow","max-snippet":"max-snippet:-1","max-image-preview":"max-image-preview:large","max-video-preview":"max-video-preview:-1"},"canonical":"https:\/\/blogg.svenskakyrkan.se\/diakonibloggen\/2017\/09\/07\/glappet\/","og_locale":"sv_SE","og_type":"article","og_title":"Glappet - Diakonibloggen","og_description":"Jag sitter framf\u00f6r datorn och f\u00f6rs\u00f6ker formulera mig kring det jag kallar \u201dglappet\u201d. Jag har nytt jobb sen n\u00e5gra m\u00e5nader tillbaka, projektledare f\u00f6r ett diakonalt ungdomsprojekt.\u00a0Nu har jag f\u00e5tt en chans att ta tillvara 25 \u00e5rs erfarenhet som fritidsledare &#8211;\u00a0misstag, felsatsningar, lyckotr\u00e4ffar och m\u00e4ngder av personliga erfarenheter av tillkortakommanden och fantastiska m\u00f6ten med unga och [&hellip;]","og_url":"https:\/\/blogg.svenskakyrkan.se\/diakonibloggen\/2017\/09\/07\/glappet\/","og_site_name":"Diakonibloggen","article_published_time":"2017-09-07T18:34:49+00:00","article_modified_time":"2020-12-17T15:16:39+00:00","og_image":[{"url":"http:\/\/blogg.svenskakyrkan.se\/diakonibloggen\/files\/2017\/05\/per-ivan.jpg?w=240","type":"","width":"","height":""}],"author":"diakonibloggen","twitter_card":"summary_large_image","twitter_misc":{"Skriven av":"diakonibloggen","Ber\u00e4knad l\u00e4stid":"5 minuter"},"schema":{"@context":"https:\/\/schema.org","@graph":[{"@type":"Article","@id":"https:\/\/blogg.svenskakyrkan.se\/diakonibloggen\/2017\/09\/07\/glappet\/#article","isPartOf":{"@id":"https:\/\/blogg.svenskakyrkan.se\/diakonibloggen\/2017\/09\/07\/glappet\/"},"author":{"name":"diakonibloggen","@id":"https:\/\/blogg.svenskakyrkan.se\/diakonibloggen\/#\/schema\/person\/8f6a6fe8efab23c141c7e274fec6405f"},"headline":"Glappet","datePublished":"2017-09-07T18:34:49+00:00","dateModified":"2020-12-17T15:16:39+00:00","mainEntityOfPage":{"@id":"https:\/\/blogg.svenskakyrkan.se\/diakonibloggen\/2017\/09\/07\/glappet\/"},"wordCount":1034,"commentCount":1,"image":{"@id":"https:\/\/blogg.svenskakyrkan.se\/diakonibloggen\/2017\/09\/07\/glappet\/#primaryimage"},"thumbnailUrl":"http:\/\/blogg.svenskakyrkan.se\/diakonibloggen\/files\/2017\/05\/per-ivan.jpg?w=240","keywords":["fritidsledare","Per-Ivar \u00d6stmann","psykisk oh\u00e4lsa","sj\u00e4lvmord"],"articleSection":["Diakonalt arbete","diakoni","existentiell h\u00e4lsa"],"inLanguage":"sv-SE","potentialAction":[{"@type":"CommentAction","name":"Comment","target":["https:\/\/blogg.svenskakyrkan.se\/diakonibloggen\/2017\/09\/07\/glappet\/#respond"]}]},{"@type":"WebPage","@id":"https:\/\/blogg.svenskakyrkan.se\/diakonibloggen\/2017\/09\/07\/glappet\/","url":"https:\/\/blogg.svenskakyrkan.se\/diakonibloggen\/2017\/09\/07\/glappet\/","name":"Glappet - Diakonibloggen","isPartOf":{"@id":"https:\/\/blogg.svenskakyrkan.se\/diakonibloggen\/#website"},"primaryImageOfPage":{"@id":"https:\/\/blogg.svenskakyrkan.se\/diakonibloggen\/2017\/09\/07\/glappet\/#primaryimage"},"image":{"@id":"https:\/\/blogg.svenskakyrkan.se\/diakonibloggen\/2017\/09\/07\/glappet\/#primaryimage"},"thumbnailUrl":"http:\/\/blogg.svenskakyrkan.se\/diakonibloggen\/files\/2017\/05\/per-ivan.jpg?w=240","datePublished":"2017-09-07T18:34:49+00:00","dateModified":"2020-12-17T15:16:39+00:00","author":{"@id":"https:\/\/blogg.svenskakyrkan.se\/diakonibloggen\/#\/schema\/person\/8f6a6fe8efab23c141c7e274fec6405f"},"breadcrumb":{"@id":"https:\/\/blogg.svenskakyrkan.se\/diakonibloggen\/2017\/09\/07\/glappet\/#breadcrumb"},"inLanguage":"sv-SE","potentialAction":[{"@type":"ReadAction","target":["https:\/\/blogg.svenskakyrkan.se\/diakonibloggen\/2017\/09\/07\/glappet\/"]}]},{"@type":"ImageObject","inLanguage":"sv-SE","@id":"https:\/\/blogg.svenskakyrkan.se\/diakonibloggen\/2017\/09\/07\/glappet\/#primaryimage","url":"http:\/\/blogg.svenskakyrkan.se\/diakonibloggen\/files\/2017\/05\/per-ivan.jpg?w=240","contentUrl":"http:\/\/blogg.svenskakyrkan.se\/diakonibloggen\/files\/2017\/05\/per-ivan.jpg?w=240"},{"@type":"BreadcrumbList","@id":"https:\/\/blogg.svenskakyrkan.se\/diakonibloggen\/2017\/09\/07\/glappet\/#breadcrumb","itemListElement":[{"@type":"ListItem","position":1,"name":"Hem","item":"https:\/\/blogg.svenskakyrkan.se\/diakonibloggen\/"},{"@type":"ListItem","position":2,"name":"Glappet"}]},{"@type":"WebSite","@id":"https:\/\/blogg.svenskakyrkan.se\/diakonibloggen\/#website","url":"https:\/\/blogg.svenskakyrkan.se\/diakonibloggen\/","name":"Diakonibloggen","description":"Vi lyfter fram, hyllar, diskuterar och inspirerar till diakonalt arbete inom och utanf\u00f6r Svenska kyrkans ramar.","potentialAction":[{"@type":"SearchAction","target":{"@type":"EntryPoint","urlTemplate":"https:\/\/blogg.svenskakyrkan.se\/diakonibloggen\/?s={search_term_string}"},"query-input":{"@type":"PropertyValueSpecification","valueRequired":true,"valueName":"search_term_string"}}],"inLanguage":"sv-SE"},{"@type":"Person","@id":"https:\/\/blogg.svenskakyrkan.se\/diakonibloggen\/#\/schema\/person\/8f6a6fe8efab23c141c7e274fec6405f","name":"diakonibloggen","image":{"@type":"ImageObject","inLanguage":"sv-SE","@id":"https:\/\/blogg.svenskakyrkan.se\/diakonibloggen\/#\/schema\/person\/image\/","url":"https:\/\/secure.gravatar.com\/avatar\/95c0ca86fd13e3d8c1b7b7e9864c9a2ccb7b48c6f756a3b5447bcc13dd630488?s=96&d=mm&r=g","contentUrl":"https:\/\/secure.gravatar.com\/avatar\/95c0ca86fd13e3d8c1b7b7e9864c9a2ccb7b48c6f756a3b5447bcc13dd630488?s=96&d=mm&r=g","caption":"diakonibloggen"},"url":"https:\/\/blogg.svenskakyrkan.se\/diakonibloggen\/author\/diakonibloggen\/"}]}},"author_meta":{"ID":"776","user_nicename":"diakonibloggen","user_registered":"2020-12-17 14:50:06","display_name":"diakonibloggen","avatar":"https:\/\/blogg.svenskakyrkan.se\/diakonibloggen\/files\/2021\/02\/Sk\u00e4rmavbild-2019-04-12-kl.-14.20.54-150x150.png"},"featured_image":false,"bloginfo":{"name":"Diakonibloggen","url":"https:\/\/blogg.svenskakyrkan.se\/diakonibloggen"},"_links":{"self":[{"href":"https:\/\/blogg.svenskakyrkan.se\/diakonibloggen\/wp-json\/wp\/v2\/posts\/6034","targetHints":{"allow":["GET"]}}],"collection":[{"href":"https:\/\/blogg.svenskakyrkan.se\/diakonibloggen\/wp-json\/wp\/v2\/posts"}],"about":[{"href":"https:\/\/blogg.svenskakyrkan.se\/diakonibloggen\/wp-json\/wp\/v2\/types\/post"}],"author":[{"embeddable":true,"href":"https:\/\/blogg.svenskakyrkan.se\/diakonibloggen\/wp-json\/wp\/v2\/users\/776"}],"replies":[{"embeddable":true,"href":"https:\/\/blogg.svenskakyrkan.se\/diakonibloggen\/wp-json\/wp\/v2\/comments?post=6034"}],"version-history":[{"count":1,"href":"https:\/\/blogg.svenskakyrkan.se\/diakonibloggen\/wp-json\/wp\/v2\/posts\/6034\/revisions"}],"predecessor-version":[{"id":8408,"href":"https:\/\/blogg.svenskakyrkan.se\/diakonibloggen\/wp-json\/wp\/v2\/posts\/6034\/revisions\/8408"}],"wp:attachment":[{"href":"https:\/\/blogg.svenskakyrkan.se\/diakonibloggen\/wp-json\/wp\/v2\/media?parent=6034"}],"wp:term":[{"taxonomy":"category","embeddable":true,"href":"https:\/\/blogg.svenskakyrkan.se\/diakonibloggen\/wp-json\/wp\/v2\/categories?post=6034"},{"taxonomy":"post_tag","embeddable":true,"href":"https:\/\/blogg.svenskakyrkan.se\/diakonibloggen\/wp-json\/wp\/v2\/tags?post=6034"}],"curies":[{"name":"wp","href":"https:\/\/api.w.org\/{rel}","templated":true}]}}