{"id":6037,"date":"2017-09-13T09:41:08","date_gmt":"2017-09-13T09:41:08","guid":{"rendered":"http:\/\/diakonibloggen.com\/?p=6037"},"modified":"2020-12-17T15:16:39","modified_gmt":"2020-12-17T15:16:39","slug":"minns-att-du-var-underbar","status":"publish","type":"post","link":"https:\/\/blogg.svenskakyrkan.se\/diakonibloggen\/2017\/09\/13\/minns-att-du-var-underbar\/","title":{"rendered":"Minns att du var underbar"},"content":{"rendered":"<p>Per-Ivar \u00d6stmann, som \u00e4r en flitig g\u00e4stbloggare p\u00e5 diakonibloggen, skriver l\u00e5tar p\u00e5 fritiden. H\u00e4r \u00e4r en del av en\u00a0s\u00e5ng som kom parallellt med <a href=\"http:\/\/diakonibloggen.com\/2017\/09\/07\/glappet\/\">hans senaste inl\u00e4gg.<\/a> \u201dP\u00e5 taffligt trimmade mopeder, genom v\u00e4stkustvinterns salt och sn\u00f6, som vilsna utrangerade torpeder, vi som aldrig skulle d\u00f6. Nu har jag bara minnen kvar\u2026 och jag minns att du var underbar.&#8221;<\/p>\n<p>https:\/\/youtu.be\/XSj-iK7nhy4<\/p>\n<p>September \u00e4r diakonins m\u00e5nad och temat \u00e4r ungas psykiska oh\u00e4lsa. Har du tankar du vill dela &#8211; skriv en kommentar eller maila oss p\u00e5 diakoni.se@gmail.com. \/Karin &amp; Lotta<\/p>\n","protected":false},"excerpt":{"rendered":"<p>Per-Ivar \u00d6stmann, som \u00e4r en flitig g\u00e4stbloggare p\u00e5 diakonibloggen, skriver l\u00e5tar p\u00e5 fritiden. H\u00e4r \u00e4r en del av en\u00a0s\u00e5ng som kom parallellt med hans senaste inl\u00e4gg. \u201dP\u00e5 taffligt trimmade mopeder, genom v\u00e4stkustvinterns salt och sn\u00f6, som vilsna utrangerade torpeder, vi som aldrig skulle d\u00f6. Nu har jag bara minnen kvar\u2026 och jag minns att du [&hellip;]<\/p>\n","protected":false},"author":776,"featured_media":0,"comment_status":"open","ping_status":"open","sticky":false,"template":"","format":"standard","meta":{"_acf_changed":false,"footnotes":""},"categories":[23302,23300,23309,23320],"tags":[23510,23790,24720,24890,25269],"class_list":["post-6037","post","type-post","status-publish","format-standard","hentry","category-diakoni","category-doden","category-existentiell-halsa","category-psykisk-ohalsa","tag-avsked","tag-diakonins-manad","tag-per-ivar-ostmann","tag-sjalvmord-psykisk-ohalsa","tag-youtube"],"acf":[],"yoast_head":"<!-- This site is optimized with the Yoast SEO plugin v27.1.1 - https:\/\/yoast.com\/product\/yoast-seo-wordpress\/ -->\n<title>Minns att du var underbar - Diakonibloggen<\/title>\n<meta name=\"robots\" content=\"index, follow, max-snippet:-1, max-image-preview:large, max-video-preview:-1\" \/>\n<link rel=\"canonical\" href=\"https:\/\/blogg.svenskakyrkan.se\/diakonibloggen\/2017\/09\/13\/minns-att-du-var-underbar\/\" \/>\n<meta property=\"og:locale\" content=\"sv_SE\" \/>\n<meta property=\"og:type\" content=\"article\" \/>\n<meta property=\"og:title\" content=\"Minns att du var underbar - Diakonibloggen\" \/>\n<meta property=\"og:description\" content=\"Per-Ivar \u00d6stmann, som \u00e4r en flitig g\u00e4stbloggare p\u00e5 diakonibloggen, skriver l\u00e5tar p\u00e5 fritiden. H\u00e4r \u00e4r en del av en\u00a0s\u00e5ng som kom parallellt med hans senaste inl\u00e4gg. \u201dP\u00e5 taffligt trimmade mopeder, genom v\u00e4stkustvinterns salt och sn\u00f6, som vilsna utrangerade torpeder, vi som aldrig skulle d\u00f6. Nu har jag bara minnen kvar\u2026 och jag minns att du [&hellip;]\" \/>\n<meta property=\"og:url\" content=\"https:\/\/blogg.svenskakyrkan.se\/diakonibloggen\/2017\/09\/13\/minns-att-du-var-underbar\/\" \/>\n<meta property=\"og:site_name\" content=\"Diakonibloggen\" \/>\n<meta property=\"article:published_time\" content=\"2017-09-13T09:41:08+00:00\" \/>\n<meta property=\"article:modified_time\" content=\"2020-12-17T15:16:39+00:00\" \/>\n<meta name=\"author\" content=\"diakonibloggen\" \/>\n<meta name=\"twitter:card\" content=\"summary_large_image\" \/>\n<meta name=\"twitter:label1\" content=\"Skriven av\" \/>\n\t<meta name=\"twitter:data1\" content=\"diakonibloggen\" \/>\n\t<meta name=\"twitter:label2\" content=\"Ber\u00e4knad l\u00e4stid\" \/>\n\t<meta name=\"twitter:data2\" content=\"1 minut\" \/>\n<script type=\"application\/ld+json\" class=\"yoast-schema-graph\">{\"@context\":\"https:\/\/schema.org\",\"@graph\":[{\"@type\":\"Article\",\"@id\":\"https:\/\/blogg.svenskakyrkan.se\/diakonibloggen\/2017\/09\/13\/minns-att-du-var-underbar\/#article\",\"isPartOf\":{\"@id\":\"https:\/\/blogg.svenskakyrkan.se\/diakonibloggen\/2017\/09\/13\/minns-att-du-var-underbar\/\"},\"author\":{\"name\":\"diakonibloggen\",\"@id\":\"https:\/\/blogg.svenskakyrkan.se\/diakonibloggen\/#\/schema\/person\/8f6a6fe8efab23c141c7e274fec6405f\"},\"headline\":\"Minns att du var underbar\",\"datePublished\":\"2017-09-13T09:41:08+00:00\",\"dateModified\":\"2020-12-17T15:16:39+00:00\",\"mainEntityOfPage\":{\"@id\":\"https:\/\/blogg.svenskakyrkan.se\/diakonibloggen\/2017\/09\/13\/minns-att-du-var-underbar\/\"},\"wordCount\":107,\"commentCount\":0,\"keywords\":[\"avsked\",\"diakonins m\u00e5nad\",\"Per-Ivar \u00d6stmann\",\"sj\u00e4lvmord psykisk oh\u00e4lsa\",\"youtube\"],\"articleSection\":[\"diakoni\",\"D\u00f6den\",\"existentiell h\u00e4lsa\",\"psykisk oh\u00e4lsa\"],\"inLanguage\":\"sv-SE\",\"potentialAction\":[{\"@type\":\"CommentAction\",\"name\":\"Comment\",\"target\":[\"https:\/\/blogg.svenskakyrkan.se\/diakonibloggen\/2017\/09\/13\/minns-att-du-var-underbar\/#respond\"]}]},{\"@type\":\"WebPage\",\"@id\":\"https:\/\/blogg.svenskakyrkan.se\/diakonibloggen\/2017\/09\/13\/minns-att-du-var-underbar\/\",\"url\":\"https:\/\/blogg.svenskakyrkan.se\/diakonibloggen\/2017\/09\/13\/minns-att-du-var-underbar\/\",\"name\":\"Minns att du var underbar - Diakonibloggen\",\"isPartOf\":{\"@id\":\"https:\/\/blogg.svenskakyrkan.se\/diakonibloggen\/#website\"},\"datePublished\":\"2017-09-13T09:41:08+00:00\",\"dateModified\":\"2020-12-17T15:16:39+00:00\",\"author\":{\"@id\":\"https:\/\/blogg.svenskakyrkan.se\/diakonibloggen\/#\/schema\/person\/8f6a6fe8efab23c141c7e274fec6405f\"},\"breadcrumb\":{\"@id\":\"https:\/\/blogg.svenskakyrkan.se\/diakonibloggen\/2017\/09\/13\/minns-att-du-var-underbar\/#breadcrumb\"},\"inLanguage\":\"sv-SE\",\"potentialAction\":[{\"@type\":\"ReadAction\",\"target\":[\"https:\/\/blogg.svenskakyrkan.se\/diakonibloggen\/2017\/09\/13\/minns-att-du-var-underbar\/\"]}]},{\"@type\":\"BreadcrumbList\",\"@id\":\"https:\/\/blogg.svenskakyrkan.se\/diakonibloggen\/2017\/09\/13\/minns-att-du-var-underbar\/#breadcrumb\",\"itemListElement\":[{\"@type\":\"ListItem\",\"position\":1,\"name\":\"Hem\",\"item\":\"https:\/\/blogg.svenskakyrkan.se\/diakonibloggen\/\"},{\"@type\":\"ListItem\",\"position\":2,\"name\":\"Minns att du var underbar\"}]},{\"@type\":\"WebSite\",\"@id\":\"https:\/\/blogg.svenskakyrkan.se\/diakonibloggen\/#website\",\"url\":\"https:\/\/blogg.svenskakyrkan.se\/diakonibloggen\/\",\"name\":\"Diakonibloggen\",\"description\":\"Vi lyfter fram, hyllar, diskuterar och inspirerar till diakonalt arbete inom och utanf\u00f6r Svenska kyrkans ramar.\",\"potentialAction\":[{\"@type\":\"SearchAction\",\"target\":{\"@type\":\"EntryPoint\",\"urlTemplate\":\"https:\/\/blogg.svenskakyrkan.se\/diakonibloggen\/?s={search_term_string}\"},\"query-input\":{\"@type\":\"PropertyValueSpecification\",\"valueRequired\":true,\"valueName\":\"search_term_string\"}}],\"inLanguage\":\"sv-SE\"},{\"@type\":\"Person\",\"@id\":\"https:\/\/blogg.svenskakyrkan.se\/diakonibloggen\/#\/schema\/person\/8f6a6fe8efab23c141c7e274fec6405f\",\"name\":\"diakonibloggen\",\"image\":{\"@type\":\"ImageObject\",\"inLanguage\":\"sv-SE\",\"@id\":\"https:\/\/blogg.svenskakyrkan.se\/diakonibloggen\/#\/schema\/person\/image\/\",\"url\":\"https:\/\/secure.gravatar.com\/avatar\/95c0ca86fd13e3d8c1b7b7e9864c9a2ccb7b48c6f756a3b5447bcc13dd630488?s=96&d=mm&r=g\",\"contentUrl\":\"https:\/\/secure.gravatar.com\/avatar\/95c0ca86fd13e3d8c1b7b7e9864c9a2ccb7b48c6f756a3b5447bcc13dd630488?s=96&d=mm&r=g\",\"caption\":\"diakonibloggen\"},\"url\":\"https:\/\/blogg.svenskakyrkan.se\/diakonibloggen\/author\/diakonibloggen\/\"}]}<\/script>\n<!-- \/ Yoast SEO plugin. -->","yoast_head_json":{"title":"Minns att du var underbar - Diakonibloggen","robots":{"index":"index","follow":"follow","max-snippet":"max-snippet:-1","max-image-preview":"max-image-preview:large","max-video-preview":"max-video-preview:-1"},"canonical":"https:\/\/blogg.svenskakyrkan.se\/diakonibloggen\/2017\/09\/13\/minns-att-du-var-underbar\/","og_locale":"sv_SE","og_type":"article","og_title":"Minns att du var underbar - Diakonibloggen","og_description":"Per-Ivar \u00d6stmann, som \u00e4r en flitig g\u00e4stbloggare p\u00e5 diakonibloggen, skriver l\u00e5tar p\u00e5 fritiden. H\u00e4r \u00e4r en del av en\u00a0s\u00e5ng som kom parallellt med hans senaste inl\u00e4gg. \u201dP\u00e5 taffligt trimmade mopeder, genom v\u00e4stkustvinterns salt och sn\u00f6, som vilsna utrangerade torpeder, vi som aldrig skulle d\u00f6. Nu har jag bara minnen kvar\u2026 och jag minns att du [&hellip;]","og_url":"https:\/\/blogg.svenskakyrkan.se\/diakonibloggen\/2017\/09\/13\/minns-att-du-var-underbar\/","og_site_name":"Diakonibloggen","article_published_time":"2017-09-13T09:41:08+00:00","article_modified_time":"2020-12-17T15:16:39+00:00","author":"diakonibloggen","twitter_card":"summary_large_image","twitter_misc":{"Skriven av":"diakonibloggen","Ber\u00e4knad l\u00e4stid":"1 minut"},"schema":{"@context":"https:\/\/schema.org","@graph":[{"@type":"Article","@id":"https:\/\/blogg.svenskakyrkan.se\/diakonibloggen\/2017\/09\/13\/minns-att-du-var-underbar\/#article","isPartOf":{"@id":"https:\/\/blogg.svenskakyrkan.se\/diakonibloggen\/2017\/09\/13\/minns-att-du-var-underbar\/"},"author":{"name":"diakonibloggen","@id":"https:\/\/blogg.svenskakyrkan.se\/diakonibloggen\/#\/schema\/person\/8f6a6fe8efab23c141c7e274fec6405f"},"headline":"Minns att du var underbar","datePublished":"2017-09-13T09:41:08+00:00","dateModified":"2020-12-17T15:16:39+00:00","mainEntityOfPage":{"@id":"https:\/\/blogg.svenskakyrkan.se\/diakonibloggen\/2017\/09\/13\/minns-att-du-var-underbar\/"},"wordCount":107,"commentCount":0,"keywords":["avsked","diakonins m\u00e5nad","Per-Ivar \u00d6stmann","sj\u00e4lvmord psykisk oh\u00e4lsa","youtube"],"articleSection":["diakoni","D\u00f6den","existentiell h\u00e4lsa","psykisk oh\u00e4lsa"],"inLanguage":"sv-SE","potentialAction":[{"@type":"CommentAction","name":"Comment","target":["https:\/\/blogg.svenskakyrkan.se\/diakonibloggen\/2017\/09\/13\/minns-att-du-var-underbar\/#respond"]}]},{"@type":"WebPage","@id":"https:\/\/blogg.svenskakyrkan.se\/diakonibloggen\/2017\/09\/13\/minns-att-du-var-underbar\/","url":"https:\/\/blogg.svenskakyrkan.se\/diakonibloggen\/2017\/09\/13\/minns-att-du-var-underbar\/","name":"Minns att du var underbar - Diakonibloggen","isPartOf":{"@id":"https:\/\/blogg.svenskakyrkan.se\/diakonibloggen\/#website"},"datePublished":"2017-09-13T09:41:08+00:00","dateModified":"2020-12-17T15:16:39+00:00","author":{"@id":"https:\/\/blogg.svenskakyrkan.se\/diakonibloggen\/#\/schema\/person\/8f6a6fe8efab23c141c7e274fec6405f"},"breadcrumb":{"@id":"https:\/\/blogg.svenskakyrkan.se\/diakonibloggen\/2017\/09\/13\/minns-att-du-var-underbar\/#breadcrumb"},"inLanguage":"sv-SE","potentialAction":[{"@type":"ReadAction","target":["https:\/\/blogg.svenskakyrkan.se\/diakonibloggen\/2017\/09\/13\/minns-att-du-var-underbar\/"]}]},{"@type":"BreadcrumbList","@id":"https:\/\/blogg.svenskakyrkan.se\/diakonibloggen\/2017\/09\/13\/minns-att-du-var-underbar\/#breadcrumb","itemListElement":[{"@type":"ListItem","position":1,"name":"Hem","item":"https:\/\/blogg.svenskakyrkan.se\/diakonibloggen\/"},{"@type":"ListItem","position":2,"name":"Minns att du var underbar"}]},{"@type":"WebSite","@id":"https:\/\/blogg.svenskakyrkan.se\/diakonibloggen\/#website","url":"https:\/\/blogg.svenskakyrkan.se\/diakonibloggen\/","name":"Diakonibloggen","description":"Vi lyfter fram, hyllar, diskuterar och inspirerar till diakonalt arbete inom och utanf\u00f6r Svenska kyrkans ramar.","potentialAction":[{"@type":"SearchAction","target":{"@type":"EntryPoint","urlTemplate":"https:\/\/blogg.svenskakyrkan.se\/diakonibloggen\/?s={search_term_string}"},"query-input":{"@type":"PropertyValueSpecification","valueRequired":true,"valueName":"search_term_string"}}],"inLanguage":"sv-SE"},{"@type":"Person","@id":"https:\/\/blogg.svenskakyrkan.se\/diakonibloggen\/#\/schema\/person\/8f6a6fe8efab23c141c7e274fec6405f","name":"diakonibloggen","image":{"@type":"ImageObject","inLanguage":"sv-SE","@id":"https:\/\/blogg.svenskakyrkan.se\/diakonibloggen\/#\/schema\/person\/image\/","url":"https:\/\/secure.gravatar.com\/avatar\/95c0ca86fd13e3d8c1b7b7e9864c9a2ccb7b48c6f756a3b5447bcc13dd630488?s=96&d=mm&r=g","contentUrl":"https:\/\/secure.gravatar.com\/avatar\/95c0ca86fd13e3d8c1b7b7e9864c9a2ccb7b48c6f756a3b5447bcc13dd630488?s=96&d=mm&r=g","caption":"diakonibloggen"},"url":"https:\/\/blogg.svenskakyrkan.se\/diakonibloggen\/author\/diakonibloggen\/"}]}},"author_meta":{"ID":"776","user_nicename":"diakonibloggen","user_registered":"2020-12-17 14:50:06","display_name":"diakonibloggen","avatar":"https:\/\/blogg.svenskakyrkan.se\/diakonibloggen\/files\/2021\/02\/Sk\u00e4rmavbild-2019-04-12-kl.-14.20.54-150x150.png"},"featured_image":false,"bloginfo":{"name":"Diakonibloggen","url":"https:\/\/blogg.svenskakyrkan.se\/diakonibloggen"},"_links":{"self":[{"href":"https:\/\/blogg.svenskakyrkan.se\/diakonibloggen\/wp-json\/wp\/v2\/posts\/6037","targetHints":{"allow":["GET"]}}],"collection":[{"href":"https:\/\/blogg.svenskakyrkan.se\/diakonibloggen\/wp-json\/wp\/v2\/posts"}],"about":[{"href":"https:\/\/blogg.svenskakyrkan.se\/diakonibloggen\/wp-json\/wp\/v2\/types\/post"}],"author":[{"embeddable":true,"href":"https:\/\/blogg.svenskakyrkan.se\/diakonibloggen\/wp-json\/wp\/v2\/users\/776"}],"replies":[{"embeddable":true,"href":"https:\/\/blogg.svenskakyrkan.se\/diakonibloggen\/wp-json\/wp\/v2\/comments?post=6037"}],"version-history":[{"count":1,"href":"https:\/\/blogg.svenskakyrkan.se\/diakonibloggen\/wp-json\/wp\/v2\/posts\/6037\/revisions"}],"predecessor-version":[{"id":8406,"href":"https:\/\/blogg.svenskakyrkan.se\/diakonibloggen\/wp-json\/wp\/v2\/posts\/6037\/revisions\/8406"}],"wp:attachment":[{"href":"https:\/\/blogg.svenskakyrkan.se\/diakonibloggen\/wp-json\/wp\/v2\/media?parent=6037"}],"wp:term":[{"taxonomy":"category","embeddable":true,"href":"https:\/\/blogg.svenskakyrkan.se\/diakonibloggen\/wp-json\/wp\/v2\/categories?post=6037"},{"taxonomy":"post_tag","embeddable":true,"href":"https:\/\/blogg.svenskakyrkan.se\/diakonibloggen\/wp-json\/wp\/v2\/tags?post=6037"}],"curies":[{"name":"wp","href":"https:\/\/api.w.org\/{rel}","templated":true}]}}