{"id":6185,"date":"2017-11-25T16:49:35","date_gmt":"2017-11-25T16:49:35","guid":{"rendered":"http:\/\/diakonibloggen.com\/?p=6185"},"modified":"2020-12-17T15:16:39","modified_gmt":"2020-12-17T15:16:39","slug":"nar-kommer-frostnatterna-till-paris","status":"publish","type":"post","link":"https:\/\/blogg.svenskakyrkan.se\/diakonibloggen\/2017\/11\/25\/nar-kommer-frostnatterna-till-paris\/","title":{"rendered":"N\u00e4r kommer frostn\u00e4tterna till Paris?"},"content":{"rendered":"<p>Jag t\u00e4nker ofta p\u00e5 Z. Han var med p\u00e5 alla aktiviteter: Parkour, gitarrspelning, fotboll, k\u00f6r. Hans svenska \u00e4r n\u00e4stintill perfekt. Han \u00e4lskade skolan och ville bli snickare, men efter fj\u00e4rde avslaget best\u00e4mde han sig f\u00f6r att resa. Nu bor han under en bro i Paris med tusentals andra. Svenska kyrkan d\u00e4r har inr\u00e4ttat en ny tj\u00e4nst f\u00f6r att kunna ta hand om alla svensktalande ungdomar som flytt fr\u00e5n v\u00e5rt land. De fryser hellre utomhus i Paris med sina dr\u00f6mmar kvar \u00e4n att riskera att tas till ett s\u00e5 kallat f\u00f6rvar \u2013 ett l\u00e5st boende \u2013 och tvingas till Afghanistan.<\/p>\n<p><a href=\"http:\/\/diakonibloggen.com\/2017\/11\/25\/nar-kommer-frostnatterna-till-paris\/h-1\/\" rel=\"attachment wp-att-6204\"><img loading=\"lazy\" decoding=\"async\" class=\"alignleft size-thumbnail wp-image-6204\" src=\"http:\/\/blogg.svenskakyrkan.se\/diakonibloggen\/files\/2017\/11\/h-1.jpg?w=235\" alt=\"\" width=\"235\" height=\"250\" \/><\/a>Z har aldrig varit i Afghanistan. Han har vuxit upp i Iran och kom till Sverige som 16-\u00e5ring. F\u00f6rst blev han nerskriven i \u00e5lder av Migrationsverket. Men n\u00e4r f\u00f6rsta beslutet kom efter ett drygt \u00e5r, blev han uppskriven fr\u00e5n 17 till 18 \u00e5r. F\u00f6r om man inte har en giltig ID-handling f\u00e5r man en f\u00f6delsedag som Migrationsverket best\u00e4mmer. N\u00e4stan ingen fr\u00e5n Iran eller Afghanistan har en ID-handling som svenska myndigheter godk\u00e4nner.<\/p>\n<p>Den dag ungdomarna blir uppskrivna eller fyller \u00e5r naturligt f\u00e5r de avslag och en enkelbiljett till Afghanistan. Men f\u00f6rst blir de utkastade fr\u00e5n HVB, f\u00f6rlorar sina gode m\u00e4n och flyttas till ett asylboende l\u00e5ngt bort fr\u00e5n skolor och v\u00e4nner i v\u00e4ntan p\u00e5 pl\u00e5gsamma \u00f6verklagandeprocesser som s\u00e4llan leder n\u00e5gonstans, men som \u00e4r ett hopp om att f\u00e5 slippa daglig r\u00e4dsla i v\u00e4rldens n\u00e4st farligaste land. Det \u00e4r i den processen flera ungdomar valt att avsluta sina liv. D\u00f6den h\u00e4r ter sig f\u00f6r m\u00e5nga sk\u00f6nare \u00e4n ett liv med v\u00e5ld och st\u00e4ndiga terrorattacker i Afghanistan.<\/p>\n<p>I juni \u00f6ppnade Barbro och jag ett ideellt boende f\u00f6r att ungdomar skulle slippa flytta. Z var den f\u00f6rsta som skrev in sig. Idag bor det 25 killar d\u00e4r. Vi hankar oss fram ekonomiskt. Kommunerna har f\u00e5tt miljonbelopp f\u00f6r att ta hand om ungdomarna, men v\u00e4ljer att inget g\u00f6ra. Det \u00e4r en m\u00e4rklig politik som f\u00f6rs. 35000 ungdomar kom 2015. De fick g\u00e5 i skolan och b\u00f6rjade dr\u00f6mma om ett liv h\u00e4r. De flesta ber\u00e4ttar att de i princip fick ett l\u00f6fte om att stanna och uppmaningen att sk\u00f6ta skolan och g\u00e5 p\u00e5 aktiviteter. Z gjorde som han blev tillsagd. Men s\u00e5 kom \u00e4ndringen i asyllagen och pl\u00f6tsligt skulle tiotusentals ungdomar inte l\u00e4ngre omfattas av lagarna.<\/p>\n<p>Hos oss f\u00e5r de andrum. Vi jobbar heltid och hade aldrig klarat det h\u00e4r om inte killarna sj\u00e4lva varit s\u00e5 sk\u00f6tsamma och ansvarsfulla. Vi har m\u00f6ten och kommer \u00f6verens om rutiner och strukturer och killarna st\u00e4dar, lagar mat och g\u00e5r till skolan varje dag. P\u00e5 n\u00e4tterna spelar de ibland gitarr eller dricker te tillsammans f\u00f6r att h\u00e5lla mardr\u00f6mmarna och oron borta. De lever p\u00e5 61 kronor om dagen och klagar aldrig. Pengarna ska r\u00e4cka till allt fr\u00e5n toapapper till busskort och vinterjackor.<\/p>\n<p>Ibland ringer Z till mig och fr\u00e5gar: Hur m\u00e5r du? Jag t\u00e4nker: Hur orkar du vara s\u00e5 artig och v\u00e4nlig? Mina egna s\u00f6ner \u00e4r 17 och 18 \u00e5r. Hade de klarat resan? Hade de st\u00e5tt ut med att bo d\u00e4r i smutsen och kylan f\u00f6r att h\u00e5lla hoppet om ett liv utan liv och v\u00e5ld levande? F\u00f6r Z handlar det om att f\u00e5 \u00e5terse sin familj. Han vet inte var mamman och syskonen \u00e4r nu. Han vet inte om de finns i livet. L\u00e4ngtan efter dem h\u00e5ller honom levande. Jag t\u00e4nker ofta p\u00e5 honom och jag undrar n\u00e4r frostn\u00e4tterna kommer till Paris.<\/p>\n<p>Helena Isaksson Baeck \u00e4r dokument\u00e4rfilmare med fokus p\u00e5 m\u00e4nskliga r\u00e4ttigheter.<\/p>\n<p>Hon \u00e4r en av initiativtagarna till prisbel\u00f6nta Songlines \u2013 ett musik-och kulturprojekt f\u00f6r unga som flytt, <a href=\"http:\/\/www.songlines.se\">www.songlines.se.<\/a> I sitt arbete tr\u00e4ffar hon hundratals ungdomar och driver p\u00e5\u00a0ideell basis ett\u00a0boende f\u00f6r att asyls\u00f6kande ungdomar ska kunna g\u00e5 kvar i sina skolor, vara med sina v\u00e4nner och k\u00e4nna trygghet under asylprocessen.\u00a0Hon \u00e4r djupt tacksam \u00f6ver de medm\u00e4nniskor som hj\u00e4lper till och st\u00f6ttar boendet och killarna i deras asylprocesser.<\/p>\n<p>P\u00e5 Diakonibloggen har vi\u00a0skrivit om\u00a0flyktingar tidigare, men som l\u00e4get \u00e4r nu kan vi helt enkelt inte\u00a0l\u00e5ta bli att\u00a0lyfta situationen igen, denna g\u00e5ng med fokus p\u00e5 alla ensamkommande barn och ungdomar som lever under enorm press i v\u00e4ntan p\u00e5 eventuell avvisning och \u00e5terresa. Idag delar vi en film. Maila g\u00e4rna tankar och ber\u00e4ttelser till diakoni.se@gmail.com. \/Karin &amp; Lotta<\/p>\n","protected":false},"excerpt":{"rendered":"<p>Jag t\u00e4nker ofta p\u00e5 Z. Han var med p\u00e5 alla aktiviteter: Parkour, gitarrspelning, fotboll, k\u00f6r. Hans svenska \u00e4r n\u00e4stintill perfekt. Han \u00e4lskade skolan och ville bli snickare, men efter fj\u00e4rde avslaget best\u00e4mde han sig f\u00f6r att resa. Nu bor han under en bro i Paris med tusentals andra. Svenska kyrkan d\u00e4r har inr\u00e4ttat en ny [&hellip;]<\/p>\n","protected":false},"author":776,"featured_media":0,"comment_status":"open","ping_status":"open","sticky":false,"template":"","format":"standard","meta":{"_acf_changed":false,"footnotes":""},"categories":[23301,23302,23310],"tags":[23870,23873,24151,24953],"class_list":["post-6185","post","type-post","status-publish","format-standard","hentry","category-diakonalt-arbete","category-diakoni","category-flyktingar","tag-ensamkommande","tag-ensamkommande-flyktingbarn","tag-helena-isaksson-baeck","tag-songlines"],"acf":[],"yoast_head":"<!-- This site is optimized with the Yoast SEO plugin v27.1.1 - https:\/\/yoast.com\/product\/yoast-seo-wordpress\/ -->\n<title>N\u00e4r kommer frostn\u00e4tterna till Paris? - Diakonibloggen<\/title>\n<meta name=\"robots\" content=\"index, follow, max-snippet:-1, max-image-preview:large, max-video-preview:-1\" \/>\n<link rel=\"canonical\" href=\"https:\/\/blogg.svenskakyrkan.se\/diakonibloggen\/2017\/11\/25\/nar-kommer-frostnatterna-till-paris\/\" \/>\n<meta property=\"og:locale\" content=\"sv_SE\" \/>\n<meta property=\"og:type\" content=\"article\" \/>\n<meta property=\"og:title\" content=\"N\u00e4r kommer frostn\u00e4tterna till Paris? - Diakonibloggen\" \/>\n<meta property=\"og:description\" content=\"Jag t\u00e4nker ofta p\u00e5 Z. Han var med p\u00e5 alla aktiviteter: Parkour, gitarrspelning, fotboll, k\u00f6r. Hans svenska \u00e4r n\u00e4stintill perfekt. Han \u00e4lskade skolan och ville bli snickare, men efter fj\u00e4rde avslaget best\u00e4mde han sig f\u00f6r att resa. Nu bor han under en bro i Paris med tusentals andra. Svenska kyrkan d\u00e4r har inr\u00e4ttat en ny [&hellip;]\" \/>\n<meta property=\"og:url\" content=\"https:\/\/blogg.svenskakyrkan.se\/diakonibloggen\/2017\/11\/25\/nar-kommer-frostnatterna-till-paris\/\" \/>\n<meta property=\"og:site_name\" content=\"Diakonibloggen\" \/>\n<meta property=\"article:published_time\" content=\"2017-11-25T16:49:35+00:00\" \/>\n<meta property=\"article:modified_time\" content=\"2020-12-17T15:16:39+00:00\" \/>\n<meta property=\"og:image\" content=\"http:\/\/blogg.svenskakyrkan.se\/diakonibloggen\/files\/2017\/11\/h-1.jpg?w=235\" \/>\n<meta name=\"author\" content=\"diakonibloggen\" \/>\n<meta name=\"twitter:card\" content=\"summary_large_image\" \/>\n<meta name=\"twitter:label1\" content=\"Skriven av\" \/>\n\t<meta name=\"twitter:data1\" content=\"diakonibloggen\" \/>\n\t<meta name=\"twitter:label2\" content=\"Ber\u00e4knad l\u00e4stid\" \/>\n\t<meta name=\"twitter:data2\" content=\"4 minuter\" \/>\n<script type=\"application\/ld+json\" class=\"yoast-schema-graph\">{\"@context\":\"https:\/\/schema.org\",\"@graph\":[{\"@type\":\"Article\",\"@id\":\"https:\/\/blogg.svenskakyrkan.se\/diakonibloggen\/2017\/11\/25\/nar-kommer-frostnatterna-till-paris\/#article\",\"isPartOf\":{\"@id\":\"https:\/\/blogg.svenskakyrkan.se\/diakonibloggen\/2017\/11\/25\/nar-kommer-frostnatterna-till-paris\/\"},\"author\":{\"name\":\"diakonibloggen\",\"@id\":\"https:\/\/blogg.svenskakyrkan.se\/diakonibloggen\/#\/schema\/person\/8f6a6fe8efab23c141c7e274fec6405f\"},\"headline\":\"N\u00e4r kommer frostn\u00e4tterna till Paris?\",\"datePublished\":\"2017-11-25T16:49:35+00:00\",\"dateModified\":\"2020-12-17T15:16:39+00:00\",\"mainEntityOfPage\":{\"@id\":\"https:\/\/blogg.svenskakyrkan.se\/diakonibloggen\/2017\/11\/25\/nar-kommer-frostnatterna-till-paris\/\"},\"wordCount\":818,\"commentCount\":0,\"image\":{\"@id\":\"https:\/\/blogg.svenskakyrkan.se\/diakonibloggen\/2017\/11\/25\/nar-kommer-frostnatterna-till-paris\/#primaryimage\"},\"thumbnailUrl\":\"http:\/\/blogg.svenskakyrkan.se\/diakonibloggen\/files\/2017\/11\/h-1.jpg?w=235\",\"keywords\":[\"ensamkommande\",\"ensamkommande flyktingbarn\",\"Helena Isaksson Baeck\",\"songlines\"],\"articleSection\":[\"Diakonalt arbete\",\"diakoni\",\"flyktingar\"],\"inLanguage\":\"sv-SE\",\"potentialAction\":[{\"@type\":\"CommentAction\",\"name\":\"Comment\",\"target\":[\"https:\/\/blogg.svenskakyrkan.se\/diakonibloggen\/2017\/11\/25\/nar-kommer-frostnatterna-till-paris\/#respond\"]}]},{\"@type\":\"WebPage\",\"@id\":\"https:\/\/blogg.svenskakyrkan.se\/diakonibloggen\/2017\/11\/25\/nar-kommer-frostnatterna-till-paris\/\",\"url\":\"https:\/\/blogg.svenskakyrkan.se\/diakonibloggen\/2017\/11\/25\/nar-kommer-frostnatterna-till-paris\/\",\"name\":\"N\u00e4r kommer frostn\u00e4tterna till Paris? - Diakonibloggen\",\"isPartOf\":{\"@id\":\"https:\/\/blogg.svenskakyrkan.se\/diakonibloggen\/#website\"},\"primaryImageOfPage\":{\"@id\":\"https:\/\/blogg.svenskakyrkan.se\/diakonibloggen\/2017\/11\/25\/nar-kommer-frostnatterna-till-paris\/#primaryimage\"},\"image\":{\"@id\":\"https:\/\/blogg.svenskakyrkan.se\/diakonibloggen\/2017\/11\/25\/nar-kommer-frostnatterna-till-paris\/#primaryimage\"},\"thumbnailUrl\":\"http:\/\/blogg.svenskakyrkan.se\/diakonibloggen\/files\/2017\/11\/h-1.jpg?w=235\",\"datePublished\":\"2017-11-25T16:49:35+00:00\",\"dateModified\":\"2020-12-17T15:16:39+00:00\",\"author\":{\"@id\":\"https:\/\/blogg.svenskakyrkan.se\/diakonibloggen\/#\/schema\/person\/8f6a6fe8efab23c141c7e274fec6405f\"},\"breadcrumb\":{\"@id\":\"https:\/\/blogg.svenskakyrkan.se\/diakonibloggen\/2017\/11\/25\/nar-kommer-frostnatterna-till-paris\/#breadcrumb\"},\"inLanguage\":\"sv-SE\",\"potentialAction\":[{\"@type\":\"ReadAction\",\"target\":[\"https:\/\/blogg.svenskakyrkan.se\/diakonibloggen\/2017\/11\/25\/nar-kommer-frostnatterna-till-paris\/\"]}]},{\"@type\":\"ImageObject\",\"inLanguage\":\"sv-SE\",\"@id\":\"https:\/\/blogg.svenskakyrkan.se\/diakonibloggen\/2017\/11\/25\/nar-kommer-frostnatterna-till-paris\/#primaryimage\",\"url\":\"http:\/\/blogg.svenskakyrkan.se\/diakonibloggen\/files\/2017\/11\/h-1.jpg?w=235\",\"contentUrl\":\"http:\/\/blogg.svenskakyrkan.se\/diakonibloggen\/files\/2017\/11\/h-1.jpg?w=235\"},{\"@type\":\"BreadcrumbList\",\"@id\":\"https:\/\/blogg.svenskakyrkan.se\/diakonibloggen\/2017\/11\/25\/nar-kommer-frostnatterna-till-paris\/#breadcrumb\",\"itemListElement\":[{\"@type\":\"ListItem\",\"position\":1,\"name\":\"Hem\",\"item\":\"https:\/\/blogg.svenskakyrkan.se\/diakonibloggen\/\"},{\"@type\":\"ListItem\",\"position\":2,\"name\":\"N\u00e4r kommer frostn\u00e4tterna till Paris?\"}]},{\"@type\":\"WebSite\",\"@id\":\"https:\/\/blogg.svenskakyrkan.se\/diakonibloggen\/#website\",\"url\":\"https:\/\/blogg.svenskakyrkan.se\/diakonibloggen\/\",\"name\":\"Diakonibloggen\",\"description\":\"Vi lyfter fram, hyllar, diskuterar och inspirerar till diakonalt arbete inom och utanf\u00f6r Svenska kyrkans ramar.\",\"potentialAction\":[{\"@type\":\"SearchAction\",\"target\":{\"@type\":\"EntryPoint\",\"urlTemplate\":\"https:\/\/blogg.svenskakyrkan.se\/diakonibloggen\/?s={search_term_string}\"},\"query-input\":{\"@type\":\"PropertyValueSpecification\",\"valueRequired\":true,\"valueName\":\"search_term_string\"}}],\"inLanguage\":\"sv-SE\"},{\"@type\":\"Person\",\"@id\":\"https:\/\/blogg.svenskakyrkan.se\/diakonibloggen\/#\/schema\/person\/8f6a6fe8efab23c141c7e274fec6405f\",\"name\":\"diakonibloggen\",\"image\":{\"@type\":\"ImageObject\",\"inLanguage\":\"sv-SE\",\"@id\":\"https:\/\/blogg.svenskakyrkan.se\/diakonibloggen\/#\/schema\/person\/image\/\",\"url\":\"https:\/\/secure.gravatar.com\/avatar\/95c0ca86fd13e3d8c1b7b7e9864c9a2ccb7b48c6f756a3b5447bcc13dd630488?s=96&d=mm&r=g\",\"contentUrl\":\"https:\/\/secure.gravatar.com\/avatar\/95c0ca86fd13e3d8c1b7b7e9864c9a2ccb7b48c6f756a3b5447bcc13dd630488?s=96&d=mm&r=g\",\"caption\":\"diakonibloggen\"},\"url\":\"https:\/\/blogg.svenskakyrkan.se\/diakonibloggen\/author\/diakonibloggen\/\"}]}<\/script>\n<!-- \/ Yoast SEO plugin. -->","yoast_head_json":{"title":"N\u00e4r kommer frostn\u00e4tterna till Paris? - Diakonibloggen","robots":{"index":"index","follow":"follow","max-snippet":"max-snippet:-1","max-image-preview":"max-image-preview:large","max-video-preview":"max-video-preview:-1"},"canonical":"https:\/\/blogg.svenskakyrkan.se\/diakonibloggen\/2017\/11\/25\/nar-kommer-frostnatterna-till-paris\/","og_locale":"sv_SE","og_type":"article","og_title":"N\u00e4r kommer frostn\u00e4tterna till Paris? - Diakonibloggen","og_description":"Jag t\u00e4nker ofta p\u00e5 Z. Han var med p\u00e5 alla aktiviteter: Parkour, gitarrspelning, fotboll, k\u00f6r. Hans svenska \u00e4r n\u00e4stintill perfekt. Han \u00e4lskade skolan och ville bli snickare, men efter fj\u00e4rde avslaget best\u00e4mde han sig f\u00f6r att resa. Nu bor han under en bro i Paris med tusentals andra. Svenska kyrkan d\u00e4r har inr\u00e4ttat en ny [&hellip;]","og_url":"https:\/\/blogg.svenskakyrkan.se\/diakonibloggen\/2017\/11\/25\/nar-kommer-frostnatterna-till-paris\/","og_site_name":"Diakonibloggen","article_published_time":"2017-11-25T16:49:35+00:00","article_modified_time":"2020-12-17T15:16:39+00:00","og_image":[{"url":"http:\/\/blogg.svenskakyrkan.se\/diakonibloggen\/files\/2017\/11\/h-1.jpg?w=235","type":"","width":"","height":""}],"author":"diakonibloggen","twitter_card":"summary_large_image","twitter_misc":{"Skriven av":"diakonibloggen","Ber\u00e4knad l\u00e4stid":"4 minuter"},"schema":{"@context":"https:\/\/schema.org","@graph":[{"@type":"Article","@id":"https:\/\/blogg.svenskakyrkan.se\/diakonibloggen\/2017\/11\/25\/nar-kommer-frostnatterna-till-paris\/#article","isPartOf":{"@id":"https:\/\/blogg.svenskakyrkan.se\/diakonibloggen\/2017\/11\/25\/nar-kommer-frostnatterna-till-paris\/"},"author":{"name":"diakonibloggen","@id":"https:\/\/blogg.svenskakyrkan.se\/diakonibloggen\/#\/schema\/person\/8f6a6fe8efab23c141c7e274fec6405f"},"headline":"N\u00e4r kommer frostn\u00e4tterna till Paris?","datePublished":"2017-11-25T16:49:35+00:00","dateModified":"2020-12-17T15:16:39+00:00","mainEntityOfPage":{"@id":"https:\/\/blogg.svenskakyrkan.se\/diakonibloggen\/2017\/11\/25\/nar-kommer-frostnatterna-till-paris\/"},"wordCount":818,"commentCount":0,"image":{"@id":"https:\/\/blogg.svenskakyrkan.se\/diakonibloggen\/2017\/11\/25\/nar-kommer-frostnatterna-till-paris\/#primaryimage"},"thumbnailUrl":"http:\/\/blogg.svenskakyrkan.se\/diakonibloggen\/files\/2017\/11\/h-1.jpg?w=235","keywords":["ensamkommande","ensamkommande flyktingbarn","Helena Isaksson Baeck","songlines"],"articleSection":["Diakonalt arbete","diakoni","flyktingar"],"inLanguage":"sv-SE","potentialAction":[{"@type":"CommentAction","name":"Comment","target":["https:\/\/blogg.svenskakyrkan.se\/diakonibloggen\/2017\/11\/25\/nar-kommer-frostnatterna-till-paris\/#respond"]}]},{"@type":"WebPage","@id":"https:\/\/blogg.svenskakyrkan.se\/diakonibloggen\/2017\/11\/25\/nar-kommer-frostnatterna-till-paris\/","url":"https:\/\/blogg.svenskakyrkan.se\/diakonibloggen\/2017\/11\/25\/nar-kommer-frostnatterna-till-paris\/","name":"N\u00e4r kommer frostn\u00e4tterna till Paris? - Diakonibloggen","isPartOf":{"@id":"https:\/\/blogg.svenskakyrkan.se\/diakonibloggen\/#website"},"primaryImageOfPage":{"@id":"https:\/\/blogg.svenskakyrkan.se\/diakonibloggen\/2017\/11\/25\/nar-kommer-frostnatterna-till-paris\/#primaryimage"},"image":{"@id":"https:\/\/blogg.svenskakyrkan.se\/diakonibloggen\/2017\/11\/25\/nar-kommer-frostnatterna-till-paris\/#primaryimage"},"thumbnailUrl":"http:\/\/blogg.svenskakyrkan.se\/diakonibloggen\/files\/2017\/11\/h-1.jpg?w=235","datePublished":"2017-11-25T16:49:35+00:00","dateModified":"2020-12-17T15:16:39+00:00","author":{"@id":"https:\/\/blogg.svenskakyrkan.se\/diakonibloggen\/#\/schema\/person\/8f6a6fe8efab23c141c7e274fec6405f"},"breadcrumb":{"@id":"https:\/\/blogg.svenskakyrkan.se\/diakonibloggen\/2017\/11\/25\/nar-kommer-frostnatterna-till-paris\/#breadcrumb"},"inLanguage":"sv-SE","potentialAction":[{"@type":"ReadAction","target":["https:\/\/blogg.svenskakyrkan.se\/diakonibloggen\/2017\/11\/25\/nar-kommer-frostnatterna-till-paris\/"]}]},{"@type":"ImageObject","inLanguage":"sv-SE","@id":"https:\/\/blogg.svenskakyrkan.se\/diakonibloggen\/2017\/11\/25\/nar-kommer-frostnatterna-till-paris\/#primaryimage","url":"http:\/\/blogg.svenskakyrkan.se\/diakonibloggen\/files\/2017\/11\/h-1.jpg?w=235","contentUrl":"http:\/\/blogg.svenskakyrkan.se\/diakonibloggen\/files\/2017\/11\/h-1.jpg?w=235"},{"@type":"BreadcrumbList","@id":"https:\/\/blogg.svenskakyrkan.se\/diakonibloggen\/2017\/11\/25\/nar-kommer-frostnatterna-till-paris\/#breadcrumb","itemListElement":[{"@type":"ListItem","position":1,"name":"Hem","item":"https:\/\/blogg.svenskakyrkan.se\/diakonibloggen\/"},{"@type":"ListItem","position":2,"name":"N\u00e4r kommer frostn\u00e4tterna till Paris?"}]},{"@type":"WebSite","@id":"https:\/\/blogg.svenskakyrkan.se\/diakonibloggen\/#website","url":"https:\/\/blogg.svenskakyrkan.se\/diakonibloggen\/","name":"Diakonibloggen","description":"Vi lyfter fram, hyllar, diskuterar och inspirerar till diakonalt arbete inom och utanf\u00f6r Svenska kyrkans ramar.","potentialAction":[{"@type":"SearchAction","target":{"@type":"EntryPoint","urlTemplate":"https:\/\/blogg.svenskakyrkan.se\/diakonibloggen\/?s={search_term_string}"},"query-input":{"@type":"PropertyValueSpecification","valueRequired":true,"valueName":"search_term_string"}}],"inLanguage":"sv-SE"},{"@type":"Person","@id":"https:\/\/blogg.svenskakyrkan.se\/diakonibloggen\/#\/schema\/person\/8f6a6fe8efab23c141c7e274fec6405f","name":"diakonibloggen","image":{"@type":"ImageObject","inLanguage":"sv-SE","@id":"https:\/\/blogg.svenskakyrkan.se\/diakonibloggen\/#\/schema\/person\/image\/","url":"https:\/\/secure.gravatar.com\/avatar\/95c0ca86fd13e3d8c1b7b7e9864c9a2ccb7b48c6f756a3b5447bcc13dd630488?s=96&d=mm&r=g","contentUrl":"https:\/\/secure.gravatar.com\/avatar\/95c0ca86fd13e3d8c1b7b7e9864c9a2ccb7b48c6f756a3b5447bcc13dd630488?s=96&d=mm&r=g","caption":"diakonibloggen"},"url":"https:\/\/blogg.svenskakyrkan.se\/diakonibloggen\/author\/diakonibloggen\/"}]}},"author_meta":{"ID":"776","user_nicename":"diakonibloggen","user_registered":"2020-12-17 14:50:06","display_name":"diakonibloggen","avatar":"https:\/\/blogg.svenskakyrkan.se\/diakonibloggen\/files\/2021\/02\/Sk\u00e4rmavbild-2019-04-12-kl.-14.20.54-150x150.png"},"featured_image":false,"bloginfo":{"name":"Diakonibloggen","url":"https:\/\/blogg.svenskakyrkan.se\/diakonibloggen"},"_links":{"self":[{"href":"https:\/\/blogg.svenskakyrkan.se\/diakonibloggen\/wp-json\/wp\/v2\/posts\/6185","targetHints":{"allow":["GET"]}}],"collection":[{"href":"https:\/\/blogg.svenskakyrkan.se\/diakonibloggen\/wp-json\/wp\/v2\/posts"}],"about":[{"href":"https:\/\/blogg.svenskakyrkan.se\/diakonibloggen\/wp-json\/wp\/v2\/types\/post"}],"author":[{"embeddable":true,"href":"https:\/\/blogg.svenskakyrkan.se\/diakonibloggen\/wp-json\/wp\/v2\/users\/776"}],"replies":[{"embeddable":true,"href":"https:\/\/blogg.svenskakyrkan.se\/diakonibloggen\/wp-json\/wp\/v2\/comments?post=6185"}],"version-history":[{"count":1,"href":"https:\/\/blogg.svenskakyrkan.se\/diakonibloggen\/wp-json\/wp\/v2\/posts\/6185\/revisions"}],"predecessor-version":[{"id":8388,"href":"https:\/\/blogg.svenskakyrkan.se\/diakonibloggen\/wp-json\/wp\/v2\/posts\/6185\/revisions\/8388"}],"wp:attachment":[{"href":"https:\/\/blogg.svenskakyrkan.se\/diakonibloggen\/wp-json\/wp\/v2\/media?parent=6185"}],"wp:term":[{"taxonomy":"category","embeddable":true,"href":"https:\/\/blogg.svenskakyrkan.se\/diakonibloggen\/wp-json\/wp\/v2\/categories?post=6185"},{"taxonomy":"post_tag","embeddable":true,"href":"https:\/\/blogg.svenskakyrkan.se\/diakonibloggen\/wp-json\/wp\/v2\/tags?post=6185"}],"curies":[{"name":"wp","href":"https:\/\/api.w.org\/{rel}","templated":true}]}}