{"id":6195,"date":"2017-12-17T15:01:07","date_gmt":"2017-12-17T15:01:07","guid":{"rendered":"http:\/\/diakonibloggen.com\/?p=6195"},"modified":"2020-12-17T15:16:39","modified_gmt":"2020-12-17T15:16:39","slug":"mamma-vad-ska-jag-gora-nar-mitt-andra-avslag-kommer","status":"publish","type":"post","link":"https:\/\/blogg.svenskakyrkan.se\/diakonibloggen\/2017\/12\/17\/mamma-vad-ska-jag-gora-nar-mitt-andra-avslag-kommer\/","title":{"rendered":"&#8211; Mamma, vad ska jag g\u00f6ra n\u00e4r mitt andra avslag kommer?"},"content":{"rendered":"<p>Den fr\u00e5gan fick jag en vanlig m\u00e5ndagskv\u00e4ll n\u00e4r jag satt i soffan och tittade p\u00e5 tv. Det k\u00e4ndes som en kall hand kramade mitt hj\u00e4rta. &#8211; D\u00e5 ska vi \u00f6verklaga en g\u00e5ng till, s\u00e4ger jag och f\u00f6rs\u00f6ker l\u00e5ta hoppfull fast jag sj\u00e4lv \u00e4r s\u00e5 r\u00e4dd f\u00f6r den dagen avslaget kommer.<br \/>\n<a href=\"http:\/\/diakonibloggen.com\/2017\/12\/17\/mamma-vad-ska-jag-gora-nar-mitt-andra-avslag-kommer\/ris10kg\/\" rel=\"attachment wp-att-6196\"><img loading=\"lazy\" decoding=\"async\" class=\"alignleft size-thumbnail wp-image-6196\" src=\"http:\/\/blogg.svenskakyrkan.se\/diakonibloggen\/files\/2017\/11\/ris2010kg.jpg?w=181\" alt=\"\" width=\"181\" height=\"250\" srcset=\"https:\/\/blogg.svenskakyrkan.se\/diakonibloggen\/files\/2017\/11\/ris2010kg.jpg 1002w, https:\/\/blogg.svenskakyrkan.se\/diakonibloggen\/files\/2017\/11\/ris2010kg-217x300.jpg 217w, https:\/\/blogg.svenskakyrkan.se\/diakonibloggen\/files\/2017\/11\/ris2010kg-742x1024.jpg 742w, https:\/\/blogg.svenskakyrkan.se\/diakonibloggen\/files\/2017\/11\/ris2010kg-768x1060.jpg 768w\" sizes=\"auto, (max-width: 181px) 100vw, 181px\" \/><\/a>N\u00e4sta fr\u00e5ga var: -Hur ska jag kunna l\u00e4mna er?<\/p>\n<p>Ja, hur ska vi st\u00e5 ut om det kommer en dag d\u00e5 vi inte l\u00e4ngre f\u00e5r vara tillsammans, ni \u00e4r ju en del av v\u00e5r familj nu! I nio m\u00e5nader nu har vi delat vardag med tv\u00e5 18-\u00e5riga killar fr\u00e5n Afghanistan, tv\u00e5 killar som jag l\u00e4rt k\u00e4nna via mitt arbete i Lundby f\u00f6rsamling och som annars hade beh\u00f6vt flytta till n\u00e5got av Migrationsverkets vuxenboende n\u00e5gon annanstans i Sverige n\u00e4r de fyllde 18 \u00e5r.<\/p>\n<p>Det \u00e4r fint att ha f\u00e5tt en st\u00f6rre familj &#8211;\u00a0innan hade vi tv\u00e5 barn, nu har vi fyra! Det betyder att lukten av fotbollsskor i hallen har \u00f6kat, att vi numera k\u00f6per ris i 10-kiloss\u00e4ckar som jag l\u00e4rt mig tillaga s\u00e5 det blir s\u00e5d\u00e4r gott och fluffigt, att det \u00e4r tv\u00e5 till som ska v\u00e4ckas p\u00e5 morgnarna och helst f\u00e5s iv\u00e4g till skolan och att jag nu vet vad blomk\u00e5l heter p\u00e5 dari. Det allra st\u00f6rsta \u00e4r f\u00f6rst\u00e5s k\u00e4rleken och tacksamheten \u00f6ver att f\u00e5 l\u00e4ra k\u00e4nna tv\u00e5 unga m\u00e4nniskor. Det \u00e4r v\u00e4rt allt!<\/p>\n<p>Jag k\u00e4nner ocks\u00e5 stark samh\u00f6righet med tv\u00e5 mammor l\u00e5ngt l\u00e5ngt borta, tv\u00e5 mammor som s\u00e4kert oroar sig och l\u00e4ngtar, som undrar hur deras s\u00f6ner har det. Jag \u00f6nskar att jag kunde ber\u00e4tta f\u00f6r dem om vilka fina s\u00f6ner de har och hur glad jag \u00e4r \u00f6ver att vi f\u00e5r ha dem hos oss, att vi f\u00f6rs\u00f6ker g\u00f6ra allt f\u00f6r att ta hand om dem.<\/p>\n<p>F\u00f6rra veckan var det tv\u00e5 \u00e5r sedan killarna kom till Sverige, tv\u00e5 \u00e5r \u00e4r en l\u00e5ng tid! \u00a0\u00c4ven om de k\u00e4mpar p\u00e5 med skola, l\u00e4xor och fotbollstr\u00e4ningar s\u00e5 \u00e4r k\u00e4nslan av hoppl\u00f6shet p\u00e5taglig. Avslagen har kommit och \u00e5ngesten \u00f6kar.<br \/>\n\u2013 Jag kom hit f\u00f6r att f\u00e5 leva och k\u00e4nna mig trygg. I Afghanistan var jag r\u00e4dd hela tiden.<\/p>\n<p><a href=\"http:\/\/diakonibloggen.com\/2017\/12\/17\/mamma-vad-ska-jag-gora-nar-mitt-andra-avslag-kommer\/skor\/\" rel=\"attachment wp-att-6197\"><img loading=\"lazy\" decoding=\"async\" class=\"alignleft size-thumbnail wp-image-6197\" src=\"http:\/\/blogg.svenskakyrkan.se\/diakonibloggen\/files\/2017\/11\/skor.jpg?w=250\" alt=\"\" width=\"250\" height=\"187\" srcset=\"https:\/\/blogg.svenskakyrkan.se\/diakonibloggen\/files\/2017\/11\/skor.jpg 1284w, https:\/\/blogg.svenskakyrkan.se\/diakonibloggen\/files\/2017\/11\/skor-300x224.jpg 300w, https:\/\/blogg.svenskakyrkan.se\/diakonibloggen\/files\/2017\/11\/skor-1024x766.jpg 1024w, https:\/\/blogg.svenskakyrkan.se\/diakonibloggen\/files\/2017\/11\/skor-768x574.jpg 768w, https:\/\/blogg.svenskakyrkan.se\/diakonibloggen\/files\/2017\/11\/skor-1200x897.jpg 1200w\" sizes=\"auto, (max-width: 250px) 100vw, 250px\" \/><\/a>Det k\u00e4nns som om det var l\u00e4nge sedan vi h\u00f6rde orden: \u201d<em>Nu v\u00e4djar jag till svenska folket om t\u00e5lamod, om att \u00f6ppna era hj\u00e4rtan f\u00f6r att se m\u00e4nniskor i stark stress med hot mot det egna livet som flyr, flyr mot Europa, flyr mot frihet, flyr mot b\u00e4ttre f\u00f6rh\u00e5llanden\u2026<\/em>\u201d<\/p>\n<p>Vi \u00e4r m\u00e5nga som \u00f6ppnade v\u00e5ra hj\u00e4rtan! Att Sverige\u00a0forts\u00e4tter att utvisa\u00a0unga m\u00e4nniskor\u00a0till Afghanistan, ett land som enligt FN \u00e4r ett land i krig, \u00e4r hj\u00e4rtl\u00f6st!\u00a0Stoppa utvisningarna nu!<br \/>\nN\u00e4r orden inte r\u00e4cker kan jag bara be: Gode Gud l\u00e5t denna mardr\u00f6m ta slut. Amen<\/p>\n<p>#l\u00e5tdeungastanna #vist\u00e5rinteut<\/p>\n<p>Ulrika Brosch\u00e9<\/p>\n<p>P\u00e5 Diakonibloggen har vi\u00a0skrivit om\u00a0flyktingar tidigare, men som l\u00e4get \u00e4r nu kan vi helt enkelt inte\u00a0l\u00e5ta bli att\u00a0lyfta situationen igen, denna g\u00e5ng med fokus p\u00e5 alla ensamkommande barn och ungdomar som lever under enorm press i v\u00e4ntan p\u00e5 eventuell avvisning och \u00e5terresa. Maila g\u00e4rna tankar och ber\u00e4ttelser till diakoni.se@gmail.com. \/Karin &amp; Lotta<\/p>\n","protected":false},"excerpt":{"rendered":"<p>Den fr\u00e5gan fick jag en vanlig m\u00e5ndagskv\u00e4ll n\u00e4r jag satt i soffan och tittade p\u00e5 tv. Det k\u00e4ndes som en kall hand kramade mitt hj\u00e4rta. &#8211; D\u00e5 ska vi \u00f6verklaga en g\u00e5ng till, s\u00e4ger jag och f\u00f6rs\u00f6ker l\u00e5ta hoppfull fast jag sj\u00e4lv \u00e4r s\u00e5 r\u00e4dd f\u00f6r den dagen avslaget kommer. N\u00e4sta fr\u00e5ga var: -Hur ska [&hellip;]<\/p>\n","protected":false},"author":776,"featured_media":0,"comment_status":"open","ping_status":"open","sticky":false,"template":"","format":"standard","meta":{"_acf_changed":false,"footnotes":""},"categories":[23301,23302,23310],"tags":[23870,23873],"class_list":["post-6195","post","type-post","status-publish","format-standard","hentry","category-diakonalt-arbete","category-diakoni","category-flyktingar","tag-ensamkommande","tag-ensamkommande-flyktingbarn"],"acf":[],"yoast_head":"<!-- This site is optimized with the Yoast SEO plugin v27.1.1 - https:\/\/yoast.com\/product\/yoast-seo-wordpress\/ -->\n<title>- Mamma, vad ska jag g\u00f6ra n\u00e4r mitt andra avslag kommer? - Diakonibloggen<\/title>\n<meta name=\"robots\" content=\"index, follow, max-snippet:-1, max-image-preview:large, max-video-preview:-1\" \/>\n<link rel=\"canonical\" href=\"https:\/\/blogg.svenskakyrkan.se\/diakonibloggen\/2017\/12\/17\/mamma-vad-ska-jag-gora-nar-mitt-andra-avslag-kommer\/\" \/>\n<meta property=\"og:locale\" content=\"sv_SE\" \/>\n<meta property=\"og:type\" content=\"article\" \/>\n<meta property=\"og:title\" content=\"- Mamma, vad ska jag g\u00f6ra n\u00e4r mitt andra avslag kommer? - Diakonibloggen\" \/>\n<meta property=\"og:description\" content=\"Den fr\u00e5gan fick jag en vanlig m\u00e5ndagskv\u00e4ll n\u00e4r jag satt i soffan och tittade p\u00e5 tv. Det k\u00e4ndes som en kall hand kramade mitt hj\u00e4rta. &#8211; D\u00e5 ska vi \u00f6verklaga en g\u00e5ng till, s\u00e4ger jag och f\u00f6rs\u00f6ker l\u00e5ta hoppfull fast jag sj\u00e4lv \u00e4r s\u00e5 r\u00e4dd f\u00f6r den dagen avslaget kommer. N\u00e4sta fr\u00e5ga var: -Hur ska [&hellip;]\" \/>\n<meta property=\"og:url\" content=\"https:\/\/blogg.svenskakyrkan.se\/diakonibloggen\/2017\/12\/17\/mamma-vad-ska-jag-gora-nar-mitt-andra-avslag-kommer\/\" \/>\n<meta property=\"og:site_name\" content=\"Diakonibloggen\" \/>\n<meta property=\"article:published_time\" content=\"2017-12-17T15:01:07+00:00\" \/>\n<meta property=\"article:modified_time\" content=\"2020-12-17T15:16:39+00:00\" \/>\n<meta property=\"og:image\" content=\"http:\/\/blogg.svenskakyrkan.se\/diakonibloggen\/files\/2017\/11\/ris2010kg.jpg?w=181\" \/>\n<meta name=\"author\" content=\"diakonibloggen\" \/>\n<meta name=\"twitter:card\" content=\"summary_large_image\" \/>\n<meta name=\"twitter:label1\" content=\"Skriven av\" \/>\n\t<meta name=\"twitter:data1\" content=\"diakonibloggen\" \/>\n\t<meta name=\"twitter:label2\" content=\"Ber\u00e4knad l\u00e4stid\" \/>\n\t<meta name=\"twitter:data2\" content=\"3 minuter\" \/>\n<script type=\"application\/ld+json\" class=\"yoast-schema-graph\">{\"@context\":\"https:\/\/schema.org\",\"@graph\":[{\"@type\":\"Article\",\"@id\":\"https:\/\/blogg.svenskakyrkan.se\/diakonibloggen\/2017\/12\/17\/mamma-vad-ska-jag-gora-nar-mitt-andra-avslag-kommer\/#article\",\"isPartOf\":{\"@id\":\"https:\/\/blogg.svenskakyrkan.se\/diakonibloggen\/2017\/12\/17\/mamma-vad-ska-jag-gora-nar-mitt-andra-avslag-kommer\/\"},\"author\":{\"name\":\"diakonibloggen\",\"@id\":\"https:\/\/blogg.svenskakyrkan.se\/diakonibloggen\/#\/schema\/person\/8f6a6fe8efab23c141c7e274fec6405f\"},\"headline\":\"&#8211; Mamma, vad ska jag g\u00f6ra n\u00e4r mitt andra avslag kommer?\",\"datePublished\":\"2017-12-17T15:01:07+00:00\",\"dateModified\":\"2020-12-17T15:16:39+00:00\",\"mainEntityOfPage\":{\"@id\":\"https:\/\/blogg.svenskakyrkan.se\/diakonibloggen\/2017\/12\/17\/mamma-vad-ska-jag-gora-nar-mitt-andra-avslag-kommer\/\"},\"wordCount\":622,\"commentCount\":0,\"image\":{\"@id\":\"https:\/\/blogg.svenskakyrkan.se\/diakonibloggen\/2017\/12\/17\/mamma-vad-ska-jag-gora-nar-mitt-andra-avslag-kommer\/#primaryimage\"},\"thumbnailUrl\":\"http:\/\/blogg.svenskakyrkan.se\/diakonibloggen\/files\/2017\/11\/ris2010kg.jpg?w=181\",\"keywords\":[\"ensamkommande\",\"ensamkommande flyktingbarn\"],\"articleSection\":[\"Diakonalt arbete\",\"diakoni\",\"flyktingar\"],\"inLanguage\":\"sv-SE\",\"potentialAction\":[{\"@type\":\"CommentAction\",\"name\":\"Comment\",\"target\":[\"https:\/\/blogg.svenskakyrkan.se\/diakonibloggen\/2017\/12\/17\/mamma-vad-ska-jag-gora-nar-mitt-andra-avslag-kommer\/#respond\"]}]},{\"@type\":\"WebPage\",\"@id\":\"https:\/\/blogg.svenskakyrkan.se\/diakonibloggen\/2017\/12\/17\/mamma-vad-ska-jag-gora-nar-mitt-andra-avslag-kommer\/\",\"url\":\"https:\/\/blogg.svenskakyrkan.se\/diakonibloggen\/2017\/12\/17\/mamma-vad-ska-jag-gora-nar-mitt-andra-avslag-kommer\/\",\"name\":\"- Mamma, vad ska jag g\u00f6ra n\u00e4r mitt andra avslag kommer? - Diakonibloggen\",\"isPartOf\":{\"@id\":\"https:\/\/blogg.svenskakyrkan.se\/diakonibloggen\/#website\"},\"primaryImageOfPage\":{\"@id\":\"https:\/\/blogg.svenskakyrkan.se\/diakonibloggen\/2017\/12\/17\/mamma-vad-ska-jag-gora-nar-mitt-andra-avslag-kommer\/#primaryimage\"},\"image\":{\"@id\":\"https:\/\/blogg.svenskakyrkan.se\/diakonibloggen\/2017\/12\/17\/mamma-vad-ska-jag-gora-nar-mitt-andra-avslag-kommer\/#primaryimage\"},\"thumbnailUrl\":\"http:\/\/blogg.svenskakyrkan.se\/diakonibloggen\/files\/2017\/11\/ris2010kg.jpg?w=181\",\"datePublished\":\"2017-12-17T15:01:07+00:00\",\"dateModified\":\"2020-12-17T15:16:39+00:00\",\"author\":{\"@id\":\"https:\/\/blogg.svenskakyrkan.se\/diakonibloggen\/#\/schema\/person\/8f6a6fe8efab23c141c7e274fec6405f\"},\"breadcrumb\":{\"@id\":\"https:\/\/blogg.svenskakyrkan.se\/diakonibloggen\/2017\/12\/17\/mamma-vad-ska-jag-gora-nar-mitt-andra-avslag-kommer\/#breadcrumb\"},\"inLanguage\":\"sv-SE\",\"potentialAction\":[{\"@type\":\"ReadAction\",\"target\":[\"https:\/\/blogg.svenskakyrkan.se\/diakonibloggen\/2017\/12\/17\/mamma-vad-ska-jag-gora-nar-mitt-andra-avslag-kommer\/\"]}]},{\"@type\":\"ImageObject\",\"inLanguage\":\"sv-SE\",\"@id\":\"https:\/\/blogg.svenskakyrkan.se\/diakonibloggen\/2017\/12\/17\/mamma-vad-ska-jag-gora-nar-mitt-andra-avslag-kommer\/#primaryimage\",\"url\":\"http:\/\/blogg.svenskakyrkan.se\/diakonibloggen\/files\/2017\/11\/ris2010kg.jpg?w=181\",\"contentUrl\":\"http:\/\/blogg.svenskakyrkan.se\/diakonibloggen\/files\/2017\/11\/ris2010kg.jpg?w=181\"},{\"@type\":\"BreadcrumbList\",\"@id\":\"https:\/\/blogg.svenskakyrkan.se\/diakonibloggen\/2017\/12\/17\/mamma-vad-ska-jag-gora-nar-mitt-andra-avslag-kommer\/#breadcrumb\",\"itemListElement\":[{\"@type\":\"ListItem\",\"position\":1,\"name\":\"Hem\",\"item\":\"https:\/\/blogg.svenskakyrkan.se\/diakonibloggen\/\"},{\"@type\":\"ListItem\",\"position\":2,\"name\":\"&#8211; Mamma, vad ska jag g\u00f6ra n\u00e4r mitt andra avslag kommer?\"}]},{\"@type\":\"WebSite\",\"@id\":\"https:\/\/blogg.svenskakyrkan.se\/diakonibloggen\/#website\",\"url\":\"https:\/\/blogg.svenskakyrkan.se\/diakonibloggen\/\",\"name\":\"Diakonibloggen\",\"description\":\"Vi lyfter fram, hyllar, diskuterar och inspirerar till diakonalt arbete inom och utanf\u00f6r Svenska kyrkans ramar.\",\"potentialAction\":[{\"@type\":\"SearchAction\",\"target\":{\"@type\":\"EntryPoint\",\"urlTemplate\":\"https:\/\/blogg.svenskakyrkan.se\/diakonibloggen\/?s={search_term_string}\"},\"query-input\":{\"@type\":\"PropertyValueSpecification\",\"valueRequired\":true,\"valueName\":\"search_term_string\"}}],\"inLanguage\":\"sv-SE\"},{\"@type\":\"Person\",\"@id\":\"https:\/\/blogg.svenskakyrkan.se\/diakonibloggen\/#\/schema\/person\/8f6a6fe8efab23c141c7e274fec6405f\",\"name\":\"diakonibloggen\",\"image\":{\"@type\":\"ImageObject\",\"inLanguage\":\"sv-SE\",\"@id\":\"https:\/\/blogg.svenskakyrkan.se\/diakonibloggen\/#\/schema\/person\/image\/\",\"url\":\"https:\/\/secure.gravatar.com\/avatar\/95c0ca86fd13e3d8c1b7b7e9864c9a2ccb7b48c6f756a3b5447bcc13dd630488?s=96&d=mm&r=g\",\"contentUrl\":\"https:\/\/secure.gravatar.com\/avatar\/95c0ca86fd13e3d8c1b7b7e9864c9a2ccb7b48c6f756a3b5447bcc13dd630488?s=96&d=mm&r=g\",\"caption\":\"diakonibloggen\"},\"url\":\"https:\/\/blogg.svenskakyrkan.se\/diakonibloggen\/author\/diakonibloggen\/\"}]}<\/script>\n<!-- \/ Yoast SEO plugin. -->","yoast_head_json":{"title":"- Mamma, vad ska jag g\u00f6ra n\u00e4r mitt andra avslag kommer? - Diakonibloggen","robots":{"index":"index","follow":"follow","max-snippet":"max-snippet:-1","max-image-preview":"max-image-preview:large","max-video-preview":"max-video-preview:-1"},"canonical":"https:\/\/blogg.svenskakyrkan.se\/diakonibloggen\/2017\/12\/17\/mamma-vad-ska-jag-gora-nar-mitt-andra-avslag-kommer\/","og_locale":"sv_SE","og_type":"article","og_title":"- Mamma, vad ska jag g\u00f6ra n\u00e4r mitt andra avslag kommer? - Diakonibloggen","og_description":"Den fr\u00e5gan fick jag en vanlig m\u00e5ndagskv\u00e4ll n\u00e4r jag satt i soffan och tittade p\u00e5 tv. Det k\u00e4ndes som en kall hand kramade mitt hj\u00e4rta. &#8211; D\u00e5 ska vi \u00f6verklaga en g\u00e5ng till, s\u00e4ger jag och f\u00f6rs\u00f6ker l\u00e5ta hoppfull fast jag sj\u00e4lv \u00e4r s\u00e5 r\u00e4dd f\u00f6r den dagen avslaget kommer. N\u00e4sta fr\u00e5ga var: -Hur ska [&hellip;]","og_url":"https:\/\/blogg.svenskakyrkan.se\/diakonibloggen\/2017\/12\/17\/mamma-vad-ska-jag-gora-nar-mitt-andra-avslag-kommer\/","og_site_name":"Diakonibloggen","article_published_time":"2017-12-17T15:01:07+00:00","article_modified_time":"2020-12-17T15:16:39+00:00","og_image":[{"url":"http:\/\/blogg.svenskakyrkan.se\/diakonibloggen\/files\/2017\/11\/ris2010kg.jpg?w=181","type":"","width":"","height":""}],"author":"diakonibloggen","twitter_card":"summary_large_image","twitter_misc":{"Skriven av":"diakonibloggen","Ber\u00e4knad l\u00e4stid":"3 minuter"},"schema":{"@context":"https:\/\/schema.org","@graph":[{"@type":"Article","@id":"https:\/\/blogg.svenskakyrkan.se\/diakonibloggen\/2017\/12\/17\/mamma-vad-ska-jag-gora-nar-mitt-andra-avslag-kommer\/#article","isPartOf":{"@id":"https:\/\/blogg.svenskakyrkan.se\/diakonibloggen\/2017\/12\/17\/mamma-vad-ska-jag-gora-nar-mitt-andra-avslag-kommer\/"},"author":{"name":"diakonibloggen","@id":"https:\/\/blogg.svenskakyrkan.se\/diakonibloggen\/#\/schema\/person\/8f6a6fe8efab23c141c7e274fec6405f"},"headline":"&#8211; Mamma, vad ska jag g\u00f6ra n\u00e4r mitt andra avslag kommer?","datePublished":"2017-12-17T15:01:07+00:00","dateModified":"2020-12-17T15:16:39+00:00","mainEntityOfPage":{"@id":"https:\/\/blogg.svenskakyrkan.se\/diakonibloggen\/2017\/12\/17\/mamma-vad-ska-jag-gora-nar-mitt-andra-avslag-kommer\/"},"wordCount":622,"commentCount":0,"image":{"@id":"https:\/\/blogg.svenskakyrkan.se\/diakonibloggen\/2017\/12\/17\/mamma-vad-ska-jag-gora-nar-mitt-andra-avslag-kommer\/#primaryimage"},"thumbnailUrl":"http:\/\/blogg.svenskakyrkan.se\/diakonibloggen\/files\/2017\/11\/ris2010kg.jpg?w=181","keywords":["ensamkommande","ensamkommande flyktingbarn"],"articleSection":["Diakonalt arbete","diakoni","flyktingar"],"inLanguage":"sv-SE","potentialAction":[{"@type":"CommentAction","name":"Comment","target":["https:\/\/blogg.svenskakyrkan.se\/diakonibloggen\/2017\/12\/17\/mamma-vad-ska-jag-gora-nar-mitt-andra-avslag-kommer\/#respond"]}]},{"@type":"WebPage","@id":"https:\/\/blogg.svenskakyrkan.se\/diakonibloggen\/2017\/12\/17\/mamma-vad-ska-jag-gora-nar-mitt-andra-avslag-kommer\/","url":"https:\/\/blogg.svenskakyrkan.se\/diakonibloggen\/2017\/12\/17\/mamma-vad-ska-jag-gora-nar-mitt-andra-avslag-kommer\/","name":"- Mamma, vad ska jag g\u00f6ra n\u00e4r mitt andra avslag kommer? - Diakonibloggen","isPartOf":{"@id":"https:\/\/blogg.svenskakyrkan.se\/diakonibloggen\/#website"},"primaryImageOfPage":{"@id":"https:\/\/blogg.svenskakyrkan.se\/diakonibloggen\/2017\/12\/17\/mamma-vad-ska-jag-gora-nar-mitt-andra-avslag-kommer\/#primaryimage"},"image":{"@id":"https:\/\/blogg.svenskakyrkan.se\/diakonibloggen\/2017\/12\/17\/mamma-vad-ska-jag-gora-nar-mitt-andra-avslag-kommer\/#primaryimage"},"thumbnailUrl":"http:\/\/blogg.svenskakyrkan.se\/diakonibloggen\/files\/2017\/11\/ris2010kg.jpg?w=181","datePublished":"2017-12-17T15:01:07+00:00","dateModified":"2020-12-17T15:16:39+00:00","author":{"@id":"https:\/\/blogg.svenskakyrkan.se\/diakonibloggen\/#\/schema\/person\/8f6a6fe8efab23c141c7e274fec6405f"},"breadcrumb":{"@id":"https:\/\/blogg.svenskakyrkan.se\/diakonibloggen\/2017\/12\/17\/mamma-vad-ska-jag-gora-nar-mitt-andra-avslag-kommer\/#breadcrumb"},"inLanguage":"sv-SE","potentialAction":[{"@type":"ReadAction","target":["https:\/\/blogg.svenskakyrkan.se\/diakonibloggen\/2017\/12\/17\/mamma-vad-ska-jag-gora-nar-mitt-andra-avslag-kommer\/"]}]},{"@type":"ImageObject","inLanguage":"sv-SE","@id":"https:\/\/blogg.svenskakyrkan.se\/diakonibloggen\/2017\/12\/17\/mamma-vad-ska-jag-gora-nar-mitt-andra-avslag-kommer\/#primaryimage","url":"http:\/\/blogg.svenskakyrkan.se\/diakonibloggen\/files\/2017\/11\/ris2010kg.jpg?w=181","contentUrl":"http:\/\/blogg.svenskakyrkan.se\/diakonibloggen\/files\/2017\/11\/ris2010kg.jpg?w=181"},{"@type":"BreadcrumbList","@id":"https:\/\/blogg.svenskakyrkan.se\/diakonibloggen\/2017\/12\/17\/mamma-vad-ska-jag-gora-nar-mitt-andra-avslag-kommer\/#breadcrumb","itemListElement":[{"@type":"ListItem","position":1,"name":"Hem","item":"https:\/\/blogg.svenskakyrkan.se\/diakonibloggen\/"},{"@type":"ListItem","position":2,"name":"&#8211; Mamma, vad ska jag g\u00f6ra n\u00e4r mitt andra avslag kommer?"}]},{"@type":"WebSite","@id":"https:\/\/blogg.svenskakyrkan.se\/diakonibloggen\/#website","url":"https:\/\/blogg.svenskakyrkan.se\/diakonibloggen\/","name":"Diakonibloggen","description":"Vi lyfter fram, hyllar, diskuterar och inspirerar till diakonalt arbete inom och utanf\u00f6r Svenska kyrkans ramar.","potentialAction":[{"@type":"SearchAction","target":{"@type":"EntryPoint","urlTemplate":"https:\/\/blogg.svenskakyrkan.se\/diakonibloggen\/?s={search_term_string}"},"query-input":{"@type":"PropertyValueSpecification","valueRequired":true,"valueName":"search_term_string"}}],"inLanguage":"sv-SE"},{"@type":"Person","@id":"https:\/\/blogg.svenskakyrkan.se\/diakonibloggen\/#\/schema\/person\/8f6a6fe8efab23c141c7e274fec6405f","name":"diakonibloggen","image":{"@type":"ImageObject","inLanguage":"sv-SE","@id":"https:\/\/blogg.svenskakyrkan.se\/diakonibloggen\/#\/schema\/person\/image\/","url":"https:\/\/secure.gravatar.com\/avatar\/95c0ca86fd13e3d8c1b7b7e9864c9a2ccb7b48c6f756a3b5447bcc13dd630488?s=96&d=mm&r=g","contentUrl":"https:\/\/secure.gravatar.com\/avatar\/95c0ca86fd13e3d8c1b7b7e9864c9a2ccb7b48c6f756a3b5447bcc13dd630488?s=96&d=mm&r=g","caption":"diakonibloggen"},"url":"https:\/\/blogg.svenskakyrkan.se\/diakonibloggen\/author\/diakonibloggen\/"}]}},"author_meta":{"ID":"776","user_nicename":"diakonibloggen","user_registered":"2020-12-17 14:50:06","display_name":"diakonibloggen","avatar":"https:\/\/blogg.svenskakyrkan.se\/diakonibloggen\/files\/2021\/02\/Sk\u00e4rmavbild-2019-04-12-kl.-14.20.54-150x150.png"},"featured_image":false,"bloginfo":{"name":"Diakonibloggen","url":"https:\/\/blogg.svenskakyrkan.se\/diakonibloggen"},"_links":{"self":[{"href":"https:\/\/blogg.svenskakyrkan.se\/diakonibloggen\/wp-json\/wp\/v2\/posts\/6195","targetHints":{"allow":["GET"]}}],"collection":[{"href":"https:\/\/blogg.svenskakyrkan.se\/diakonibloggen\/wp-json\/wp\/v2\/posts"}],"about":[{"href":"https:\/\/blogg.svenskakyrkan.se\/diakonibloggen\/wp-json\/wp\/v2\/types\/post"}],"author":[{"embeddable":true,"href":"https:\/\/blogg.svenskakyrkan.se\/diakonibloggen\/wp-json\/wp\/v2\/users\/776"}],"replies":[{"embeddable":true,"href":"https:\/\/blogg.svenskakyrkan.se\/diakonibloggen\/wp-json\/wp\/v2\/comments?post=6195"}],"version-history":[{"count":1,"href":"https:\/\/blogg.svenskakyrkan.se\/diakonibloggen\/wp-json\/wp\/v2\/posts\/6195\/revisions"}],"predecessor-version":[{"id":8383,"href":"https:\/\/blogg.svenskakyrkan.se\/diakonibloggen\/wp-json\/wp\/v2\/posts\/6195\/revisions\/8383"}],"wp:attachment":[{"href":"https:\/\/blogg.svenskakyrkan.se\/diakonibloggen\/wp-json\/wp\/v2\/media?parent=6195"}],"wp:term":[{"taxonomy":"category","embeddable":true,"href":"https:\/\/blogg.svenskakyrkan.se\/diakonibloggen\/wp-json\/wp\/v2\/categories?post=6195"},{"taxonomy":"post_tag","embeddable":true,"href":"https:\/\/blogg.svenskakyrkan.se\/diakonibloggen\/wp-json\/wp\/v2\/tags?post=6195"}],"curies":[{"name":"wp","href":"https:\/\/api.w.org\/{rel}","templated":true}]}}