{"id":6222,"date":"2017-12-05T12:00:11","date_gmt":"2017-12-05T12:00:11","guid":{"rendered":"http:\/\/diakonibloggen.com\/?p=6222"},"modified":"2020-12-17T15:16:39","modified_gmt":"2020-12-17T15:16:39","slug":"5-i-12-en-appell","status":"publish","type":"post","link":"https:\/\/blogg.svenskakyrkan.se\/diakonibloggen\/2017\/12\/05\/5-i-12-en-appell\/","title":{"rendered":"5 i 12 &#8211; en appell"},"content":{"rendered":"<p>Kl 5 i 12 den 5 december landet \u00f6ver samlas vi p\u00e5 olika platser f\u00f6r att manifestera f\u00f6r m\u00e4nniskors lika v\u00e4rde och mot fr\u00e4mlingsfientlighet och rasism.\u00a0Och v\u00e5ra r\u00f6ster beh\u00f6ver h\u00f6jas!<\/p>\n<p><strong>Men mamma \u2013 \u00e4r det fred i Syrien nu? Det kommer ju inte s\u00e5 m\u00e5nga flyktingar l\u00e4ngre\u2026 <\/strong>Fr\u00e5gan st\u00e4lldes av v\u00e5r kollegas barn till henne en sen kv\u00e4ll f\u00f6r ett tag sedan, och vad svarar en p\u00e5 det? Det \u00e4r inte enkelt att p\u00e5 ett pedagogiskt s\u00e4tt f\u00f6rklara det som h\u00e4nt i landet Sverige sen h\u00f6sten 2015. Bilden av den lille drunknade pojken Alan Kurdi v\u00e4ckte v\u00e5rt medlidande och v\u00e5rt kall till medm\u00e4nsklighet. Men hur m\u00e5nga minns bilden idag?<\/p>\n<p>H\u00f6sten 2015 stod medm\u00e4nskligheten h\u00f6gt p\u00e5 agendan; allt fr\u00e5n att \u00f6ppna f\u00f6rsamlingshem, idrottshallar, ja, till och med gamla bilf\u00f6rs\u00e4ljningslokaler f\u00f6r att erbjuda flyende m\u00e4nniskor tak \u00f6ver huvudet \u2013 allt i en anda av att v\u00e4rna medm\u00e4nsklighet, att v\u00e4rna hopp och att p\u00e5 n\u00e5got s\u00e4tt milda och lindra. Fr\u00e5n denna inst\u00e4llning till att f\u00f6rklara gr\u00e4nsvakter, begr\u00e4nsningar, tillf\u00e4lliga uppeh\u00e5llstillst\u00e5nd och nu avvisningar eller hemresa\u2026<\/p>\n<p>Vi uttrycker oss ofta; \u201dde som kommer m\u00e5ste integreras\u201d men svaret \u00e4r egentligen att vi m\u00e5ste integreras med varandra. Vi ska leva tillsammans. Vi l\u00e4r av varandra och vi hj\u00e4lper varandra. T\u00e4nk om vi kunde vidareutveckla begreppet integrering till att handla om inkludering, som textraden i l\u00e5ten nedan (skriven av Axel Dahlin, kyrkomusiker) &#8221;<em>Att m\u00f6ta en fr\u00e4mling som en v\u00e4n&#8221;<\/em>:<\/p>\n<p><a href=\"http:\/\/diakonibloggen.com\/2017\/12\/05\/5-i-12-en-appell\/war-929109_1920\/\" rel=\"attachment wp-att-6223\"><img loading=\"lazy\" decoding=\"async\" class=\"alignleft size-thumbnail wp-image-6223\" src=\"http:\/\/blogg.svenskakyrkan.se\/diakonibloggen\/files\/2017\/11\/war-929109_1920.jpg?w=250\" alt=\"\" width=\"250\" height=\"200\" srcset=\"https:\/\/blogg.svenskakyrkan.se\/diakonibloggen\/files\/2017\/11\/war-929109_1920.jpg 1920w, https:\/\/blogg.svenskakyrkan.se\/diakonibloggen\/files\/2017\/11\/war-929109_1920-300x240.jpg 300w, https:\/\/blogg.svenskakyrkan.se\/diakonibloggen\/files\/2017\/11\/war-929109_1920-1024x819.jpg 1024w, https:\/\/blogg.svenskakyrkan.se\/diakonibloggen\/files\/2017\/11\/war-929109_1920-768x614.jpg 768w, https:\/\/blogg.svenskakyrkan.se\/diakonibloggen\/files\/2017\/11\/war-929109_1920-1536x1229.jpg 1536w, https:\/\/blogg.svenskakyrkan.se\/diakonibloggen\/files\/2017\/11\/war-929109_1920-1200x960.jpg 1200w\" sizes=\"auto, (max-width: 250px) 100vw, 250px\" \/><\/a><em><br \/>\n<\/em><em>T\u00e4nk om livet faller samman d\u00e4r du st\u00e5r,<br \/>\n<\/em><em>T\u00e4nk om allt det som var tryggt pl\u00f6tsligt f\u00f6rg\u00e5r<br \/>\n<\/em><em>Och du m\u00e5ste be om hj\u00e4lp ur ok\u00e4nd hand<br \/>\n<\/em><em>I ett rikt men kallt, av sn\u00e5lbl\u00e5st pr\u00e4glat, land<br \/>\n<\/em><em>Var finns hoppet, vad blir r\u00e4ddningen f\u00f6r dig<br \/>\n<\/em><em>Om jag ser dig som n\u00e5t v\u00e4sensskilt fr\u00e5n mig<br \/>\n<\/em><em>Var finns mod nog att m\u00f6ta en fr\u00e4mling som en v\u00e4n<br \/>\n<\/em><em>I ett rikt men kallt, av sn\u00e5lbl\u00e5st pr\u00e4glat land.<\/em><\/p>\n<p><em>\u00a0<\/em>Det \u00e4r v\u00e5r f\u00f6rhoppning\u00a0att vi nu och fram\u00f6ver kan f\u00e5 fokusera mer p\u00e5 inkludering \u00e4n p\u00e5 integrering och inte gl\u00f6mma att i v\u00e5rt ansvar som medm\u00e4nniskor finns omsorg och v\u00e4rme men ocks\u00e5 mod att v\u00e5ga protestera, mod att v\u00e5ga lyfta r\u00f6sten f\u00f6r att medm\u00e4nskligheten aldrig ska f\u00e5 en f\u00f6rminskad plats. F\u00f6r det som \u00e4r m\u00e4nniskors n\u00f6d \u00e4r kyrkans n\u00f6d.<\/p>\n<p>Idag vill vi s\u00e4rskilt lyfta upp de ensamkommande situation som blivit mer och mer akut.\u00a0Biskop Fredrik Mod\u00e9us skriver \u201d&#8230;detta att vara ensam och att vara barn \u00e4r att vara dubbelt utsatt. Att som ensamt barn riskera att skickas till ett land man aldrig bes\u00f6kt, d\u00e4r relationer saknas och d\u00e4r man dagligen riskerar livet, \u00e4r ett helvete p\u00e5 jorden. Att hela situationen dessutom uppkommit p\u00e5 grund av formellt myndighetstrassel \u00e4r direkt ov\u00e4rdigt. Vi \u00e4r m\u00e5nga som vet att det runt om i v\u00e5rt land finns m\u00e4ngder av socialt arbetande m\u00e4nniskor som, utifr\u00e5n stor kunskap om hur verkligheten ser ut, med enad st\u00e4mma s\u00e4ger: det h\u00e4r g\u00e5r inte l\u00e4ngre, <strong>vi st\u00e5r helt enkelt inte ut<\/strong><strong>.<\/strong>\u201d<\/p>\n<p>R\u00e4dda Barnen och Svenska kyrkan har i ett brev till migrationsministern framf\u00f6rt gemensamma krav f\u00f6r att hitta en l\u00f6sning f\u00f6r ensamkommande barn och ungas situation. Vi anar en liten ljusglimt i den nya \u00f6verenskommelsen som kom f\u00f6rra veckan ang\u00e5ende asyls\u00f6kande barn och gymnasiestudier. Lagf\u00f6rslaget tr\u00e4der i kraft f\u00f6rst i juni 2018. Det finns uppgifter om att det redan 11 december, allts\u00e5 n\u00e4sta vecka, kommer att flyga ett chartrat plan till Afghanistan med ungdomar som utvisats. Om lagen ska ha trov\u00e4rdighet och ta ungas situation p\u00e5 allvar m\u00e5ste det bli ett moratorium vilket inneb\u00e4r ett stopp p\u00e5 alla utvisningar till dess att lagen tr\u00e4der i kraft.<\/p>\n<p>L\u00e5t v\u00e5ra r\u00f6ster forts\u00e4tta att h\u00f6ras s\u00e5 vi tillsammans kan k\u00e4mpa f\u00f6r ett land och ett samh\u00e4lle som genomsyras av medm\u00e4nsklighet d\u00e4r vi m\u00f6ter andra som vi sj\u00e4lva vill bli bem\u00f6tta.<\/p>\n<p>Karin Ahlqvist och Monica S\u00f6lvesdotter Ohlsson<br \/>\nstiftsdiakoner i V\u00e4xj\u00f6<\/p>\n<p>P\u00e5 Diakonibloggen har vi\u00a0skrivit om\u00a0flyktingar tidigare, men som l\u00e4get \u00e4r nu kan vi helt enkelt inte\u00a0l\u00e5ta bli att\u00a0lyfta situationen igen, denna g\u00e5ng med fokus p\u00e5 alla ensamkommande barn och ungdomar som lever under enorm press i v\u00e4ntan p\u00e5 eventuell avvisning och \u00e5terresa. Maila g\u00e4rna tankar och ber\u00e4ttelser till diakoni.se@gmail.com.<\/p>\n<p>&nbsp;<\/p>\n<p>&nbsp;<\/p>\n<p>&nbsp;<\/p>\n","protected":false},"excerpt":{"rendered":"<p>Kl 5 i 12 den 5 december landet \u00f6ver samlas vi p\u00e5 olika platser f\u00f6r att manifestera f\u00f6r m\u00e4nniskors lika v\u00e4rde och mot fr\u00e4mlingsfientlighet och rasism.\u00a0Och v\u00e5ra r\u00f6ster beh\u00f6ver h\u00f6jas! Men mamma \u2013 \u00e4r det fred i Syrien nu? Det kommer ju inte s\u00e5 m\u00e5nga flyktingar l\u00e4ngre\u2026 Fr\u00e5gan st\u00e4lldes av v\u00e5r kollegas barn till henne [&hellip;]<\/p>\n","protected":false},"author":776,"featured_media":0,"comment_status":"open","ping_status":"open","sticky":false,"template":"","format":"standard","meta":{"_acf_changed":false,"footnotes":""},"categories":[23301,23302,23310,23315],"tags":[23382,23870,23873],"class_list":["post-6222","post","type-post","status-publish","format-standard","hentry","category-diakonalt-arbete","category-diakoni","category-flyktingar","category-integration","tag-5i12","tag-ensamkommande","tag-ensamkommande-flyktingbarn"],"acf":[],"yoast_head":"<!-- This site is optimized with the Yoast SEO plugin v27.1.1 - https:\/\/yoast.com\/product\/yoast-seo-wordpress\/ -->\n<title>5 i 12 - en appell - Diakonibloggen<\/title>\n<meta name=\"robots\" content=\"index, follow, max-snippet:-1, max-image-preview:large, max-video-preview:-1\" \/>\n<link rel=\"canonical\" href=\"https:\/\/blogg.svenskakyrkan.se\/diakonibloggen\/2017\/12\/05\/5-i-12-en-appell\/\" \/>\n<meta property=\"og:locale\" content=\"sv_SE\" \/>\n<meta property=\"og:type\" content=\"article\" \/>\n<meta property=\"og:title\" content=\"5 i 12 - en appell - Diakonibloggen\" \/>\n<meta property=\"og:description\" content=\"Kl 5 i 12 den 5 december landet \u00f6ver samlas vi p\u00e5 olika platser f\u00f6r att manifestera f\u00f6r m\u00e4nniskors lika v\u00e4rde och mot fr\u00e4mlingsfientlighet och rasism.\u00a0Och v\u00e5ra r\u00f6ster beh\u00f6ver h\u00f6jas! Men mamma \u2013 \u00e4r det fred i Syrien nu? Det kommer ju inte s\u00e5 m\u00e5nga flyktingar l\u00e4ngre\u2026 Fr\u00e5gan st\u00e4lldes av v\u00e5r kollegas barn till henne [&hellip;]\" \/>\n<meta property=\"og:url\" content=\"https:\/\/blogg.svenskakyrkan.se\/diakonibloggen\/2017\/12\/05\/5-i-12-en-appell\/\" \/>\n<meta property=\"og:site_name\" content=\"Diakonibloggen\" \/>\n<meta property=\"article:published_time\" content=\"2017-12-05T12:00:11+00:00\" \/>\n<meta property=\"article:modified_time\" content=\"2020-12-17T15:16:39+00:00\" \/>\n<meta property=\"og:image\" content=\"http:\/\/blogg.svenskakyrkan.se\/diakonibloggen\/files\/2017\/11\/war-929109_1920.jpg?w=250\" \/>\n<meta name=\"author\" content=\"diakonibloggen\" \/>\n<meta name=\"twitter:card\" content=\"summary_large_image\" \/>\n<meta name=\"twitter:label1\" content=\"Skriven av\" \/>\n\t<meta name=\"twitter:data1\" content=\"diakonibloggen\" \/>\n\t<meta name=\"twitter:label2\" content=\"Ber\u00e4knad l\u00e4stid\" \/>\n\t<meta name=\"twitter:data2\" content=\"4 minuter\" \/>\n<script type=\"application\/ld+json\" class=\"yoast-schema-graph\">{\"@context\":\"https:\/\/schema.org\",\"@graph\":[{\"@type\":\"Article\",\"@id\":\"https:\/\/blogg.svenskakyrkan.se\/diakonibloggen\/2017\/12\/05\/5-i-12-en-appell\/#article\",\"isPartOf\":{\"@id\":\"https:\/\/blogg.svenskakyrkan.se\/diakonibloggen\/2017\/12\/05\/5-i-12-en-appell\/\"},\"author\":{\"name\":\"diakonibloggen\",\"@id\":\"https:\/\/blogg.svenskakyrkan.se\/diakonibloggen\/#\/schema\/person\/8f6a6fe8efab23c141c7e274fec6405f\"},\"headline\":\"5 i 12 &#8211; en appell\",\"datePublished\":\"2017-12-05T12:00:11+00:00\",\"dateModified\":\"2020-12-17T15:16:39+00:00\",\"mainEntityOfPage\":{\"@id\":\"https:\/\/blogg.svenskakyrkan.se\/diakonibloggen\/2017\/12\/05\/5-i-12-en-appell\/\"},\"wordCount\":828,\"commentCount\":0,\"image\":{\"@id\":\"https:\/\/blogg.svenskakyrkan.se\/diakonibloggen\/2017\/12\/05\/5-i-12-en-appell\/#primaryimage\"},\"thumbnailUrl\":\"http:\/\/blogg.svenskakyrkan.se\/diakonibloggen\/files\/2017\/11\/war-929109_1920.jpg?w=250\",\"keywords\":[\"5i12\",\"ensamkommande\",\"ensamkommande flyktingbarn\"],\"articleSection\":[\"Diakonalt arbete\",\"diakoni\",\"flyktingar\",\"Integration\"],\"inLanguage\":\"sv-SE\",\"potentialAction\":[{\"@type\":\"CommentAction\",\"name\":\"Comment\",\"target\":[\"https:\/\/blogg.svenskakyrkan.se\/diakonibloggen\/2017\/12\/05\/5-i-12-en-appell\/#respond\"]}]},{\"@type\":\"WebPage\",\"@id\":\"https:\/\/blogg.svenskakyrkan.se\/diakonibloggen\/2017\/12\/05\/5-i-12-en-appell\/\",\"url\":\"https:\/\/blogg.svenskakyrkan.se\/diakonibloggen\/2017\/12\/05\/5-i-12-en-appell\/\",\"name\":\"5 i 12 - en appell - Diakonibloggen\",\"isPartOf\":{\"@id\":\"https:\/\/blogg.svenskakyrkan.se\/diakonibloggen\/#website\"},\"primaryImageOfPage\":{\"@id\":\"https:\/\/blogg.svenskakyrkan.se\/diakonibloggen\/2017\/12\/05\/5-i-12-en-appell\/#primaryimage\"},\"image\":{\"@id\":\"https:\/\/blogg.svenskakyrkan.se\/diakonibloggen\/2017\/12\/05\/5-i-12-en-appell\/#primaryimage\"},\"thumbnailUrl\":\"http:\/\/blogg.svenskakyrkan.se\/diakonibloggen\/files\/2017\/11\/war-929109_1920.jpg?w=250\",\"datePublished\":\"2017-12-05T12:00:11+00:00\",\"dateModified\":\"2020-12-17T15:16:39+00:00\",\"author\":{\"@id\":\"https:\/\/blogg.svenskakyrkan.se\/diakonibloggen\/#\/schema\/person\/8f6a6fe8efab23c141c7e274fec6405f\"},\"breadcrumb\":{\"@id\":\"https:\/\/blogg.svenskakyrkan.se\/diakonibloggen\/2017\/12\/05\/5-i-12-en-appell\/#breadcrumb\"},\"inLanguage\":\"sv-SE\",\"potentialAction\":[{\"@type\":\"ReadAction\",\"target\":[\"https:\/\/blogg.svenskakyrkan.se\/diakonibloggen\/2017\/12\/05\/5-i-12-en-appell\/\"]}]},{\"@type\":\"ImageObject\",\"inLanguage\":\"sv-SE\",\"@id\":\"https:\/\/blogg.svenskakyrkan.se\/diakonibloggen\/2017\/12\/05\/5-i-12-en-appell\/#primaryimage\",\"url\":\"http:\/\/blogg.svenskakyrkan.se\/diakonibloggen\/files\/2017\/11\/war-929109_1920.jpg?w=250\",\"contentUrl\":\"http:\/\/blogg.svenskakyrkan.se\/diakonibloggen\/files\/2017\/11\/war-929109_1920.jpg?w=250\"},{\"@type\":\"BreadcrumbList\",\"@id\":\"https:\/\/blogg.svenskakyrkan.se\/diakonibloggen\/2017\/12\/05\/5-i-12-en-appell\/#breadcrumb\",\"itemListElement\":[{\"@type\":\"ListItem\",\"position\":1,\"name\":\"Hem\",\"item\":\"https:\/\/blogg.svenskakyrkan.se\/diakonibloggen\/\"},{\"@type\":\"ListItem\",\"position\":2,\"name\":\"5 i 12 &#8211; en appell\"}]},{\"@type\":\"WebSite\",\"@id\":\"https:\/\/blogg.svenskakyrkan.se\/diakonibloggen\/#website\",\"url\":\"https:\/\/blogg.svenskakyrkan.se\/diakonibloggen\/\",\"name\":\"Diakonibloggen\",\"description\":\"Vi lyfter fram, hyllar, diskuterar och inspirerar till diakonalt arbete inom och utanf\u00f6r Svenska kyrkans ramar.\",\"potentialAction\":[{\"@type\":\"SearchAction\",\"target\":{\"@type\":\"EntryPoint\",\"urlTemplate\":\"https:\/\/blogg.svenskakyrkan.se\/diakonibloggen\/?s={search_term_string}\"},\"query-input\":{\"@type\":\"PropertyValueSpecification\",\"valueRequired\":true,\"valueName\":\"search_term_string\"}}],\"inLanguage\":\"sv-SE\"},{\"@type\":\"Person\",\"@id\":\"https:\/\/blogg.svenskakyrkan.se\/diakonibloggen\/#\/schema\/person\/8f6a6fe8efab23c141c7e274fec6405f\",\"name\":\"diakonibloggen\",\"image\":{\"@type\":\"ImageObject\",\"inLanguage\":\"sv-SE\",\"@id\":\"https:\/\/blogg.svenskakyrkan.se\/diakonibloggen\/#\/schema\/person\/image\/\",\"url\":\"https:\/\/secure.gravatar.com\/avatar\/95c0ca86fd13e3d8c1b7b7e9864c9a2ccb7b48c6f756a3b5447bcc13dd630488?s=96&d=mm&r=g\",\"contentUrl\":\"https:\/\/secure.gravatar.com\/avatar\/95c0ca86fd13e3d8c1b7b7e9864c9a2ccb7b48c6f756a3b5447bcc13dd630488?s=96&d=mm&r=g\",\"caption\":\"diakonibloggen\"},\"url\":\"https:\/\/blogg.svenskakyrkan.se\/diakonibloggen\/author\/diakonibloggen\/\"}]}<\/script>\n<!-- \/ Yoast SEO plugin. -->","yoast_head_json":{"title":"5 i 12 - en appell - Diakonibloggen","robots":{"index":"index","follow":"follow","max-snippet":"max-snippet:-1","max-image-preview":"max-image-preview:large","max-video-preview":"max-video-preview:-1"},"canonical":"https:\/\/blogg.svenskakyrkan.se\/diakonibloggen\/2017\/12\/05\/5-i-12-en-appell\/","og_locale":"sv_SE","og_type":"article","og_title":"5 i 12 - en appell - Diakonibloggen","og_description":"Kl 5 i 12 den 5 december landet \u00f6ver samlas vi p\u00e5 olika platser f\u00f6r att manifestera f\u00f6r m\u00e4nniskors lika v\u00e4rde och mot fr\u00e4mlingsfientlighet och rasism.\u00a0Och v\u00e5ra r\u00f6ster beh\u00f6ver h\u00f6jas! Men mamma \u2013 \u00e4r det fred i Syrien nu? Det kommer ju inte s\u00e5 m\u00e5nga flyktingar l\u00e4ngre\u2026 Fr\u00e5gan st\u00e4lldes av v\u00e5r kollegas barn till henne [&hellip;]","og_url":"https:\/\/blogg.svenskakyrkan.se\/diakonibloggen\/2017\/12\/05\/5-i-12-en-appell\/","og_site_name":"Diakonibloggen","article_published_time":"2017-12-05T12:00:11+00:00","article_modified_time":"2020-12-17T15:16:39+00:00","og_image":[{"url":"http:\/\/blogg.svenskakyrkan.se\/diakonibloggen\/files\/2017\/11\/war-929109_1920.jpg?w=250","type":"","width":"","height":""}],"author":"diakonibloggen","twitter_card":"summary_large_image","twitter_misc":{"Skriven av":"diakonibloggen","Ber\u00e4knad l\u00e4stid":"4 minuter"},"schema":{"@context":"https:\/\/schema.org","@graph":[{"@type":"Article","@id":"https:\/\/blogg.svenskakyrkan.se\/diakonibloggen\/2017\/12\/05\/5-i-12-en-appell\/#article","isPartOf":{"@id":"https:\/\/blogg.svenskakyrkan.se\/diakonibloggen\/2017\/12\/05\/5-i-12-en-appell\/"},"author":{"name":"diakonibloggen","@id":"https:\/\/blogg.svenskakyrkan.se\/diakonibloggen\/#\/schema\/person\/8f6a6fe8efab23c141c7e274fec6405f"},"headline":"5 i 12 &#8211; en appell","datePublished":"2017-12-05T12:00:11+00:00","dateModified":"2020-12-17T15:16:39+00:00","mainEntityOfPage":{"@id":"https:\/\/blogg.svenskakyrkan.se\/diakonibloggen\/2017\/12\/05\/5-i-12-en-appell\/"},"wordCount":828,"commentCount":0,"image":{"@id":"https:\/\/blogg.svenskakyrkan.se\/diakonibloggen\/2017\/12\/05\/5-i-12-en-appell\/#primaryimage"},"thumbnailUrl":"http:\/\/blogg.svenskakyrkan.se\/diakonibloggen\/files\/2017\/11\/war-929109_1920.jpg?w=250","keywords":["5i12","ensamkommande","ensamkommande flyktingbarn"],"articleSection":["Diakonalt arbete","diakoni","flyktingar","Integration"],"inLanguage":"sv-SE","potentialAction":[{"@type":"CommentAction","name":"Comment","target":["https:\/\/blogg.svenskakyrkan.se\/diakonibloggen\/2017\/12\/05\/5-i-12-en-appell\/#respond"]}]},{"@type":"WebPage","@id":"https:\/\/blogg.svenskakyrkan.se\/diakonibloggen\/2017\/12\/05\/5-i-12-en-appell\/","url":"https:\/\/blogg.svenskakyrkan.se\/diakonibloggen\/2017\/12\/05\/5-i-12-en-appell\/","name":"5 i 12 - en appell - Diakonibloggen","isPartOf":{"@id":"https:\/\/blogg.svenskakyrkan.se\/diakonibloggen\/#website"},"primaryImageOfPage":{"@id":"https:\/\/blogg.svenskakyrkan.se\/diakonibloggen\/2017\/12\/05\/5-i-12-en-appell\/#primaryimage"},"image":{"@id":"https:\/\/blogg.svenskakyrkan.se\/diakonibloggen\/2017\/12\/05\/5-i-12-en-appell\/#primaryimage"},"thumbnailUrl":"http:\/\/blogg.svenskakyrkan.se\/diakonibloggen\/files\/2017\/11\/war-929109_1920.jpg?w=250","datePublished":"2017-12-05T12:00:11+00:00","dateModified":"2020-12-17T15:16:39+00:00","author":{"@id":"https:\/\/blogg.svenskakyrkan.se\/diakonibloggen\/#\/schema\/person\/8f6a6fe8efab23c141c7e274fec6405f"},"breadcrumb":{"@id":"https:\/\/blogg.svenskakyrkan.se\/diakonibloggen\/2017\/12\/05\/5-i-12-en-appell\/#breadcrumb"},"inLanguage":"sv-SE","potentialAction":[{"@type":"ReadAction","target":["https:\/\/blogg.svenskakyrkan.se\/diakonibloggen\/2017\/12\/05\/5-i-12-en-appell\/"]}]},{"@type":"ImageObject","inLanguage":"sv-SE","@id":"https:\/\/blogg.svenskakyrkan.se\/diakonibloggen\/2017\/12\/05\/5-i-12-en-appell\/#primaryimage","url":"http:\/\/blogg.svenskakyrkan.se\/diakonibloggen\/files\/2017\/11\/war-929109_1920.jpg?w=250","contentUrl":"http:\/\/blogg.svenskakyrkan.se\/diakonibloggen\/files\/2017\/11\/war-929109_1920.jpg?w=250"},{"@type":"BreadcrumbList","@id":"https:\/\/blogg.svenskakyrkan.se\/diakonibloggen\/2017\/12\/05\/5-i-12-en-appell\/#breadcrumb","itemListElement":[{"@type":"ListItem","position":1,"name":"Hem","item":"https:\/\/blogg.svenskakyrkan.se\/diakonibloggen\/"},{"@type":"ListItem","position":2,"name":"5 i 12 &#8211; en appell"}]},{"@type":"WebSite","@id":"https:\/\/blogg.svenskakyrkan.se\/diakonibloggen\/#website","url":"https:\/\/blogg.svenskakyrkan.se\/diakonibloggen\/","name":"Diakonibloggen","description":"Vi lyfter fram, hyllar, diskuterar och inspirerar till diakonalt arbete inom och utanf\u00f6r Svenska kyrkans ramar.","potentialAction":[{"@type":"SearchAction","target":{"@type":"EntryPoint","urlTemplate":"https:\/\/blogg.svenskakyrkan.se\/diakonibloggen\/?s={search_term_string}"},"query-input":{"@type":"PropertyValueSpecification","valueRequired":true,"valueName":"search_term_string"}}],"inLanguage":"sv-SE"},{"@type":"Person","@id":"https:\/\/blogg.svenskakyrkan.se\/diakonibloggen\/#\/schema\/person\/8f6a6fe8efab23c141c7e274fec6405f","name":"diakonibloggen","image":{"@type":"ImageObject","inLanguage":"sv-SE","@id":"https:\/\/blogg.svenskakyrkan.se\/diakonibloggen\/#\/schema\/person\/image\/","url":"https:\/\/secure.gravatar.com\/avatar\/95c0ca86fd13e3d8c1b7b7e9864c9a2ccb7b48c6f756a3b5447bcc13dd630488?s=96&d=mm&r=g","contentUrl":"https:\/\/secure.gravatar.com\/avatar\/95c0ca86fd13e3d8c1b7b7e9864c9a2ccb7b48c6f756a3b5447bcc13dd630488?s=96&d=mm&r=g","caption":"diakonibloggen"},"url":"https:\/\/blogg.svenskakyrkan.se\/diakonibloggen\/author\/diakonibloggen\/"}]}},"author_meta":{"ID":"776","user_nicename":"diakonibloggen","user_registered":"2020-12-17 14:50:06","display_name":"diakonibloggen","avatar":"https:\/\/blogg.svenskakyrkan.se\/diakonibloggen\/files\/2021\/02\/Sk\u00e4rmavbild-2019-04-12-kl.-14.20.54-150x150.png"},"featured_image":false,"bloginfo":{"name":"Diakonibloggen","url":"https:\/\/blogg.svenskakyrkan.se\/diakonibloggen"},"_links":{"self":[{"href":"https:\/\/blogg.svenskakyrkan.se\/diakonibloggen\/wp-json\/wp\/v2\/posts\/6222","targetHints":{"allow":["GET"]}}],"collection":[{"href":"https:\/\/blogg.svenskakyrkan.se\/diakonibloggen\/wp-json\/wp\/v2\/posts"}],"about":[{"href":"https:\/\/blogg.svenskakyrkan.se\/diakonibloggen\/wp-json\/wp\/v2\/types\/post"}],"author":[{"embeddable":true,"href":"https:\/\/blogg.svenskakyrkan.se\/diakonibloggen\/wp-json\/wp\/v2\/users\/776"}],"replies":[{"embeddable":true,"href":"https:\/\/blogg.svenskakyrkan.se\/diakonibloggen\/wp-json\/wp\/v2\/comments?post=6222"}],"version-history":[{"count":1,"href":"https:\/\/blogg.svenskakyrkan.se\/diakonibloggen\/wp-json\/wp\/v2\/posts\/6222\/revisions"}],"predecessor-version":[{"id":8385,"href":"https:\/\/blogg.svenskakyrkan.se\/diakonibloggen\/wp-json\/wp\/v2\/posts\/6222\/revisions\/8385"}],"wp:attachment":[{"href":"https:\/\/blogg.svenskakyrkan.se\/diakonibloggen\/wp-json\/wp\/v2\/media?parent=6222"}],"wp:term":[{"taxonomy":"category","embeddable":true,"href":"https:\/\/blogg.svenskakyrkan.se\/diakonibloggen\/wp-json\/wp\/v2\/categories?post=6222"},{"taxonomy":"post_tag","embeddable":true,"href":"https:\/\/blogg.svenskakyrkan.se\/diakonibloggen\/wp-json\/wp\/v2\/tags?post=6222"}],"curies":[{"name":"wp","href":"https:\/\/api.w.org\/{rel}","templated":true}]}}