{"id":6225,"date":"2017-11-28T10:24:50","date_gmt":"2017-11-28T10:24:50","guid":{"rendered":"http:\/\/diakonibloggen.com\/?p=6225"},"modified":"2020-12-17T15:16:39","modified_gmt":"2020-12-17T15:16:39","slug":"vi-star-fortfarande-inte-ut","status":"publish","type":"post","link":"https:\/\/blogg.svenskakyrkan.se\/diakonibloggen\/2017\/11\/28\/vi-star-fortfarande-inte-ut\/","title":{"rendered":"Vi st\u00e5r fortfarande inte ut"},"content":{"rendered":"<p>Ig\u00e5r kom regeringen med ett\u00a0f\u00f6rslag till\u00a0f\u00f6r\u00e4ndring i lagen om asyl f\u00f6r ensamkommande flyktingbarn.<\/p>\n<p><em>&#8221;Regeringen f\u00f6resl\u00e5r nu att fler av de ensamkommande som drabbats av de l\u00e5nga handl\u00e4ggningstiderna ska f\u00e5 en ny m\u00f6jlighet till uppeh\u00e5llstillst\u00e5nd f\u00f6r studier p\u00e5 gymnasial niv\u00e5. F\u00f6r\u00e4ndringarna g\u00f6rs inom gymnasiereglerna i den tillf\u00e4lliga lagen.<\/em><\/p>\n<p><em>De som ges nya m\u00f6jligheter till uppeh\u00e5llstillst\u00e5nd \u00e4r de ensamkommande som s\u00f6kte asyl senast den 24 november 2015 och som:<\/em><\/p>\n<ul>\n<li><em>har v\u00e4ntat 15 m\u00e5nader eller l\u00e4ngre p\u00e5 beslut fr\u00e5n Migrationsverket<\/em><\/li>\n<li><em>har f\u00e5tt sin asylans\u00f6kan pr\u00f6vad enligt den tillf\u00e4lliga lagen (dvs efter den 20 juli 2016)<\/em><\/li>\n<li><em>registrerats som barn vid ankomst<\/em><\/li>\n<li><em>studerar eller har studerat och har f\u00f6r avsikt att forts\u00e4tta att studera p\u00e5 gymnasial niv\u00e5,\u00a0<\/em><em>fortfarande befinner sig i landet,<\/em><\/li>\n<li><em>och\u00a0<\/em><em>inte beg\u00e5tt brott&#8221;<\/em><\/li>\n<\/ul>\n<p><a href=\"http:\/\/www.regeringen.se\/pressmeddelanden\/2017\/11\/en-ny-mojlighet-till-uppehallstillstand-for-ensamkommande\/\">L\u00e4s mer h\u00e4r<\/a>:<\/p>\n<p>Ett f\u00f6rslag som m\u00f6ttes av m\u00e5nga positiva reaktioner och m\u00e5nga som andades ut, l\u00e4ttade.\u00a0Men inte alla. Ig\u00e5r kv\u00e4ll kommenterade i ett pressmeddelande n\u00e4tverket #vist\u00e5rinteut regeringens f\u00f6rslag.<\/p>\n<p><em><a href=\"http:\/\/diakonibloggen.com\/2017\/11\/28\/vi-star-fortfarande-inte-ut\/skarmavbild-2017-11-28-kl-11-11-54\/\" rel=\"attachment wp-att-6228\"><img loading=\"lazy\" decoding=\"async\" class=\"alignleft size-full wp-image-6228\" src=\"http:\/\/blogg.svenskakyrkan.se\/diakonibloggen\/files\/2017\/11\/skc3a4rmavbild-2017-11-28-kl-11-11-54.png\" alt=\"\" width=\"163\" height=\"168\" \/><\/a>&#8221;#vist\u00e5rinteut har entr\u00e4get\u00a0och outtr\u00f6ttligt k\u00e4mpat f\u00f6r att situationen f\u00f6r alla\u00a0ensamkommande ska l\u00f6sas. Idag har regeringen tillk\u00e4nnagivit sin \u00f6verenskommelse om ensamkommande och vi till\u00e5ter oss f\u00f6r en stund\u00a0att vara glada och hoppfulla. Men vi har \u00e4nd\u00e5 n\u00e5gra saker att s\u00e4ga om\u00a0\u00f6verenskommelsen.&#8221;\u00a0<\/em><\/p>\n<p><a href=\"https:\/\/www.mynewsdesk.com\/se\/number-vistaarinteut\/pressreleases\/nummer-vistaarinteut-kommenterar-regeringens-foerslag-om-ensamkommande-2298419\">L\u00e4s hela inl\u00e4gget h\u00e4r<\/a><\/p>\n<p>Skrivningen uttrycker gl\u00e4dje \u00f6ver de \u00f6verenskommelser som gjorts. Men det som #vist\u00e5rinteut lyfter \u00e4r att det finns m\u00e5nga unga som inte omfattas av det nya f\u00f6rslaget och att\u00a0n\u00e4tverkets kamp d\u00e4rf\u00f6r kommer att forts\u00e4tta.\u00a0Skrivningen pekar p\u00e5 r\u00e4ttsos\u00e4kerhet i processen och inte minst den\u00a0omfattande psykiska oh\u00e4lsan bland unga ensamkommande. Pressmeddelandet avslutas:<\/p>\n<p><em>&#8221;D\u00e4rf\u00f6r\u00a0kommer vi\u00a0att f\u00f6rs\u00f6ka p\u00e5verka politiker och opinion p\u00e5 alla s\u00e4tt vi kan. Och d\u00e4rf\u00f6r kr\u00e4ver vi<\/em><\/p>\n<ul>\n<li><em>\u00a0att\u00a0utvisningarna av alla ensamkommande stoppas\u00a0omedelbart och att unga i f\u00f6rvar omedelbart sl\u00e4pps ut ur f\u00f6rvar<\/em><\/li>\n<li><em>att de som kom efter den 24 november 2015 omfattas av regeringens f\u00f6rslag<\/em><\/li>\n<li><em>att de som f\u00e5tt sitt f\u00f6rsta besked inom 15 m\u00e5nader omfattas av regeringens f\u00f6rslag<\/em><\/li>\n<li><em>att en oberoende utredning g\u00f6rs av\u00a0hur Migrationsverket till\u00e4mpat undantagen i den tillf\u00e4lliga lagen<\/em><\/li>\n<li><em>att en oberoende utredning granskar\u00a0r\u00e4ttsos\u00e4kerheten i asylprocessen f\u00f6r ensamkommande \u00a0<\/em><\/li>\n<li><em><em>att alla ensamkommande som varit i Sverige i mer \u00e4n ett \u00e5r ska f\u00e5 stanna<\/em><\/em><em>#vist\u00e5rinteut&#8221;<\/em><\/li>\n<\/ul>\n<p>P\u00e5 Diakonibloggen har vi\u00a0skrivit om\u00a0flyktingar tidigare, men som l\u00e4get \u00e4r nu kan vi helt enkelt inte\u00a0l\u00e5ta bli att\u00a0lyfta situationen igen, denna g\u00e5ng med fokus p\u00e5 alla ensamkommande barn och ungdomar som lever under enorm press i v\u00e4ntan p\u00e5 eventuell avvisning och \u00e5terresa. Maila g\u00e4rna tankar och ber\u00e4ttelser till diakoni.se@gmail.com. \/Karin &amp; Lotta<\/p>\n","protected":false},"excerpt":{"rendered":"<p>Ig\u00e5r kom regeringen med ett\u00a0f\u00f6rslag till\u00a0f\u00f6r\u00e4ndring i lagen om asyl f\u00f6r ensamkommande flyktingbarn. &#8221;Regeringen f\u00f6resl\u00e5r nu att fler av de ensamkommande som drabbats av de l\u00e5nga handl\u00e4ggningstiderna ska f\u00e5 en ny m\u00f6jlighet till uppeh\u00e5llstillst\u00e5nd f\u00f6r studier p\u00e5 gymnasial niv\u00e5. F\u00f6r\u00e4ndringarna g\u00f6rs inom gymnasiereglerna i den tillf\u00e4lliga lagen. De som ges nya m\u00f6jligheter till uppeh\u00e5llstillst\u00e5nd \u00e4r [&hellip;]<\/p>\n","protected":false},"author":776,"featured_media":0,"comment_status":"open","ping_status":"open","sticky":false,"template":"","format":"standard","meta":{"_acf_changed":false,"footnotes":""},"categories":[23301,23302,23310],"tags":[23370,23480,23870,23873],"class_list":["post-6225","post","type-post","status-publish","format-standard","hentry","category-diakonalt-arbete","category-diakoni","category-flyktingar","tag-vistarinteut","tag-asylpolitik","tag-ensamkommande","tag-ensamkommande-flyktingbarn"],"acf":[],"yoast_head":"<!-- This site is optimized with the Yoast SEO plugin v27.1.1 - https:\/\/yoast.com\/product\/yoast-seo-wordpress\/ -->\n<title>Vi st\u00e5r fortfarande inte ut - Diakonibloggen<\/title>\n<meta name=\"robots\" content=\"index, follow, max-snippet:-1, max-image-preview:large, max-video-preview:-1\" \/>\n<link rel=\"canonical\" href=\"https:\/\/blogg.svenskakyrkan.se\/diakonibloggen\/2017\/11\/28\/vi-star-fortfarande-inte-ut\/\" \/>\n<meta property=\"og:locale\" content=\"sv_SE\" \/>\n<meta property=\"og:type\" content=\"article\" \/>\n<meta property=\"og:title\" content=\"Vi st\u00e5r fortfarande inte ut - Diakonibloggen\" \/>\n<meta property=\"og:description\" content=\"Ig\u00e5r kom regeringen med ett\u00a0f\u00f6rslag till\u00a0f\u00f6r\u00e4ndring i lagen om asyl f\u00f6r ensamkommande flyktingbarn. &#8221;Regeringen f\u00f6resl\u00e5r nu att fler av de ensamkommande som drabbats av de l\u00e5nga handl\u00e4ggningstiderna ska f\u00e5 en ny m\u00f6jlighet till uppeh\u00e5llstillst\u00e5nd f\u00f6r studier p\u00e5 gymnasial niv\u00e5. F\u00f6r\u00e4ndringarna g\u00f6rs inom gymnasiereglerna i den tillf\u00e4lliga lagen. De som ges nya m\u00f6jligheter till uppeh\u00e5llstillst\u00e5nd \u00e4r [&hellip;]\" \/>\n<meta property=\"og:url\" content=\"https:\/\/blogg.svenskakyrkan.se\/diakonibloggen\/2017\/11\/28\/vi-star-fortfarande-inte-ut\/\" \/>\n<meta property=\"og:site_name\" content=\"Diakonibloggen\" \/>\n<meta property=\"article:published_time\" content=\"2017-11-28T10:24:50+00:00\" \/>\n<meta property=\"article:modified_time\" content=\"2020-12-17T15:16:39+00:00\" \/>\n<meta property=\"og:image\" content=\"http:\/\/blogg.svenskakyrkan.se\/diakonibloggen\/files\/2017\/11\/skc3a4rmavbild-2017-11-28-kl-11-11-54.png\" \/>\n<meta name=\"author\" content=\"diakonibloggen\" \/>\n<meta name=\"twitter:card\" content=\"summary_large_image\" \/>\n<meta name=\"twitter:label1\" content=\"Skriven av\" \/>\n\t<meta name=\"twitter:data1\" content=\"diakonibloggen\" \/>\n\t<meta name=\"twitter:label2\" content=\"Ber\u00e4knad l\u00e4stid\" \/>\n\t<meta name=\"twitter:data2\" content=\"3 minuter\" \/>\n<script type=\"application\/ld+json\" class=\"yoast-schema-graph\">{\"@context\":\"https:\/\/schema.org\",\"@graph\":[{\"@type\":\"Article\",\"@id\":\"https:\/\/blogg.svenskakyrkan.se\/diakonibloggen\/2017\/11\/28\/vi-star-fortfarande-inte-ut\/#article\",\"isPartOf\":{\"@id\":\"https:\/\/blogg.svenskakyrkan.se\/diakonibloggen\/2017\/11\/28\/vi-star-fortfarande-inte-ut\/\"},\"author\":{\"name\":\"diakonibloggen\",\"@id\":\"https:\/\/blogg.svenskakyrkan.se\/diakonibloggen\/#\/schema\/person\/8f6a6fe8efab23c141c7e274fec6405f\"},\"headline\":\"Vi st\u00e5r fortfarande inte ut\",\"datePublished\":\"2017-11-28T10:24:50+00:00\",\"dateModified\":\"2020-12-17T15:16:39+00:00\",\"mainEntityOfPage\":{\"@id\":\"https:\/\/blogg.svenskakyrkan.se\/diakonibloggen\/2017\/11\/28\/vi-star-fortfarande-inte-ut\/\"},\"wordCount\":512,\"commentCount\":0,\"image\":{\"@id\":\"https:\/\/blogg.svenskakyrkan.se\/diakonibloggen\/2017\/11\/28\/vi-star-fortfarande-inte-ut\/#primaryimage\"},\"thumbnailUrl\":\"http:\/\/blogg.svenskakyrkan.se\/diakonibloggen\/files\/2017\/11\/skc3a4rmavbild-2017-11-28-kl-11-11-54.png\",\"keywords\":[\"#vist\u00e5rinteut\",\"asylpolitik\",\"ensamkommande\",\"ensamkommande flyktingbarn\"],\"articleSection\":[\"Diakonalt arbete\",\"diakoni\",\"flyktingar\"],\"inLanguage\":\"sv-SE\",\"potentialAction\":[{\"@type\":\"CommentAction\",\"name\":\"Comment\",\"target\":[\"https:\/\/blogg.svenskakyrkan.se\/diakonibloggen\/2017\/11\/28\/vi-star-fortfarande-inte-ut\/#respond\"]}]},{\"@type\":\"WebPage\",\"@id\":\"https:\/\/blogg.svenskakyrkan.se\/diakonibloggen\/2017\/11\/28\/vi-star-fortfarande-inte-ut\/\",\"url\":\"https:\/\/blogg.svenskakyrkan.se\/diakonibloggen\/2017\/11\/28\/vi-star-fortfarande-inte-ut\/\",\"name\":\"Vi st\u00e5r fortfarande inte ut - Diakonibloggen\",\"isPartOf\":{\"@id\":\"https:\/\/blogg.svenskakyrkan.se\/diakonibloggen\/#website\"},\"primaryImageOfPage\":{\"@id\":\"https:\/\/blogg.svenskakyrkan.se\/diakonibloggen\/2017\/11\/28\/vi-star-fortfarande-inte-ut\/#primaryimage\"},\"image\":{\"@id\":\"https:\/\/blogg.svenskakyrkan.se\/diakonibloggen\/2017\/11\/28\/vi-star-fortfarande-inte-ut\/#primaryimage\"},\"thumbnailUrl\":\"http:\/\/blogg.svenskakyrkan.se\/diakonibloggen\/files\/2017\/11\/skc3a4rmavbild-2017-11-28-kl-11-11-54.png\",\"datePublished\":\"2017-11-28T10:24:50+00:00\",\"dateModified\":\"2020-12-17T15:16:39+00:00\",\"author\":{\"@id\":\"https:\/\/blogg.svenskakyrkan.se\/diakonibloggen\/#\/schema\/person\/8f6a6fe8efab23c141c7e274fec6405f\"},\"breadcrumb\":{\"@id\":\"https:\/\/blogg.svenskakyrkan.se\/diakonibloggen\/2017\/11\/28\/vi-star-fortfarande-inte-ut\/#breadcrumb\"},\"inLanguage\":\"sv-SE\",\"potentialAction\":[{\"@type\":\"ReadAction\",\"target\":[\"https:\/\/blogg.svenskakyrkan.se\/diakonibloggen\/2017\/11\/28\/vi-star-fortfarande-inte-ut\/\"]}]},{\"@type\":\"ImageObject\",\"inLanguage\":\"sv-SE\",\"@id\":\"https:\/\/blogg.svenskakyrkan.se\/diakonibloggen\/2017\/11\/28\/vi-star-fortfarande-inte-ut\/#primaryimage\",\"url\":\"http:\/\/blogg.svenskakyrkan.se\/diakonibloggen\/files\/2017\/11\/skc3a4rmavbild-2017-11-28-kl-11-11-54.png\",\"contentUrl\":\"http:\/\/blogg.svenskakyrkan.se\/diakonibloggen\/files\/2017\/11\/skc3a4rmavbild-2017-11-28-kl-11-11-54.png\"},{\"@type\":\"BreadcrumbList\",\"@id\":\"https:\/\/blogg.svenskakyrkan.se\/diakonibloggen\/2017\/11\/28\/vi-star-fortfarande-inte-ut\/#breadcrumb\",\"itemListElement\":[{\"@type\":\"ListItem\",\"position\":1,\"name\":\"Hem\",\"item\":\"https:\/\/blogg.svenskakyrkan.se\/diakonibloggen\/\"},{\"@type\":\"ListItem\",\"position\":2,\"name\":\"Vi st\u00e5r fortfarande inte ut\"}]},{\"@type\":\"WebSite\",\"@id\":\"https:\/\/blogg.svenskakyrkan.se\/diakonibloggen\/#website\",\"url\":\"https:\/\/blogg.svenskakyrkan.se\/diakonibloggen\/\",\"name\":\"Diakonibloggen\",\"description\":\"Vi lyfter fram, hyllar, diskuterar och inspirerar till diakonalt arbete inom och utanf\u00f6r Svenska kyrkans ramar.\",\"potentialAction\":[{\"@type\":\"SearchAction\",\"target\":{\"@type\":\"EntryPoint\",\"urlTemplate\":\"https:\/\/blogg.svenskakyrkan.se\/diakonibloggen\/?s={search_term_string}\"},\"query-input\":{\"@type\":\"PropertyValueSpecification\",\"valueRequired\":true,\"valueName\":\"search_term_string\"}}],\"inLanguage\":\"sv-SE\"},{\"@type\":\"Person\",\"@id\":\"https:\/\/blogg.svenskakyrkan.se\/diakonibloggen\/#\/schema\/person\/8f6a6fe8efab23c141c7e274fec6405f\",\"name\":\"diakonibloggen\",\"image\":{\"@type\":\"ImageObject\",\"inLanguage\":\"sv-SE\",\"@id\":\"https:\/\/blogg.svenskakyrkan.se\/diakonibloggen\/#\/schema\/person\/image\/\",\"url\":\"https:\/\/secure.gravatar.com\/avatar\/95c0ca86fd13e3d8c1b7b7e9864c9a2ccb7b48c6f756a3b5447bcc13dd630488?s=96&d=mm&r=g\",\"contentUrl\":\"https:\/\/secure.gravatar.com\/avatar\/95c0ca86fd13e3d8c1b7b7e9864c9a2ccb7b48c6f756a3b5447bcc13dd630488?s=96&d=mm&r=g\",\"caption\":\"diakonibloggen\"},\"url\":\"https:\/\/blogg.svenskakyrkan.se\/diakonibloggen\/author\/diakonibloggen\/\"}]}<\/script>\n<!-- \/ Yoast SEO plugin. -->","yoast_head_json":{"title":"Vi st\u00e5r fortfarande inte ut - Diakonibloggen","robots":{"index":"index","follow":"follow","max-snippet":"max-snippet:-1","max-image-preview":"max-image-preview:large","max-video-preview":"max-video-preview:-1"},"canonical":"https:\/\/blogg.svenskakyrkan.se\/diakonibloggen\/2017\/11\/28\/vi-star-fortfarande-inte-ut\/","og_locale":"sv_SE","og_type":"article","og_title":"Vi st\u00e5r fortfarande inte ut - Diakonibloggen","og_description":"Ig\u00e5r kom regeringen med ett\u00a0f\u00f6rslag till\u00a0f\u00f6r\u00e4ndring i lagen om asyl f\u00f6r ensamkommande flyktingbarn. &#8221;Regeringen f\u00f6resl\u00e5r nu att fler av de ensamkommande som drabbats av de l\u00e5nga handl\u00e4ggningstiderna ska f\u00e5 en ny m\u00f6jlighet till uppeh\u00e5llstillst\u00e5nd f\u00f6r studier p\u00e5 gymnasial niv\u00e5. F\u00f6r\u00e4ndringarna g\u00f6rs inom gymnasiereglerna i den tillf\u00e4lliga lagen. De som ges nya m\u00f6jligheter till uppeh\u00e5llstillst\u00e5nd \u00e4r [&hellip;]","og_url":"https:\/\/blogg.svenskakyrkan.se\/diakonibloggen\/2017\/11\/28\/vi-star-fortfarande-inte-ut\/","og_site_name":"Diakonibloggen","article_published_time":"2017-11-28T10:24:50+00:00","article_modified_time":"2020-12-17T15:16:39+00:00","og_image":[{"url":"http:\/\/blogg.svenskakyrkan.se\/diakonibloggen\/files\/2017\/11\/skc3a4rmavbild-2017-11-28-kl-11-11-54.png","type":"","width":"","height":""}],"author":"diakonibloggen","twitter_card":"summary_large_image","twitter_misc":{"Skriven av":"diakonibloggen","Ber\u00e4knad l\u00e4stid":"3 minuter"},"schema":{"@context":"https:\/\/schema.org","@graph":[{"@type":"Article","@id":"https:\/\/blogg.svenskakyrkan.se\/diakonibloggen\/2017\/11\/28\/vi-star-fortfarande-inte-ut\/#article","isPartOf":{"@id":"https:\/\/blogg.svenskakyrkan.se\/diakonibloggen\/2017\/11\/28\/vi-star-fortfarande-inte-ut\/"},"author":{"name":"diakonibloggen","@id":"https:\/\/blogg.svenskakyrkan.se\/diakonibloggen\/#\/schema\/person\/8f6a6fe8efab23c141c7e274fec6405f"},"headline":"Vi st\u00e5r fortfarande inte ut","datePublished":"2017-11-28T10:24:50+00:00","dateModified":"2020-12-17T15:16:39+00:00","mainEntityOfPage":{"@id":"https:\/\/blogg.svenskakyrkan.se\/diakonibloggen\/2017\/11\/28\/vi-star-fortfarande-inte-ut\/"},"wordCount":512,"commentCount":0,"image":{"@id":"https:\/\/blogg.svenskakyrkan.se\/diakonibloggen\/2017\/11\/28\/vi-star-fortfarande-inte-ut\/#primaryimage"},"thumbnailUrl":"http:\/\/blogg.svenskakyrkan.se\/diakonibloggen\/files\/2017\/11\/skc3a4rmavbild-2017-11-28-kl-11-11-54.png","keywords":["#vist\u00e5rinteut","asylpolitik","ensamkommande","ensamkommande flyktingbarn"],"articleSection":["Diakonalt arbete","diakoni","flyktingar"],"inLanguage":"sv-SE","potentialAction":[{"@type":"CommentAction","name":"Comment","target":["https:\/\/blogg.svenskakyrkan.se\/diakonibloggen\/2017\/11\/28\/vi-star-fortfarande-inte-ut\/#respond"]}]},{"@type":"WebPage","@id":"https:\/\/blogg.svenskakyrkan.se\/diakonibloggen\/2017\/11\/28\/vi-star-fortfarande-inte-ut\/","url":"https:\/\/blogg.svenskakyrkan.se\/diakonibloggen\/2017\/11\/28\/vi-star-fortfarande-inte-ut\/","name":"Vi st\u00e5r fortfarande inte ut - Diakonibloggen","isPartOf":{"@id":"https:\/\/blogg.svenskakyrkan.se\/diakonibloggen\/#website"},"primaryImageOfPage":{"@id":"https:\/\/blogg.svenskakyrkan.se\/diakonibloggen\/2017\/11\/28\/vi-star-fortfarande-inte-ut\/#primaryimage"},"image":{"@id":"https:\/\/blogg.svenskakyrkan.se\/diakonibloggen\/2017\/11\/28\/vi-star-fortfarande-inte-ut\/#primaryimage"},"thumbnailUrl":"http:\/\/blogg.svenskakyrkan.se\/diakonibloggen\/files\/2017\/11\/skc3a4rmavbild-2017-11-28-kl-11-11-54.png","datePublished":"2017-11-28T10:24:50+00:00","dateModified":"2020-12-17T15:16:39+00:00","author":{"@id":"https:\/\/blogg.svenskakyrkan.se\/diakonibloggen\/#\/schema\/person\/8f6a6fe8efab23c141c7e274fec6405f"},"breadcrumb":{"@id":"https:\/\/blogg.svenskakyrkan.se\/diakonibloggen\/2017\/11\/28\/vi-star-fortfarande-inte-ut\/#breadcrumb"},"inLanguage":"sv-SE","potentialAction":[{"@type":"ReadAction","target":["https:\/\/blogg.svenskakyrkan.se\/diakonibloggen\/2017\/11\/28\/vi-star-fortfarande-inte-ut\/"]}]},{"@type":"ImageObject","inLanguage":"sv-SE","@id":"https:\/\/blogg.svenskakyrkan.se\/diakonibloggen\/2017\/11\/28\/vi-star-fortfarande-inte-ut\/#primaryimage","url":"http:\/\/blogg.svenskakyrkan.se\/diakonibloggen\/files\/2017\/11\/skc3a4rmavbild-2017-11-28-kl-11-11-54.png","contentUrl":"http:\/\/blogg.svenskakyrkan.se\/diakonibloggen\/files\/2017\/11\/skc3a4rmavbild-2017-11-28-kl-11-11-54.png"},{"@type":"BreadcrumbList","@id":"https:\/\/blogg.svenskakyrkan.se\/diakonibloggen\/2017\/11\/28\/vi-star-fortfarande-inte-ut\/#breadcrumb","itemListElement":[{"@type":"ListItem","position":1,"name":"Hem","item":"https:\/\/blogg.svenskakyrkan.se\/diakonibloggen\/"},{"@type":"ListItem","position":2,"name":"Vi st\u00e5r fortfarande inte ut"}]},{"@type":"WebSite","@id":"https:\/\/blogg.svenskakyrkan.se\/diakonibloggen\/#website","url":"https:\/\/blogg.svenskakyrkan.se\/diakonibloggen\/","name":"Diakonibloggen","description":"Vi lyfter fram, hyllar, diskuterar och inspirerar till diakonalt arbete inom och utanf\u00f6r Svenska kyrkans ramar.","potentialAction":[{"@type":"SearchAction","target":{"@type":"EntryPoint","urlTemplate":"https:\/\/blogg.svenskakyrkan.se\/diakonibloggen\/?s={search_term_string}"},"query-input":{"@type":"PropertyValueSpecification","valueRequired":true,"valueName":"search_term_string"}}],"inLanguage":"sv-SE"},{"@type":"Person","@id":"https:\/\/blogg.svenskakyrkan.se\/diakonibloggen\/#\/schema\/person\/8f6a6fe8efab23c141c7e274fec6405f","name":"diakonibloggen","image":{"@type":"ImageObject","inLanguage":"sv-SE","@id":"https:\/\/blogg.svenskakyrkan.se\/diakonibloggen\/#\/schema\/person\/image\/","url":"https:\/\/secure.gravatar.com\/avatar\/95c0ca86fd13e3d8c1b7b7e9864c9a2ccb7b48c6f756a3b5447bcc13dd630488?s=96&d=mm&r=g","contentUrl":"https:\/\/secure.gravatar.com\/avatar\/95c0ca86fd13e3d8c1b7b7e9864c9a2ccb7b48c6f756a3b5447bcc13dd630488?s=96&d=mm&r=g","caption":"diakonibloggen"},"url":"https:\/\/blogg.svenskakyrkan.se\/diakonibloggen\/author\/diakonibloggen\/"}]}},"author_meta":{"ID":"776","user_nicename":"diakonibloggen","user_registered":"2020-12-17 14:50:06","display_name":"diakonibloggen","avatar":"https:\/\/blogg.svenskakyrkan.se\/diakonibloggen\/files\/2021\/02\/Sk\u00e4rmavbild-2019-04-12-kl.-14.20.54-150x150.png"},"featured_image":false,"bloginfo":{"name":"Diakonibloggen","url":"https:\/\/blogg.svenskakyrkan.se\/diakonibloggen"},"_links":{"self":[{"href":"https:\/\/blogg.svenskakyrkan.se\/diakonibloggen\/wp-json\/wp\/v2\/posts\/6225","targetHints":{"allow":["GET"]}}],"collection":[{"href":"https:\/\/blogg.svenskakyrkan.se\/diakonibloggen\/wp-json\/wp\/v2\/posts"}],"about":[{"href":"https:\/\/blogg.svenskakyrkan.se\/diakonibloggen\/wp-json\/wp\/v2\/types\/post"}],"author":[{"embeddable":true,"href":"https:\/\/blogg.svenskakyrkan.se\/diakonibloggen\/wp-json\/wp\/v2\/users\/776"}],"replies":[{"embeddable":true,"href":"https:\/\/blogg.svenskakyrkan.se\/diakonibloggen\/wp-json\/wp\/v2\/comments?post=6225"}],"version-history":[{"count":1,"href":"https:\/\/blogg.svenskakyrkan.se\/diakonibloggen\/wp-json\/wp\/v2\/posts\/6225\/revisions"}],"predecessor-version":[{"id":8387,"href":"https:\/\/blogg.svenskakyrkan.se\/diakonibloggen\/wp-json\/wp\/v2\/posts\/6225\/revisions\/8387"}],"wp:attachment":[{"href":"https:\/\/blogg.svenskakyrkan.se\/diakonibloggen\/wp-json\/wp\/v2\/media?parent=6225"}],"wp:term":[{"taxonomy":"category","embeddable":true,"href":"https:\/\/blogg.svenskakyrkan.se\/diakonibloggen\/wp-json\/wp\/v2\/categories?post=6225"},{"taxonomy":"post_tag","embeddable":true,"href":"https:\/\/blogg.svenskakyrkan.se\/diakonibloggen\/wp-json\/wp\/v2\/tags?post=6225"}],"curies":[{"name":"wp","href":"https:\/\/api.w.org\/{rel}","templated":true}]}}