{"id":6354,"date":"2018-02-04T14:25:01","date_gmt":"2018-02-04T14:25:01","guid":{"rendered":"http:\/\/diakonibloggen.com\/?p=6354"},"modified":"2020-12-17T15:16:38","modified_gmt":"2020-12-17T15:16:38","slug":"punktering-och-bly-i-kroppen","status":"publish","type":"post","link":"https:\/\/blogg.svenskakyrkan.se\/diakonibloggen\/2018\/02\/04\/punktering-och-bly-i-kroppen\/","title":{"rendered":"Punktering och bly i kroppen"},"content":{"rendered":"<p><a href=\"http:\/\/diakonibloggen.com\/2018\/02\/04\/punktering-och-bly-i-kroppen\/lena-kronberg-sjalvportratt-i-vasterbotten\/\" rel=\"attachment wp-att-6355\"><img loading=\"lazy\" decoding=\"async\" class=\"alignleft size-medium wp-image-6355\" src=\"http:\/\/blogg.svenskakyrkan.se\/diakonibloggen\/files\/2018\/01\/lena-kronberg-sjc3a4lvportrc3a4tt-i-vc3a4sterbotten.jpg?w=450\" alt=\"\" width=\"450\" height=\"338\" srcset=\"https:\/\/blogg.svenskakyrkan.se\/diakonibloggen\/files\/2018\/01\/lena-kronberg-sjc3a4lvportrc3a4tt-i-vc3a4sterbotten.jpg 1824w, https:\/\/blogg.svenskakyrkan.se\/diakonibloggen\/files\/2018\/01\/lena-kronberg-sjc3a4lvportrc3a4tt-i-vc3a4sterbotten-300x225.jpg 300w, https:\/\/blogg.svenskakyrkan.se\/diakonibloggen\/files\/2018\/01\/lena-kronberg-sjc3a4lvportrc3a4tt-i-vc3a4sterbotten-1024x768.jpg 1024w, https:\/\/blogg.svenskakyrkan.se\/diakonibloggen\/files\/2018\/01\/lena-kronberg-sjc3a4lvportrc3a4tt-i-vc3a4sterbotten-768x576.jpg 768w, https:\/\/blogg.svenskakyrkan.se\/diakonibloggen\/files\/2018\/01\/lena-kronberg-sjc3a4lvportrc3a4tt-i-vc3a4sterbotten-1536x1152.jpg 1536w, https:\/\/blogg.svenskakyrkan.se\/diakonibloggen\/files\/2018\/01\/lena-kronberg-sjc3a4lvportrc3a4tt-i-vc3a4sterbotten-1200x900.jpg 1200w\" sizes=\"auto, (max-width: 450px) 100vw, 450px\" \/><\/a>\u00a0&#8211; Vet du att din pojke \u00e4r i \u00c5storp? Jag s\u00e5g honom p\u00e5 Facebook.<\/p>\n<p>Den h\u00e4r dagen\u00a0k\u00f6rs svenska afghaner till K\u00f6penhamns flygplats Kastrup, f\u00f6r att deporteras med ett chartrat plan via Istanbul, till Kabul.<\/p>\n<p>&#8211; NEJ, NEJ, NEJ! Han skulle p\u00e5 \u00e5terv\u00e4ndarsamtal i juni, har de tagit honom redan nu? Varf\u00f6r? F\u00f6r att fylla planet?<\/p>\n<p>Jag \u00e4r p\u00e5 jobbet, tittar p\u00e5 mobilen i smyg, gr\u00e5ter. De har tagit min pojke och jag har inte ens f\u00e5tt krama honom farv\u00e4l. Varf\u00f6r lj\u00f6g de f\u00f6r honom? Han skulle f\u00e5 en vecka till, han skulle inte f\u00e5 vara kvar till skolavslutningen, om de tar honom p\u00e5 \u00e5terv\u00e4ndarsamtalet, men kanske f\u00e5r han komma hem och packa f\u00f6rst.\u00a0Men om de inte skulle ta honom p\u00e5 \u00e5terv\u00e4ndarsamtalet hade han kanske kunnat stanna till skolavslutningen? Kanske f\u00e5r han vara med p\u00e5 sommarfesten? T\u00e4nk om han f\u00e5r vara med p\u00e5 midsommarfirandet? Vi ska \u00e5ka ut p\u00e5 landet och \u00e4ta svenskafghanskt\u2026<\/p>\n<p>Men nu \u00e4r han p\u00e5 F\u00f6rvaret i \u00c5storp, om n\u00e5gra timmar g\u00e5r bussarna till Kastrup. Jag f\u00e5r aldrig mer h\u00e5lla om honom, aldrig mer s\u00e4ga god natt eller god morgon.<\/p>\n<p>Jag m\u00e5ste\u2026 Jag kan inte!<\/p>\n<p>&#8211; Nej de har inte tagit honom, han \u00e4r d\u00e4r f\u00f6r att protestera, han \u00e4r utanf\u00f6r F\u00f6rvaret.<\/p>\n<p>Min \u00e4lskade pojke, han \u00e4r d\u00e4r f\u00f6r att protestera. Han \u00e4r utanf\u00f6r, min modiga lilla pojke, han st\u00e5r utanf\u00f6r det f\u00f6rvar han kanske en dag ska sitta i.<\/p>\n<p>Min \u00e4lskade pojke.<\/p>\n<p>Han kommer hem, f\u00e5r en stor kram. Sedan sitter vi i k\u00f6kssoffan och pratar om framtiden. F\u00f6r honom finns ingen framtid.<\/p>\n<p>-Det \u00e4r som om jag f\u00e5tt punktering, s\u00e4ger han. Som att jag inte har luft. Men bly i kroppen. Jag kan inte r\u00f6ra mig.<\/p>\n<p>F\u00f6r mig finns en framtid. Min k\u00f6kssoffa kommer att st\u00e5 kvar. Men utan min pojke. Rummet d\u00e4r han sover kommer att finnas kvar. Kanske kommer n\u00e5gon annan att sova d\u00e4r. N\u00e5gon annan som beh\u00f6ver ett hem. N\u00e5gon annan som f\u00e5tt avslag. N\u00e5gon annan som v\u00e4ntar p\u00e5 att bli deporterad.<\/p>\n<p>P\u00e5 morgonen v\u00e4cker jag honom, god morgon mitt hj\u00e4rta, sobh bacher.<\/p>\n<p>Och p\u00e5 radion rapporterar de om en bilbomb i Kabul.<\/p>\n<p>Lena Kronberg<\/p>\n<p>&#8221;Solidaritet och civilkurage \u00e4r f\u00f6ruts\u00e4ttningar f\u00f6r ett gott samh\u00e4lle.&#8221;\u00a0Lena Kronberg \u00e4r sk\u00e5despelare och ber\u00e4ttare. Hon \u00e4r sj\u00e4lv barn till en flykting.\u00a0Medm\u00e4nsklighet och engagemang fick hon med sig som n\u00e5got sj\u00e4lvklart fr\u00e5n sin uppv\u00e4xt.<\/p>\n<p>P\u00e5 Diakonibloggen har vi\u00a0skrivit om\u00a0flyktingar tidigare, men som l\u00e4get \u00e4r nu kan vi helt enkelt inte\u00a0l\u00e5ta bli att\u00a0lyfta situationen igen, denna g\u00e5ng med fokus p\u00e5 alla ensamkommande barn och ungdomar som lever under enorm press i v\u00e4ntan p\u00e5 eventuell avvisning och \u00e5terresa. Maila g\u00e4rna tankar och ber\u00e4ttelser till diakoni.se@gmail.com. \/Karin och Lotta<\/p>\n","protected":false},"excerpt":{"rendered":"<p>\u00a0&#8211; Vet du att din pojke \u00e4r i \u00c5storp? Jag s\u00e5g honom p\u00e5 Facebook. Den h\u00e4r dagen\u00a0k\u00f6rs svenska afghaner till K\u00f6penhamns flygplats Kastrup, f\u00f6r att deporteras med ett chartrat plan via Istanbul, till Kabul. &#8211; NEJ, NEJ, NEJ! Han skulle p\u00e5 \u00e5terv\u00e4ndarsamtal i juni, har de tagit honom redan nu? Varf\u00f6r? F\u00f6r att fylla planet? [&hellip;]<\/p>\n","protected":false},"author":776,"featured_media":0,"comment_status":"open","ping_status":"open","sticky":false,"template":"","format":"standard","meta":{"_acf_changed":false,"footnotes":""},"categories":[23302,23310],"tags":[23870,23873],"class_list":["post-6354","post","type-post","status-publish","format-standard","hentry","category-diakoni","category-flyktingar","tag-ensamkommande","tag-ensamkommande-flyktingbarn"],"acf":[],"yoast_head":"<!-- This site is optimized with the Yoast SEO plugin v27.1.1 - https:\/\/yoast.com\/product\/yoast-seo-wordpress\/ -->\n<title>Punktering och bly i kroppen - Diakonibloggen<\/title>\n<meta name=\"robots\" content=\"index, follow, max-snippet:-1, max-image-preview:large, max-video-preview:-1\" \/>\n<link rel=\"canonical\" href=\"https:\/\/blogg.svenskakyrkan.se\/diakonibloggen\/2018\/02\/04\/punktering-och-bly-i-kroppen\/\" \/>\n<meta property=\"og:locale\" content=\"sv_SE\" \/>\n<meta property=\"og:type\" content=\"article\" \/>\n<meta property=\"og:title\" content=\"Punktering och bly i kroppen - Diakonibloggen\" \/>\n<meta property=\"og:description\" content=\"\u00a0&#8211; Vet du att din pojke \u00e4r i \u00c5storp? Jag s\u00e5g honom p\u00e5 Facebook. Den h\u00e4r dagen\u00a0k\u00f6rs svenska afghaner till K\u00f6penhamns flygplats Kastrup, f\u00f6r att deporteras med ett chartrat plan via Istanbul, till Kabul. &#8211; NEJ, NEJ, NEJ! Han skulle p\u00e5 \u00e5terv\u00e4ndarsamtal i juni, har de tagit honom redan nu? Varf\u00f6r? F\u00f6r att fylla planet? [&hellip;]\" \/>\n<meta property=\"og:url\" content=\"https:\/\/blogg.svenskakyrkan.se\/diakonibloggen\/2018\/02\/04\/punktering-och-bly-i-kroppen\/\" \/>\n<meta property=\"og:site_name\" content=\"Diakonibloggen\" \/>\n<meta property=\"article:published_time\" content=\"2018-02-04T14:25:01+00:00\" \/>\n<meta property=\"article:modified_time\" content=\"2020-12-17T15:16:38+00:00\" \/>\n<meta property=\"og:image\" content=\"http:\/\/blogg.svenskakyrkan.se\/diakonibloggen\/files\/2018\/01\/lena-kronberg-sjc3a4lvportrc3a4tt-i-vc3a4sterbotten.jpg?w=450\" \/>\n<meta name=\"author\" content=\"diakonibloggen\" \/>\n<meta name=\"twitter:card\" content=\"summary_large_image\" \/>\n<meta name=\"twitter:label1\" content=\"Skriven av\" \/>\n\t<meta name=\"twitter:data1\" content=\"diakonibloggen\" \/>\n\t<meta name=\"twitter:label2\" content=\"Ber\u00e4knad l\u00e4stid\" \/>\n\t<meta name=\"twitter:data2\" content=\"3 minuter\" \/>\n<script type=\"application\/ld+json\" class=\"yoast-schema-graph\">{\"@context\":\"https:\/\/schema.org\",\"@graph\":[{\"@type\":\"Article\",\"@id\":\"https:\/\/blogg.svenskakyrkan.se\/diakonibloggen\/2018\/02\/04\/punktering-och-bly-i-kroppen\/#article\",\"isPartOf\":{\"@id\":\"https:\/\/blogg.svenskakyrkan.se\/diakonibloggen\/2018\/02\/04\/punktering-och-bly-i-kroppen\/\"},\"author\":{\"name\":\"diakonibloggen\",\"@id\":\"https:\/\/blogg.svenskakyrkan.se\/diakonibloggen\/#\/schema\/person\/8f6a6fe8efab23c141c7e274fec6405f\"},\"headline\":\"Punktering och bly i kroppen\",\"datePublished\":\"2018-02-04T14:25:01+00:00\",\"dateModified\":\"2020-12-17T15:16:38+00:00\",\"mainEntityOfPage\":{\"@id\":\"https:\/\/blogg.svenskakyrkan.se\/diakonibloggen\/2018\/02\/04\/punktering-och-bly-i-kroppen\/\"},\"wordCount\":528,\"commentCount\":1,\"image\":{\"@id\":\"https:\/\/blogg.svenskakyrkan.se\/diakonibloggen\/2018\/02\/04\/punktering-och-bly-i-kroppen\/#primaryimage\"},\"thumbnailUrl\":\"http:\/\/blogg.svenskakyrkan.se\/diakonibloggen\/files\/2018\/01\/lena-kronberg-sjc3a4lvportrc3a4tt-i-vc3a4sterbotten.jpg?w=450\",\"keywords\":[\"ensamkommande\",\"ensamkommande flyktingbarn\"],\"articleSection\":[\"diakoni\",\"flyktingar\"],\"inLanguage\":\"sv-SE\",\"potentialAction\":[{\"@type\":\"CommentAction\",\"name\":\"Comment\",\"target\":[\"https:\/\/blogg.svenskakyrkan.se\/diakonibloggen\/2018\/02\/04\/punktering-och-bly-i-kroppen\/#respond\"]}]},{\"@type\":\"WebPage\",\"@id\":\"https:\/\/blogg.svenskakyrkan.se\/diakonibloggen\/2018\/02\/04\/punktering-och-bly-i-kroppen\/\",\"url\":\"https:\/\/blogg.svenskakyrkan.se\/diakonibloggen\/2018\/02\/04\/punktering-och-bly-i-kroppen\/\",\"name\":\"Punktering och bly i kroppen - Diakonibloggen\",\"isPartOf\":{\"@id\":\"https:\/\/blogg.svenskakyrkan.se\/diakonibloggen\/#website\"},\"primaryImageOfPage\":{\"@id\":\"https:\/\/blogg.svenskakyrkan.se\/diakonibloggen\/2018\/02\/04\/punktering-och-bly-i-kroppen\/#primaryimage\"},\"image\":{\"@id\":\"https:\/\/blogg.svenskakyrkan.se\/diakonibloggen\/2018\/02\/04\/punktering-och-bly-i-kroppen\/#primaryimage\"},\"thumbnailUrl\":\"http:\/\/blogg.svenskakyrkan.se\/diakonibloggen\/files\/2018\/01\/lena-kronberg-sjc3a4lvportrc3a4tt-i-vc3a4sterbotten.jpg?w=450\",\"datePublished\":\"2018-02-04T14:25:01+00:00\",\"dateModified\":\"2020-12-17T15:16:38+00:00\",\"author\":{\"@id\":\"https:\/\/blogg.svenskakyrkan.se\/diakonibloggen\/#\/schema\/person\/8f6a6fe8efab23c141c7e274fec6405f\"},\"breadcrumb\":{\"@id\":\"https:\/\/blogg.svenskakyrkan.se\/diakonibloggen\/2018\/02\/04\/punktering-och-bly-i-kroppen\/#breadcrumb\"},\"inLanguage\":\"sv-SE\",\"potentialAction\":[{\"@type\":\"ReadAction\",\"target\":[\"https:\/\/blogg.svenskakyrkan.se\/diakonibloggen\/2018\/02\/04\/punktering-och-bly-i-kroppen\/\"]}]},{\"@type\":\"ImageObject\",\"inLanguage\":\"sv-SE\",\"@id\":\"https:\/\/blogg.svenskakyrkan.se\/diakonibloggen\/2018\/02\/04\/punktering-och-bly-i-kroppen\/#primaryimage\",\"url\":\"http:\/\/blogg.svenskakyrkan.se\/diakonibloggen\/files\/2018\/01\/lena-kronberg-sjc3a4lvportrc3a4tt-i-vc3a4sterbotten.jpg?w=450\",\"contentUrl\":\"http:\/\/blogg.svenskakyrkan.se\/diakonibloggen\/files\/2018\/01\/lena-kronberg-sjc3a4lvportrc3a4tt-i-vc3a4sterbotten.jpg?w=450\"},{\"@type\":\"BreadcrumbList\",\"@id\":\"https:\/\/blogg.svenskakyrkan.se\/diakonibloggen\/2018\/02\/04\/punktering-och-bly-i-kroppen\/#breadcrumb\",\"itemListElement\":[{\"@type\":\"ListItem\",\"position\":1,\"name\":\"Hem\",\"item\":\"https:\/\/blogg.svenskakyrkan.se\/diakonibloggen\/\"},{\"@type\":\"ListItem\",\"position\":2,\"name\":\"Punktering och bly i kroppen\"}]},{\"@type\":\"WebSite\",\"@id\":\"https:\/\/blogg.svenskakyrkan.se\/diakonibloggen\/#website\",\"url\":\"https:\/\/blogg.svenskakyrkan.se\/diakonibloggen\/\",\"name\":\"Diakonibloggen\",\"description\":\"Vi lyfter fram, hyllar, diskuterar och inspirerar till diakonalt arbete inom och utanf\u00f6r Svenska kyrkans ramar.\",\"potentialAction\":[{\"@type\":\"SearchAction\",\"target\":{\"@type\":\"EntryPoint\",\"urlTemplate\":\"https:\/\/blogg.svenskakyrkan.se\/diakonibloggen\/?s={search_term_string}\"},\"query-input\":{\"@type\":\"PropertyValueSpecification\",\"valueRequired\":true,\"valueName\":\"search_term_string\"}}],\"inLanguage\":\"sv-SE\"},{\"@type\":\"Person\",\"@id\":\"https:\/\/blogg.svenskakyrkan.se\/diakonibloggen\/#\/schema\/person\/8f6a6fe8efab23c141c7e274fec6405f\",\"name\":\"diakonibloggen\",\"image\":{\"@type\":\"ImageObject\",\"inLanguage\":\"sv-SE\",\"@id\":\"https:\/\/blogg.svenskakyrkan.se\/diakonibloggen\/#\/schema\/person\/image\/\",\"url\":\"https:\/\/secure.gravatar.com\/avatar\/95c0ca86fd13e3d8c1b7b7e9864c9a2ccb7b48c6f756a3b5447bcc13dd630488?s=96&d=mm&r=g\",\"contentUrl\":\"https:\/\/secure.gravatar.com\/avatar\/95c0ca86fd13e3d8c1b7b7e9864c9a2ccb7b48c6f756a3b5447bcc13dd630488?s=96&d=mm&r=g\",\"caption\":\"diakonibloggen\"},\"url\":\"https:\/\/blogg.svenskakyrkan.se\/diakonibloggen\/author\/diakonibloggen\/\"}]}<\/script>\n<!-- \/ Yoast SEO plugin. -->","yoast_head_json":{"title":"Punktering och bly i kroppen - Diakonibloggen","robots":{"index":"index","follow":"follow","max-snippet":"max-snippet:-1","max-image-preview":"max-image-preview:large","max-video-preview":"max-video-preview:-1"},"canonical":"https:\/\/blogg.svenskakyrkan.se\/diakonibloggen\/2018\/02\/04\/punktering-och-bly-i-kroppen\/","og_locale":"sv_SE","og_type":"article","og_title":"Punktering och bly i kroppen - Diakonibloggen","og_description":"\u00a0&#8211; Vet du att din pojke \u00e4r i \u00c5storp? Jag s\u00e5g honom p\u00e5 Facebook. Den h\u00e4r dagen\u00a0k\u00f6rs svenska afghaner till K\u00f6penhamns flygplats Kastrup, f\u00f6r att deporteras med ett chartrat plan via Istanbul, till Kabul. &#8211; NEJ, NEJ, NEJ! Han skulle p\u00e5 \u00e5terv\u00e4ndarsamtal i juni, har de tagit honom redan nu? Varf\u00f6r? F\u00f6r att fylla planet? [&hellip;]","og_url":"https:\/\/blogg.svenskakyrkan.se\/diakonibloggen\/2018\/02\/04\/punktering-och-bly-i-kroppen\/","og_site_name":"Diakonibloggen","article_published_time":"2018-02-04T14:25:01+00:00","article_modified_time":"2020-12-17T15:16:38+00:00","og_image":[{"url":"http:\/\/blogg.svenskakyrkan.se\/diakonibloggen\/files\/2018\/01\/lena-kronberg-sjc3a4lvportrc3a4tt-i-vc3a4sterbotten.jpg?w=450","type":"","width":"","height":""}],"author":"diakonibloggen","twitter_card":"summary_large_image","twitter_misc":{"Skriven av":"diakonibloggen","Ber\u00e4knad l\u00e4stid":"3 minuter"},"schema":{"@context":"https:\/\/schema.org","@graph":[{"@type":"Article","@id":"https:\/\/blogg.svenskakyrkan.se\/diakonibloggen\/2018\/02\/04\/punktering-och-bly-i-kroppen\/#article","isPartOf":{"@id":"https:\/\/blogg.svenskakyrkan.se\/diakonibloggen\/2018\/02\/04\/punktering-och-bly-i-kroppen\/"},"author":{"name":"diakonibloggen","@id":"https:\/\/blogg.svenskakyrkan.se\/diakonibloggen\/#\/schema\/person\/8f6a6fe8efab23c141c7e274fec6405f"},"headline":"Punktering och bly i kroppen","datePublished":"2018-02-04T14:25:01+00:00","dateModified":"2020-12-17T15:16:38+00:00","mainEntityOfPage":{"@id":"https:\/\/blogg.svenskakyrkan.se\/diakonibloggen\/2018\/02\/04\/punktering-och-bly-i-kroppen\/"},"wordCount":528,"commentCount":1,"image":{"@id":"https:\/\/blogg.svenskakyrkan.se\/diakonibloggen\/2018\/02\/04\/punktering-och-bly-i-kroppen\/#primaryimage"},"thumbnailUrl":"http:\/\/blogg.svenskakyrkan.se\/diakonibloggen\/files\/2018\/01\/lena-kronberg-sjc3a4lvportrc3a4tt-i-vc3a4sterbotten.jpg?w=450","keywords":["ensamkommande","ensamkommande flyktingbarn"],"articleSection":["diakoni","flyktingar"],"inLanguage":"sv-SE","potentialAction":[{"@type":"CommentAction","name":"Comment","target":["https:\/\/blogg.svenskakyrkan.se\/diakonibloggen\/2018\/02\/04\/punktering-och-bly-i-kroppen\/#respond"]}]},{"@type":"WebPage","@id":"https:\/\/blogg.svenskakyrkan.se\/diakonibloggen\/2018\/02\/04\/punktering-och-bly-i-kroppen\/","url":"https:\/\/blogg.svenskakyrkan.se\/diakonibloggen\/2018\/02\/04\/punktering-och-bly-i-kroppen\/","name":"Punktering och bly i kroppen - Diakonibloggen","isPartOf":{"@id":"https:\/\/blogg.svenskakyrkan.se\/diakonibloggen\/#website"},"primaryImageOfPage":{"@id":"https:\/\/blogg.svenskakyrkan.se\/diakonibloggen\/2018\/02\/04\/punktering-och-bly-i-kroppen\/#primaryimage"},"image":{"@id":"https:\/\/blogg.svenskakyrkan.se\/diakonibloggen\/2018\/02\/04\/punktering-och-bly-i-kroppen\/#primaryimage"},"thumbnailUrl":"http:\/\/blogg.svenskakyrkan.se\/diakonibloggen\/files\/2018\/01\/lena-kronberg-sjc3a4lvportrc3a4tt-i-vc3a4sterbotten.jpg?w=450","datePublished":"2018-02-04T14:25:01+00:00","dateModified":"2020-12-17T15:16:38+00:00","author":{"@id":"https:\/\/blogg.svenskakyrkan.se\/diakonibloggen\/#\/schema\/person\/8f6a6fe8efab23c141c7e274fec6405f"},"breadcrumb":{"@id":"https:\/\/blogg.svenskakyrkan.se\/diakonibloggen\/2018\/02\/04\/punktering-och-bly-i-kroppen\/#breadcrumb"},"inLanguage":"sv-SE","potentialAction":[{"@type":"ReadAction","target":["https:\/\/blogg.svenskakyrkan.se\/diakonibloggen\/2018\/02\/04\/punktering-och-bly-i-kroppen\/"]}]},{"@type":"ImageObject","inLanguage":"sv-SE","@id":"https:\/\/blogg.svenskakyrkan.se\/diakonibloggen\/2018\/02\/04\/punktering-och-bly-i-kroppen\/#primaryimage","url":"http:\/\/blogg.svenskakyrkan.se\/diakonibloggen\/files\/2018\/01\/lena-kronberg-sjc3a4lvportrc3a4tt-i-vc3a4sterbotten.jpg?w=450","contentUrl":"http:\/\/blogg.svenskakyrkan.se\/diakonibloggen\/files\/2018\/01\/lena-kronberg-sjc3a4lvportrc3a4tt-i-vc3a4sterbotten.jpg?w=450"},{"@type":"BreadcrumbList","@id":"https:\/\/blogg.svenskakyrkan.se\/diakonibloggen\/2018\/02\/04\/punktering-och-bly-i-kroppen\/#breadcrumb","itemListElement":[{"@type":"ListItem","position":1,"name":"Hem","item":"https:\/\/blogg.svenskakyrkan.se\/diakonibloggen\/"},{"@type":"ListItem","position":2,"name":"Punktering och bly i kroppen"}]},{"@type":"WebSite","@id":"https:\/\/blogg.svenskakyrkan.se\/diakonibloggen\/#website","url":"https:\/\/blogg.svenskakyrkan.se\/diakonibloggen\/","name":"Diakonibloggen","description":"Vi lyfter fram, hyllar, diskuterar och inspirerar till diakonalt arbete inom och utanf\u00f6r Svenska kyrkans ramar.","potentialAction":[{"@type":"SearchAction","target":{"@type":"EntryPoint","urlTemplate":"https:\/\/blogg.svenskakyrkan.se\/diakonibloggen\/?s={search_term_string}"},"query-input":{"@type":"PropertyValueSpecification","valueRequired":true,"valueName":"search_term_string"}}],"inLanguage":"sv-SE"},{"@type":"Person","@id":"https:\/\/blogg.svenskakyrkan.se\/diakonibloggen\/#\/schema\/person\/8f6a6fe8efab23c141c7e274fec6405f","name":"diakonibloggen","image":{"@type":"ImageObject","inLanguage":"sv-SE","@id":"https:\/\/blogg.svenskakyrkan.se\/diakonibloggen\/#\/schema\/person\/image\/","url":"https:\/\/secure.gravatar.com\/avatar\/95c0ca86fd13e3d8c1b7b7e9864c9a2ccb7b48c6f756a3b5447bcc13dd630488?s=96&d=mm&r=g","contentUrl":"https:\/\/secure.gravatar.com\/avatar\/95c0ca86fd13e3d8c1b7b7e9864c9a2ccb7b48c6f756a3b5447bcc13dd630488?s=96&d=mm&r=g","caption":"diakonibloggen"},"url":"https:\/\/blogg.svenskakyrkan.se\/diakonibloggen\/author\/diakonibloggen\/"}]}},"author_meta":{"ID":"776","user_nicename":"diakonibloggen","user_registered":"2020-12-17 14:50:06","display_name":"diakonibloggen","avatar":"https:\/\/blogg.svenskakyrkan.se\/diakonibloggen\/files\/2021\/02\/Sk\u00e4rmavbild-2019-04-12-kl.-14.20.54-150x150.png"},"featured_image":false,"bloginfo":{"name":"Diakonibloggen","url":"https:\/\/blogg.svenskakyrkan.se\/diakonibloggen"},"_links":{"self":[{"href":"https:\/\/blogg.svenskakyrkan.se\/diakonibloggen\/wp-json\/wp\/v2\/posts\/6354","targetHints":{"allow":["GET"]}}],"collection":[{"href":"https:\/\/blogg.svenskakyrkan.se\/diakonibloggen\/wp-json\/wp\/v2\/posts"}],"about":[{"href":"https:\/\/blogg.svenskakyrkan.se\/diakonibloggen\/wp-json\/wp\/v2\/types\/post"}],"author":[{"embeddable":true,"href":"https:\/\/blogg.svenskakyrkan.se\/diakonibloggen\/wp-json\/wp\/v2\/users\/776"}],"replies":[{"embeddable":true,"href":"https:\/\/blogg.svenskakyrkan.se\/diakonibloggen\/wp-json\/wp\/v2\/comments?post=6354"}],"version-history":[{"count":1,"href":"https:\/\/blogg.svenskakyrkan.se\/diakonibloggen\/wp-json\/wp\/v2\/posts\/6354\/revisions"}],"predecessor-version":[{"id":8374,"href":"https:\/\/blogg.svenskakyrkan.se\/diakonibloggen\/wp-json\/wp\/v2\/posts\/6354\/revisions\/8374"}],"wp:attachment":[{"href":"https:\/\/blogg.svenskakyrkan.se\/diakonibloggen\/wp-json\/wp\/v2\/media?parent=6354"}],"wp:term":[{"taxonomy":"category","embeddable":true,"href":"https:\/\/blogg.svenskakyrkan.se\/diakonibloggen\/wp-json\/wp\/v2\/categories?post=6354"},{"taxonomy":"post_tag","embeddable":true,"href":"https:\/\/blogg.svenskakyrkan.se\/diakonibloggen\/wp-json\/wp\/v2\/tags?post=6354"}],"curies":[{"name":"wp","href":"https:\/\/api.w.org\/{rel}","templated":true}]}}