{"id":6390,"date":"2018-02-08T13:54:05","date_gmt":"2018-02-08T13:54:05","guid":{"rendered":"http:\/\/diakonibloggen.com\/?p=6390"},"modified":"2020-12-17T15:16:38","modified_gmt":"2020-12-17T15:16:38","slug":"krafttag-var-med-och-paverka","status":"publish","type":"post","link":"https:\/\/blogg.svenskakyrkan.se\/diakonibloggen\/2018\/02\/08\/krafttag-var-med-och-paverka\/","title":{"rendered":"Krafttag &#8211; var med och p\u00e5verka!"},"content":{"rendered":"<div>\n<div class=\"_1t_p clearfix\">\n<div class=\"_41ud\">\n<div class=\"clearfix _o46 _3erg _29_7 direction_ltr text_align_ltr\">\n<div class=\"_3058 _ui9 _hh7 _s1- _52mr _3oh-\">\n<div class=\"_aok\"><span class=\"_3oh- _58nk\"><a href=\"http:\/\/diakonibloggen.com\/2018\/02\/08\/krafttag-var-med-och-paverka\/portrait-1725252_1920\/\" rel=\"attachment wp-att-6391\"><img loading=\"lazy\" decoding=\"async\" class=\"alignleft size-medium wp-image-6391\" src=\"http:\/\/blogg.svenskakyrkan.se\/diakonibloggen\/files\/2018\/02\/portrait-1725252_1920.jpg?w=253\" alt=\"\" width=\"253\" height=\"450\" srcset=\"https:\/\/blogg.svenskakyrkan.se\/diakonibloggen\/files\/2018\/02\/portrait-1725252_1920.jpg 1080w, https:\/\/blogg.svenskakyrkan.se\/diakonibloggen\/files\/2018\/02\/portrait-1725252_1920-169x300.jpg 169w, https:\/\/blogg.svenskakyrkan.se\/diakonibloggen\/files\/2018\/02\/portrait-1725252_1920-576x1024.jpg 576w, https:\/\/blogg.svenskakyrkan.se\/diakonibloggen\/files\/2018\/02\/portrait-1725252_1920-768x1365.jpg 768w, https:\/\/blogg.svenskakyrkan.se\/diakonibloggen\/files\/2018\/02\/portrait-1725252_1920-864x1536.jpg 864w\" sizes=\"auto, (max-width: 253px) 100vw, 253px\" \/><\/a>Under flera m\u00e5nader har vi och olika g\u00e4stbloggare\u00a0skrivit om de unga ensamkommandes situation. Vid flera tillf\u00e4llen har r\u00f6ster fr\u00e5n #vist\u00e5rinteut -r\u00f6relsen lyft b\u00e5de enskilda ber\u00e4ttelser men \u00e4ven hur situationen ser ut generellt f\u00f6r m\u00e5nga av de ensamkommande som nu st\u00e5r inf\u00f6r hot om avvisning.<\/span><\/div>\n<div class=\"_aok\">\n<p><span class=\"_3oh- _58nk\">Kinna, en av grundarna och talesperson f\u00f6r #vist\u00e5rinteut mailade oss:<\/span><\/p>\n<p>&#8221;Mitt namn \u00e4r Kinna och jag \u00e4r en av grundarna och talespersonerna f\u00f6r #vist\u00e5rinteut.<br \/>\nVi har nu k\u00e4mpat i 1 \u00e5r och 4 m\u00e5nader i stort sett dygnet runt f\u00f6r att f\u00f6r\u00e4ndra den hemska situation som s\u00e5 m\u00e5nga ensamkommande ungdomar befunnit\/befinner sig i. Som ni och alla andra vet som har funnits n\u00e4ra dessa ungdomar har det redan sk\u00f6rdat 15 unga m\u00e4nniskors liv och vi har kartlagt \u00f6ver 230 sj\u00e4lvmordsf\u00f6rs\u00f6k f\u00f6rra \u00e5ret. Situationen \u00e4r katastrofal.<\/p>\n<p>Vi b\u00f6rjar osannolikt nog n\u00e4rma oss en l\u00f6sning, som inte kommer r\u00e4dda alla de som varit h\u00e4r i flera \u00e5r och nu m\u00e5r otroligt d\u00e5ligt eftersom de lever i limbo och den psykiska oh\u00e4lsan blir s\u00e4mre och s\u00e4mre f\u00f6r varje dag, men som kan r\u00e4dda v\u00e4ldigt m\u00e5nga. Vi tror att vi och de remissinstanser som ska uttala sig om lagf\u00f6rslaget fr\u00e5n regeringen kan p\u00e5verkas och omfatta \u00e4nnu fler ifall det nu kommande veckor skapas en tydligt starkare och starkare opinion.&#8221;<\/p>\n<\/div>\n<div>\u00a0<span class=\"_3oh- _58nk\">#Vist\u00e5rinteut v\u00e4djar om hj\u00e4lp i mobiliseringsarbetet. Mycket av det kommunikativa arbetet bedrivs genom facebookssidan\u00a0&#8221;Vi st\u00e5r inte ut men vi slutar aldrig k\u00e4mpa&#8221; och ju fler som gillar sidan ju st\u00f6rre r\u00e4ckvidd och tyngd f\u00e5r arbetet.\u00a0<\/span><\/div>\n<div><\/div>\n<div class=\"_aok\"><span class=\"_3oh- _58nk\">S\u00e5 vi hoppas att vi tillsammans kan hj\u00e4lpas \u00e5t\u00a0och p\u00e5verka. <a href=\"https:\/\/m.facebook.com\/vistarinteut\/\">H\u00e4r kommer l\u00e4nk till sidan &#8211; in och gilla!<\/a><\/span><\/div>\n<div class=\"_aok\"><span class=\"_3oh- _58nk\">https:\/\/m.facebook.com\/vistarinteut\/<\/span><\/div>\n<div class=\"_aok\">\n<div class=\"_3bwx\">\n<div><\/div>\n<div class=\"__6k _3ayf _2phz\"><em>Vi st\u00e5r inte ut men vi slutar aldrig k\u00e4mpa<\/em><\/div>\n<\/div>\n<div class=\"_3bwx\">\n<div class=\"_3ayi _2pi7 _2pio\">\n<div><em>Icke-statlig organisation (NGO)<\/em><\/div>\n<div><em>Norra Hamngatan 18, 41106 G\u00f6teborg<\/em><\/div>\n<\/div>\n<div><\/div>\n<div>P\u00e5 Diakonibloggen har vi\u00a0skrivit om\u00a0flyktingar tidigare, men som l\u00e4get \u00e4r nu kan vi helt enkelt inte\u00a0l\u00e5ta bli att\u00a0lyfta situationen igen, denna g\u00e5ng med fokus p\u00e5 alla ensamkommande barn och ungdomar som lever under enorm press i v\u00e4ntan p\u00e5 eventuell avvisning och \u00e5terresa. Maila g\u00e4rna tankar och ber\u00e4ttelser till diakoni.se@gmail.com. \/Karin och Lotta<\/div>\n<\/div>\n<p>&nbsp;<\/p>\n<p>&nbsp;<\/p>\n<\/div>\n<\/div>\n<div class=\"_3058 _15gf\">\n<div class=\"_52mr _2poz _ui9 _4skb\"><\/div>\n<\/div>\n<\/div>\n<\/div>\n<\/div>\n<\/div>\n<div>\n<div class=\"_1t_p clearfix\">\n<div class=\"_1t_q\">\n<div class=\"_4ldz _1t_r\">\n<div class=\"_4ld-\"><\/div>\n<\/div>\n<\/div>\n<div class=\"_41ud\">\n<h5 class=\"_ih3 _-ne\"><\/h5>\n<div class=\"clearfix _o46 _3erg _29_7 direction_ltr text_align_ltr\">\n<div class=\"_3058 _ui9 _hh7 _s1- _52mr _3oh-\"><\/div>\n<\/div>\n<\/div>\n<\/div>\n<\/div>\n","protected":false},"excerpt":{"rendered":"<p>Under flera m\u00e5nader har vi och olika g\u00e4stbloggare\u00a0skrivit om de unga ensamkommandes situation. Vid flera tillf\u00e4llen har r\u00f6ster fr\u00e5n #vist\u00e5rinteut -r\u00f6relsen lyft b\u00e5de enskilda ber\u00e4ttelser men \u00e4ven hur situationen ser ut generellt f\u00f6r m\u00e5nga av de ensamkommande som nu st\u00e5r inf\u00f6r hot om avvisning. Kinna, en av grundarna och talesperson f\u00f6r #vist\u00e5rinteut mailade oss: &#8221;Mitt [&hellip;]<\/p>\n","protected":false},"author":776,"featured_media":0,"comment_status":"open","ping_status":"open","sticky":false,"template":"","format":"standard","meta":{"_acf_changed":false,"footnotes":""},"categories":[23302,23310],"tags":[23370,23480,23870,23874],"class_list":["post-6390","post","type-post","status-publish","format-standard","hentry","category-diakoni","category-flyktingar","tag-vistarinteut","tag-asylpolitik","tag-ensamkommande","tag-ensamkommande-ungdomar"],"acf":[],"yoast_head":"<!-- This site is optimized with the Yoast SEO plugin v27.1.1 - https:\/\/yoast.com\/product\/yoast-seo-wordpress\/ -->\n<title>Krafttag - var med och p\u00e5verka! - Diakonibloggen<\/title>\n<meta name=\"robots\" content=\"index, follow, max-snippet:-1, max-image-preview:large, max-video-preview:-1\" \/>\n<link rel=\"canonical\" href=\"https:\/\/blogg.svenskakyrkan.se\/diakonibloggen\/2018\/02\/08\/krafttag-var-med-och-paverka\/\" \/>\n<meta property=\"og:locale\" content=\"sv_SE\" \/>\n<meta property=\"og:type\" content=\"article\" \/>\n<meta property=\"og:title\" content=\"Krafttag - var med och p\u00e5verka! - Diakonibloggen\" \/>\n<meta property=\"og:description\" content=\"Under flera m\u00e5nader har vi och olika g\u00e4stbloggare\u00a0skrivit om de unga ensamkommandes situation. Vid flera tillf\u00e4llen har r\u00f6ster fr\u00e5n #vist\u00e5rinteut -r\u00f6relsen lyft b\u00e5de enskilda ber\u00e4ttelser men \u00e4ven hur situationen ser ut generellt f\u00f6r m\u00e5nga av de ensamkommande som nu st\u00e5r inf\u00f6r hot om avvisning. Kinna, en av grundarna och talesperson f\u00f6r #vist\u00e5rinteut mailade oss: &#8221;Mitt [&hellip;]\" \/>\n<meta property=\"og:url\" content=\"https:\/\/blogg.svenskakyrkan.se\/diakonibloggen\/2018\/02\/08\/krafttag-var-med-och-paverka\/\" \/>\n<meta property=\"og:site_name\" content=\"Diakonibloggen\" \/>\n<meta property=\"article:published_time\" content=\"2018-02-08T13:54:05+00:00\" \/>\n<meta property=\"article:modified_time\" content=\"2020-12-17T15:16:38+00:00\" \/>\n<meta property=\"og:image\" content=\"http:\/\/blogg.svenskakyrkan.se\/diakonibloggen\/files\/2018\/02\/portrait-1725252_1920.jpg?w=253\" \/>\n<meta name=\"author\" content=\"diakonibloggen\" \/>\n<meta name=\"twitter:card\" content=\"summary_large_image\" \/>\n<meta name=\"twitter:label1\" content=\"Skriven av\" \/>\n\t<meta name=\"twitter:data1\" content=\"diakonibloggen\" \/>\n\t<meta name=\"twitter:label2\" content=\"Ber\u00e4knad l\u00e4stid\" \/>\n\t<meta name=\"twitter:data2\" content=\"2 minuter\" \/>\n<script type=\"application\/ld+json\" class=\"yoast-schema-graph\">{\"@context\":\"https:\/\/schema.org\",\"@graph\":[{\"@type\":\"Article\",\"@id\":\"https:\/\/blogg.svenskakyrkan.se\/diakonibloggen\/2018\/02\/08\/krafttag-var-med-och-paverka\/#article\",\"isPartOf\":{\"@id\":\"https:\/\/blogg.svenskakyrkan.se\/diakonibloggen\/2018\/02\/08\/krafttag-var-med-och-paverka\/\"},\"author\":{\"name\":\"diakonibloggen\",\"@id\":\"https:\/\/blogg.svenskakyrkan.se\/diakonibloggen\/#\/schema\/person\/8f6a6fe8efab23c141c7e274fec6405f\"},\"headline\":\"Krafttag &#8211; var med och p\u00e5verka!\",\"datePublished\":\"2018-02-08T13:54:05+00:00\",\"dateModified\":\"2020-12-17T15:16:38+00:00\",\"mainEntityOfPage\":{\"@id\":\"https:\/\/blogg.svenskakyrkan.se\/diakonibloggen\/2018\/02\/08\/krafttag-var-med-och-paverka\/\"},\"wordCount\":419,\"commentCount\":0,\"image\":{\"@id\":\"https:\/\/blogg.svenskakyrkan.se\/diakonibloggen\/2018\/02\/08\/krafttag-var-med-och-paverka\/#primaryimage\"},\"thumbnailUrl\":\"http:\/\/blogg.svenskakyrkan.se\/diakonibloggen\/files\/2018\/02\/portrait-1725252_1920.jpg?w=253\",\"keywords\":[\"#vist\u00e5rinteut\",\"asylpolitik\",\"ensamkommande\",\"ensamkommande ungdomar\"],\"articleSection\":[\"diakoni\",\"flyktingar\"],\"inLanguage\":\"sv-SE\",\"potentialAction\":[{\"@type\":\"CommentAction\",\"name\":\"Comment\",\"target\":[\"https:\/\/blogg.svenskakyrkan.se\/diakonibloggen\/2018\/02\/08\/krafttag-var-med-och-paverka\/#respond\"]}]},{\"@type\":\"WebPage\",\"@id\":\"https:\/\/blogg.svenskakyrkan.se\/diakonibloggen\/2018\/02\/08\/krafttag-var-med-och-paverka\/\",\"url\":\"https:\/\/blogg.svenskakyrkan.se\/diakonibloggen\/2018\/02\/08\/krafttag-var-med-och-paverka\/\",\"name\":\"Krafttag - var med och p\u00e5verka! - Diakonibloggen\",\"isPartOf\":{\"@id\":\"https:\/\/blogg.svenskakyrkan.se\/diakonibloggen\/#website\"},\"primaryImageOfPage\":{\"@id\":\"https:\/\/blogg.svenskakyrkan.se\/diakonibloggen\/2018\/02\/08\/krafttag-var-med-och-paverka\/#primaryimage\"},\"image\":{\"@id\":\"https:\/\/blogg.svenskakyrkan.se\/diakonibloggen\/2018\/02\/08\/krafttag-var-med-och-paverka\/#primaryimage\"},\"thumbnailUrl\":\"http:\/\/blogg.svenskakyrkan.se\/diakonibloggen\/files\/2018\/02\/portrait-1725252_1920.jpg?w=253\",\"datePublished\":\"2018-02-08T13:54:05+00:00\",\"dateModified\":\"2020-12-17T15:16:38+00:00\",\"author\":{\"@id\":\"https:\/\/blogg.svenskakyrkan.se\/diakonibloggen\/#\/schema\/person\/8f6a6fe8efab23c141c7e274fec6405f\"},\"breadcrumb\":{\"@id\":\"https:\/\/blogg.svenskakyrkan.se\/diakonibloggen\/2018\/02\/08\/krafttag-var-med-och-paverka\/#breadcrumb\"},\"inLanguage\":\"sv-SE\",\"potentialAction\":[{\"@type\":\"ReadAction\",\"target\":[\"https:\/\/blogg.svenskakyrkan.se\/diakonibloggen\/2018\/02\/08\/krafttag-var-med-och-paverka\/\"]}]},{\"@type\":\"ImageObject\",\"inLanguage\":\"sv-SE\",\"@id\":\"https:\/\/blogg.svenskakyrkan.se\/diakonibloggen\/2018\/02\/08\/krafttag-var-med-och-paverka\/#primaryimage\",\"url\":\"http:\/\/blogg.svenskakyrkan.se\/diakonibloggen\/files\/2018\/02\/portrait-1725252_1920.jpg?w=253\",\"contentUrl\":\"http:\/\/blogg.svenskakyrkan.se\/diakonibloggen\/files\/2018\/02\/portrait-1725252_1920.jpg?w=253\"},{\"@type\":\"BreadcrumbList\",\"@id\":\"https:\/\/blogg.svenskakyrkan.se\/diakonibloggen\/2018\/02\/08\/krafttag-var-med-och-paverka\/#breadcrumb\",\"itemListElement\":[{\"@type\":\"ListItem\",\"position\":1,\"name\":\"Hem\",\"item\":\"https:\/\/blogg.svenskakyrkan.se\/diakonibloggen\/\"},{\"@type\":\"ListItem\",\"position\":2,\"name\":\"Krafttag &#8211; var med och p\u00e5verka!\"}]},{\"@type\":\"WebSite\",\"@id\":\"https:\/\/blogg.svenskakyrkan.se\/diakonibloggen\/#website\",\"url\":\"https:\/\/blogg.svenskakyrkan.se\/diakonibloggen\/\",\"name\":\"Diakonibloggen\",\"description\":\"Vi lyfter fram, hyllar, diskuterar och inspirerar till diakonalt arbete inom och utanf\u00f6r Svenska kyrkans ramar.\",\"potentialAction\":[{\"@type\":\"SearchAction\",\"target\":{\"@type\":\"EntryPoint\",\"urlTemplate\":\"https:\/\/blogg.svenskakyrkan.se\/diakonibloggen\/?s={search_term_string}\"},\"query-input\":{\"@type\":\"PropertyValueSpecification\",\"valueRequired\":true,\"valueName\":\"search_term_string\"}}],\"inLanguage\":\"sv-SE\"},{\"@type\":\"Person\",\"@id\":\"https:\/\/blogg.svenskakyrkan.se\/diakonibloggen\/#\/schema\/person\/8f6a6fe8efab23c141c7e274fec6405f\",\"name\":\"diakonibloggen\",\"image\":{\"@type\":\"ImageObject\",\"inLanguage\":\"sv-SE\",\"@id\":\"https:\/\/blogg.svenskakyrkan.se\/diakonibloggen\/#\/schema\/person\/image\/\",\"url\":\"https:\/\/secure.gravatar.com\/avatar\/95c0ca86fd13e3d8c1b7b7e9864c9a2ccb7b48c6f756a3b5447bcc13dd630488?s=96&d=mm&r=g\",\"contentUrl\":\"https:\/\/secure.gravatar.com\/avatar\/95c0ca86fd13e3d8c1b7b7e9864c9a2ccb7b48c6f756a3b5447bcc13dd630488?s=96&d=mm&r=g\",\"caption\":\"diakonibloggen\"},\"url\":\"https:\/\/blogg.svenskakyrkan.se\/diakonibloggen\/author\/diakonibloggen\/\"}]}<\/script>\n<!-- \/ Yoast SEO plugin. -->","yoast_head_json":{"title":"Krafttag - var med och p\u00e5verka! - Diakonibloggen","robots":{"index":"index","follow":"follow","max-snippet":"max-snippet:-1","max-image-preview":"max-image-preview:large","max-video-preview":"max-video-preview:-1"},"canonical":"https:\/\/blogg.svenskakyrkan.se\/diakonibloggen\/2018\/02\/08\/krafttag-var-med-och-paverka\/","og_locale":"sv_SE","og_type":"article","og_title":"Krafttag - var med och p\u00e5verka! - Diakonibloggen","og_description":"Under flera m\u00e5nader har vi och olika g\u00e4stbloggare\u00a0skrivit om de unga ensamkommandes situation. Vid flera tillf\u00e4llen har r\u00f6ster fr\u00e5n #vist\u00e5rinteut -r\u00f6relsen lyft b\u00e5de enskilda ber\u00e4ttelser men \u00e4ven hur situationen ser ut generellt f\u00f6r m\u00e5nga av de ensamkommande som nu st\u00e5r inf\u00f6r hot om avvisning. Kinna, en av grundarna och talesperson f\u00f6r #vist\u00e5rinteut mailade oss: &#8221;Mitt [&hellip;]","og_url":"https:\/\/blogg.svenskakyrkan.se\/diakonibloggen\/2018\/02\/08\/krafttag-var-med-och-paverka\/","og_site_name":"Diakonibloggen","article_published_time":"2018-02-08T13:54:05+00:00","article_modified_time":"2020-12-17T15:16:38+00:00","og_image":[{"url":"http:\/\/blogg.svenskakyrkan.se\/diakonibloggen\/files\/2018\/02\/portrait-1725252_1920.jpg?w=253","type":"","width":"","height":""}],"author":"diakonibloggen","twitter_card":"summary_large_image","twitter_misc":{"Skriven av":"diakonibloggen","Ber\u00e4knad l\u00e4stid":"2 minuter"},"schema":{"@context":"https:\/\/schema.org","@graph":[{"@type":"Article","@id":"https:\/\/blogg.svenskakyrkan.se\/diakonibloggen\/2018\/02\/08\/krafttag-var-med-och-paverka\/#article","isPartOf":{"@id":"https:\/\/blogg.svenskakyrkan.se\/diakonibloggen\/2018\/02\/08\/krafttag-var-med-och-paverka\/"},"author":{"name":"diakonibloggen","@id":"https:\/\/blogg.svenskakyrkan.se\/diakonibloggen\/#\/schema\/person\/8f6a6fe8efab23c141c7e274fec6405f"},"headline":"Krafttag &#8211; var med och p\u00e5verka!","datePublished":"2018-02-08T13:54:05+00:00","dateModified":"2020-12-17T15:16:38+00:00","mainEntityOfPage":{"@id":"https:\/\/blogg.svenskakyrkan.se\/diakonibloggen\/2018\/02\/08\/krafttag-var-med-och-paverka\/"},"wordCount":419,"commentCount":0,"image":{"@id":"https:\/\/blogg.svenskakyrkan.se\/diakonibloggen\/2018\/02\/08\/krafttag-var-med-och-paverka\/#primaryimage"},"thumbnailUrl":"http:\/\/blogg.svenskakyrkan.se\/diakonibloggen\/files\/2018\/02\/portrait-1725252_1920.jpg?w=253","keywords":["#vist\u00e5rinteut","asylpolitik","ensamkommande","ensamkommande ungdomar"],"articleSection":["diakoni","flyktingar"],"inLanguage":"sv-SE","potentialAction":[{"@type":"CommentAction","name":"Comment","target":["https:\/\/blogg.svenskakyrkan.se\/diakonibloggen\/2018\/02\/08\/krafttag-var-med-och-paverka\/#respond"]}]},{"@type":"WebPage","@id":"https:\/\/blogg.svenskakyrkan.se\/diakonibloggen\/2018\/02\/08\/krafttag-var-med-och-paverka\/","url":"https:\/\/blogg.svenskakyrkan.se\/diakonibloggen\/2018\/02\/08\/krafttag-var-med-och-paverka\/","name":"Krafttag - var med och p\u00e5verka! - Diakonibloggen","isPartOf":{"@id":"https:\/\/blogg.svenskakyrkan.se\/diakonibloggen\/#website"},"primaryImageOfPage":{"@id":"https:\/\/blogg.svenskakyrkan.se\/diakonibloggen\/2018\/02\/08\/krafttag-var-med-och-paverka\/#primaryimage"},"image":{"@id":"https:\/\/blogg.svenskakyrkan.se\/diakonibloggen\/2018\/02\/08\/krafttag-var-med-och-paverka\/#primaryimage"},"thumbnailUrl":"http:\/\/blogg.svenskakyrkan.se\/diakonibloggen\/files\/2018\/02\/portrait-1725252_1920.jpg?w=253","datePublished":"2018-02-08T13:54:05+00:00","dateModified":"2020-12-17T15:16:38+00:00","author":{"@id":"https:\/\/blogg.svenskakyrkan.se\/diakonibloggen\/#\/schema\/person\/8f6a6fe8efab23c141c7e274fec6405f"},"breadcrumb":{"@id":"https:\/\/blogg.svenskakyrkan.se\/diakonibloggen\/2018\/02\/08\/krafttag-var-med-och-paverka\/#breadcrumb"},"inLanguage":"sv-SE","potentialAction":[{"@type":"ReadAction","target":["https:\/\/blogg.svenskakyrkan.se\/diakonibloggen\/2018\/02\/08\/krafttag-var-med-och-paverka\/"]}]},{"@type":"ImageObject","inLanguage":"sv-SE","@id":"https:\/\/blogg.svenskakyrkan.se\/diakonibloggen\/2018\/02\/08\/krafttag-var-med-och-paverka\/#primaryimage","url":"http:\/\/blogg.svenskakyrkan.se\/diakonibloggen\/files\/2018\/02\/portrait-1725252_1920.jpg?w=253","contentUrl":"http:\/\/blogg.svenskakyrkan.se\/diakonibloggen\/files\/2018\/02\/portrait-1725252_1920.jpg?w=253"},{"@type":"BreadcrumbList","@id":"https:\/\/blogg.svenskakyrkan.se\/diakonibloggen\/2018\/02\/08\/krafttag-var-med-och-paverka\/#breadcrumb","itemListElement":[{"@type":"ListItem","position":1,"name":"Hem","item":"https:\/\/blogg.svenskakyrkan.se\/diakonibloggen\/"},{"@type":"ListItem","position":2,"name":"Krafttag &#8211; var med och p\u00e5verka!"}]},{"@type":"WebSite","@id":"https:\/\/blogg.svenskakyrkan.se\/diakonibloggen\/#website","url":"https:\/\/blogg.svenskakyrkan.se\/diakonibloggen\/","name":"Diakonibloggen","description":"Vi lyfter fram, hyllar, diskuterar och inspirerar till diakonalt arbete inom och utanf\u00f6r Svenska kyrkans ramar.","potentialAction":[{"@type":"SearchAction","target":{"@type":"EntryPoint","urlTemplate":"https:\/\/blogg.svenskakyrkan.se\/diakonibloggen\/?s={search_term_string}"},"query-input":{"@type":"PropertyValueSpecification","valueRequired":true,"valueName":"search_term_string"}}],"inLanguage":"sv-SE"},{"@type":"Person","@id":"https:\/\/blogg.svenskakyrkan.se\/diakonibloggen\/#\/schema\/person\/8f6a6fe8efab23c141c7e274fec6405f","name":"diakonibloggen","image":{"@type":"ImageObject","inLanguage":"sv-SE","@id":"https:\/\/blogg.svenskakyrkan.se\/diakonibloggen\/#\/schema\/person\/image\/","url":"https:\/\/secure.gravatar.com\/avatar\/95c0ca86fd13e3d8c1b7b7e9864c9a2ccb7b48c6f756a3b5447bcc13dd630488?s=96&d=mm&r=g","contentUrl":"https:\/\/secure.gravatar.com\/avatar\/95c0ca86fd13e3d8c1b7b7e9864c9a2ccb7b48c6f756a3b5447bcc13dd630488?s=96&d=mm&r=g","caption":"diakonibloggen"},"url":"https:\/\/blogg.svenskakyrkan.se\/diakonibloggen\/author\/diakonibloggen\/"}]}},"author_meta":{"ID":"776","user_nicename":"diakonibloggen","user_registered":"2020-12-17 14:50:06","display_name":"diakonibloggen","avatar":"https:\/\/blogg.svenskakyrkan.se\/diakonibloggen\/files\/2021\/02\/Sk\u00e4rmavbild-2019-04-12-kl.-14.20.54-150x150.png"},"featured_image":false,"bloginfo":{"name":"Diakonibloggen","url":"https:\/\/blogg.svenskakyrkan.se\/diakonibloggen"},"_links":{"self":[{"href":"https:\/\/blogg.svenskakyrkan.se\/diakonibloggen\/wp-json\/wp\/v2\/posts\/6390","targetHints":{"allow":["GET"]}}],"collection":[{"href":"https:\/\/blogg.svenskakyrkan.se\/diakonibloggen\/wp-json\/wp\/v2\/posts"}],"about":[{"href":"https:\/\/blogg.svenskakyrkan.se\/diakonibloggen\/wp-json\/wp\/v2\/types\/post"}],"author":[{"embeddable":true,"href":"https:\/\/blogg.svenskakyrkan.se\/diakonibloggen\/wp-json\/wp\/v2\/users\/776"}],"replies":[{"embeddable":true,"href":"https:\/\/blogg.svenskakyrkan.se\/diakonibloggen\/wp-json\/wp\/v2\/comments?post=6390"}],"version-history":[{"count":1,"href":"https:\/\/blogg.svenskakyrkan.se\/diakonibloggen\/wp-json\/wp\/v2\/posts\/6390\/revisions"}],"predecessor-version":[{"id":8373,"href":"https:\/\/blogg.svenskakyrkan.se\/diakonibloggen\/wp-json\/wp\/v2\/posts\/6390\/revisions\/8373"}],"wp:attachment":[{"href":"https:\/\/blogg.svenskakyrkan.se\/diakonibloggen\/wp-json\/wp\/v2\/media?parent=6390"}],"wp:term":[{"taxonomy":"category","embeddable":true,"href":"https:\/\/blogg.svenskakyrkan.se\/diakonibloggen\/wp-json\/wp\/v2\/categories?post=6390"},{"taxonomy":"post_tag","embeddable":true,"href":"https:\/\/blogg.svenskakyrkan.se\/diakonibloggen\/wp-json\/wp\/v2\/tags?post=6390"}],"curies":[{"name":"wp","href":"https:\/\/api.w.org\/{rel}","templated":true}]}}