{"id":6423,"date":"2018-02-25T18:51:01","date_gmt":"2018-02-25T18:51:01","guid":{"rendered":"http:\/\/diakonibloggen.com\/?p=6423"},"modified":"2020-12-17T15:16:29","modified_gmt":"2020-12-17T15:16:29","slug":"jag-onskar-att-hon-kan-kanna-att-nagon-bryr-sig-om-honom","status":"publish","type":"post","link":"https:\/\/blogg.svenskakyrkan.se\/diakonibloggen\/2018\/02\/25\/jag-onskar-att-hon-kan-kanna-att-nagon-bryr-sig-om-honom\/","title":{"rendered":"Jag \u00f6nskar att hon kan k\u00e4nna att n\u00e5gon bryr sig om honom"},"content":{"rendered":"<p><a href=\"http:\/\/diakonibloggen.com\/2018\/02\/25\/jag-onskar-att-hon-kan-kanna-att-nagon-bryr-sig-om-honom\/image1-2\/\" rel=\"attachment wp-att-6425\"><img loading=\"lazy\" decoding=\"async\" class=\"alignleft size-medium wp-image-6425\" src=\"http:\/\/blogg.svenskakyrkan.se\/diakonibloggen\/files\/2018\/02\/image1.jpeg?w=338\" alt=\"\" width=\"338\" height=\"450\" \/><\/a>I morse satt jag p\u00e5 hans s\u00e4ngkant. Han sov i flickrummet, i den vita j\u00e4rns\u00e4ngen. Hans huvud med det rufsiga, m\u00f6rka, silkeslena h\u00e5ret mot det vita \u00f6rngottet med trollkarlar, stj\u00e4rnor och kaniner. Ansiktet lite \u00e5t sidan, andningen lugn och hj\u00e4rtat som dunkade i hans br\u00f6st.<\/p>\n<p>En ung pojke &#8211; ett barn. Ett av de barn som kom till mig. P\u00e5 de sv\u00e5raste v\u00e4gar. Han, vars mamma s\u00e5lde de smycken som hon fick av hans pappa n\u00e4r de gifte sig. Hon s\u00e5lde sina smycken f\u00f6r att han skulle kunna fly, kunna leva. Han l\u00e4mnade sin mamma, sina br\u00f6der och systrar. Han l\u00e4mnade sitt hem f\u00f6r att ge sig ut p\u00e5 den v\u00e4rsta resan.<\/p>\n<p>Och han blev s\u00e5ld. N\u00e5gon s\u00e5lde honom &#8211; och n\u00e5gon k\u00f6pte honom. N\u00e5gon s\u00e5lde en pojke och n\u00e5gon annan k\u00f6pte en pojke.<\/p>\n<p>S\u00e5 kom han till Sverige, han kom till mig, till mitt hj\u00e4rta. Nu s\u00e4ger han mamma till mig och mitt hj\u00e4rta blir varmt. Och jag t\u00e4nker p\u00e5 henne, p\u00e5 hans mamma. Jag \u00f6nskar att hon kan k\u00e4nna att n\u00e5gon bryr sig om honom, att n\u00e5gon vill honom v\u00e4l. Att n\u00e5gon vill l\u00e4ka s\u00e5ren i hans hj\u00e4rta, i hans sj\u00e4l. Att n\u00e5gon \u00e4lskar hennes pojke.<\/p>\n<p>Och jag ser honom sova d\u00e4r med ansiktet lite \u00e5t sidan och jag t\u00e4nker att aldrig ska du ligga s\u00e5 p\u00e5 Afghanistans mark. Aldrig, \u00e4lskade unge, ska du ligga d\u00e4r med ansiktet bortv\u00e4nt utan att andas. Med ett hj\u00e4rta som slutat att sl\u00e5.<\/p>\n<p>Linda Karlsson<br \/>\nAktivist och socialist med solidaritet, medm\u00e4nsklighet och civilkurage som ledord. Just do it!<\/p>\n<p>P\u00e5 Diakonibloggen har vi\u00a0skrivit om\u00a0flyktingar tidigare, men som l\u00e4get \u00e4r nu kan vi helt enkelt inte\u00a0l\u00e5ta bli att\u00a0lyfta situationen igen, denna g\u00e5ng med fokus p\u00e5 alla ensamkommande barn och ungdomar som lever under enorm press i v\u00e4ntan p\u00e5 eventuell avvisning och \u00e5terresa. Maila g\u00e4rna tankar och ber\u00e4ttelser till diakoni.se@gmail.com. \/Karin och Lotta<\/p>\n","protected":false},"excerpt":{"rendered":"<p>I morse satt jag p\u00e5 hans s\u00e4ngkant. Han sov i flickrummet, i den vita j\u00e4rns\u00e4ngen. Hans huvud med det rufsiga, m\u00f6rka, silkeslena h\u00e5ret mot det vita \u00f6rngottet med trollkarlar, stj\u00e4rnor och kaniner. Ansiktet lite \u00e5t sidan, andningen lugn och hj\u00e4rtat som dunkade i hans br\u00f6st. En ung pojke &#8211; ett barn. Ett av de barn [&hellip;]<\/p>\n","protected":false},"author":776,"featured_media":0,"comment_status":"open","ping_status":"open","sticky":false,"template":"","format":"standard","meta":{"_acf_changed":false,"footnotes":""},"categories":[23302],"tags":[23480,23870,23873,23991],"class_list":["post-6423","post","type-post","status-publish","format-standard","hentry","category-diakoni","tag-asylpolitik","tag-ensamkommande","tag-ensamkommande-flyktingbarn","tag-flyktingar"],"acf":[],"yoast_head":"<!-- This site is optimized with the Yoast SEO plugin v27.1.1 - https:\/\/yoast.com\/product\/yoast-seo-wordpress\/ -->\n<title>Jag \u00f6nskar att hon kan k\u00e4nna att n\u00e5gon bryr sig om honom - Diakonibloggen<\/title>\n<meta name=\"robots\" content=\"index, follow, max-snippet:-1, max-image-preview:large, max-video-preview:-1\" \/>\n<link rel=\"canonical\" href=\"https:\/\/blogg.svenskakyrkan.se\/diakonibloggen\/2018\/02\/25\/jag-onskar-att-hon-kan-kanna-att-nagon-bryr-sig-om-honom\/\" \/>\n<meta property=\"og:locale\" content=\"sv_SE\" \/>\n<meta property=\"og:type\" content=\"article\" \/>\n<meta property=\"og:title\" content=\"Jag \u00f6nskar att hon kan k\u00e4nna att n\u00e5gon bryr sig om honom - Diakonibloggen\" \/>\n<meta property=\"og:description\" content=\"I morse satt jag p\u00e5 hans s\u00e4ngkant. Han sov i flickrummet, i den vita j\u00e4rns\u00e4ngen. Hans huvud med det rufsiga, m\u00f6rka, silkeslena h\u00e5ret mot det vita \u00f6rngottet med trollkarlar, stj\u00e4rnor och kaniner. Ansiktet lite \u00e5t sidan, andningen lugn och hj\u00e4rtat som dunkade i hans br\u00f6st. En ung pojke &#8211; ett barn. Ett av de barn [&hellip;]\" \/>\n<meta property=\"og:url\" content=\"https:\/\/blogg.svenskakyrkan.se\/diakonibloggen\/2018\/02\/25\/jag-onskar-att-hon-kan-kanna-att-nagon-bryr-sig-om-honom\/\" \/>\n<meta property=\"og:site_name\" content=\"Diakonibloggen\" \/>\n<meta property=\"article:published_time\" content=\"2018-02-25T18:51:01+00:00\" \/>\n<meta property=\"article:modified_time\" content=\"2020-12-17T15:16:29+00:00\" \/>\n<meta property=\"og:image\" content=\"http:\/\/blogg.svenskakyrkan.se\/diakonibloggen\/files\/2018\/02\/image1.jpeg?w=338\" \/>\n<meta name=\"author\" content=\"diakonibloggen\" \/>\n<meta name=\"twitter:card\" content=\"summary_large_image\" \/>\n<meta name=\"twitter:label1\" content=\"Skriven av\" \/>\n\t<meta name=\"twitter:data1\" content=\"diakonibloggen\" \/>\n\t<meta name=\"twitter:label2\" content=\"Ber\u00e4knad l\u00e4stid\" \/>\n\t<meta name=\"twitter:data2\" content=\"2 minuter\" \/>\n<script type=\"application\/ld+json\" class=\"yoast-schema-graph\">{\"@context\":\"https:\/\/schema.org\",\"@graph\":[{\"@type\":\"Article\",\"@id\":\"https:\/\/blogg.svenskakyrkan.se\/diakonibloggen\/2018\/02\/25\/jag-onskar-att-hon-kan-kanna-att-nagon-bryr-sig-om-honom\/#article\",\"isPartOf\":{\"@id\":\"https:\/\/blogg.svenskakyrkan.se\/diakonibloggen\/2018\/02\/25\/jag-onskar-att-hon-kan-kanna-att-nagon-bryr-sig-om-honom\/\"},\"author\":{\"name\":\"diakonibloggen\",\"@id\":\"https:\/\/blogg.svenskakyrkan.se\/diakonibloggen\/#\/schema\/person\/8f6a6fe8efab23c141c7e274fec6405f\"},\"headline\":\"Jag \u00f6nskar att hon kan k\u00e4nna att n\u00e5gon bryr sig om honom\",\"datePublished\":\"2018-02-25T18:51:01+00:00\",\"dateModified\":\"2020-12-17T15:16:29+00:00\",\"mainEntityOfPage\":{\"@id\":\"https:\/\/blogg.svenskakyrkan.se\/diakonibloggen\/2018\/02\/25\/jag-onskar-att-hon-kan-kanna-att-nagon-bryr-sig-om-honom\/\"},\"wordCount\":383,\"commentCount\":1,\"image\":{\"@id\":\"https:\/\/blogg.svenskakyrkan.se\/diakonibloggen\/2018\/02\/25\/jag-onskar-att-hon-kan-kanna-att-nagon-bryr-sig-om-honom\/#primaryimage\"},\"thumbnailUrl\":\"http:\/\/blogg.svenskakyrkan.se\/diakonibloggen\/files\/2018\/02\/image1.jpeg?w=338\",\"keywords\":[\"asylpolitik\",\"ensamkommande\",\"ensamkommande flyktingbarn\",\"flyktingar\"],\"articleSection\":[\"diakoni\"],\"inLanguage\":\"sv-SE\",\"potentialAction\":[{\"@type\":\"CommentAction\",\"name\":\"Comment\",\"target\":[\"https:\/\/blogg.svenskakyrkan.se\/diakonibloggen\/2018\/02\/25\/jag-onskar-att-hon-kan-kanna-att-nagon-bryr-sig-om-honom\/#respond\"]}]},{\"@type\":\"WebPage\",\"@id\":\"https:\/\/blogg.svenskakyrkan.se\/diakonibloggen\/2018\/02\/25\/jag-onskar-att-hon-kan-kanna-att-nagon-bryr-sig-om-honom\/\",\"url\":\"https:\/\/blogg.svenskakyrkan.se\/diakonibloggen\/2018\/02\/25\/jag-onskar-att-hon-kan-kanna-att-nagon-bryr-sig-om-honom\/\",\"name\":\"Jag \u00f6nskar att hon kan k\u00e4nna att n\u00e5gon bryr sig om honom - Diakonibloggen\",\"isPartOf\":{\"@id\":\"https:\/\/blogg.svenskakyrkan.se\/diakonibloggen\/#website\"},\"primaryImageOfPage\":{\"@id\":\"https:\/\/blogg.svenskakyrkan.se\/diakonibloggen\/2018\/02\/25\/jag-onskar-att-hon-kan-kanna-att-nagon-bryr-sig-om-honom\/#primaryimage\"},\"image\":{\"@id\":\"https:\/\/blogg.svenskakyrkan.se\/diakonibloggen\/2018\/02\/25\/jag-onskar-att-hon-kan-kanna-att-nagon-bryr-sig-om-honom\/#primaryimage\"},\"thumbnailUrl\":\"http:\/\/blogg.svenskakyrkan.se\/diakonibloggen\/files\/2018\/02\/image1.jpeg?w=338\",\"datePublished\":\"2018-02-25T18:51:01+00:00\",\"dateModified\":\"2020-12-17T15:16:29+00:00\",\"author\":{\"@id\":\"https:\/\/blogg.svenskakyrkan.se\/diakonibloggen\/#\/schema\/person\/8f6a6fe8efab23c141c7e274fec6405f\"},\"breadcrumb\":{\"@id\":\"https:\/\/blogg.svenskakyrkan.se\/diakonibloggen\/2018\/02\/25\/jag-onskar-att-hon-kan-kanna-att-nagon-bryr-sig-om-honom\/#breadcrumb\"},\"inLanguage\":\"sv-SE\",\"potentialAction\":[{\"@type\":\"ReadAction\",\"target\":[\"https:\/\/blogg.svenskakyrkan.se\/diakonibloggen\/2018\/02\/25\/jag-onskar-att-hon-kan-kanna-att-nagon-bryr-sig-om-honom\/\"]}]},{\"@type\":\"ImageObject\",\"inLanguage\":\"sv-SE\",\"@id\":\"https:\/\/blogg.svenskakyrkan.se\/diakonibloggen\/2018\/02\/25\/jag-onskar-att-hon-kan-kanna-att-nagon-bryr-sig-om-honom\/#primaryimage\",\"url\":\"http:\/\/blogg.svenskakyrkan.se\/diakonibloggen\/files\/2018\/02\/image1.jpeg?w=338\",\"contentUrl\":\"http:\/\/blogg.svenskakyrkan.se\/diakonibloggen\/files\/2018\/02\/image1.jpeg?w=338\"},{\"@type\":\"BreadcrumbList\",\"@id\":\"https:\/\/blogg.svenskakyrkan.se\/diakonibloggen\/2018\/02\/25\/jag-onskar-att-hon-kan-kanna-att-nagon-bryr-sig-om-honom\/#breadcrumb\",\"itemListElement\":[{\"@type\":\"ListItem\",\"position\":1,\"name\":\"Hem\",\"item\":\"https:\/\/blogg.svenskakyrkan.se\/diakonibloggen\/\"},{\"@type\":\"ListItem\",\"position\":2,\"name\":\"Jag \u00f6nskar att hon kan k\u00e4nna att n\u00e5gon bryr sig om honom\"}]},{\"@type\":\"WebSite\",\"@id\":\"https:\/\/blogg.svenskakyrkan.se\/diakonibloggen\/#website\",\"url\":\"https:\/\/blogg.svenskakyrkan.se\/diakonibloggen\/\",\"name\":\"Diakonibloggen\",\"description\":\"Vi lyfter fram, hyllar, diskuterar och inspirerar till diakonalt arbete inom och utanf\u00f6r Svenska kyrkans ramar.\",\"potentialAction\":[{\"@type\":\"SearchAction\",\"target\":{\"@type\":\"EntryPoint\",\"urlTemplate\":\"https:\/\/blogg.svenskakyrkan.se\/diakonibloggen\/?s={search_term_string}\"},\"query-input\":{\"@type\":\"PropertyValueSpecification\",\"valueRequired\":true,\"valueName\":\"search_term_string\"}}],\"inLanguage\":\"sv-SE\"},{\"@type\":\"Person\",\"@id\":\"https:\/\/blogg.svenskakyrkan.se\/diakonibloggen\/#\/schema\/person\/8f6a6fe8efab23c141c7e274fec6405f\",\"name\":\"diakonibloggen\",\"image\":{\"@type\":\"ImageObject\",\"inLanguage\":\"sv-SE\",\"@id\":\"https:\/\/blogg.svenskakyrkan.se\/diakonibloggen\/#\/schema\/person\/image\/\",\"url\":\"https:\/\/secure.gravatar.com\/avatar\/95c0ca86fd13e3d8c1b7b7e9864c9a2ccb7b48c6f756a3b5447bcc13dd630488?s=96&d=mm&r=g\",\"contentUrl\":\"https:\/\/secure.gravatar.com\/avatar\/95c0ca86fd13e3d8c1b7b7e9864c9a2ccb7b48c6f756a3b5447bcc13dd630488?s=96&d=mm&r=g\",\"caption\":\"diakonibloggen\"},\"url\":\"https:\/\/blogg.svenskakyrkan.se\/diakonibloggen\/author\/diakonibloggen\/\"}]}<\/script>\n<!-- \/ Yoast SEO plugin. -->","yoast_head_json":{"title":"Jag \u00f6nskar att hon kan k\u00e4nna att n\u00e5gon bryr sig om honom - Diakonibloggen","robots":{"index":"index","follow":"follow","max-snippet":"max-snippet:-1","max-image-preview":"max-image-preview:large","max-video-preview":"max-video-preview:-1"},"canonical":"https:\/\/blogg.svenskakyrkan.se\/diakonibloggen\/2018\/02\/25\/jag-onskar-att-hon-kan-kanna-att-nagon-bryr-sig-om-honom\/","og_locale":"sv_SE","og_type":"article","og_title":"Jag \u00f6nskar att hon kan k\u00e4nna att n\u00e5gon bryr sig om honom - Diakonibloggen","og_description":"I morse satt jag p\u00e5 hans s\u00e4ngkant. Han sov i flickrummet, i den vita j\u00e4rns\u00e4ngen. Hans huvud med det rufsiga, m\u00f6rka, silkeslena h\u00e5ret mot det vita \u00f6rngottet med trollkarlar, stj\u00e4rnor och kaniner. Ansiktet lite \u00e5t sidan, andningen lugn och hj\u00e4rtat som dunkade i hans br\u00f6st. En ung pojke &#8211; ett barn. Ett av de barn [&hellip;]","og_url":"https:\/\/blogg.svenskakyrkan.se\/diakonibloggen\/2018\/02\/25\/jag-onskar-att-hon-kan-kanna-att-nagon-bryr-sig-om-honom\/","og_site_name":"Diakonibloggen","article_published_time":"2018-02-25T18:51:01+00:00","article_modified_time":"2020-12-17T15:16:29+00:00","og_image":[{"url":"http:\/\/blogg.svenskakyrkan.se\/diakonibloggen\/files\/2018\/02\/image1.jpeg?w=338","type":"","width":"","height":""}],"author":"diakonibloggen","twitter_card":"summary_large_image","twitter_misc":{"Skriven av":"diakonibloggen","Ber\u00e4knad l\u00e4stid":"2 minuter"},"schema":{"@context":"https:\/\/schema.org","@graph":[{"@type":"Article","@id":"https:\/\/blogg.svenskakyrkan.se\/diakonibloggen\/2018\/02\/25\/jag-onskar-att-hon-kan-kanna-att-nagon-bryr-sig-om-honom\/#article","isPartOf":{"@id":"https:\/\/blogg.svenskakyrkan.se\/diakonibloggen\/2018\/02\/25\/jag-onskar-att-hon-kan-kanna-att-nagon-bryr-sig-om-honom\/"},"author":{"name":"diakonibloggen","@id":"https:\/\/blogg.svenskakyrkan.se\/diakonibloggen\/#\/schema\/person\/8f6a6fe8efab23c141c7e274fec6405f"},"headline":"Jag \u00f6nskar att hon kan k\u00e4nna att n\u00e5gon bryr sig om honom","datePublished":"2018-02-25T18:51:01+00:00","dateModified":"2020-12-17T15:16:29+00:00","mainEntityOfPage":{"@id":"https:\/\/blogg.svenskakyrkan.se\/diakonibloggen\/2018\/02\/25\/jag-onskar-att-hon-kan-kanna-att-nagon-bryr-sig-om-honom\/"},"wordCount":383,"commentCount":1,"image":{"@id":"https:\/\/blogg.svenskakyrkan.se\/diakonibloggen\/2018\/02\/25\/jag-onskar-att-hon-kan-kanna-att-nagon-bryr-sig-om-honom\/#primaryimage"},"thumbnailUrl":"http:\/\/blogg.svenskakyrkan.se\/diakonibloggen\/files\/2018\/02\/image1.jpeg?w=338","keywords":["asylpolitik","ensamkommande","ensamkommande flyktingbarn","flyktingar"],"articleSection":["diakoni"],"inLanguage":"sv-SE","potentialAction":[{"@type":"CommentAction","name":"Comment","target":["https:\/\/blogg.svenskakyrkan.se\/diakonibloggen\/2018\/02\/25\/jag-onskar-att-hon-kan-kanna-att-nagon-bryr-sig-om-honom\/#respond"]}]},{"@type":"WebPage","@id":"https:\/\/blogg.svenskakyrkan.se\/diakonibloggen\/2018\/02\/25\/jag-onskar-att-hon-kan-kanna-att-nagon-bryr-sig-om-honom\/","url":"https:\/\/blogg.svenskakyrkan.se\/diakonibloggen\/2018\/02\/25\/jag-onskar-att-hon-kan-kanna-att-nagon-bryr-sig-om-honom\/","name":"Jag \u00f6nskar att hon kan k\u00e4nna att n\u00e5gon bryr sig om honom - Diakonibloggen","isPartOf":{"@id":"https:\/\/blogg.svenskakyrkan.se\/diakonibloggen\/#website"},"primaryImageOfPage":{"@id":"https:\/\/blogg.svenskakyrkan.se\/diakonibloggen\/2018\/02\/25\/jag-onskar-att-hon-kan-kanna-att-nagon-bryr-sig-om-honom\/#primaryimage"},"image":{"@id":"https:\/\/blogg.svenskakyrkan.se\/diakonibloggen\/2018\/02\/25\/jag-onskar-att-hon-kan-kanna-att-nagon-bryr-sig-om-honom\/#primaryimage"},"thumbnailUrl":"http:\/\/blogg.svenskakyrkan.se\/diakonibloggen\/files\/2018\/02\/image1.jpeg?w=338","datePublished":"2018-02-25T18:51:01+00:00","dateModified":"2020-12-17T15:16:29+00:00","author":{"@id":"https:\/\/blogg.svenskakyrkan.se\/diakonibloggen\/#\/schema\/person\/8f6a6fe8efab23c141c7e274fec6405f"},"breadcrumb":{"@id":"https:\/\/blogg.svenskakyrkan.se\/diakonibloggen\/2018\/02\/25\/jag-onskar-att-hon-kan-kanna-att-nagon-bryr-sig-om-honom\/#breadcrumb"},"inLanguage":"sv-SE","potentialAction":[{"@type":"ReadAction","target":["https:\/\/blogg.svenskakyrkan.se\/diakonibloggen\/2018\/02\/25\/jag-onskar-att-hon-kan-kanna-att-nagon-bryr-sig-om-honom\/"]}]},{"@type":"ImageObject","inLanguage":"sv-SE","@id":"https:\/\/blogg.svenskakyrkan.se\/diakonibloggen\/2018\/02\/25\/jag-onskar-att-hon-kan-kanna-att-nagon-bryr-sig-om-honom\/#primaryimage","url":"http:\/\/blogg.svenskakyrkan.se\/diakonibloggen\/files\/2018\/02\/image1.jpeg?w=338","contentUrl":"http:\/\/blogg.svenskakyrkan.se\/diakonibloggen\/files\/2018\/02\/image1.jpeg?w=338"},{"@type":"BreadcrumbList","@id":"https:\/\/blogg.svenskakyrkan.se\/diakonibloggen\/2018\/02\/25\/jag-onskar-att-hon-kan-kanna-att-nagon-bryr-sig-om-honom\/#breadcrumb","itemListElement":[{"@type":"ListItem","position":1,"name":"Hem","item":"https:\/\/blogg.svenskakyrkan.se\/diakonibloggen\/"},{"@type":"ListItem","position":2,"name":"Jag \u00f6nskar att hon kan k\u00e4nna att n\u00e5gon bryr sig om honom"}]},{"@type":"WebSite","@id":"https:\/\/blogg.svenskakyrkan.se\/diakonibloggen\/#website","url":"https:\/\/blogg.svenskakyrkan.se\/diakonibloggen\/","name":"Diakonibloggen","description":"Vi lyfter fram, hyllar, diskuterar och inspirerar till diakonalt arbete inom och utanf\u00f6r Svenska kyrkans ramar.","potentialAction":[{"@type":"SearchAction","target":{"@type":"EntryPoint","urlTemplate":"https:\/\/blogg.svenskakyrkan.se\/diakonibloggen\/?s={search_term_string}"},"query-input":{"@type":"PropertyValueSpecification","valueRequired":true,"valueName":"search_term_string"}}],"inLanguage":"sv-SE"},{"@type":"Person","@id":"https:\/\/blogg.svenskakyrkan.se\/diakonibloggen\/#\/schema\/person\/8f6a6fe8efab23c141c7e274fec6405f","name":"diakonibloggen","image":{"@type":"ImageObject","inLanguage":"sv-SE","@id":"https:\/\/blogg.svenskakyrkan.se\/diakonibloggen\/#\/schema\/person\/image\/","url":"https:\/\/secure.gravatar.com\/avatar\/95c0ca86fd13e3d8c1b7b7e9864c9a2ccb7b48c6f756a3b5447bcc13dd630488?s=96&d=mm&r=g","contentUrl":"https:\/\/secure.gravatar.com\/avatar\/95c0ca86fd13e3d8c1b7b7e9864c9a2ccb7b48c6f756a3b5447bcc13dd630488?s=96&d=mm&r=g","caption":"diakonibloggen"},"url":"https:\/\/blogg.svenskakyrkan.se\/diakonibloggen\/author\/diakonibloggen\/"}]}},"author_meta":{"ID":"776","user_nicename":"diakonibloggen","user_registered":"2020-12-17 14:50:06","display_name":"diakonibloggen","avatar":"https:\/\/blogg.svenskakyrkan.se\/diakonibloggen\/files\/2021\/02\/Sk\u00e4rmavbild-2019-04-12-kl.-14.20.54-150x150.png"},"featured_image":false,"bloginfo":{"name":"Diakonibloggen","url":"https:\/\/blogg.svenskakyrkan.se\/diakonibloggen"},"_links":{"self":[{"href":"https:\/\/blogg.svenskakyrkan.se\/diakonibloggen\/wp-json\/wp\/v2\/posts\/6423","targetHints":{"allow":["GET"]}}],"collection":[{"href":"https:\/\/blogg.svenskakyrkan.se\/diakonibloggen\/wp-json\/wp\/v2\/posts"}],"about":[{"href":"https:\/\/blogg.svenskakyrkan.se\/diakonibloggen\/wp-json\/wp\/v2\/types\/post"}],"author":[{"embeddable":true,"href":"https:\/\/blogg.svenskakyrkan.se\/diakonibloggen\/wp-json\/wp\/v2\/users\/776"}],"replies":[{"embeddable":true,"href":"https:\/\/blogg.svenskakyrkan.se\/diakonibloggen\/wp-json\/wp\/v2\/comments?post=6423"}],"version-history":[{"count":1,"href":"https:\/\/blogg.svenskakyrkan.se\/diakonibloggen\/wp-json\/wp\/v2\/posts\/6423\/revisions"}],"predecessor-version":[{"id":8369,"href":"https:\/\/blogg.svenskakyrkan.se\/diakonibloggen\/wp-json\/wp\/v2\/posts\/6423\/revisions\/8369"}],"wp:attachment":[{"href":"https:\/\/blogg.svenskakyrkan.se\/diakonibloggen\/wp-json\/wp\/v2\/media?parent=6423"}],"wp:term":[{"taxonomy":"category","embeddable":true,"href":"https:\/\/blogg.svenskakyrkan.se\/diakonibloggen\/wp-json\/wp\/v2\/categories?post=6423"},{"taxonomy":"post_tag","embeddable":true,"href":"https:\/\/blogg.svenskakyrkan.se\/diakonibloggen\/wp-json\/wp\/v2\/tags?post=6423"}],"curies":[{"name":"wp","href":"https:\/\/api.w.org\/{rel}","templated":true}]}}