{"id":6437,"date":"2018-03-17T17:00:09","date_gmt":"2018-03-17T17:00:09","guid":{"rendered":"http:\/\/diakonibloggen.com\/?p=6437"},"modified":"2020-12-17T15:16:29","modified_gmt":"2020-12-17T15:16:29","slug":"utokat-stod-till-unga-hemlosa","status":"publish","type":"post","link":"https:\/\/blogg.svenskakyrkan.se\/diakonibloggen\/2018\/03\/17\/utokat-stod-till-unga-hemlosa\/","title":{"rendered":"Ut\u00f6kat st\u00f6d till unga heml\u00f6sa"},"content":{"rendered":"<p class=\"ingress has-wordExplanation\"><a href=\"http:\/\/diakonibloggen.com\/2018\/03\/17\/utokat-stod-till-unga-hemlosa\/artist-1682495_1920\/\" rel=\"attachment wp-att-6438\"><img loading=\"lazy\" decoding=\"async\" class=\"alignleft size-medium wp-image-6438\" src=\"http:\/\/blogg.svenskakyrkan.se\/diakonibloggen\/files\/2018\/03\/artist-1682495_1920.jpg?w=450\" alt=\"\" width=\"450\" height=\"298\" srcset=\"https:\/\/blogg.svenskakyrkan.se\/diakonibloggen\/files\/2018\/03\/artist-1682495_1920.jpg 1920w, https:\/\/blogg.svenskakyrkan.se\/diakonibloggen\/files\/2018\/03\/artist-1682495_1920-300x199.jpg 300w, https:\/\/blogg.svenskakyrkan.se\/diakonibloggen\/files\/2018\/03\/artist-1682495_1920-1024x678.jpg 1024w, https:\/\/blogg.svenskakyrkan.se\/diakonibloggen\/files\/2018\/03\/artist-1682495_1920-768x508.jpg 768w, https:\/\/blogg.svenskakyrkan.se\/diakonibloggen\/files\/2018\/03\/artist-1682495_1920-1536x1017.jpg 1536w, https:\/\/blogg.svenskakyrkan.se\/diakonibloggen\/files\/2018\/03\/artist-1682495_1920-1200x794.jpg 1200w\" sizes=\"auto, (max-width: 450px) 100vw, 450px\" \/><\/a>En liten strimma \u00a0av hopp f\u00f6r alla de ensamkommande unga som idag st\u00e5r utan boende och i viss m\u00e5n \u00e4ven utan etablerat skyddsn\u00e4t:<br \/>\nRegeringen satsar 120 miljoner kronor per \u00e5r i tre \u00e5r f\u00f6r att st\u00f6tta ideella organisationer i deras arbete mot heml\u00f6shet bland unga vuxna, d\u00e4r psykisk oh\u00e4lsa kan vara en bidragande orsak till heml\u00f6sheten. Beslutet \u00e4r en f\u00f6ljd av budgetpropositionen f\u00f6r 2018.<\/p>\n<div class=\"has-wordExplanation\">\n<p>&#8211; En konsekvens av psykisk oh\u00e4lsa kan vara heml\u00f6shet och vi vet att det d\u00e4r finns m\u00e4rkbara skillnader mellan olika grupper. H\u00e4r \u00e4r det viktigt att visa medk\u00e4nsla och skapa rimliga livsvillkor, s\u00e4ger bitr\u00e4dande finansminister Per Bolund.<\/p>\n<p>Medlen g\u00e5r till etablerade organisationer som redan idag har omfattande insatser g\u00e4llande heml\u00f6shet och unga vuxna. De kan anv\u00e4ndas f\u00f6r boende eller andra insatser f\u00f6r att kunna komma tillbaka in i samh\u00e4llet.<\/p>\n<p>P\u00e5 Diakonibloggen har vi\u00a0skrivit om\u00a0flyktingar tidigare, men som l\u00e4get \u00e4r nu kan vi helt enkelt inte\u00a0l\u00e5ta bli att\u00a0lyfta situationen igen, denna g\u00e5ng med fokus p\u00e5 alla ensamkommande barn och ungdomar som lever under enorm press i v\u00e4ntan p\u00e5 eventuell avvisning och \u00e5terresa. Maila g\u00e4rna tankar och ber\u00e4ttelser till diakoni.se@gmail.com. \/Karin och Lotta<\/p>\n<p>&nbsp;<\/p>\n<\/div>\n","protected":false},"excerpt":{"rendered":"<p>En liten strimma \u00a0av hopp f\u00f6r alla de ensamkommande unga som idag st\u00e5r utan boende och i viss m\u00e5n \u00e4ven utan etablerat skyddsn\u00e4t: Regeringen satsar 120 miljoner kronor per \u00e5r i tre \u00e5r f\u00f6r att st\u00f6tta ideella organisationer i deras arbete mot heml\u00f6shet bland unga vuxna, d\u00e4r psykisk oh\u00e4lsa kan vara en bidragande orsak till [&hellip;]<\/p>\n","protected":false},"author":776,"featured_media":0,"comment_status":"open","ping_status":"open","sticky":false,"template":"","format":"standard","meta":{"_acf_changed":false,"footnotes":""},"categories":[23302,23310,23320],"tags":[23480,23870,23874],"class_list":["post-6437","post","type-post","status-publish","format-standard","hentry","category-diakoni","category-flyktingar","category-psykisk-ohalsa","tag-asylpolitik","tag-ensamkommande","tag-ensamkommande-ungdomar"],"acf":[],"yoast_head":"<!-- This site is optimized with the Yoast SEO plugin v27.1.1 - https:\/\/yoast.com\/product\/yoast-seo-wordpress\/ -->\n<title>Ut\u00f6kat st\u00f6d till unga heml\u00f6sa - Diakonibloggen<\/title>\n<meta name=\"robots\" content=\"index, follow, max-snippet:-1, max-image-preview:large, max-video-preview:-1\" \/>\n<link rel=\"canonical\" href=\"https:\/\/blogg.svenskakyrkan.se\/diakonibloggen\/2018\/03\/17\/utokat-stod-till-unga-hemlosa\/\" \/>\n<meta property=\"og:locale\" content=\"sv_SE\" \/>\n<meta property=\"og:type\" content=\"article\" \/>\n<meta property=\"og:title\" content=\"Ut\u00f6kat st\u00f6d till unga heml\u00f6sa - Diakonibloggen\" \/>\n<meta property=\"og:description\" content=\"En liten strimma \u00a0av hopp f\u00f6r alla de ensamkommande unga som idag st\u00e5r utan boende och i viss m\u00e5n \u00e4ven utan etablerat skyddsn\u00e4t: Regeringen satsar 120 miljoner kronor per \u00e5r i tre \u00e5r f\u00f6r att st\u00f6tta ideella organisationer i deras arbete mot heml\u00f6shet bland unga vuxna, d\u00e4r psykisk oh\u00e4lsa kan vara en bidragande orsak till [&hellip;]\" \/>\n<meta property=\"og:url\" content=\"https:\/\/blogg.svenskakyrkan.se\/diakonibloggen\/2018\/03\/17\/utokat-stod-till-unga-hemlosa\/\" \/>\n<meta property=\"og:site_name\" content=\"Diakonibloggen\" \/>\n<meta property=\"article:published_time\" content=\"2018-03-17T17:00:09+00:00\" \/>\n<meta property=\"article:modified_time\" content=\"2020-12-17T15:16:29+00:00\" \/>\n<meta property=\"og:image\" content=\"http:\/\/blogg.svenskakyrkan.se\/diakonibloggen\/files\/2018\/03\/artist-1682495_1920.jpg?w=450\" \/>\n<meta name=\"author\" content=\"diakonibloggen\" \/>\n<meta name=\"twitter:card\" content=\"summary_large_image\" \/>\n<meta name=\"twitter:label1\" content=\"Skriven av\" \/>\n\t<meta name=\"twitter:data1\" content=\"diakonibloggen\" \/>\n\t<meta name=\"twitter:label2\" content=\"Ber\u00e4knad l\u00e4stid\" \/>\n\t<meta name=\"twitter:data2\" content=\"1 minut\" \/>\n<script type=\"application\/ld+json\" class=\"yoast-schema-graph\">{\"@context\":\"https:\/\/schema.org\",\"@graph\":[{\"@type\":\"Article\",\"@id\":\"https:\/\/blogg.svenskakyrkan.se\/diakonibloggen\/2018\/03\/17\/utokat-stod-till-unga-hemlosa\/#article\",\"isPartOf\":{\"@id\":\"https:\/\/blogg.svenskakyrkan.se\/diakonibloggen\/2018\/03\/17\/utokat-stod-till-unga-hemlosa\/\"},\"author\":{\"name\":\"diakonibloggen\",\"@id\":\"https:\/\/blogg.svenskakyrkan.se\/diakonibloggen\/#\/schema\/person\/8f6a6fe8efab23c141c7e274fec6405f\"},\"headline\":\"Ut\u00f6kat st\u00f6d till unga heml\u00f6sa\",\"datePublished\":\"2018-03-17T17:00:09+00:00\",\"dateModified\":\"2020-12-17T15:16:29+00:00\",\"mainEntityOfPage\":{\"@id\":\"https:\/\/blogg.svenskakyrkan.se\/diakonibloggen\/2018\/03\/17\/utokat-stod-till-unga-hemlosa\/\"},\"wordCount\":232,\"commentCount\":1,\"image\":{\"@id\":\"https:\/\/blogg.svenskakyrkan.se\/diakonibloggen\/2018\/03\/17\/utokat-stod-till-unga-hemlosa\/#primaryimage\"},\"thumbnailUrl\":\"http:\/\/blogg.svenskakyrkan.se\/diakonibloggen\/files\/2018\/03\/artist-1682495_1920.jpg?w=450\",\"keywords\":[\"asylpolitik\",\"ensamkommande\",\"ensamkommande ungdomar\"],\"articleSection\":[\"diakoni\",\"flyktingar\",\"psykisk oh\u00e4lsa\"],\"inLanguage\":\"sv-SE\",\"potentialAction\":[{\"@type\":\"CommentAction\",\"name\":\"Comment\",\"target\":[\"https:\/\/blogg.svenskakyrkan.se\/diakonibloggen\/2018\/03\/17\/utokat-stod-till-unga-hemlosa\/#respond\"]}]},{\"@type\":\"WebPage\",\"@id\":\"https:\/\/blogg.svenskakyrkan.se\/diakonibloggen\/2018\/03\/17\/utokat-stod-till-unga-hemlosa\/\",\"url\":\"https:\/\/blogg.svenskakyrkan.se\/diakonibloggen\/2018\/03\/17\/utokat-stod-till-unga-hemlosa\/\",\"name\":\"Ut\u00f6kat st\u00f6d till unga heml\u00f6sa - Diakonibloggen\",\"isPartOf\":{\"@id\":\"https:\/\/blogg.svenskakyrkan.se\/diakonibloggen\/#website\"},\"primaryImageOfPage\":{\"@id\":\"https:\/\/blogg.svenskakyrkan.se\/diakonibloggen\/2018\/03\/17\/utokat-stod-till-unga-hemlosa\/#primaryimage\"},\"image\":{\"@id\":\"https:\/\/blogg.svenskakyrkan.se\/diakonibloggen\/2018\/03\/17\/utokat-stod-till-unga-hemlosa\/#primaryimage\"},\"thumbnailUrl\":\"http:\/\/blogg.svenskakyrkan.se\/diakonibloggen\/files\/2018\/03\/artist-1682495_1920.jpg?w=450\",\"datePublished\":\"2018-03-17T17:00:09+00:00\",\"dateModified\":\"2020-12-17T15:16:29+00:00\",\"author\":{\"@id\":\"https:\/\/blogg.svenskakyrkan.se\/diakonibloggen\/#\/schema\/person\/8f6a6fe8efab23c141c7e274fec6405f\"},\"breadcrumb\":{\"@id\":\"https:\/\/blogg.svenskakyrkan.se\/diakonibloggen\/2018\/03\/17\/utokat-stod-till-unga-hemlosa\/#breadcrumb\"},\"inLanguage\":\"sv-SE\",\"potentialAction\":[{\"@type\":\"ReadAction\",\"target\":[\"https:\/\/blogg.svenskakyrkan.se\/diakonibloggen\/2018\/03\/17\/utokat-stod-till-unga-hemlosa\/\"]}]},{\"@type\":\"ImageObject\",\"inLanguage\":\"sv-SE\",\"@id\":\"https:\/\/blogg.svenskakyrkan.se\/diakonibloggen\/2018\/03\/17\/utokat-stod-till-unga-hemlosa\/#primaryimage\",\"url\":\"http:\/\/blogg.svenskakyrkan.se\/diakonibloggen\/files\/2018\/03\/artist-1682495_1920.jpg?w=450\",\"contentUrl\":\"http:\/\/blogg.svenskakyrkan.se\/diakonibloggen\/files\/2018\/03\/artist-1682495_1920.jpg?w=450\"},{\"@type\":\"BreadcrumbList\",\"@id\":\"https:\/\/blogg.svenskakyrkan.se\/diakonibloggen\/2018\/03\/17\/utokat-stod-till-unga-hemlosa\/#breadcrumb\",\"itemListElement\":[{\"@type\":\"ListItem\",\"position\":1,\"name\":\"Hem\",\"item\":\"https:\/\/blogg.svenskakyrkan.se\/diakonibloggen\/\"},{\"@type\":\"ListItem\",\"position\":2,\"name\":\"Ut\u00f6kat st\u00f6d till unga heml\u00f6sa\"}]},{\"@type\":\"WebSite\",\"@id\":\"https:\/\/blogg.svenskakyrkan.se\/diakonibloggen\/#website\",\"url\":\"https:\/\/blogg.svenskakyrkan.se\/diakonibloggen\/\",\"name\":\"Diakonibloggen\",\"description\":\"Vi lyfter fram, hyllar, diskuterar och inspirerar till diakonalt arbete inom och utanf\u00f6r Svenska kyrkans ramar.\",\"potentialAction\":[{\"@type\":\"SearchAction\",\"target\":{\"@type\":\"EntryPoint\",\"urlTemplate\":\"https:\/\/blogg.svenskakyrkan.se\/diakonibloggen\/?s={search_term_string}\"},\"query-input\":{\"@type\":\"PropertyValueSpecification\",\"valueRequired\":true,\"valueName\":\"search_term_string\"}}],\"inLanguage\":\"sv-SE\"},{\"@type\":\"Person\",\"@id\":\"https:\/\/blogg.svenskakyrkan.se\/diakonibloggen\/#\/schema\/person\/8f6a6fe8efab23c141c7e274fec6405f\",\"name\":\"diakonibloggen\",\"image\":{\"@type\":\"ImageObject\",\"inLanguage\":\"sv-SE\",\"@id\":\"https:\/\/blogg.svenskakyrkan.se\/diakonibloggen\/#\/schema\/person\/image\/\",\"url\":\"https:\/\/secure.gravatar.com\/avatar\/95c0ca86fd13e3d8c1b7b7e9864c9a2ccb7b48c6f756a3b5447bcc13dd630488?s=96&d=mm&r=g\",\"contentUrl\":\"https:\/\/secure.gravatar.com\/avatar\/95c0ca86fd13e3d8c1b7b7e9864c9a2ccb7b48c6f756a3b5447bcc13dd630488?s=96&d=mm&r=g\",\"caption\":\"diakonibloggen\"},\"url\":\"https:\/\/blogg.svenskakyrkan.se\/diakonibloggen\/author\/diakonibloggen\/\"}]}<\/script>\n<!-- \/ Yoast SEO plugin. -->","yoast_head_json":{"title":"Ut\u00f6kat st\u00f6d till unga heml\u00f6sa - Diakonibloggen","robots":{"index":"index","follow":"follow","max-snippet":"max-snippet:-1","max-image-preview":"max-image-preview:large","max-video-preview":"max-video-preview:-1"},"canonical":"https:\/\/blogg.svenskakyrkan.se\/diakonibloggen\/2018\/03\/17\/utokat-stod-till-unga-hemlosa\/","og_locale":"sv_SE","og_type":"article","og_title":"Ut\u00f6kat st\u00f6d till unga heml\u00f6sa - Diakonibloggen","og_description":"En liten strimma \u00a0av hopp f\u00f6r alla de ensamkommande unga som idag st\u00e5r utan boende och i viss m\u00e5n \u00e4ven utan etablerat skyddsn\u00e4t: Regeringen satsar 120 miljoner kronor per \u00e5r i tre \u00e5r f\u00f6r att st\u00f6tta ideella organisationer i deras arbete mot heml\u00f6shet bland unga vuxna, d\u00e4r psykisk oh\u00e4lsa kan vara en bidragande orsak till [&hellip;]","og_url":"https:\/\/blogg.svenskakyrkan.se\/diakonibloggen\/2018\/03\/17\/utokat-stod-till-unga-hemlosa\/","og_site_name":"Diakonibloggen","article_published_time":"2018-03-17T17:00:09+00:00","article_modified_time":"2020-12-17T15:16:29+00:00","og_image":[{"url":"http:\/\/blogg.svenskakyrkan.se\/diakonibloggen\/files\/2018\/03\/artist-1682495_1920.jpg?w=450","type":"","width":"","height":""}],"author":"diakonibloggen","twitter_card":"summary_large_image","twitter_misc":{"Skriven av":"diakonibloggen","Ber\u00e4knad l\u00e4stid":"1 minut"},"schema":{"@context":"https:\/\/schema.org","@graph":[{"@type":"Article","@id":"https:\/\/blogg.svenskakyrkan.se\/diakonibloggen\/2018\/03\/17\/utokat-stod-till-unga-hemlosa\/#article","isPartOf":{"@id":"https:\/\/blogg.svenskakyrkan.se\/diakonibloggen\/2018\/03\/17\/utokat-stod-till-unga-hemlosa\/"},"author":{"name":"diakonibloggen","@id":"https:\/\/blogg.svenskakyrkan.se\/diakonibloggen\/#\/schema\/person\/8f6a6fe8efab23c141c7e274fec6405f"},"headline":"Ut\u00f6kat st\u00f6d till unga heml\u00f6sa","datePublished":"2018-03-17T17:00:09+00:00","dateModified":"2020-12-17T15:16:29+00:00","mainEntityOfPage":{"@id":"https:\/\/blogg.svenskakyrkan.se\/diakonibloggen\/2018\/03\/17\/utokat-stod-till-unga-hemlosa\/"},"wordCount":232,"commentCount":1,"image":{"@id":"https:\/\/blogg.svenskakyrkan.se\/diakonibloggen\/2018\/03\/17\/utokat-stod-till-unga-hemlosa\/#primaryimage"},"thumbnailUrl":"http:\/\/blogg.svenskakyrkan.se\/diakonibloggen\/files\/2018\/03\/artist-1682495_1920.jpg?w=450","keywords":["asylpolitik","ensamkommande","ensamkommande ungdomar"],"articleSection":["diakoni","flyktingar","psykisk oh\u00e4lsa"],"inLanguage":"sv-SE","potentialAction":[{"@type":"CommentAction","name":"Comment","target":["https:\/\/blogg.svenskakyrkan.se\/diakonibloggen\/2018\/03\/17\/utokat-stod-till-unga-hemlosa\/#respond"]}]},{"@type":"WebPage","@id":"https:\/\/blogg.svenskakyrkan.se\/diakonibloggen\/2018\/03\/17\/utokat-stod-till-unga-hemlosa\/","url":"https:\/\/blogg.svenskakyrkan.se\/diakonibloggen\/2018\/03\/17\/utokat-stod-till-unga-hemlosa\/","name":"Ut\u00f6kat st\u00f6d till unga heml\u00f6sa - Diakonibloggen","isPartOf":{"@id":"https:\/\/blogg.svenskakyrkan.se\/diakonibloggen\/#website"},"primaryImageOfPage":{"@id":"https:\/\/blogg.svenskakyrkan.se\/diakonibloggen\/2018\/03\/17\/utokat-stod-till-unga-hemlosa\/#primaryimage"},"image":{"@id":"https:\/\/blogg.svenskakyrkan.se\/diakonibloggen\/2018\/03\/17\/utokat-stod-till-unga-hemlosa\/#primaryimage"},"thumbnailUrl":"http:\/\/blogg.svenskakyrkan.se\/diakonibloggen\/files\/2018\/03\/artist-1682495_1920.jpg?w=450","datePublished":"2018-03-17T17:00:09+00:00","dateModified":"2020-12-17T15:16:29+00:00","author":{"@id":"https:\/\/blogg.svenskakyrkan.se\/diakonibloggen\/#\/schema\/person\/8f6a6fe8efab23c141c7e274fec6405f"},"breadcrumb":{"@id":"https:\/\/blogg.svenskakyrkan.se\/diakonibloggen\/2018\/03\/17\/utokat-stod-till-unga-hemlosa\/#breadcrumb"},"inLanguage":"sv-SE","potentialAction":[{"@type":"ReadAction","target":["https:\/\/blogg.svenskakyrkan.se\/diakonibloggen\/2018\/03\/17\/utokat-stod-till-unga-hemlosa\/"]}]},{"@type":"ImageObject","inLanguage":"sv-SE","@id":"https:\/\/blogg.svenskakyrkan.se\/diakonibloggen\/2018\/03\/17\/utokat-stod-till-unga-hemlosa\/#primaryimage","url":"http:\/\/blogg.svenskakyrkan.se\/diakonibloggen\/files\/2018\/03\/artist-1682495_1920.jpg?w=450","contentUrl":"http:\/\/blogg.svenskakyrkan.se\/diakonibloggen\/files\/2018\/03\/artist-1682495_1920.jpg?w=450"},{"@type":"BreadcrumbList","@id":"https:\/\/blogg.svenskakyrkan.se\/diakonibloggen\/2018\/03\/17\/utokat-stod-till-unga-hemlosa\/#breadcrumb","itemListElement":[{"@type":"ListItem","position":1,"name":"Hem","item":"https:\/\/blogg.svenskakyrkan.se\/diakonibloggen\/"},{"@type":"ListItem","position":2,"name":"Ut\u00f6kat st\u00f6d till unga heml\u00f6sa"}]},{"@type":"WebSite","@id":"https:\/\/blogg.svenskakyrkan.se\/diakonibloggen\/#website","url":"https:\/\/blogg.svenskakyrkan.se\/diakonibloggen\/","name":"Diakonibloggen","description":"Vi lyfter fram, hyllar, diskuterar och inspirerar till diakonalt arbete inom och utanf\u00f6r Svenska kyrkans ramar.","potentialAction":[{"@type":"SearchAction","target":{"@type":"EntryPoint","urlTemplate":"https:\/\/blogg.svenskakyrkan.se\/diakonibloggen\/?s={search_term_string}"},"query-input":{"@type":"PropertyValueSpecification","valueRequired":true,"valueName":"search_term_string"}}],"inLanguage":"sv-SE"},{"@type":"Person","@id":"https:\/\/blogg.svenskakyrkan.se\/diakonibloggen\/#\/schema\/person\/8f6a6fe8efab23c141c7e274fec6405f","name":"diakonibloggen","image":{"@type":"ImageObject","inLanguage":"sv-SE","@id":"https:\/\/blogg.svenskakyrkan.se\/diakonibloggen\/#\/schema\/person\/image\/","url":"https:\/\/secure.gravatar.com\/avatar\/95c0ca86fd13e3d8c1b7b7e9864c9a2ccb7b48c6f756a3b5447bcc13dd630488?s=96&d=mm&r=g","contentUrl":"https:\/\/secure.gravatar.com\/avatar\/95c0ca86fd13e3d8c1b7b7e9864c9a2ccb7b48c6f756a3b5447bcc13dd630488?s=96&d=mm&r=g","caption":"diakonibloggen"},"url":"https:\/\/blogg.svenskakyrkan.se\/diakonibloggen\/author\/diakonibloggen\/"}]}},"author_meta":{"ID":"776","user_nicename":"diakonibloggen","user_registered":"2020-12-17 14:50:06","display_name":"diakonibloggen","avatar":"https:\/\/blogg.svenskakyrkan.se\/diakonibloggen\/files\/2021\/02\/Sk\u00e4rmavbild-2019-04-12-kl.-14.20.54-150x150.png"},"featured_image":false,"bloginfo":{"name":"Diakonibloggen","url":"https:\/\/blogg.svenskakyrkan.se\/diakonibloggen"},"_links":{"self":[{"href":"https:\/\/blogg.svenskakyrkan.se\/diakonibloggen\/wp-json\/wp\/v2\/posts\/6437","targetHints":{"allow":["GET"]}}],"collection":[{"href":"https:\/\/blogg.svenskakyrkan.se\/diakonibloggen\/wp-json\/wp\/v2\/posts"}],"about":[{"href":"https:\/\/blogg.svenskakyrkan.se\/diakonibloggen\/wp-json\/wp\/v2\/types\/post"}],"author":[{"embeddable":true,"href":"https:\/\/blogg.svenskakyrkan.se\/diakonibloggen\/wp-json\/wp\/v2\/users\/776"}],"replies":[{"embeddable":true,"href":"https:\/\/blogg.svenskakyrkan.se\/diakonibloggen\/wp-json\/wp\/v2\/comments?post=6437"}],"version-history":[{"count":1,"href":"https:\/\/blogg.svenskakyrkan.se\/diakonibloggen\/wp-json\/wp\/v2\/posts\/6437\/revisions"}],"predecessor-version":[{"id":8366,"href":"https:\/\/blogg.svenskakyrkan.se\/diakonibloggen\/wp-json\/wp\/v2\/posts\/6437\/revisions\/8366"}],"wp:attachment":[{"href":"https:\/\/blogg.svenskakyrkan.se\/diakonibloggen\/wp-json\/wp\/v2\/media?parent=6437"}],"wp:term":[{"taxonomy":"category","embeddable":true,"href":"https:\/\/blogg.svenskakyrkan.se\/diakonibloggen\/wp-json\/wp\/v2\/categories?post=6437"},{"taxonomy":"post_tag","embeddable":true,"href":"https:\/\/blogg.svenskakyrkan.se\/diakonibloggen\/wp-json\/wp\/v2\/tags?post=6437"}],"curies":[{"name":"wp","href":"https:\/\/api.w.org\/{rel}","templated":true}]}}