{"id":6457,"date":"2018-03-25T15:15:35","date_gmt":"2018-03-25T15:15:35","guid":{"rendered":"http:\/\/diakonibloggen.com\/?p=6457"},"modified":"2020-12-17T15:16:29","modified_gmt":"2020-12-17T15:16:29","slug":"som-yngre-skadade-hon-en-framtid-och-fick-denna-rotfylld","status":"publish","type":"post","link":"https:\/\/blogg.svenskakyrkan.se\/diakonibloggen\/2018\/03\/25\/som-yngre-skadade-hon-en-framtid-och-fick-denna-rotfylld\/","title":{"rendered":"\u201dSom yngre skadade hon en framtid och fick denna rotfylld\u201d"},"content":{"rendered":"<p><a href=\"http:\/\/diakonibloggen.com\/2018\/03\/25\/som-yngre-skadade-hon-en-framtid-och-fick-denna-rotfylld\/youth-2274669_1920\/\" rel=\"attachment wp-att-6458\"><img loading=\"lazy\" decoding=\"async\" class=\"alignleft wp-image-6458 size-thumbnail\" src=\"http:\/\/blogg.svenskakyrkan.se\/diakonibloggen\/files\/2018\/03\/youth-2274669_1920.jpg?w=250\" alt=\"\" width=\"250\" height=\"178\" srcset=\"https:\/\/blogg.svenskakyrkan.se\/diakonibloggen\/files\/2018\/03\/youth-2274669_1920.jpg 1920w, https:\/\/blogg.svenskakyrkan.se\/diakonibloggen\/files\/2018\/03\/youth-2274669_1920-300x214.jpg 300w, https:\/\/blogg.svenskakyrkan.se\/diakonibloggen\/files\/2018\/03\/youth-2274669_1920-1024x731.jpg 1024w, https:\/\/blogg.svenskakyrkan.se\/diakonibloggen\/files\/2018\/03\/youth-2274669_1920-768x548.jpg 768w, https:\/\/blogg.svenskakyrkan.se\/diakonibloggen\/files\/2018\/03\/youth-2274669_1920-1536x1096.jpg 1536w, https:\/\/blogg.svenskakyrkan.se\/diakonibloggen\/files\/2018\/03\/youth-2274669_1920-1200x856.jpg 1200w\" sizes=\"auto, (max-width: 250px) 100vw, 250px\" \/><\/a>Ni har s\u00e4kert sett dom, de ofta lite taffligt kopierade listorna med lustiga felskrivningar fr\u00e5n patientjournaler, polisrapporter och f\u00f6rs\u00e4kringsprotokoll. Det kan vara att \u201dden d\u00f6de kom cyklande fr\u00e5n v\u00e4nster\u201d eller \u201dpatienten klagar \u00f6ver k\u00e4nselbortfall fr\u00e5n t\u00e5rna och ner\u00e5t\u201d. P\u00e5 n\u00e4tet finns sida efter sida som samlat alla m\u00f6jliga varianter. Kanske kommer det citat jag s\u00e5g ig\u00e5r att hamna d\u00e4r ocks\u00e5, men f\u00f6rst ska det hamna h\u00e4r, f\u00f6r det h\u00e4nde n\u00e5got med mig n\u00e4r jag l\u00e4ste det.<\/p>\n<p>Min facebookv\u00e4n Maria, som bland annat l\u00e4ser journaler i sitt arbete, delade ig\u00e5r med sig av ett s\u00e5dant d\u00e4r citat. F\u00f6rst skrattade jag lite \u00e5t det, men ganska snabbt drog tankarna iv\u00e4g \u00e5t ett annat h\u00e5ll. Det borde inte vara en felskrivning t\u00e4nkte jag. Vi borde faktiskt skriva s\u00e5d\u00e4r &#8211; det skulle kanske till och med kunna f\u00e5 verkliga och viktiga f\u00f6ljder f\u00f6r den det g\u00e4ller. N\u00e5v\u00e4l, s\u00e5 h\u00e4r stod det i alla fall: \u201dSom yngre skadade hon en framtid och fick denna rotfylld\u201d. Det skulle s\u00e5klart st\u00e5tt framtand ist\u00e4llet f\u00f6r framtid, men jag kom genast att t\u00e4nka p\u00e5 alla barn och ungdomar jag m\u00f6tt under mitt yrkesverksamma liv som fritidsledare och st\u00f6dgruppsledare, och hur de faktiskt f\u00e5tt sin framtid skadad, inte s\u00e4llan med m\u00e4ngder av komplikationer som f\u00f6ljd. Att ha f\u00e5tt sin framtid skadad, visst borde det p\u00e5 n\u00e5got s\u00e4tt st\u00e5 i ens journal s\u00e5 att v\u00e5rdpersonal och andra omsorgsgivare kan ta de r\u00e4tta besluten n\u00e4r man beh\u00f6ver hj\u00e4lp och st\u00f6d? Att framtanden och rotfyllningen st\u00e5r med i journalen beror ju p\u00e5 precis det, det kan p\u00e5verka v\u00e5rdsituationer l\u00e4ngre fram i livet och \u00e4r d\u00e4rf\u00f6r relevant information f\u00f6r alla inblandade.<\/p>\n<p>Att barndomstrauman har stor betydelse f\u00f6r hur vi tar oss an resten av livet \u00e4r knappast n\u00e5got som debatteras, vi \u00e4r r\u00e4tt \u00f6verens om det. Det kan handla om s\u00e5dant som anh\u00f6rigas missbruk, psykisk oh\u00e4lsa och sjukdom, v\u00e5ld, omsorgsbrister, separationer, fysisk sjukdom, krig och flykt eller sexuella \u00f6vergrepp. Den roliga felskrivningen blev f\u00f6r mig ist\u00e4llet en lampa som satte ljuset p\u00e5 hur ofta vi l\u00e4gger tillbaka b\u00f6rdan p\u00e5 barnen och ungdomarna sj\u00e4lva, genom att vi \u00e4r r\u00e4dda f\u00f6r att prata om det som h\u00e4nt, r\u00e4dda f\u00f6r att fr\u00e5ga hur vi kan hj\u00e4lpa, r\u00e4dda f\u00f6r att g\u00e5 en bit p\u00e5 v\u00e4gen med n\u00e5gon som f\u00e5tt sin framtid skadad och tillsammans f\u00f6rs\u00f6ka se hur den skulle kunna bli bra \u00e4nd\u00e5.<\/p>\n<p><a href=\"http:\/\/diakonibloggen.com\/2018\/03\/25\/som-yngre-skadade-hon-en-framtid-och-fick-denna-rotfylld\/img_0011\/\" rel=\"attachment wp-att-6460\"><img loading=\"lazy\" decoding=\"async\" class=\"alignleft wp-image-6460 size-thumbnail\" src=\"http:\/\/blogg.svenskakyrkan.se\/diakonibloggen\/files\/2018\/03\/img_0011.jpg?w=250\" alt=\"\" width=\"250\" height=\"250\" srcset=\"https:\/\/blogg.svenskakyrkan.se\/diakonibloggen\/files\/2018\/03\/img_0011.jpg 1073w, https:\/\/blogg.svenskakyrkan.se\/diakonibloggen\/files\/2018\/03\/img_0011-300x300.jpg 300w, https:\/\/blogg.svenskakyrkan.se\/diakonibloggen\/files\/2018\/03\/img_0011-1024x1024.jpg 1024w, https:\/\/blogg.svenskakyrkan.se\/diakonibloggen\/files\/2018\/03\/img_0011-150x150.jpg 150w, https:\/\/blogg.svenskakyrkan.se\/diakonibloggen\/files\/2018\/03\/img_0011-768x769.jpg 768w, https:\/\/blogg.svenskakyrkan.se\/diakonibloggen\/files\/2018\/03\/img_0011-640x640.jpg 640w\" sizes=\"auto, (max-width: 250px) 100vw, 250px\" \/><\/a>Jag har m\u00f6tt s\u00e5 m\u00e5nga unga under \u00e5ren p\u00e5 fritidsg\u00e5rd och i st\u00f6dgrupp som uttryckt frustration och hoppl\u00f6shetsk\u00e4nslor i m\u00f6tet med oss som skall hj\u00e4lpa &#8211; frustration \u00f6ver att de m\u00e5ste f\u00f6rklara om och om igen hur de haft det. Inte s\u00e4llan f\u00f6r att sedan beh\u00f6va f\u00f6rsvara sin ber\u00e4ttelse och k\u00e4mpa f\u00f6r att den inte skall f\u00f6rminskas eller f\u00f6rvanskas. T\u00e4nk om vi kunde komma dith\u00e4n att vi klarade att f\u00f6rh\u00e5lla oss till en skadad framtid p\u00e5 samma s\u00e4tt som vi g\u00f6r med en skadad framtand, helt enkelt f\u00f6r att det \u00e4r h\u00f6gst relevant och en hj\u00e4lp f\u00f6r oss alla.<\/p>\n<p>#k\u00e4mpaf\u00f6rvarendaunge #tillsammans<\/p>\n<p>Per-Ivar \u00d6stmann, fritidsledare\/projektledare, Svenska kyrkan Tj\u00f6rn<\/p>\n<p>PS. Min facebookv\u00e4n heter Maria Bom (f.d Casselbrant) och \u00e4r ocks\u00e5 f\u00f6rfattare, hon har skrivit en uppm\u00e4rksammad roman \u201dOm natten \u00e4r samma himmel m\u00f6rk\u201d och flera barnb\u00f6cker som bland annat handlar om Annie som ligger p\u00e5 sjukhus. DS.<\/p>\n","protected":false},"excerpt":{"rendered":"<p>Ni har s\u00e4kert sett dom, de ofta lite taffligt kopierade listorna med lustiga felskrivningar fr\u00e5n patientjournaler, polisrapporter och f\u00f6rs\u00e4kringsprotokoll. Det kan vara att \u201dden d\u00f6de kom cyklande fr\u00e5n v\u00e4nster\u201d eller \u201dpatienten klagar \u00f6ver k\u00e4nselbortfall fr\u00e5n t\u00e5rna och ner\u00e5t\u201d. P\u00e5 n\u00e4tet finns sida efter sida som samlat alla m\u00f6jliga varianter. Kanske kommer det citat jag s\u00e5g [&hellip;]<\/p>\n","protected":false},"author":776,"featured_media":0,"comment_status":"open","ping_status":"open","sticky":false,"template":"","format":"standard","meta":{"_acf_changed":false,"footnotes":""},"categories":[23296,23301],"tags":[23366,23767,24334,24720,25034],"class_list":["post-6457","post","type-post","status-publish","format-standard","hentry","category-barn","category-diakonalt-arbete","tag-tillsammans","tag-diakoni","tag-kampaforvarendaunge","tag-per-ivar-ostmann","tag-svenska-kyrkan-tjorn"],"acf":[],"yoast_head":"<!-- This site is optimized with the Yoast SEO plugin v27.1.1 - https:\/\/yoast.com\/product\/yoast-seo-wordpress\/ -->\n<title>\u201dSom yngre skadade hon en framtid och fick denna rotfylld\u201d - Diakonibloggen<\/title>\n<meta name=\"robots\" content=\"index, follow, max-snippet:-1, max-image-preview:large, max-video-preview:-1\" \/>\n<link rel=\"canonical\" href=\"https:\/\/blogg.svenskakyrkan.se\/diakonibloggen\/2018\/03\/25\/som-yngre-skadade-hon-en-framtid-och-fick-denna-rotfylld\/\" \/>\n<meta property=\"og:locale\" content=\"sv_SE\" \/>\n<meta property=\"og:type\" content=\"article\" \/>\n<meta property=\"og:title\" content=\"\u201dSom yngre skadade hon en framtid och fick denna rotfylld\u201d - Diakonibloggen\" \/>\n<meta property=\"og:description\" content=\"Ni har s\u00e4kert sett dom, de ofta lite taffligt kopierade listorna med lustiga felskrivningar fr\u00e5n patientjournaler, polisrapporter och f\u00f6rs\u00e4kringsprotokoll. Det kan vara att \u201dden d\u00f6de kom cyklande fr\u00e5n v\u00e4nster\u201d eller \u201dpatienten klagar \u00f6ver k\u00e4nselbortfall fr\u00e5n t\u00e5rna och ner\u00e5t\u201d. P\u00e5 n\u00e4tet finns sida efter sida som samlat alla m\u00f6jliga varianter. Kanske kommer det citat jag s\u00e5g [&hellip;]\" \/>\n<meta property=\"og:url\" content=\"https:\/\/blogg.svenskakyrkan.se\/diakonibloggen\/2018\/03\/25\/som-yngre-skadade-hon-en-framtid-och-fick-denna-rotfylld\/\" \/>\n<meta property=\"og:site_name\" content=\"Diakonibloggen\" \/>\n<meta property=\"article:published_time\" content=\"2018-03-25T15:15:35+00:00\" \/>\n<meta property=\"article:modified_time\" content=\"2020-12-17T15:16:29+00:00\" \/>\n<meta property=\"og:image\" content=\"http:\/\/blogg.svenskakyrkan.se\/diakonibloggen\/files\/2018\/03\/youth-2274669_1920.jpg?w=250\" \/>\n<meta name=\"author\" content=\"diakonibloggen\" \/>\n<meta name=\"twitter:card\" content=\"summary_large_image\" \/>\n<meta name=\"twitter:label1\" content=\"Skriven av\" \/>\n\t<meta name=\"twitter:data1\" content=\"diakonibloggen\" \/>\n\t<meta name=\"twitter:label2\" content=\"Ber\u00e4knad l\u00e4stid\" \/>\n\t<meta name=\"twitter:data2\" content=\"3 minuter\" \/>\n<script type=\"application\/ld+json\" class=\"yoast-schema-graph\">{\"@context\":\"https:\/\/schema.org\",\"@graph\":[{\"@type\":\"Article\",\"@id\":\"https:\/\/blogg.svenskakyrkan.se\/diakonibloggen\/2018\/03\/25\/som-yngre-skadade-hon-en-framtid-och-fick-denna-rotfylld\/#article\",\"isPartOf\":{\"@id\":\"https:\/\/blogg.svenskakyrkan.se\/diakonibloggen\/2018\/03\/25\/som-yngre-skadade-hon-en-framtid-och-fick-denna-rotfylld\/\"},\"author\":{\"name\":\"diakonibloggen\",\"@id\":\"https:\/\/blogg.svenskakyrkan.se\/diakonibloggen\/#\/schema\/person\/8f6a6fe8efab23c141c7e274fec6405f\"},\"headline\":\"\u201dSom yngre skadade hon en framtid och fick denna rotfylld\u201d\",\"datePublished\":\"2018-03-25T15:15:35+00:00\",\"dateModified\":\"2020-12-17T15:16:29+00:00\",\"mainEntityOfPage\":{\"@id\":\"https:\/\/blogg.svenskakyrkan.se\/diakonibloggen\/2018\/03\/25\/som-yngre-skadade-hon-en-framtid-och-fick-denna-rotfylld\/\"},\"wordCount\":672,\"commentCount\":0,\"image\":{\"@id\":\"https:\/\/blogg.svenskakyrkan.se\/diakonibloggen\/2018\/03\/25\/som-yngre-skadade-hon-en-framtid-och-fick-denna-rotfylld\/#primaryimage\"},\"thumbnailUrl\":\"http:\/\/blogg.svenskakyrkan.se\/diakonibloggen\/files\/2018\/03\/youth-2274669_1920.jpg?w=250\",\"keywords\":[\"#tillsammans\",\"diakoni\",\"k\u00e4mpaf\u00f6rvarendaunge\",\"Per-Ivar \u00d6stmann\",\"Svenska kyrkan Tj\u00f6rn\"],\"articleSection\":[\"Barn\",\"Diakonalt arbete\"],\"inLanguage\":\"sv-SE\",\"potentialAction\":[{\"@type\":\"CommentAction\",\"name\":\"Comment\",\"target\":[\"https:\/\/blogg.svenskakyrkan.se\/diakonibloggen\/2018\/03\/25\/som-yngre-skadade-hon-en-framtid-och-fick-denna-rotfylld\/#respond\"]}]},{\"@type\":\"WebPage\",\"@id\":\"https:\/\/blogg.svenskakyrkan.se\/diakonibloggen\/2018\/03\/25\/som-yngre-skadade-hon-en-framtid-och-fick-denna-rotfylld\/\",\"url\":\"https:\/\/blogg.svenskakyrkan.se\/diakonibloggen\/2018\/03\/25\/som-yngre-skadade-hon-en-framtid-och-fick-denna-rotfylld\/\",\"name\":\"\u201dSom yngre skadade hon en framtid och fick denna rotfylld\u201d - Diakonibloggen\",\"isPartOf\":{\"@id\":\"https:\/\/blogg.svenskakyrkan.se\/diakonibloggen\/#website\"},\"primaryImageOfPage\":{\"@id\":\"https:\/\/blogg.svenskakyrkan.se\/diakonibloggen\/2018\/03\/25\/som-yngre-skadade-hon-en-framtid-och-fick-denna-rotfylld\/#primaryimage\"},\"image\":{\"@id\":\"https:\/\/blogg.svenskakyrkan.se\/diakonibloggen\/2018\/03\/25\/som-yngre-skadade-hon-en-framtid-och-fick-denna-rotfylld\/#primaryimage\"},\"thumbnailUrl\":\"http:\/\/blogg.svenskakyrkan.se\/diakonibloggen\/files\/2018\/03\/youth-2274669_1920.jpg?w=250\",\"datePublished\":\"2018-03-25T15:15:35+00:00\",\"dateModified\":\"2020-12-17T15:16:29+00:00\",\"author\":{\"@id\":\"https:\/\/blogg.svenskakyrkan.se\/diakonibloggen\/#\/schema\/person\/8f6a6fe8efab23c141c7e274fec6405f\"},\"breadcrumb\":{\"@id\":\"https:\/\/blogg.svenskakyrkan.se\/diakonibloggen\/2018\/03\/25\/som-yngre-skadade-hon-en-framtid-och-fick-denna-rotfylld\/#breadcrumb\"},\"inLanguage\":\"sv-SE\",\"potentialAction\":[{\"@type\":\"ReadAction\",\"target\":[\"https:\/\/blogg.svenskakyrkan.se\/diakonibloggen\/2018\/03\/25\/som-yngre-skadade-hon-en-framtid-och-fick-denna-rotfylld\/\"]}]},{\"@type\":\"ImageObject\",\"inLanguage\":\"sv-SE\",\"@id\":\"https:\/\/blogg.svenskakyrkan.se\/diakonibloggen\/2018\/03\/25\/som-yngre-skadade-hon-en-framtid-och-fick-denna-rotfylld\/#primaryimage\",\"url\":\"http:\/\/blogg.svenskakyrkan.se\/diakonibloggen\/files\/2018\/03\/youth-2274669_1920.jpg?w=250\",\"contentUrl\":\"http:\/\/blogg.svenskakyrkan.se\/diakonibloggen\/files\/2018\/03\/youth-2274669_1920.jpg?w=250\"},{\"@type\":\"BreadcrumbList\",\"@id\":\"https:\/\/blogg.svenskakyrkan.se\/diakonibloggen\/2018\/03\/25\/som-yngre-skadade-hon-en-framtid-och-fick-denna-rotfylld\/#breadcrumb\",\"itemListElement\":[{\"@type\":\"ListItem\",\"position\":1,\"name\":\"Hem\",\"item\":\"https:\/\/blogg.svenskakyrkan.se\/diakonibloggen\/\"},{\"@type\":\"ListItem\",\"position\":2,\"name\":\"\u201dSom yngre skadade hon en framtid och fick denna rotfylld\u201d\"}]},{\"@type\":\"WebSite\",\"@id\":\"https:\/\/blogg.svenskakyrkan.se\/diakonibloggen\/#website\",\"url\":\"https:\/\/blogg.svenskakyrkan.se\/diakonibloggen\/\",\"name\":\"Diakonibloggen\",\"description\":\"Vi lyfter fram, hyllar, diskuterar och inspirerar till diakonalt arbete inom och utanf\u00f6r Svenska kyrkans ramar.\",\"potentialAction\":[{\"@type\":\"SearchAction\",\"target\":{\"@type\":\"EntryPoint\",\"urlTemplate\":\"https:\/\/blogg.svenskakyrkan.se\/diakonibloggen\/?s={search_term_string}\"},\"query-input\":{\"@type\":\"PropertyValueSpecification\",\"valueRequired\":true,\"valueName\":\"search_term_string\"}}],\"inLanguage\":\"sv-SE\"},{\"@type\":\"Person\",\"@id\":\"https:\/\/blogg.svenskakyrkan.se\/diakonibloggen\/#\/schema\/person\/8f6a6fe8efab23c141c7e274fec6405f\",\"name\":\"diakonibloggen\",\"image\":{\"@type\":\"ImageObject\",\"inLanguage\":\"sv-SE\",\"@id\":\"https:\/\/blogg.svenskakyrkan.se\/diakonibloggen\/#\/schema\/person\/image\/\",\"url\":\"https:\/\/secure.gravatar.com\/avatar\/95c0ca86fd13e3d8c1b7b7e9864c9a2ccb7b48c6f756a3b5447bcc13dd630488?s=96&d=mm&r=g\",\"contentUrl\":\"https:\/\/secure.gravatar.com\/avatar\/95c0ca86fd13e3d8c1b7b7e9864c9a2ccb7b48c6f756a3b5447bcc13dd630488?s=96&d=mm&r=g\",\"caption\":\"diakonibloggen\"},\"url\":\"https:\/\/blogg.svenskakyrkan.se\/diakonibloggen\/author\/diakonibloggen\/\"}]}<\/script>\n<!-- \/ Yoast SEO plugin. -->","yoast_head_json":{"title":"\u201dSom yngre skadade hon en framtid och fick denna rotfylld\u201d - Diakonibloggen","robots":{"index":"index","follow":"follow","max-snippet":"max-snippet:-1","max-image-preview":"max-image-preview:large","max-video-preview":"max-video-preview:-1"},"canonical":"https:\/\/blogg.svenskakyrkan.se\/diakonibloggen\/2018\/03\/25\/som-yngre-skadade-hon-en-framtid-och-fick-denna-rotfylld\/","og_locale":"sv_SE","og_type":"article","og_title":"\u201dSom yngre skadade hon en framtid och fick denna rotfylld\u201d - Diakonibloggen","og_description":"Ni har s\u00e4kert sett dom, de ofta lite taffligt kopierade listorna med lustiga felskrivningar fr\u00e5n patientjournaler, polisrapporter och f\u00f6rs\u00e4kringsprotokoll. Det kan vara att \u201dden d\u00f6de kom cyklande fr\u00e5n v\u00e4nster\u201d eller \u201dpatienten klagar \u00f6ver k\u00e4nselbortfall fr\u00e5n t\u00e5rna och ner\u00e5t\u201d. P\u00e5 n\u00e4tet finns sida efter sida som samlat alla m\u00f6jliga varianter. Kanske kommer det citat jag s\u00e5g [&hellip;]","og_url":"https:\/\/blogg.svenskakyrkan.se\/diakonibloggen\/2018\/03\/25\/som-yngre-skadade-hon-en-framtid-och-fick-denna-rotfylld\/","og_site_name":"Diakonibloggen","article_published_time":"2018-03-25T15:15:35+00:00","article_modified_time":"2020-12-17T15:16:29+00:00","og_image":[{"url":"http:\/\/blogg.svenskakyrkan.se\/diakonibloggen\/files\/2018\/03\/youth-2274669_1920.jpg?w=250","type":"","width":"","height":""}],"author":"diakonibloggen","twitter_card":"summary_large_image","twitter_misc":{"Skriven av":"diakonibloggen","Ber\u00e4knad l\u00e4stid":"3 minuter"},"schema":{"@context":"https:\/\/schema.org","@graph":[{"@type":"Article","@id":"https:\/\/blogg.svenskakyrkan.se\/diakonibloggen\/2018\/03\/25\/som-yngre-skadade-hon-en-framtid-och-fick-denna-rotfylld\/#article","isPartOf":{"@id":"https:\/\/blogg.svenskakyrkan.se\/diakonibloggen\/2018\/03\/25\/som-yngre-skadade-hon-en-framtid-och-fick-denna-rotfylld\/"},"author":{"name":"diakonibloggen","@id":"https:\/\/blogg.svenskakyrkan.se\/diakonibloggen\/#\/schema\/person\/8f6a6fe8efab23c141c7e274fec6405f"},"headline":"\u201dSom yngre skadade hon en framtid och fick denna rotfylld\u201d","datePublished":"2018-03-25T15:15:35+00:00","dateModified":"2020-12-17T15:16:29+00:00","mainEntityOfPage":{"@id":"https:\/\/blogg.svenskakyrkan.se\/diakonibloggen\/2018\/03\/25\/som-yngre-skadade-hon-en-framtid-och-fick-denna-rotfylld\/"},"wordCount":672,"commentCount":0,"image":{"@id":"https:\/\/blogg.svenskakyrkan.se\/diakonibloggen\/2018\/03\/25\/som-yngre-skadade-hon-en-framtid-och-fick-denna-rotfylld\/#primaryimage"},"thumbnailUrl":"http:\/\/blogg.svenskakyrkan.se\/diakonibloggen\/files\/2018\/03\/youth-2274669_1920.jpg?w=250","keywords":["#tillsammans","diakoni","k\u00e4mpaf\u00f6rvarendaunge","Per-Ivar \u00d6stmann","Svenska kyrkan Tj\u00f6rn"],"articleSection":["Barn","Diakonalt arbete"],"inLanguage":"sv-SE","potentialAction":[{"@type":"CommentAction","name":"Comment","target":["https:\/\/blogg.svenskakyrkan.se\/diakonibloggen\/2018\/03\/25\/som-yngre-skadade-hon-en-framtid-och-fick-denna-rotfylld\/#respond"]}]},{"@type":"WebPage","@id":"https:\/\/blogg.svenskakyrkan.se\/diakonibloggen\/2018\/03\/25\/som-yngre-skadade-hon-en-framtid-och-fick-denna-rotfylld\/","url":"https:\/\/blogg.svenskakyrkan.se\/diakonibloggen\/2018\/03\/25\/som-yngre-skadade-hon-en-framtid-och-fick-denna-rotfylld\/","name":"\u201dSom yngre skadade hon en framtid och fick denna rotfylld\u201d - Diakonibloggen","isPartOf":{"@id":"https:\/\/blogg.svenskakyrkan.se\/diakonibloggen\/#website"},"primaryImageOfPage":{"@id":"https:\/\/blogg.svenskakyrkan.se\/diakonibloggen\/2018\/03\/25\/som-yngre-skadade-hon-en-framtid-och-fick-denna-rotfylld\/#primaryimage"},"image":{"@id":"https:\/\/blogg.svenskakyrkan.se\/diakonibloggen\/2018\/03\/25\/som-yngre-skadade-hon-en-framtid-och-fick-denna-rotfylld\/#primaryimage"},"thumbnailUrl":"http:\/\/blogg.svenskakyrkan.se\/diakonibloggen\/files\/2018\/03\/youth-2274669_1920.jpg?w=250","datePublished":"2018-03-25T15:15:35+00:00","dateModified":"2020-12-17T15:16:29+00:00","author":{"@id":"https:\/\/blogg.svenskakyrkan.se\/diakonibloggen\/#\/schema\/person\/8f6a6fe8efab23c141c7e274fec6405f"},"breadcrumb":{"@id":"https:\/\/blogg.svenskakyrkan.se\/diakonibloggen\/2018\/03\/25\/som-yngre-skadade-hon-en-framtid-och-fick-denna-rotfylld\/#breadcrumb"},"inLanguage":"sv-SE","potentialAction":[{"@type":"ReadAction","target":["https:\/\/blogg.svenskakyrkan.se\/diakonibloggen\/2018\/03\/25\/som-yngre-skadade-hon-en-framtid-och-fick-denna-rotfylld\/"]}]},{"@type":"ImageObject","inLanguage":"sv-SE","@id":"https:\/\/blogg.svenskakyrkan.se\/diakonibloggen\/2018\/03\/25\/som-yngre-skadade-hon-en-framtid-och-fick-denna-rotfylld\/#primaryimage","url":"http:\/\/blogg.svenskakyrkan.se\/diakonibloggen\/files\/2018\/03\/youth-2274669_1920.jpg?w=250","contentUrl":"http:\/\/blogg.svenskakyrkan.se\/diakonibloggen\/files\/2018\/03\/youth-2274669_1920.jpg?w=250"},{"@type":"BreadcrumbList","@id":"https:\/\/blogg.svenskakyrkan.se\/diakonibloggen\/2018\/03\/25\/som-yngre-skadade-hon-en-framtid-och-fick-denna-rotfylld\/#breadcrumb","itemListElement":[{"@type":"ListItem","position":1,"name":"Hem","item":"https:\/\/blogg.svenskakyrkan.se\/diakonibloggen\/"},{"@type":"ListItem","position":2,"name":"\u201dSom yngre skadade hon en framtid och fick denna rotfylld\u201d"}]},{"@type":"WebSite","@id":"https:\/\/blogg.svenskakyrkan.se\/diakonibloggen\/#website","url":"https:\/\/blogg.svenskakyrkan.se\/diakonibloggen\/","name":"Diakonibloggen","description":"Vi lyfter fram, hyllar, diskuterar och inspirerar till diakonalt arbete inom och utanf\u00f6r Svenska kyrkans ramar.","potentialAction":[{"@type":"SearchAction","target":{"@type":"EntryPoint","urlTemplate":"https:\/\/blogg.svenskakyrkan.se\/diakonibloggen\/?s={search_term_string}"},"query-input":{"@type":"PropertyValueSpecification","valueRequired":true,"valueName":"search_term_string"}}],"inLanguage":"sv-SE"},{"@type":"Person","@id":"https:\/\/blogg.svenskakyrkan.se\/diakonibloggen\/#\/schema\/person\/8f6a6fe8efab23c141c7e274fec6405f","name":"diakonibloggen","image":{"@type":"ImageObject","inLanguage":"sv-SE","@id":"https:\/\/blogg.svenskakyrkan.se\/diakonibloggen\/#\/schema\/person\/image\/","url":"https:\/\/secure.gravatar.com\/avatar\/95c0ca86fd13e3d8c1b7b7e9864c9a2ccb7b48c6f756a3b5447bcc13dd630488?s=96&d=mm&r=g","contentUrl":"https:\/\/secure.gravatar.com\/avatar\/95c0ca86fd13e3d8c1b7b7e9864c9a2ccb7b48c6f756a3b5447bcc13dd630488?s=96&d=mm&r=g","caption":"diakonibloggen"},"url":"https:\/\/blogg.svenskakyrkan.se\/diakonibloggen\/author\/diakonibloggen\/"}]}},"author_meta":{"ID":"776","user_nicename":"diakonibloggen","user_registered":"2020-12-17 14:50:06","display_name":"diakonibloggen","avatar":"https:\/\/blogg.svenskakyrkan.se\/diakonibloggen\/files\/2021\/02\/Sk\u00e4rmavbild-2019-04-12-kl.-14.20.54-150x150.png"},"featured_image":false,"bloginfo":{"name":"Diakonibloggen","url":"https:\/\/blogg.svenskakyrkan.se\/diakonibloggen"},"_links":{"self":[{"href":"https:\/\/blogg.svenskakyrkan.se\/diakonibloggen\/wp-json\/wp\/v2\/posts\/6457","targetHints":{"allow":["GET"]}}],"collection":[{"href":"https:\/\/blogg.svenskakyrkan.se\/diakonibloggen\/wp-json\/wp\/v2\/posts"}],"about":[{"href":"https:\/\/blogg.svenskakyrkan.se\/diakonibloggen\/wp-json\/wp\/v2\/types\/post"}],"author":[{"embeddable":true,"href":"https:\/\/blogg.svenskakyrkan.se\/diakonibloggen\/wp-json\/wp\/v2\/users\/776"}],"replies":[{"embeddable":true,"href":"https:\/\/blogg.svenskakyrkan.se\/diakonibloggen\/wp-json\/wp\/v2\/comments?post=6457"}],"version-history":[{"count":1,"href":"https:\/\/blogg.svenskakyrkan.se\/diakonibloggen\/wp-json\/wp\/v2\/posts\/6457\/revisions"}],"predecessor-version":[{"id":8364,"href":"https:\/\/blogg.svenskakyrkan.se\/diakonibloggen\/wp-json\/wp\/v2\/posts\/6457\/revisions\/8364"}],"wp:attachment":[{"href":"https:\/\/blogg.svenskakyrkan.se\/diakonibloggen\/wp-json\/wp\/v2\/media?parent=6457"}],"wp:term":[{"taxonomy":"category","embeddable":true,"href":"https:\/\/blogg.svenskakyrkan.se\/diakonibloggen\/wp-json\/wp\/v2\/categories?post=6457"},{"taxonomy":"post_tag","embeddable":true,"href":"https:\/\/blogg.svenskakyrkan.se\/diakonibloggen\/wp-json\/wp\/v2\/tags?post=6457"}],"curies":[{"name":"wp","href":"https:\/\/api.w.org\/{rel}","templated":true}]}}