{"id":6468,"date":"2018-04-01T05:31:05","date_gmt":"2018-04-01T05:31:05","guid":{"rendered":"http:\/\/diakonibloggen.com\/?p=6468"},"modified":"2020-12-17T15:16:29","modified_gmt":"2020-12-17T15:16:29","slug":"kristus-ar-uppstanden-2","status":"publish","type":"post","link":"https:\/\/blogg.svenskakyrkan.se\/diakonibloggen\/2018\/04\/01\/kristus-ar-uppstanden-2\/","title":{"rendered":"Kristus \u00e4r uppst\u00e5nden"},"content":{"rendered":"<p>Morgon, morgon, lyckliga morgon!<br \/>\nGr\u00e5t inte mer, Maria!<br \/>\nSt\u00e5 inte d\u00e4r och stirra dina \u00f6gon tomma p\u00e5 gravm\u00f6rkret,<br \/>\np\u00e5 tomheten, p\u00e5 d\u00f6den,<br \/>\nhan finns inte d\u00e4r!<br \/>\nF\u00e4st upp ditt h\u00e5r, torka dina t\u00e5rar &#8211;<br \/>\nMaria, v\u00e4nd dig om!<br \/>\nD\u00e4r i den levande tr\u00e4dg\u00e5rden<br \/>\nd\u00e4r i den tunga gr\u00f6nskan<br \/>\nd\u00e4r i gr\u00e4set som \u00e4r tungt av dagg<br \/>\noch blommor<br \/>\nd\u00e4r i blommorna bland f\u00e5glarna med hela staden f\u00f6r sina f\u00f6tter<br \/>\nmed hela v\u00e4rlden f\u00f6r sina f\u00f6tter, med hela ljuset i sina h\u00e4nder<br \/>\nmed hela himlen d\u00e5raktigt bl\u00e5 av morgonvind,<br \/>\nmed f\u00e5glar, barn,<br \/>\n\u00f6verlistade vakter,<br \/>\nbortspr\u00e4ngda stenar &#8211;<br \/>\n&#8221;Maria&#8221;<br \/>\n&#8221;Herre&#8221;<br \/>\nAtt inte himlen brast av gl\u00e4dje den morgonen!<\/p>\n<p><em>Ylva Eggehorn<\/em><a href=\"http:\/\/diakonibloggen.com\/2018\/04\/01\/kristus-ar-uppstanden-2\/img_1851\/\" rel=\"attachment wp-att-6469\"><img loading=\"lazy\" decoding=\"async\" class=\"alignleft size-full wp-image-6469\" src=\"http:\/\/blogg.svenskakyrkan.se\/diakonibloggen\/files\/2018\/03\/img_1851.jpg\" alt=\"\" width=\"768\" height=\"768\" srcset=\"https:\/\/blogg.svenskakyrkan.se\/diakonibloggen\/files\/2018\/03\/img_1851.jpg 2448w, https:\/\/blogg.svenskakyrkan.se\/diakonibloggen\/files\/2018\/03\/img_1851-300x300.jpg 300w, https:\/\/blogg.svenskakyrkan.se\/diakonibloggen\/files\/2018\/03\/img_1851-1024x1024.jpg 1024w, https:\/\/blogg.svenskakyrkan.se\/diakonibloggen\/files\/2018\/03\/img_1851-150x150.jpg 150w, https:\/\/blogg.svenskakyrkan.se\/diakonibloggen\/files\/2018\/03\/img_1851-768x768.jpg 768w, https:\/\/blogg.svenskakyrkan.se\/diakonibloggen\/files\/2018\/03\/img_1851-1536x1536.jpg 1536w, https:\/\/blogg.svenskakyrkan.se\/diakonibloggen\/files\/2018\/03\/img_1851-2048x2048.jpg 2048w, https:\/\/blogg.svenskakyrkan.se\/diakonibloggen\/files\/2018\/03\/img_1851-1200x1200.jpg 1200w, https:\/\/blogg.svenskakyrkan.se\/diakonibloggen\/files\/2018\/03\/img_1851-640x640.jpg 640w\" sizes=\"auto, (max-width: 768px) 100vw, 768px\" \/><\/a><\/p>\n","protected":false},"excerpt":{"rendered":"<p>Morgon, morgon, lyckliga morgon! Gr\u00e5t inte mer, Maria! St\u00e5 inte d\u00e4r och stirra dina \u00f6gon tomma p\u00e5 gravm\u00f6rkret, p\u00e5 tomheten, p\u00e5 d\u00f6den, han finns inte d\u00e4r! F\u00e4st upp ditt h\u00e5r, torka dina t\u00e5rar &#8211; Maria, v\u00e4nd dig om! D\u00e4r i den levande tr\u00e4dg\u00e5rden d\u00e4r i den tunga gr\u00f6nskan d\u00e4r i gr\u00e4set som \u00e4r tungt av [&hellip;]<\/p>\n","protected":false},"author":776,"featured_media":0,"comment_status":"open","ping_status":"open","sticky":false,"template":"","format":"standard","meta":{"_acf_changed":false,"footnotes":""},"categories":[23302,23314],"tags":[24708,25268],"class_list":["post-6468","post","type-post","status-publish","format-standard","hentry","category-diakoni","category-hopp","tag-paskdagen","tag-ylva-eggehorn"],"acf":[],"yoast_head":"<!-- This site is optimized with the Yoast SEO plugin v27.1.1 - https:\/\/yoast.com\/product\/yoast-seo-wordpress\/ -->\n<title>Kristus \u00e4r uppst\u00e5nden - Diakonibloggen<\/title>\n<meta name=\"robots\" content=\"index, follow, max-snippet:-1, max-image-preview:large, max-video-preview:-1\" \/>\n<link rel=\"canonical\" href=\"https:\/\/blogg.svenskakyrkan.se\/diakonibloggen\/2018\/04\/01\/kristus-ar-uppstanden-2\/\" \/>\n<meta property=\"og:locale\" content=\"sv_SE\" \/>\n<meta property=\"og:type\" content=\"article\" \/>\n<meta property=\"og:title\" content=\"Kristus \u00e4r uppst\u00e5nden - Diakonibloggen\" \/>\n<meta property=\"og:description\" content=\"Morgon, morgon, lyckliga morgon! Gr\u00e5t inte mer, Maria! St\u00e5 inte d\u00e4r och stirra dina \u00f6gon tomma p\u00e5 gravm\u00f6rkret, p\u00e5 tomheten, p\u00e5 d\u00f6den, han finns inte d\u00e4r! F\u00e4st upp ditt h\u00e5r, torka dina t\u00e5rar &#8211; Maria, v\u00e4nd dig om! D\u00e4r i den levande tr\u00e4dg\u00e5rden d\u00e4r i den tunga gr\u00f6nskan d\u00e4r i gr\u00e4set som \u00e4r tungt av [&hellip;]\" \/>\n<meta property=\"og:url\" content=\"https:\/\/blogg.svenskakyrkan.se\/diakonibloggen\/2018\/04\/01\/kristus-ar-uppstanden-2\/\" \/>\n<meta property=\"og:site_name\" content=\"Diakonibloggen\" \/>\n<meta property=\"article:published_time\" content=\"2018-04-01T05:31:05+00:00\" \/>\n<meta property=\"article:modified_time\" content=\"2020-12-17T15:16:29+00:00\" \/>\n<meta property=\"og:image\" content=\"http:\/\/blogg.svenskakyrkan.se\/diakonibloggen\/files\/2018\/03\/img_1851.jpg\" \/>\n<meta name=\"author\" content=\"diakonibloggen\" \/>\n<meta name=\"twitter:card\" content=\"summary_large_image\" \/>\n<meta name=\"twitter:label1\" content=\"Skriven av\" \/>\n\t<meta name=\"twitter:data1\" content=\"diakonibloggen\" \/>\n\t<meta name=\"twitter:label2\" content=\"Ber\u00e4knad l\u00e4stid\" \/>\n\t<meta name=\"twitter:data2\" content=\"1 minut\" \/>\n<script type=\"application\/ld+json\" class=\"yoast-schema-graph\">{\"@context\":\"https:\/\/schema.org\",\"@graph\":[{\"@type\":\"Article\",\"@id\":\"https:\/\/blogg.svenskakyrkan.se\/diakonibloggen\/2018\/04\/01\/kristus-ar-uppstanden-2\/#article\",\"isPartOf\":{\"@id\":\"https:\/\/blogg.svenskakyrkan.se\/diakonibloggen\/2018\/04\/01\/kristus-ar-uppstanden-2\/\"},\"author\":{\"name\":\"diakonibloggen\",\"@id\":\"https:\/\/blogg.svenskakyrkan.se\/diakonibloggen\/#\/schema\/person\/8f6a6fe8efab23c141c7e274fec6405f\"},\"headline\":\"Kristus \u00e4r uppst\u00e5nden\",\"datePublished\":\"2018-04-01T05:31:05+00:00\",\"dateModified\":\"2020-12-17T15:16:29+00:00\",\"mainEntityOfPage\":{\"@id\":\"https:\/\/blogg.svenskakyrkan.se\/diakonibloggen\/2018\/04\/01\/kristus-ar-uppstanden-2\/\"},\"wordCount\":140,\"commentCount\":0,\"image\":{\"@id\":\"https:\/\/blogg.svenskakyrkan.se\/diakonibloggen\/2018\/04\/01\/kristus-ar-uppstanden-2\/#primaryimage\"},\"thumbnailUrl\":\"http:\/\/blogg.svenskakyrkan.se\/diakonibloggen\/files\/2018\/03\/img_1851.jpg\",\"keywords\":[\"p\u00e5skdagen\",\"Ylva Eggehorn\"],\"articleSection\":[\"diakoni\",\"Hopp\"],\"inLanguage\":\"sv-SE\",\"potentialAction\":[{\"@type\":\"CommentAction\",\"name\":\"Comment\",\"target\":[\"https:\/\/blogg.svenskakyrkan.se\/diakonibloggen\/2018\/04\/01\/kristus-ar-uppstanden-2\/#respond\"]}]},{\"@type\":\"WebPage\",\"@id\":\"https:\/\/blogg.svenskakyrkan.se\/diakonibloggen\/2018\/04\/01\/kristus-ar-uppstanden-2\/\",\"url\":\"https:\/\/blogg.svenskakyrkan.se\/diakonibloggen\/2018\/04\/01\/kristus-ar-uppstanden-2\/\",\"name\":\"Kristus \u00e4r uppst\u00e5nden - Diakonibloggen\",\"isPartOf\":{\"@id\":\"https:\/\/blogg.svenskakyrkan.se\/diakonibloggen\/#website\"},\"primaryImageOfPage\":{\"@id\":\"https:\/\/blogg.svenskakyrkan.se\/diakonibloggen\/2018\/04\/01\/kristus-ar-uppstanden-2\/#primaryimage\"},\"image\":{\"@id\":\"https:\/\/blogg.svenskakyrkan.se\/diakonibloggen\/2018\/04\/01\/kristus-ar-uppstanden-2\/#primaryimage\"},\"thumbnailUrl\":\"http:\/\/blogg.svenskakyrkan.se\/diakonibloggen\/files\/2018\/03\/img_1851.jpg\",\"datePublished\":\"2018-04-01T05:31:05+00:00\",\"dateModified\":\"2020-12-17T15:16:29+00:00\",\"author\":{\"@id\":\"https:\/\/blogg.svenskakyrkan.se\/diakonibloggen\/#\/schema\/person\/8f6a6fe8efab23c141c7e274fec6405f\"},\"breadcrumb\":{\"@id\":\"https:\/\/blogg.svenskakyrkan.se\/diakonibloggen\/2018\/04\/01\/kristus-ar-uppstanden-2\/#breadcrumb\"},\"inLanguage\":\"sv-SE\",\"potentialAction\":[{\"@type\":\"ReadAction\",\"target\":[\"https:\/\/blogg.svenskakyrkan.se\/diakonibloggen\/2018\/04\/01\/kristus-ar-uppstanden-2\/\"]}]},{\"@type\":\"ImageObject\",\"inLanguage\":\"sv-SE\",\"@id\":\"https:\/\/blogg.svenskakyrkan.se\/diakonibloggen\/2018\/04\/01\/kristus-ar-uppstanden-2\/#primaryimage\",\"url\":\"http:\/\/blogg.svenskakyrkan.se\/diakonibloggen\/files\/2018\/03\/img_1851.jpg\",\"contentUrl\":\"http:\/\/blogg.svenskakyrkan.se\/diakonibloggen\/files\/2018\/03\/img_1851.jpg\"},{\"@type\":\"BreadcrumbList\",\"@id\":\"https:\/\/blogg.svenskakyrkan.se\/diakonibloggen\/2018\/04\/01\/kristus-ar-uppstanden-2\/#breadcrumb\",\"itemListElement\":[{\"@type\":\"ListItem\",\"position\":1,\"name\":\"Hem\",\"item\":\"https:\/\/blogg.svenskakyrkan.se\/diakonibloggen\/\"},{\"@type\":\"ListItem\",\"position\":2,\"name\":\"Kristus \u00e4r uppst\u00e5nden\"}]},{\"@type\":\"WebSite\",\"@id\":\"https:\/\/blogg.svenskakyrkan.se\/diakonibloggen\/#website\",\"url\":\"https:\/\/blogg.svenskakyrkan.se\/diakonibloggen\/\",\"name\":\"Diakonibloggen\",\"description\":\"Vi lyfter fram, hyllar, diskuterar och inspirerar till diakonalt arbete inom och utanf\u00f6r Svenska kyrkans ramar.\",\"potentialAction\":[{\"@type\":\"SearchAction\",\"target\":{\"@type\":\"EntryPoint\",\"urlTemplate\":\"https:\/\/blogg.svenskakyrkan.se\/diakonibloggen\/?s={search_term_string}\"},\"query-input\":{\"@type\":\"PropertyValueSpecification\",\"valueRequired\":true,\"valueName\":\"search_term_string\"}}],\"inLanguage\":\"sv-SE\"},{\"@type\":\"Person\",\"@id\":\"https:\/\/blogg.svenskakyrkan.se\/diakonibloggen\/#\/schema\/person\/8f6a6fe8efab23c141c7e274fec6405f\",\"name\":\"diakonibloggen\",\"image\":{\"@type\":\"ImageObject\",\"inLanguage\":\"sv-SE\",\"@id\":\"https:\/\/blogg.svenskakyrkan.se\/diakonibloggen\/#\/schema\/person\/image\/\",\"url\":\"https:\/\/secure.gravatar.com\/avatar\/95c0ca86fd13e3d8c1b7b7e9864c9a2ccb7b48c6f756a3b5447bcc13dd630488?s=96&d=mm&r=g\",\"contentUrl\":\"https:\/\/secure.gravatar.com\/avatar\/95c0ca86fd13e3d8c1b7b7e9864c9a2ccb7b48c6f756a3b5447bcc13dd630488?s=96&d=mm&r=g\",\"caption\":\"diakonibloggen\"},\"url\":\"https:\/\/blogg.svenskakyrkan.se\/diakonibloggen\/author\/diakonibloggen\/\"}]}<\/script>\n<!-- \/ Yoast SEO plugin. -->","yoast_head_json":{"title":"Kristus \u00e4r uppst\u00e5nden - Diakonibloggen","robots":{"index":"index","follow":"follow","max-snippet":"max-snippet:-1","max-image-preview":"max-image-preview:large","max-video-preview":"max-video-preview:-1"},"canonical":"https:\/\/blogg.svenskakyrkan.se\/diakonibloggen\/2018\/04\/01\/kristus-ar-uppstanden-2\/","og_locale":"sv_SE","og_type":"article","og_title":"Kristus \u00e4r uppst\u00e5nden - Diakonibloggen","og_description":"Morgon, morgon, lyckliga morgon! Gr\u00e5t inte mer, Maria! St\u00e5 inte d\u00e4r och stirra dina \u00f6gon tomma p\u00e5 gravm\u00f6rkret, p\u00e5 tomheten, p\u00e5 d\u00f6den, han finns inte d\u00e4r! F\u00e4st upp ditt h\u00e5r, torka dina t\u00e5rar &#8211; Maria, v\u00e4nd dig om! D\u00e4r i den levande tr\u00e4dg\u00e5rden d\u00e4r i den tunga gr\u00f6nskan d\u00e4r i gr\u00e4set som \u00e4r tungt av [&hellip;]","og_url":"https:\/\/blogg.svenskakyrkan.se\/diakonibloggen\/2018\/04\/01\/kristus-ar-uppstanden-2\/","og_site_name":"Diakonibloggen","article_published_time":"2018-04-01T05:31:05+00:00","article_modified_time":"2020-12-17T15:16:29+00:00","og_image":[{"url":"http:\/\/blogg.svenskakyrkan.se\/diakonibloggen\/files\/2018\/03\/img_1851.jpg","type":"","width":"","height":""}],"author":"diakonibloggen","twitter_card":"summary_large_image","twitter_misc":{"Skriven av":"diakonibloggen","Ber\u00e4knad l\u00e4stid":"1 minut"},"schema":{"@context":"https:\/\/schema.org","@graph":[{"@type":"Article","@id":"https:\/\/blogg.svenskakyrkan.se\/diakonibloggen\/2018\/04\/01\/kristus-ar-uppstanden-2\/#article","isPartOf":{"@id":"https:\/\/blogg.svenskakyrkan.se\/diakonibloggen\/2018\/04\/01\/kristus-ar-uppstanden-2\/"},"author":{"name":"diakonibloggen","@id":"https:\/\/blogg.svenskakyrkan.se\/diakonibloggen\/#\/schema\/person\/8f6a6fe8efab23c141c7e274fec6405f"},"headline":"Kristus \u00e4r uppst\u00e5nden","datePublished":"2018-04-01T05:31:05+00:00","dateModified":"2020-12-17T15:16:29+00:00","mainEntityOfPage":{"@id":"https:\/\/blogg.svenskakyrkan.se\/diakonibloggen\/2018\/04\/01\/kristus-ar-uppstanden-2\/"},"wordCount":140,"commentCount":0,"image":{"@id":"https:\/\/blogg.svenskakyrkan.se\/diakonibloggen\/2018\/04\/01\/kristus-ar-uppstanden-2\/#primaryimage"},"thumbnailUrl":"http:\/\/blogg.svenskakyrkan.se\/diakonibloggen\/files\/2018\/03\/img_1851.jpg","keywords":["p\u00e5skdagen","Ylva Eggehorn"],"articleSection":["diakoni","Hopp"],"inLanguage":"sv-SE","potentialAction":[{"@type":"CommentAction","name":"Comment","target":["https:\/\/blogg.svenskakyrkan.se\/diakonibloggen\/2018\/04\/01\/kristus-ar-uppstanden-2\/#respond"]}]},{"@type":"WebPage","@id":"https:\/\/blogg.svenskakyrkan.se\/diakonibloggen\/2018\/04\/01\/kristus-ar-uppstanden-2\/","url":"https:\/\/blogg.svenskakyrkan.se\/diakonibloggen\/2018\/04\/01\/kristus-ar-uppstanden-2\/","name":"Kristus \u00e4r uppst\u00e5nden - Diakonibloggen","isPartOf":{"@id":"https:\/\/blogg.svenskakyrkan.se\/diakonibloggen\/#website"},"primaryImageOfPage":{"@id":"https:\/\/blogg.svenskakyrkan.se\/diakonibloggen\/2018\/04\/01\/kristus-ar-uppstanden-2\/#primaryimage"},"image":{"@id":"https:\/\/blogg.svenskakyrkan.se\/diakonibloggen\/2018\/04\/01\/kristus-ar-uppstanden-2\/#primaryimage"},"thumbnailUrl":"http:\/\/blogg.svenskakyrkan.se\/diakonibloggen\/files\/2018\/03\/img_1851.jpg","datePublished":"2018-04-01T05:31:05+00:00","dateModified":"2020-12-17T15:16:29+00:00","author":{"@id":"https:\/\/blogg.svenskakyrkan.se\/diakonibloggen\/#\/schema\/person\/8f6a6fe8efab23c141c7e274fec6405f"},"breadcrumb":{"@id":"https:\/\/blogg.svenskakyrkan.se\/diakonibloggen\/2018\/04\/01\/kristus-ar-uppstanden-2\/#breadcrumb"},"inLanguage":"sv-SE","potentialAction":[{"@type":"ReadAction","target":["https:\/\/blogg.svenskakyrkan.se\/diakonibloggen\/2018\/04\/01\/kristus-ar-uppstanden-2\/"]}]},{"@type":"ImageObject","inLanguage":"sv-SE","@id":"https:\/\/blogg.svenskakyrkan.se\/diakonibloggen\/2018\/04\/01\/kristus-ar-uppstanden-2\/#primaryimage","url":"http:\/\/blogg.svenskakyrkan.se\/diakonibloggen\/files\/2018\/03\/img_1851.jpg","contentUrl":"http:\/\/blogg.svenskakyrkan.se\/diakonibloggen\/files\/2018\/03\/img_1851.jpg"},{"@type":"BreadcrumbList","@id":"https:\/\/blogg.svenskakyrkan.se\/diakonibloggen\/2018\/04\/01\/kristus-ar-uppstanden-2\/#breadcrumb","itemListElement":[{"@type":"ListItem","position":1,"name":"Hem","item":"https:\/\/blogg.svenskakyrkan.se\/diakonibloggen\/"},{"@type":"ListItem","position":2,"name":"Kristus \u00e4r uppst\u00e5nden"}]},{"@type":"WebSite","@id":"https:\/\/blogg.svenskakyrkan.se\/diakonibloggen\/#website","url":"https:\/\/blogg.svenskakyrkan.se\/diakonibloggen\/","name":"Diakonibloggen","description":"Vi lyfter fram, hyllar, diskuterar och inspirerar till diakonalt arbete inom och utanf\u00f6r Svenska kyrkans ramar.","potentialAction":[{"@type":"SearchAction","target":{"@type":"EntryPoint","urlTemplate":"https:\/\/blogg.svenskakyrkan.se\/diakonibloggen\/?s={search_term_string}"},"query-input":{"@type":"PropertyValueSpecification","valueRequired":true,"valueName":"search_term_string"}}],"inLanguage":"sv-SE"},{"@type":"Person","@id":"https:\/\/blogg.svenskakyrkan.se\/diakonibloggen\/#\/schema\/person\/8f6a6fe8efab23c141c7e274fec6405f","name":"diakonibloggen","image":{"@type":"ImageObject","inLanguage":"sv-SE","@id":"https:\/\/blogg.svenskakyrkan.se\/diakonibloggen\/#\/schema\/person\/image\/","url":"https:\/\/secure.gravatar.com\/avatar\/95c0ca86fd13e3d8c1b7b7e9864c9a2ccb7b48c6f756a3b5447bcc13dd630488?s=96&d=mm&r=g","contentUrl":"https:\/\/secure.gravatar.com\/avatar\/95c0ca86fd13e3d8c1b7b7e9864c9a2ccb7b48c6f756a3b5447bcc13dd630488?s=96&d=mm&r=g","caption":"diakonibloggen"},"url":"https:\/\/blogg.svenskakyrkan.se\/diakonibloggen\/author\/diakonibloggen\/"}]}},"author_meta":{"ID":"776","user_nicename":"diakonibloggen","user_registered":"2020-12-17 14:50:06","display_name":"diakonibloggen","avatar":"https:\/\/blogg.svenskakyrkan.se\/diakonibloggen\/files\/2021\/02\/Sk\u00e4rmavbild-2019-04-12-kl.-14.20.54-150x150.png"},"featured_image":false,"bloginfo":{"name":"Diakonibloggen","url":"https:\/\/blogg.svenskakyrkan.se\/diakonibloggen"},"_links":{"self":[{"href":"https:\/\/blogg.svenskakyrkan.se\/diakonibloggen\/wp-json\/wp\/v2\/posts\/6468","targetHints":{"allow":["GET"]}}],"collection":[{"href":"https:\/\/blogg.svenskakyrkan.se\/diakonibloggen\/wp-json\/wp\/v2\/posts"}],"about":[{"href":"https:\/\/blogg.svenskakyrkan.se\/diakonibloggen\/wp-json\/wp\/v2\/types\/post"}],"author":[{"embeddable":true,"href":"https:\/\/blogg.svenskakyrkan.se\/diakonibloggen\/wp-json\/wp\/v2\/users\/776"}],"replies":[{"embeddable":true,"href":"https:\/\/blogg.svenskakyrkan.se\/diakonibloggen\/wp-json\/wp\/v2\/comments?post=6468"}],"version-history":[{"count":1,"href":"https:\/\/blogg.svenskakyrkan.se\/diakonibloggen\/wp-json\/wp\/v2\/posts\/6468\/revisions"}],"predecessor-version":[{"id":8362,"href":"https:\/\/blogg.svenskakyrkan.se\/diakonibloggen\/wp-json\/wp\/v2\/posts\/6468\/revisions\/8362"}],"wp:attachment":[{"href":"https:\/\/blogg.svenskakyrkan.se\/diakonibloggen\/wp-json\/wp\/v2\/media?parent=6468"}],"wp:term":[{"taxonomy":"category","embeddable":true,"href":"https:\/\/blogg.svenskakyrkan.se\/diakonibloggen\/wp-json\/wp\/v2\/categories?post=6468"},{"taxonomy":"post_tag","embeddable":true,"href":"https:\/\/blogg.svenskakyrkan.se\/diakonibloggen\/wp-json\/wp\/v2\/tags?post=6468"}],"curies":[{"name":"wp","href":"https:\/\/api.w.org\/{rel}","templated":true}]}}