{"id":6514,"date":"2018-06-20T17:51:39","date_gmt":"2018-06-20T17:51:39","guid":{"rendered":"http:\/\/diakonibloggen.com\/?p=6514"},"modified":"2020-12-17T15:16:29","modified_gmt":"2020-12-17T15:16:29","slug":"en-dag","status":"publish","type":"post","link":"https:\/\/blogg.svenskakyrkan.se\/diakonibloggen\/2018\/06\/20\/en-dag\/","title":{"rendered":"En dag&#8230;"},"content":{"rendered":"<blockquote>\n<div dir=\"auto\">\n<div dir=\"auto\">\n<div dir=\"auto\">\n<p><a href=\"http:\/\/diakonibloggen.com\/2018\/06\/20\/en-dag\/kz-sachsenhausen-haftlinge-im-klinkerwerk\/\" rel=\"attachment wp-att-6580\"><img loading=\"lazy\" decoding=\"async\" class=\" wp-image-6580\" src=\"http:\/\/blogg.svenskakyrkan.se\/diakonibloggen\/files\/2018\/06\/bundesarchiv_bild_183-a0706-0018-020_kz_sachsenhausen_hc3a4ftlinge_im_klinkerwerk.jpg?w=339\" alt=\"\" width=\"266\" height=\"353\" srcset=\"https:\/\/blogg.svenskakyrkan.se\/diakonibloggen\/files\/2018\/06\/bundesarchiv_bild_183-a0706-0018-020_kz_sachsenhausen_hc3a4ftlinge_im_klinkerwerk.jpg 602w, https:\/\/blogg.svenskakyrkan.se\/diakonibloggen\/files\/2018\/06\/bundesarchiv_bild_183-a0706-0018-020_kz_sachsenhausen_hc3a4ftlinge_im_klinkerwerk-226x300.jpg 226w\" sizes=\"auto, (max-width: 266px) 100vw, 266px\" \/><\/a><\/p>\n<p>En dag h\u00e4mtar de mina ungdomar<\/p>\n<\/div>\n<div dir=\"auto\">Och du s\u00e4ger inget, f\u00f6r det \u00e4r inte dina ungdomar<\/div>\n<div dir=\"auto\">Sen h\u00e4mtar de mig<\/div>\n<div dir=\"auto\">Och du s\u00e4ger inget, f\u00f6r jag \u00e4r inte du<\/div>\n<div dir=\"auto\">Sen h\u00e4mtar de dina ungdomar<\/div>\n<div dir=\"auto\">och dig<\/div>\n<div dir=\"auto\">Och d\u00e5 finns ingen kvar som kan protestera<\/div>\n<div dir=\"auto\"><\/div>\n<div dir=\"auto\">\/Fritt efter pastor Martin Niem\u00f6ller<\/div>\n<div dir=\"auto\"><\/div>\n<div dir=\"auto\">Lena Kronberg<\/div>\n<\/div>\n<div dir=\"auto\">\n<p>&#8221;Solidaritet och civilkurage \u00e4r f\u00f6ruts\u00e4ttningar f\u00f6r ett gott samh\u00e4lle.&#8221;\u00a0Lena Kronberg \u00e4r sk\u00e5despelare och ber\u00e4ttare. Hon \u00e4r sj\u00e4lv barn till en flykting.\u00a0Medm\u00e4nsklighet och engagemang fick hon med sig som n\u00e5got sj\u00e4lvklart fr\u00e5n sin uppv\u00e4xt.<\/p>\n<p>Bild fr\u00e5n Sachsenhausen 1940, ur Bundesarchiv<\/p>\n<p>P\u00e5 diakonibloggen.com har vi\u00a0skrivit om\u00a0flyktingar tidigare, men som l\u00e4get \u00e4r nu kan vi helt enkelt inte\u00a0l\u00e5ta bli att\u00a0lyfta situationen igen, denna g\u00e5ng med fokus p\u00e5 alla ensamkommande barn och ungdomar som lever under enorm press i v\u00e4ntan p\u00e5 eventuell avvisning och \u00e5terresa. Maila g\u00e4rna tankar och ber\u00e4ttelser till diakoni.se@gmail.com. \/Karin och Lotta<\/p>\n<\/div>\n<\/div>\n<\/blockquote>\n","protected":false},"excerpt":{"rendered":"<p>En dag h\u00e4mtar de mina ungdomar Och du s\u00e4ger inget, f\u00f6r det \u00e4r inte dina ungdomar Sen h\u00e4mtar de mig Och du s\u00e4ger inget, f\u00f6r jag \u00e4r inte du Sen h\u00e4mtar de dina ungdomar och dig Och d\u00e5 finns ingen kvar som kan protestera \/Fritt efter pastor Martin Niem\u00f6ller Lena Kronberg &#8221;Solidaritet och civilkurage \u00e4r [&hellip;]<\/p>\n","protected":false},"author":776,"featured_media":0,"comment_status":"open","ping_status":"open","sticky":false,"template":"","format":"standard","meta":{"_acf_changed":false,"footnotes":""},"categories":[23302,23310],"tags":[23870,23874,24532],"class_list":["post-6514","post","type-post","status-publish","format-standard","hentry","category-diakoni","category-flyktingar","tag-ensamkommande","tag-ensamkommande-ungdomar","tag-martin-niemoller"],"acf":[],"yoast_head":"<!-- This site is optimized with the Yoast SEO plugin v27.1.1 - https:\/\/yoast.com\/product\/yoast-seo-wordpress\/ -->\n<title>En dag... - Diakonibloggen<\/title>\n<meta name=\"robots\" content=\"index, follow, max-snippet:-1, max-image-preview:large, max-video-preview:-1\" \/>\n<link rel=\"canonical\" href=\"https:\/\/blogg.svenskakyrkan.se\/diakonibloggen\/2018\/06\/20\/en-dag\/\" \/>\n<meta property=\"og:locale\" content=\"sv_SE\" \/>\n<meta property=\"og:type\" content=\"article\" \/>\n<meta property=\"og:title\" content=\"En dag... - Diakonibloggen\" \/>\n<meta property=\"og:description\" content=\"En dag h\u00e4mtar de mina ungdomar Och du s\u00e4ger inget, f\u00f6r det \u00e4r inte dina ungdomar Sen h\u00e4mtar de mig Och du s\u00e4ger inget, f\u00f6r jag \u00e4r inte du Sen h\u00e4mtar de dina ungdomar och dig Och d\u00e5 finns ingen kvar som kan protestera \/Fritt efter pastor Martin Niem\u00f6ller Lena Kronberg &#8221;Solidaritet och civilkurage \u00e4r [&hellip;]\" \/>\n<meta property=\"og:url\" content=\"https:\/\/blogg.svenskakyrkan.se\/diakonibloggen\/2018\/06\/20\/en-dag\/\" \/>\n<meta property=\"og:site_name\" content=\"Diakonibloggen\" \/>\n<meta property=\"article:published_time\" content=\"2018-06-20T17:51:39+00:00\" \/>\n<meta property=\"article:modified_time\" content=\"2020-12-17T15:16:29+00:00\" \/>\n<meta property=\"og:image\" content=\"http:\/\/blogg.svenskakyrkan.se\/diakonibloggen\/files\/2018\/06\/bundesarchiv_bild_183-a0706-0018-020_kz_sachsenhausen_hc3a4ftlinge_im_klinkerwerk.jpg?w=339\" \/>\n<meta name=\"author\" content=\"diakonibloggen\" \/>\n<meta name=\"twitter:card\" content=\"summary_large_image\" \/>\n<meta name=\"twitter:label1\" content=\"Skriven av\" \/>\n\t<meta name=\"twitter:data1\" content=\"diakonibloggen\" \/>\n\t<meta name=\"twitter:label2\" content=\"Ber\u00e4knad l\u00e4stid\" \/>\n\t<meta name=\"twitter:data2\" content=\"1 minut\" \/>\n<script type=\"application\/ld+json\" class=\"yoast-schema-graph\">{\"@context\":\"https:\/\/schema.org\",\"@graph\":[{\"@type\":\"Article\",\"@id\":\"https:\/\/blogg.svenskakyrkan.se\/diakonibloggen\/2018\/06\/20\/en-dag\/#article\",\"isPartOf\":{\"@id\":\"https:\/\/blogg.svenskakyrkan.se\/diakonibloggen\/2018\/06\/20\/en-dag\/\"},\"author\":{\"name\":\"diakonibloggen\",\"@id\":\"https:\/\/blogg.svenskakyrkan.se\/diakonibloggen\/#\/schema\/person\/8f6a6fe8efab23c141c7e274fec6405f\"},\"headline\":\"En dag&#8230;\",\"datePublished\":\"2018-06-20T17:51:39+00:00\",\"dateModified\":\"2020-12-17T15:16:29+00:00\",\"mainEntityOfPage\":{\"@id\":\"https:\/\/blogg.svenskakyrkan.se\/diakonibloggen\/2018\/06\/20\/en-dag\/\"},\"wordCount\":180,\"commentCount\":0,\"image\":{\"@id\":\"https:\/\/blogg.svenskakyrkan.se\/diakonibloggen\/2018\/06\/20\/en-dag\/#primaryimage\"},\"thumbnailUrl\":\"http:\/\/blogg.svenskakyrkan.se\/diakonibloggen\/files\/2018\/06\/bundesarchiv_bild_183-a0706-0018-020_kz_sachsenhausen_hc3a4ftlinge_im_klinkerwerk.jpg?w=339\",\"keywords\":[\"ensamkommande\",\"ensamkommande ungdomar\",\"Martin Niem\u00f6ller\"],\"articleSection\":[\"diakoni\",\"flyktingar\"],\"inLanguage\":\"sv-SE\",\"potentialAction\":[{\"@type\":\"CommentAction\",\"name\":\"Comment\",\"target\":[\"https:\/\/blogg.svenskakyrkan.se\/diakonibloggen\/2018\/06\/20\/en-dag\/#respond\"]}]},{\"@type\":\"WebPage\",\"@id\":\"https:\/\/blogg.svenskakyrkan.se\/diakonibloggen\/2018\/06\/20\/en-dag\/\",\"url\":\"https:\/\/blogg.svenskakyrkan.se\/diakonibloggen\/2018\/06\/20\/en-dag\/\",\"name\":\"En dag... - Diakonibloggen\",\"isPartOf\":{\"@id\":\"https:\/\/blogg.svenskakyrkan.se\/diakonibloggen\/#website\"},\"primaryImageOfPage\":{\"@id\":\"https:\/\/blogg.svenskakyrkan.se\/diakonibloggen\/2018\/06\/20\/en-dag\/#primaryimage\"},\"image\":{\"@id\":\"https:\/\/blogg.svenskakyrkan.se\/diakonibloggen\/2018\/06\/20\/en-dag\/#primaryimage\"},\"thumbnailUrl\":\"http:\/\/blogg.svenskakyrkan.se\/diakonibloggen\/files\/2018\/06\/bundesarchiv_bild_183-a0706-0018-020_kz_sachsenhausen_hc3a4ftlinge_im_klinkerwerk.jpg?w=339\",\"datePublished\":\"2018-06-20T17:51:39+00:00\",\"dateModified\":\"2020-12-17T15:16:29+00:00\",\"author\":{\"@id\":\"https:\/\/blogg.svenskakyrkan.se\/diakonibloggen\/#\/schema\/person\/8f6a6fe8efab23c141c7e274fec6405f\"},\"breadcrumb\":{\"@id\":\"https:\/\/blogg.svenskakyrkan.se\/diakonibloggen\/2018\/06\/20\/en-dag\/#breadcrumb\"},\"inLanguage\":\"sv-SE\",\"potentialAction\":[{\"@type\":\"ReadAction\",\"target\":[\"https:\/\/blogg.svenskakyrkan.se\/diakonibloggen\/2018\/06\/20\/en-dag\/\"]}]},{\"@type\":\"ImageObject\",\"inLanguage\":\"sv-SE\",\"@id\":\"https:\/\/blogg.svenskakyrkan.se\/diakonibloggen\/2018\/06\/20\/en-dag\/#primaryimage\",\"url\":\"http:\/\/blogg.svenskakyrkan.se\/diakonibloggen\/files\/2018\/06\/bundesarchiv_bild_183-a0706-0018-020_kz_sachsenhausen_hc3a4ftlinge_im_klinkerwerk.jpg?w=339\",\"contentUrl\":\"http:\/\/blogg.svenskakyrkan.se\/diakonibloggen\/files\/2018\/06\/bundesarchiv_bild_183-a0706-0018-020_kz_sachsenhausen_hc3a4ftlinge_im_klinkerwerk.jpg?w=339\"},{\"@type\":\"BreadcrumbList\",\"@id\":\"https:\/\/blogg.svenskakyrkan.se\/diakonibloggen\/2018\/06\/20\/en-dag\/#breadcrumb\",\"itemListElement\":[{\"@type\":\"ListItem\",\"position\":1,\"name\":\"Hem\",\"item\":\"https:\/\/blogg.svenskakyrkan.se\/diakonibloggen\/\"},{\"@type\":\"ListItem\",\"position\":2,\"name\":\"En dag&#8230;\"}]},{\"@type\":\"WebSite\",\"@id\":\"https:\/\/blogg.svenskakyrkan.se\/diakonibloggen\/#website\",\"url\":\"https:\/\/blogg.svenskakyrkan.se\/diakonibloggen\/\",\"name\":\"Diakonibloggen\",\"description\":\"Vi lyfter fram, hyllar, diskuterar och inspirerar till diakonalt arbete inom och utanf\u00f6r Svenska kyrkans ramar.\",\"potentialAction\":[{\"@type\":\"SearchAction\",\"target\":{\"@type\":\"EntryPoint\",\"urlTemplate\":\"https:\/\/blogg.svenskakyrkan.se\/diakonibloggen\/?s={search_term_string}\"},\"query-input\":{\"@type\":\"PropertyValueSpecification\",\"valueRequired\":true,\"valueName\":\"search_term_string\"}}],\"inLanguage\":\"sv-SE\"},{\"@type\":\"Person\",\"@id\":\"https:\/\/blogg.svenskakyrkan.se\/diakonibloggen\/#\/schema\/person\/8f6a6fe8efab23c141c7e274fec6405f\",\"name\":\"diakonibloggen\",\"image\":{\"@type\":\"ImageObject\",\"inLanguage\":\"sv-SE\",\"@id\":\"https:\/\/blogg.svenskakyrkan.se\/diakonibloggen\/#\/schema\/person\/image\/\",\"url\":\"https:\/\/secure.gravatar.com\/avatar\/95c0ca86fd13e3d8c1b7b7e9864c9a2ccb7b48c6f756a3b5447bcc13dd630488?s=96&d=mm&r=g\",\"contentUrl\":\"https:\/\/secure.gravatar.com\/avatar\/95c0ca86fd13e3d8c1b7b7e9864c9a2ccb7b48c6f756a3b5447bcc13dd630488?s=96&d=mm&r=g\",\"caption\":\"diakonibloggen\"},\"url\":\"https:\/\/blogg.svenskakyrkan.se\/diakonibloggen\/author\/diakonibloggen\/\"}]}<\/script>\n<!-- \/ Yoast SEO plugin. -->","yoast_head_json":{"title":"En dag... - Diakonibloggen","robots":{"index":"index","follow":"follow","max-snippet":"max-snippet:-1","max-image-preview":"max-image-preview:large","max-video-preview":"max-video-preview:-1"},"canonical":"https:\/\/blogg.svenskakyrkan.se\/diakonibloggen\/2018\/06\/20\/en-dag\/","og_locale":"sv_SE","og_type":"article","og_title":"En dag... - Diakonibloggen","og_description":"En dag h\u00e4mtar de mina ungdomar Och du s\u00e4ger inget, f\u00f6r det \u00e4r inte dina ungdomar Sen h\u00e4mtar de mig Och du s\u00e4ger inget, f\u00f6r jag \u00e4r inte du Sen h\u00e4mtar de dina ungdomar och dig Och d\u00e5 finns ingen kvar som kan protestera \/Fritt efter pastor Martin Niem\u00f6ller Lena Kronberg &#8221;Solidaritet och civilkurage \u00e4r [&hellip;]","og_url":"https:\/\/blogg.svenskakyrkan.se\/diakonibloggen\/2018\/06\/20\/en-dag\/","og_site_name":"Diakonibloggen","article_published_time":"2018-06-20T17:51:39+00:00","article_modified_time":"2020-12-17T15:16:29+00:00","og_image":[{"url":"http:\/\/blogg.svenskakyrkan.se\/diakonibloggen\/files\/2018\/06\/bundesarchiv_bild_183-a0706-0018-020_kz_sachsenhausen_hc3a4ftlinge_im_klinkerwerk.jpg?w=339","type":"","width":"","height":""}],"author":"diakonibloggen","twitter_card":"summary_large_image","twitter_misc":{"Skriven av":"diakonibloggen","Ber\u00e4knad l\u00e4stid":"1 minut"},"schema":{"@context":"https:\/\/schema.org","@graph":[{"@type":"Article","@id":"https:\/\/blogg.svenskakyrkan.se\/diakonibloggen\/2018\/06\/20\/en-dag\/#article","isPartOf":{"@id":"https:\/\/blogg.svenskakyrkan.se\/diakonibloggen\/2018\/06\/20\/en-dag\/"},"author":{"name":"diakonibloggen","@id":"https:\/\/blogg.svenskakyrkan.se\/diakonibloggen\/#\/schema\/person\/8f6a6fe8efab23c141c7e274fec6405f"},"headline":"En dag&#8230;","datePublished":"2018-06-20T17:51:39+00:00","dateModified":"2020-12-17T15:16:29+00:00","mainEntityOfPage":{"@id":"https:\/\/blogg.svenskakyrkan.se\/diakonibloggen\/2018\/06\/20\/en-dag\/"},"wordCount":180,"commentCount":0,"image":{"@id":"https:\/\/blogg.svenskakyrkan.se\/diakonibloggen\/2018\/06\/20\/en-dag\/#primaryimage"},"thumbnailUrl":"http:\/\/blogg.svenskakyrkan.se\/diakonibloggen\/files\/2018\/06\/bundesarchiv_bild_183-a0706-0018-020_kz_sachsenhausen_hc3a4ftlinge_im_klinkerwerk.jpg?w=339","keywords":["ensamkommande","ensamkommande ungdomar","Martin Niem\u00f6ller"],"articleSection":["diakoni","flyktingar"],"inLanguage":"sv-SE","potentialAction":[{"@type":"CommentAction","name":"Comment","target":["https:\/\/blogg.svenskakyrkan.se\/diakonibloggen\/2018\/06\/20\/en-dag\/#respond"]}]},{"@type":"WebPage","@id":"https:\/\/blogg.svenskakyrkan.se\/diakonibloggen\/2018\/06\/20\/en-dag\/","url":"https:\/\/blogg.svenskakyrkan.se\/diakonibloggen\/2018\/06\/20\/en-dag\/","name":"En dag... - Diakonibloggen","isPartOf":{"@id":"https:\/\/blogg.svenskakyrkan.se\/diakonibloggen\/#website"},"primaryImageOfPage":{"@id":"https:\/\/blogg.svenskakyrkan.se\/diakonibloggen\/2018\/06\/20\/en-dag\/#primaryimage"},"image":{"@id":"https:\/\/blogg.svenskakyrkan.se\/diakonibloggen\/2018\/06\/20\/en-dag\/#primaryimage"},"thumbnailUrl":"http:\/\/blogg.svenskakyrkan.se\/diakonibloggen\/files\/2018\/06\/bundesarchiv_bild_183-a0706-0018-020_kz_sachsenhausen_hc3a4ftlinge_im_klinkerwerk.jpg?w=339","datePublished":"2018-06-20T17:51:39+00:00","dateModified":"2020-12-17T15:16:29+00:00","author":{"@id":"https:\/\/blogg.svenskakyrkan.se\/diakonibloggen\/#\/schema\/person\/8f6a6fe8efab23c141c7e274fec6405f"},"breadcrumb":{"@id":"https:\/\/blogg.svenskakyrkan.se\/diakonibloggen\/2018\/06\/20\/en-dag\/#breadcrumb"},"inLanguage":"sv-SE","potentialAction":[{"@type":"ReadAction","target":["https:\/\/blogg.svenskakyrkan.se\/diakonibloggen\/2018\/06\/20\/en-dag\/"]}]},{"@type":"ImageObject","inLanguage":"sv-SE","@id":"https:\/\/blogg.svenskakyrkan.se\/diakonibloggen\/2018\/06\/20\/en-dag\/#primaryimage","url":"http:\/\/blogg.svenskakyrkan.se\/diakonibloggen\/files\/2018\/06\/bundesarchiv_bild_183-a0706-0018-020_kz_sachsenhausen_hc3a4ftlinge_im_klinkerwerk.jpg?w=339","contentUrl":"http:\/\/blogg.svenskakyrkan.se\/diakonibloggen\/files\/2018\/06\/bundesarchiv_bild_183-a0706-0018-020_kz_sachsenhausen_hc3a4ftlinge_im_klinkerwerk.jpg?w=339"},{"@type":"BreadcrumbList","@id":"https:\/\/blogg.svenskakyrkan.se\/diakonibloggen\/2018\/06\/20\/en-dag\/#breadcrumb","itemListElement":[{"@type":"ListItem","position":1,"name":"Hem","item":"https:\/\/blogg.svenskakyrkan.se\/diakonibloggen\/"},{"@type":"ListItem","position":2,"name":"En dag&#8230;"}]},{"@type":"WebSite","@id":"https:\/\/blogg.svenskakyrkan.se\/diakonibloggen\/#website","url":"https:\/\/blogg.svenskakyrkan.se\/diakonibloggen\/","name":"Diakonibloggen","description":"Vi lyfter fram, hyllar, diskuterar och inspirerar till diakonalt arbete inom och utanf\u00f6r Svenska kyrkans ramar.","potentialAction":[{"@type":"SearchAction","target":{"@type":"EntryPoint","urlTemplate":"https:\/\/blogg.svenskakyrkan.se\/diakonibloggen\/?s={search_term_string}"},"query-input":{"@type":"PropertyValueSpecification","valueRequired":true,"valueName":"search_term_string"}}],"inLanguage":"sv-SE"},{"@type":"Person","@id":"https:\/\/blogg.svenskakyrkan.se\/diakonibloggen\/#\/schema\/person\/8f6a6fe8efab23c141c7e274fec6405f","name":"diakonibloggen","image":{"@type":"ImageObject","inLanguage":"sv-SE","@id":"https:\/\/blogg.svenskakyrkan.se\/diakonibloggen\/#\/schema\/person\/image\/","url":"https:\/\/secure.gravatar.com\/avatar\/95c0ca86fd13e3d8c1b7b7e9864c9a2ccb7b48c6f756a3b5447bcc13dd630488?s=96&d=mm&r=g","contentUrl":"https:\/\/secure.gravatar.com\/avatar\/95c0ca86fd13e3d8c1b7b7e9864c9a2ccb7b48c6f756a3b5447bcc13dd630488?s=96&d=mm&r=g","caption":"diakonibloggen"},"url":"https:\/\/blogg.svenskakyrkan.se\/diakonibloggen\/author\/diakonibloggen\/"}]}},"author_meta":{"ID":"776","user_nicename":"diakonibloggen","user_registered":"2020-12-17 14:50:06","display_name":"diakonibloggen","avatar":"https:\/\/blogg.svenskakyrkan.se\/diakonibloggen\/files\/2021\/02\/Sk\u00e4rmavbild-2019-04-12-kl.-14.20.54-150x150.png"},"featured_image":false,"bloginfo":{"name":"Diakonibloggen","url":"https:\/\/blogg.svenskakyrkan.se\/diakonibloggen"},"_links":{"self":[{"href":"https:\/\/blogg.svenskakyrkan.se\/diakonibloggen\/wp-json\/wp\/v2\/posts\/6514","targetHints":{"allow":["GET"]}}],"collection":[{"href":"https:\/\/blogg.svenskakyrkan.se\/diakonibloggen\/wp-json\/wp\/v2\/posts"}],"about":[{"href":"https:\/\/blogg.svenskakyrkan.se\/diakonibloggen\/wp-json\/wp\/v2\/types\/post"}],"author":[{"embeddable":true,"href":"https:\/\/blogg.svenskakyrkan.se\/diakonibloggen\/wp-json\/wp\/v2\/users\/776"}],"replies":[{"embeddable":true,"href":"https:\/\/blogg.svenskakyrkan.se\/diakonibloggen\/wp-json\/wp\/v2\/comments?post=6514"}],"version-history":[{"count":1,"href":"https:\/\/blogg.svenskakyrkan.se\/diakonibloggen\/wp-json\/wp\/v2\/posts\/6514\/revisions"}],"predecessor-version":[{"id":8348,"href":"https:\/\/blogg.svenskakyrkan.se\/diakonibloggen\/wp-json\/wp\/v2\/posts\/6514\/revisions\/8348"}],"wp:attachment":[{"href":"https:\/\/blogg.svenskakyrkan.se\/diakonibloggen\/wp-json\/wp\/v2\/media?parent=6514"}],"wp:term":[{"taxonomy":"category","embeddable":true,"href":"https:\/\/blogg.svenskakyrkan.se\/diakonibloggen\/wp-json\/wp\/v2\/categories?post=6514"},{"taxonomy":"post_tag","embeddable":true,"href":"https:\/\/blogg.svenskakyrkan.se\/diakonibloggen\/wp-json\/wp\/v2\/tags?post=6514"}],"curies":[{"name":"wp","href":"https:\/\/api.w.org\/{rel}","templated":true}]}}