{"id":6527,"date":"2018-05-13T13:35:01","date_gmt":"2018-05-13T13:35:01","guid":{"rendered":"http:\/\/diakonibloggen.com\/?p=6527"},"modified":"2020-12-17T15:16:29","modified_gmt":"2020-12-17T15:16:29","slug":"drommen-om-frihet","status":"publish","type":"post","link":"https:\/\/blogg.svenskakyrkan.se\/diakonibloggen\/2018\/05\/13\/drommen-om-frihet\/","title":{"rendered":"Dr\u00f6mmen om frihet"},"content":{"rendered":"<p><a href=\"http:\/\/diakonibloggen.com\/2018\/05\/13\/drommen-om-friheten\/boende\/\" rel=\"attachment wp-att-6524\"><img loading=\"lazy\" decoding=\"async\" class=\"alignleft wp-image-6524\" src=\"http:\/\/blogg.svenskakyrkan.se\/diakonibloggen\/files\/2018\/05\/boende.jpg\" alt=\"\" width=\"271\" height=\"415\" srcset=\"https:\/\/blogg.svenskakyrkan.se\/diakonibloggen\/files\/2018\/05\/boende.jpg 418w, https:\/\/blogg.svenskakyrkan.se\/diakonibloggen\/files\/2018\/05\/boende-196x300.jpg 196w\" sizes=\"auto, (max-width: 271px) 100vw, 271px\" \/><\/a>En s\u00f6ndag i slutet av april m\u00f6ter jag Hamid. Vi har st\u00e4mt tr\u00e4ff utanf\u00f6r hans tillf\u00e4lliga bostad p\u00e5 ett v\u00e4gmotell. H\u00e4r bor han sedan knappt ett \u00e5r och om n\u00e5gon m\u00e5nad m\u00e5ste han flytta igen f\u00f6r att boendet ska l\u00e4ggas ner. Vart han d\u00e5 kommer att ta v\u00e4gen vet han inte, inte heller hur det g\u00e5r med gymnasiestudierna och kontakten med v\u00e4nnerna.<\/p>\n<p>Hamid kom till Sverige i september 2015. Han genomgick en sv\u00e5r flykt som tog honom 40 dagar och han undviker att ber\u00e4tta n\u00e5gra detaljer om v\u00e4gen hit. I september ska han fylla 19 \u00e5r och han har nyligen f\u00e5tt ett andra avslag p\u00e5 ans\u00f6kan om uppeh\u00e5llstillst\u00e5nd. Han vet att det finns ett lagf\u00f6rslag om r\u00e4tt till f\u00f6rnyad pr\u00f6vning f\u00f6r en stor grupp ensamkommande, men han tar inte ut n\u00e5gonting i f\u00f6rskott. \u201dJag kan bara v\u00e4nta och se vad som h\u00e4nder.\u201d<\/p>\n<p>Under sina n\u00e4stan tre \u00e5r i Sverige har Hamid lagt sig vinn om att komma in i det svenska samh\u00e4llet genom att l\u00e4ra sig nya saker och umg\u00e5s med m\u00e4nniskor. \u201dJag vill f\u00f6rst\u00e5 hur jag ska vara och bete mig f\u00f6r att leva i Sverige. Det absolut viktigaste f\u00f6r att integreras \u00e4r att l\u00e4ra sig spr\u00e5ket.\u201d<\/p>\n<p>Hamid \u00e4r uppvuxen i Afghanistan tillsammans med sin mamma, pappa och tv\u00e5 systrar. Familjen levde av ett jordbruk i en by i n\u00e4rheten av Kabul. Hamid gick i skola 4 \u00bd \u00e5r under uppv\u00e4xten. N\u00e4r han j\u00e4mf\u00f6r sin tillvaro i Afghanistan med livet i Sverige ser han stora skillnader. Han menar att religionen har betydande inverkan p\u00e5 kulturen och politiken. \u201dKonflikten i Afghanistan \u00e4r v\u00e4ldigt komplicerad p\u00e5 flera s\u00e4tt. Min familj \u00e4r hazarer och lever under f\u00f6rtryck av regimen. Dessutom finns islamism och extremism genom talibaner och IS. F\u00f6r hazarer finns ingen s\u00e4kerhet n\u00e5gonstans i Afghanistan.\u201d<\/p>\n<p>Det har sedan flera decennier funnits en konflikt om markomr\u00e5den i Afghanistan mellan hazarer och kuchis. Hamid blev hemma i sin by anklagad f\u00f6r att ha samarbetat med kuchis. Detta var det fr\u00e4msta sk\u00e4let till att han tvingades fly fr\u00e5n Afghanistan. Hamid har inte haft n\u00e5gon kontakt med sin familj sedan han kom till Sverige. Sannolikt har hans f\u00f6r\u00e4ldrar tagits till f\u00e5nga av byborna eller andra religi\u00f6sa grupper, allt p\u00e5 grund av ett missf\u00f6rst\u00e5nd och en oskyldig anklagelse. \u201dOm jag utvisas till Afghanistan kommer de att ta mig ocks\u00e5\u2026\u201d<\/p>\n<p>Hamids ber\u00e4ttelse landar som en klump i magen hos mig. Det blir s\u00e5 oerh\u00f6rt tydligt f\u00f6r mig i m\u00f6tet med honom \u2013 att skillnaden i v\u00e5ra livsvillkor \u00e4r ofantliga. Framf\u00f6r mig sitter en m\u00e4nniska som har vuxit upp i ett av v\u00e4rldens fattigaste l\u00e4nder, pr\u00e4glat av m\u00e5nga \u00e5r av krig. En m\u00e4nniska tillh\u00f6rande en utsatt folkgrupp och som aldrig har upplevt en tillvaro utan konflikter. En ton\u00e5ring som sammanbitet s\u00e4ger att han \u00e4r livr\u00e4dd f\u00f6r att skickas tillbaka till Afghanistan.<\/p>\n<p>Jag fr\u00e5gar Hamid vad han dr\u00f6mmer om inf\u00f6r framtiden. \u201dJag dr\u00f6mmer om frihet, att leva utan krig. Att kunna g\u00f6ra vad jag vill och leva som jag vill. Det spelar ingen roll p\u00e5 vilken plats \u2013 jag vill bara vara fri.\u201d Jag trycker hans hand och \u00f6nskar honom just det \u2013 frihet. Det som jag i min privilegierade tillvaro tar f\u00f6r sj\u00e4lvklart. Och i hj\u00e4rtat viskar jag en b\u00f6n: Gode Gud, l\u00e5t honom f\u00e5 stanna!<\/p>\n<p>\/Lotta p\u00e5 diakonibloggen<\/p>\n<p><em><strong>Hazarer\u00a0<\/strong>\u2013 folkslag i Afghanistan som genom historien setts som mindre v\u00e4rda. Rasismen mot hazarer best\u00e5r dels i utseendem\u00e4ssigt f\u00f6rtryck och dels av religi\u00f6sa olikheter. En stor del av de \u00f6ver 23 000 ensamkommande afghanska barn som \u00e5r 2015 s\u00f6kte asyl i Sverige \u00e4r hazarer.<\/em><\/p>\n<p><em><strong>Kuchifolket\u00a0<\/strong>\u2013 nomadfolk som lever p\u00e5 sin boskap. De senaste tre decennierna har de pressats fr\u00e5n olika h\u00e5ll f\u00f6r att bli bofasta. \u00d6ver 50 procent av landets kuchis lever i fattigdom.<\/em><\/p>\n<p><em>B\u00e5da grupperna har en svag socioekonomisk st\u00e4llning i Afghanistan och \u00e4r f\u00f6r sin f\u00f6rs\u00f6rjning beroende av att kunna anv\u00e4nda samma mark och vatten, men f\u00f6r olika \u00e4ndam\u00e5l. Konflikten innefattar \u00e4ven kulturella och religi\u00f6sa aspekter, eftersom hazara i regel \u00e4r shiamuslimer medan kuchi \u00e4r sunnimuslimer.<\/em><\/p>\n<p>K\u00e4lla: Wikipedia<\/p>\n<p>P\u00e5 diakonibloggen.com har vi\u00a0skrivit om\u00a0flyktingar tidigare, men som l\u00e4get \u00e4r nu kan vi helt enkelt inte\u00a0l\u00e5ta bli att\u00a0lyfta situationen igen, denna g\u00e5ng med fokus p\u00e5 alla ensamkommande barn och ungdomar som lever under enorm press i v\u00e4ntan p\u00e5 eventuell avvisning och \u00e5terresa. Maila g\u00e4rna tankar och ber\u00e4ttelser till diakoni.se@gmail.com.<\/p>\n","protected":false},"excerpt":{"rendered":"<p>En s\u00f6ndag i slutet av april m\u00f6ter jag Hamid. Vi har st\u00e4mt tr\u00e4ff utanf\u00f6r hans tillf\u00e4lliga bostad p\u00e5 ett v\u00e4gmotell. H\u00e4r bor han sedan knappt ett \u00e5r och om n\u00e5gon m\u00e5nad m\u00e5ste han flytta igen f\u00f6r att boendet ska l\u00e4ggas ner. Vart han d\u00e5 kommer att ta v\u00e4gen vet han inte, inte heller hur det [&hellip;]<\/p>\n","protected":false},"author":776,"featured_media":0,"comment_status":"open","ping_status":"open","sticky":false,"template":"","format":"standard","meta":{"_acf_changed":false,"footnotes":""},"categories":[23302,23310,23311,23315],"tags":[23337,23349,23370,23480,23870,23874],"class_list":["post-6527","post","type-post","status-publish","format-standard","hentry","category-diakoni","category-flyktingar","category-framtid","category-integration","tag-berattaomdet","tag-latdeungastanna","tag-vistarinteut","tag-asylpolitik","tag-ensamkommande","tag-ensamkommande-ungdomar"],"acf":[],"yoast_head":"<!-- This site is optimized with the Yoast SEO plugin v27.1.1 - https:\/\/yoast.com\/product\/yoast-seo-wordpress\/ -->\n<title>Dr\u00f6mmen om frihet - Diakonibloggen<\/title>\n<meta name=\"robots\" content=\"index, follow, max-snippet:-1, max-image-preview:large, max-video-preview:-1\" \/>\n<link rel=\"canonical\" href=\"https:\/\/blogg.svenskakyrkan.se\/diakonibloggen\/2018\/05\/13\/drommen-om-frihet\/\" \/>\n<meta property=\"og:locale\" content=\"sv_SE\" \/>\n<meta property=\"og:type\" content=\"article\" \/>\n<meta property=\"og:title\" content=\"Dr\u00f6mmen om frihet - Diakonibloggen\" \/>\n<meta property=\"og:description\" content=\"En s\u00f6ndag i slutet av april m\u00f6ter jag Hamid. Vi har st\u00e4mt tr\u00e4ff utanf\u00f6r hans tillf\u00e4lliga bostad p\u00e5 ett v\u00e4gmotell. H\u00e4r bor han sedan knappt ett \u00e5r och om n\u00e5gon m\u00e5nad m\u00e5ste han flytta igen f\u00f6r att boendet ska l\u00e4ggas ner. Vart han d\u00e5 kommer att ta v\u00e4gen vet han inte, inte heller hur det [&hellip;]\" \/>\n<meta property=\"og:url\" content=\"https:\/\/blogg.svenskakyrkan.se\/diakonibloggen\/2018\/05\/13\/drommen-om-frihet\/\" \/>\n<meta property=\"og:site_name\" content=\"Diakonibloggen\" \/>\n<meta property=\"article:published_time\" content=\"2018-05-13T13:35:01+00:00\" \/>\n<meta property=\"article:modified_time\" content=\"2020-12-17T15:16:29+00:00\" \/>\n<meta property=\"og:image\" content=\"http:\/\/blogg.svenskakyrkan.se\/diakonibloggen\/files\/2018\/05\/boende.jpg\" \/>\n<meta name=\"author\" content=\"diakonibloggen\" \/>\n<meta name=\"twitter:card\" content=\"summary_large_image\" \/>\n<meta name=\"twitter:label1\" content=\"Skriven av\" \/>\n\t<meta name=\"twitter:data1\" content=\"diakonibloggen\" \/>\n\t<meta name=\"twitter:label2\" content=\"Ber\u00e4knad l\u00e4stid\" \/>\n\t<meta name=\"twitter:data2\" content=\"4 minuter\" \/>\n<script type=\"application\/ld+json\" class=\"yoast-schema-graph\">{\"@context\":\"https:\/\/schema.org\",\"@graph\":[{\"@type\":\"Article\",\"@id\":\"https:\/\/blogg.svenskakyrkan.se\/diakonibloggen\/2018\/05\/13\/drommen-om-frihet\/#article\",\"isPartOf\":{\"@id\":\"https:\/\/blogg.svenskakyrkan.se\/diakonibloggen\/2018\/05\/13\/drommen-om-frihet\/\"},\"author\":{\"name\":\"diakonibloggen\",\"@id\":\"https:\/\/blogg.svenskakyrkan.se\/diakonibloggen\/#\/schema\/person\/8f6a6fe8efab23c141c7e274fec6405f\"},\"headline\":\"Dr\u00f6mmen om frihet\",\"datePublished\":\"2018-05-13T13:35:01+00:00\",\"dateModified\":\"2020-12-17T15:16:29+00:00\",\"mainEntityOfPage\":{\"@id\":\"https:\/\/blogg.svenskakyrkan.se\/diakonibloggen\/2018\/05\/13\/drommen-om-frihet\/\"},\"wordCount\":828,\"commentCount\":0,\"image\":{\"@id\":\"https:\/\/blogg.svenskakyrkan.se\/diakonibloggen\/2018\/05\/13\/drommen-om-frihet\/#primaryimage\"},\"thumbnailUrl\":\"http:\/\/blogg.svenskakyrkan.se\/diakonibloggen\/files\/2018\/05\/boende.jpg\",\"keywords\":[\"#ber\u00e4ttaomdet\",\"#l\u00e5tdeungastanna\",\"#vist\u00e5rinteut\",\"asylpolitik\",\"ensamkommande\",\"ensamkommande ungdomar\"],\"articleSection\":[\"diakoni\",\"flyktingar\",\"framtid\",\"Integration\"],\"inLanguage\":\"sv-SE\",\"potentialAction\":[{\"@type\":\"CommentAction\",\"name\":\"Comment\",\"target\":[\"https:\/\/blogg.svenskakyrkan.se\/diakonibloggen\/2018\/05\/13\/drommen-om-frihet\/#respond\"]}]},{\"@type\":\"WebPage\",\"@id\":\"https:\/\/blogg.svenskakyrkan.se\/diakonibloggen\/2018\/05\/13\/drommen-om-frihet\/\",\"url\":\"https:\/\/blogg.svenskakyrkan.se\/diakonibloggen\/2018\/05\/13\/drommen-om-frihet\/\",\"name\":\"Dr\u00f6mmen om frihet - Diakonibloggen\",\"isPartOf\":{\"@id\":\"https:\/\/blogg.svenskakyrkan.se\/diakonibloggen\/#website\"},\"primaryImageOfPage\":{\"@id\":\"https:\/\/blogg.svenskakyrkan.se\/diakonibloggen\/2018\/05\/13\/drommen-om-frihet\/#primaryimage\"},\"image\":{\"@id\":\"https:\/\/blogg.svenskakyrkan.se\/diakonibloggen\/2018\/05\/13\/drommen-om-frihet\/#primaryimage\"},\"thumbnailUrl\":\"http:\/\/blogg.svenskakyrkan.se\/diakonibloggen\/files\/2018\/05\/boende.jpg\",\"datePublished\":\"2018-05-13T13:35:01+00:00\",\"dateModified\":\"2020-12-17T15:16:29+00:00\",\"author\":{\"@id\":\"https:\/\/blogg.svenskakyrkan.se\/diakonibloggen\/#\/schema\/person\/8f6a6fe8efab23c141c7e274fec6405f\"},\"breadcrumb\":{\"@id\":\"https:\/\/blogg.svenskakyrkan.se\/diakonibloggen\/2018\/05\/13\/drommen-om-frihet\/#breadcrumb\"},\"inLanguage\":\"sv-SE\",\"potentialAction\":[{\"@type\":\"ReadAction\",\"target\":[\"https:\/\/blogg.svenskakyrkan.se\/diakonibloggen\/2018\/05\/13\/drommen-om-frihet\/\"]}]},{\"@type\":\"ImageObject\",\"inLanguage\":\"sv-SE\",\"@id\":\"https:\/\/blogg.svenskakyrkan.se\/diakonibloggen\/2018\/05\/13\/drommen-om-frihet\/#primaryimage\",\"url\":\"http:\/\/blogg.svenskakyrkan.se\/diakonibloggen\/files\/2018\/05\/boende.jpg\",\"contentUrl\":\"http:\/\/blogg.svenskakyrkan.se\/diakonibloggen\/files\/2018\/05\/boende.jpg\"},{\"@type\":\"BreadcrumbList\",\"@id\":\"https:\/\/blogg.svenskakyrkan.se\/diakonibloggen\/2018\/05\/13\/drommen-om-frihet\/#breadcrumb\",\"itemListElement\":[{\"@type\":\"ListItem\",\"position\":1,\"name\":\"Hem\",\"item\":\"https:\/\/blogg.svenskakyrkan.se\/diakonibloggen\/\"},{\"@type\":\"ListItem\",\"position\":2,\"name\":\"Dr\u00f6mmen om frihet\"}]},{\"@type\":\"WebSite\",\"@id\":\"https:\/\/blogg.svenskakyrkan.se\/diakonibloggen\/#website\",\"url\":\"https:\/\/blogg.svenskakyrkan.se\/diakonibloggen\/\",\"name\":\"Diakonibloggen\",\"description\":\"Vi lyfter fram, hyllar, diskuterar och inspirerar till diakonalt arbete inom och utanf\u00f6r Svenska kyrkans ramar.\",\"potentialAction\":[{\"@type\":\"SearchAction\",\"target\":{\"@type\":\"EntryPoint\",\"urlTemplate\":\"https:\/\/blogg.svenskakyrkan.se\/diakonibloggen\/?s={search_term_string}\"},\"query-input\":{\"@type\":\"PropertyValueSpecification\",\"valueRequired\":true,\"valueName\":\"search_term_string\"}}],\"inLanguage\":\"sv-SE\"},{\"@type\":\"Person\",\"@id\":\"https:\/\/blogg.svenskakyrkan.se\/diakonibloggen\/#\/schema\/person\/8f6a6fe8efab23c141c7e274fec6405f\",\"name\":\"diakonibloggen\",\"image\":{\"@type\":\"ImageObject\",\"inLanguage\":\"sv-SE\",\"@id\":\"https:\/\/blogg.svenskakyrkan.se\/diakonibloggen\/#\/schema\/person\/image\/\",\"url\":\"https:\/\/secure.gravatar.com\/avatar\/95c0ca86fd13e3d8c1b7b7e9864c9a2ccb7b48c6f756a3b5447bcc13dd630488?s=96&d=mm&r=g\",\"contentUrl\":\"https:\/\/secure.gravatar.com\/avatar\/95c0ca86fd13e3d8c1b7b7e9864c9a2ccb7b48c6f756a3b5447bcc13dd630488?s=96&d=mm&r=g\",\"caption\":\"diakonibloggen\"},\"url\":\"https:\/\/blogg.svenskakyrkan.se\/diakonibloggen\/author\/diakonibloggen\/\"}]}<\/script>\n<!-- \/ Yoast SEO plugin. -->","yoast_head_json":{"title":"Dr\u00f6mmen om frihet - Diakonibloggen","robots":{"index":"index","follow":"follow","max-snippet":"max-snippet:-1","max-image-preview":"max-image-preview:large","max-video-preview":"max-video-preview:-1"},"canonical":"https:\/\/blogg.svenskakyrkan.se\/diakonibloggen\/2018\/05\/13\/drommen-om-frihet\/","og_locale":"sv_SE","og_type":"article","og_title":"Dr\u00f6mmen om frihet - Diakonibloggen","og_description":"En s\u00f6ndag i slutet av april m\u00f6ter jag Hamid. Vi har st\u00e4mt tr\u00e4ff utanf\u00f6r hans tillf\u00e4lliga bostad p\u00e5 ett v\u00e4gmotell. H\u00e4r bor han sedan knappt ett \u00e5r och om n\u00e5gon m\u00e5nad m\u00e5ste han flytta igen f\u00f6r att boendet ska l\u00e4ggas ner. Vart han d\u00e5 kommer att ta v\u00e4gen vet han inte, inte heller hur det [&hellip;]","og_url":"https:\/\/blogg.svenskakyrkan.se\/diakonibloggen\/2018\/05\/13\/drommen-om-frihet\/","og_site_name":"Diakonibloggen","article_published_time":"2018-05-13T13:35:01+00:00","article_modified_time":"2020-12-17T15:16:29+00:00","og_image":[{"url":"http:\/\/blogg.svenskakyrkan.se\/diakonibloggen\/files\/2018\/05\/boende.jpg","type":"","width":"","height":""}],"author":"diakonibloggen","twitter_card":"summary_large_image","twitter_misc":{"Skriven av":"diakonibloggen","Ber\u00e4knad l\u00e4stid":"4 minuter"},"schema":{"@context":"https:\/\/schema.org","@graph":[{"@type":"Article","@id":"https:\/\/blogg.svenskakyrkan.se\/diakonibloggen\/2018\/05\/13\/drommen-om-frihet\/#article","isPartOf":{"@id":"https:\/\/blogg.svenskakyrkan.se\/diakonibloggen\/2018\/05\/13\/drommen-om-frihet\/"},"author":{"name":"diakonibloggen","@id":"https:\/\/blogg.svenskakyrkan.se\/diakonibloggen\/#\/schema\/person\/8f6a6fe8efab23c141c7e274fec6405f"},"headline":"Dr\u00f6mmen om frihet","datePublished":"2018-05-13T13:35:01+00:00","dateModified":"2020-12-17T15:16:29+00:00","mainEntityOfPage":{"@id":"https:\/\/blogg.svenskakyrkan.se\/diakonibloggen\/2018\/05\/13\/drommen-om-frihet\/"},"wordCount":828,"commentCount":0,"image":{"@id":"https:\/\/blogg.svenskakyrkan.se\/diakonibloggen\/2018\/05\/13\/drommen-om-frihet\/#primaryimage"},"thumbnailUrl":"http:\/\/blogg.svenskakyrkan.se\/diakonibloggen\/files\/2018\/05\/boende.jpg","keywords":["#ber\u00e4ttaomdet","#l\u00e5tdeungastanna","#vist\u00e5rinteut","asylpolitik","ensamkommande","ensamkommande ungdomar"],"articleSection":["diakoni","flyktingar","framtid","Integration"],"inLanguage":"sv-SE","potentialAction":[{"@type":"CommentAction","name":"Comment","target":["https:\/\/blogg.svenskakyrkan.se\/diakonibloggen\/2018\/05\/13\/drommen-om-frihet\/#respond"]}]},{"@type":"WebPage","@id":"https:\/\/blogg.svenskakyrkan.se\/diakonibloggen\/2018\/05\/13\/drommen-om-frihet\/","url":"https:\/\/blogg.svenskakyrkan.se\/diakonibloggen\/2018\/05\/13\/drommen-om-frihet\/","name":"Dr\u00f6mmen om frihet - Diakonibloggen","isPartOf":{"@id":"https:\/\/blogg.svenskakyrkan.se\/diakonibloggen\/#website"},"primaryImageOfPage":{"@id":"https:\/\/blogg.svenskakyrkan.se\/diakonibloggen\/2018\/05\/13\/drommen-om-frihet\/#primaryimage"},"image":{"@id":"https:\/\/blogg.svenskakyrkan.se\/diakonibloggen\/2018\/05\/13\/drommen-om-frihet\/#primaryimage"},"thumbnailUrl":"http:\/\/blogg.svenskakyrkan.se\/diakonibloggen\/files\/2018\/05\/boende.jpg","datePublished":"2018-05-13T13:35:01+00:00","dateModified":"2020-12-17T15:16:29+00:00","author":{"@id":"https:\/\/blogg.svenskakyrkan.se\/diakonibloggen\/#\/schema\/person\/8f6a6fe8efab23c141c7e274fec6405f"},"breadcrumb":{"@id":"https:\/\/blogg.svenskakyrkan.se\/diakonibloggen\/2018\/05\/13\/drommen-om-frihet\/#breadcrumb"},"inLanguage":"sv-SE","potentialAction":[{"@type":"ReadAction","target":["https:\/\/blogg.svenskakyrkan.se\/diakonibloggen\/2018\/05\/13\/drommen-om-frihet\/"]}]},{"@type":"ImageObject","inLanguage":"sv-SE","@id":"https:\/\/blogg.svenskakyrkan.se\/diakonibloggen\/2018\/05\/13\/drommen-om-frihet\/#primaryimage","url":"http:\/\/blogg.svenskakyrkan.se\/diakonibloggen\/files\/2018\/05\/boende.jpg","contentUrl":"http:\/\/blogg.svenskakyrkan.se\/diakonibloggen\/files\/2018\/05\/boende.jpg"},{"@type":"BreadcrumbList","@id":"https:\/\/blogg.svenskakyrkan.se\/diakonibloggen\/2018\/05\/13\/drommen-om-frihet\/#breadcrumb","itemListElement":[{"@type":"ListItem","position":1,"name":"Hem","item":"https:\/\/blogg.svenskakyrkan.se\/diakonibloggen\/"},{"@type":"ListItem","position":2,"name":"Dr\u00f6mmen om frihet"}]},{"@type":"WebSite","@id":"https:\/\/blogg.svenskakyrkan.se\/diakonibloggen\/#website","url":"https:\/\/blogg.svenskakyrkan.se\/diakonibloggen\/","name":"Diakonibloggen","description":"Vi lyfter fram, hyllar, diskuterar och inspirerar till diakonalt arbete inom och utanf\u00f6r Svenska kyrkans ramar.","potentialAction":[{"@type":"SearchAction","target":{"@type":"EntryPoint","urlTemplate":"https:\/\/blogg.svenskakyrkan.se\/diakonibloggen\/?s={search_term_string}"},"query-input":{"@type":"PropertyValueSpecification","valueRequired":true,"valueName":"search_term_string"}}],"inLanguage":"sv-SE"},{"@type":"Person","@id":"https:\/\/blogg.svenskakyrkan.se\/diakonibloggen\/#\/schema\/person\/8f6a6fe8efab23c141c7e274fec6405f","name":"diakonibloggen","image":{"@type":"ImageObject","inLanguage":"sv-SE","@id":"https:\/\/blogg.svenskakyrkan.se\/diakonibloggen\/#\/schema\/person\/image\/","url":"https:\/\/secure.gravatar.com\/avatar\/95c0ca86fd13e3d8c1b7b7e9864c9a2ccb7b48c6f756a3b5447bcc13dd630488?s=96&d=mm&r=g","contentUrl":"https:\/\/secure.gravatar.com\/avatar\/95c0ca86fd13e3d8c1b7b7e9864c9a2ccb7b48c6f756a3b5447bcc13dd630488?s=96&d=mm&r=g","caption":"diakonibloggen"},"url":"https:\/\/blogg.svenskakyrkan.se\/diakonibloggen\/author\/diakonibloggen\/"}]}},"author_meta":{"ID":"776","user_nicename":"diakonibloggen","user_registered":"2020-12-17 14:50:06","display_name":"diakonibloggen","avatar":"https:\/\/blogg.svenskakyrkan.se\/diakonibloggen\/files\/2021\/02\/Sk\u00e4rmavbild-2019-04-12-kl.-14.20.54-150x150.png"},"featured_image":false,"bloginfo":{"name":"Diakonibloggen","url":"https:\/\/blogg.svenskakyrkan.se\/diakonibloggen"},"_links":{"self":[{"href":"https:\/\/blogg.svenskakyrkan.se\/diakonibloggen\/wp-json\/wp\/v2\/posts\/6527","targetHints":{"allow":["GET"]}}],"collection":[{"href":"https:\/\/blogg.svenskakyrkan.se\/diakonibloggen\/wp-json\/wp\/v2\/posts"}],"about":[{"href":"https:\/\/blogg.svenskakyrkan.se\/diakonibloggen\/wp-json\/wp\/v2\/types\/post"}],"author":[{"embeddable":true,"href":"https:\/\/blogg.svenskakyrkan.se\/diakonibloggen\/wp-json\/wp\/v2\/users\/776"}],"replies":[{"embeddable":true,"href":"https:\/\/blogg.svenskakyrkan.se\/diakonibloggen\/wp-json\/wp\/v2\/comments?post=6527"}],"version-history":[{"count":1,"href":"https:\/\/blogg.svenskakyrkan.se\/diakonibloggen\/wp-json\/wp\/v2\/posts\/6527\/revisions"}],"predecessor-version":[{"id":8354,"href":"https:\/\/blogg.svenskakyrkan.se\/diakonibloggen\/wp-json\/wp\/v2\/posts\/6527\/revisions\/8354"}],"wp:attachment":[{"href":"https:\/\/blogg.svenskakyrkan.se\/diakonibloggen\/wp-json\/wp\/v2\/media?parent=6527"}],"wp:term":[{"taxonomy":"category","embeddable":true,"href":"https:\/\/blogg.svenskakyrkan.se\/diakonibloggen\/wp-json\/wp\/v2\/categories?post=6527"},{"taxonomy":"post_tag","embeddable":true,"href":"https:\/\/blogg.svenskakyrkan.se\/diakonibloggen\/wp-json\/wp\/v2\/tags?post=6527"}],"curies":[{"name":"wp","href":"https:\/\/api.w.org\/{rel}","templated":true}]}}