{"id":6550,"date":"2018-06-01T14:23:47","date_gmt":"2018-06-01T14:23:47","guid":{"rendered":"http:\/\/diakonibloggen.com\/?p=6550"},"modified":"2020-12-17T15:16:29","modified_gmt":"2020-12-17T15:16:29","slug":"att-vaga-vara-en-sten-i-skon","status":"publish","type":"post","link":"https:\/\/blogg.svenskakyrkan.se\/diakonibloggen\/2018\/06\/01\/att-vaga-vara-en-sten-i-skon\/","title":{"rendered":"Att v\u00e5ga vara en sten i skon"},"content":{"rendered":"<p><a href=\"http:\/\/diakonibloggen.com\/2018\/06\/01\/att-vaga-vara-en-sten-i-skon\/hiding-1209131_1920\/\" rel=\"attachment wp-att-6551\"><img loading=\"lazy\" decoding=\"async\" class=\"alignleft wp-image-6551 size-medium\" src=\"http:\/\/blogg.svenskakyrkan.se\/diakonibloggen\/files\/2018\/05\/hiding-1209131_1920.jpg?w=450\" alt=\"\" width=\"450\" height=\"298\" srcset=\"https:\/\/blogg.svenskakyrkan.se\/diakonibloggen\/files\/2018\/05\/hiding-1209131_1920.jpg 1920w, https:\/\/blogg.svenskakyrkan.se\/diakonibloggen\/files\/2018\/05\/hiding-1209131_1920-300x199.jpg 300w, https:\/\/blogg.svenskakyrkan.se\/diakonibloggen\/files\/2018\/05\/hiding-1209131_1920-1024x678.jpg 1024w, https:\/\/blogg.svenskakyrkan.se\/diakonibloggen\/files\/2018\/05\/hiding-1209131_1920-768x508.jpg 768w, https:\/\/blogg.svenskakyrkan.se\/diakonibloggen\/files\/2018\/05\/hiding-1209131_1920-1536x1017.jpg 1536w, https:\/\/blogg.svenskakyrkan.se\/diakonibloggen\/files\/2018\/05\/hiding-1209131_1920-1200x794.jpg 1200w\" sizes=\"auto, (max-width: 450px) 100vw, 450px\" \/><\/a>I veckan publicerades en ins\u00e4ndare i Sydsvenskan. Bakom ins\u00e4ndaren finns diakoner och en f\u00f6rsamlingskurator i Malm\u00f6. Rubriken lyder &#8221; Vi JO-anm\u00e4ler gr\u00e4nspolisen i Sk\u00e5ne.&#8221;<\/p>\n<p>Vi pratar ibland i kyrkans sammanhang om profetisk diakoni. Profetisk diakoni kommer av ordet profet, ett uttryck som i Gamla Testamentet syftar p\u00e5 en sanningss\u00e4gare. Profeten var modig, gick mot str\u00f6mmen, sa det obekv\u00e4ma och synliggjorde or\u00e4ttvisor. Profetens roll blir en f\u00f6rebild f\u00f6r att ta sig an diakonala fr\u00e5gor idag. Profetisk diakoni handlar om att utifr\u00e5n en kristen livstolkning synligg\u00f6ra or\u00e4ttvisor och uppm\u00e4rksamma n\u00e4r m\u00e4nniskor far illa &#8211; det \u00e4r det som \u00e4r det profetiska.<\/p>\n<p>&#8221;Vi \u00e4r djupt oroade \u00f6ver att gr\u00e4nspolisen allt mer negligerar barns r\u00e4ttigheter. Idag JO-anm\u00e4ler vi gr\u00e4nspolisen i Sk\u00e5ne med anledning av tillslaget mot Svenska kyrkans l\u00e4ger f\u00f6r traumatiserade familjer 25 augusti 2017.&#8221; skriver ins\u00e4ndarna. Med detta lyfter de fram en kritik kring ett samh\u00e4llets agerade med profetisk r\u00f6st. De menar att\u00a0 skiftningen i polisens agerande \u00a0som skett under de senaste \u00e5ren varken \u00e4r \u00a0proportionell eller beh\u00f6vlig och strider mot b\u00e5de FN:s barnkonvention och Europar\u00e5dets rekommendationer \u2013 men den \u00e4r ingen slump. &#8221;Skiftningen \u00e4r en del i den drastiska och om\u00e4nskliga f\u00f6r\u00e4ndring som skett i svensk och europeisk politik. Den orsakar stor r\u00e4dsla och mycket lidande hos de barn och vuxna p\u00e5 flykt som ytterst drabbas av den.&#8221;<\/p>\n<div>L\u00e4s hela artikeln<a href=\"https:\/\/www.sydsvenskan.se\/2018-05-30\/vi-jo-anmaler-granspolisen-i-skane\"> h\u00e4r.<\/a><\/div>\n<div><\/div>\n<div>Karin och Lotta p\u00e5 diakonibloggen<\/div>\n","protected":false},"excerpt":{"rendered":"<p>I veckan publicerades en ins\u00e4ndare i Sydsvenskan. Bakom ins\u00e4ndaren finns diakoner och en f\u00f6rsamlingskurator i Malm\u00f6. Rubriken lyder &#8221; Vi JO-anm\u00e4ler gr\u00e4nspolisen i Sk\u00e5ne.&#8221; Vi pratar ibland i kyrkans sammanhang om profetisk diakoni. Profetisk diakoni kommer av ordet profet, ett uttryck som i Gamla Testamentet syftar p\u00e5 en sanningss\u00e4gare. Profeten var modig, gick mot str\u00f6mmen, [&hellip;]<\/p>\n","protected":false},"author":776,"featured_media":0,"comment_status":"open","ping_status":"open","sticky":false,"template":"","format":"standard","meta":{"_acf_changed":false,"footnotes":""},"categories":[23301,23302],"tags":[23480,23991,24275],"class_list":["post-6550","post","type-post","status-publish","format-standard","hentry","category-diakonalt-arbete","category-diakoni","tag-asylpolitik","tag-flyktingar","tag-jo-anmalan"],"acf":[],"yoast_head":"<!-- This site is optimized with the Yoast SEO plugin v27.1.1 - https:\/\/yoast.com\/product\/yoast-seo-wordpress\/ -->\n<title>Att v\u00e5ga vara en sten i skon - Diakonibloggen<\/title>\n<meta name=\"robots\" content=\"index, follow, max-snippet:-1, max-image-preview:large, max-video-preview:-1\" \/>\n<link rel=\"canonical\" href=\"https:\/\/blogg.svenskakyrkan.se\/diakonibloggen\/2018\/06\/01\/att-vaga-vara-en-sten-i-skon\/\" \/>\n<meta property=\"og:locale\" content=\"sv_SE\" \/>\n<meta property=\"og:type\" content=\"article\" \/>\n<meta property=\"og:title\" content=\"Att v\u00e5ga vara en sten i skon - Diakonibloggen\" \/>\n<meta property=\"og:description\" content=\"I veckan publicerades en ins\u00e4ndare i Sydsvenskan. Bakom ins\u00e4ndaren finns diakoner och en f\u00f6rsamlingskurator i Malm\u00f6. Rubriken lyder &#8221; Vi JO-anm\u00e4ler gr\u00e4nspolisen i Sk\u00e5ne.&#8221; Vi pratar ibland i kyrkans sammanhang om profetisk diakoni. Profetisk diakoni kommer av ordet profet, ett uttryck som i Gamla Testamentet syftar p\u00e5 en sanningss\u00e4gare. Profeten var modig, gick mot str\u00f6mmen, [&hellip;]\" \/>\n<meta property=\"og:url\" content=\"https:\/\/blogg.svenskakyrkan.se\/diakonibloggen\/2018\/06\/01\/att-vaga-vara-en-sten-i-skon\/\" \/>\n<meta property=\"og:site_name\" content=\"Diakonibloggen\" \/>\n<meta property=\"article:published_time\" content=\"2018-06-01T14:23:47+00:00\" \/>\n<meta property=\"article:modified_time\" content=\"2020-12-17T15:16:29+00:00\" \/>\n<meta property=\"og:image\" content=\"http:\/\/blogg.svenskakyrkan.se\/diakonibloggen\/files\/2018\/05\/hiding-1209131_1920.jpg?w=450\" \/>\n<meta name=\"author\" content=\"diakonibloggen\" \/>\n<meta name=\"twitter:card\" content=\"summary_large_image\" \/>\n<meta name=\"twitter:label1\" content=\"Skriven av\" \/>\n\t<meta name=\"twitter:data1\" content=\"diakonibloggen\" \/>\n\t<meta name=\"twitter:label2\" content=\"Ber\u00e4knad l\u00e4stid\" \/>\n\t<meta name=\"twitter:data2\" content=\"1 minut\" \/>\n<script type=\"application\/ld+json\" class=\"yoast-schema-graph\">{\"@context\":\"https:\/\/schema.org\",\"@graph\":[{\"@type\":\"Article\",\"@id\":\"https:\/\/blogg.svenskakyrkan.se\/diakonibloggen\/2018\/06\/01\/att-vaga-vara-en-sten-i-skon\/#article\",\"isPartOf\":{\"@id\":\"https:\/\/blogg.svenskakyrkan.se\/diakonibloggen\/2018\/06\/01\/att-vaga-vara-en-sten-i-skon\/\"},\"author\":{\"name\":\"diakonibloggen\",\"@id\":\"https:\/\/blogg.svenskakyrkan.se\/diakonibloggen\/#\/schema\/person\/8f6a6fe8efab23c141c7e274fec6405f\"},\"headline\":\"Att v\u00e5ga vara en sten i skon\",\"datePublished\":\"2018-06-01T14:23:47+00:00\",\"dateModified\":\"2020-12-17T15:16:29+00:00\",\"mainEntityOfPage\":{\"@id\":\"https:\/\/blogg.svenskakyrkan.se\/diakonibloggen\/2018\/06\/01\/att-vaga-vara-en-sten-i-skon\/\"},\"wordCount\":268,\"commentCount\":0,\"image\":{\"@id\":\"https:\/\/blogg.svenskakyrkan.se\/diakonibloggen\/2018\/06\/01\/att-vaga-vara-en-sten-i-skon\/#primaryimage\"},\"thumbnailUrl\":\"http:\/\/blogg.svenskakyrkan.se\/diakonibloggen\/files\/2018\/05\/hiding-1209131_1920.jpg?w=450\",\"keywords\":[\"asylpolitik\",\"flyktingar\",\"JO-anm\u00e4lan\"],\"articleSection\":[\"Diakonalt arbete\",\"diakoni\"],\"inLanguage\":\"sv-SE\",\"potentialAction\":[{\"@type\":\"CommentAction\",\"name\":\"Comment\",\"target\":[\"https:\/\/blogg.svenskakyrkan.se\/diakonibloggen\/2018\/06\/01\/att-vaga-vara-en-sten-i-skon\/#respond\"]}]},{\"@type\":\"WebPage\",\"@id\":\"https:\/\/blogg.svenskakyrkan.se\/diakonibloggen\/2018\/06\/01\/att-vaga-vara-en-sten-i-skon\/\",\"url\":\"https:\/\/blogg.svenskakyrkan.se\/diakonibloggen\/2018\/06\/01\/att-vaga-vara-en-sten-i-skon\/\",\"name\":\"Att v\u00e5ga vara en sten i skon - Diakonibloggen\",\"isPartOf\":{\"@id\":\"https:\/\/blogg.svenskakyrkan.se\/diakonibloggen\/#website\"},\"primaryImageOfPage\":{\"@id\":\"https:\/\/blogg.svenskakyrkan.se\/diakonibloggen\/2018\/06\/01\/att-vaga-vara-en-sten-i-skon\/#primaryimage\"},\"image\":{\"@id\":\"https:\/\/blogg.svenskakyrkan.se\/diakonibloggen\/2018\/06\/01\/att-vaga-vara-en-sten-i-skon\/#primaryimage\"},\"thumbnailUrl\":\"http:\/\/blogg.svenskakyrkan.se\/diakonibloggen\/files\/2018\/05\/hiding-1209131_1920.jpg?w=450\",\"datePublished\":\"2018-06-01T14:23:47+00:00\",\"dateModified\":\"2020-12-17T15:16:29+00:00\",\"author\":{\"@id\":\"https:\/\/blogg.svenskakyrkan.se\/diakonibloggen\/#\/schema\/person\/8f6a6fe8efab23c141c7e274fec6405f\"},\"breadcrumb\":{\"@id\":\"https:\/\/blogg.svenskakyrkan.se\/diakonibloggen\/2018\/06\/01\/att-vaga-vara-en-sten-i-skon\/#breadcrumb\"},\"inLanguage\":\"sv-SE\",\"potentialAction\":[{\"@type\":\"ReadAction\",\"target\":[\"https:\/\/blogg.svenskakyrkan.se\/diakonibloggen\/2018\/06\/01\/att-vaga-vara-en-sten-i-skon\/\"]}]},{\"@type\":\"ImageObject\",\"inLanguage\":\"sv-SE\",\"@id\":\"https:\/\/blogg.svenskakyrkan.se\/diakonibloggen\/2018\/06\/01\/att-vaga-vara-en-sten-i-skon\/#primaryimage\",\"url\":\"http:\/\/blogg.svenskakyrkan.se\/diakonibloggen\/files\/2018\/05\/hiding-1209131_1920.jpg?w=450\",\"contentUrl\":\"http:\/\/blogg.svenskakyrkan.se\/diakonibloggen\/files\/2018\/05\/hiding-1209131_1920.jpg?w=450\"},{\"@type\":\"BreadcrumbList\",\"@id\":\"https:\/\/blogg.svenskakyrkan.se\/diakonibloggen\/2018\/06\/01\/att-vaga-vara-en-sten-i-skon\/#breadcrumb\",\"itemListElement\":[{\"@type\":\"ListItem\",\"position\":1,\"name\":\"Hem\",\"item\":\"https:\/\/blogg.svenskakyrkan.se\/diakonibloggen\/\"},{\"@type\":\"ListItem\",\"position\":2,\"name\":\"Att v\u00e5ga vara en sten i skon\"}]},{\"@type\":\"WebSite\",\"@id\":\"https:\/\/blogg.svenskakyrkan.se\/diakonibloggen\/#website\",\"url\":\"https:\/\/blogg.svenskakyrkan.se\/diakonibloggen\/\",\"name\":\"Diakonibloggen\",\"description\":\"Vi lyfter fram, hyllar, diskuterar och inspirerar till diakonalt arbete inom och utanf\u00f6r Svenska kyrkans ramar.\",\"potentialAction\":[{\"@type\":\"SearchAction\",\"target\":{\"@type\":\"EntryPoint\",\"urlTemplate\":\"https:\/\/blogg.svenskakyrkan.se\/diakonibloggen\/?s={search_term_string}\"},\"query-input\":{\"@type\":\"PropertyValueSpecification\",\"valueRequired\":true,\"valueName\":\"search_term_string\"}}],\"inLanguage\":\"sv-SE\"},{\"@type\":\"Person\",\"@id\":\"https:\/\/blogg.svenskakyrkan.se\/diakonibloggen\/#\/schema\/person\/8f6a6fe8efab23c141c7e274fec6405f\",\"name\":\"diakonibloggen\",\"image\":{\"@type\":\"ImageObject\",\"inLanguage\":\"sv-SE\",\"@id\":\"https:\/\/blogg.svenskakyrkan.se\/diakonibloggen\/#\/schema\/person\/image\/\",\"url\":\"https:\/\/secure.gravatar.com\/avatar\/95c0ca86fd13e3d8c1b7b7e9864c9a2ccb7b48c6f756a3b5447bcc13dd630488?s=96&d=mm&r=g\",\"contentUrl\":\"https:\/\/secure.gravatar.com\/avatar\/95c0ca86fd13e3d8c1b7b7e9864c9a2ccb7b48c6f756a3b5447bcc13dd630488?s=96&d=mm&r=g\",\"caption\":\"diakonibloggen\"},\"url\":\"https:\/\/blogg.svenskakyrkan.se\/diakonibloggen\/author\/diakonibloggen\/\"}]}<\/script>\n<!-- \/ Yoast SEO plugin. -->","yoast_head_json":{"title":"Att v\u00e5ga vara en sten i skon - Diakonibloggen","robots":{"index":"index","follow":"follow","max-snippet":"max-snippet:-1","max-image-preview":"max-image-preview:large","max-video-preview":"max-video-preview:-1"},"canonical":"https:\/\/blogg.svenskakyrkan.se\/diakonibloggen\/2018\/06\/01\/att-vaga-vara-en-sten-i-skon\/","og_locale":"sv_SE","og_type":"article","og_title":"Att v\u00e5ga vara en sten i skon - Diakonibloggen","og_description":"I veckan publicerades en ins\u00e4ndare i Sydsvenskan. Bakom ins\u00e4ndaren finns diakoner och en f\u00f6rsamlingskurator i Malm\u00f6. Rubriken lyder &#8221; Vi JO-anm\u00e4ler gr\u00e4nspolisen i Sk\u00e5ne.&#8221; Vi pratar ibland i kyrkans sammanhang om profetisk diakoni. Profetisk diakoni kommer av ordet profet, ett uttryck som i Gamla Testamentet syftar p\u00e5 en sanningss\u00e4gare. Profeten var modig, gick mot str\u00f6mmen, [&hellip;]","og_url":"https:\/\/blogg.svenskakyrkan.se\/diakonibloggen\/2018\/06\/01\/att-vaga-vara-en-sten-i-skon\/","og_site_name":"Diakonibloggen","article_published_time":"2018-06-01T14:23:47+00:00","article_modified_time":"2020-12-17T15:16:29+00:00","og_image":[{"url":"http:\/\/blogg.svenskakyrkan.se\/diakonibloggen\/files\/2018\/05\/hiding-1209131_1920.jpg?w=450","type":"","width":"","height":""}],"author":"diakonibloggen","twitter_card":"summary_large_image","twitter_misc":{"Skriven av":"diakonibloggen","Ber\u00e4knad l\u00e4stid":"1 minut"},"schema":{"@context":"https:\/\/schema.org","@graph":[{"@type":"Article","@id":"https:\/\/blogg.svenskakyrkan.se\/diakonibloggen\/2018\/06\/01\/att-vaga-vara-en-sten-i-skon\/#article","isPartOf":{"@id":"https:\/\/blogg.svenskakyrkan.se\/diakonibloggen\/2018\/06\/01\/att-vaga-vara-en-sten-i-skon\/"},"author":{"name":"diakonibloggen","@id":"https:\/\/blogg.svenskakyrkan.se\/diakonibloggen\/#\/schema\/person\/8f6a6fe8efab23c141c7e274fec6405f"},"headline":"Att v\u00e5ga vara en sten i skon","datePublished":"2018-06-01T14:23:47+00:00","dateModified":"2020-12-17T15:16:29+00:00","mainEntityOfPage":{"@id":"https:\/\/blogg.svenskakyrkan.se\/diakonibloggen\/2018\/06\/01\/att-vaga-vara-en-sten-i-skon\/"},"wordCount":268,"commentCount":0,"image":{"@id":"https:\/\/blogg.svenskakyrkan.se\/diakonibloggen\/2018\/06\/01\/att-vaga-vara-en-sten-i-skon\/#primaryimage"},"thumbnailUrl":"http:\/\/blogg.svenskakyrkan.se\/diakonibloggen\/files\/2018\/05\/hiding-1209131_1920.jpg?w=450","keywords":["asylpolitik","flyktingar","JO-anm\u00e4lan"],"articleSection":["Diakonalt arbete","diakoni"],"inLanguage":"sv-SE","potentialAction":[{"@type":"CommentAction","name":"Comment","target":["https:\/\/blogg.svenskakyrkan.se\/diakonibloggen\/2018\/06\/01\/att-vaga-vara-en-sten-i-skon\/#respond"]}]},{"@type":"WebPage","@id":"https:\/\/blogg.svenskakyrkan.se\/diakonibloggen\/2018\/06\/01\/att-vaga-vara-en-sten-i-skon\/","url":"https:\/\/blogg.svenskakyrkan.se\/diakonibloggen\/2018\/06\/01\/att-vaga-vara-en-sten-i-skon\/","name":"Att v\u00e5ga vara en sten i skon - Diakonibloggen","isPartOf":{"@id":"https:\/\/blogg.svenskakyrkan.se\/diakonibloggen\/#website"},"primaryImageOfPage":{"@id":"https:\/\/blogg.svenskakyrkan.se\/diakonibloggen\/2018\/06\/01\/att-vaga-vara-en-sten-i-skon\/#primaryimage"},"image":{"@id":"https:\/\/blogg.svenskakyrkan.se\/diakonibloggen\/2018\/06\/01\/att-vaga-vara-en-sten-i-skon\/#primaryimage"},"thumbnailUrl":"http:\/\/blogg.svenskakyrkan.se\/diakonibloggen\/files\/2018\/05\/hiding-1209131_1920.jpg?w=450","datePublished":"2018-06-01T14:23:47+00:00","dateModified":"2020-12-17T15:16:29+00:00","author":{"@id":"https:\/\/blogg.svenskakyrkan.se\/diakonibloggen\/#\/schema\/person\/8f6a6fe8efab23c141c7e274fec6405f"},"breadcrumb":{"@id":"https:\/\/blogg.svenskakyrkan.se\/diakonibloggen\/2018\/06\/01\/att-vaga-vara-en-sten-i-skon\/#breadcrumb"},"inLanguage":"sv-SE","potentialAction":[{"@type":"ReadAction","target":["https:\/\/blogg.svenskakyrkan.se\/diakonibloggen\/2018\/06\/01\/att-vaga-vara-en-sten-i-skon\/"]}]},{"@type":"ImageObject","inLanguage":"sv-SE","@id":"https:\/\/blogg.svenskakyrkan.se\/diakonibloggen\/2018\/06\/01\/att-vaga-vara-en-sten-i-skon\/#primaryimage","url":"http:\/\/blogg.svenskakyrkan.se\/diakonibloggen\/files\/2018\/05\/hiding-1209131_1920.jpg?w=450","contentUrl":"http:\/\/blogg.svenskakyrkan.se\/diakonibloggen\/files\/2018\/05\/hiding-1209131_1920.jpg?w=450"},{"@type":"BreadcrumbList","@id":"https:\/\/blogg.svenskakyrkan.se\/diakonibloggen\/2018\/06\/01\/att-vaga-vara-en-sten-i-skon\/#breadcrumb","itemListElement":[{"@type":"ListItem","position":1,"name":"Hem","item":"https:\/\/blogg.svenskakyrkan.se\/diakonibloggen\/"},{"@type":"ListItem","position":2,"name":"Att v\u00e5ga vara en sten i skon"}]},{"@type":"WebSite","@id":"https:\/\/blogg.svenskakyrkan.se\/diakonibloggen\/#website","url":"https:\/\/blogg.svenskakyrkan.se\/diakonibloggen\/","name":"Diakonibloggen","description":"Vi lyfter fram, hyllar, diskuterar och inspirerar till diakonalt arbete inom och utanf\u00f6r Svenska kyrkans ramar.","potentialAction":[{"@type":"SearchAction","target":{"@type":"EntryPoint","urlTemplate":"https:\/\/blogg.svenskakyrkan.se\/diakonibloggen\/?s={search_term_string}"},"query-input":{"@type":"PropertyValueSpecification","valueRequired":true,"valueName":"search_term_string"}}],"inLanguage":"sv-SE"},{"@type":"Person","@id":"https:\/\/blogg.svenskakyrkan.se\/diakonibloggen\/#\/schema\/person\/8f6a6fe8efab23c141c7e274fec6405f","name":"diakonibloggen","image":{"@type":"ImageObject","inLanguage":"sv-SE","@id":"https:\/\/blogg.svenskakyrkan.se\/diakonibloggen\/#\/schema\/person\/image\/","url":"https:\/\/secure.gravatar.com\/avatar\/95c0ca86fd13e3d8c1b7b7e9864c9a2ccb7b48c6f756a3b5447bcc13dd630488?s=96&d=mm&r=g","contentUrl":"https:\/\/secure.gravatar.com\/avatar\/95c0ca86fd13e3d8c1b7b7e9864c9a2ccb7b48c6f756a3b5447bcc13dd630488?s=96&d=mm&r=g","caption":"diakonibloggen"},"url":"https:\/\/blogg.svenskakyrkan.se\/diakonibloggen\/author\/diakonibloggen\/"}]}},"author_meta":{"ID":"776","user_nicename":"diakonibloggen","user_registered":"2020-12-17 14:50:06","display_name":"diakonibloggen","avatar":"https:\/\/blogg.svenskakyrkan.se\/diakonibloggen\/files\/2021\/02\/Sk\u00e4rmavbild-2019-04-12-kl.-14.20.54-150x150.png"},"featured_image":false,"bloginfo":{"name":"Diakonibloggen","url":"https:\/\/blogg.svenskakyrkan.se\/diakonibloggen"},"_links":{"self":[{"href":"https:\/\/blogg.svenskakyrkan.se\/diakonibloggen\/wp-json\/wp\/v2\/posts\/6550","targetHints":{"allow":["GET"]}}],"collection":[{"href":"https:\/\/blogg.svenskakyrkan.se\/diakonibloggen\/wp-json\/wp\/v2\/posts"}],"about":[{"href":"https:\/\/blogg.svenskakyrkan.se\/diakonibloggen\/wp-json\/wp\/v2\/types\/post"}],"author":[{"embeddable":true,"href":"https:\/\/blogg.svenskakyrkan.se\/diakonibloggen\/wp-json\/wp\/v2\/users\/776"}],"replies":[{"embeddable":true,"href":"https:\/\/blogg.svenskakyrkan.se\/diakonibloggen\/wp-json\/wp\/v2\/comments?post=6550"}],"version-history":[{"count":1,"href":"https:\/\/blogg.svenskakyrkan.se\/diakonibloggen\/wp-json\/wp\/v2\/posts\/6550\/revisions"}],"predecessor-version":[{"id":8351,"href":"https:\/\/blogg.svenskakyrkan.se\/diakonibloggen\/wp-json\/wp\/v2\/posts\/6550\/revisions\/8351"}],"wp:attachment":[{"href":"https:\/\/blogg.svenskakyrkan.se\/diakonibloggen\/wp-json\/wp\/v2\/media?parent=6550"}],"wp:term":[{"taxonomy":"category","embeddable":true,"href":"https:\/\/blogg.svenskakyrkan.se\/diakonibloggen\/wp-json\/wp\/v2\/categories?post=6550"},{"taxonomy":"post_tag","embeddable":true,"href":"https:\/\/blogg.svenskakyrkan.se\/diakonibloggen\/wp-json\/wp\/v2\/tags?post=6550"}],"curies":[{"name":"wp","href":"https:\/\/api.w.org\/{rel}","templated":true}]}}