{"id":6584,"date":"2018-07-29T15:15:27","date_gmt":"2018-07-29T15:15:27","guid":{"rendered":"http:\/\/diakonibloggen.com\/?p=6584"},"modified":"2020-12-17T15:16:28","modified_gmt":"2020-12-17T15:16:28","slug":"sommar-och-boklasning-nuckan","status":"publish","type":"post","link":"https:\/\/blogg.svenskakyrkan.se\/diakonibloggen\/2018\/07\/29\/sommar-och-boklasning-nuckan\/","title":{"rendered":"Sommar och bokl\u00e4sning &#8211; Nuckan"},"content":{"rendered":"<p>Varje sommar brukar vi p\u00e5 diakonibloggen.com tipsa om nya b\u00f6cker som ber\u00f6r det diakonala omr\u00e5det, s\u00e5 \u00e4ven i \u00e5r. F\u00f6lj med oss under sommaren och f\u00e5 boktips som du kan inspireras av.<\/p>\n<p><a href=\"http:\/\/www.norstedts.se\/bocker\/182990-nuckan\"><strong>Nuckan<\/strong> av Malin Lindroth<\/a>, Nordsteds f\u00f6rlag, 2018.<\/p>\n<p><a href=\"http:\/\/diakonibloggen.com\/2018\/07\/29\/sommar-och-boklasning-nuckan\/skarmavbild-2018-06-25-kl-11-05-49\/\" rel=\"attachment wp-att-6587\"><img loading=\"lazy\" decoding=\"async\" class=\"alignleft size-full wp-image-6587\" src=\"http:\/\/blogg.svenskakyrkan.se\/diakonibloggen\/files\/2018\/06\/skc3a4rmavbild-2018-06-25-kl-11-05-49.png\" alt=\"\" width=\"190\" height=\"299\" \/><\/a>Malin Lindroth g\u00f6r mig uppr\u00f6rd, omskakad, glad och i vissa fall sorgsen. I boken <em>Nuckan<\/em> portr\u00e4tterar hon den avvisande kvinnan, den ensamma kvinnan, den l\u00e4ngtande kvinnan. Hon g\u00f6r det med heder och stolhet och uttrycker en l\u00e4ngtan efter acceptans b\u00e5de fr\u00e5n sig sj\u00e4lv men \u00e4ven fr\u00e5n omgivningen. Att v\u00e5ga leva sj\u00e4lv, att v\u00e5ga identifiera sig ensam med stolthet. Hon beskriver p\u00e5 ett fint s\u00e4tt och med starka ord hur detta att leva utan partner \u00e4r att v\u00e4lja ett annat liv, ett fullgott, vackert och sp\u00e4nnande liv.<\/p>\n<p>Som alldeles ny diakon var jag p\u00e5 ett bes\u00f6k hos en \u00e4ldre kvinna. Hon log s\u00e5 glatt, bad mig sl\u00e5 mig ner vid kaffebordet och s\u00e5 b\u00f6rjade vi samtala. Jag fick f\u00f6lja med henne genom livet. Hon avslutade samtalet med att uttrycka saknaden efter sin man, som d\u00f6tt n\u00e5gra \u00e5r tidigare.<\/p>\n<p>&#8211; <em>Du vet, Karin, det \u00e4r n\u00e4r jag sitter h\u00e4r i tv-soffan och ser n\u00e5got alldeles stolligt program p\u00e5 tv, det \u00e4r d\u00e5 jag saknar honom som mest, det d\u00e4r att jag ingen har att puffa p\u00e5 i soffan f\u00f6r att gemensamt st\u00f6na \u00f6ver det d\u00e5liga tv-utbudet<\/em>.<\/p>\n<p>N\u00e4r jag l\u00e4ser Malins bok \u00e4r det just denna historia som g\u00f6r sig p\u00e5mind, f\u00f6r Malin beskriver s\u00e5 vackert om det hon l\u00e4ngtar efter, om vad k\u00e4rlek faktiskt \u00e4r:<\/p>\n<p><em>&#8221;Jo. Det skulle vara fint att komma hem p\u00e5 kv\u00e4llen, st\u00e5 i hallen och sl\u00e4nga ur sig n\u00e5gra ord om n\u00e5got som h\u00e4nt under dagen &#8211; en skitsak, ett problem, en v\u00e4rldsnyhet, vad som helst &#8211; och veta att det alltid kom ett svar tillbaka. Det kan l\u00e5ta banalt. Men jag tror att den som lever s\u00e5, i en st\u00e4ndig str\u00f6m av vardagsprat som finns d\u00e4r lika sj\u00e4lvklar som bakgrundsbruset fr\u00e5n kylsk\u00e5pet med tiden blir v\u00e4ldigt bekr\u00e4ftad i k\u00e4nslan av att vara en svarad m\u00e4nniska. Den sortens bekr\u00e4ftelse vill jag ocks\u00e5 ha. Jag vill omslutas av den k\u00e4nslan tills jag inte tvivlar p\u00e5 att den \u00e4r sann. Jag tror n\u00e4mligen att det \u00e4r d\u00e4r, i k\u00e4nslan av att vara en vars ord n\u00e5r fram och tas emot, som k\u00e4nslan av att vara \u00e4lskad tar sin b\u00f6rjan.&#8221;<\/em><\/p>\n<p>F\u00f6rfattaren ger oss en bild av ensamma kvinnor genom historien. Hon beskriver ordet nucka, dess betydelse, det skambelagda fnissande som begreppet ofta m\u00f6ts av. Med storhet reclaimar hon ordet &#8211; hon \u00e4r nutidens nucka. &#8221;<em>Men den nucka jag vill vara kan inte bara vara tung. Hon m\u00e5ste vara en r\u00f6rlig typ som har vett att k\u00e4nna skillnad mellan identitet och position. Hennes nuckeskap ska inte vara en hud, mer ett par skor att st\u00e5 i. Att l\u00e5sas fast i utanf\u00f6rskap \u00e4r lika ointressant f\u00f6r henne som att l\u00e5sas fast i innanf\u00f6rskap. Hellre vill jag str\u00f6va fritt mellan periferi och centrum.&#8221;<\/em><\/p>\n<p>Karin Ahlqvist, diakonibloggen<\/p>\n","protected":false},"excerpt":{"rendered":"<p>Varje sommar brukar vi p\u00e5 diakonibloggen.com tipsa om nya b\u00f6cker som ber\u00f6r det diakonala omr\u00e5det, s\u00e5 \u00e4ven i \u00e5r. F\u00f6lj med oss under sommaren och f\u00e5 boktips som du kan inspireras av. Nuckan av Malin Lindroth, Nordsteds f\u00f6rlag, 2018. Malin Lindroth g\u00f6r mig uppr\u00f6rd, omskakad, glad och i vissa fall sorgsen. I boken Nuckan portr\u00e4tterar [&hellip;]<\/p>\n","protected":false},"author":776,"featured_media":0,"comment_status":"open","ping_status":"open","sticky":false,"template":"","format":"standard","meta":{"_acf_changed":false,"footnotes":""},"categories":[23298,23301],"tags":[24507,24652,24658],"class_list":["post-6584","post","type-post","status-publish","format-standard","hentry","category-bokrecension","category-diakonalt-arbete","tag-malin-lindroth","tag-nordsteds-forlag","tag-nuckan"],"acf":[],"yoast_head":"<!-- This site is optimized with the Yoast SEO plugin v27.1.1 - https:\/\/yoast.com\/product\/yoast-seo-wordpress\/ -->\n<title>Sommar och bokl\u00e4sning - Nuckan - Diakonibloggen<\/title>\n<meta name=\"robots\" content=\"index, follow, max-snippet:-1, max-image-preview:large, max-video-preview:-1\" \/>\n<link rel=\"canonical\" href=\"https:\/\/blogg.svenskakyrkan.se\/diakonibloggen\/2018\/07\/29\/sommar-och-boklasning-nuckan\/\" \/>\n<meta property=\"og:locale\" content=\"sv_SE\" \/>\n<meta property=\"og:type\" content=\"article\" \/>\n<meta property=\"og:title\" content=\"Sommar och bokl\u00e4sning - Nuckan - Diakonibloggen\" \/>\n<meta property=\"og:description\" content=\"Varje sommar brukar vi p\u00e5 diakonibloggen.com tipsa om nya b\u00f6cker som ber\u00f6r det diakonala omr\u00e5det, s\u00e5 \u00e4ven i \u00e5r. F\u00f6lj med oss under sommaren och f\u00e5 boktips som du kan inspireras av. Nuckan av Malin Lindroth, Nordsteds f\u00f6rlag, 2018. Malin Lindroth g\u00f6r mig uppr\u00f6rd, omskakad, glad och i vissa fall sorgsen. I boken Nuckan portr\u00e4tterar [&hellip;]\" \/>\n<meta property=\"og:url\" content=\"https:\/\/blogg.svenskakyrkan.se\/diakonibloggen\/2018\/07\/29\/sommar-och-boklasning-nuckan\/\" \/>\n<meta property=\"og:site_name\" content=\"Diakonibloggen\" \/>\n<meta property=\"article:published_time\" content=\"2018-07-29T15:15:27+00:00\" \/>\n<meta property=\"article:modified_time\" content=\"2020-12-17T15:16:28+00:00\" \/>\n<meta property=\"og:image\" content=\"http:\/\/blogg.svenskakyrkan.se\/diakonibloggen\/files\/2018\/06\/skc3a4rmavbild-2018-06-25-kl-11-05-49.png\" \/>\n<meta name=\"author\" content=\"diakonibloggen\" \/>\n<meta name=\"twitter:card\" content=\"summary_large_image\" \/>\n<meta name=\"twitter:label1\" content=\"Skriven av\" \/>\n\t<meta name=\"twitter:data1\" content=\"diakonibloggen\" \/>\n\t<meta name=\"twitter:label2\" content=\"Ber\u00e4knad l\u00e4stid\" \/>\n\t<meta name=\"twitter:data2\" content=\"3 minuter\" \/>\n<script type=\"application\/ld+json\" class=\"yoast-schema-graph\">{\"@context\":\"https:\/\/schema.org\",\"@graph\":[{\"@type\":\"Article\",\"@id\":\"https:\/\/blogg.svenskakyrkan.se\/diakonibloggen\/2018\/07\/29\/sommar-och-boklasning-nuckan\/#article\",\"isPartOf\":{\"@id\":\"https:\/\/blogg.svenskakyrkan.se\/diakonibloggen\/2018\/07\/29\/sommar-och-boklasning-nuckan\/\"},\"author\":{\"name\":\"diakonibloggen\",\"@id\":\"https:\/\/blogg.svenskakyrkan.se\/diakonibloggen\/#\/schema\/person\/8f6a6fe8efab23c141c7e274fec6405f\"},\"headline\":\"Sommar och bokl\u00e4sning &#8211; Nuckan\",\"datePublished\":\"2018-07-29T15:15:27+00:00\",\"dateModified\":\"2020-12-17T15:16:28+00:00\",\"mainEntityOfPage\":{\"@id\":\"https:\/\/blogg.svenskakyrkan.se\/diakonibloggen\/2018\/07\/29\/sommar-och-boklasning-nuckan\/\"},\"wordCount\":573,\"commentCount\":0,\"image\":{\"@id\":\"https:\/\/blogg.svenskakyrkan.se\/diakonibloggen\/2018\/07\/29\/sommar-och-boklasning-nuckan\/#primaryimage\"},\"thumbnailUrl\":\"http:\/\/blogg.svenskakyrkan.se\/diakonibloggen\/files\/2018\/06\/skc3a4rmavbild-2018-06-25-kl-11-05-49.png\",\"keywords\":[\"Malin Lindroth\",\"Nordsteds f\u00f6rlag\",\"nuckan\"],\"articleSection\":[\"Bokrecension\",\"Diakonalt arbete\"],\"inLanguage\":\"sv-SE\",\"potentialAction\":[{\"@type\":\"CommentAction\",\"name\":\"Comment\",\"target\":[\"https:\/\/blogg.svenskakyrkan.se\/diakonibloggen\/2018\/07\/29\/sommar-och-boklasning-nuckan\/#respond\"]}]},{\"@type\":\"WebPage\",\"@id\":\"https:\/\/blogg.svenskakyrkan.se\/diakonibloggen\/2018\/07\/29\/sommar-och-boklasning-nuckan\/\",\"url\":\"https:\/\/blogg.svenskakyrkan.se\/diakonibloggen\/2018\/07\/29\/sommar-och-boklasning-nuckan\/\",\"name\":\"Sommar och bokl\u00e4sning - Nuckan - Diakonibloggen\",\"isPartOf\":{\"@id\":\"https:\/\/blogg.svenskakyrkan.se\/diakonibloggen\/#website\"},\"primaryImageOfPage\":{\"@id\":\"https:\/\/blogg.svenskakyrkan.se\/diakonibloggen\/2018\/07\/29\/sommar-och-boklasning-nuckan\/#primaryimage\"},\"image\":{\"@id\":\"https:\/\/blogg.svenskakyrkan.se\/diakonibloggen\/2018\/07\/29\/sommar-och-boklasning-nuckan\/#primaryimage\"},\"thumbnailUrl\":\"http:\/\/blogg.svenskakyrkan.se\/diakonibloggen\/files\/2018\/06\/skc3a4rmavbild-2018-06-25-kl-11-05-49.png\",\"datePublished\":\"2018-07-29T15:15:27+00:00\",\"dateModified\":\"2020-12-17T15:16:28+00:00\",\"author\":{\"@id\":\"https:\/\/blogg.svenskakyrkan.se\/diakonibloggen\/#\/schema\/person\/8f6a6fe8efab23c141c7e274fec6405f\"},\"breadcrumb\":{\"@id\":\"https:\/\/blogg.svenskakyrkan.se\/diakonibloggen\/2018\/07\/29\/sommar-och-boklasning-nuckan\/#breadcrumb\"},\"inLanguage\":\"sv-SE\",\"potentialAction\":[{\"@type\":\"ReadAction\",\"target\":[\"https:\/\/blogg.svenskakyrkan.se\/diakonibloggen\/2018\/07\/29\/sommar-och-boklasning-nuckan\/\"]}]},{\"@type\":\"ImageObject\",\"inLanguage\":\"sv-SE\",\"@id\":\"https:\/\/blogg.svenskakyrkan.se\/diakonibloggen\/2018\/07\/29\/sommar-och-boklasning-nuckan\/#primaryimage\",\"url\":\"http:\/\/blogg.svenskakyrkan.se\/diakonibloggen\/files\/2018\/06\/skc3a4rmavbild-2018-06-25-kl-11-05-49.png\",\"contentUrl\":\"http:\/\/blogg.svenskakyrkan.se\/diakonibloggen\/files\/2018\/06\/skc3a4rmavbild-2018-06-25-kl-11-05-49.png\"},{\"@type\":\"BreadcrumbList\",\"@id\":\"https:\/\/blogg.svenskakyrkan.se\/diakonibloggen\/2018\/07\/29\/sommar-och-boklasning-nuckan\/#breadcrumb\",\"itemListElement\":[{\"@type\":\"ListItem\",\"position\":1,\"name\":\"Hem\",\"item\":\"https:\/\/blogg.svenskakyrkan.se\/diakonibloggen\/\"},{\"@type\":\"ListItem\",\"position\":2,\"name\":\"Sommar och bokl\u00e4sning &#8211; Nuckan\"}]},{\"@type\":\"WebSite\",\"@id\":\"https:\/\/blogg.svenskakyrkan.se\/diakonibloggen\/#website\",\"url\":\"https:\/\/blogg.svenskakyrkan.se\/diakonibloggen\/\",\"name\":\"Diakonibloggen\",\"description\":\"Vi lyfter fram, hyllar, diskuterar och inspirerar till diakonalt arbete inom och utanf\u00f6r Svenska kyrkans ramar.\",\"potentialAction\":[{\"@type\":\"SearchAction\",\"target\":{\"@type\":\"EntryPoint\",\"urlTemplate\":\"https:\/\/blogg.svenskakyrkan.se\/diakonibloggen\/?s={search_term_string}\"},\"query-input\":{\"@type\":\"PropertyValueSpecification\",\"valueRequired\":true,\"valueName\":\"search_term_string\"}}],\"inLanguage\":\"sv-SE\"},{\"@type\":\"Person\",\"@id\":\"https:\/\/blogg.svenskakyrkan.se\/diakonibloggen\/#\/schema\/person\/8f6a6fe8efab23c141c7e274fec6405f\",\"name\":\"diakonibloggen\",\"image\":{\"@type\":\"ImageObject\",\"inLanguage\":\"sv-SE\",\"@id\":\"https:\/\/blogg.svenskakyrkan.se\/diakonibloggen\/#\/schema\/person\/image\/\",\"url\":\"https:\/\/secure.gravatar.com\/avatar\/95c0ca86fd13e3d8c1b7b7e9864c9a2ccb7b48c6f756a3b5447bcc13dd630488?s=96&d=mm&r=g\",\"contentUrl\":\"https:\/\/secure.gravatar.com\/avatar\/95c0ca86fd13e3d8c1b7b7e9864c9a2ccb7b48c6f756a3b5447bcc13dd630488?s=96&d=mm&r=g\",\"caption\":\"diakonibloggen\"},\"url\":\"https:\/\/blogg.svenskakyrkan.se\/diakonibloggen\/author\/diakonibloggen\/\"}]}<\/script>\n<!-- \/ Yoast SEO plugin. -->","yoast_head_json":{"title":"Sommar och bokl\u00e4sning - Nuckan - Diakonibloggen","robots":{"index":"index","follow":"follow","max-snippet":"max-snippet:-1","max-image-preview":"max-image-preview:large","max-video-preview":"max-video-preview:-1"},"canonical":"https:\/\/blogg.svenskakyrkan.se\/diakonibloggen\/2018\/07\/29\/sommar-och-boklasning-nuckan\/","og_locale":"sv_SE","og_type":"article","og_title":"Sommar och bokl\u00e4sning - Nuckan - Diakonibloggen","og_description":"Varje sommar brukar vi p\u00e5 diakonibloggen.com tipsa om nya b\u00f6cker som ber\u00f6r det diakonala omr\u00e5det, s\u00e5 \u00e4ven i \u00e5r. F\u00f6lj med oss under sommaren och f\u00e5 boktips som du kan inspireras av. Nuckan av Malin Lindroth, Nordsteds f\u00f6rlag, 2018. Malin Lindroth g\u00f6r mig uppr\u00f6rd, omskakad, glad och i vissa fall sorgsen. I boken Nuckan portr\u00e4tterar [&hellip;]","og_url":"https:\/\/blogg.svenskakyrkan.se\/diakonibloggen\/2018\/07\/29\/sommar-och-boklasning-nuckan\/","og_site_name":"Diakonibloggen","article_published_time":"2018-07-29T15:15:27+00:00","article_modified_time":"2020-12-17T15:16:28+00:00","og_image":[{"url":"http:\/\/blogg.svenskakyrkan.se\/diakonibloggen\/files\/2018\/06\/skc3a4rmavbild-2018-06-25-kl-11-05-49.png","type":"","width":"","height":""}],"author":"diakonibloggen","twitter_card":"summary_large_image","twitter_misc":{"Skriven av":"diakonibloggen","Ber\u00e4knad l\u00e4stid":"3 minuter"},"schema":{"@context":"https:\/\/schema.org","@graph":[{"@type":"Article","@id":"https:\/\/blogg.svenskakyrkan.se\/diakonibloggen\/2018\/07\/29\/sommar-och-boklasning-nuckan\/#article","isPartOf":{"@id":"https:\/\/blogg.svenskakyrkan.se\/diakonibloggen\/2018\/07\/29\/sommar-och-boklasning-nuckan\/"},"author":{"name":"diakonibloggen","@id":"https:\/\/blogg.svenskakyrkan.se\/diakonibloggen\/#\/schema\/person\/8f6a6fe8efab23c141c7e274fec6405f"},"headline":"Sommar och bokl\u00e4sning &#8211; Nuckan","datePublished":"2018-07-29T15:15:27+00:00","dateModified":"2020-12-17T15:16:28+00:00","mainEntityOfPage":{"@id":"https:\/\/blogg.svenskakyrkan.se\/diakonibloggen\/2018\/07\/29\/sommar-och-boklasning-nuckan\/"},"wordCount":573,"commentCount":0,"image":{"@id":"https:\/\/blogg.svenskakyrkan.se\/diakonibloggen\/2018\/07\/29\/sommar-och-boklasning-nuckan\/#primaryimage"},"thumbnailUrl":"http:\/\/blogg.svenskakyrkan.se\/diakonibloggen\/files\/2018\/06\/skc3a4rmavbild-2018-06-25-kl-11-05-49.png","keywords":["Malin Lindroth","Nordsteds f\u00f6rlag","nuckan"],"articleSection":["Bokrecension","Diakonalt arbete"],"inLanguage":"sv-SE","potentialAction":[{"@type":"CommentAction","name":"Comment","target":["https:\/\/blogg.svenskakyrkan.se\/diakonibloggen\/2018\/07\/29\/sommar-och-boklasning-nuckan\/#respond"]}]},{"@type":"WebPage","@id":"https:\/\/blogg.svenskakyrkan.se\/diakonibloggen\/2018\/07\/29\/sommar-och-boklasning-nuckan\/","url":"https:\/\/blogg.svenskakyrkan.se\/diakonibloggen\/2018\/07\/29\/sommar-och-boklasning-nuckan\/","name":"Sommar och bokl\u00e4sning - Nuckan - Diakonibloggen","isPartOf":{"@id":"https:\/\/blogg.svenskakyrkan.se\/diakonibloggen\/#website"},"primaryImageOfPage":{"@id":"https:\/\/blogg.svenskakyrkan.se\/diakonibloggen\/2018\/07\/29\/sommar-och-boklasning-nuckan\/#primaryimage"},"image":{"@id":"https:\/\/blogg.svenskakyrkan.se\/diakonibloggen\/2018\/07\/29\/sommar-och-boklasning-nuckan\/#primaryimage"},"thumbnailUrl":"http:\/\/blogg.svenskakyrkan.se\/diakonibloggen\/files\/2018\/06\/skc3a4rmavbild-2018-06-25-kl-11-05-49.png","datePublished":"2018-07-29T15:15:27+00:00","dateModified":"2020-12-17T15:16:28+00:00","author":{"@id":"https:\/\/blogg.svenskakyrkan.se\/diakonibloggen\/#\/schema\/person\/8f6a6fe8efab23c141c7e274fec6405f"},"breadcrumb":{"@id":"https:\/\/blogg.svenskakyrkan.se\/diakonibloggen\/2018\/07\/29\/sommar-och-boklasning-nuckan\/#breadcrumb"},"inLanguage":"sv-SE","potentialAction":[{"@type":"ReadAction","target":["https:\/\/blogg.svenskakyrkan.se\/diakonibloggen\/2018\/07\/29\/sommar-och-boklasning-nuckan\/"]}]},{"@type":"ImageObject","inLanguage":"sv-SE","@id":"https:\/\/blogg.svenskakyrkan.se\/diakonibloggen\/2018\/07\/29\/sommar-och-boklasning-nuckan\/#primaryimage","url":"http:\/\/blogg.svenskakyrkan.se\/diakonibloggen\/files\/2018\/06\/skc3a4rmavbild-2018-06-25-kl-11-05-49.png","contentUrl":"http:\/\/blogg.svenskakyrkan.se\/diakonibloggen\/files\/2018\/06\/skc3a4rmavbild-2018-06-25-kl-11-05-49.png"},{"@type":"BreadcrumbList","@id":"https:\/\/blogg.svenskakyrkan.se\/diakonibloggen\/2018\/07\/29\/sommar-och-boklasning-nuckan\/#breadcrumb","itemListElement":[{"@type":"ListItem","position":1,"name":"Hem","item":"https:\/\/blogg.svenskakyrkan.se\/diakonibloggen\/"},{"@type":"ListItem","position":2,"name":"Sommar och bokl\u00e4sning &#8211; Nuckan"}]},{"@type":"WebSite","@id":"https:\/\/blogg.svenskakyrkan.se\/diakonibloggen\/#website","url":"https:\/\/blogg.svenskakyrkan.se\/diakonibloggen\/","name":"Diakonibloggen","description":"Vi lyfter fram, hyllar, diskuterar och inspirerar till diakonalt arbete inom och utanf\u00f6r Svenska kyrkans ramar.","potentialAction":[{"@type":"SearchAction","target":{"@type":"EntryPoint","urlTemplate":"https:\/\/blogg.svenskakyrkan.se\/diakonibloggen\/?s={search_term_string}"},"query-input":{"@type":"PropertyValueSpecification","valueRequired":true,"valueName":"search_term_string"}}],"inLanguage":"sv-SE"},{"@type":"Person","@id":"https:\/\/blogg.svenskakyrkan.se\/diakonibloggen\/#\/schema\/person\/8f6a6fe8efab23c141c7e274fec6405f","name":"diakonibloggen","image":{"@type":"ImageObject","inLanguage":"sv-SE","@id":"https:\/\/blogg.svenskakyrkan.se\/diakonibloggen\/#\/schema\/person\/image\/","url":"https:\/\/secure.gravatar.com\/avatar\/95c0ca86fd13e3d8c1b7b7e9864c9a2ccb7b48c6f756a3b5447bcc13dd630488?s=96&d=mm&r=g","contentUrl":"https:\/\/secure.gravatar.com\/avatar\/95c0ca86fd13e3d8c1b7b7e9864c9a2ccb7b48c6f756a3b5447bcc13dd630488?s=96&d=mm&r=g","caption":"diakonibloggen"},"url":"https:\/\/blogg.svenskakyrkan.se\/diakonibloggen\/author\/diakonibloggen\/"}]}},"author_meta":{"ID":"776","user_nicename":"diakonibloggen","user_registered":"2020-12-17 14:50:06","display_name":"diakonibloggen","avatar":"https:\/\/blogg.svenskakyrkan.se\/diakonibloggen\/files\/2021\/02\/Sk\u00e4rmavbild-2019-04-12-kl.-14.20.54-150x150.png"},"featured_image":false,"bloginfo":{"name":"Diakonibloggen","url":"https:\/\/blogg.svenskakyrkan.se\/diakonibloggen"},"_links":{"self":[{"href":"https:\/\/blogg.svenskakyrkan.se\/diakonibloggen\/wp-json\/wp\/v2\/posts\/6584","targetHints":{"allow":["GET"]}}],"collection":[{"href":"https:\/\/blogg.svenskakyrkan.se\/diakonibloggen\/wp-json\/wp\/v2\/posts"}],"about":[{"href":"https:\/\/blogg.svenskakyrkan.se\/diakonibloggen\/wp-json\/wp\/v2\/types\/post"}],"author":[{"embeddable":true,"href":"https:\/\/blogg.svenskakyrkan.se\/diakonibloggen\/wp-json\/wp\/v2\/users\/776"}],"replies":[{"embeddable":true,"href":"https:\/\/blogg.svenskakyrkan.se\/diakonibloggen\/wp-json\/wp\/v2\/comments?post=6584"}],"version-history":[{"count":1,"href":"https:\/\/blogg.svenskakyrkan.se\/diakonibloggen\/wp-json\/wp\/v2\/posts\/6584\/revisions"}],"predecessor-version":[{"id":8342,"href":"https:\/\/blogg.svenskakyrkan.se\/diakonibloggen\/wp-json\/wp\/v2\/posts\/6584\/revisions\/8342"}],"wp:attachment":[{"href":"https:\/\/blogg.svenskakyrkan.se\/diakonibloggen\/wp-json\/wp\/v2\/media?parent=6584"}],"wp:term":[{"taxonomy":"category","embeddable":true,"href":"https:\/\/blogg.svenskakyrkan.se\/diakonibloggen\/wp-json\/wp\/v2\/categories?post=6584"},{"taxonomy":"post_tag","embeddable":true,"href":"https:\/\/blogg.svenskakyrkan.se\/diakonibloggen\/wp-json\/wp\/v2\/tags?post=6584"}],"curies":[{"name":"wp","href":"https:\/\/api.w.org\/{rel}","templated":true}]}}