{"id":6599,"date":"2018-07-09T10:39:17","date_gmt":"2018-07-09T10:39:17","guid":{"rendered":"http:\/\/diakonibloggen.com\/?p=6599"},"modified":"2020-12-17T15:16:28","modified_gmt":"2020-12-17T15:16:28","slug":"sommar-och-boklasning-tro-for-att-leva","status":"publish","type":"post","link":"https:\/\/blogg.svenskakyrkan.se\/diakonibloggen\/2018\/07\/09\/sommar-och-boklasning-tro-for-att-leva\/","title":{"rendered":"Sommar och bokl\u00e4sning &#8211; Tro f\u00f6r att leva"},"content":{"rendered":"<p>Varje sommar brukar vi p\u00e5 diakonibloggen.com tipsa om nya b\u00f6cker som ber\u00f6r det diakonala omr\u00e5det, s\u00e5 \u00e4ven i \u00e5r. F\u00f6lj med oss under sommaren och f\u00e5 boktips som du kan inspireras av.<\/p>\n<p><a href=\"https:\/\/www.verbum.se\/52637463-product\"><strong>Tro f\u00f6r att leva<\/strong> av Hans-Erik Lindstr\u00f6m<\/a>, Verbum 2018.<\/p>\n<p><a href=\"http:\/\/diakonibloggen.com\/2018\/07\/09\/sommar-och-boklasning-tro-for-att-leva\/skarmavbild-2018-06-26-kl-14-57-23\/\" rel=\"attachment wp-att-6600\"><img loading=\"lazy\" decoding=\"async\" class=\"alignleft size-full wp-image-6600\" src=\"http:\/\/blogg.svenskakyrkan.se\/diakonibloggen\/files\/2018\/06\/skc3a4rmavbild-2018-06-26-kl-14-57-23.png\" alt=\"\" width=\"205\" height=\"289\" \/><\/a>Den barmh\u00e4rtige samariern, en v\u00e4ldigt k\u00e4nd och ibland n\u00e4stan uttjatad bibelber\u00e4ttelse. En ber\u00e4ttelse som f\u00f6rfattaren Hans-Erik Lindstr\u00f6m v\u00e4ljer att gr\u00e4va djupare i och reflekterar kring de olika personernas bakgrund, deras motiv till val och vad vi kan l\u00e4ra oss utifr\u00e5n detta.<\/p>\n<p>Det intressanta \u00e4r att f\u00f6rfattaren v\u00e4ljer sig sj\u00e4lv som utg\u00e5ngspunkt. Genom att ber\u00e4tta hur mycket bibelber\u00e4ttelsen f\u00e5tt betyda f\u00f6r honom, som ung och \u00e4ven senare genom livet, ger han l\u00e4saren m\u00f6jlighet att med nya \u00f6gon granska texten och analysen.<\/p>\n<p>Han b\u00f6rjar ber\u00e4ttelsen i att f\u00f6rs\u00f6ka f\u00f6rst\u00e5 vem den utsatte mannen i ber\u00e4ttelsen \u00e4r, vad som har h\u00e4nt och varf\u00f6r. D\u00e4rifr\u00e5n drar han paralleller till v\u00e5rt och sitt eget liv. Han menar att livet i sig sj\u00e4lvt ibland kan te sig oerh\u00f6rt sv\u00e5rt, s\u00e5 sm\u00e4rtsamt att varje andetag i sig \u00e4r nog. Och det \u00e4r i dessa stunder som vi alla beh\u00f6ver en barmh\u00e4rtig samarier som st\u00e5r vid v\u00e5r sida.<\/p>\n<p>Jag tror vi \u00e4r m\u00e5nga som flera g\u00e5nger skyndat lite snabbt p\u00e5 gatan och n\u00e4stan inte l\u00e5tsats om tiggaren d\u00e4r vid v\u00e4gkanten eller ibland tryckt bort ett samtal fr\u00e5n en m\u00e4nniska som vi just nu &#8221;bara inte orkar med&#8221;.\u00a0N\u00e4r Hans-Erik Lindstr\u00f6m lyfter fram orsakerna till pr\u00e4stens och levitens val och lyfter in det i en kontext som \u00e4r v\u00e5r vardag, visar han p\u00e5 att den kristna tron inte bara f\u00e5r vara en intellektualiserad trevlighet. Den uppmanar till handling, omsorg, barmh\u00e4rtighet och solidaritet &#8211; men inte p\u00e5 bekostnad av ens egen styrka och kraft.<\/p>\n<p>H\u00e4r lyfter f\u00f6rfattaren fram Jesus som exempel och visar p\u00e5 flera olika st\u00e4llen d\u00e4r Jesus sj\u00e4lv valde att vila och h\u00e4mta styrka. Men tron i sig uppmuntrar oss att, som en sj\u00e4lvklar konsekvens av v\u00e5r tro, finnas d\u00e4r f\u00f6r v\u00e5ra medm\u00e4nniskor!<\/p>\n<p>V\u00e5r tro, avslutar f\u00f6rfattaren, handlar om &#8221;en Gud som har en v\u00e4ntande famn f\u00f6r mig och som l\u00e4ngtar efter mig. En Gud som \u00e4lskar bortom allt f\u00f6rst\u00e5nd och f\u00f6rnuft. Som har en famn som burit mig alltsedan jag f\u00f6ddes&#8221;&#8230;&#8221;ett par v\u00e4lsignande h\u00e4nder som st\u00e4ndigt ville h\u00e5lla om min rygg, min sj\u00e4l och mitt hj\u00e4rta.&#8221;<\/p>\n<p>Karin Ahlqvist, diakonibloggen<\/p>\n","protected":false},"excerpt":{"rendered":"<p>Varje sommar brukar vi p\u00e5 diakonibloggen.com tipsa om nya b\u00f6cker som ber\u00f6r det diakonala omr\u00e5det, s\u00e5 \u00e4ven i \u00e5r. F\u00f6lj med oss under sommaren och f\u00e5 boktips som du kan inspireras av. Tro f\u00f6r att leva av Hans-Erik Lindstr\u00f6m, Verbum 2018. Den barmh\u00e4rtige samariern, en v\u00e4ldigt k\u00e4nd och ibland n\u00e4stan uttjatad bibelber\u00e4ttelse. En ber\u00e4ttelse som [&hellip;]<\/p>\n","protected":false},"author":776,"featured_media":0,"comment_status":"open","ping_status":"open","sticky":false,"template":"","format":"standard","meta":{"_acf_changed":false,"footnotes":""},"categories":[23298],"tags":[23745,24118,25128,25243],"class_list":["post-6599","post","type-post","status-publish","format-standard","hentry","category-bokrecension","tag-den-barmhartige-samariern","tag-hans-erik-lindstrom","tag-tro-for-att-leva","tag-verbum"],"acf":[],"yoast_head":"<!-- This site is optimized with the Yoast SEO plugin v27.1.1 - https:\/\/yoast.com\/product\/yoast-seo-wordpress\/ -->\n<title>Sommar och bokl\u00e4sning - Tro f\u00f6r att leva - Diakonibloggen<\/title>\n<meta name=\"robots\" content=\"index, follow, max-snippet:-1, max-image-preview:large, max-video-preview:-1\" \/>\n<link rel=\"canonical\" href=\"https:\/\/blogg.svenskakyrkan.se\/diakonibloggen\/2018\/07\/09\/sommar-och-boklasning-tro-for-att-leva\/\" \/>\n<meta property=\"og:locale\" content=\"sv_SE\" \/>\n<meta property=\"og:type\" content=\"article\" \/>\n<meta property=\"og:title\" content=\"Sommar och bokl\u00e4sning - Tro f\u00f6r att leva - Diakonibloggen\" \/>\n<meta property=\"og:description\" content=\"Varje sommar brukar vi p\u00e5 diakonibloggen.com tipsa om nya b\u00f6cker som ber\u00f6r det diakonala omr\u00e5det, s\u00e5 \u00e4ven i \u00e5r. F\u00f6lj med oss under sommaren och f\u00e5 boktips som du kan inspireras av. Tro f\u00f6r att leva av Hans-Erik Lindstr\u00f6m, Verbum 2018. Den barmh\u00e4rtige samariern, en v\u00e4ldigt k\u00e4nd och ibland n\u00e4stan uttjatad bibelber\u00e4ttelse. En ber\u00e4ttelse som [&hellip;]\" \/>\n<meta property=\"og:url\" content=\"https:\/\/blogg.svenskakyrkan.se\/diakonibloggen\/2018\/07\/09\/sommar-och-boklasning-tro-for-att-leva\/\" \/>\n<meta property=\"og:site_name\" content=\"Diakonibloggen\" \/>\n<meta property=\"article:published_time\" content=\"2018-07-09T10:39:17+00:00\" \/>\n<meta property=\"article:modified_time\" content=\"2020-12-17T15:16:28+00:00\" \/>\n<meta property=\"og:image\" content=\"http:\/\/blogg.svenskakyrkan.se\/diakonibloggen\/files\/2018\/06\/skc3a4rmavbild-2018-06-26-kl-14-57-23.png\" \/>\n<meta name=\"author\" content=\"diakonibloggen\" \/>\n<meta name=\"twitter:card\" content=\"summary_large_image\" \/>\n<meta name=\"twitter:label1\" content=\"Skriven av\" \/>\n\t<meta name=\"twitter:data1\" content=\"diakonibloggen\" \/>\n\t<meta name=\"twitter:label2\" content=\"Ber\u00e4knad l\u00e4stid\" \/>\n\t<meta name=\"twitter:data2\" content=\"2 minuter\" \/>\n<script type=\"application\/ld+json\" class=\"yoast-schema-graph\">{\"@context\":\"https:\/\/schema.org\",\"@graph\":[{\"@type\":\"Article\",\"@id\":\"https:\/\/blogg.svenskakyrkan.se\/diakonibloggen\/2018\/07\/09\/sommar-och-boklasning-tro-for-att-leva\/#article\",\"isPartOf\":{\"@id\":\"https:\/\/blogg.svenskakyrkan.se\/diakonibloggen\/2018\/07\/09\/sommar-och-boklasning-tro-for-att-leva\/\"},\"author\":{\"name\":\"diakonibloggen\",\"@id\":\"https:\/\/blogg.svenskakyrkan.se\/diakonibloggen\/#\/schema\/person\/8f6a6fe8efab23c141c7e274fec6405f\"},\"headline\":\"Sommar och bokl\u00e4sning &#8211; Tro f\u00f6r att leva\",\"datePublished\":\"2018-07-09T10:39:17+00:00\",\"dateModified\":\"2020-12-17T15:16:28+00:00\",\"mainEntityOfPage\":{\"@id\":\"https:\/\/blogg.svenskakyrkan.se\/diakonibloggen\/2018\/07\/09\/sommar-och-boklasning-tro-for-att-leva\/\"},\"wordCount\":482,\"commentCount\":0,\"image\":{\"@id\":\"https:\/\/blogg.svenskakyrkan.se\/diakonibloggen\/2018\/07\/09\/sommar-och-boklasning-tro-for-att-leva\/#primaryimage\"},\"thumbnailUrl\":\"http:\/\/blogg.svenskakyrkan.se\/diakonibloggen\/files\/2018\/06\/skc3a4rmavbild-2018-06-26-kl-14-57-23.png\",\"keywords\":[\"den barmh\u00e4rtige samariern\",\"Hans-Erik Lindstr\u00f6m\",\"Tro f\u00f6r att leva\",\"Verbum\"],\"articleSection\":[\"Bokrecension\"],\"inLanguage\":\"sv-SE\",\"potentialAction\":[{\"@type\":\"CommentAction\",\"name\":\"Comment\",\"target\":[\"https:\/\/blogg.svenskakyrkan.se\/diakonibloggen\/2018\/07\/09\/sommar-och-boklasning-tro-for-att-leva\/#respond\"]}]},{\"@type\":\"WebPage\",\"@id\":\"https:\/\/blogg.svenskakyrkan.se\/diakonibloggen\/2018\/07\/09\/sommar-och-boklasning-tro-for-att-leva\/\",\"url\":\"https:\/\/blogg.svenskakyrkan.se\/diakonibloggen\/2018\/07\/09\/sommar-och-boklasning-tro-for-att-leva\/\",\"name\":\"Sommar och bokl\u00e4sning - Tro f\u00f6r att leva - Diakonibloggen\",\"isPartOf\":{\"@id\":\"https:\/\/blogg.svenskakyrkan.se\/diakonibloggen\/#website\"},\"primaryImageOfPage\":{\"@id\":\"https:\/\/blogg.svenskakyrkan.se\/diakonibloggen\/2018\/07\/09\/sommar-och-boklasning-tro-for-att-leva\/#primaryimage\"},\"image\":{\"@id\":\"https:\/\/blogg.svenskakyrkan.se\/diakonibloggen\/2018\/07\/09\/sommar-och-boklasning-tro-for-att-leva\/#primaryimage\"},\"thumbnailUrl\":\"http:\/\/blogg.svenskakyrkan.se\/diakonibloggen\/files\/2018\/06\/skc3a4rmavbild-2018-06-26-kl-14-57-23.png\",\"datePublished\":\"2018-07-09T10:39:17+00:00\",\"dateModified\":\"2020-12-17T15:16:28+00:00\",\"author\":{\"@id\":\"https:\/\/blogg.svenskakyrkan.se\/diakonibloggen\/#\/schema\/person\/8f6a6fe8efab23c141c7e274fec6405f\"},\"breadcrumb\":{\"@id\":\"https:\/\/blogg.svenskakyrkan.se\/diakonibloggen\/2018\/07\/09\/sommar-och-boklasning-tro-for-att-leva\/#breadcrumb\"},\"inLanguage\":\"sv-SE\",\"potentialAction\":[{\"@type\":\"ReadAction\",\"target\":[\"https:\/\/blogg.svenskakyrkan.se\/diakonibloggen\/2018\/07\/09\/sommar-och-boklasning-tro-for-att-leva\/\"]}]},{\"@type\":\"ImageObject\",\"inLanguage\":\"sv-SE\",\"@id\":\"https:\/\/blogg.svenskakyrkan.se\/diakonibloggen\/2018\/07\/09\/sommar-och-boklasning-tro-for-att-leva\/#primaryimage\",\"url\":\"http:\/\/blogg.svenskakyrkan.se\/diakonibloggen\/files\/2018\/06\/skc3a4rmavbild-2018-06-26-kl-14-57-23.png\",\"contentUrl\":\"http:\/\/blogg.svenskakyrkan.se\/diakonibloggen\/files\/2018\/06\/skc3a4rmavbild-2018-06-26-kl-14-57-23.png\"},{\"@type\":\"BreadcrumbList\",\"@id\":\"https:\/\/blogg.svenskakyrkan.se\/diakonibloggen\/2018\/07\/09\/sommar-och-boklasning-tro-for-att-leva\/#breadcrumb\",\"itemListElement\":[{\"@type\":\"ListItem\",\"position\":1,\"name\":\"Hem\",\"item\":\"https:\/\/blogg.svenskakyrkan.se\/diakonibloggen\/\"},{\"@type\":\"ListItem\",\"position\":2,\"name\":\"Sommar och bokl\u00e4sning &#8211; Tro f\u00f6r att leva\"}]},{\"@type\":\"WebSite\",\"@id\":\"https:\/\/blogg.svenskakyrkan.se\/diakonibloggen\/#website\",\"url\":\"https:\/\/blogg.svenskakyrkan.se\/diakonibloggen\/\",\"name\":\"Diakonibloggen\",\"description\":\"Vi lyfter fram, hyllar, diskuterar och inspirerar till diakonalt arbete inom och utanf\u00f6r Svenska kyrkans ramar.\",\"potentialAction\":[{\"@type\":\"SearchAction\",\"target\":{\"@type\":\"EntryPoint\",\"urlTemplate\":\"https:\/\/blogg.svenskakyrkan.se\/diakonibloggen\/?s={search_term_string}\"},\"query-input\":{\"@type\":\"PropertyValueSpecification\",\"valueRequired\":true,\"valueName\":\"search_term_string\"}}],\"inLanguage\":\"sv-SE\"},{\"@type\":\"Person\",\"@id\":\"https:\/\/blogg.svenskakyrkan.se\/diakonibloggen\/#\/schema\/person\/8f6a6fe8efab23c141c7e274fec6405f\",\"name\":\"diakonibloggen\",\"image\":{\"@type\":\"ImageObject\",\"inLanguage\":\"sv-SE\",\"@id\":\"https:\/\/blogg.svenskakyrkan.se\/diakonibloggen\/#\/schema\/person\/image\/\",\"url\":\"https:\/\/secure.gravatar.com\/avatar\/95c0ca86fd13e3d8c1b7b7e9864c9a2ccb7b48c6f756a3b5447bcc13dd630488?s=96&d=mm&r=g\",\"contentUrl\":\"https:\/\/secure.gravatar.com\/avatar\/95c0ca86fd13e3d8c1b7b7e9864c9a2ccb7b48c6f756a3b5447bcc13dd630488?s=96&d=mm&r=g\",\"caption\":\"diakonibloggen\"},\"url\":\"https:\/\/blogg.svenskakyrkan.se\/diakonibloggen\/author\/diakonibloggen\/\"}]}<\/script>\n<!-- \/ Yoast SEO plugin. -->","yoast_head_json":{"title":"Sommar och bokl\u00e4sning - Tro f\u00f6r att leva - Diakonibloggen","robots":{"index":"index","follow":"follow","max-snippet":"max-snippet:-1","max-image-preview":"max-image-preview:large","max-video-preview":"max-video-preview:-1"},"canonical":"https:\/\/blogg.svenskakyrkan.se\/diakonibloggen\/2018\/07\/09\/sommar-och-boklasning-tro-for-att-leva\/","og_locale":"sv_SE","og_type":"article","og_title":"Sommar och bokl\u00e4sning - Tro f\u00f6r att leva - Diakonibloggen","og_description":"Varje sommar brukar vi p\u00e5 diakonibloggen.com tipsa om nya b\u00f6cker som ber\u00f6r det diakonala omr\u00e5det, s\u00e5 \u00e4ven i \u00e5r. F\u00f6lj med oss under sommaren och f\u00e5 boktips som du kan inspireras av. Tro f\u00f6r att leva av Hans-Erik Lindstr\u00f6m, Verbum 2018. Den barmh\u00e4rtige samariern, en v\u00e4ldigt k\u00e4nd och ibland n\u00e4stan uttjatad bibelber\u00e4ttelse. En ber\u00e4ttelse som [&hellip;]","og_url":"https:\/\/blogg.svenskakyrkan.se\/diakonibloggen\/2018\/07\/09\/sommar-och-boklasning-tro-for-att-leva\/","og_site_name":"Diakonibloggen","article_published_time":"2018-07-09T10:39:17+00:00","article_modified_time":"2020-12-17T15:16:28+00:00","og_image":[{"url":"http:\/\/blogg.svenskakyrkan.se\/diakonibloggen\/files\/2018\/06\/skc3a4rmavbild-2018-06-26-kl-14-57-23.png","type":"","width":"","height":""}],"author":"diakonibloggen","twitter_card":"summary_large_image","twitter_misc":{"Skriven av":"diakonibloggen","Ber\u00e4knad l\u00e4stid":"2 minuter"},"schema":{"@context":"https:\/\/schema.org","@graph":[{"@type":"Article","@id":"https:\/\/blogg.svenskakyrkan.se\/diakonibloggen\/2018\/07\/09\/sommar-och-boklasning-tro-for-att-leva\/#article","isPartOf":{"@id":"https:\/\/blogg.svenskakyrkan.se\/diakonibloggen\/2018\/07\/09\/sommar-och-boklasning-tro-for-att-leva\/"},"author":{"name":"diakonibloggen","@id":"https:\/\/blogg.svenskakyrkan.se\/diakonibloggen\/#\/schema\/person\/8f6a6fe8efab23c141c7e274fec6405f"},"headline":"Sommar och bokl\u00e4sning &#8211; Tro f\u00f6r att leva","datePublished":"2018-07-09T10:39:17+00:00","dateModified":"2020-12-17T15:16:28+00:00","mainEntityOfPage":{"@id":"https:\/\/blogg.svenskakyrkan.se\/diakonibloggen\/2018\/07\/09\/sommar-och-boklasning-tro-for-att-leva\/"},"wordCount":482,"commentCount":0,"image":{"@id":"https:\/\/blogg.svenskakyrkan.se\/diakonibloggen\/2018\/07\/09\/sommar-och-boklasning-tro-for-att-leva\/#primaryimage"},"thumbnailUrl":"http:\/\/blogg.svenskakyrkan.se\/diakonibloggen\/files\/2018\/06\/skc3a4rmavbild-2018-06-26-kl-14-57-23.png","keywords":["den barmh\u00e4rtige samariern","Hans-Erik Lindstr\u00f6m","Tro f\u00f6r att leva","Verbum"],"articleSection":["Bokrecension"],"inLanguage":"sv-SE","potentialAction":[{"@type":"CommentAction","name":"Comment","target":["https:\/\/blogg.svenskakyrkan.se\/diakonibloggen\/2018\/07\/09\/sommar-och-boklasning-tro-for-att-leva\/#respond"]}]},{"@type":"WebPage","@id":"https:\/\/blogg.svenskakyrkan.se\/diakonibloggen\/2018\/07\/09\/sommar-och-boklasning-tro-for-att-leva\/","url":"https:\/\/blogg.svenskakyrkan.se\/diakonibloggen\/2018\/07\/09\/sommar-och-boklasning-tro-for-att-leva\/","name":"Sommar och bokl\u00e4sning - Tro f\u00f6r att leva - Diakonibloggen","isPartOf":{"@id":"https:\/\/blogg.svenskakyrkan.se\/diakonibloggen\/#website"},"primaryImageOfPage":{"@id":"https:\/\/blogg.svenskakyrkan.se\/diakonibloggen\/2018\/07\/09\/sommar-och-boklasning-tro-for-att-leva\/#primaryimage"},"image":{"@id":"https:\/\/blogg.svenskakyrkan.se\/diakonibloggen\/2018\/07\/09\/sommar-och-boklasning-tro-for-att-leva\/#primaryimage"},"thumbnailUrl":"http:\/\/blogg.svenskakyrkan.se\/diakonibloggen\/files\/2018\/06\/skc3a4rmavbild-2018-06-26-kl-14-57-23.png","datePublished":"2018-07-09T10:39:17+00:00","dateModified":"2020-12-17T15:16:28+00:00","author":{"@id":"https:\/\/blogg.svenskakyrkan.se\/diakonibloggen\/#\/schema\/person\/8f6a6fe8efab23c141c7e274fec6405f"},"breadcrumb":{"@id":"https:\/\/blogg.svenskakyrkan.se\/diakonibloggen\/2018\/07\/09\/sommar-och-boklasning-tro-for-att-leva\/#breadcrumb"},"inLanguage":"sv-SE","potentialAction":[{"@type":"ReadAction","target":["https:\/\/blogg.svenskakyrkan.se\/diakonibloggen\/2018\/07\/09\/sommar-och-boklasning-tro-for-att-leva\/"]}]},{"@type":"ImageObject","inLanguage":"sv-SE","@id":"https:\/\/blogg.svenskakyrkan.se\/diakonibloggen\/2018\/07\/09\/sommar-och-boklasning-tro-for-att-leva\/#primaryimage","url":"http:\/\/blogg.svenskakyrkan.se\/diakonibloggen\/files\/2018\/06\/skc3a4rmavbild-2018-06-26-kl-14-57-23.png","contentUrl":"http:\/\/blogg.svenskakyrkan.se\/diakonibloggen\/files\/2018\/06\/skc3a4rmavbild-2018-06-26-kl-14-57-23.png"},{"@type":"BreadcrumbList","@id":"https:\/\/blogg.svenskakyrkan.se\/diakonibloggen\/2018\/07\/09\/sommar-och-boklasning-tro-for-att-leva\/#breadcrumb","itemListElement":[{"@type":"ListItem","position":1,"name":"Hem","item":"https:\/\/blogg.svenskakyrkan.se\/diakonibloggen\/"},{"@type":"ListItem","position":2,"name":"Sommar och bokl\u00e4sning &#8211; Tro f\u00f6r att leva"}]},{"@type":"WebSite","@id":"https:\/\/blogg.svenskakyrkan.se\/diakonibloggen\/#website","url":"https:\/\/blogg.svenskakyrkan.se\/diakonibloggen\/","name":"Diakonibloggen","description":"Vi lyfter fram, hyllar, diskuterar och inspirerar till diakonalt arbete inom och utanf\u00f6r Svenska kyrkans ramar.","potentialAction":[{"@type":"SearchAction","target":{"@type":"EntryPoint","urlTemplate":"https:\/\/blogg.svenskakyrkan.se\/diakonibloggen\/?s={search_term_string}"},"query-input":{"@type":"PropertyValueSpecification","valueRequired":true,"valueName":"search_term_string"}}],"inLanguage":"sv-SE"},{"@type":"Person","@id":"https:\/\/blogg.svenskakyrkan.se\/diakonibloggen\/#\/schema\/person\/8f6a6fe8efab23c141c7e274fec6405f","name":"diakonibloggen","image":{"@type":"ImageObject","inLanguage":"sv-SE","@id":"https:\/\/blogg.svenskakyrkan.se\/diakonibloggen\/#\/schema\/person\/image\/","url":"https:\/\/secure.gravatar.com\/avatar\/95c0ca86fd13e3d8c1b7b7e9864c9a2ccb7b48c6f756a3b5447bcc13dd630488?s=96&d=mm&r=g","contentUrl":"https:\/\/secure.gravatar.com\/avatar\/95c0ca86fd13e3d8c1b7b7e9864c9a2ccb7b48c6f756a3b5447bcc13dd630488?s=96&d=mm&r=g","caption":"diakonibloggen"},"url":"https:\/\/blogg.svenskakyrkan.se\/diakonibloggen\/author\/diakonibloggen\/"}]}},"author_meta":{"ID":"776","user_nicename":"diakonibloggen","user_registered":"2020-12-17 14:50:06","display_name":"diakonibloggen","avatar":"https:\/\/blogg.svenskakyrkan.se\/diakonibloggen\/files\/2021\/02\/Sk\u00e4rmavbild-2019-04-12-kl.-14.20.54-150x150.png"},"featured_image":false,"bloginfo":{"name":"Diakonibloggen","url":"https:\/\/blogg.svenskakyrkan.se\/diakonibloggen"},"_links":{"self":[{"href":"https:\/\/blogg.svenskakyrkan.se\/diakonibloggen\/wp-json\/wp\/v2\/posts\/6599","targetHints":{"allow":["GET"]}}],"collection":[{"href":"https:\/\/blogg.svenskakyrkan.se\/diakonibloggen\/wp-json\/wp\/v2\/posts"}],"about":[{"href":"https:\/\/blogg.svenskakyrkan.se\/diakonibloggen\/wp-json\/wp\/v2\/types\/post"}],"author":[{"embeddable":true,"href":"https:\/\/blogg.svenskakyrkan.se\/diakonibloggen\/wp-json\/wp\/v2\/users\/776"}],"replies":[{"embeddable":true,"href":"https:\/\/blogg.svenskakyrkan.se\/diakonibloggen\/wp-json\/wp\/v2\/comments?post=6599"}],"version-history":[{"count":1,"href":"https:\/\/blogg.svenskakyrkan.se\/diakonibloggen\/wp-json\/wp\/v2\/posts\/6599\/revisions"}],"predecessor-version":[{"id":8345,"href":"https:\/\/blogg.svenskakyrkan.se\/diakonibloggen\/wp-json\/wp\/v2\/posts\/6599\/revisions\/8345"}],"wp:attachment":[{"href":"https:\/\/blogg.svenskakyrkan.se\/diakonibloggen\/wp-json\/wp\/v2\/media?parent=6599"}],"wp:term":[{"taxonomy":"category","embeddable":true,"href":"https:\/\/blogg.svenskakyrkan.se\/diakonibloggen\/wp-json\/wp\/v2\/categories?post=6599"},{"taxonomy":"post_tag","embeddable":true,"href":"https:\/\/blogg.svenskakyrkan.se\/diakonibloggen\/wp-json\/wp\/v2\/tags?post=6599"}],"curies":[{"name":"wp","href":"https:\/\/api.w.org\/{rel}","templated":true}]}}