{"id":6613,"date":"2018-07-14T16:01:39","date_gmt":"2018-07-14T16:01:39","guid":{"rendered":"http:\/\/diakonibloggen.com\/?p=6613"},"modified":"2020-12-17T15:16:28","modified_gmt":"2020-12-17T15:16:28","slug":"sommar-tid-for-aterhamtning","status":"publish","type":"post","link":"https:\/\/blogg.svenskakyrkan.se\/diakonibloggen\/2018\/07\/14\/sommar-tid-for-aterhamtning\/","title":{"rendered":"Sommar &#8211; tid f\u00f6r \u00e5terh\u00e4mtning"},"content":{"rendered":"<p><a href=\"http:\/\/diakonibloggen.com\/2018\/07\/14\/sommar-tid-for-aterhamtning\/jvresamuel-48\/\" rel=\"attachment wp-att-6614\"><img loading=\"lazy\" decoding=\"async\" class=\"alignleft wp-image-6614 size-thumbnail\" src=\"http:\/\/blogg.svenskakyrkan.se\/diakonibloggen\/files\/2018\/07\/jc3a4vre20samuel-48.jpg?w=250\" alt=\"\" width=\"250\" height=\"167\" srcset=\"https:\/\/blogg.svenskakyrkan.se\/diakonibloggen\/files\/2018\/07\/jc3a4vre20samuel-48.jpg 1421w, https:\/\/blogg.svenskakyrkan.se\/diakonibloggen\/files\/2018\/07\/jc3a4vre20samuel-48-300x200.jpg 300w, https:\/\/blogg.svenskakyrkan.se\/diakonibloggen\/files\/2018\/07\/jc3a4vre20samuel-48-1024x683.jpg 1024w, https:\/\/blogg.svenskakyrkan.se\/diakonibloggen\/files\/2018\/07\/jc3a4vre20samuel-48-768x512.jpg 768w, https:\/\/blogg.svenskakyrkan.se\/diakonibloggen\/files\/2018\/07\/jc3a4vre20samuel-48-1200x801.jpg 1200w\" sizes=\"auto, (max-width: 250px) 100vw, 250px\" \/><\/a><\/p>\n<p>En sommarbetraktelse av Thomas Sj\u00f6berg:<\/p>\n<p>Just nu mognar bl\u00e5b\u00e4r och m\u00e5nga andra frukter och b\u00e4r i v\u00e5rt land. Det \u00e4r en fin tid f\u00f6r de flesta av oss. Vi kan njuta av frukost med en tallrik jordgubbar eller bl\u00e5b\u00e4r\u2026<\/p>\n<p>Det \u00e4r sommar och m\u00e5nga njuter av ledighet och varma dagar vid sk\u00f6na platser. Vi beh\u00f6ver perioder av \u00e5terh\u00e4mtning och vila, stunder d\u00e5 vi kan hitta balansen i livet mellan allt g\u00f6rande och v\u00e5rt behov av att bara vara.<\/p>\n<p>Det \u00e4r en n\u00e5d att kunna stanna upp och f\u00f6rundras \u00f6ver sk\u00f6nhet och naturens v\u00e4xlingar, att sl\u00e4ppa taget om alla m\u00e5sten och bara vara en stund i nuet.<\/p>\n<p>Visst finns det mycket att g\u00f6ra och ta hand om. Men det \u00e4r v\u00e4rt mycket att kunna vara en stund i kravl\u00f6shet och vila. Att andas ut alla m\u00e5sten och andas in liv, lust, nytt syre f\u00f6r v\u00e5r sj\u00e4l.<\/p>\n<p>V\u00e5ra sinnen finns d\u00e4r f\u00f6r att hj\u00e4lpa oss att uppt\u00e4cka v\u00e4rlden.<\/p>\n<p><a href=\"http:\/\/diakonibloggen.com\/2018\/07\/14\/sommar-tid-for-aterhamtning\/jvrejuli2012294\/\" rel=\"attachment wp-att-6615\"><img loading=\"lazy\" decoding=\"async\" class=\"alignleft wp-image-6615 size-thumbnail\" src=\"http:\/\/blogg.svenskakyrkan.se\/diakonibloggen\/files\/2018\/07\/jc3a4vre20juli20201220294.jpg?w=250\" alt=\"\" width=\"250\" height=\"166\" srcset=\"https:\/\/blogg.svenskakyrkan.se\/diakonibloggen\/files\/2018\/07\/jc3a4vre20juli20201220294.jpg 1352w, https:\/\/blogg.svenskakyrkan.se\/diakonibloggen\/files\/2018\/07\/jc3a4vre20juli20201220294-300x199.jpg 300w, https:\/\/blogg.svenskakyrkan.se\/diakonibloggen\/files\/2018\/07\/jc3a4vre20juli20201220294-1024x680.jpg 1024w, https:\/\/blogg.svenskakyrkan.se\/diakonibloggen\/files\/2018\/07\/jc3a4vre20juli20201220294-768x510.jpg 768w, https:\/\/blogg.svenskakyrkan.se\/diakonibloggen\/files\/2018\/07\/jc3a4vre20juli20201220294-1200x797.jpg 1200w\" sizes=\"auto, (max-width: 250px) 100vw, 250px\" \/><\/a>Se sk\u00f6nheten i svalans flykt,<br \/>\nlyssna p\u00e5 vindens sus i l\u00f6ven,<br \/>\nk\u00e4nn vattnet som porlar i b\u00e4cken,<br \/>\nl\u00e5t doften fr\u00e5n havet f\u00f6ra dig l\u00e5ngt bort.<br \/>\nSmaka p\u00e5 smultronen vid v\u00e4gkanten.<br \/>\nF\u00f6rundras \u00f6ver att livet f\u00f6rnyas och ger oss en ny sommar igen.<br \/>\nAtt ta sig tid att reflektera och t\u00e4nka en stund omkring sitt eget liv, h\u00f6r ocks\u00e5 sommaren till.<\/p>\n<p>Hur har jag det egentligen? Vad \u00e4r det som \u00e4r gott och k\u00e4nns bra? Vad \u00e4r det som skaver och tar min gl\u00e4dje ifr\u00e5n mig? Har jag och mitt sammanhang m\u00f6jlighet till f\u00f6r\u00e4ndring?<\/p>\n<p>Finns det n\u00e5got jag l\u00e4ngtar efter och vill ha mer av?<br \/>\nN\u00e4r vi kommer i kontakt med det som \u00e4r viktigt f\u00f6r oss kan det ocks\u00e5 v\u00e4cka ett vemod inom oss, en oro f\u00f6r att livet g\u00e5r s\u00e5 fort, att det \u00e4r sv\u00e5rt att leva det liv vi vill.<\/p>\n<p>Dock kan ett litet steg \u00e5t det h\u00e5ll vi \u00f6nskar leda oss r\u00e4tt. Alla resor b\u00f6rjar med ett steg. Ibland kan det vara sv\u00e5rt att uppleva gl\u00e4dje och hopp trots semester och fina omst\u00e4ndigheter. Sikten skyms av oro av olika slag. I f\u00f6rgrunden kan f\u00f6rluster och konflikter g\u00f6ra nuet sv\u00e5rt att uth\u00e4rda. I gemenskapen med andra m\u00e4nniskor kan oron och lidandet mildras. I ensamhet och isolering blir det sv\u00e5rare att hitta ny kraft och hopp f\u00f6r framtiden. Vi beh\u00f6ver v\u00e4nner, gemenskap och nya perspektiv f\u00f6r att hitta v\u00e5r v\u00e4g.<\/p>\n<p>I v\u00e5r gemenskap med Gud har vi ocks\u00e5 en v\u00e4n som vi f\u00e5r tala med i v\u00e5r b\u00f6n, i Bibelns persongalleri finns b\u00e5de positiva och negativa f\u00f6rebilder som vi kan relatera till.<\/p>\n<p>\u00c4mbetsmannen Nikodemus kom till Jesus om natten f\u00f6r att samtala. Deras samtal nattetid i skydd av m\u00f6rkret och stillheten kan vara en f\u00f6rebild f\u00f6r oss. Vem vill du sitta ner med och samtala om livets viktigheter i sommar? Det \u00e4r inte alltid vi hittar svaren men vi beh\u00f6ver alla det f\u00f6rtroliga samtalet och leken med orden och begreppen f\u00f6r att hitta v\u00e5r egen \u00f6nskan och riktning i livet.<\/p>\n<p>Jag tror ocks\u00e5 p\u00e5 naturens helande kraft. Att vi i kontakt med naturen, Guds stora katedral, kan \u00e5terh\u00e4mta oss och hitta balansen i v\u00e5ra liv. Tack Gud f\u00f6r sommaren, l\u00e5t den f\u00e5 bli till v\u00e4lsignelse f\u00f6r oss alla.<\/p>\n<p><em>Ljus \u00e4r sommarnatten innan dagen b\u00f6rjar,<\/em><br \/>\n<em>v\u00e5r dag tillsammans<\/em><br \/>\n<em>Denna dag ett liv,<\/em><br \/>\n<em>en skapelsedag<\/em><br \/>\n<em>d\u00e5 evigheten genomlyser nuet.<\/em><\/p>\n<p><em>H\u00e4r i v\u00e5r mitt \u00e4r du<\/em><br \/>\n<em>som evigt \u00e4r<\/em><br \/>\n<em>som alla v\u00e4rldar utg\u00e5r fr\u00e5n<\/em><br \/>\n<em>och \u00e5terv\u00e4nder till.<\/em><\/p>\n<p><em>I allt som sker \u00e4r du n\u00e4ra,<\/em><br \/>\n<em>du \u00e4r den du \u00e4r,<\/em><br \/>\n<em>den k\u00e4rlek som b\u00e4r genom oro och l\u00e4ngtan.<\/em><br \/>\n<em>I dig v\u00e5ra r\u00f6tter,<\/em><br \/>\n<em>v\u00e5r k\u00e4lla till gl\u00e4dje<\/em><br \/>\n<em>och alla v\u00e5ra k\u00e4llor,<\/em><br \/>\n<em>v\u00e5r frihet.<br \/>\n<\/em>(Margareta Melin)<\/p>\n<p>Thomas Sj\u00f6berg, sjukhuspr\u00e4st J\u00f6nk\u00f6ping<\/p>\n","protected":false},"excerpt":{"rendered":"<p>En sommarbetraktelse av Thomas Sj\u00f6berg: Just nu mognar bl\u00e5b\u00e4r och m\u00e5nga andra frukter och b\u00e4r i v\u00e5rt land. Det \u00e4r en fin tid f\u00f6r de flesta av oss. Vi kan njuta av frukost med en tallrik jordgubbar eller bl\u00e5b\u00e4r\u2026 Det \u00e4r sommar och m\u00e5nga njuter av ledighet och varma dagar vid sk\u00f6na platser. Vi beh\u00f6ver [&hellip;]<\/p>\n","protected":false},"author":776,"featured_media":0,"comment_status":"open","ping_status":"open","sticky":false,"template":"","format":"standard","meta":{"_acf_changed":false,"footnotes":""},"categories":[23301,23309,23314],"tags":[23552,24515,24900],"class_list":["post-6613","post","type-post","status-publish","format-standard","hentry","category-diakonalt-arbete","category-existentiell-halsa","category-hopp","tag-aterhamtning","tag-margareta-melin","tag-sjukhusprast-thomas-sjoberg"],"acf":[],"yoast_head":"<!-- This site is optimized with the Yoast SEO plugin v27.1.1 - https:\/\/yoast.com\/product\/yoast-seo-wordpress\/ -->\n<title>Sommar - tid f\u00f6r \u00e5terh\u00e4mtning - Diakonibloggen<\/title>\n<meta name=\"robots\" content=\"index, follow, max-snippet:-1, max-image-preview:large, max-video-preview:-1\" \/>\n<link rel=\"canonical\" href=\"https:\/\/blogg.svenskakyrkan.se\/diakonibloggen\/2018\/07\/14\/sommar-tid-for-aterhamtning\/\" \/>\n<meta property=\"og:locale\" content=\"sv_SE\" \/>\n<meta property=\"og:type\" content=\"article\" \/>\n<meta property=\"og:title\" content=\"Sommar - tid f\u00f6r \u00e5terh\u00e4mtning - Diakonibloggen\" \/>\n<meta property=\"og:description\" content=\"En sommarbetraktelse av Thomas Sj\u00f6berg: Just nu mognar bl\u00e5b\u00e4r och m\u00e5nga andra frukter och b\u00e4r i v\u00e5rt land. Det \u00e4r en fin tid f\u00f6r de flesta av oss. Vi kan njuta av frukost med en tallrik jordgubbar eller bl\u00e5b\u00e4r\u2026 Det \u00e4r sommar och m\u00e5nga njuter av ledighet och varma dagar vid sk\u00f6na platser. Vi beh\u00f6ver [&hellip;]\" \/>\n<meta property=\"og:url\" content=\"https:\/\/blogg.svenskakyrkan.se\/diakonibloggen\/2018\/07\/14\/sommar-tid-for-aterhamtning\/\" \/>\n<meta property=\"og:site_name\" content=\"Diakonibloggen\" \/>\n<meta property=\"article:published_time\" content=\"2018-07-14T16:01:39+00:00\" \/>\n<meta property=\"article:modified_time\" content=\"2020-12-17T15:16:28+00:00\" \/>\n<meta property=\"og:image\" content=\"http:\/\/blogg.svenskakyrkan.se\/diakonibloggen\/files\/2018\/07\/jc3a4vre20samuel-48.jpg?w=250\" \/>\n<meta name=\"author\" content=\"diakonibloggen\" \/>\n<meta name=\"twitter:card\" content=\"summary_large_image\" \/>\n<meta name=\"twitter:label1\" content=\"Skriven av\" \/>\n\t<meta name=\"twitter:data1\" content=\"diakonibloggen\" \/>\n\t<meta name=\"twitter:label2\" content=\"Ber\u00e4knad l\u00e4stid\" \/>\n\t<meta name=\"twitter:data2\" content=\"4 minuter\" \/>\n<script type=\"application\/ld+json\" class=\"yoast-schema-graph\">{\"@context\":\"https:\/\/schema.org\",\"@graph\":[{\"@type\":\"Article\",\"@id\":\"https:\/\/blogg.svenskakyrkan.se\/diakonibloggen\/2018\/07\/14\/sommar-tid-for-aterhamtning\/#article\",\"isPartOf\":{\"@id\":\"https:\/\/blogg.svenskakyrkan.se\/diakonibloggen\/2018\/07\/14\/sommar-tid-for-aterhamtning\/\"},\"author\":{\"name\":\"diakonibloggen\",\"@id\":\"https:\/\/blogg.svenskakyrkan.se\/diakonibloggen\/#\/schema\/person\/8f6a6fe8efab23c141c7e274fec6405f\"},\"headline\":\"Sommar &#8211; tid f\u00f6r \u00e5terh\u00e4mtning\",\"datePublished\":\"2018-07-14T16:01:39+00:00\",\"dateModified\":\"2020-12-17T15:16:28+00:00\",\"mainEntityOfPage\":{\"@id\":\"https:\/\/blogg.svenskakyrkan.se\/diakonibloggen\/2018\/07\/14\/sommar-tid-for-aterhamtning\/\"},\"wordCount\":733,\"commentCount\":0,\"image\":{\"@id\":\"https:\/\/blogg.svenskakyrkan.se\/diakonibloggen\/2018\/07\/14\/sommar-tid-for-aterhamtning\/#primaryimage\"},\"thumbnailUrl\":\"http:\/\/blogg.svenskakyrkan.se\/diakonibloggen\/files\/2018\/07\/jc3a4vre20samuel-48.jpg?w=250\",\"keywords\":[\"\u00e5terh\u00e4mtning\",\"Margareta Melin\",\"sjukhuspr\u00e4st Thomas Sj\u00f6berg\"],\"articleSection\":[\"Diakonalt arbete\",\"existentiell h\u00e4lsa\",\"Hopp\"],\"inLanguage\":\"sv-SE\",\"potentialAction\":[{\"@type\":\"CommentAction\",\"name\":\"Comment\",\"target\":[\"https:\/\/blogg.svenskakyrkan.se\/diakonibloggen\/2018\/07\/14\/sommar-tid-for-aterhamtning\/#respond\"]}]},{\"@type\":\"WebPage\",\"@id\":\"https:\/\/blogg.svenskakyrkan.se\/diakonibloggen\/2018\/07\/14\/sommar-tid-for-aterhamtning\/\",\"url\":\"https:\/\/blogg.svenskakyrkan.se\/diakonibloggen\/2018\/07\/14\/sommar-tid-for-aterhamtning\/\",\"name\":\"Sommar - tid f\u00f6r \u00e5terh\u00e4mtning - Diakonibloggen\",\"isPartOf\":{\"@id\":\"https:\/\/blogg.svenskakyrkan.se\/diakonibloggen\/#website\"},\"primaryImageOfPage\":{\"@id\":\"https:\/\/blogg.svenskakyrkan.se\/diakonibloggen\/2018\/07\/14\/sommar-tid-for-aterhamtning\/#primaryimage\"},\"image\":{\"@id\":\"https:\/\/blogg.svenskakyrkan.se\/diakonibloggen\/2018\/07\/14\/sommar-tid-for-aterhamtning\/#primaryimage\"},\"thumbnailUrl\":\"http:\/\/blogg.svenskakyrkan.se\/diakonibloggen\/files\/2018\/07\/jc3a4vre20samuel-48.jpg?w=250\",\"datePublished\":\"2018-07-14T16:01:39+00:00\",\"dateModified\":\"2020-12-17T15:16:28+00:00\",\"author\":{\"@id\":\"https:\/\/blogg.svenskakyrkan.se\/diakonibloggen\/#\/schema\/person\/8f6a6fe8efab23c141c7e274fec6405f\"},\"breadcrumb\":{\"@id\":\"https:\/\/blogg.svenskakyrkan.se\/diakonibloggen\/2018\/07\/14\/sommar-tid-for-aterhamtning\/#breadcrumb\"},\"inLanguage\":\"sv-SE\",\"potentialAction\":[{\"@type\":\"ReadAction\",\"target\":[\"https:\/\/blogg.svenskakyrkan.se\/diakonibloggen\/2018\/07\/14\/sommar-tid-for-aterhamtning\/\"]}]},{\"@type\":\"ImageObject\",\"inLanguage\":\"sv-SE\",\"@id\":\"https:\/\/blogg.svenskakyrkan.se\/diakonibloggen\/2018\/07\/14\/sommar-tid-for-aterhamtning\/#primaryimage\",\"url\":\"http:\/\/blogg.svenskakyrkan.se\/diakonibloggen\/files\/2018\/07\/jc3a4vre20samuel-48.jpg?w=250\",\"contentUrl\":\"http:\/\/blogg.svenskakyrkan.se\/diakonibloggen\/files\/2018\/07\/jc3a4vre20samuel-48.jpg?w=250\"},{\"@type\":\"BreadcrumbList\",\"@id\":\"https:\/\/blogg.svenskakyrkan.se\/diakonibloggen\/2018\/07\/14\/sommar-tid-for-aterhamtning\/#breadcrumb\",\"itemListElement\":[{\"@type\":\"ListItem\",\"position\":1,\"name\":\"Hem\",\"item\":\"https:\/\/blogg.svenskakyrkan.se\/diakonibloggen\/\"},{\"@type\":\"ListItem\",\"position\":2,\"name\":\"Sommar &#8211; tid f\u00f6r \u00e5terh\u00e4mtning\"}]},{\"@type\":\"WebSite\",\"@id\":\"https:\/\/blogg.svenskakyrkan.se\/diakonibloggen\/#website\",\"url\":\"https:\/\/blogg.svenskakyrkan.se\/diakonibloggen\/\",\"name\":\"Diakonibloggen\",\"description\":\"Vi lyfter fram, hyllar, diskuterar och inspirerar till diakonalt arbete inom och utanf\u00f6r Svenska kyrkans ramar.\",\"potentialAction\":[{\"@type\":\"SearchAction\",\"target\":{\"@type\":\"EntryPoint\",\"urlTemplate\":\"https:\/\/blogg.svenskakyrkan.se\/diakonibloggen\/?s={search_term_string}\"},\"query-input\":{\"@type\":\"PropertyValueSpecification\",\"valueRequired\":true,\"valueName\":\"search_term_string\"}}],\"inLanguage\":\"sv-SE\"},{\"@type\":\"Person\",\"@id\":\"https:\/\/blogg.svenskakyrkan.se\/diakonibloggen\/#\/schema\/person\/8f6a6fe8efab23c141c7e274fec6405f\",\"name\":\"diakonibloggen\",\"image\":{\"@type\":\"ImageObject\",\"inLanguage\":\"sv-SE\",\"@id\":\"https:\/\/blogg.svenskakyrkan.se\/diakonibloggen\/#\/schema\/person\/image\/\",\"url\":\"https:\/\/secure.gravatar.com\/avatar\/95c0ca86fd13e3d8c1b7b7e9864c9a2ccb7b48c6f756a3b5447bcc13dd630488?s=96&d=mm&r=g\",\"contentUrl\":\"https:\/\/secure.gravatar.com\/avatar\/95c0ca86fd13e3d8c1b7b7e9864c9a2ccb7b48c6f756a3b5447bcc13dd630488?s=96&d=mm&r=g\",\"caption\":\"diakonibloggen\"},\"url\":\"https:\/\/blogg.svenskakyrkan.se\/diakonibloggen\/author\/diakonibloggen\/\"}]}<\/script>\n<!-- \/ Yoast SEO plugin. -->","yoast_head_json":{"title":"Sommar - tid f\u00f6r \u00e5terh\u00e4mtning - Diakonibloggen","robots":{"index":"index","follow":"follow","max-snippet":"max-snippet:-1","max-image-preview":"max-image-preview:large","max-video-preview":"max-video-preview:-1"},"canonical":"https:\/\/blogg.svenskakyrkan.se\/diakonibloggen\/2018\/07\/14\/sommar-tid-for-aterhamtning\/","og_locale":"sv_SE","og_type":"article","og_title":"Sommar - tid f\u00f6r \u00e5terh\u00e4mtning - Diakonibloggen","og_description":"En sommarbetraktelse av Thomas Sj\u00f6berg: Just nu mognar bl\u00e5b\u00e4r och m\u00e5nga andra frukter och b\u00e4r i v\u00e5rt land. Det \u00e4r en fin tid f\u00f6r de flesta av oss. Vi kan njuta av frukost med en tallrik jordgubbar eller bl\u00e5b\u00e4r\u2026 Det \u00e4r sommar och m\u00e5nga njuter av ledighet och varma dagar vid sk\u00f6na platser. Vi beh\u00f6ver [&hellip;]","og_url":"https:\/\/blogg.svenskakyrkan.se\/diakonibloggen\/2018\/07\/14\/sommar-tid-for-aterhamtning\/","og_site_name":"Diakonibloggen","article_published_time":"2018-07-14T16:01:39+00:00","article_modified_time":"2020-12-17T15:16:28+00:00","og_image":[{"url":"http:\/\/blogg.svenskakyrkan.se\/diakonibloggen\/files\/2018\/07\/jc3a4vre20samuel-48.jpg?w=250","type":"","width":"","height":""}],"author":"diakonibloggen","twitter_card":"summary_large_image","twitter_misc":{"Skriven av":"diakonibloggen","Ber\u00e4knad l\u00e4stid":"4 minuter"},"schema":{"@context":"https:\/\/schema.org","@graph":[{"@type":"Article","@id":"https:\/\/blogg.svenskakyrkan.se\/diakonibloggen\/2018\/07\/14\/sommar-tid-for-aterhamtning\/#article","isPartOf":{"@id":"https:\/\/blogg.svenskakyrkan.se\/diakonibloggen\/2018\/07\/14\/sommar-tid-for-aterhamtning\/"},"author":{"name":"diakonibloggen","@id":"https:\/\/blogg.svenskakyrkan.se\/diakonibloggen\/#\/schema\/person\/8f6a6fe8efab23c141c7e274fec6405f"},"headline":"Sommar &#8211; tid f\u00f6r \u00e5terh\u00e4mtning","datePublished":"2018-07-14T16:01:39+00:00","dateModified":"2020-12-17T15:16:28+00:00","mainEntityOfPage":{"@id":"https:\/\/blogg.svenskakyrkan.se\/diakonibloggen\/2018\/07\/14\/sommar-tid-for-aterhamtning\/"},"wordCount":733,"commentCount":0,"image":{"@id":"https:\/\/blogg.svenskakyrkan.se\/diakonibloggen\/2018\/07\/14\/sommar-tid-for-aterhamtning\/#primaryimage"},"thumbnailUrl":"http:\/\/blogg.svenskakyrkan.se\/diakonibloggen\/files\/2018\/07\/jc3a4vre20samuel-48.jpg?w=250","keywords":["\u00e5terh\u00e4mtning","Margareta Melin","sjukhuspr\u00e4st Thomas Sj\u00f6berg"],"articleSection":["Diakonalt arbete","existentiell h\u00e4lsa","Hopp"],"inLanguage":"sv-SE","potentialAction":[{"@type":"CommentAction","name":"Comment","target":["https:\/\/blogg.svenskakyrkan.se\/diakonibloggen\/2018\/07\/14\/sommar-tid-for-aterhamtning\/#respond"]}]},{"@type":"WebPage","@id":"https:\/\/blogg.svenskakyrkan.se\/diakonibloggen\/2018\/07\/14\/sommar-tid-for-aterhamtning\/","url":"https:\/\/blogg.svenskakyrkan.se\/diakonibloggen\/2018\/07\/14\/sommar-tid-for-aterhamtning\/","name":"Sommar - tid f\u00f6r \u00e5terh\u00e4mtning - Diakonibloggen","isPartOf":{"@id":"https:\/\/blogg.svenskakyrkan.se\/diakonibloggen\/#website"},"primaryImageOfPage":{"@id":"https:\/\/blogg.svenskakyrkan.se\/diakonibloggen\/2018\/07\/14\/sommar-tid-for-aterhamtning\/#primaryimage"},"image":{"@id":"https:\/\/blogg.svenskakyrkan.se\/diakonibloggen\/2018\/07\/14\/sommar-tid-for-aterhamtning\/#primaryimage"},"thumbnailUrl":"http:\/\/blogg.svenskakyrkan.se\/diakonibloggen\/files\/2018\/07\/jc3a4vre20samuel-48.jpg?w=250","datePublished":"2018-07-14T16:01:39+00:00","dateModified":"2020-12-17T15:16:28+00:00","author":{"@id":"https:\/\/blogg.svenskakyrkan.se\/diakonibloggen\/#\/schema\/person\/8f6a6fe8efab23c141c7e274fec6405f"},"breadcrumb":{"@id":"https:\/\/blogg.svenskakyrkan.se\/diakonibloggen\/2018\/07\/14\/sommar-tid-for-aterhamtning\/#breadcrumb"},"inLanguage":"sv-SE","potentialAction":[{"@type":"ReadAction","target":["https:\/\/blogg.svenskakyrkan.se\/diakonibloggen\/2018\/07\/14\/sommar-tid-for-aterhamtning\/"]}]},{"@type":"ImageObject","inLanguage":"sv-SE","@id":"https:\/\/blogg.svenskakyrkan.se\/diakonibloggen\/2018\/07\/14\/sommar-tid-for-aterhamtning\/#primaryimage","url":"http:\/\/blogg.svenskakyrkan.se\/diakonibloggen\/files\/2018\/07\/jc3a4vre20samuel-48.jpg?w=250","contentUrl":"http:\/\/blogg.svenskakyrkan.se\/diakonibloggen\/files\/2018\/07\/jc3a4vre20samuel-48.jpg?w=250"},{"@type":"BreadcrumbList","@id":"https:\/\/blogg.svenskakyrkan.se\/diakonibloggen\/2018\/07\/14\/sommar-tid-for-aterhamtning\/#breadcrumb","itemListElement":[{"@type":"ListItem","position":1,"name":"Hem","item":"https:\/\/blogg.svenskakyrkan.se\/diakonibloggen\/"},{"@type":"ListItem","position":2,"name":"Sommar &#8211; tid f\u00f6r \u00e5terh\u00e4mtning"}]},{"@type":"WebSite","@id":"https:\/\/blogg.svenskakyrkan.se\/diakonibloggen\/#website","url":"https:\/\/blogg.svenskakyrkan.se\/diakonibloggen\/","name":"Diakonibloggen","description":"Vi lyfter fram, hyllar, diskuterar och inspirerar till diakonalt arbete inom och utanf\u00f6r Svenska kyrkans ramar.","potentialAction":[{"@type":"SearchAction","target":{"@type":"EntryPoint","urlTemplate":"https:\/\/blogg.svenskakyrkan.se\/diakonibloggen\/?s={search_term_string}"},"query-input":{"@type":"PropertyValueSpecification","valueRequired":true,"valueName":"search_term_string"}}],"inLanguage":"sv-SE"},{"@type":"Person","@id":"https:\/\/blogg.svenskakyrkan.se\/diakonibloggen\/#\/schema\/person\/8f6a6fe8efab23c141c7e274fec6405f","name":"diakonibloggen","image":{"@type":"ImageObject","inLanguage":"sv-SE","@id":"https:\/\/blogg.svenskakyrkan.se\/diakonibloggen\/#\/schema\/person\/image\/","url":"https:\/\/secure.gravatar.com\/avatar\/95c0ca86fd13e3d8c1b7b7e9864c9a2ccb7b48c6f756a3b5447bcc13dd630488?s=96&d=mm&r=g","contentUrl":"https:\/\/secure.gravatar.com\/avatar\/95c0ca86fd13e3d8c1b7b7e9864c9a2ccb7b48c6f756a3b5447bcc13dd630488?s=96&d=mm&r=g","caption":"diakonibloggen"},"url":"https:\/\/blogg.svenskakyrkan.se\/diakonibloggen\/author\/diakonibloggen\/"}]}},"author_meta":{"ID":"776","user_nicename":"diakonibloggen","user_registered":"2020-12-17 14:50:06","display_name":"diakonibloggen","avatar":"https:\/\/blogg.svenskakyrkan.se\/diakonibloggen\/files\/2021\/02\/Sk\u00e4rmavbild-2019-04-12-kl.-14.20.54-150x150.png"},"featured_image":false,"bloginfo":{"name":"Diakonibloggen","url":"https:\/\/blogg.svenskakyrkan.se\/diakonibloggen"},"_links":{"self":[{"href":"https:\/\/blogg.svenskakyrkan.se\/diakonibloggen\/wp-json\/wp\/v2\/posts\/6613","targetHints":{"allow":["GET"]}}],"collection":[{"href":"https:\/\/blogg.svenskakyrkan.se\/diakonibloggen\/wp-json\/wp\/v2\/posts"}],"about":[{"href":"https:\/\/blogg.svenskakyrkan.se\/diakonibloggen\/wp-json\/wp\/v2\/types\/post"}],"author":[{"embeddable":true,"href":"https:\/\/blogg.svenskakyrkan.se\/diakonibloggen\/wp-json\/wp\/v2\/users\/776"}],"replies":[{"embeddable":true,"href":"https:\/\/blogg.svenskakyrkan.se\/diakonibloggen\/wp-json\/wp\/v2\/comments?post=6613"}],"version-history":[{"count":1,"href":"https:\/\/blogg.svenskakyrkan.se\/diakonibloggen\/wp-json\/wp\/v2\/posts\/6613\/revisions"}],"predecessor-version":[{"id":8344,"href":"https:\/\/blogg.svenskakyrkan.se\/diakonibloggen\/wp-json\/wp\/v2\/posts\/6613\/revisions\/8344"}],"wp:attachment":[{"href":"https:\/\/blogg.svenskakyrkan.se\/diakonibloggen\/wp-json\/wp\/v2\/media?parent=6613"}],"wp:term":[{"taxonomy":"category","embeddable":true,"href":"https:\/\/blogg.svenskakyrkan.se\/diakonibloggen\/wp-json\/wp\/v2\/categories?post=6613"},{"taxonomy":"post_tag","embeddable":true,"href":"https:\/\/blogg.svenskakyrkan.se\/diakonibloggen\/wp-json\/wp\/v2\/tags?post=6613"}],"curies":[{"name":"wp","href":"https:\/\/api.w.org\/{rel}","templated":true}]}}