{"id":6641,"date":"2018-08-12T14:43:39","date_gmt":"2018-08-12T14:43:39","guid":{"rendered":"http:\/\/diakonibloggen.com\/?p=6641"},"modified":"2020-12-17T15:16:28","modified_gmt":"2020-12-17T15:16:28","slug":"sommar-och-boklasning-ett-annat-rike","status":"publish","type":"post","link":"https:\/\/blogg.svenskakyrkan.se\/diakonibloggen\/2018\/08\/12\/sommar-och-boklasning-ett-annat-rike\/","title":{"rendered":"Sommar och bokl\u00e4sning &#8211; Ett annat rike"},"content":{"rendered":"<p>Varje sommar brukar vi p\u00e5 diakonibloggen.com tipsa om nya b\u00f6cker som ber\u00f6r det diakonala omr\u00e5det, s\u00e5 \u00e4ven i \u00e5r. F\u00f6lj med oss under sommaren och f\u00e5 boktips som du kan inspireras av.<br \/>\nTack alla som delat tid och tankar och recenserat b\u00f6cker!<\/p>\n<p><strong><a href=\"https:\/\/www.argument.se\/produkt\/andakt-bon-och-fordjupning\/ett-annat-rike\/\">Ett annat rike &#8211; ickev\u00e5ldets v\u00e4g i v\u00e5r tid.\u00a0<\/a><\/strong>av Annika Spalde, Argument F\u00f6rlag 2018.<\/p>\n<p><a href=\"http:\/\/diakonibloggen.com\/2018\/08\/12\/sommar-och-boklasning-ett-annat-rike\/skarmavbild-2018-08-09-kl-10-52-31\/\" rel=\"attachment wp-att-6642\"><img loading=\"lazy\" decoding=\"async\" class=\"alignleft size-full wp-image-6642\" src=\"http:\/\/blogg.svenskakyrkan.se\/diakonibloggen\/files\/2018\/08\/skc3a4rmavbild-2018-08-09-kl-10-52-31.png\" alt=\"\" width=\"211\" height=\"285\" \/><\/a>Jag l\u00e4ser boken tv\u00e5 g\u00e5nger. F\u00f6rsta g\u00e5ngen, i b\u00f6rjan av sommaren, l\u00e4ngtar jag efter konkreta s\u00e4tt att m\u00f6ta min omgivning, utan att sp\u00e4 p\u00e5 konflikter och mots\u00e4ttningar. Jag s\u00f6ker efter verktyg f\u00f6r civilt motst\u00e5nd som leder in p\u00e5 en fredlig v\u00e4g. N\u00e4r boken \u00e4r slut, k\u00e4nner jag mig besviken. Vad fick jag med mig? Jag minns komplicerade teologiska resonemang, som jag inte f\u00f6rstod s\u00e5 mycket av.<\/p>\n<p>Andra g\u00e5ngen har det blivit augusti. Jag ger boken en chans till. S\u00e5 ser jag meningen \u201d<em>Att utstr\u00e4cka sin medk\u00e4nsla ocks\u00e5 till dem man har sv\u00e5rt f\u00f6r, att ifr\u00e5gas\u00e4tta sina f\u00f6rdomar om andra grupper, det blir ett konkret s\u00e4tt att n\u00e4rma sig Gud, samtidigt som man praktiserar ickev\u00e5ld\u201d<\/em>.<\/p>\n<p>Boken ger en bild av v\u00e5ldet som en slags religion, det fr\u00e4lsande v\u00e5ldet mot de onda och om v\u00e5r l\u00e5nga historia som de facto har best\u00e5tt av fredliga samh\u00e4llen. Annika Spalde skriver om h\u00e4rskarsystem, h\u00e4r liksom p\u00e5 m\u00e5nga andra st\u00e4llen i boken starkt influerad av Walter Wink (amerikansk teolog, 1935\u20132012) i allt fr\u00e5n n\u00e4ra relationer till hur vissa nationer h\u00e4rskar \u00f6ver andra nationer.<\/p>\n<p>V\u00e5ldet i Bibeln som ofta kan g\u00f6ra mig uppgiven ber\u00f6rs. Spalde menar att v\u00e5ldet i Bibeln \u00e4r explicit eftersom det inte \u00e4r en mytisk bok &#8211; Bibeln beskriver verkligheten. Det \u00e4r naturligtvis v\u00e4ldigt uppr\u00f6rande, men \u00e4ndock sant. Dessutom hanteras syndabocksv\u00e5ldet, det vill s\u00e4ga att n\u00e5gon offras f\u00f6r att ta p\u00e5 sig skulden. N\u00e4r Jesus offras v\u00e4nder Gud p\u00e5 hela den h\u00e4r traditionen &#8211; det \u00e4r inte det onda som f\u00f6rsakas utan Gud sj\u00e4lv som d\u00f6das. D\u00e4rigenom visas att syndabocksv\u00e5ldet inte h\u00e5ller i l\u00e4ngden. Dessutom kommer inte Jesus tillbaka f\u00f6r att h\u00e4mnas. V\u00e5ldsspiralen \u00e4r bruten.<\/p>\n<p>Jesus protest mot dem med makt provocerade n\u00e5got oerh\u00f6rt, men varf\u00f6r? Jag associerar till Mahatma Gandhi och icke-v\u00e5ldsagernsfen. Det \u00e4r som att vi alla har l\u00e4rt oss att v\u00e5ld ska med v\u00e5ld hanteras, och n\u00e4r n\u00e5gon g\u00e5r ickev\u00e5ldets v\u00e4g blir f\u00f6rvirringen stor. Provokationen enorm.<\/p>\n<p>Avslutningsvis handlar boken om ett liv i korsets tecken. Vad inneb\u00e4r det att kristna idag har ett tortyrredskap som sin fr\u00e4msta symbol? P\u00e5 vilket s\u00e4tt har Jesus d\u00f6d tolkats som att Gud till\u00e5ter lidande, \u00e4ven f\u00f6r oss andra? F\u00f6rfattaren v\u00e4nder och vrider p\u00e5 den de olika teologiska tolkningarna av detta. Vad betyder ett liv i korsets tecken i praktiken? Spalde belyser olika perspektiv och som alltid b\u00f6rjar det hos oss sj\u00e4lva. Att bejaka sina egna m\u00f6rka sidor, att v\u00e4lja f\u00f6rl\u00e5telse och st\u00e4lla sig bredvid de offer som h\u00e4rskarsystemen skadar.<\/p>\n<p>S\u00e5 sl\u00e5r det mig att de praktiska verktygen har jag kanske redan med mig fr\u00e5n mitt uppdrag som f\u00f6rel\u00e4sare. Ist\u00e4llet blir g\u00e5van fr\u00e5n boken hur det teologiska ramverket f\u00f6r ickev\u00e5ld ser ut. Du kanske redan har de teologiska tankarna och har nytta av de mer praktiska f\u00f6rh\u00e5llningss\u00e4tten \u2013 boken inneh\u00e5ller n\u00e4mligen b\u00e5da delarna.<\/p>\n<p>Jag tar med mig den st\u00e4ndiga l\u00e4rdomen att det faktiskt alltid b\u00f6rjar i mig sj\u00e4lv. Ickev\u00e5ld som strategi \u00e4r sn\u00e4llhet mot mig sj\u00e4lv och att utmana mina egna tankar. Dessutom l\u00e4r jag mig att livssituationen s\u00e4ger mycket om hur en bok tas emot. \u00c5tminstone f\u00f6r mig, vilket inneb\u00e4r att jag med all s\u00e4kerhet kommer att \u00e5terkomma till den h\u00e4r boken.<\/p>\n<p>L\u00e4s g\u00e4rna den h\u00e4r boken \u2013 och l\u00e4s den flera g\u00e5nger!<\/p>\n<p><a href=\"http:\/\/fridaohlssonsandahl.se\">Frida Ohlsson Sandahl<\/a><\/p>\n","protected":false},"excerpt":{"rendered":"<p>Varje sommar brukar vi p\u00e5 diakonibloggen.com tipsa om nya b\u00f6cker som ber\u00f6r det diakonala omr\u00e5det, s\u00e5 \u00e4ven i \u00e5r. F\u00f6lj med oss under sommaren och f\u00e5 boktips som du kan inspireras av. Tack alla som delat tid och tankar och recenserat b\u00f6cker! Ett annat rike &#8211; ickev\u00e5ldets v\u00e4g i v\u00e5r tid.\u00a0av Annika Spalde, Argument F\u00f6rlag [&hellip;]<\/p>\n","protected":false},"author":776,"featured_media":0,"comment_status":"open","ping_status":"open","sticky":false,"template":"","format":"standard","meta":{"_acf_changed":false,"footnotes":""},"categories":[23298,23302],"tags":[23452,23471,23472,23757,23891,24752],"class_list":["post-6641","post","type-post","status-publish","format-standard","hentry","category-bokrecension","category-diakoni","tag-annika-spalde","tag-argument","tag-argument-forlag","tag-diakon","tag-ett-annat-rike","tag-profetisk-diakoni"],"acf":[],"yoast_head":"<!-- This site is optimized with the Yoast SEO plugin v27.1.1 - https:\/\/yoast.com\/product\/yoast-seo-wordpress\/ -->\n<title>Sommar och bokl\u00e4sning - Ett annat rike - Diakonibloggen<\/title>\n<meta name=\"robots\" content=\"index, follow, max-snippet:-1, max-image-preview:large, max-video-preview:-1\" \/>\n<link rel=\"canonical\" href=\"https:\/\/blogg.svenskakyrkan.se\/diakonibloggen\/2018\/08\/12\/sommar-och-boklasning-ett-annat-rike\/\" \/>\n<meta property=\"og:locale\" content=\"sv_SE\" \/>\n<meta property=\"og:type\" content=\"article\" \/>\n<meta property=\"og:title\" content=\"Sommar och bokl\u00e4sning - Ett annat rike - Diakonibloggen\" \/>\n<meta property=\"og:description\" content=\"Varje sommar brukar vi p\u00e5 diakonibloggen.com tipsa om nya b\u00f6cker som ber\u00f6r det diakonala omr\u00e5det, s\u00e5 \u00e4ven i \u00e5r. F\u00f6lj med oss under sommaren och f\u00e5 boktips som du kan inspireras av. Tack alla som delat tid och tankar och recenserat b\u00f6cker! Ett annat rike &#8211; ickev\u00e5ldets v\u00e4g i v\u00e5r tid.\u00a0av Annika Spalde, Argument F\u00f6rlag [&hellip;]\" \/>\n<meta property=\"og:url\" content=\"https:\/\/blogg.svenskakyrkan.se\/diakonibloggen\/2018\/08\/12\/sommar-och-boklasning-ett-annat-rike\/\" \/>\n<meta property=\"og:site_name\" content=\"Diakonibloggen\" \/>\n<meta property=\"article:published_time\" content=\"2018-08-12T14:43:39+00:00\" \/>\n<meta property=\"article:modified_time\" content=\"2020-12-17T15:16:28+00:00\" \/>\n<meta property=\"og:image\" content=\"http:\/\/blogg.svenskakyrkan.se\/diakonibloggen\/files\/2018\/08\/skc3a4rmavbild-2018-08-09-kl-10-52-31.png\" \/>\n<meta name=\"author\" content=\"diakonibloggen\" \/>\n<meta name=\"twitter:card\" content=\"summary_large_image\" \/>\n<meta name=\"twitter:label1\" content=\"Skriven av\" \/>\n\t<meta name=\"twitter:data1\" content=\"diakonibloggen\" \/>\n\t<meta name=\"twitter:label2\" content=\"Ber\u00e4knad l\u00e4stid\" \/>\n\t<meta name=\"twitter:data2\" content=\"4 minuter\" \/>\n<script type=\"application\/ld+json\" class=\"yoast-schema-graph\">{\"@context\":\"https:\/\/schema.org\",\"@graph\":[{\"@type\":\"Article\",\"@id\":\"https:\/\/blogg.svenskakyrkan.se\/diakonibloggen\/2018\/08\/12\/sommar-och-boklasning-ett-annat-rike\/#article\",\"isPartOf\":{\"@id\":\"https:\/\/blogg.svenskakyrkan.se\/diakonibloggen\/2018\/08\/12\/sommar-och-boklasning-ett-annat-rike\/\"},\"author\":{\"name\":\"diakonibloggen\",\"@id\":\"https:\/\/blogg.svenskakyrkan.se\/diakonibloggen\/#\/schema\/person\/8f6a6fe8efab23c141c7e274fec6405f\"},\"headline\":\"Sommar och bokl\u00e4sning &#8211; Ett annat rike\",\"datePublished\":\"2018-08-12T14:43:39+00:00\",\"dateModified\":\"2020-12-17T15:16:28+00:00\",\"mainEntityOfPage\":{\"@id\":\"https:\/\/blogg.svenskakyrkan.se\/diakonibloggen\/2018\/08\/12\/sommar-och-boklasning-ett-annat-rike\/\"},\"wordCount\":728,\"commentCount\":0,\"image\":{\"@id\":\"https:\/\/blogg.svenskakyrkan.se\/diakonibloggen\/2018\/08\/12\/sommar-och-boklasning-ett-annat-rike\/#primaryimage\"},\"thumbnailUrl\":\"http:\/\/blogg.svenskakyrkan.se\/diakonibloggen\/files\/2018\/08\/skc3a4rmavbild-2018-08-09-kl-10-52-31.png\",\"keywords\":[\"Annika Spalde\",\"argument\",\"Argument f\u00f6rlag\",\"diakon\",\"Ett annat rike\",\"profetisk diakoni\"],\"articleSection\":[\"Bokrecension\",\"diakoni\"],\"inLanguage\":\"sv-SE\",\"potentialAction\":[{\"@type\":\"CommentAction\",\"name\":\"Comment\",\"target\":[\"https:\/\/blogg.svenskakyrkan.se\/diakonibloggen\/2018\/08\/12\/sommar-och-boklasning-ett-annat-rike\/#respond\"]}]},{\"@type\":\"WebPage\",\"@id\":\"https:\/\/blogg.svenskakyrkan.se\/diakonibloggen\/2018\/08\/12\/sommar-och-boklasning-ett-annat-rike\/\",\"url\":\"https:\/\/blogg.svenskakyrkan.se\/diakonibloggen\/2018\/08\/12\/sommar-och-boklasning-ett-annat-rike\/\",\"name\":\"Sommar och bokl\u00e4sning - Ett annat rike - Diakonibloggen\",\"isPartOf\":{\"@id\":\"https:\/\/blogg.svenskakyrkan.se\/diakonibloggen\/#website\"},\"primaryImageOfPage\":{\"@id\":\"https:\/\/blogg.svenskakyrkan.se\/diakonibloggen\/2018\/08\/12\/sommar-och-boklasning-ett-annat-rike\/#primaryimage\"},\"image\":{\"@id\":\"https:\/\/blogg.svenskakyrkan.se\/diakonibloggen\/2018\/08\/12\/sommar-och-boklasning-ett-annat-rike\/#primaryimage\"},\"thumbnailUrl\":\"http:\/\/blogg.svenskakyrkan.se\/diakonibloggen\/files\/2018\/08\/skc3a4rmavbild-2018-08-09-kl-10-52-31.png\",\"datePublished\":\"2018-08-12T14:43:39+00:00\",\"dateModified\":\"2020-12-17T15:16:28+00:00\",\"author\":{\"@id\":\"https:\/\/blogg.svenskakyrkan.se\/diakonibloggen\/#\/schema\/person\/8f6a6fe8efab23c141c7e274fec6405f\"},\"breadcrumb\":{\"@id\":\"https:\/\/blogg.svenskakyrkan.se\/diakonibloggen\/2018\/08\/12\/sommar-och-boklasning-ett-annat-rike\/#breadcrumb\"},\"inLanguage\":\"sv-SE\",\"potentialAction\":[{\"@type\":\"ReadAction\",\"target\":[\"https:\/\/blogg.svenskakyrkan.se\/diakonibloggen\/2018\/08\/12\/sommar-och-boklasning-ett-annat-rike\/\"]}]},{\"@type\":\"ImageObject\",\"inLanguage\":\"sv-SE\",\"@id\":\"https:\/\/blogg.svenskakyrkan.se\/diakonibloggen\/2018\/08\/12\/sommar-och-boklasning-ett-annat-rike\/#primaryimage\",\"url\":\"http:\/\/blogg.svenskakyrkan.se\/diakonibloggen\/files\/2018\/08\/skc3a4rmavbild-2018-08-09-kl-10-52-31.png\",\"contentUrl\":\"http:\/\/blogg.svenskakyrkan.se\/diakonibloggen\/files\/2018\/08\/skc3a4rmavbild-2018-08-09-kl-10-52-31.png\"},{\"@type\":\"BreadcrumbList\",\"@id\":\"https:\/\/blogg.svenskakyrkan.se\/diakonibloggen\/2018\/08\/12\/sommar-och-boklasning-ett-annat-rike\/#breadcrumb\",\"itemListElement\":[{\"@type\":\"ListItem\",\"position\":1,\"name\":\"Hem\",\"item\":\"https:\/\/blogg.svenskakyrkan.se\/diakonibloggen\/\"},{\"@type\":\"ListItem\",\"position\":2,\"name\":\"Sommar och bokl\u00e4sning &#8211; Ett annat rike\"}]},{\"@type\":\"WebSite\",\"@id\":\"https:\/\/blogg.svenskakyrkan.se\/diakonibloggen\/#website\",\"url\":\"https:\/\/blogg.svenskakyrkan.se\/diakonibloggen\/\",\"name\":\"Diakonibloggen\",\"description\":\"Vi lyfter fram, hyllar, diskuterar och inspirerar till diakonalt arbete inom och utanf\u00f6r Svenska kyrkans ramar.\",\"potentialAction\":[{\"@type\":\"SearchAction\",\"target\":{\"@type\":\"EntryPoint\",\"urlTemplate\":\"https:\/\/blogg.svenskakyrkan.se\/diakonibloggen\/?s={search_term_string}\"},\"query-input\":{\"@type\":\"PropertyValueSpecification\",\"valueRequired\":true,\"valueName\":\"search_term_string\"}}],\"inLanguage\":\"sv-SE\"},{\"@type\":\"Person\",\"@id\":\"https:\/\/blogg.svenskakyrkan.se\/diakonibloggen\/#\/schema\/person\/8f6a6fe8efab23c141c7e274fec6405f\",\"name\":\"diakonibloggen\",\"image\":{\"@type\":\"ImageObject\",\"inLanguage\":\"sv-SE\",\"@id\":\"https:\/\/blogg.svenskakyrkan.se\/diakonibloggen\/#\/schema\/person\/image\/\",\"url\":\"https:\/\/secure.gravatar.com\/avatar\/95c0ca86fd13e3d8c1b7b7e9864c9a2ccb7b48c6f756a3b5447bcc13dd630488?s=96&d=mm&r=g\",\"contentUrl\":\"https:\/\/secure.gravatar.com\/avatar\/95c0ca86fd13e3d8c1b7b7e9864c9a2ccb7b48c6f756a3b5447bcc13dd630488?s=96&d=mm&r=g\",\"caption\":\"diakonibloggen\"},\"url\":\"https:\/\/blogg.svenskakyrkan.se\/diakonibloggen\/author\/diakonibloggen\/\"}]}<\/script>\n<!-- \/ Yoast SEO plugin. -->","yoast_head_json":{"title":"Sommar och bokl\u00e4sning - Ett annat rike - Diakonibloggen","robots":{"index":"index","follow":"follow","max-snippet":"max-snippet:-1","max-image-preview":"max-image-preview:large","max-video-preview":"max-video-preview:-1"},"canonical":"https:\/\/blogg.svenskakyrkan.se\/diakonibloggen\/2018\/08\/12\/sommar-och-boklasning-ett-annat-rike\/","og_locale":"sv_SE","og_type":"article","og_title":"Sommar och bokl\u00e4sning - Ett annat rike - Diakonibloggen","og_description":"Varje sommar brukar vi p\u00e5 diakonibloggen.com tipsa om nya b\u00f6cker som ber\u00f6r det diakonala omr\u00e5det, s\u00e5 \u00e4ven i \u00e5r. F\u00f6lj med oss under sommaren och f\u00e5 boktips som du kan inspireras av. Tack alla som delat tid och tankar och recenserat b\u00f6cker! Ett annat rike &#8211; ickev\u00e5ldets v\u00e4g i v\u00e5r tid.\u00a0av Annika Spalde, Argument F\u00f6rlag [&hellip;]","og_url":"https:\/\/blogg.svenskakyrkan.se\/diakonibloggen\/2018\/08\/12\/sommar-och-boklasning-ett-annat-rike\/","og_site_name":"Diakonibloggen","article_published_time":"2018-08-12T14:43:39+00:00","article_modified_time":"2020-12-17T15:16:28+00:00","og_image":[{"url":"http:\/\/blogg.svenskakyrkan.se\/diakonibloggen\/files\/2018\/08\/skc3a4rmavbild-2018-08-09-kl-10-52-31.png","type":"","width":"","height":""}],"author":"diakonibloggen","twitter_card":"summary_large_image","twitter_misc":{"Skriven av":"diakonibloggen","Ber\u00e4knad l\u00e4stid":"4 minuter"},"schema":{"@context":"https:\/\/schema.org","@graph":[{"@type":"Article","@id":"https:\/\/blogg.svenskakyrkan.se\/diakonibloggen\/2018\/08\/12\/sommar-och-boklasning-ett-annat-rike\/#article","isPartOf":{"@id":"https:\/\/blogg.svenskakyrkan.se\/diakonibloggen\/2018\/08\/12\/sommar-och-boklasning-ett-annat-rike\/"},"author":{"name":"diakonibloggen","@id":"https:\/\/blogg.svenskakyrkan.se\/diakonibloggen\/#\/schema\/person\/8f6a6fe8efab23c141c7e274fec6405f"},"headline":"Sommar och bokl\u00e4sning &#8211; Ett annat rike","datePublished":"2018-08-12T14:43:39+00:00","dateModified":"2020-12-17T15:16:28+00:00","mainEntityOfPage":{"@id":"https:\/\/blogg.svenskakyrkan.se\/diakonibloggen\/2018\/08\/12\/sommar-och-boklasning-ett-annat-rike\/"},"wordCount":728,"commentCount":0,"image":{"@id":"https:\/\/blogg.svenskakyrkan.se\/diakonibloggen\/2018\/08\/12\/sommar-och-boklasning-ett-annat-rike\/#primaryimage"},"thumbnailUrl":"http:\/\/blogg.svenskakyrkan.se\/diakonibloggen\/files\/2018\/08\/skc3a4rmavbild-2018-08-09-kl-10-52-31.png","keywords":["Annika Spalde","argument","Argument f\u00f6rlag","diakon","Ett annat rike","profetisk diakoni"],"articleSection":["Bokrecension","diakoni"],"inLanguage":"sv-SE","potentialAction":[{"@type":"CommentAction","name":"Comment","target":["https:\/\/blogg.svenskakyrkan.se\/diakonibloggen\/2018\/08\/12\/sommar-och-boklasning-ett-annat-rike\/#respond"]}]},{"@type":"WebPage","@id":"https:\/\/blogg.svenskakyrkan.se\/diakonibloggen\/2018\/08\/12\/sommar-och-boklasning-ett-annat-rike\/","url":"https:\/\/blogg.svenskakyrkan.se\/diakonibloggen\/2018\/08\/12\/sommar-och-boklasning-ett-annat-rike\/","name":"Sommar och bokl\u00e4sning - Ett annat rike - Diakonibloggen","isPartOf":{"@id":"https:\/\/blogg.svenskakyrkan.se\/diakonibloggen\/#website"},"primaryImageOfPage":{"@id":"https:\/\/blogg.svenskakyrkan.se\/diakonibloggen\/2018\/08\/12\/sommar-och-boklasning-ett-annat-rike\/#primaryimage"},"image":{"@id":"https:\/\/blogg.svenskakyrkan.se\/diakonibloggen\/2018\/08\/12\/sommar-och-boklasning-ett-annat-rike\/#primaryimage"},"thumbnailUrl":"http:\/\/blogg.svenskakyrkan.se\/diakonibloggen\/files\/2018\/08\/skc3a4rmavbild-2018-08-09-kl-10-52-31.png","datePublished":"2018-08-12T14:43:39+00:00","dateModified":"2020-12-17T15:16:28+00:00","author":{"@id":"https:\/\/blogg.svenskakyrkan.se\/diakonibloggen\/#\/schema\/person\/8f6a6fe8efab23c141c7e274fec6405f"},"breadcrumb":{"@id":"https:\/\/blogg.svenskakyrkan.se\/diakonibloggen\/2018\/08\/12\/sommar-och-boklasning-ett-annat-rike\/#breadcrumb"},"inLanguage":"sv-SE","potentialAction":[{"@type":"ReadAction","target":["https:\/\/blogg.svenskakyrkan.se\/diakonibloggen\/2018\/08\/12\/sommar-och-boklasning-ett-annat-rike\/"]}]},{"@type":"ImageObject","inLanguage":"sv-SE","@id":"https:\/\/blogg.svenskakyrkan.se\/diakonibloggen\/2018\/08\/12\/sommar-och-boklasning-ett-annat-rike\/#primaryimage","url":"http:\/\/blogg.svenskakyrkan.se\/diakonibloggen\/files\/2018\/08\/skc3a4rmavbild-2018-08-09-kl-10-52-31.png","contentUrl":"http:\/\/blogg.svenskakyrkan.se\/diakonibloggen\/files\/2018\/08\/skc3a4rmavbild-2018-08-09-kl-10-52-31.png"},{"@type":"BreadcrumbList","@id":"https:\/\/blogg.svenskakyrkan.se\/diakonibloggen\/2018\/08\/12\/sommar-och-boklasning-ett-annat-rike\/#breadcrumb","itemListElement":[{"@type":"ListItem","position":1,"name":"Hem","item":"https:\/\/blogg.svenskakyrkan.se\/diakonibloggen\/"},{"@type":"ListItem","position":2,"name":"Sommar och bokl\u00e4sning &#8211; Ett annat rike"}]},{"@type":"WebSite","@id":"https:\/\/blogg.svenskakyrkan.se\/diakonibloggen\/#website","url":"https:\/\/blogg.svenskakyrkan.se\/diakonibloggen\/","name":"Diakonibloggen","description":"Vi lyfter fram, hyllar, diskuterar och inspirerar till diakonalt arbete inom och utanf\u00f6r Svenska kyrkans ramar.","potentialAction":[{"@type":"SearchAction","target":{"@type":"EntryPoint","urlTemplate":"https:\/\/blogg.svenskakyrkan.se\/diakonibloggen\/?s={search_term_string}"},"query-input":{"@type":"PropertyValueSpecification","valueRequired":true,"valueName":"search_term_string"}}],"inLanguage":"sv-SE"},{"@type":"Person","@id":"https:\/\/blogg.svenskakyrkan.se\/diakonibloggen\/#\/schema\/person\/8f6a6fe8efab23c141c7e274fec6405f","name":"diakonibloggen","image":{"@type":"ImageObject","inLanguage":"sv-SE","@id":"https:\/\/blogg.svenskakyrkan.se\/diakonibloggen\/#\/schema\/person\/image\/","url":"https:\/\/secure.gravatar.com\/avatar\/95c0ca86fd13e3d8c1b7b7e9864c9a2ccb7b48c6f756a3b5447bcc13dd630488?s=96&d=mm&r=g","contentUrl":"https:\/\/secure.gravatar.com\/avatar\/95c0ca86fd13e3d8c1b7b7e9864c9a2ccb7b48c6f756a3b5447bcc13dd630488?s=96&d=mm&r=g","caption":"diakonibloggen"},"url":"https:\/\/blogg.svenskakyrkan.se\/diakonibloggen\/author\/diakonibloggen\/"}]}},"author_meta":{"ID":"776","user_nicename":"diakonibloggen","user_registered":"2020-12-17 14:50:06","display_name":"diakonibloggen","avatar":"https:\/\/blogg.svenskakyrkan.se\/diakonibloggen\/files\/2021\/02\/Sk\u00e4rmavbild-2019-04-12-kl.-14.20.54-150x150.png"},"featured_image":false,"bloginfo":{"name":"Diakonibloggen","url":"https:\/\/blogg.svenskakyrkan.se\/diakonibloggen"},"_links":{"self":[{"href":"https:\/\/blogg.svenskakyrkan.se\/diakonibloggen\/wp-json\/wp\/v2\/posts\/6641","targetHints":{"allow":["GET"]}}],"collection":[{"href":"https:\/\/blogg.svenskakyrkan.se\/diakonibloggen\/wp-json\/wp\/v2\/posts"}],"about":[{"href":"https:\/\/blogg.svenskakyrkan.se\/diakonibloggen\/wp-json\/wp\/v2\/types\/post"}],"author":[{"embeddable":true,"href":"https:\/\/blogg.svenskakyrkan.se\/diakonibloggen\/wp-json\/wp\/v2\/users\/776"}],"replies":[{"embeddable":true,"href":"https:\/\/blogg.svenskakyrkan.se\/diakonibloggen\/wp-json\/wp\/v2\/comments?post=6641"}],"version-history":[{"count":1,"href":"https:\/\/blogg.svenskakyrkan.se\/diakonibloggen\/wp-json\/wp\/v2\/posts\/6641\/revisions"}],"predecessor-version":[{"id":8340,"href":"https:\/\/blogg.svenskakyrkan.se\/diakonibloggen\/wp-json\/wp\/v2\/posts\/6641\/revisions\/8340"}],"wp:attachment":[{"href":"https:\/\/blogg.svenskakyrkan.se\/diakonibloggen\/wp-json\/wp\/v2\/media?parent=6641"}],"wp:term":[{"taxonomy":"category","embeddable":true,"href":"https:\/\/blogg.svenskakyrkan.se\/diakonibloggen\/wp-json\/wp\/v2\/categories?post=6641"},{"taxonomy":"post_tag","embeddable":true,"href":"https:\/\/blogg.svenskakyrkan.se\/diakonibloggen\/wp-json\/wp\/v2\/tags?post=6641"}],"curies":[{"name":"wp","href":"https:\/\/api.w.org\/{rel}","templated":true}]}}