{"id":6655,"date":"2018-08-24T09:37:56","date_gmt":"2018-08-24T09:37:56","guid":{"rendered":"http:\/\/diakonibloggen.com\/?p=6655"},"modified":"2020-12-17T15:16:28","modified_gmt":"2020-12-17T15:16:28","slug":"ar-hopp-ett-underverk","status":"publish","type":"post","link":"https:\/\/blogg.svenskakyrkan.se\/diakonibloggen\/2018\/08\/24\/ar-hopp-ett-underverk\/","title":{"rendered":"\u00c4r hopp ett underverk?"},"content":{"rendered":"<p>Jag har precis l\u00e4st vad Kent Wisti och Joel Halldorf skriver om hopp i Expressen, jag citerar:<\/p>\n<p>\u201dHopp f\u00f6rv\u00e4xlas ofta med optimism, men de \u00e4r skilda saker. Optimism \u00e4r en gl\u00e4djekalkyl: att \u00f6verskatta sina odds. Hopp \u00e4r tillf\u00f6rsikt oavsett framtidsutsikter. Man tror att resan kan sluta v\u00e4l \u00e4ven om det nu ser dystert ut. Tillit \u00e4r hoppets innersta v\u00e4sen. Att hoppas \u00e4r att inse att man inte sj\u00e4lv sitter vid spakarna, men att man kan lita p\u00e5 den som styr.\u201d<\/p>\n<p>Texten i Expressen f\u00e5r mig att t\u00e4nka p\u00e5 en ber\u00e4ttelse i Bibeln, antagligen f\u00f6r att det \u00e4r tv\u00e5 teologer som skriver. Ber\u00e4ttelsen \u00e4r den om n\u00e4r \u201dJesus m\u00e4ttar femtusen m\u00e4n\u201d det \u00e4r en popul\u00e4r text och de flesta av oss har h\u00f6rt eller l\u00e4st den.<\/p>\n<p>\u201dH\u00e4r \u00e4r en gosse som har fem kornbr\u00f6d och tv\u00e5 fiskar, men vad f\u00f6rsl\u00e5r det f\u00f6r s\u00e5 m\u00e5nga? Du kan inte ana vad som h\u00e4nde sen!!\u201d Lite s\u00e5 har jag oftast f\u00e5tt ber\u00e4ttelsen om br\u00f6dundret presenterad f\u00f6r mig, att det stora \u00e4r att Jesus f\u00e5r maten att r\u00e4cka till tusentals m\u00e4nniskor. P\u00e5 senare \u00e5r har jag dock fastnat vid delen med pojken, barnet, och hans fem br\u00f6d och tv\u00e5 fiskar. Det ryms en hel del i den till synes enkla transportstr\u00e4ckan fram till sj\u00e4lva undret, eller \u00e4r det kanske rentav d\u00e4r undret sker?<\/p>\n<p><a href=\"http:\/\/diakonibloggen.com\/2018\/08\/24\/ar-hopp-ett-underverk\/girl-3422711_1920\/\" rel=\"attachment wp-att-6663\"><img loading=\"lazy\" decoding=\"async\" class=\"alignleft size-medium wp-image-6663\" src=\"http:\/\/blogg.svenskakyrkan.se\/diakonibloggen\/files\/2018\/08\/girl-3422711_1920.jpg?w=450\" alt=\"\" width=\"450\" height=\"269\" srcset=\"https:\/\/blogg.svenskakyrkan.se\/diakonibloggen\/files\/2018\/08\/girl-3422711_1920.jpg 1920w, https:\/\/blogg.svenskakyrkan.se\/diakonibloggen\/files\/2018\/08\/girl-3422711_1920-300x179.jpg 300w, https:\/\/blogg.svenskakyrkan.se\/diakonibloggen\/files\/2018\/08\/girl-3422711_1920-1024x612.jpg 1024w, https:\/\/blogg.svenskakyrkan.se\/diakonibloggen\/files\/2018\/08\/girl-3422711_1920-768x459.jpg 768w, https:\/\/blogg.svenskakyrkan.se\/diakonibloggen\/files\/2018\/08\/girl-3422711_1920-1536x918.jpg 1536w, https:\/\/blogg.svenskakyrkan.se\/diakonibloggen\/files\/2018\/08\/girl-3422711_1920-1200x718.jpg 1200w\" sizes=\"auto, (max-width: 450px) 100vw, 450px\" \/><\/a>Ungef\u00e4r samtidigt l\u00e4ser jag om 15-\u00e5riga Greta Thunberg som skolstrejkar f\u00f6r klimatet utanf\u00f6r Riksdagshuset. Jag k\u00e4nner igen hennes beslutsamhet, hennes hopp &#8211; jag har sett det i otaliga ungdomar under alla \u00e5r jag arbetat som fritidsledare. Hon t\u00e4nker g\u00f6ra det hon kan trots att en massa vuxna tar till orda och s\u00e4ger: \u201dMen vad f\u00f6rsl\u00e5r det?\u201d<\/p>\n<p>Jag t\u00e4nker p\u00e5 pojken som gick till Jesus med fem kornbr\u00f6d och tv\u00e5 fiskar, trots att det han hade s\u00e5g skrattretande lite ut, trots att matbristen antagligen s\u00e5gs som ett problem f\u00f6r vuxna att l\u00f6sa och att barn troligtvis skulle veta sin plats. P\u00e5 Greta som skolstrejkar f\u00f6r klimatet, trots att vuxna p\u00e5talar att hon ska pallra sig iv\u00e4g till skolan, p\u00e5 Malala som v\u00e4grade stanna hemma fr\u00e5n skolan trots d\u00f6dshot. Och jag t\u00e4nker p\u00e5 alla de barn jag tr\u00e4ffat under mitt yrkesliv, barn som varje dag vaknat upp till stenh\u00e5rd motvind i form av f\u00f6r\u00e4ldrars missbruk och oh\u00e4lsa, m\u00f6tta av samh\u00e4llets of\u00f6rm\u00e5ga att agera och som \u00e4nd\u00e5 klivit upp ur s\u00e4ngen.<\/p>\n<p>Jag tror inte n\u00e5gon av dessa gjort n\u00e5n bl\u00e5\u00f6gd gl\u00e4djekalkyl. Jag tror att de \u00e4r undret, jag tror att hoppet \u00e4r undret, att vi kan vara undret och jag tror att vi som \u00e4r vuxna skall lyssna p\u00e5 v\u00e5ra barn och ungdomar. De \u00e4r r\u00e4ttighetsb\u00e4rare, j\u00e4mlikar och medm\u00e4nniskor med samma r\u00e4tt att k\u00e4mpa f\u00f6r sin vardag som alla andra.<\/p>\n<p>Per-Ivar \u00d6stmann<\/p>\n<p>Fritidsledare och musiker<\/p>\n<p>Stenungsund<\/p>\n<p>&nbsp;<\/p>\n","protected":false},"excerpt":{"rendered":"<p>Jag har precis l\u00e4st vad Kent Wisti och Joel Halldorf skriver om hopp i Expressen, jag citerar: \u201dHopp f\u00f6rv\u00e4xlas ofta med optimism, men de \u00e4r skilda saker. Optimism \u00e4r en gl\u00e4djekalkyl: att \u00f6verskatta sina odds. Hopp \u00e4r tillf\u00f6rsikt oavsett framtidsutsikter. Man tror att resan kan sluta v\u00e4l \u00e4ven om det nu ser dystert ut. Tillit [&hellip;]<\/p>\n","protected":false},"author":776,"featured_media":0,"comment_status":"open","ping_status":"open","sticky":false,"template":"","format":"standard","meta":{"_acf_changed":false,"footnotes":""},"categories":[23296,23301,23302],"tags":[24187,24334,24720],"class_list":["post-6655","post","type-post","status-publish","format-standard","hentry","category-barn","category-diakonalt-arbete","category-diakoni","tag-hopp","tag-kampaforvarendaunge","tag-per-ivar-ostmann"],"acf":[],"yoast_head":"<!-- This site is optimized with the Yoast SEO plugin v27.1.1 - https:\/\/yoast.com\/product\/yoast-seo-wordpress\/ -->\n<title>\u00c4r hopp ett underverk? - Diakonibloggen<\/title>\n<meta name=\"robots\" content=\"index, follow, max-snippet:-1, max-image-preview:large, max-video-preview:-1\" \/>\n<link rel=\"canonical\" href=\"https:\/\/blogg.svenskakyrkan.se\/diakonibloggen\/2018\/08\/24\/ar-hopp-ett-underverk\/\" \/>\n<meta property=\"og:locale\" content=\"sv_SE\" \/>\n<meta property=\"og:type\" content=\"article\" \/>\n<meta property=\"og:title\" content=\"\u00c4r hopp ett underverk? - Diakonibloggen\" \/>\n<meta property=\"og:description\" content=\"Jag har precis l\u00e4st vad Kent Wisti och Joel Halldorf skriver om hopp i Expressen, jag citerar: \u201dHopp f\u00f6rv\u00e4xlas ofta med optimism, men de \u00e4r skilda saker. Optimism \u00e4r en gl\u00e4djekalkyl: att \u00f6verskatta sina odds. Hopp \u00e4r tillf\u00f6rsikt oavsett framtidsutsikter. Man tror att resan kan sluta v\u00e4l \u00e4ven om det nu ser dystert ut. Tillit [&hellip;]\" \/>\n<meta property=\"og:url\" content=\"https:\/\/blogg.svenskakyrkan.se\/diakonibloggen\/2018\/08\/24\/ar-hopp-ett-underverk\/\" \/>\n<meta property=\"og:site_name\" content=\"Diakonibloggen\" \/>\n<meta property=\"article:published_time\" content=\"2018-08-24T09:37:56+00:00\" \/>\n<meta property=\"article:modified_time\" content=\"2020-12-17T15:16:28+00:00\" \/>\n<meta property=\"og:image\" content=\"http:\/\/blogg.svenskakyrkan.se\/diakonibloggen\/files\/2018\/08\/girl-3422711_1920.jpg?w=450\" \/>\n<meta name=\"author\" content=\"diakonibloggen\" \/>\n<meta name=\"twitter:card\" content=\"summary_large_image\" \/>\n<meta name=\"twitter:label1\" content=\"Skriven av\" \/>\n\t<meta name=\"twitter:data1\" content=\"diakonibloggen\" \/>\n\t<meta name=\"twitter:label2\" content=\"Ber\u00e4knad l\u00e4stid\" \/>\n\t<meta name=\"twitter:data2\" content=\"3 minuter\" \/>\n<script type=\"application\/ld+json\" class=\"yoast-schema-graph\">{\"@context\":\"https:\/\/schema.org\",\"@graph\":[{\"@type\":\"Article\",\"@id\":\"https:\/\/blogg.svenskakyrkan.se\/diakonibloggen\/2018\/08\/24\/ar-hopp-ett-underverk\/#article\",\"isPartOf\":{\"@id\":\"https:\/\/blogg.svenskakyrkan.se\/diakonibloggen\/2018\/08\/24\/ar-hopp-ett-underverk\/\"},\"author\":{\"name\":\"diakonibloggen\",\"@id\":\"https:\/\/blogg.svenskakyrkan.se\/diakonibloggen\/#\/schema\/person\/8f6a6fe8efab23c141c7e274fec6405f\"},\"headline\":\"\u00c4r hopp ett underverk?\",\"datePublished\":\"2018-08-24T09:37:56+00:00\",\"dateModified\":\"2020-12-17T15:16:28+00:00\",\"mainEntityOfPage\":{\"@id\":\"https:\/\/blogg.svenskakyrkan.se\/diakonibloggen\/2018\/08\/24\/ar-hopp-ett-underverk\/\"},\"wordCount\":539,\"commentCount\":0,\"image\":{\"@id\":\"https:\/\/blogg.svenskakyrkan.se\/diakonibloggen\/2018\/08\/24\/ar-hopp-ett-underverk\/#primaryimage\"},\"thumbnailUrl\":\"http:\/\/blogg.svenskakyrkan.se\/diakonibloggen\/files\/2018\/08\/girl-3422711_1920.jpg?w=450\",\"keywords\":[\"Hopp\",\"k\u00e4mpaf\u00f6rvarendaunge\",\"Per-Ivar \u00d6stmann\"],\"articleSection\":[\"Barn\",\"Diakonalt arbete\",\"diakoni\"],\"inLanguage\":\"sv-SE\",\"potentialAction\":[{\"@type\":\"CommentAction\",\"name\":\"Comment\",\"target\":[\"https:\/\/blogg.svenskakyrkan.se\/diakonibloggen\/2018\/08\/24\/ar-hopp-ett-underverk\/#respond\"]}]},{\"@type\":\"WebPage\",\"@id\":\"https:\/\/blogg.svenskakyrkan.se\/diakonibloggen\/2018\/08\/24\/ar-hopp-ett-underverk\/\",\"url\":\"https:\/\/blogg.svenskakyrkan.se\/diakonibloggen\/2018\/08\/24\/ar-hopp-ett-underverk\/\",\"name\":\"\u00c4r hopp ett underverk? - Diakonibloggen\",\"isPartOf\":{\"@id\":\"https:\/\/blogg.svenskakyrkan.se\/diakonibloggen\/#website\"},\"primaryImageOfPage\":{\"@id\":\"https:\/\/blogg.svenskakyrkan.se\/diakonibloggen\/2018\/08\/24\/ar-hopp-ett-underverk\/#primaryimage\"},\"image\":{\"@id\":\"https:\/\/blogg.svenskakyrkan.se\/diakonibloggen\/2018\/08\/24\/ar-hopp-ett-underverk\/#primaryimage\"},\"thumbnailUrl\":\"http:\/\/blogg.svenskakyrkan.se\/diakonibloggen\/files\/2018\/08\/girl-3422711_1920.jpg?w=450\",\"datePublished\":\"2018-08-24T09:37:56+00:00\",\"dateModified\":\"2020-12-17T15:16:28+00:00\",\"author\":{\"@id\":\"https:\/\/blogg.svenskakyrkan.se\/diakonibloggen\/#\/schema\/person\/8f6a6fe8efab23c141c7e274fec6405f\"},\"breadcrumb\":{\"@id\":\"https:\/\/blogg.svenskakyrkan.se\/diakonibloggen\/2018\/08\/24\/ar-hopp-ett-underverk\/#breadcrumb\"},\"inLanguage\":\"sv-SE\",\"potentialAction\":[{\"@type\":\"ReadAction\",\"target\":[\"https:\/\/blogg.svenskakyrkan.se\/diakonibloggen\/2018\/08\/24\/ar-hopp-ett-underverk\/\"]}]},{\"@type\":\"ImageObject\",\"inLanguage\":\"sv-SE\",\"@id\":\"https:\/\/blogg.svenskakyrkan.se\/diakonibloggen\/2018\/08\/24\/ar-hopp-ett-underverk\/#primaryimage\",\"url\":\"http:\/\/blogg.svenskakyrkan.se\/diakonibloggen\/files\/2018\/08\/girl-3422711_1920.jpg?w=450\",\"contentUrl\":\"http:\/\/blogg.svenskakyrkan.se\/diakonibloggen\/files\/2018\/08\/girl-3422711_1920.jpg?w=450\"},{\"@type\":\"BreadcrumbList\",\"@id\":\"https:\/\/blogg.svenskakyrkan.se\/diakonibloggen\/2018\/08\/24\/ar-hopp-ett-underverk\/#breadcrumb\",\"itemListElement\":[{\"@type\":\"ListItem\",\"position\":1,\"name\":\"Hem\",\"item\":\"https:\/\/blogg.svenskakyrkan.se\/diakonibloggen\/\"},{\"@type\":\"ListItem\",\"position\":2,\"name\":\"\u00c4r hopp ett underverk?\"}]},{\"@type\":\"WebSite\",\"@id\":\"https:\/\/blogg.svenskakyrkan.se\/diakonibloggen\/#website\",\"url\":\"https:\/\/blogg.svenskakyrkan.se\/diakonibloggen\/\",\"name\":\"Diakonibloggen\",\"description\":\"Vi lyfter fram, hyllar, diskuterar och inspirerar till diakonalt arbete inom och utanf\u00f6r Svenska kyrkans ramar.\",\"potentialAction\":[{\"@type\":\"SearchAction\",\"target\":{\"@type\":\"EntryPoint\",\"urlTemplate\":\"https:\/\/blogg.svenskakyrkan.se\/diakonibloggen\/?s={search_term_string}\"},\"query-input\":{\"@type\":\"PropertyValueSpecification\",\"valueRequired\":true,\"valueName\":\"search_term_string\"}}],\"inLanguage\":\"sv-SE\"},{\"@type\":\"Person\",\"@id\":\"https:\/\/blogg.svenskakyrkan.se\/diakonibloggen\/#\/schema\/person\/8f6a6fe8efab23c141c7e274fec6405f\",\"name\":\"diakonibloggen\",\"image\":{\"@type\":\"ImageObject\",\"inLanguage\":\"sv-SE\",\"@id\":\"https:\/\/blogg.svenskakyrkan.se\/diakonibloggen\/#\/schema\/person\/image\/\",\"url\":\"https:\/\/secure.gravatar.com\/avatar\/95c0ca86fd13e3d8c1b7b7e9864c9a2ccb7b48c6f756a3b5447bcc13dd630488?s=96&d=mm&r=g\",\"contentUrl\":\"https:\/\/secure.gravatar.com\/avatar\/95c0ca86fd13e3d8c1b7b7e9864c9a2ccb7b48c6f756a3b5447bcc13dd630488?s=96&d=mm&r=g\",\"caption\":\"diakonibloggen\"},\"url\":\"https:\/\/blogg.svenskakyrkan.se\/diakonibloggen\/author\/diakonibloggen\/\"}]}<\/script>\n<!-- \/ Yoast SEO plugin. -->","yoast_head_json":{"title":"\u00c4r hopp ett underverk? - Diakonibloggen","robots":{"index":"index","follow":"follow","max-snippet":"max-snippet:-1","max-image-preview":"max-image-preview:large","max-video-preview":"max-video-preview:-1"},"canonical":"https:\/\/blogg.svenskakyrkan.se\/diakonibloggen\/2018\/08\/24\/ar-hopp-ett-underverk\/","og_locale":"sv_SE","og_type":"article","og_title":"\u00c4r hopp ett underverk? - Diakonibloggen","og_description":"Jag har precis l\u00e4st vad Kent Wisti och Joel Halldorf skriver om hopp i Expressen, jag citerar: \u201dHopp f\u00f6rv\u00e4xlas ofta med optimism, men de \u00e4r skilda saker. Optimism \u00e4r en gl\u00e4djekalkyl: att \u00f6verskatta sina odds. Hopp \u00e4r tillf\u00f6rsikt oavsett framtidsutsikter. Man tror att resan kan sluta v\u00e4l \u00e4ven om det nu ser dystert ut. Tillit [&hellip;]","og_url":"https:\/\/blogg.svenskakyrkan.se\/diakonibloggen\/2018\/08\/24\/ar-hopp-ett-underverk\/","og_site_name":"Diakonibloggen","article_published_time":"2018-08-24T09:37:56+00:00","article_modified_time":"2020-12-17T15:16:28+00:00","og_image":[{"url":"http:\/\/blogg.svenskakyrkan.se\/diakonibloggen\/files\/2018\/08\/girl-3422711_1920.jpg?w=450","type":"","width":"","height":""}],"author":"diakonibloggen","twitter_card":"summary_large_image","twitter_misc":{"Skriven av":"diakonibloggen","Ber\u00e4knad l\u00e4stid":"3 minuter"},"schema":{"@context":"https:\/\/schema.org","@graph":[{"@type":"Article","@id":"https:\/\/blogg.svenskakyrkan.se\/diakonibloggen\/2018\/08\/24\/ar-hopp-ett-underverk\/#article","isPartOf":{"@id":"https:\/\/blogg.svenskakyrkan.se\/diakonibloggen\/2018\/08\/24\/ar-hopp-ett-underverk\/"},"author":{"name":"diakonibloggen","@id":"https:\/\/blogg.svenskakyrkan.se\/diakonibloggen\/#\/schema\/person\/8f6a6fe8efab23c141c7e274fec6405f"},"headline":"\u00c4r hopp ett underverk?","datePublished":"2018-08-24T09:37:56+00:00","dateModified":"2020-12-17T15:16:28+00:00","mainEntityOfPage":{"@id":"https:\/\/blogg.svenskakyrkan.se\/diakonibloggen\/2018\/08\/24\/ar-hopp-ett-underverk\/"},"wordCount":539,"commentCount":0,"image":{"@id":"https:\/\/blogg.svenskakyrkan.se\/diakonibloggen\/2018\/08\/24\/ar-hopp-ett-underverk\/#primaryimage"},"thumbnailUrl":"http:\/\/blogg.svenskakyrkan.se\/diakonibloggen\/files\/2018\/08\/girl-3422711_1920.jpg?w=450","keywords":["Hopp","k\u00e4mpaf\u00f6rvarendaunge","Per-Ivar \u00d6stmann"],"articleSection":["Barn","Diakonalt arbete","diakoni"],"inLanguage":"sv-SE","potentialAction":[{"@type":"CommentAction","name":"Comment","target":["https:\/\/blogg.svenskakyrkan.se\/diakonibloggen\/2018\/08\/24\/ar-hopp-ett-underverk\/#respond"]}]},{"@type":"WebPage","@id":"https:\/\/blogg.svenskakyrkan.se\/diakonibloggen\/2018\/08\/24\/ar-hopp-ett-underverk\/","url":"https:\/\/blogg.svenskakyrkan.se\/diakonibloggen\/2018\/08\/24\/ar-hopp-ett-underverk\/","name":"\u00c4r hopp ett underverk? - Diakonibloggen","isPartOf":{"@id":"https:\/\/blogg.svenskakyrkan.se\/diakonibloggen\/#website"},"primaryImageOfPage":{"@id":"https:\/\/blogg.svenskakyrkan.se\/diakonibloggen\/2018\/08\/24\/ar-hopp-ett-underverk\/#primaryimage"},"image":{"@id":"https:\/\/blogg.svenskakyrkan.se\/diakonibloggen\/2018\/08\/24\/ar-hopp-ett-underverk\/#primaryimage"},"thumbnailUrl":"http:\/\/blogg.svenskakyrkan.se\/diakonibloggen\/files\/2018\/08\/girl-3422711_1920.jpg?w=450","datePublished":"2018-08-24T09:37:56+00:00","dateModified":"2020-12-17T15:16:28+00:00","author":{"@id":"https:\/\/blogg.svenskakyrkan.se\/diakonibloggen\/#\/schema\/person\/8f6a6fe8efab23c141c7e274fec6405f"},"breadcrumb":{"@id":"https:\/\/blogg.svenskakyrkan.se\/diakonibloggen\/2018\/08\/24\/ar-hopp-ett-underverk\/#breadcrumb"},"inLanguage":"sv-SE","potentialAction":[{"@type":"ReadAction","target":["https:\/\/blogg.svenskakyrkan.se\/diakonibloggen\/2018\/08\/24\/ar-hopp-ett-underverk\/"]}]},{"@type":"ImageObject","inLanguage":"sv-SE","@id":"https:\/\/blogg.svenskakyrkan.se\/diakonibloggen\/2018\/08\/24\/ar-hopp-ett-underverk\/#primaryimage","url":"http:\/\/blogg.svenskakyrkan.se\/diakonibloggen\/files\/2018\/08\/girl-3422711_1920.jpg?w=450","contentUrl":"http:\/\/blogg.svenskakyrkan.se\/diakonibloggen\/files\/2018\/08\/girl-3422711_1920.jpg?w=450"},{"@type":"BreadcrumbList","@id":"https:\/\/blogg.svenskakyrkan.se\/diakonibloggen\/2018\/08\/24\/ar-hopp-ett-underverk\/#breadcrumb","itemListElement":[{"@type":"ListItem","position":1,"name":"Hem","item":"https:\/\/blogg.svenskakyrkan.se\/diakonibloggen\/"},{"@type":"ListItem","position":2,"name":"\u00c4r hopp ett underverk?"}]},{"@type":"WebSite","@id":"https:\/\/blogg.svenskakyrkan.se\/diakonibloggen\/#website","url":"https:\/\/blogg.svenskakyrkan.se\/diakonibloggen\/","name":"Diakonibloggen","description":"Vi lyfter fram, hyllar, diskuterar och inspirerar till diakonalt arbete inom och utanf\u00f6r Svenska kyrkans ramar.","potentialAction":[{"@type":"SearchAction","target":{"@type":"EntryPoint","urlTemplate":"https:\/\/blogg.svenskakyrkan.se\/diakonibloggen\/?s={search_term_string}"},"query-input":{"@type":"PropertyValueSpecification","valueRequired":true,"valueName":"search_term_string"}}],"inLanguage":"sv-SE"},{"@type":"Person","@id":"https:\/\/blogg.svenskakyrkan.se\/diakonibloggen\/#\/schema\/person\/8f6a6fe8efab23c141c7e274fec6405f","name":"diakonibloggen","image":{"@type":"ImageObject","inLanguage":"sv-SE","@id":"https:\/\/blogg.svenskakyrkan.se\/diakonibloggen\/#\/schema\/person\/image\/","url":"https:\/\/secure.gravatar.com\/avatar\/95c0ca86fd13e3d8c1b7b7e9864c9a2ccb7b48c6f756a3b5447bcc13dd630488?s=96&d=mm&r=g","contentUrl":"https:\/\/secure.gravatar.com\/avatar\/95c0ca86fd13e3d8c1b7b7e9864c9a2ccb7b48c6f756a3b5447bcc13dd630488?s=96&d=mm&r=g","caption":"diakonibloggen"},"url":"https:\/\/blogg.svenskakyrkan.se\/diakonibloggen\/author\/diakonibloggen\/"}]}},"author_meta":{"ID":"776","user_nicename":"diakonibloggen","user_registered":"2020-12-17 14:50:06","display_name":"diakonibloggen","avatar":"https:\/\/blogg.svenskakyrkan.se\/diakonibloggen\/files\/2021\/02\/Sk\u00e4rmavbild-2019-04-12-kl.-14.20.54-150x150.png"},"featured_image":false,"bloginfo":{"name":"Diakonibloggen","url":"https:\/\/blogg.svenskakyrkan.se\/diakonibloggen"},"_links":{"self":[{"href":"https:\/\/blogg.svenskakyrkan.se\/diakonibloggen\/wp-json\/wp\/v2\/posts\/6655","targetHints":{"allow":["GET"]}}],"collection":[{"href":"https:\/\/blogg.svenskakyrkan.se\/diakonibloggen\/wp-json\/wp\/v2\/posts"}],"about":[{"href":"https:\/\/blogg.svenskakyrkan.se\/diakonibloggen\/wp-json\/wp\/v2\/types\/post"}],"author":[{"embeddable":true,"href":"https:\/\/blogg.svenskakyrkan.se\/diakonibloggen\/wp-json\/wp\/v2\/users\/776"}],"replies":[{"embeddable":true,"href":"https:\/\/blogg.svenskakyrkan.se\/diakonibloggen\/wp-json\/wp\/v2\/comments?post=6655"}],"version-history":[{"count":1,"href":"https:\/\/blogg.svenskakyrkan.se\/diakonibloggen\/wp-json\/wp\/v2\/posts\/6655\/revisions"}],"predecessor-version":[{"id":8337,"href":"https:\/\/blogg.svenskakyrkan.se\/diakonibloggen\/wp-json\/wp\/v2\/posts\/6655\/revisions\/8337"}],"wp:attachment":[{"href":"https:\/\/blogg.svenskakyrkan.se\/diakonibloggen\/wp-json\/wp\/v2\/media?parent=6655"}],"wp:term":[{"taxonomy":"category","embeddable":true,"href":"https:\/\/blogg.svenskakyrkan.se\/diakonibloggen\/wp-json\/wp\/v2\/categories?post=6655"},{"taxonomy":"post_tag","embeddable":true,"href":"https:\/\/blogg.svenskakyrkan.se\/diakonibloggen\/wp-json\/wp\/v2\/tags?post=6655"}],"curies":[{"name":"wp","href":"https:\/\/api.w.org\/{rel}","templated":true}]}}