{"id":6684,"date":"2018-08-29T15:59:47","date_gmt":"2018-08-29T15:59:47","guid":{"rendered":"http:\/\/diakonibloggen.com\/?p=6684"},"modified":"2020-12-17T15:16:28","modified_gmt":"2020-12-17T15:16:28","slug":"behovs-diakonalt-ledarskap","status":"publish","type":"post","link":"https:\/\/blogg.svenskakyrkan.se\/diakonibloggen\/2018\/08\/29\/behovs-diakonalt-ledarskap\/","title":{"rendered":"Beh\u00f6vs diakonalt ledarskap?"},"content":{"rendered":"<p>Snart \u00e4r det dags f\u00f6r Kyrkom\u00f6tet! Anna Moilanen, diakon och f\u00f6rel\u00e4sare, har skrivit en viktig text aprop\u00e5 en motion ang\u00e5ende diakoner i ledarfunktion.<\/p>\n<p><a href=\"http:\/\/diakonibloggen.com\/2018\/08\/29\/behovs-diakonalt-ledarskap\/skarmavbild-2018-08-28-kl-20-46-53\/\" rel=\"attachment wp-att-6685\"><img loading=\"lazy\" decoding=\"async\" class=\"alignleft size-thumbnail wp-image-6685\" src=\"http:\/\/blogg.svenskakyrkan.se\/diakonibloggen\/files\/2018\/08\/skc3a4rmavbild-2018-08-28-kl-20-46-53.png?w=250\" alt=\"\" width=\"250\" height=\"200\" srcset=\"https:\/\/blogg.svenskakyrkan.se\/diakonibloggen\/files\/2018\/08\/skc3a4rmavbild-2018-08-28-kl-20-46-53.png 460w, https:\/\/blogg.svenskakyrkan.se\/diakonibloggen\/files\/2018\/08\/skc3a4rmavbild-2018-08-28-kl-20-46-53-300x240.png 300w\" sizes=\"auto, (max-width: 250px) 100vw, 250px\" \/><\/a>I 2017 \u00e5rs l\u00f6nestatistik fanns det 1165 stycken anst\u00e4llda diakoner. 3,4 procent av dessa diakoner hade en arbetsledande funktion i en f\u00f6rsamling. \u00c4r det en rimlig siffra?<\/p>\n<p>Diakoner som vigs idag har en h\u00f6g akademisk utbildning och n\u00e4stan alltid en l\u00e5ng yrkeserfarenhet i botten. N\u00e4r de vigs till en tj\u00e4nst och f\u00e5r sin f\u00f6rsta anst\u00e4llning blir det ofta en krock mellan de f\u00f6rv\u00e4ntningar som st\u00e4lls p\u00e5 diakonen och diakonens egen syn p\u00e5 hur ett diakonalt f\u00f6rsamlingsarbete ska bedrivas. Det \u00e4r d\u00e4rf\u00f6r inte helt ovanligt att diakoner v\u00e4ljer att sluta sina tj\u00e4nster efter n\u00e5gra \u00e5r. Vad beror det h\u00e4r p\u00e5? I studien \u201d<a href=\"http:\/\/esh.diva-portal.org\/smash\/get\/diva2:1202339\/FULLTEXT03.pdf\">Diakonins strukturer<\/a>\u201d av forskarna Charlotte Engel och Elisabeth Christiansson handlar krocken m\u00e5nga g\u00e5nger om att det finns en diakonal kunskapsbrist hos f\u00f6rtroendevalda och kyrkoherdar som ska styra, leda och organisera det diakonala arbetet.<\/p>\n<p>Vi trivs p\u00e5 jobbet n\u00e4r vi har en bra arbetsmilj\u00f6 med goda kollegor och chefer som ser oss. Faktum \u00e4r att 32 % av alla anst\u00e4llda b\u00e5de inom offentlig och privat sektor tycker att erk\u00e4nnande av deras arbete \u00e4r det viktigaste fr\u00e5n just chefen. Diakoner \u00e4r inget undantag.<\/p>\n<p>Hur h\u00f6jer vi kunskapen om diakoni hos de styrande inom kyrkan? Vem har b\u00e4st kunskap om diakoni inom kyrkan? Om vi fr\u00e5gar vem som har b\u00e4st kunskap om ekonomi, fastighet eller juridik s\u00e5 \u00e4r svaret givet. De kyrkoherdar som har valt att anst\u00e4lla diakoner p\u00e5 ledande positioner uttrycker med emfas att det \u00e4r ett vinnande koncept f\u00f6r f\u00f6rsamlingarna. I unders\u00f6kningen \u201dDiakoner i ledningsfunktion\u201d av forskaren Stig Linde och stiftsdiakon Birgitta Lounela tillsammans med Engels och Christianssons studie menar alla intervjuade kyrkoherdar att de diakonala perspektiven i f\u00f6rsamlingar och pastorat har vidgats n\u00e4r diakoner kommer med i ledningsgruppen. Flera av dem uttrycker ocks\u00e5 att, precis som p\u00e5 vilken arbetsplats som helst, f\u00f6rsamlingens ledningsgrupp ska best\u00e5 av olika kompetenser f\u00f6r att spegla f\u00f6rsamlingens behov och \u00f6nskningar. D\u00e4r har diakonin en given plats.<\/p>\n<p>\u00c5r 2000 blev det kyrkor\u00e4ttsligt reglerat i Kyrkoordningen att \u00e4mbetet \u00e4r treledat (biskop, pr\u00e4st och diakon). N\u00e4stan 20 \u00e5r senare har denna reglering inte m\u00e4rkbart avspeglat sig i kyrkan d\u00e4r det \u00e4r f\u00e5 diakoner som innehar en ledningsroll. Ibland kan det ocks\u00e5 vara sv\u00e5rt att anst\u00e4lla en diakon som chef \u00e4ven om kyrkoherden vill det eftersom diakonen till exempel inte kan ers\u00e4tta kyrkoherden som ledamot i f\u00f6rsamlingsr\u00e5det. Kyrkoherden kan endast ersattas av en pr\u00e4st. Detta \u00e4r n\u00e5got som Hans-Olof Andr\u00e9n (POSK) och Elisabeth Rydstr\u00f6m (C) lagt en motion om att utreda till Kyrkom\u00f6tet i h\u00f6st. De menar att deras motion \u00e4r i linje med vigningsordningen sedan \u00e5r 2000 och jag s\u00e4ger inte emot.<\/p>\n<p>Svenska kyrkans medlemmar vill att deras medlemsavgifter ska g\u00e5 till diakoni, det visar alla unders\u00f6kningar. Om diakonin ska vara ett kvalitativt arbete i v\u00e5r kyrka beh\u00f6ver kunskapen h\u00f6jas. Kunskapen h\u00f6js n\u00e4r det finns diakoner p\u00e5 ledande positioner inom kyrkan. S\u00e5 p\u00e5 fr\u00e5gan om ett diakonalt ledarskap beh\u00f6vs \u00e4r mitt svar ett rungande JA. Vad \u00e4r ditt?<\/p>\n<p><a href=\"https:\/\/www.annamoilanen.se\">Anna Moilanen<\/a><br \/>\ndiakon och f\u00f6rel\u00e4sare<\/p>\n","protected":false},"excerpt":{"rendered":"<p>Snart \u00e4r det dags f\u00f6r Kyrkom\u00f6tet! Anna Moilanen, diakon och f\u00f6rel\u00e4sare, har skrivit en viktig text aprop\u00e5 en motion ang\u00e5ende diakoner i ledarfunktion. I 2017 \u00e5rs l\u00f6nestatistik fanns det 1165 stycken anst\u00e4llda diakoner. 3,4 procent av dessa diakoner hade en arbetsledande funktion i en f\u00f6rsamling. \u00c4r det en rimlig siffra? Diakoner som vigs idag har [&hellip;]<\/p>\n","protected":false},"author":776,"featured_media":0,"comment_status":"open","ping_status":"open","sticky":false,"template":"","format":"standard","meta":{"_acf_changed":false,"footnotes":""},"categories":[23301],"tags":[23763,23767,24433,24454],"class_list":["post-6684","post","type-post","status-publish","format-standard","hentry","category-diakonalt-arbete","tag-diakonalt-ledarskap","tag-diakoni","tag-kyrkomotet-2018","tag-ledarskap"],"acf":[],"yoast_head":"<!-- This site is optimized with the Yoast SEO plugin v27.1.1 - https:\/\/yoast.com\/product\/yoast-seo-wordpress\/ -->\n<title>Beh\u00f6vs diakonalt ledarskap? - Diakonibloggen<\/title>\n<meta name=\"robots\" content=\"index, follow, max-snippet:-1, max-image-preview:large, max-video-preview:-1\" \/>\n<link rel=\"canonical\" href=\"https:\/\/blogg.svenskakyrkan.se\/diakonibloggen\/2018\/08\/29\/behovs-diakonalt-ledarskap\/\" \/>\n<meta property=\"og:locale\" content=\"sv_SE\" \/>\n<meta property=\"og:type\" content=\"article\" \/>\n<meta property=\"og:title\" content=\"Beh\u00f6vs diakonalt ledarskap? - Diakonibloggen\" \/>\n<meta property=\"og:description\" content=\"Snart \u00e4r det dags f\u00f6r Kyrkom\u00f6tet! Anna Moilanen, diakon och f\u00f6rel\u00e4sare, har skrivit en viktig text aprop\u00e5 en motion ang\u00e5ende diakoner i ledarfunktion. I 2017 \u00e5rs l\u00f6nestatistik fanns det 1165 stycken anst\u00e4llda diakoner. 3,4 procent av dessa diakoner hade en arbetsledande funktion i en f\u00f6rsamling. \u00c4r det en rimlig siffra? Diakoner som vigs idag har [&hellip;]\" \/>\n<meta property=\"og:url\" content=\"https:\/\/blogg.svenskakyrkan.se\/diakonibloggen\/2018\/08\/29\/behovs-diakonalt-ledarskap\/\" \/>\n<meta property=\"og:site_name\" content=\"Diakonibloggen\" \/>\n<meta property=\"article:published_time\" content=\"2018-08-29T15:59:47+00:00\" \/>\n<meta property=\"article:modified_time\" content=\"2020-12-17T15:16:28+00:00\" \/>\n<meta property=\"og:image\" content=\"http:\/\/blogg.svenskakyrkan.se\/diakonibloggen\/files\/2018\/08\/skc3a4rmavbild-2018-08-28-kl-20-46-53.png?w=250\" \/>\n<meta name=\"author\" content=\"diakonibloggen\" \/>\n<meta name=\"twitter:card\" content=\"summary_large_image\" \/>\n<meta name=\"twitter:label1\" content=\"Skriven av\" \/>\n\t<meta name=\"twitter:data1\" content=\"diakonibloggen\" \/>\n\t<meta name=\"twitter:label2\" content=\"Ber\u00e4knad l\u00e4stid\" \/>\n\t<meta name=\"twitter:data2\" content=\"3 minuter\" \/>\n<script type=\"application\/ld+json\" class=\"yoast-schema-graph\">{\"@context\":\"https:\/\/schema.org\",\"@graph\":[{\"@type\":\"Article\",\"@id\":\"https:\/\/blogg.svenskakyrkan.se\/diakonibloggen\/2018\/08\/29\/behovs-diakonalt-ledarskap\/#article\",\"isPartOf\":{\"@id\":\"https:\/\/blogg.svenskakyrkan.se\/diakonibloggen\/2018\/08\/29\/behovs-diakonalt-ledarskap\/\"},\"author\":{\"name\":\"diakonibloggen\",\"@id\":\"https:\/\/blogg.svenskakyrkan.se\/diakonibloggen\/#\/schema\/person\/8f6a6fe8efab23c141c7e274fec6405f\"},\"headline\":\"Beh\u00f6vs diakonalt ledarskap?\",\"datePublished\":\"2018-08-29T15:59:47+00:00\",\"dateModified\":\"2020-12-17T15:16:28+00:00\",\"mainEntityOfPage\":{\"@id\":\"https:\/\/blogg.svenskakyrkan.se\/diakonibloggen\/2018\/08\/29\/behovs-diakonalt-ledarskap\/\"},\"wordCount\":580,\"commentCount\":2,\"image\":{\"@id\":\"https:\/\/blogg.svenskakyrkan.se\/diakonibloggen\/2018\/08\/29\/behovs-diakonalt-ledarskap\/#primaryimage\"},\"thumbnailUrl\":\"http:\/\/blogg.svenskakyrkan.se\/diakonibloggen\/files\/2018\/08\/skc3a4rmavbild-2018-08-28-kl-20-46-53.png?w=250\",\"keywords\":[\"diakonalt ledarskap\",\"diakoni\",\"Kyrkom\u00f6tet 2018\",\"ledarskap\"],\"articleSection\":[\"Diakonalt arbete\"],\"inLanguage\":\"sv-SE\",\"potentialAction\":[{\"@type\":\"CommentAction\",\"name\":\"Comment\",\"target\":[\"https:\/\/blogg.svenskakyrkan.se\/diakonibloggen\/2018\/08\/29\/behovs-diakonalt-ledarskap\/#respond\"]}]},{\"@type\":\"WebPage\",\"@id\":\"https:\/\/blogg.svenskakyrkan.se\/diakonibloggen\/2018\/08\/29\/behovs-diakonalt-ledarskap\/\",\"url\":\"https:\/\/blogg.svenskakyrkan.se\/diakonibloggen\/2018\/08\/29\/behovs-diakonalt-ledarskap\/\",\"name\":\"Beh\u00f6vs diakonalt ledarskap? - Diakonibloggen\",\"isPartOf\":{\"@id\":\"https:\/\/blogg.svenskakyrkan.se\/diakonibloggen\/#website\"},\"primaryImageOfPage\":{\"@id\":\"https:\/\/blogg.svenskakyrkan.se\/diakonibloggen\/2018\/08\/29\/behovs-diakonalt-ledarskap\/#primaryimage\"},\"image\":{\"@id\":\"https:\/\/blogg.svenskakyrkan.se\/diakonibloggen\/2018\/08\/29\/behovs-diakonalt-ledarskap\/#primaryimage\"},\"thumbnailUrl\":\"http:\/\/blogg.svenskakyrkan.se\/diakonibloggen\/files\/2018\/08\/skc3a4rmavbild-2018-08-28-kl-20-46-53.png?w=250\",\"datePublished\":\"2018-08-29T15:59:47+00:00\",\"dateModified\":\"2020-12-17T15:16:28+00:00\",\"author\":{\"@id\":\"https:\/\/blogg.svenskakyrkan.se\/diakonibloggen\/#\/schema\/person\/8f6a6fe8efab23c141c7e274fec6405f\"},\"breadcrumb\":{\"@id\":\"https:\/\/blogg.svenskakyrkan.se\/diakonibloggen\/2018\/08\/29\/behovs-diakonalt-ledarskap\/#breadcrumb\"},\"inLanguage\":\"sv-SE\",\"potentialAction\":[{\"@type\":\"ReadAction\",\"target\":[\"https:\/\/blogg.svenskakyrkan.se\/diakonibloggen\/2018\/08\/29\/behovs-diakonalt-ledarskap\/\"]}]},{\"@type\":\"ImageObject\",\"inLanguage\":\"sv-SE\",\"@id\":\"https:\/\/blogg.svenskakyrkan.se\/diakonibloggen\/2018\/08\/29\/behovs-diakonalt-ledarskap\/#primaryimage\",\"url\":\"http:\/\/blogg.svenskakyrkan.se\/diakonibloggen\/files\/2018\/08\/skc3a4rmavbild-2018-08-28-kl-20-46-53.png?w=250\",\"contentUrl\":\"http:\/\/blogg.svenskakyrkan.se\/diakonibloggen\/files\/2018\/08\/skc3a4rmavbild-2018-08-28-kl-20-46-53.png?w=250\"},{\"@type\":\"BreadcrumbList\",\"@id\":\"https:\/\/blogg.svenskakyrkan.se\/diakonibloggen\/2018\/08\/29\/behovs-diakonalt-ledarskap\/#breadcrumb\",\"itemListElement\":[{\"@type\":\"ListItem\",\"position\":1,\"name\":\"Hem\",\"item\":\"https:\/\/blogg.svenskakyrkan.se\/diakonibloggen\/\"},{\"@type\":\"ListItem\",\"position\":2,\"name\":\"Beh\u00f6vs diakonalt ledarskap?\"}]},{\"@type\":\"WebSite\",\"@id\":\"https:\/\/blogg.svenskakyrkan.se\/diakonibloggen\/#website\",\"url\":\"https:\/\/blogg.svenskakyrkan.se\/diakonibloggen\/\",\"name\":\"Diakonibloggen\",\"description\":\"Vi lyfter fram, hyllar, diskuterar och inspirerar till diakonalt arbete inom och utanf\u00f6r Svenska kyrkans ramar.\",\"potentialAction\":[{\"@type\":\"SearchAction\",\"target\":{\"@type\":\"EntryPoint\",\"urlTemplate\":\"https:\/\/blogg.svenskakyrkan.se\/diakonibloggen\/?s={search_term_string}\"},\"query-input\":{\"@type\":\"PropertyValueSpecification\",\"valueRequired\":true,\"valueName\":\"search_term_string\"}}],\"inLanguage\":\"sv-SE\"},{\"@type\":\"Person\",\"@id\":\"https:\/\/blogg.svenskakyrkan.se\/diakonibloggen\/#\/schema\/person\/8f6a6fe8efab23c141c7e274fec6405f\",\"name\":\"diakonibloggen\",\"image\":{\"@type\":\"ImageObject\",\"inLanguage\":\"sv-SE\",\"@id\":\"https:\/\/blogg.svenskakyrkan.se\/diakonibloggen\/#\/schema\/person\/image\/\",\"url\":\"https:\/\/secure.gravatar.com\/avatar\/95c0ca86fd13e3d8c1b7b7e9864c9a2ccb7b48c6f756a3b5447bcc13dd630488?s=96&d=mm&r=g\",\"contentUrl\":\"https:\/\/secure.gravatar.com\/avatar\/95c0ca86fd13e3d8c1b7b7e9864c9a2ccb7b48c6f756a3b5447bcc13dd630488?s=96&d=mm&r=g\",\"caption\":\"diakonibloggen\"},\"url\":\"https:\/\/blogg.svenskakyrkan.se\/diakonibloggen\/author\/diakonibloggen\/\"}]}<\/script>\n<!-- \/ Yoast SEO plugin. -->","yoast_head_json":{"title":"Beh\u00f6vs diakonalt ledarskap? - Diakonibloggen","robots":{"index":"index","follow":"follow","max-snippet":"max-snippet:-1","max-image-preview":"max-image-preview:large","max-video-preview":"max-video-preview:-1"},"canonical":"https:\/\/blogg.svenskakyrkan.se\/diakonibloggen\/2018\/08\/29\/behovs-diakonalt-ledarskap\/","og_locale":"sv_SE","og_type":"article","og_title":"Beh\u00f6vs diakonalt ledarskap? - Diakonibloggen","og_description":"Snart \u00e4r det dags f\u00f6r Kyrkom\u00f6tet! Anna Moilanen, diakon och f\u00f6rel\u00e4sare, har skrivit en viktig text aprop\u00e5 en motion ang\u00e5ende diakoner i ledarfunktion. I 2017 \u00e5rs l\u00f6nestatistik fanns det 1165 stycken anst\u00e4llda diakoner. 3,4 procent av dessa diakoner hade en arbetsledande funktion i en f\u00f6rsamling. \u00c4r det en rimlig siffra? Diakoner som vigs idag har [&hellip;]","og_url":"https:\/\/blogg.svenskakyrkan.se\/diakonibloggen\/2018\/08\/29\/behovs-diakonalt-ledarskap\/","og_site_name":"Diakonibloggen","article_published_time":"2018-08-29T15:59:47+00:00","article_modified_time":"2020-12-17T15:16:28+00:00","og_image":[{"url":"http:\/\/blogg.svenskakyrkan.se\/diakonibloggen\/files\/2018\/08\/skc3a4rmavbild-2018-08-28-kl-20-46-53.png?w=250","type":"","width":"","height":""}],"author":"diakonibloggen","twitter_card":"summary_large_image","twitter_misc":{"Skriven av":"diakonibloggen","Ber\u00e4knad l\u00e4stid":"3 minuter"},"schema":{"@context":"https:\/\/schema.org","@graph":[{"@type":"Article","@id":"https:\/\/blogg.svenskakyrkan.se\/diakonibloggen\/2018\/08\/29\/behovs-diakonalt-ledarskap\/#article","isPartOf":{"@id":"https:\/\/blogg.svenskakyrkan.se\/diakonibloggen\/2018\/08\/29\/behovs-diakonalt-ledarskap\/"},"author":{"name":"diakonibloggen","@id":"https:\/\/blogg.svenskakyrkan.se\/diakonibloggen\/#\/schema\/person\/8f6a6fe8efab23c141c7e274fec6405f"},"headline":"Beh\u00f6vs diakonalt ledarskap?","datePublished":"2018-08-29T15:59:47+00:00","dateModified":"2020-12-17T15:16:28+00:00","mainEntityOfPage":{"@id":"https:\/\/blogg.svenskakyrkan.se\/diakonibloggen\/2018\/08\/29\/behovs-diakonalt-ledarskap\/"},"wordCount":580,"commentCount":2,"image":{"@id":"https:\/\/blogg.svenskakyrkan.se\/diakonibloggen\/2018\/08\/29\/behovs-diakonalt-ledarskap\/#primaryimage"},"thumbnailUrl":"http:\/\/blogg.svenskakyrkan.se\/diakonibloggen\/files\/2018\/08\/skc3a4rmavbild-2018-08-28-kl-20-46-53.png?w=250","keywords":["diakonalt ledarskap","diakoni","Kyrkom\u00f6tet 2018","ledarskap"],"articleSection":["Diakonalt arbete"],"inLanguage":"sv-SE","potentialAction":[{"@type":"CommentAction","name":"Comment","target":["https:\/\/blogg.svenskakyrkan.se\/diakonibloggen\/2018\/08\/29\/behovs-diakonalt-ledarskap\/#respond"]}]},{"@type":"WebPage","@id":"https:\/\/blogg.svenskakyrkan.se\/diakonibloggen\/2018\/08\/29\/behovs-diakonalt-ledarskap\/","url":"https:\/\/blogg.svenskakyrkan.se\/diakonibloggen\/2018\/08\/29\/behovs-diakonalt-ledarskap\/","name":"Beh\u00f6vs diakonalt ledarskap? - Diakonibloggen","isPartOf":{"@id":"https:\/\/blogg.svenskakyrkan.se\/diakonibloggen\/#website"},"primaryImageOfPage":{"@id":"https:\/\/blogg.svenskakyrkan.se\/diakonibloggen\/2018\/08\/29\/behovs-diakonalt-ledarskap\/#primaryimage"},"image":{"@id":"https:\/\/blogg.svenskakyrkan.se\/diakonibloggen\/2018\/08\/29\/behovs-diakonalt-ledarskap\/#primaryimage"},"thumbnailUrl":"http:\/\/blogg.svenskakyrkan.se\/diakonibloggen\/files\/2018\/08\/skc3a4rmavbild-2018-08-28-kl-20-46-53.png?w=250","datePublished":"2018-08-29T15:59:47+00:00","dateModified":"2020-12-17T15:16:28+00:00","author":{"@id":"https:\/\/blogg.svenskakyrkan.se\/diakonibloggen\/#\/schema\/person\/8f6a6fe8efab23c141c7e274fec6405f"},"breadcrumb":{"@id":"https:\/\/blogg.svenskakyrkan.se\/diakonibloggen\/2018\/08\/29\/behovs-diakonalt-ledarskap\/#breadcrumb"},"inLanguage":"sv-SE","potentialAction":[{"@type":"ReadAction","target":["https:\/\/blogg.svenskakyrkan.se\/diakonibloggen\/2018\/08\/29\/behovs-diakonalt-ledarskap\/"]}]},{"@type":"ImageObject","inLanguage":"sv-SE","@id":"https:\/\/blogg.svenskakyrkan.se\/diakonibloggen\/2018\/08\/29\/behovs-diakonalt-ledarskap\/#primaryimage","url":"http:\/\/blogg.svenskakyrkan.se\/diakonibloggen\/files\/2018\/08\/skc3a4rmavbild-2018-08-28-kl-20-46-53.png?w=250","contentUrl":"http:\/\/blogg.svenskakyrkan.se\/diakonibloggen\/files\/2018\/08\/skc3a4rmavbild-2018-08-28-kl-20-46-53.png?w=250"},{"@type":"BreadcrumbList","@id":"https:\/\/blogg.svenskakyrkan.se\/diakonibloggen\/2018\/08\/29\/behovs-diakonalt-ledarskap\/#breadcrumb","itemListElement":[{"@type":"ListItem","position":1,"name":"Hem","item":"https:\/\/blogg.svenskakyrkan.se\/diakonibloggen\/"},{"@type":"ListItem","position":2,"name":"Beh\u00f6vs diakonalt ledarskap?"}]},{"@type":"WebSite","@id":"https:\/\/blogg.svenskakyrkan.se\/diakonibloggen\/#website","url":"https:\/\/blogg.svenskakyrkan.se\/diakonibloggen\/","name":"Diakonibloggen","description":"Vi lyfter fram, hyllar, diskuterar och inspirerar till diakonalt arbete inom och utanf\u00f6r Svenska kyrkans ramar.","potentialAction":[{"@type":"SearchAction","target":{"@type":"EntryPoint","urlTemplate":"https:\/\/blogg.svenskakyrkan.se\/diakonibloggen\/?s={search_term_string}"},"query-input":{"@type":"PropertyValueSpecification","valueRequired":true,"valueName":"search_term_string"}}],"inLanguage":"sv-SE"},{"@type":"Person","@id":"https:\/\/blogg.svenskakyrkan.se\/diakonibloggen\/#\/schema\/person\/8f6a6fe8efab23c141c7e274fec6405f","name":"diakonibloggen","image":{"@type":"ImageObject","inLanguage":"sv-SE","@id":"https:\/\/blogg.svenskakyrkan.se\/diakonibloggen\/#\/schema\/person\/image\/","url":"https:\/\/secure.gravatar.com\/avatar\/95c0ca86fd13e3d8c1b7b7e9864c9a2ccb7b48c6f756a3b5447bcc13dd630488?s=96&d=mm&r=g","contentUrl":"https:\/\/secure.gravatar.com\/avatar\/95c0ca86fd13e3d8c1b7b7e9864c9a2ccb7b48c6f756a3b5447bcc13dd630488?s=96&d=mm&r=g","caption":"diakonibloggen"},"url":"https:\/\/blogg.svenskakyrkan.se\/diakonibloggen\/author\/diakonibloggen\/"}]}},"author_meta":{"ID":"776","user_nicename":"diakonibloggen","user_registered":"2020-12-17 14:50:06","display_name":"diakonibloggen","avatar":"https:\/\/blogg.svenskakyrkan.se\/diakonibloggen\/files\/2021\/02\/Sk\u00e4rmavbild-2019-04-12-kl.-14.20.54-150x150.png"},"featured_image":false,"bloginfo":{"name":"Diakonibloggen","url":"https:\/\/blogg.svenskakyrkan.se\/diakonibloggen"},"_links":{"self":[{"href":"https:\/\/blogg.svenskakyrkan.se\/diakonibloggen\/wp-json\/wp\/v2\/posts\/6684","targetHints":{"allow":["GET"]}}],"collection":[{"href":"https:\/\/blogg.svenskakyrkan.se\/diakonibloggen\/wp-json\/wp\/v2\/posts"}],"about":[{"href":"https:\/\/blogg.svenskakyrkan.se\/diakonibloggen\/wp-json\/wp\/v2\/types\/post"}],"author":[{"embeddable":true,"href":"https:\/\/blogg.svenskakyrkan.se\/diakonibloggen\/wp-json\/wp\/v2\/users\/776"}],"replies":[{"embeddable":true,"href":"https:\/\/blogg.svenskakyrkan.se\/diakonibloggen\/wp-json\/wp\/v2\/comments?post=6684"}],"version-history":[{"count":1,"href":"https:\/\/blogg.svenskakyrkan.se\/diakonibloggen\/wp-json\/wp\/v2\/posts\/6684\/revisions"}],"predecessor-version":[{"id":8335,"href":"https:\/\/blogg.svenskakyrkan.se\/diakonibloggen\/wp-json\/wp\/v2\/posts\/6684\/revisions\/8335"}],"wp:attachment":[{"href":"https:\/\/blogg.svenskakyrkan.se\/diakonibloggen\/wp-json\/wp\/v2\/media?parent=6684"}],"wp:term":[{"taxonomy":"category","embeddable":true,"href":"https:\/\/blogg.svenskakyrkan.se\/diakonibloggen\/wp-json\/wp\/v2\/categories?post=6684"},{"taxonomy":"post_tag","embeddable":true,"href":"https:\/\/blogg.svenskakyrkan.se\/diakonibloggen\/wp-json\/wp\/v2\/tags?post=6684"}],"curies":[{"name":"wp","href":"https:\/\/api.w.org\/{rel}","templated":true}]}}