{"id":6691,"date":"2018-09-02T08:30:40","date_gmt":"2018-09-02T08:30:40","guid":{"rendered":"http:\/\/diakonibloggen.com\/?p=6691"},"modified":"2020-12-17T15:16:28","modified_gmt":"2020-12-17T15:16:28","slug":"sommar-och-boklasning-kan-du-forsta-mig","status":"publish","type":"post","link":"https:\/\/blogg.svenskakyrkan.se\/diakonibloggen\/2018\/09\/02\/sommar-och-boklasning-kan-du-forsta-mig\/","title":{"rendered":"Sommar och bokl\u00e4sning &#8211; Kan du f\u00f6rst\u00e5 mig?"},"content":{"rendered":"<div>\n<blockquote>\n<div>\n<div>\n<div>Ocks\u00e5 den h\u00e4r sommaren har vi p\u00e5 diakonibloggen.com tipsat om nya b\u00f6cker som ber\u00f6r det diakonala omr\u00e5det. Hoppas att du f\u00e5tt boktips som du kan inspireras av.\u00a0Tack alla som delat tid och tankar och recenserat b\u00f6cker!<\/div>\n<div><span style=\"color:#ffffff\">&#8230;..<\/span><\/div>\n<div><a href=\"https:\/\/www.argument.se\/produkt\/nyheter\/kan-du-forsta-mig\/\">Kan du f\u00f6rst\u00e5 mig? Om livet, fr\u00e5gorna och sorgen. Kerstin Dillmar och Lars Bj\u00f6rklund, Argument F\u00f6rlag, 2017.<\/a><\/div>\n<div><span style=\"color:#ffffff\">&#8230;..<\/span><\/div>\n<div><a href=\"http:\/\/diakonibloggen.com\/2018\/09\/02\/sommar-och-boklasning-kan-du-forsta-mig\/img_1817-2\/\" rel=\"attachment wp-att-6693\"><img loading=\"lazy\" decoding=\"async\" class=\"alignleft size-thumbnail wp-image-6693\" src=\"http:\/\/blogg.svenskakyrkan.se\/diakonibloggen\/files\/2018\/09\/img_1817.jpg?w=188\" alt=\"\" width=\"188\" height=\"250\" srcset=\"https:\/\/blogg.svenskakyrkan.se\/diakonibloggen\/files\/2018\/09\/img_1817.jpg 480w, https:\/\/blogg.svenskakyrkan.se\/diakonibloggen\/files\/2018\/09\/img_1817-225x300.jpg 225w\" sizes=\"auto, (max-width: 188px) 100vw, 188px\" \/><\/a>Det k\u00e4ndes som en tung bok, trots sin litenhet, n\u00e4r jag fick den i min hand en dag i b\u00f6rjan av sommaren. Det var naturligtvis titeln och omslaget som fick mig att k\u00e4nna s\u00e5. S\u00e5 det tog ett par veckor innan jag till slut satte mig ner med den f\u00f6r att b\u00f6rja l\u00e4sa. Men jag blev omedelbart gripen av den och k\u00e4nde att det h\u00e4r var en bok som \u00e4ven jag, som inte arbetar som sj\u00e4lav\u00e5rdare eller dylikt, kunde ta till mig. Boken gav mig en djupare f\u00f6rst\u00e5else f\u00f6r vad som kan h\u00e4nda m\u00e4nniskor som hamnar i sorg och sv\u00e5ra livssituationer och hur medm\u00e4nniskor kan agera f\u00f6r att vara ett st\u00f6d.<\/div>\n<div><span style=\"color:#ffffff\">&#8230;.<\/span><\/div>\n<div>F\u00f6rfattarna ger exempel p\u00e5 m\u00f6ten de upplevt i sin yrkesroll och resonerar sedan vidare utifr\u00e5n dem. P\u00e5 s\u00e5 s\u00e4tt skapar de en f\u00f6rst\u00e5else och en inblick som jag som l\u00e4sare l\u00e4ttare kan ta till mig, och det ber\u00f6r.<\/div>\n<div><span style=\"color:#ffffff\">&#8230;..<\/span><\/div>\n<div>Att ocks\u00e5 tron \u00e4r viktig i sv\u00e5ra stunder, att den kan hj\u00e4lpa och ge tillf\u00f6rsikt men att den ocks\u00e5 kan ge oro \u00e4r n\u00e5got som tas upp i kapitlet Tro och ord. D\u00e4r tas ocks\u00e5 upp behovet att ibland sj\u00e4lv f\u00e5 formulera sin tro. De ger ett fint exempel p\u00e5 det n\u00e4r de skriver om en cancersjuk patient som skrev om V\u00e5r Fader p\u00e5 sitt eget s\u00e4tt:<\/div>\n<div><span style=\"color:#ffffff\">&#8230;..<\/span><\/div>\n<div>\u201dHon r\u00e4cker fram pappret d\u00e4r hon skrivit:<\/div>\n<div><span style=\"color:#ffffff\">&#8230;..<\/span><\/div>\n<div>Livet<\/div>\n<div>Du som \u00e4r st\u00f6rre<\/div>\n<div>L\u00e4r oss v\u00f6rdnad f\u00f6r jorden och universum<\/div>\n<div>L\u00e5t livet segra<\/div>\n<div>H\u00e4r och \u00d6verallt<\/div>\n<div>Ge oss den n\u00e4ring vi beh\u00f6ver<\/div>\n<div>F\u00f6rl\u00e5t oss n\u00e4r vi missbrukar dig<\/div>\n<div>Hj\u00e4lp oss att f\u00f6rl\u00e5ta varandra<\/div>\n<div>Uts\u00e4tt oss inte f\u00f6r fara<\/div>\n<div>Utan r\u00e4dda oss fr\u00e5n ondskan<\/div>\n<div>Du \u00e4r st\u00f6rre<\/div>\n<div>Du finns f\u00f6r alltid<\/div>\n<div>Amen<\/div>\n<div><span style=\"color:#ffffff\">&#8230;..<\/span><\/div>\n<div>Hon ser oavbrutet p\u00e5 mig medan jag tyst l\u00e4ser och s\u00e4ger sedan:<\/div>\n<div>-Jag k\u00e4nde att jag m\u00e5ste f\u00e5 s\u00e4ga det p\u00e5 mitt s\u00e4tt.<\/div>\n<div>F\u00e5r man g\u00f6ra s\u00e5?\u201d<\/div>\n<div><span style=\"color:#ffffff\">&#8230;&#8230;.<\/span><\/div>\n<div>H\u00e4r g\u00e5r ocks\u00e5 att l\u00e4sa om sj\u00e4lav\u00e5rdarens utsatthet i sitt yrke, om att k\u00e4nna sig otillr\u00e4cklig i situationer och skillnaden mellan att brinna f\u00f6r n\u00e5got och att brinna upp och vikten av att s\u00e4tta tydliga gr\u00e4nser f\u00f6r att orka med och ha kvar sitt engagemang.<\/div>\n<div>Varje kapitel avslutas sedan med ett f\u00f6r kapitlet passande bibelord.<\/div>\n<div><span style=\"color:#ffffff\">&#8230;..<\/span><\/div>\n<div>Jag upplever att det beh\u00f6vs tid f\u00f6r denna boken. Tid att l\u00e4sa den l\u00e5ngsamt, att t\u00e4nka efter och g\u00e5 tillbaka i den. F\u00f6r det \u00e4r en t\u00e4nkv\u00e4rd och mycket l\u00e4sv\u00e4rd bok.<\/div>\n<div><span style=\"color:#ffffff\">&#8230;&#8230;<\/span><\/div>\n<\/div>\n<div><a href=\"http:\/\/diakonibloggen.com\/2018\/09\/02\/sommar-och-boklasning-kan-du-forsta-mig\/img_7444\/\" rel=\"attachment wp-att-6694\"><img loading=\"lazy\" decoding=\"async\" class=\"alignleft wp-image-6694\" src=\"http:\/\/blogg.svenskakyrkan.se\/diakonibloggen\/files\/2018\/09\/img_7444.jpg?w=250\" alt=\"\" width=\"126\" height=\"120\" srcset=\"https:\/\/blogg.svenskakyrkan.se\/diakonibloggen\/files\/2018\/09\/img_7444.jpg 640w, https:\/\/blogg.svenskakyrkan.se\/diakonibloggen\/files\/2018\/09\/img_7444-300x287.jpg 300w\" sizes=\"auto, (max-width: 126px) 100vw, 126px\" \/><\/a>Helena Stebring Engberg<\/div>\n<\/div>\n<\/blockquote>\n<\/div>\n","protected":false},"excerpt":{"rendered":"<p>Ocks\u00e5 den h\u00e4r sommaren har vi p\u00e5 diakonibloggen.com tipsat om nya b\u00f6cker som ber\u00f6r det diakonala omr\u00e5det. Hoppas att du f\u00e5tt boktips som du kan inspireras av.\u00a0Tack alla som delat tid och tankar och recenserat b\u00f6cker! &#8230;.. Kan du f\u00f6rst\u00e5 mig? Om livet, fr\u00e5gorna och sorgen. Kerstin Dillmar och Lars Bj\u00f6rklund, Argument F\u00f6rlag, 2017. &#8230;.. [&hellip;]<\/p>\n","protected":false},"author":776,"featured_media":0,"comment_status":"open","ping_status":"open","sticky":false,"template":"","format":"standard","meta":{"_acf_changed":false,"footnotes":""},"categories":[23298,23301,23302],"tags":[23472,24319,24346,24444],"class_list":["post-6691","post","type-post","status-publish","format-standard","hentry","category-bokrecension","category-diakonalt-arbete","category-diakoni","tag-argument-forlag","tag-kan-du-forsta-mig","tag-kerstin-dillmar","tag-lars-bjorklund"],"acf":[],"yoast_head":"<!-- This site is optimized with the Yoast SEO plugin v27.1.1 - https:\/\/yoast.com\/product\/yoast-seo-wordpress\/ -->\n<title>Sommar och bokl\u00e4sning - Kan du f\u00f6rst\u00e5 mig? - Diakonibloggen<\/title>\n<meta name=\"robots\" content=\"index, follow, max-snippet:-1, max-image-preview:large, max-video-preview:-1\" \/>\n<link rel=\"canonical\" href=\"https:\/\/blogg.svenskakyrkan.se\/diakonibloggen\/2018\/09\/02\/sommar-och-boklasning-kan-du-forsta-mig\/\" \/>\n<meta property=\"og:locale\" content=\"sv_SE\" \/>\n<meta property=\"og:type\" content=\"article\" \/>\n<meta property=\"og:title\" content=\"Sommar och bokl\u00e4sning - Kan du f\u00f6rst\u00e5 mig? - Diakonibloggen\" \/>\n<meta property=\"og:description\" content=\"Ocks\u00e5 den h\u00e4r sommaren har vi p\u00e5 diakonibloggen.com tipsat om nya b\u00f6cker som ber\u00f6r det diakonala omr\u00e5det. Hoppas att du f\u00e5tt boktips som du kan inspireras av.\u00a0Tack alla som delat tid och tankar och recenserat b\u00f6cker! &#8230;.. Kan du f\u00f6rst\u00e5 mig? Om livet, fr\u00e5gorna och sorgen. Kerstin Dillmar och Lars Bj\u00f6rklund, Argument F\u00f6rlag, 2017. &#8230;.. [&hellip;]\" \/>\n<meta property=\"og:url\" content=\"https:\/\/blogg.svenskakyrkan.se\/diakonibloggen\/2018\/09\/02\/sommar-och-boklasning-kan-du-forsta-mig\/\" \/>\n<meta property=\"og:site_name\" content=\"Diakonibloggen\" \/>\n<meta property=\"article:published_time\" content=\"2018-09-02T08:30:40+00:00\" \/>\n<meta property=\"article:modified_time\" content=\"2020-12-17T15:16:28+00:00\" \/>\n<meta property=\"og:image\" content=\"http:\/\/blogg.svenskakyrkan.se\/diakonibloggen\/files\/2018\/09\/img_1817.jpg?w=188\" \/>\n<meta name=\"author\" content=\"diakonibloggen\" \/>\n<meta name=\"twitter:card\" content=\"summary_large_image\" \/>\n<meta name=\"twitter:label1\" content=\"Skriven av\" \/>\n\t<meta name=\"twitter:data1\" content=\"diakonibloggen\" \/>\n\t<meta name=\"twitter:label2\" content=\"Ber\u00e4knad l\u00e4stid\" \/>\n\t<meta name=\"twitter:data2\" content=\"3 minuter\" \/>\n<script type=\"application\/ld+json\" class=\"yoast-schema-graph\">{\"@context\":\"https:\/\/schema.org\",\"@graph\":[{\"@type\":\"Article\",\"@id\":\"https:\/\/blogg.svenskakyrkan.se\/diakonibloggen\/2018\/09\/02\/sommar-och-boklasning-kan-du-forsta-mig\/#article\",\"isPartOf\":{\"@id\":\"https:\/\/blogg.svenskakyrkan.se\/diakonibloggen\/2018\/09\/02\/sommar-och-boklasning-kan-du-forsta-mig\/\"},\"author\":{\"name\":\"diakonibloggen\",\"@id\":\"https:\/\/blogg.svenskakyrkan.se\/diakonibloggen\/#\/schema\/person\/8f6a6fe8efab23c141c7e274fec6405f\"},\"headline\":\"Sommar och bokl\u00e4sning &#8211; Kan du f\u00f6rst\u00e5 mig?\",\"datePublished\":\"2018-09-02T08:30:40+00:00\",\"dateModified\":\"2020-12-17T15:16:28+00:00\",\"mainEntityOfPage\":{\"@id\":\"https:\/\/blogg.svenskakyrkan.se\/diakonibloggen\/2018\/09\/02\/sommar-och-boklasning-kan-du-forsta-mig\/\"},\"wordCount\":557,\"commentCount\":0,\"image\":{\"@id\":\"https:\/\/blogg.svenskakyrkan.se\/diakonibloggen\/2018\/09\/02\/sommar-och-boklasning-kan-du-forsta-mig\/#primaryimage\"},\"thumbnailUrl\":\"http:\/\/blogg.svenskakyrkan.se\/diakonibloggen\/files\/2018\/09\/img_1817.jpg?w=188\",\"keywords\":[\"Argument f\u00f6rlag\",\"Kan du f\u00f6rst\u00e5 mig?\",\"Kerstin Dillmar\",\"Lars Bj\u00f6rklund\"],\"articleSection\":[\"Bokrecension\",\"Diakonalt arbete\",\"diakoni\"],\"inLanguage\":\"sv-SE\",\"potentialAction\":[{\"@type\":\"CommentAction\",\"name\":\"Comment\",\"target\":[\"https:\/\/blogg.svenskakyrkan.se\/diakonibloggen\/2018\/09\/02\/sommar-och-boklasning-kan-du-forsta-mig\/#respond\"]}]},{\"@type\":\"WebPage\",\"@id\":\"https:\/\/blogg.svenskakyrkan.se\/diakonibloggen\/2018\/09\/02\/sommar-och-boklasning-kan-du-forsta-mig\/\",\"url\":\"https:\/\/blogg.svenskakyrkan.se\/diakonibloggen\/2018\/09\/02\/sommar-och-boklasning-kan-du-forsta-mig\/\",\"name\":\"Sommar och bokl\u00e4sning - Kan du f\u00f6rst\u00e5 mig? - Diakonibloggen\",\"isPartOf\":{\"@id\":\"https:\/\/blogg.svenskakyrkan.se\/diakonibloggen\/#website\"},\"primaryImageOfPage\":{\"@id\":\"https:\/\/blogg.svenskakyrkan.se\/diakonibloggen\/2018\/09\/02\/sommar-och-boklasning-kan-du-forsta-mig\/#primaryimage\"},\"image\":{\"@id\":\"https:\/\/blogg.svenskakyrkan.se\/diakonibloggen\/2018\/09\/02\/sommar-och-boklasning-kan-du-forsta-mig\/#primaryimage\"},\"thumbnailUrl\":\"http:\/\/blogg.svenskakyrkan.se\/diakonibloggen\/files\/2018\/09\/img_1817.jpg?w=188\",\"datePublished\":\"2018-09-02T08:30:40+00:00\",\"dateModified\":\"2020-12-17T15:16:28+00:00\",\"author\":{\"@id\":\"https:\/\/blogg.svenskakyrkan.se\/diakonibloggen\/#\/schema\/person\/8f6a6fe8efab23c141c7e274fec6405f\"},\"breadcrumb\":{\"@id\":\"https:\/\/blogg.svenskakyrkan.se\/diakonibloggen\/2018\/09\/02\/sommar-och-boklasning-kan-du-forsta-mig\/#breadcrumb\"},\"inLanguage\":\"sv-SE\",\"potentialAction\":[{\"@type\":\"ReadAction\",\"target\":[\"https:\/\/blogg.svenskakyrkan.se\/diakonibloggen\/2018\/09\/02\/sommar-och-boklasning-kan-du-forsta-mig\/\"]}]},{\"@type\":\"ImageObject\",\"inLanguage\":\"sv-SE\",\"@id\":\"https:\/\/blogg.svenskakyrkan.se\/diakonibloggen\/2018\/09\/02\/sommar-och-boklasning-kan-du-forsta-mig\/#primaryimage\",\"url\":\"http:\/\/blogg.svenskakyrkan.se\/diakonibloggen\/files\/2018\/09\/img_1817.jpg?w=188\",\"contentUrl\":\"http:\/\/blogg.svenskakyrkan.se\/diakonibloggen\/files\/2018\/09\/img_1817.jpg?w=188\"},{\"@type\":\"BreadcrumbList\",\"@id\":\"https:\/\/blogg.svenskakyrkan.se\/diakonibloggen\/2018\/09\/02\/sommar-och-boklasning-kan-du-forsta-mig\/#breadcrumb\",\"itemListElement\":[{\"@type\":\"ListItem\",\"position\":1,\"name\":\"Hem\",\"item\":\"https:\/\/blogg.svenskakyrkan.se\/diakonibloggen\/\"},{\"@type\":\"ListItem\",\"position\":2,\"name\":\"Sommar och bokl\u00e4sning &#8211; Kan du f\u00f6rst\u00e5 mig?\"}]},{\"@type\":\"WebSite\",\"@id\":\"https:\/\/blogg.svenskakyrkan.se\/diakonibloggen\/#website\",\"url\":\"https:\/\/blogg.svenskakyrkan.se\/diakonibloggen\/\",\"name\":\"Diakonibloggen\",\"description\":\"Vi lyfter fram, hyllar, diskuterar och inspirerar till diakonalt arbete inom och utanf\u00f6r Svenska kyrkans ramar.\",\"potentialAction\":[{\"@type\":\"SearchAction\",\"target\":{\"@type\":\"EntryPoint\",\"urlTemplate\":\"https:\/\/blogg.svenskakyrkan.se\/diakonibloggen\/?s={search_term_string}\"},\"query-input\":{\"@type\":\"PropertyValueSpecification\",\"valueRequired\":true,\"valueName\":\"search_term_string\"}}],\"inLanguage\":\"sv-SE\"},{\"@type\":\"Person\",\"@id\":\"https:\/\/blogg.svenskakyrkan.se\/diakonibloggen\/#\/schema\/person\/8f6a6fe8efab23c141c7e274fec6405f\",\"name\":\"diakonibloggen\",\"image\":{\"@type\":\"ImageObject\",\"inLanguage\":\"sv-SE\",\"@id\":\"https:\/\/blogg.svenskakyrkan.se\/diakonibloggen\/#\/schema\/person\/image\/\",\"url\":\"https:\/\/secure.gravatar.com\/avatar\/95c0ca86fd13e3d8c1b7b7e9864c9a2ccb7b48c6f756a3b5447bcc13dd630488?s=96&d=mm&r=g\",\"contentUrl\":\"https:\/\/secure.gravatar.com\/avatar\/95c0ca86fd13e3d8c1b7b7e9864c9a2ccb7b48c6f756a3b5447bcc13dd630488?s=96&d=mm&r=g\",\"caption\":\"diakonibloggen\"},\"url\":\"https:\/\/blogg.svenskakyrkan.se\/diakonibloggen\/author\/diakonibloggen\/\"}]}<\/script>\n<!-- \/ Yoast SEO plugin. -->","yoast_head_json":{"title":"Sommar och bokl\u00e4sning - Kan du f\u00f6rst\u00e5 mig? - Diakonibloggen","robots":{"index":"index","follow":"follow","max-snippet":"max-snippet:-1","max-image-preview":"max-image-preview:large","max-video-preview":"max-video-preview:-1"},"canonical":"https:\/\/blogg.svenskakyrkan.se\/diakonibloggen\/2018\/09\/02\/sommar-och-boklasning-kan-du-forsta-mig\/","og_locale":"sv_SE","og_type":"article","og_title":"Sommar och bokl\u00e4sning - Kan du f\u00f6rst\u00e5 mig? - Diakonibloggen","og_description":"Ocks\u00e5 den h\u00e4r sommaren har vi p\u00e5 diakonibloggen.com tipsat om nya b\u00f6cker som ber\u00f6r det diakonala omr\u00e5det. Hoppas att du f\u00e5tt boktips som du kan inspireras av.\u00a0Tack alla som delat tid och tankar och recenserat b\u00f6cker! &#8230;.. Kan du f\u00f6rst\u00e5 mig? Om livet, fr\u00e5gorna och sorgen. Kerstin Dillmar och Lars Bj\u00f6rklund, Argument F\u00f6rlag, 2017. &#8230;.. [&hellip;]","og_url":"https:\/\/blogg.svenskakyrkan.se\/diakonibloggen\/2018\/09\/02\/sommar-och-boklasning-kan-du-forsta-mig\/","og_site_name":"Diakonibloggen","article_published_time":"2018-09-02T08:30:40+00:00","article_modified_time":"2020-12-17T15:16:28+00:00","og_image":[{"url":"http:\/\/blogg.svenskakyrkan.se\/diakonibloggen\/files\/2018\/09\/img_1817.jpg?w=188","type":"","width":"","height":""}],"author":"diakonibloggen","twitter_card":"summary_large_image","twitter_misc":{"Skriven av":"diakonibloggen","Ber\u00e4knad l\u00e4stid":"3 minuter"},"schema":{"@context":"https:\/\/schema.org","@graph":[{"@type":"Article","@id":"https:\/\/blogg.svenskakyrkan.se\/diakonibloggen\/2018\/09\/02\/sommar-och-boklasning-kan-du-forsta-mig\/#article","isPartOf":{"@id":"https:\/\/blogg.svenskakyrkan.se\/diakonibloggen\/2018\/09\/02\/sommar-och-boklasning-kan-du-forsta-mig\/"},"author":{"name":"diakonibloggen","@id":"https:\/\/blogg.svenskakyrkan.se\/diakonibloggen\/#\/schema\/person\/8f6a6fe8efab23c141c7e274fec6405f"},"headline":"Sommar och bokl\u00e4sning &#8211; Kan du f\u00f6rst\u00e5 mig?","datePublished":"2018-09-02T08:30:40+00:00","dateModified":"2020-12-17T15:16:28+00:00","mainEntityOfPage":{"@id":"https:\/\/blogg.svenskakyrkan.se\/diakonibloggen\/2018\/09\/02\/sommar-och-boklasning-kan-du-forsta-mig\/"},"wordCount":557,"commentCount":0,"image":{"@id":"https:\/\/blogg.svenskakyrkan.se\/diakonibloggen\/2018\/09\/02\/sommar-och-boklasning-kan-du-forsta-mig\/#primaryimage"},"thumbnailUrl":"http:\/\/blogg.svenskakyrkan.se\/diakonibloggen\/files\/2018\/09\/img_1817.jpg?w=188","keywords":["Argument f\u00f6rlag","Kan du f\u00f6rst\u00e5 mig?","Kerstin Dillmar","Lars Bj\u00f6rklund"],"articleSection":["Bokrecension","Diakonalt arbete","diakoni"],"inLanguage":"sv-SE","potentialAction":[{"@type":"CommentAction","name":"Comment","target":["https:\/\/blogg.svenskakyrkan.se\/diakonibloggen\/2018\/09\/02\/sommar-och-boklasning-kan-du-forsta-mig\/#respond"]}]},{"@type":"WebPage","@id":"https:\/\/blogg.svenskakyrkan.se\/diakonibloggen\/2018\/09\/02\/sommar-och-boklasning-kan-du-forsta-mig\/","url":"https:\/\/blogg.svenskakyrkan.se\/diakonibloggen\/2018\/09\/02\/sommar-och-boklasning-kan-du-forsta-mig\/","name":"Sommar och bokl\u00e4sning - Kan du f\u00f6rst\u00e5 mig? - Diakonibloggen","isPartOf":{"@id":"https:\/\/blogg.svenskakyrkan.se\/diakonibloggen\/#website"},"primaryImageOfPage":{"@id":"https:\/\/blogg.svenskakyrkan.se\/diakonibloggen\/2018\/09\/02\/sommar-och-boklasning-kan-du-forsta-mig\/#primaryimage"},"image":{"@id":"https:\/\/blogg.svenskakyrkan.se\/diakonibloggen\/2018\/09\/02\/sommar-och-boklasning-kan-du-forsta-mig\/#primaryimage"},"thumbnailUrl":"http:\/\/blogg.svenskakyrkan.se\/diakonibloggen\/files\/2018\/09\/img_1817.jpg?w=188","datePublished":"2018-09-02T08:30:40+00:00","dateModified":"2020-12-17T15:16:28+00:00","author":{"@id":"https:\/\/blogg.svenskakyrkan.se\/diakonibloggen\/#\/schema\/person\/8f6a6fe8efab23c141c7e274fec6405f"},"breadcrumb":{"@id":"https:\/\/blogg.svenskakyrkan.se\/diakonibloggen\/2018\/09\/02\/sommar-och-boklasning-kan-du-forsta-mig\/#breadcrumb"},"inLanguage":"sv-SE","potentialAction":[{"@type":"ReadAction","target":["https:\/\/blogg.svenskakyrkan.se\/diakonibloggen\/2018\/09\/02\/sommar-och-boklasning-kan-du-forsta-mig\/"]}]},{"@type":"ImageObject","inLanguage":"sv-SE","@id":"https:\/\/blogg.svenskakyrkan.se\/diakonibloggen\/2018\/09\/02\/sommar-och-boklasning-kan-du-forsta-mig\/#primaryimage","url":"http:\/\/blogg.svenskakyrkan.se\/diakonibloggen\/files\/2018\/09\/img_1817.jpg?w=188","contentUrl":"http:\/\/blogg.svenskakyrkan.se\/diakonibloggen\/files\/2018\/09\/img_1817.jpg?w=188"},{"@type":"BreadcrumbList","@id":"https:\/\/blogg.svenskakyrkan.se\/diakonibloggen\/2018\/09\/02\/sommar-och-boklasning-kan-du-forsta-mig\/#breadcrumb","itemListElement":[{"@type":"ListItem","position":1,"name":"Hem","item":"https:\/\/blogg.svenskakyrkan.se\/diakonibloggen\/"},{"@type":"ListItem","position":2,"name":"Sommar och bokl\u00e4sning &#8211; Kan du f\u00f6rst\u00e5 mig?"}]},{"@type":"WebSite","@id":"https:\/\/blogg.svenskakyrkan.se\/diakonibloggen\/#website","url":"https:\/\/blogg.svenskakyrkan.se\/diakonibloggen\/","name":"Diakonibloggen","description":"Vi lyfter fram, hyllar, diskuterar och inspirerar till diakonalt arbete inom och utanf\u00f6r Svenska kyrkans ramar.","potentialAction":[{"@type":"SearchAction","target":{"@type":"EntryPoint","urlTemplate":"https:\/\/blogg.svenskakyrkan.se\/diakonibloggen\/?s={search_term_string}"},"query-input":{"@type":"PropertyValueSpecification","valueRequired":true,"valueName":"search_term_string"}}],"inLanguage":"sv-SE"},{"@type":"Person","@id":"https:\/\/blogg.svenskakyrkan.se\/diakonibloggen\/#\/schema\/person\/8f6a6fe8efab23c141c7e274fec6405f","name":"diakonibloggen","image":{"@type":"ImageObject","inLanguage":"sv-SE","@id":"https:\/\/blogg.svenskakyrkan.se\/diakonibloggen\/#\/schema\/person\/image\/","url":"https:\/\/secure.gravatar.com\/avatar\/95c0ca86fd13e3d8c1b7b7e9864c9a2ccb7b48c6f756a3b5447bcc13dd630488?s=96&d=mm&r=g","contentUrl":"https:\/\/secure.gravatar.com\/avatar\/95c0ca86fd13e3d8c1b7b7e9864c9a2ccb7b48c6f756a3b5447bcc13dd630488?s=96&d=mm&r=g","caption":"diakonibloggen"},"url":"https:\/\/blogg.svenskakyrkan.se\/diakonibloggen\/author\/diakonibloggen\/"}]}},"author_meta":{"ID":"776","user_nicename":"diakonibloggen","user_registered":"2020-12-17 14:50:06","display_name":"diakonibloggen","avatar":"https:\/\/blogg.svenskakyrkan.se\/diakonibloggen\/files\/2021\/02\/Sk\u00e4rmavbild-2019-04-12-kl.-14.20.54-150x150.png"},"featured_image":false,"bloginfo":{"name":"Diakonibloggen","url":"https:\/\/blogg.svenskakyrkan.se\/diakonibloggen"},"_links":{"self":[{"href":"https:\/\/blogg.svenskakyrkan.se\/diakonibloggen\/wp-json\/wp\/v2\/posts\/6691","targetHints":{"allow":["GET"]}}],"collection":[{"href":"https:\/\/blogg.svenskakyrkan.se\/diakonibloggen\/wp-json\/wp\/v2\/posts"}],"about":[{"href":"https:\/\/blogg.svenskakyrkan.se\/diakonibloggen\/wp-json\/wp\/v2\/types\/post"}],"author":[{"embeddable":true,"href":"https:\/\/blogg.svenskakyrkan.se\/diakonibloggen\/wp-json\/wp\/v2\/users\/776"}],"replies":[{"embeddable":true,"href":"https:\/\/blogg.svenskakyrkan.se\/diakonibloggen\/wp-json\/wp\/v2\/comments?post=6691"}],"version-history":[{"count":1,"href":"https:\/\/blogg.svenskakyrkan.se\/diakonibloggen\/wp-json\/wp\/v2\/posts\/6691\/revisions"}],"predecessor-version":[{"id":8334,"href":"https:\/\/blogg.svenskakyrkan.se\/diakonibloggen\/wp-json\/wp\/v2\/posts\/6691\/revisions\/8334"}],"wp:attachment":[{"href":"https:\/\/blogg.svenskakyrkan.se\/diakonibloggen\/wp-json\/wp\/v2\/media?parent=6691"}],"wp:term":[{"taxonomy":"category","embeddable":true,"href":"https:\/\/blogg.svenskakyrkan.se\/diakonibloggen\/wp-json\/wp\/v2\/categories?post=6691"},{"taxonomy":"post_tag","embeddable":true,"href":"https:\/\/blogg.svenskakyrkan.se\/diakonibloggen\/wp-json\/wp\/v2\/tags?post=6691"}],"curies":[{"name":"wp","href":"https:\/\/api.w.org\/{rel}","templated":true}]}}