{"id":6700,"date":"2018-09-06T18:16:52","date_gmt":"2018-09-06T18:16:52","guid":{"rendered":"http:\/\/diakonibloggen.com\/?p=6700"},"modified":"2020-12-17T15:16:28","modified_gmt":"2020-12-17T15:16:28","slug":"rostamermanskligt","status":"publish","type":"post","link":"https:\/\/blogg.svenskakyrkan.se\/diakonibloggen\/2018\/09\/06\/rostamermanskligt\/","title":{"rendered":"#r\u00f6stamerm\u00e4nskligt"},"content":{"rendered":"<p><a href=\"http:\/\/diakonibloggen.com\/2018\/09\/06\/rostamermanskligt\/rostamermanskligt-cmyk-pride-final\/\" rel=\"attachment wp-att-6701\"><img loading=\"lazy\" decoding=\"async\" class=\"alignleft size-thumbnail wp-image-6701\" src=\"http:\/\/blogg.svenskakyrkan.se\/diakonibloggen\/files\/2018\/09\/rc3b6stamermc3a4nskligt-cmyk-pride-final.jpg?w=177\" alt=\"\" width=\"177\" height=\"250\" srcset=\"https:\/\/blogg.svenskakyrkan.se\/diakonibloggen\/files\/2018\/09\/rc3b6stamermc3a4nskligt-cmyk-pride-final.jpg 1240w, https:\/\/blogg.svenskakyrkan.se\/diakonibloggen\/files\/2018\/09\/rc3b6stamermc3a4nskligt-cmyk-pride-final-212x300.jpg 212w, https:\/\/blogg.svenskakyrkan.se\/diakonibloggen\/files\/2018\/09\/rc3b6stamermc3a4nskligt-cmyk-pride-final-724x1024.jpg 724w, https:\/\/blogg.svenskakyrkan.se\/diakonibloggen\/files\/2018\/09\/rc3b6stamermc3a4nskligt-cmyk-pride-final-768x1086.jpg 768w, https:\/\/blogg.svenskakyrkan.se\/diakonibloggen\/files\/2018\/09\/rc3b6stamermc3a4nskligt-cmyk-pride-final-1087x1536.jpg 1087w, https:\/\/blogg.svenskakyrkan.se\/diakonibloggen\/files\/2018\/09\/rc3b6stamermc3a4nskligt-cmyk-pride-final-1200x1696.jpg 1200w\" sizes=\"auto, (max-width: 177px) 100vw, 177px\" \/><\/a>Snart \u00e4r det dags f\u00f6r val och media fl\u00f6dar \u00f6ver av kommentarer, partiledardebatter, slagord och vall\u00f6ften.<\/p>\n<p>&#8221;Demokratin och de m\u00e4nskliga r\u00e4ttigheterna \u00e4r i fara. Det finns krafter som hotar dem b\u00e5de p\u00e5 ett nationellt och internationellt plan. Du, jag och alla vi beh\u00f6vs f\u00f6r att f\u00f6ra det politiska samtalet bort fr\u00e5n den enkelsp\u00e5riga retorik som g\u00e5r ut p\u00e5 att st\u00e4lla grupper mot varandra och som sprider sig i den offentliga debatten.\u00a0<strong>Det \u00e4r dags att visa att det finns en stark opinion f\u00f6r ett medm\u00e4nskligt, demokratiskt och h\u00e5llbart Sverige.<\/strong>\u00a0 #r\u00f6stamerm\u00e4nskligt.&#8221;<\/p>\n<p>S\u00e5 skriver #r\u00f6stamerm\u00e4nskligt p\u00e5 sin hemsida.\u00a0R\u00f6stamerm\u00e4nskligt \u00e4r ett kampanj som \u00e4r partipolitiskt och religi\u00f6st obunden men samlas kring ett gemensamt fokus p\u00e5 \u00f6nskan om ett mer medm\u00e4nskligt samh\u00e4lle.\u00a0De vill visa att &#8221;vi \u00e4r m\u00e5nga som \u00e4r beredda att st\u00e5 upp f\u00f6r att f\u00f6rsvara demokratin, m\u00e4nskliga r\u00e4ttigheter, j\u00e4mst\u00e4lldhet, h\u00e5llbar utveckling och allas lika v\u00e4rde.&#8221;<\/p>\n<p>Kampanjen uppmuntrar alla oss som vill se ett mer medm\u00e4nskligt Sverige efter den 9 september att aktivt arbeta f\u00f6r att dessa fr\u00e5gor f\u00e5r plats p\u00e5 valagendorna.<\/p>\n<p>Vill du veta mer och agera eller uppmunta andra att agera s\u00e5 hittar du info <a href=\"https:\/\/rostamermanskligt.se\">h\u00e4r<\/a>.<\/p>\n<p>Flera olika organisationer har st\u00e4llt sig bakom initiativet, bland annat Sensus, Svenska kyrkan, G\u00f6teborgs stift, R\u00e4dda Barnen och Globalportalen.<\/p>\n","protected":false},"excerpt":{"rendered":"<p>Snart \u00e4r det dags f\u00f6r val och media fl\u00f6dar \u00f6ver av kommentarer, partiledardebatter, slagord och vall\u00f6ften. &#8221;Demokratin och de m\u00e4nskliga r\u00e4ttigheterna \u00e4r i fara. Det finns krafter som hotar dem b\u00e5de p\u00e5 ett nationellt och internationellt plan. Du, jag och alla vi beh\u00f6vs f\u00f6r att f\u00f6ra det politiska samtalet bort fr\u00e5n den enkelsp\u00e5riga retorik som [&hellip;]<\/p>\n","protected":false},"author":776,"featured_media":0,"comment_status":"open","ping_status":"open","sticky":false,"template":"","format":"standard","meta":{"_acf_changed":false,"footnotes":""},"categories":[23301,23302,23314],"tags":[23360,23742,24567],"class_list":["post-6700","post","type-post","status-publish","format-standard","hentry","category-diakonalt-arbete","category-diakoni","category-hopp","tag-rostamermanskligt","tag-demokrati","tag-medmanskligt"],"acf":[],"yoast_head":"<!-- This site is optimized with the Yoast SEO plugin v27.1.1 - https:\/\/yoast.com\/product\/yoast-seo-wordpress\/ -->\n<title>#r\u00f6stamerm\u00e4nskligt - Diakonibloggen<\/title>\n<meta name=\"robots\" content=\"index, follow, max-snippet:-1, max-image-preview:large, max-video-preview:-1\" \/>\n<link rel=\"canonical\" href=\"https:\/\/blogg.svenskakyrkan.se\/diakonibloggen\/2018\/09\/06\/rostamermanskligt\/\" \/>\n<meta property=\"og:locale\" content=\"sv_SE\" \/>\n<meta property=\"og:type\" content=\"article\" \/>\n<meta property=\"og:title\" content=\"#r\u00f6stamerm\u00e4nskligt - Diakonibloggen\" \/>\n<meta property=\"og:description\" content=\"Snart \u00e4r det dags f\u00f6r val och media fl\u00f6dar \u00f6ver av kommentarer, partiledardebatter, slagord och vall\u00f6ften. &#8221;Demokratin och de m\u00e4nskliga r\u00e4ttigheterna \u00e4r i fara. Det finns krafter som hotar dem b\u00e5de p\u00e5 ett nationellt och internationellt plan. Du, jag och alla vi beh\u00f6vs f\u00f6r att f\u00f6ra det politiska samtalet bort fr\u00e5n den enkelsp\u00e5riga retorik som [&hellip;]\" \/>\n<meta property=\"og:url\" content=\"https:\/\/blogg.svenskakyrkan.se\/diakonibloggen\/2018\/09\/06\/rostamermanskligt\/\" \/>\n<meta property=\"og:site_name\" content=\"Diakonibloggen\" \/>\n<meta property=\"article:published_time\" content=\"2018-09-06T18:16:52+00:00\" \/>\n<meta property=\"article:modified_time\" content=\"2020-12-17T15:16:28+00:00\" \/>\n<meta property=\"og:image\" content=\"http:\/\/blogg.svenskakyrkan.se\/diakonibloggen\/files\/2018\/09\/rc3b6stamermc3a4nskligt-cmyk-pride-final.jpg?w=177\" \/>\n<meta name=\"author\" content=\"diakonibloggen\" \/>\n<meta name=\"twitter:card\" content=\"summary_large_image\" \/>\n<meta name=\"twitter:label1\" content=\"Skriven av\" \/>\n\t<meta name=\"twitter:data1\" content=\"diakonibloggen\" \/>\n\t<meta name=\"twitter:label2\" content=\"Ber\u00e4knad l\u00e4stid\" \/>\n\t<meta name=\"twitter:data2\" content=\"1 minut\" \/>\n<script type=\"application\/ld+json\" class=\"yoast-schema-graph\">{\"@context\":\"https:\/\/schema.org\",\"@graph\":[{\"@type\":\"Article\",\"@id\":\"https:\/\/blogg.svenskakyrkan.se\/diakonibloggen\/2018\/09\/06\/rostamermanskligt\/#article\",\"isPartOf\":{\"@id\":\"https:\/\/blogg.svenskakyrkan.se\/diakonibloggen\/2018\/09\/06\/rostamermanskligt\/\"},\"author\":{\"name\":\"diakonibloggen\",\"@id\":\"https:\/\/blogg.svenskakyrkan.se\/diakonibloggen\/#\/schema\/person\/8f6a6fe8efab23c141c7e274fec6405f\"},\"headline\":\"#r\u00f6stamerm\u00e4nskligt\",\"datePublished\":\"2018-09-06T18:16:52+00:00\",\"dateModified\":\"2020-12-17T15:16:28+00:00\",\"mainEntityOfPage\":{\"@id\":\"https:\/\/blogg.svenskakyrkan.se\/diakonibloggen\/2018\/09\/06\/rostamermanskligt\/\"},\"wordCount\":250,\"commentCount\":0,\"image\":{\"@id\":\"https:\/\/blogg.svenskakyrkan.se\/diakonibloggen\/2018\/09\/06\/rostamermanskligt\/#primaryimage\"},\"thumbnailUrl\":\"http:\/\/blogg.svenskakyrkan.se\/diakonibloggen\/files\/2018\/09\/rc3b6stamermc3a4nskligt-cmyk-pride-final.jpg?w=177\",\"keywords\":[\"#r\u00f6stamerm\u00e4nskligt\",\"demokrati\",\"medm\u00e4nskligt\"],\"articleSection\":[\"Diakonalt arbete\",\"diakoni\",\"Hopp\"],\"inLanguage\":\"sv-SE\",\"potentialAction\":[{\"@type\":\"CommentAction\",\"name\":\"Comment\",\"target\":[\"https:\/\/blogg.svenskakyrkan.se\/diakonibloggen\/2018\/09\/06\/rostamermanskligt\/#respond\"]}]},{\"@type\":\"WebPage\",\"@id\":\"https:\/\/blogg.svenskakyrkan.se\/diakonibloggen\/2018\/09\/06\/rostamermanskligt\/\",\"url\":\"https:\/\/blogg.svenskakyrkan.se\/diakonibloggen\/2018\/09\/06\/rostamermanskligt\/\",\"name\":\"#r\u00f6stamerm\u00e4nskligt - Diakonibloggen\",\"isPartOf\":{\"@id\":\"https:\/\/blogg.svenskakyrkan.se\/diakonibloggen\/#website\"},\"primaryImageOfPage\":{\"@id\":\"https:\/\/blogg.svenskakyrkan.se\/diakonibloggen\/2018\/09\/06\/rostamermanskligt\/#primaryimage\"},\"image\":{\"@id\":\"https:\/\/blogg.svenskakyrkan.se\/diakonibloggen\/2018\/09\/06\/rostamermanskligt\/#primaryimage\"},\"thumbnailUrl\":\"http:\/\/blogg.svenskakyrkan.se\/diakonibloggen\/files\/2018\/09\/rc3b6stamermc3a4nskligt-cmyk-pride-final.jpg?w=177\",\"datePublished\":\"2018-09-06T18:16:52+00:00\",\"dateModified\":\"2020-12-17T15:16:28+00:00\",\"author\":{\"@id\":\"https:\/\/blogg.svenskakyrkan.se\/diakonibloggen\/#\/schema\/person\/8f6a6fe8efab23c141c7e274fec6405f\"},\"breadcrumb\":{\"@id\":\"https:\/\/blogg.svenskakyrkan.se\/diakonibloggen\/2018\/09\/06\/rostamermanskligt\/#breadcrumb\"},\"inLanguage\":\"sv-SE\",\"potentialAction\":[{\"@type\":\"ReadAction\",\"target\":[\"https:\/\/blogg.svenskakyrkan.se\/diakonibloggen\/2018\/09\/06\/rostamermanskligt\/\"]}]},{\"@type\":\"ImageObject\",\"inLanguage\":\"sv-SE\",\"@id\":\"https:\/\/blogg.svenskakyrkan.se\/diakonibloggen\/2018\/09\/06\/rostamermanskligt\/#primaryimage\",\"url\":\"http:\/\/blogg.svenskakyrkan.se\/diakonibloggen\/files\/2018\/09\/rc3b6stamermc3a4nskligt-cmyk-pride-final.jpg?w=177\",\"contentUrl\":\"http:\/\/blogg.svenskakyrkan.se\/diakonibloggen\/files\/2018\/09\/rc3b6stamermc3a4nskligt-cmyk-pride-final.jpg?w=177\"},{\"@type\":\"BreadcrumbList\",\"@id\":\"https:\/\/blogg.svenskakyrkan.se\/diakonibloggen\/2018\/09\/06\/rostamermanskligt\/#breadcrumb\",\"itemListElement\":[{\"@type\":\"ListItem\",\"position\":1,\"name\":\"Hem\",\"item\":\"https:\/\/blogg.svenskakyrkan.se\/diakonibloggen\/\"},{\"@type\":\"ListItem\",\"position\":2,\"name\":\"#r\u00f6stamerm\u00e4nskligt\"}]},{\"@type\":\"WebSite\",\"@id\":\"https:\/\/blogg.svenskakyrkan.se\/diakonibloggen\/#website\",\"url\":\"https:\/\/blogg.svenskakyrkan.se\/diakonibloggen\/\",\"name\":\"Diakonibloggen\",\"description\":\"Vi lyfter fram, hyllar, diskuterar och inspirerar till diakonalt arbete inom och utanf\u00f6r Svenska kyrkans ramar.\",\"potentialAction\":[{\"@type\":\"SearchAction\",\"target\":{\"@type\":\"EntryPoint\",\"urlTemplate\":\"https:\/\/blogg.svenskakyrkan.se\/diakonibloggen\/?s={search_term_string}\"},\"query-input\":{\"@type\":\"PropertyValueSpecification\",\"valueRequired\":true,\"valueName\":\"search_term_string\"}}],\"inLanguage\":\"sv-SE\"},{\"@type\":\"Person\",\"@id\":\"https:\/\/blogg.svenskakyrkan.se\/diakonibloggen\/#\/schema\/person\/8f6a6fe8efab23c141c7e274fec6405f\",\"name\":\"diakonibloggen\",\"image\":{\"@type\":\"ImageObject\",\"inLanguage\":\"sv-SE\",\"@id\":\"https:\/\/blogg.svenskakyrkan.se\/diakonibloggen\/#\/schema\/person\/image\/\",\"url\":\"https:\/\/secure.gravatar.com\/avatar\/95c0ca86fd13e3d8c1b7b7e9864c9a2ccb7b48c6f756a3b5447bcc13dd630488?s=96&d=mm&r=g\",\"contentUrl\":\"https:\/\/secure.gravatar.com\/avatar\/95c0ca86fd13e3d8c1b7b7e9864c9a2ccb7b48c6f756a3b5447bcc13dd630488?s=96&d=mm&r=g\",\"caption\":\"diakonibloggen\"},\"url\":\"https:\/\/blogg.svenskakyrkan.se\/diakonibloggen\/author\/diakonibloggen\/\"}]}<\/script>\n<!-- \/ Yoast SEO plugin. -->","yoast_head_json":{"title":"#r\u00f6stamerm\u00e4nskligt - Diakonibloggen","robots":{"index":"index","follow":"follow","max-snippet":"max-snippet:-1","max-image-preview":"max-image-preview:large","max-video-preview":"max-video-preview:-1"},"canonical":"https:\/\/blogg.svenskakyrkan.se\/diakonibloggen\/2018\/09\/06\/rostamermanskligt\/","og_locale":"sv_SE","og_type":"article","og_title":"#r\u00f6stamerm\u00e4nskligt - Diakonibloggen","og_description":"Snart \u00e4r det dags f\u00f6r val och media fl\u00f6dar \u00f6ver av kommentarer, partiledardebatter, slagord och vall\u00f6ften. &#8221;Demokratin och de m\u00e4nskliga r\u00e4ttigheterna \u00e4r i fara. Det finns krafter som hotar dem b\u00e5de p\u00e5 ett nationellt och internationellt plan. Du, jag och alla vi beh\u00f6vs f\u00f6r att f\u00f6ra det politiska samtalet bort fr\u00e5n den enkelsp\u00e5riga retorik som [&hellip;]","og_url":"https:\/\/blogg.svenskakyrkan.se\/diakonibloggen\/2018\/09\/06\/rostamermanskligt\/","og_site_name":"Diakonibloggen","article_published_time":"2018-09-06T18:16:52+00:00","article_modified_time":"2020-12-17T15:16:28+00:00","og_image":[{"url":"http:\/\/blogg.svenskakyrkan.se\/diakonibloggen\/files\/2018\/09\/rc3b6stamermc3a4nskligt-cmyk-pride-final.jpg?w=177","type":"","width":"","height":""}],"author":"diakonibloggen","twitter_card":"summary_large_image","twitter_misc":{"Skriven av":"diakonibloggen","Ber\u00e4knad l\u00e4stid":"1 minut"},"schema":{"@context":"https:\/\/schema.org","@graph":[{"@type":"Article","@id":"https:\/\/blogg.svenskakyrkan.se\/diakonibloggen\/2018\/09\/06\/rostamermanskligt\/#article","isPartOf":{"@id":"https:\/\/blogg.svenskakyrkan.se\/diakonibloggen\/2018\/09\/06\/rostamermanskligt\/"},"author":{"name":"diakonibloggen","@id":"https:\/\/blogg.svenskakyrkan.se\/diakonibloggen\/#\/schema\/person\/8f6a6fe8efab23c141c7e274fec6405f"},"headline":"#r\u00f6stamerm\u00e4nskligt","datePublished":"2018-09-06T18:16:52+00:00","dateModified":"2020-12-17T15:16:28+00:00","mainEntityOfPage":{"@id":"https:\/\/blogg.svenskakyrkan.se\/diakonibloggen\/2018\/09\/06\/rostamermanskligt\/"},"wordCount":250,"commentCount":0,"image":{"@id":"https:\/\/blogg.svenskakyrkan.se\/diakonibloggen\/2018\/09\/06\/rostamermanskligt\/#primaryimage"},"thumbnailUrl":"http:\/\/blogg.svenskakyrkan.se\/diakonibloggen\/files\/2018\/09\/rc3b6stamermc3a4nskligt-cmyk-pride-final.jpg?w=177","keywords":["#r\u00f6stamerm\u00e4nskligt","demokrati","medm\u00e4nskligt"],"articleSection":["Diakonalt arbete","diakoni","Hopp"],"inLanguage":"sv-SE","potentialAction":[{"@type":"CommentAction","name":"Comment","target":["https:\/\/blogg.svenskakyrkan.se\/diakonibloggen\/2018\/09\/06\/rostamermanskligt\/#respond"]}]},{"@type":"WebPage","@id":"https:\/\/blogg.svenskakyrkan.se\/diakonibloggen\/2018\/09\/06\/rostamermanskligt\/","url":"https:\/\/blogg.svenskakyrkan.se\/diakonibloggen\/2018\/09\/06\/rostamermanskligt\/","name":"#r\u00f6stamerm\u00e4nskligt - Diakonibloggen","isPartOf":{"@id":"https:\/\/blogg.svenskakyrkan.se\/diakonibloggen\/#website"},"primaryImageOfPage":{"@id":"https:\/\/blogg.svenskakyrkan.se\/diakonibloggen\/2018\/09\/06\/rostamermanskligt\/#primaryimage"},"image":{"@id":"https:\/\/blogg.svenskakyrkan.se\/diakonibloggen\/2018\/09\/06\/rostamermanskligt\/#primaryimage"},"thumbnailUrl":"http:\/\/blogg.svenskakyrkan.se\/diakonibloggen\/files\/2018\/09\/rc3b6stamermc3a4nskligt-cmyk-pride-final.jpg?w=177","datePublished":"2018-09-06T18:16:52+00:00","dateModified":"2020-12-17T15:16:28+00:00","author":{"@id":"https:\/\/blogg.svenskakyrkan.se\/diakonibloggen\/#\/schema\/person\/8f6a6fe8efab23c141c7e274fec6405f"},"breadcrumb":{"@id":"https:\/\/blogg.svenskakyrkan.se\/diakonibloggen\/2018\/09\/06\/rostamermanskligt\/#breadcrumb"},"inLanguage":"sv-SE","potentialAction":[{"@type":"ReadAction","target":["https:\/\/blogg.svenskakyrkan.se\/diakonibloggen\/2018\/09\/06\/rostamermanskligt\/"]}]},{"@type":"ImageObject","inLanguage":"sv-SE","@id":"https:\/\/blogg.svenskakyrkan.se\/diakonibloggen\/2018\/09\/06\/rostamermanskligt\/#primaryimage","url":"http:\/\/blogg.svenskakyrkan.se\/diakonibloggen\/files\/2018\/09\/rc3b6stamermc3a4nskligt-cmyk-pride-final.jpg?w=177","contentUrl":"http:\/\/blogg.svenskakyrkan.se\/diakonibloggen\/files\/2018\/09\/rc3b6stamermc3a4nskligt-cmyk-pride-final.jpg?w=177"},{"@type":"BreadcrumbList","@id":"https:\/\/blogg.svenskakyrkan.se\/diakonibloggen\/2018\/09\/06\/rostamermanskligt\/#breadcrumb","itemListElement":[{"@type":"ListItem","position":1,"name":"Hem","item":"https:\/\/blogg.svenskakyrkan.se\/diakonibloggen\/"},{"@type":"ListItem","position":2,"name":"#r\u00f6stamerm\u00e4nskligt"}]},{"@type":"WebSite","@id":"https:\/\/blogg.svenskakyrkan.se\/diakonibloggen\/#website","url":"https:\/\/blogg.svenskakyrkan.se\/diakonibloggen\/","name":"Diakonibloggen","description":"Vi lyfter fram, hyllar, diskuterar och inspirerar till diakonalt arbete inom och utanf\u00f6r Svenska kyrkans ramar.","potentialAction":[{"@type":"SearchAction","target":{"@type":"EntryPoint","urlTemplate":"https:\/\/blogg.svenskakyrkan.se\/diakonibloggen\/?s={search_term_string}"},"query-input":{"@type":"PropertyValueSpecification","valueRequired":true,"valueName":"search_term_string"}}],"inLanguage":"sv-SE"},{"@type":"Person","@id":"https:\/\/blogg.svenskakyrkan.se\/diakonibloggen\/#\/schema\/person\/8f6a6fe8efab23c141c7e274fec6405f","name":"diakonibloggen","image":{"@type":"ImageObject","inLanguage":"sv-SE","@id":"https:\/\/blogg.svenskakyrkan.se\/diakonibloggen\/#\/schema\/person\/image\/","url":"https:\/\/secure.gravatar.com\/avatar\/95c0ca86fd13e3d8c1b7b7e9864c9a2ccb7b48c6f756a3b5447bcc13dd630488?s=96&d=mm&r=g","contentUrl":"https:\/\/secure.gravatar.com\/avatar\/95c0ca86fd13e3d8c1b7b7e9864c9a2ccb7b48c6f756a3b5447bcc13dd630488?s=96&d=mm&r=g","caption":"diakonibloggen"},"url":"https:\/\/blogg.svenskakyrkan.se\/diakonibloggen\/author\/diakonibloggen\/"}]}},"author_meta":{"ID":"776","user_nicename":"diakonibloggen","user_registered":"2020-12-17 14:50:06","display_name":"diakonibloggen","avatar":"https:\/\/blogg.svenskakyrkan.se\/diakonibloggen\/files\/2021\/02\/Sk\u00e4rmavbild-2019-04-12-kl.-14.20.54-150x150.png"},"featured_image":false,"bloginfo":{"name":"Diakonibloggen","url":"https:\/\/blogg.svenskakyrkan.se\/diakonibloggen"},"_links":{"self":[{"href":"https:\/\/blogg.svenskakyrkan.se\/diakonibloggen\/wp-json\/wp\/v2\/posts\/6700","targetHints":{"allow":["GET"]}}],"collection":[{"href":"https:\/\/blogg.svenskakyrkan.se\/diakonibloggen\/wp-json\/wp\/v2\/posts"}],"about":[{"href":"https:\/\/blogg.svenskakyrkan.se\/diakonibloggen\/wp-json\/wp\/v2\/types\/post"}],"author":[{"embeddable":true,"href":"https:\/\/blogg.svenskakyrkan.se\/diakonibloggen\/wp-json\/wp\/v2\/users\/776"}],"replies":[{"embeddable":true,"href":"https:\/\/blogg.svenskakyrkan.se\/diakonibloggen\/wp-json\/wp\/v2\/comments?post=6700"}],"version-history":[{"count":1,"href":"https:\/\/blogg.svenskakyrkan.se\/diakonibloggen\/wp-json\/wp\/v2\/posts\/6700\/revisions"}],"predecessor-version":[{"id":8333,"href":"https:\/\/blogg.svenskakyrkan.se\/diakonibloggen\/wp-json\/wp\/v2\/posts\/6700\/revisions\/8333"}],"wp:attachment":[{"href":"https:\/\/blogg.svenskakyrkan.se\/diakonibloggen\/wp-json\/wp\/v2\/media?parent=6700"}],"wp:term":[{"taxonomy":"category","embeddable":true,"href":"https:\/\/blogg.svenskakyrkan.se\/diakonibloggen\/wp-json\/wp\/v2\/categories?post=6700"},{"taxonomy":"post_tag","embeddable":true,"href":"https:\/\/blogg.svenskakyrkan.se\/diakonibloggen\/wp-json\/wp\/v2\/tags?post=6700"}],"curies":[{"name":"wp","href":"https:\/\/api.w.org\/{rel}","templated":true}]}}