{"id":6920,"date":"2019-03-17T19:21:35","date_gmt":"2019-03-17T19:21:35","guid":{"rendered":"http:\/\/diakonibloggen.com\/?p=6920"},"modified":"2020-12-17T15:16:27","modified_gmt":"2020-12-17T15:16:27","slug":"for-manniskovardet-inte-for-arbetsvardet","status":"publish","type":"post","link":"https:\/\/blogg.svenskakyrkan.se\/diakonibloggen\/2019\/03\/17\/for-manniskovardet-inte-for-arbetsvardet\/","title":{"rendered":"F\u00f6r m\u00e4nniskov\u00e4rdet &#8211; inte f\u00f6r arbetsv\u00e4rdet!"},"content":{"rendered":"<p>En sen kv\u00e4ll n\u00e5s vi av nyheten att ytterligare en person i bekantskapskretsen blivit sjukskriven. Det \u00e4r tyv\u00e4rr ett alltf\u00f6r vanligt besked som vi n\u00e5tts av s\u00e5 m\u00e5nga g\u00e5nger de senaste \u00e5ren. Och varje g\u00e5ng \u00e4r en g\u00e5ng f\u00f6r mycket. Det r\u00e4cker nu!<\/p>\n<p><a href=\"http:\/\/diakonibloggen.com\/2019\/03\/17\/for-manniskovardet-inte-for-arbetsvardet\/woman-3711719_1920\/\" rel=\"attachment wp-att-6972\"><img loading=\"lazy\" decoding=\"async\" class=\"alignleft size-thumbnail wp-image-6972\" src=\"http:\/\/blogg.svenskakyrkan.se\/diakonibloggen\/files\/2019\/03\/woman-3711719_1920.jpg?w=250\" alt=\"\" width=\"250\" height=\"167\" srcset=\"https:\/\/blogg.svenskakyrkan.se\/diakonibloggen\/files\/2019\/03\/woman-3711719_1920.jpg 1920w, https:\/\/blogg.svenskakyrkan.se\/diakonibloggen\/files\/2019\/03\/woman-3711719_1920-300x200.jpg 300w, https:\/\/blogg.svenskakyrkan.se\/diakonibloggen\/files\/2019\/03\/woman-3711719_1920-1024x683.jpg 1024w, https:\/\/blogg.svenskakyrkan.se\/diakonibloggen\/files\/2019\/03\/woman-3711719_1920-768x512.jpg 768w, https:\/\/blogg.svenskakyrkan.se\/diakonibloggen\/files\/2019\/03\/woman-3711719_1920-1536x1024.jpg 1536w, https:\/\/blogg.svenskakyrkan.se\/diakonibloggen\/files\/2019\/03\/woman-3711719_1920-1200x800.jpg 1200w\" sizes=\"auto, (max-width: 250px) 100vw, 250px\" \/><\/a>Under de senaste tio \u00e5ren har vi f\u00e5tt st\u00e5 vid sidan om och se en efter en av v\u00e4nner och bekanta bli sjukskriva. F\u00f6rst hette det \u201dutbr\u00e4ndhet\u201d eller att \u201dg\u00e5 in i v\u00e4ggen\u201d. Idag \u00e4r den korrekta termen utmattningssyndrom. \u201dUtmattningssyndrom inneb\u00e4r att du har flera fysiska och psykiska besv\u00e4r orsakade av l\u00e5ngvarig stress eller andra p\u00e5frestningar i ditt liv. Att drabbas av utmattningssyndrom \u00e4r vanligt och de senaste fem \u00e5ren har antalet sjukskrivningar p\u00e5 grund av stress dubblerats. I slutet av 2017 var \u00f6ver 35 000 personer, enligt F\u00f6rs\u00e4kringskassans statistik, sjukskrivna f\u00f6r utmattningssyndrom.\u201d<br \/>\n<em>https:\/\/www.aftonbladet.se\/halsa\/a\/l10627\/det-har-ar-utmattningssyndrom&#8211;varningstecken-att-se-upp-for<\/em><\/p>\n<p>Det \u00e4r ofta kvinnor i v\u00e5r egen \u00e5lder, runt 40, med h\u00f6gpresterande yrken och en uppbokad fritid. Men det \u00e4r inte bara de som drabbas \u2013 vi ser b\u00e5de yngre och \u00e4ldre och det sl\u00e5r \u00f6ver k\u00f6nsgr\u00e4nserna. Det \u00e4r ledsna m\u00e4nniskor vi m\u00f6ter, tr\u00f6tta s\u00e5 in i livsnerven, besvikna, b\u00e5de p\u00e5 sig sj\u00e4lva och samh\u00e4llet, och med en l\u00e5ng v\u00e4g tillbaka. M\u00e5nga kommer s\u00e5 sm\u00e5ningom tillbaka till arbetslivet efter sjukskrivning men rehabiliteringen st\u00e4ller stora krav, b\u00e5de p\u00e5 arbetsgivare och arbetstagare.<\/p>\n<p>Det som \u00e4r utm\u00e4rkande och som g\u00f6r oss s\u00e5 sorgsna och frustrerade \u00e4r hur m\u00e5nga det \u00e4r som klandrar sig sj\u00e4lva: \u201dJag s\u00e5g inte upp i tid\u201d, \u201dJag s\u00e5g varningstecknen men ignorerade dem\u201d, \u201dJag lyssnade inte p\u00e5 min omgivning\u201d och s\u00e5 vidare. Det \u00e4r n\u00e5got ruttet i v\u00e5rt samh\u00e4llssystem n\u00e4r en efter en drabbas av b\u00e5de skuld- och skamproblematik inf\u00f6r ett fenomen som vi ist\u00e4llet tillsammans borde motarbeta. Utmattningssyndrom \u00e4r en av v\u00e5r tids stora folksjukdomar och den botas inte enkelt genom att \u201dse upp i tid\u201d.<\/p>\n<p>H\u00e4r borde vi i kyrkan g\u00e5 f\u00f6re. Ist\u00e4llet \u00e4r Svenska kyrkan en av de arbetsplatser som m\u00e5nga g\u00e5nger genererar h\u00f6g stress och ibland \u00e4ven inneb\u00e4r hotsituationer, vilket kan driva p\u00e5 en utmattning. Var femte diakon hade under det senaste \u00e5ret (relaterat 2015) upplevt n\u00e5gon form av hot eller v\u00e5ld i sitt arbete. Var femte hade dessutom varit sjukskriven p\u00e5 grund av stress i mer \u00e4r tv\u00e5 veckor, enligt en unders\u00f6kning som Kyrkans Akademikerf\u00f6rbund l\u00e4t g\u00f6ra \u00e5r 2015.<\/p>\n<p>Handledning, avgr\u00e4nsning och tillsammansarbete ist\u00e4llet f\u00f6r ensamarbete kan vara n\u00e5gra av nycklarna till akuta \u00e5tg\u00e4rder. Att kontinuerligt p\u00e5minna om behovet av egen reflektionstid och \u00e5terh\u00e4mtning en annan. Bibelordet fr\u00e5n Markusevangeliet p\u00e5minner oss: <em>Han sade till dem: \u201dF\u00f6lj med mig bort till en \u00f6de trakt, s\u00e5 att vi f\u00e5r vara ensamma och ni kan vila er lite.\u201d Det var s\u00e5 m\u00e5nga som kom och gick att de inte ens fick tid att \u00e4ta. <\/em>(Mark 6:31)<\/p>\n<p>Men akuta insatser \u00e4r som att s\u00e4tta pl\u00e5ster p\u00e5 redan uppkomna skador. F\u00f6r effektiv f\u00f6r\u00e4ndring kr\u00e4vs st\u00f6rre insatser. Vi i Svenska kyrkan \u00e4r fantastiskt duktiga p\u00e5 att med god kompetens f\u00e5nga upp och st\u00f6tta m\u00e4nniskor i den l\u00e5nga v\u00e4gen tillbaka fr\u00e5n utmattning. Vi har meditativa gudstj\u00e4nster och m\u00e4ssor f\u00f6r stillhet och eftertanke och anordnar \u201dbara vara\u201d-dagar. Vi bedriver sociala f\u00f6retag och samtal med mera.<\/p>\n<p>Dessa insatser kan vara b\u00e5de akuta och f\u00f6rebyggande. Men nu \u00e4r det h\u00f6g tid att g\u00e5 ett steg l\u00e4ngre. Vi beh\u00f6ver en genomgripande f\u00f6r\u00e4ndring av v\u00e4rdegrund &#8211; ett gemensamt syns\u00e4tt d\u00e4r h\u00e4lsa f\u00e5r komma f\u00f6re arbete, en syn p\u00e5 oss d\u00e4r vi inte v\u00e4rderar varandra utifr\u00e5n prestation utan arbetar med andra identitetsmark\u00f6rer. Vi beh\u00f6ver tillsammans agera kraftfullt f\u00f6rebyggande: <strong>f\u00f6r\u00a0m\u00e4nniskov\u00e4rdet &#8211; inte f\u00f6r arbetsv\u00e4rdet.<\/strong><\/p>\n<p>Karin och Lotta p\u00e5 diakonibloggen<\/p>\n<p>Detta \u00e4r v\u00e5rt nya \u00e4mne p\u00e5 diakonibloggen.com. Har du egna erfarenheter, tankar och synpunkter kring temat? H\u00f6r g\u00e4rna av dig till diakoni.se@gmail.com.<\/p>\n","protected":false},"excerpt":{"rendered":"<p>En sen kv\u00e4ll n\u00e5s vi av nyheten att ytterligare en person i bekantskapskretsen blivit sjukskriven. Det \u00e4r tyv\u00e4rr ett alltf\u00f6r vanligt besked som vi n\u00e5tts av s\u00e5 m\u00e5nga g\u00e5nger de senaste \u00e5ren. Och varje g\u00e5ng \u00e4r en g\u00e5ng f\u00f6r mycket. Det r\u00e4cker nu! Under de senaste tio \u00e5ren har vi f\u00e5tt st\u00e5 vid sidan om [&hellip;]<\/p>\n","protected":false},"author":776,"featured_media":0,"comment_status":"open","ping_status":"open","sticky":false,"template":"","format":"standard","meta":{"_acf_changed":false,"footnotes":""},"categories":[23301,23302],"tags":[24544,25170,25176],"class_list":["post-6920","post","type-post","status-publish","format-standard","hentry","category-diakonalt-arbete","category-diakoni","tag-manniskovarde","tag-utbrandhet","tag-utmattningssyndrom"],"acf":[],"yoast_head":"<!-- This site is optimized with the Yoast SEO plugin v27.1.1 - https:\/\/yoast.com\/product\/yoast-seo-wordpress\/ -->\n<title>F\u00f6r m\u00e4nniskov\u00e4rdet - inte f\u00f6r arbetsv\u00e4rdet! - Diakonibloggen<\/title>\n<meta name=\"robots\" content=\"index, follow, max-snippet:-1, max-image-preview:large, max-video-preview:-1\" \/>\n<link rel=\"canonical\" href=\"https:\/\/blogg.svenskakyrkan.se\/diakonibloggen\/2019\/03\/17\/for-manniskovardet-inte-for-arbetsvardet\/\" \/>\n<meta property=\"og:locale\" content=\"sv_SE\" \/>\n<meta property=\"og:type\" content=\"article\" \/>\n<meta property=\"og:title\" content=\"F\u00f6r m\u00e4nniskov\u00e4rdet - inte f\u00f6r arbetsv\u00e4rdet! - Diakonibloggen\" \/>\n<meta property=\"og:description\" content=\"En sen kv\u00e4ll n\u00e5s vi av nyheten att ytterligare en person i bekantskapskretsen blivit sjukskriven. Det \u00e4r tyv\u00e4rr ett alltf\u00f6r vanligt besked som vi n\u00e5tts av s\u00e5 m\u00e5nga g\u00e5nger de senaste \u00e5ren. Och varje g\u00e5ng \u00e4r en g\u00e5ng f\u00f6r mycket. Det r\u00e4cker nu! Under de senaste tio \u00e5ren har vi f\u00e5tt st\u00e5 vid sidan om [&hellip;]\" \/>\n<meta property=\"og:url\" content=\"https:\/\/blogg.svenskakyrkan.se\/diakonibloggen\/2019\/03\/17\/for-manniskovardet-inte-for-arbetsvardet\/\" \/>\n<meta property=\"og:site_name\" content=\"Diakonibloggen\" \/>\n<meta property=\"article:published_time\" content=\"2019-03-17T19:21:35+00:00\" \/>\n<meta property=\"article:modified_time\" content=\"2020-12-17T15:16:27+00:00\" \/>\n<meta property=\"og:image\" content=\"http:\/\/blogg.svenskakyrkan.se\/diakonibloggen\/files\/2019\/03\/woman-3711719_1920.jpg?w=250\" \/>\n<meta name=\"author\" content=\"diakonibloggen\" \/>\n<meta name=\"twitter:card\" content=\"summary_large_image\" \/>\n<meta name=\"twitter:label1\" content=\"Skriven av\" \/>\n\t<meta name=\"twitter:data1\" content=\"diakonibloggen\" \/>\n\t<meta name=\"twitter:label2\" content=\"Ber\u00e4knad l\u00e4stid\" \/>\n\t<meta name=\"twitter:data2\" content=\"4 minuter\" \/>\n<script type=\"application\/ld+json\" class=\"yoast-schema-graph\">{\"@context\":\"https:\/\/schema.org\",\"@graph\":[{\"@type\":\"Article\",\"@id\":\"https:\/\/blogg.svenskakyrkan.se\/diakonibloggen\/2019\/03\/17\/for-manniskovardet-inte-for-arbetsvardet\/#article\",\"isPartOf\":{\"@id\":\"https:\/\/blogg.svenskakyrkan.se\/diakonibloggen\/2019\/03\/17\/for-manniskovardet-inte-for-arbetsvardet\/\"},\"author\":{\"name\":\"diakonibloggen\",\"@id\":\"https:\/\/blogg.svenskakyrkan.se\/diakonibloggen\/#\/schema\/person\/8f6a6fe8efab23c141c7e274fec6405f\"},\"headline\":\"F\u00f6r m\u00e4nniskov\u00e4rdet &#8211; inte f\u00f6r arbetsv\u00e4rdet!\",\"datePublished\":\"2019-03-17T19:21:35+00:00\",\"dateModified\":\"2020-12-17T15:16:27+00:00\",\"mainEntityOfPage\":{\"@id\":\"https:\/\/blogg.svenskakyrkan.se\/diakonibloggen\/2019\/03\/17\/for-manniskovardet-inte-for-arbetsvardet\/\"},\"wordCount\":749,\"commentCount\":0,\"image\":{\"@id\":\"https:\/\/blogg.svenskakyrkan.se\/diakonibloggen\/2019\/03\/17\/for-manniskovardet-inte-for-arbetsvardet\/#primaryimage\"},\"thumbnailUrl\":\"http:\/\/blogg.svenskakyrkan.se\/diakonibloggen\/files\/2019\/03\/woman-3711719_1920.jpg?w=250\",\"keywords\":[\"m\u00e4nniskov\u00e4rde\",\"utbr\u00e4ndhet\",\"utmattningssyndrom\"],\"articleSection\":[\"Diakonalt arbete\",\"diakoni\"],\"inLanguage\":\"sv-SE\",\"potentialAction\":[{\"@type\":\"CommentAction\",\"name\":\"Comment\",\"target\":[\"https:\/\/blogg.svenskakyrkan.se\/diakonibloggen\/2019\/03\/17\/for-manniskovardet-inte-for-arbetsvardet\/#respond\"]}]},{\"@type\":\"WebPage\",\"@id\":\"https:\/\/blogg.svenskakyrkan.se\/diakonibloggen\/2019\/03\/17\/for-manniskovardet-inte-for-arbetsvardet\/\",\"url\":\"https:\/\/blogg.svenskakyrkan.se\/diakonibloggen\/2019\/03\/17\/for-manniskovardet-inte-for-arbetsvardet\/\",\"name\":\"F\u00f6r m\u00e4nniskov\u00e4rdet - inte f\u00f6r arbetsv\u00e4rdet! - Diakonibloggen\",\"isPartOf\":{\"@id\":\"https:\/\/blogg.svenskakyrkan.se\/diakonibloggen\/#website\"},\"primaryImageOfPage\":{\"@id\":\"https:\/\/blogg.svenskakyrkan.se\/diakonibloggen\/2019\/03\/17\/for-manniskovardet-inte-for-arbetsvardet\/#primaryimage\"},\"image\":{\"@id\":\"https:\/\/blogg.svenskakyrkan.se\/diakonibloggen\/2019\/03\/17\/for-manniskovardet-inte-for-arbetsvardet\/#primaryimage\"},\"thumbnailUrl\":\"http:\/\/blogg.svenskakyrkan.se\/diakonibloggen\/files\/2019\/03\/woman-3711719_1920.jpg?w=250\",\"datePublished\":\"2019-03-17T19:21:35+00:00\",\"dateModified\":\"2020-12-17T15:16:27+00:00\",\"author\":{\"@id\":\"https:\/\/blogg.svenskakyrkan.se\/diakonibloggen\/#\/schema\/person\/8f6a6fe8efab23c141c7e274fec6405f\"},\"breadcrumb\":{\"@id\":\"https:\/\/blogg.svenskakyrkan.se\/diakonibloggen\/2019\/03\/17\/for-manniskovardet-inte-for-arbetsvardet\/#breadcrumb\"},\"inLanguage\":\"sv-SE\",\"potentialAction\":[{\"@type\":\"ReadAction\",\"target\":[\"https:\/\/blogg.svenskakyrkan.se\/diakonibloggen\/2019\/03\/17\/for-manniskovardet-inte-for-arbetsvardet\/\"]}]},{\"@type\":\"ImageObject\",\"inLanguage\":\"sv-SE\",\"@id\":\"https:\/\/blogg.svenskakyrkan.se\/diakonibloggen\/2019\/03\/17\/for-manniskovardet-inte-for-arbetsvardet\/#primaryimage\",\"url\":\"http:\/\/blogg.svenskakyrkan.se\/diakonibloggen\/files\/2019\/03\/woman-3711719_1920.jpg?w=250\",\"contentUrl\":\"http:\/\/blogg.svenskakyrkan.se\/diakonibloggen\/files\/2019\/03\/woman-3711719_1920.jpg?w=250\"},{\"@type\":\"BreadcrumbList\",\"@id\":\"https:\/\/blogg.svenskakyrkan.se\/diakonibloggen\/2019\/03\/17\/for-manniskovardet-inte-for-arbetsvardet\/#breadcrumb\",\"itemListElement\":[{\"@type\":\"ListItem\",\"position\":1,\"name\":\"Hem\",\"item\":\"https:\/\/blogg.svenskakyrkan.se\/diakonibloggen\/\"},{\"@type\":\"ListItem\",\"position\":2,\"name\":\"F\u00f6r m\u00e4nniskov\u00e4rdet &#8211; inte f\u00f6r arbetsv\u00e4rdet!\"}]},{\"@type\":\"WebSite\",\"@id\":\"https:\/\/blogg.svenskakyrkan.se\/diakonibloggen\/#website\",\"url\":\"https:\/\/blogg.svenskakyrkan.se\/diakonibloggen\/\",\"name\":\"Diakonibloggen\",\"description\":\"Vi lyfter fram, hyllar, diskuterar och inspirerar till diakonalt arbete inom och utanf\u00f6r Svenska kyrkans ramar.\",\"potentialAction\":[{\"@type\":\"SearchAction\",\"target\":{\"@type\":\"EntryPoint\",\"urlTemplate\":\"https:\/\/blogg.svenskakyrkan.se\/diakonibloggen\/?s={search_term_string}\"},\"query-input\":{\"@type\":\"PropertyValueSpecification\",\"valueRequired\":true,\"valueName\":\"search_term_string\"}}],\"inLanguage\":\"sv-SE\"},{\"@type\":\"Person\",\"@id\":\"https:\/\/blogg.svenskakyrkan.se\/diakonibloggen\/#\/schema\/person\/8f6a6fe8efab23c141c7e274fec6405f\",\"name\":\"diakonibloggen\",\"image\":{\"@type\":\"ImageObject\",\"inLanguage\":\"sv-SE\",\"@id\":\"https:\/\/blogg.svenskakyrkan.se\/diakonibloggen\/#\/schema\/person\/image\/\",\"url\":\"https:\/\/secure.gravatar.com\/avatar\/95c0ca86fd13e3d8c1b7b7e9864c9a2ccb7b48c6f756a3b5447bcc13dd630488?s=96&d=mm&r=g\",\"contentUrl\":\"https:\/\/secure.gravatar.com\/avatar\/95c0ca86fd13e3d8c1b7b7e9864c9a2ccb7b48c6f756a3b5447bcc13dd630488?s=96&d=mm&r=g\",\"caption\":\"diakonibloggen\"},\"url\":\"https:\/\/blogg.svenskakyrkan.se\/diakonibloggen\/author\/diakonibloggen\/\"}]}<\/script>\n<!-- \/ Yoast SEO plugin. -->","yoast_head_json":{"title":"F\u00f6r m\u00e4nniskov\u00e4rdet - inte f\u00f6r arbetsv\u00e4rdet! - Diakonibloggen","robots":{"index":"index","follow":"follow","max-snippet":"max-snippet:-1","max-image-preview":"max-image-preview:large","max-video-preview":"max-video-preview:-1"},"canonical":"https:\/\/blogg.svenskakyrkan.se\/diakonibloggen\/2019\/03\/17\/for-manniskovardet-inte-for-arbetsvardet\/","og_locale":"sv_SE","og_type":"article","og_title":"F\u00f6r m\u00e4nniskov\u00e4rdet - inte f\u00f6r arbetsv\u00e4rdet! - Diakonibloggen","og_description":"En sen kv\u00e4ll n\u00e5s vi av nyheten att ytterligare en person i bekantskapskretsen blivit sjukskriven. Det \u00e4r tyv\u00e4rr ett alltf\u00f6r vanligt besked som vi n\u00e5tts av s\u00e5 m\u00e5nga g\u00e5nger de senaste \u00e5ren. Och varje g\u00e5ng \u00e4r en g\u00e5ng f\u00f6r mycket. Det r\u00e4cker nu! Under de senaste tio \u00e5ren har vi f\u00e5tt st\u00e5 vid sidan om [&hellip;]","og_url":"https:\/\/blogg.svenskakyrkan.se\/diakonibloggen\/2019\/03\/17\/for-manniskovardet-inte-for-arbetsvardet\/","og_site_name":"Diakonibloggen","article_published_time":"2019-03-17T19:21:35+00:00","article_modified_time":"2020-12-17T15:16:27+00:00","og_image":[{"url":"http:\/\/blogg.svenskakyrkan.se\/diakonibloggen\/files\/2019\/03\/woman-3711719_1920.jpg?w=250","type":"","width":"","height":""}],"author":"diakonibloggen","twitter_card":"summary_large_image","twitter_misc":{"Skriven av":"diakonibloggen","Ber\u00e4knad l\u00e4stid":"4 minuter"},"schema":{"@context":"https:\/\/schema.org","@graph":[{"@type":"Article","@id":"https:\/\/blogg.svenskakyrkan.se\/diakonibloggen\/2019\/03\/17\/for-manniskovardet-inte-for-arbetsvardet\/#article","isPartOf":{"@id":"https:\/\/blogg.svenskakyrkan.se\/diakonibloggen\/2019\/03\/17\/for-manniskovardet-inte-for-arbetsvardet\/"},"author":{"name":"diakonibloggen","@id":"https:\/\/blogg.svenskakyrkan.se\/diakonibloggen\/#\/schema\/person\/8f6a6fe8efab23c141c7e274fec6405f"},"headline":"F\u00f6r m\u00e4nniskov\u00e4rdet &#8211; inte f\u00f6r arbetsv\u00e4rdet!","datePublished":"2019-03-17T19:21:35+00:00","dateModified":"2020-12-17T15:16:27+00:00","mainEntityOfPage":{"@id":"https:\/\/blogg.svenskakyrkan.se\/diakonibloggen\/2019\/03\/17\/for-manniskovardet-inte-for-arbetsvardet\/"},"wordCount":749,"commentCount":0,"image":{"@id":"https:\/\/blogg.svenskakyrkan.se\/diakonibloggen\/2019\/03\/17\/for-manniskovardet-inte-for-arbetsvardet\/#primaryimage"},"thumbnailUrl":"http:\/\/blogg.svenskakyrkan.se\/diakonibloggen\/files\/2019\/03\/woman-3711719_1920.jpg?w=250","keywords":["m\u00e4nniskov\u00e4rde","utbr\u00e4ndhet","utmattningssyndrom"],"articleSection":["Diakonalt arbete","diakoni"],"inLanguage":"sv-SE","potentialAction":[{"@type":"CommentAction","name":"Comment","target":["https:\/\/blogg.svenskakyrkan.se\/diakonibloggen\/2019\/03\/17\/for-manniskovardet-inte-for-arbetsvardet\/#respond"]}]},{"@type":"WebPage","@id":"https:\/\/blogg.svenskakyrkan.se\/diakonibloggen\/2019\/03\/17\/for-manniskovardet-inte-for-arbetsvardet\/","url":"https:\/\/blogg.svenskakyrkan.se\/diakonibloggen\/2019\/03\/17\/for-manniskovardet-inte-for-arbetsvardet\/","name":"F\u00f6r m\u00e4nniskov\u00e4rdet - inte f\u00f6r arbetsv\u00e4rdet! - Diakonibloggen","isPartOf":{"@id":"https:\/\/blogg.svenskakyrkan.se\/diakonibloggen\/#website"},"primaryImageOfPage":{"@id":"https:\/\/blogg.svenskakyrkan.se\/diakonibloggen\/2019\/03\/17\/for-manniskovardet-inte-for-arbetsvardet\/#primaryimage"},"image":{"@id":"https:\/\/blogg.svenskakyrkan.se\/diakonibloggen\/2019\/03\/17\/for-manniskovardet-inte-for-arbetsvardet\/#primaryimage"},"thumbnailUrl":"http:\/\/blogg.svenskakyrkan.se\/diakonibloggen\/files\/2019\/03\/woman-3711719_1920.jpg?w=250","datePublished":"2019-03-17T19:21:35+00:00","dateModified":"2020-12-17T15:16:27+00:00","author":{"@id":"https:\/\/blogg.svenskakyrkan.se\/diakonibloggen\/#\/schema\/person\/8f6a6fe8efab23c141c7e274fec6405f"},"breadcrumb":{"@id":"https:\/\/blogg.svenskakyrkan.se\/diakonibloggen\/2019\/03\/17\/for-manniskovardet-inte-for-arbetsvardet\/#breadcrumb"},"inLanguage":"sv-SE","potentialAction":[{"@type":"ReadAction","target":["https:\/\/blogg.svenskakyrkan.se\/diakonibloggen\/2019\/03\/17\/for-manniskovardet-inte-for-arbetsvardet\/"]}]},{"@type":"ImageObject","inLanguage":"sv-SE","@id":"https:\/\/blogg.svenskakyrkan.se\/diakonibloggen\/2019\/03\/17\/for-manniskovardet-inte-for-arbetsvardet\/#primaryimage","url":"http:\/\/blogg.svenskakyrkan.se\/diakonibloggen\/files\/2019\/03\/woman-3711719_1920.jpg?w=250","contentUrl":"http:\/\/blogg.svenskakyrkan.se\/diakonibloggen\/files\/2019\/03\/woman-3711719_1920.jpg?w=250"},{"@type":"BreadcrumbList","@id":"https:\/\/blogg.svenskakyrkan.se\/diakonibloggen\/2019\/03\/17\/for-manniskovardet-inte-for-arbetsvardet\/#breadcrumb","itemListElement":[{"@type":"ListItem","position":1,"name":"Hem","item":"https:\/\/blogg.svenskakyrkan.se\/diakonibloggen\/"},{"@type":"ListItem","position":2,"name":"F\u00f6r m\u00e4nniskov\u00e4rdet &#8211; inte f\u00f6r arbetsv\u00e4rdet!"}]},{"@type":"WebSite","@id":"https:\/\/blogg.svenskakyrkan.se\/diakonibloggen\/#website","url":"https:\/\/blogg.svenskakyrkan.se\/diakonibloggen\/","name":"Diakonibloggen","description":"Vi lyfter fram, hyllar, diskuterar och inspirerar till diakonalt arbete inom och utanf\u00f6r Svenska kyrkans ramar.","potentialAction":[{"@type":"SearchAction","target":{"@type":"EntryPoint","urlTemplate":"https:\/\/blogg.svenskakyrkan.se\/diakonibloggen\/?s={search_term_string}"},"query-input":{"@type":"PropertyValueSpecification","valueRequired":true,"valueName":"search_term_string"}}],"inLanguage":"sv-SE"},{"@type":"Person","@id":"https:\/\/blogg.svenskakyrkan.se\/diakonibloggen\/#\/schema\/person\/8f6a6fe8efab23c141c7e274fec6405f","name":"diakonibloggen","image":{"@type":"ImageObject","inLanguage":"sv-SE","@id":"https:\/\/blogg.svenskakyrkan.se\/diakonibloggen\/#\/schema\/person\/image\/","url":"https:\/\/secure.gravatar.com\/avatar\/95c0ca86fd13e3d8c1b7b7e9864c9a2ccb7b48c6f756a3b5447bcc13dd630488?s=96&d=mm&r=g","contentUrl":"https:\/\/secure.gravatar.com\/avatar\/95c0ca86fd13e3d8c1b7b7e9864c9a2ccb7b48c6f756a3b5447bcc13dd630488?s=96&d=mm&r=g","caption":"diakonibloggen"},"url":"https:\/\/blogg.svenskakyrkan.se\/diakonibloggen\/author\/diakonibloggen\/"}]}},"author_meta":{"ID":"776","user_nicename":"diakonibloggen","user_registered":"2020-12-17 14:50:06","display_name":"diakonibloggen","avatar":"https:\/\/blogg.svenskakyrkan.se\/diakonibloggen\/files\/2021\/02\/Sk\u00e4rmavbild-2019-04-12-kl.-14.20.54-150x150.png"},"featured_image":false,"bloginfo":{"name":"Diakonibloggen","url":"https:\/\/blogg.svenskakyrkan.se\/diakonibloggen"},"_links":{"self":[{"href":"https:\/\/blogg.svenskakyrkan.se\/diakonibloggen\/wp-json\/wp\/v2\/posts\/6920","targetHints":{"allow":["GET"]}}],"collection":[{"href":"https:\/\/blogg.svenskakyrkan.se\/diakonibloggen\/wp-json\/wp\/v2\/posts"}],"about":[{"href":"https:\/\/blogg.svenskakyrkan.se\/diakonibloggen\/wp-json\/wp\/v2\/types\/post"}],"author":[{"embeddable":true,"href":"https:\/\/blogg.svenskakyrkan.se\/diakonibloggen\/wp-json\/wp\/v2\/users\/776"}],"replies":[{"embeddable":true,"href":"https:\/\/blogg.svenskakyrkan.se\/diakonibloggen\/wp-json\/wp\/v2\/comments?post=6920"}],"version-history":[{"count":1,"href":"https:\/\/blogg.svenskakyrkan.se\/diakonibloggen\/wp-json\/wp\/v2\/posts\/6920\/revisions"}],"predecessor-version":[{"id":8294,"href":"https:\/\/blogg.svenskakyrkan.se\/diakonibloggen\/wp-json\/wp\/v2\/posts\/6920\/revisions\/8294"}],"wp:attachment":[{"href":"https:\/\/blogg.svenskakyrkan.se\/diakonibloggen\/wp-json\/wp\/v2\/media?parent=6920"}],"wp:term":[{"taxonomy":"category","embeddable":true,"href":"https:\/\/blogg.svenskakyrkan.se\/diakonibloggen\/wp-json\/wp\/v2\/categories?post=6920"},{"taxonomy":"post_tag","embeddable":true,"href":"https:\/\/blogg.svenskakyrkan.se\/diakonibloggen\/wp-json\/wp\/v2\/tags?post=6920"}],"curies":[{"name":"wp","href":"https:\/\/api.w.org\/{rel}","templated":true}]}}