{"id":6933,"date":"2019-04-25T15:36:47","date_gmt":"2019-04-25T15:36:47","guid":{"rendered":"http:\/\/diakonibloggen.com\/?p=6933"},"modified":"2020-12-17T15:16:27","modified_gmt":"2020-12-17T15:16:27","slug":"utanforskapet-maste-brytas-eller","status":"publish","type":"post","link":"https:\/\/blogg.svenskakyrkan.se\/diakonibloggen\/2019\/04\/25\/utanforskapet-maste-brytas-eller\/","title":{"rendered":"Utanf\u00f6rskapet m\u00e5ste brytas, eller?"},"content":{"rendered":"<p><a href=\"http:\/\/diakonibloggen.com\/2019\/04\/25\/utanforskapet-maste-brytas-eller\/personal-3108155_1920\/\" rel=\"attachment wp-att-6934\"><img loading=\"lazy\" decoding=\"async\" class=\"alignleft size-thumbnail wp-image-6934\" src=\"http:\/\/blogg.svenskakyrkan.se\/diakonibloggen\/files\/2019\/02\/personal-3108155_1920.jpg?w=250\" alt=\"\" width=\"250\" height=\"167\" srcset=\"https:\/\/blogg.svenskakyrkan.se\/diakonibloggen\/files\/2019\/02\/personal-3108155_1920.jpg 1920w, https:\/\/blogg.svenskakyrkan.se\/diakonibloggen\/files\/2019\/02\/personal-3108155_1920-300x200.jpg 300w, https:\/\/blogg.svenskakyrkan.se\/diakonibloggen\/files\/2019\/02\/personal-3108155_1920-1024x684.jpg 1024w, https:\/\/blogg.svenskakyrkan.se\/diakonibloggen\/files\/2019\/02\/personal-3108155_1920-768x513.jpg 768w, https:\/\/blogg.svenskakyrkan.se\/diakonibloggen\/files\/2019\/02\/personal-3108155_1920-1536x1026.jpg 1536w, https:\/\/blogg.svenskakyrkan.se\/diakonibloggen\/files\/2019\/02\/personal-3108155_1920-1200x801.jpg 1200w\" sizes=\"auto, (max-width: 250px) 100vw, 250px\" \/><\/a>Vi h\u00f6r det ofta, det s\u00e4gs av till exempel nyhetsuppl\u00e4sare, politiker och debatt\u00f6rer. Utanf\u00f6rskap &#8211; det\u00a0\u00e4r ett stort och tungt ord. Enligt Wikipedia betyder det f\u00f6ljande:<br \/>\n\u201dUtanf\u00f6rskap, utslagning eller marginalisering som inneb\u00e4r att en individ eller grupp befinner sig\u00a0utanf\u00f6r och k\u00e4nner sig vara utest\u00e4ngd fr\u00e5n gemenskap, exempelvis ett hem eller ett folk, dess\u00a0arbetsliv, kulturliv eller samh\u00e4llsliv.\u201d<\/p>\n<p>Jag t\u00e4nker ibland att om det finns ett utanf\u00f6rskap s\u00e5 finns det ocks\u00e5 ett innanf\u00f6rskap. Kan det f\u00f6rsta\u00a0brytas utan att det andra beh\u00f6ver g\u00f6ra n\u00e5got? \u00c4r kanske ordet utanf\u00f6rskap mest ett s\u00e4tt f\u00f6r oss att\u00a0peka p\u00e5 den ena sidan av ett problem? \u00c4r det vi kallar utanf\u00f6rskap i sj\u00e4lva verket en konsekvens av\u00a0att det finns ett innanf\u00f6rskap? \u00c4r det i sj\u00e4lva verket s\u00e5 att det helt enkelt handlar om olika former av\u00a0or\u00e4ttvisa, och att det egentligen \u00e4r innanf\u00f6rskapet som m\u00e5ste brytas, att det \u00e4r det vi ska prata om?\u00a0\u00c4r det kanske s\u00e5 att det \u00e4r i det v\u00e4lm\u00e5ende och v\u00e4lfungerande innanf\u00f6rskapet makten att f\u00f6r\u00e4ndra\u00a0finns?<\/p>\n<p>\u00c4r det s\u00e5 att vi innerst inne p\u00e5 n\u00e5got s\u00e4tt vet det och d\u00e4rf\u00f6r medvetet eller omedvetet v\u00e4ljer att peka\u00a0p\u00e5 utanf\u00f6rskapet och s\u00e4ga: \u201dDetta m\u00e5ste brytas, n\u00e5gon m\u00e5ste g\u00f6ra n\u00e5got\u201d? Borde vi inte s\u00e4ga: \u201dDetta\u00a0m\u00e5ste brytas, jag m\u00e5ste g\u00f6ra n\u00e5got\u201d?\u00a0Jag sj\u00e4lv \u00e4r till exempel f\u00f6dd in i innanf\u00f6rskap &#8211; det \u00e4r inte s\u00e5 ofta man reflekterar \u00f6ver s\u00e5dant. Jag har\u00a0inte k\u00e4mpat s\u00e4rskilt h\u00e5rt f\u00f6r att komma dit jag \u00e4r idag. Det \u00e4r tidigare generationers geografiska\u00a0f\u00f6rflyttningar, sociala status och arbete som b\u00e4r mig och mitt liv. Hur kan jag l\u00e5ta min plattform b\u00e4ra\u00a0fler?<\/p>\n<p>Det \u00e4r en utmaning f\u00f6r mig, att t\u00e4nka efter, att identifiera mitt innanf\u00f6rskap, att v\u00e5ga se hur det\u00a0p\u00e5verkar andra och hur jag kan bryta det. Jag tror att det \u00e4r d\u00e4r l\u00f6sningen finns f\u00f6r mycket av\u00a0det vi tycker \u00e4r problematiskt &#8211; d\u00e4r, alldeles n\u00e4ra oss sj\u00e4lva, inte bara l\u00e5ngt borta, hos \u201dde andra\u201d.\u00a0Innanf\u00f6rskapet m\u00e5ste brytas!<\/p>\n<p>Per-ivar \u00d6stmann<\/p>\n","protected":false},"excerpt":{"rendered":"<p>Vi h\u00f6r det ofta, det s\u00e4gs av till exempel nyhetsuppl\u00e4sare, politiker och debatt\u00f6rer. Utanf\u00f6rskap &#8211; det\u00a0\u00e4r ett stort och tungt ord. Enligt Wikipedia betyder det f\u00f6ljande: \u201dUtanf\u00f6rskap, utslagning eller marginalisering som inneb\u00e4r att en individ eller grupp befinner sig\u00a0utanf\u00f6r och k\u00e4nner sig vara utest\u00e4ngd fr\u00e5n gemenskap, exempelvis ett hem eller ett folk, dess\u00a0arbetsliv, kulturliv eller [&hellip;]<\/p>\n","protected":false},"author":776,"featured_media":0,"comment_status":"open","ping_status":"open","sticky":false,"template":"","format":"standard","meta":{"_acf_changed":false,"footnotes":""},"categories":[23301,23302],"tags":[24334,24720,25166],"class_list":["post-6933","post","type-post","status-publish","format-standard","hentry","category-diakonalt-arbete","category-diakoni","tag-kampaforvarendaunge","tag-per-ivar-ostmann","tag-utanforskap"],"acf":[],"yoast_head":"<!-- This site is optimized with the Yoast SEO plugin v27.1.1 - https:\/\/yoast.com\/product\/yoast-seo-wordpress\/ -->\n<title>Utanf\u00f6rskapet m\u00e5ste brytas, eller? - Diakonibloggen<\/title>\n<meta name=\"robots\" content=\"index, follow, max-snippet:-1, max-image-preview:large, max-video-preview:-1\" \/>\n<link rel=\"canonical\" href=\"https:\/\/blogg.svenskakyrkan.se\/diakonibloggen\/2019\/04\/25\/utanforskapet-maste-brytas-eller\/\" \/>\n<meta property=\"og:locale\" content=\"sv_SE\" \/>\n<meta property=\"og:type\" content=\"article\" \/>\n<meta property=\"og:title\" content=\"Utanf\u00f6rskapet m\u00e5ste brytas, eller? - Diakonibloggen\" \/>\n<meta property=\"og:description\" content=\"Vi h\u00f6r det ofta, det s\u00e4gs av till exempel nyhetsuppl\u00e4sare, politiker och debatt\u00f6rer. Utanf\u00f6rskap &#8211; det\u00a0\u00e4r ett stort och tungt ord. Enligt Wikipedia betyder det f\u00f6ljande: \u201dUtanf\u00f6rskap, utslagning eller marginalisering som inneb\u00e4r att en individ eller grupp befinner sig\u00a0utanf\u00f6r och k\u00e4nner sig vara utest\u00e4ngd fr\u00e5n gemenskap, exempelvis ett hem eller ett folk, dess\u00a0arbetsliv, kulturliv eller [&hellip;]\" \/>\n<meta property=\"og:url\" content=\"https:\/\/blogg.svenskakyrkan.se\/diakonibloggen\/2019\/04\/25\/utanforskapet-maste-brytas-eller\/\" \/>\n<meta property=\"og:site_name\" content=\"Diakonibloggen\" \/>\n<meta property=\"article:published_time\" content=\"2019-04-25T15:36:47+00:00\" \/>\n<meta property=\"article:modified_time\" content=\"2020-12-17T15:16:27+00:00\" \/>\n<meta property=\"og:image\" content=\"http:\/\/blogg.svenskakyrkan.se\/diakonibloggen\/files\/2019\/02\/personal-3108155_1920.jpg?w=250\" \/>\n<meta name=\"author\" content=\"diakonibloggen\" \/>\n<meta name=\"twitter:card\" content=\"summary_large_image\" \/>\n<meta name=\"twitter:label1\" content=\"Skriven av\" \/>\n\t<meta name=\"twitter:data1\" content=\"diakonibloggen\" \/>\n\t<meta name=\"twitter:label2\" content=\"Ber\u00e4knad l\u00e4stid\" \/>\n\t<meta name=\"twitter:data2\" content=\"2 minuter\" \/>\n<script type=\"application\/ld+json\" class=\"yoast-schema-graph\">{\"@context\":\"https:\/\/schema.org\",\"@graph\":[{\"@type\":\"Article\",\"@id\":\"https:\/\/blogg.svenskakyrkan.se\/diakonibloggen\/2019\/04\/25\/utanforskapet-maste-brytas-eller\/#article\",\"isPartOf\":{\"@id\":\"https:\/\/blogg.svenskakyrkan.se\/diakonibloggen\/2019\/04\/25\/utanforskapet-maste-brytas-eller\/\"},\"author\":{\"name\":\"diakonibloggen\",\"@id\":\"https:\/\/blogg.svenskakyrkan.se\/diakonibloggen\/#\/schema\/person\/8f6a6fe8efab23c141c7e274fec6405f\"},\"headline\":\"Utanf\u00f6rskapet m\u00e5ste brytas, eller?\",\"datePublished\":\"2019-04-25T15:36:47+00:00\",\"dateModified\":\"2020-12-17T15:16:27+00:00\",\"mainEntityOfPage\":{\"@id\":\"https:\/\/blogg.svenskakyrkan.se\/diakonibloggen\/2019\/04\/25\/utanforskapet-maste-brytas-eller\/\"},\"wordCount\":412,\"commentCount\":0,\"image\":{\"@id\":\"https:\/\/blogg.svenskakyrkan.se\/diakonibloggen\/2019\/04\/25\/utanforskapet-maste-brytas-eller\/#primaryimage\"},\"thumbnailUrl\":\"http:\/\/blogg.svenskakyrkan.se\/diakonibloggen\/files\/2019\/02\/personal-3108155_1920.jpg?w=250\",\"keywords\":[\"k\u00e4mpaf\u00f6rvarendaunge\",\"Per-Ivar \u00d6stmann\",\"utanf\u00f6rskap\"],\"articleSection\":[\"Diakonalt arbete\",\"diakoni\"],\"inLanguage\":\"sv-SE\",\"potentialAction\":[{\"@type\":\"CommentAction\",\"name\":\"Comment\",\"target\":[\"https:\/\/blogg.svenskakyrkan.se\/diakonibloggen\/2019\/04\/25\/utanforskapet-maste-brytas-eller\/#respond\"]}]},{\"@type\":\"WebPage\",\"@id\":\"https:\/\/blogg.svenskakyrkan.se\/diakonibloggen\/2019\/04\/25\/utanforskapet-maste-brytas-eller\/\",\"url\":\"https:\/\/blogg.svenskakyrkan.se\/diakonibloggen\/2019\/04\/25\/utanforskapet-maste-brytas-eller\/\",\"name\":\"Utanf\u00f6rskapet m\u00e5ste brytas, eller? - Diakonibloggen\",\"isPartOf\":{\"@id\":\"https:\/\/blogg.svenskakyrkan.se\/diakonibloggen\/#website\"},\"primaryImageOfPage\":{\"@id\":\"https:\/\/blogg.svenskakyrkan.se\/diakonibloggen\/2019\/04\/25\/utanforskapet-maste-brytas-eller\/#primaryimage\"},\"image\":{\"@id\":\"https:\/\/blogg.svenskakyrkan.se\/diakonibloggen\/2019\/04\/25\/utanforskapet-maste-brytas-eller\/#primaryimage\"},\"thumbnailUrl\":\"http:\/\/blogg.svenskakyrkan.se\/diakonibloggen\/files\/2019\/02\/personal-3108155_1920.jpg?w=250\",\"datePublished\":\"2019-04-25T15:36:47+00:00\",\"dateModified\":\"2020-12-17T15:16:27+00:00\",\"author\":{\"@id\":\"https:\/\/blogg.svenskakyrkan.se\/diakonibloggen\/#\/schema\/person\/8f6a6fe8efab23c141c7e274fec6405f\"},\"breadcrumb\":{\"@id\":\"https:\/\/blogg.svenskakyrkan.se\/diakonibloggen\/2019\/04\/25\/utanforskapet-maste-brytas-eller\/#breadcrumb\"},\"inLanguage\":\"sv-SE\",\"potentialAction\":[{\"@type\":\"ReadAction\",\"target\":[\"https:\/\/blogg.svenskakyrkan.se\/diakonibloggen\/2019\/04\/25\/utanforskapet-maste-brytas-eller\/\"]}]},{\"@type\":\"ImageObject\",\"inLanguage\":\"sv-SE\",\"@id\":\"https:\/\/blogg.svenskakyrkan.se\/diakonibloggen\/2019\/04\/25\/utanforskapet-maste-brytas-eller\/#primaryimage\",\"url\":\"http:\/\/blogg.svenskakyrkan.se\/diakonibloggen\/files\/2019\/02\/personal-3108155_1920.jpg?w=250\",\"contentUrl\":\"http:\/\/blogg.svenskakyrkan.se\/diakonibloggen\/files\/2019\/02\/personal-3108155_1920.jpg?w=250\"},{\"@type\":\"BreadcrumbList\",\"@id\":\"https:\/\/blogg.svenskakyrkan.se\/diakonibloggen\/2019\/04\/25\/utanforskapet-maste-brytas-eller\/#breadcrumb\",\"itemListElement\":[{\"@type\":\"ListItem\",\"position\":1,\"name\":\"Hem\",\"item\":\"https:\/\/blogg.svenskakyrkan.se\/diakonibloggen\/\"},{\"@type\":\"ListItem\",\"position\":2,\"name\":\"Utanf\u00f6rskapet m\u00e5ste brytas, eller?\"}]},{\"@type\":\"WebSite\",\"@id\":\"https:\/\/blogg.svenskakyrkan.se\/diakonibloggen\/#website\",\"url\":\"https:\/\/blogg.svenskakyrkan.se\/diakonibloggen\/\",\"name\":\"Diakonibloggen\",\"description\":\"Vi lyfter fram, hyllar, diskuterar och inspirerar till diakonalt arbete inom och utanf\u00f6r Svenska kyrkans ramar.\",\"potentialAction\":[{\"@type\":\"SearchAction\",\"target\":{\"@type\":\"EntryPoint\",\"urlTemplate\":\"https:\/\/blogg.svenskakyrkan.se\/diakonibloggen\/?s={search_term_string}\"},\"query-input\":{\"@type\":\"PropertyValueSpecification\",\"valueRequired\":true,\"valueName\":\"search_term_string\"}}],\"inLanguage\":\"sv-SE\"},{\"@type\":\"Person\",\"@id\":\"https:\/\/blogg.svenskakyrkan.se\/diakonibloggen\/#\/schema\/person\/8f6a6fe8efab23c141c7e274fec6405f\",\"name\":\"diakonibloggen\",\"image\":{\"@type\":\"ImageObject\",\"inLanguage\":\"sv-SE\",\"@id\":\"https:\/\/blogg.svenskakyrkan.se\/diakonibloggen\/#\/schema\/person\/image\/\",\"url\":\"https:\/\/secure.gravatar.com\/avatar\/95c0ca86fd13e3d8c1b7b7e9864c9a2ccb7b48c6f756a3b5447bcc13dd630488?s=96&d=mm&r=g\",\"contentUrl\":\"https:\/\/secure.gravatar.com\/avatar\/95c0ca86fd13e3d8c1b7b7e9864c9a2ccb7b48c6f756a3b5447bcc13dd630488?s=96&d=mm&r=g\",\"caption\":\"diakonibloggen\"},\"url\":\"https:\/\/blogg.svenskakyrkan.se\/diakonibloggen\/author\/diakonibloggen\/\"}]}<\/script>\n<!-- \/ Yoast SEO plugin. -->","yoast_head_json":{"title":"Utanf\u00f6rskapet m\u00e5ste brytas, eller? - Diakonibloggen","robots":{"index":"index","follow":"follow","max-snippet":"max-snippet:-1","max-image-preview":"max-image-preview:large","max-video-preview":"max-video-preview:-1"},"canonical":"https:\/\/blogg.svenskakyrkan.se\/diakonibloggen\/2019\/04\/25\/utanforskapet-maste-brytas-eller\/","og_locale":"sv_SE","og_type":"article","og_title":"Utanf\u00f6rskapet m\u00e5ste brytas, eller? - Diakonibloggen","og_description":"Vi h\u00f6r det ofta, det s\u00e4gs av till exempel nyhetsuppl\u00e4sare, politiker och debatt\u00f6rer. Utanf\u00f6rskap &#8211; det\u00a0\u00e4r ett stort och tungt ord. Enligt Wikipedia betyder det f\u00f6ljande: \u201dUtanf\u00f6rskap, utslagning eller marginalisering som inneb\u00e4r att en individ eller grupp befinner sig\u00a0utanf\u00f6r och k\u00e4nner sig vara utest\u00e4ngd fr\u00e5n gemenskap, exempelvis ett hem eller ett folk, dess\u00a0arbetsliv, kulturliv eller [&hellip;]","og_url":"https:\/\/blogg.svenskakyrkan.se\/diakonibloggen\/2019\/04\/25\/utanforskapet-maste-brytas-eller\/","og_site_name":"Diakonibloggen","article_published_time":"2019-04-25T15:36:47+00:00","article_modified_time":"2020-12-17T15:16:27+00:00","og_image":[{"url":"http:\/\/blogg.svenskakyrkan.se\/diakonibloggen\/files\/2019\/02\/personal-3108155_1920.jpg?w=250","type":"","width":"","height":""}],"author":"diakonibloggen","twitter_card":"summary_large_image","twitter_misc":{"Skriven av":"diakonibloggen","Ber\u00e4knad l\u00e4stid":"2 minuter"},"schema":{"@context":"https:\/\/schema.org","@graph":[{"@type":"Article","@id":"https:\/\/blogg.svenskakyrkan.se\/diakonibloggen\/2019\/04\/25\/utanforskapet-maste-brytas-eller\/#article","isPartOf":{"@id":"https:\/\/blogg.svenskakyrkan.se\/diakonibloggen\/2019\/04\/25\/utanforskapet-maste-brytas-eller\/"},"author":{"name":"diakonibloggen","@id":"https:\/\/blogg.svenskakyrkan.se\/diakonibloggen\/#\/schema\/person\/8f6a6fe8efab23c141c7e274fec6405f"},"headline":"Utanf\u00f6rskapet m\u00e5ste brytas, eller?","datePublished":"2019-04-25T15:36:47+00:00","dateModified":"2020-12-17T15:16:27+00:00","mainEntityOfPage":{"@id":"https:\/\/blogg.svenskakyrkan.se\/diakonibloggen\/2019\/04\/25\/utanforskapet-maste-brytas-eller\/"},"wordCount":412,"commentCount":0,"image":{"@id":"https:\/\/blogg.svenskakyrkan.se\/diakonibloggen\/2019\/04\/25\/utanforskapet-maste-brytas-eller\/#primaryimage"},"thumbnailUrl":"http:\/\/blogg.svenskakyrkan.se\/diakonibloggen\/files\/2019\/02\/personal-3108155_1920.jpg?w=250","keywords":["k\u00e4mpaf\u00f6rvarendaunge","Per-Ivar \u00d6stmann","utanf\u00f6rskap"],"articleSection":["Diakonalt arbete","diakoni"],"inLanguage":"sv-SE","potentialAction":[{"@type":"CommentAction","name":"Comment","target":["https:\/\/blogg.svenskakyrkan.se\/diakonibloggen\/2019\/04\/25\/utanforskapet-maste-brytas-eller\/#respond"]}]},{"@type":"WebPage","@id":"https:\/\/blogg.svenskakyrkan.se\/diakonibloggen\/2019\/04\/25\/utanforskapet-maste-brytas-eller\/","url":"https:\/\/blogg.svenskakyrkan.se\/diakonibloggen\/2019\/04\/25\/utanforskapet-maste-brytas-eller\/","name":"Utanf\u00f6rskapet m\u00e5ste brytas, eller? - Diakonibloggen","isPartOf":{"@id":"https:\/\/blogg.svenskakyrkan.se\/diakonibloggen\/#website"},"primaryImageOfPage":{"@id":"https:\/\/blogg.svenskakyrkan.se\/diakonibloggen\/2019\/04\/25\/utanforskapet-maste-brytas-eller\/#primaryimage"},"image":{"@id":"https:\/\/blogg.svenskakyrkan.se\/diakonibloggen\/2019\/04\/25\/utanforskapet-maste-brytas-eller\/#primaryimage"},"thumbnailUrl":"http:\/\/blogg.svenskakyrkan.se\/diakonibloggen\/files\/2019\/02\/personal-3108155_1920.jpg?w=250","datePublished":"2019-04-25T15:36:47+00:00","dateModified":"2020-12-17T15:16:27+00:00","author":{"@id":"https:\/\/blogg.svenskakyrkan.se\/diakonibloggen\/#\/schema\/person\/8f6a6fe8efab23c141c7e274fec6405f"},"breadcrumb":{"@id":"https:\/\/blogg.svenskakyrkan.se\/diakonibloggen\/2019\/04\/25\/utanforskapet-maste-brytas-eller\/#breadcrumb"},"inLanguage":"sv-SE","potentialAction":[{"@type":"ReadAction","target":["https:\/\/blogg.svenskakyrkan.se\/diakonibloggen\/2019\/04\/25\/utanforskapet-maste-brytas-eller\/"]}]},{"@type":"ImageObject","inLanguage":"sv-SE","@id":"https:\/\/blogg.svenskakyrkan.se\/diakonibloggen\/2019\/04\/25\/utanforskapet-maste-brytas-eller\/#primaryimage","url":"http:\/\/blogg.svenskakyrkan.se\/diakonibloggen\/files\/2019\/02\/personal-3108155_1920.jpg?w=250","contentUrl":"http:\/\/blogg.svenskakyrkan.se\/diakonibloggen\/files\/2019\/02\/personal-3108155_1920.jpg?w=250"},{"@type":"BreadcrumbList","@id":"https:\/\/blogg.svenskakyrkan.se\/diakonibloggen\/2019\/04\/25\/utanforskapet-maste-brytas-eller\/#breadcrumb","itemListElement":[{"@type":"ListItem","position":1,"name":"Hem","item":"https:\/\/blogg.svenskakyrkan.se\/diakonibloggen\/"},{"@type":"ListItem","position":2,"name":"Utanf\u00f6rskapet m\u00e5ste brytas, eller?"}]},{"@type":"WebSite","@id":"https:\/\/blogg.svenskakyrkan.se\/diakonibloggen\/#website","url":"https:\/\/blogg.svenskakyrkan.se\/diakonibloggen\/","name":"Diakonibloggen","description":"Vi lyfter fram, hyllar, diskuterar och inspirerar till diakonalt arbete inom och utanf\u00f6r Svenska kyrkans ramar.","potentialAction":[{"@type":"SearchAction","target":{"@type":"EntryPoint","urlTemplate":"https:\/\/blogg.svenskakyrkan.se\/diakonibloggen\/?s={search_term_string}"},"query-input":{"@type":"PropertyValueSpecification","valueRequired":true,"valueName":"search_term_string"}}],"inLanguage":"sv-SE"},{"@type":"Person","@id":"https:\/\/blogg.svenskakyrkan.se\/diakonibloggen\/#\/schema\/person\/8f6a6fe8efab23c141c7e274fec6405f","name":"diakonibloggen","image":{"@type":"ImageObject","inLanguage":"sv-SE","@id":"https:\/\/blogg.svenskakyrkan.se\/diakonibloggen\/#\/schema\/person\/image\/","url":"https:\/\/secure.gravatar.com\/avatar\/95c0ca86fd13e3d8c1b7b7e9864c9a2ccb7b48c6f756a3b5447bcc13dd630488?s=96&d=mm&r=g","contentUrl":"https:\/\/secure.gravatar.com\/avatar\/95c0ca86fd13e3d8c1b7b7e9864c9a2ccb7b48c6f756a3b5447bcc13dd630488?s=96&d=mm&r=g","caption":"diakonibloggen"},"url":"https:\/\/blogg.svenskakyrkan.se\/diakonibloggen\/author\/diakonibloggen\/"}]}},"author_meta":{"ID":"776","user_nicename":"diakonibloggen","user_registered":"2020-12-17 14:50:06","display_name":"diakonibloggen","avatar":"https:\/\/blogg.svenskakyrkan.se\/diakonibloggen\/files\/2021\/02\/Sk\u00e4rmavbild-2019-04-12-kl.-14.20.54-150x150.png"},"featured_image":false,"bloginfo":{"name":"Diakonibloggen","url":"https:\/\/blogg.svenskakyrkan.se\/diakonibloggen"},"_links":{"self":[{"href":"https:\/\/blogg.svenskakyrkan.se\/diakonibloggen\/wp-json\/wp\/v2\/posts\/6933","targetHints":{"allow":["GET"]}}],"collection":[{"href":"https:\/\/blogg.svenskakyrkan.se\/diakonibloggen\/wp-json\/wp\/v2\/posts"}],"about":[{"href":"https:\/\/blogg.svenskakyrkan.se\/diakonibloggen\/wp-json\/wp\/v2\/types\/post"}],"author":[{"embeddable":true,"href":"https:\/\/blogg.svenskakyrkan.se\/diakonibloggen\/wp-json\/wp\/v2\/users\/776"}],"replies":[{"embeddable":true,"href":"https:\/\/blogg.svenskakyrkan.se\/diakonibloggen\/wp-json\/wp\/v2\/comments?post=6933"}],"version-history":[{"count":1,"href":"https:\/\/blogg.svenskakyrkan.se\/diakonibloggen\/wp-json\/wp\/v2\/posts\/6933\/revisions"}],"predecessor-version":[{"id":8287,"href":"https:\/\/blogg.svenskakyrkan.se\/diakonibloggen\/wp-json\/wp\/v2\/posts\/6933\/revisions\/8287"}],"wp:attachment":[{"href":"https:\/\/blogg.svenskakyrkan.se\/diakonibloggen\/wp-json\/wp\/v2\/media?parent=6933"}],"wp:term":[{"taxonomy":"category","embeddable":true,"href":"https:\/\/blogg.svenskakyrkan.se\/diakonibloggen\/wp-json\/wp\/v2\/categories?post=6933"},{"taxonomy":"post_tag","embeddable":true,"href":"https:\/\/blogg.svenskakyrkan.se\/diakonibloggen\/wp-json\/wp\/v2\/tags?post=6933"}],"curies":[{"name":"wp","href":"https:\/\/api.w.org\/{rel}","templated":true}]}}