{"id":6964,"date":"2019-04-13T16:35:50","date_gmt":"2019-04-13T16:35:50","guid":{"rendered":"http:\/\/diakonibloggen.com\/?p=6964"},"modified":"2020-12-17T15:16:27","modified_gmt":"2020-12-17T15:16:27","slug":"nar-utsattheten-finns-i-var-egen-organisation","status":"publish","type":"post","link":"https:\/\/blogg.svenskakyrkan.se\/diakonibloggen\/2019\/04\/13\/nar-utsattheten-finns-i-var-egen-organisation\/","title":{"rendered":"N\u00e4r utsattheten finns i v\u00e5r egen organisation"},"content":{"rendered":"<p>Att protestera mot systemfel och situationer d\u00e4r m\u00e4nniskor far illa \u00e4r en del av\u00a0v\u00e5rt uppdrag som kyrka. Men n\u00e4r systemfel och utsatthet finns i v\u00e5r egen\u00a0organisation, hur hanterar vi det d\u00e5?<a href=\"http:\/\/diakonibloggen.com\/2019\/04\/13\/nar-utsattheten-finns-i-var-egen-organisation\/omslag\/\" rel=\"attachment wp-att-6965\"><img loading=\"lazy\" decoding=\"async\" class=\"alignleft wp-image-6965 size-thumbnail\" src=\"http:\/\/blogg.svenskakyrkan.se\/diakonibloggen\/files\/2019\/03\/omslag.jpg?w=177\" alt=\"\" width=\"177\" height=\"250\" srcset=\"https:\/\/blogg.svenskakyrkan.se\/diakonibloggen\/files\/2019\/03\/omslag.jpg 1807w, https:\/\/blogg.svenskakyrkan.se\/diakonibloggen\/files\/2019\/03\/omslag-213x300.jpg 213w, https:\/\/blogg.svenskakyrkan.se\/diakonibloggen\/files\/2019\/03\/omslag-725x1024.jpg 725w, https:\/\/blogg.svenskakyrkan.se\/diakonibloggen\/files\/2019\/03\/omslag-768x1084.jpg 768w, https:\/\/blogg.svenskakyrkan.se\/diakonibloggen\/files\/2019\/03\/omslag-1088x1536.jpg 1088w, https:\/\/blogg.svenskakyrkan.se\/diakonibloggen\/files\/2019\/03\/omslag-1451x2048.jpg 1451w, https:\/\/blogg.svenskakyrkan.se\/diakonibloggen\/files\/2019\/03\/omslag-1200x1694.jpg 1200w\" sizes=\"auto, (max-width: 177px) 100vw, 177px\" \/><\/a><\/p>\n<p>De senaste \u00e5ren har jag tr\u00e4ffat massor av kyrkoarbetare som, precis som jag,\u00a0blivit sjuka av stress. Vi \u00e4r s\u00e5 m\u00e5nga, att det borde vara tydligt att det inte\u00a0handlar om att enskilda individer blir sjuka. \u00c4nd\u00e5 har m\u00e5nga reagerat med skam\u00a0och skuldbel\u00e4ggande av sig sj\u00e4lva, snarare \u00e4n helig vrede \u00f6ver or\u00e4ttvisor,\u00a0gr\u00e4nsl\u00f6shetskultur och en kyrklig v\u00e4lvilja som sl\u00e5r slint. Varf\u00f6r?<\/p>\n<p>Svenskar \u00e4r Europas mest konfliktr\u00e4dda folk, enligt en unders\u00f6kning fr\u00e5n tidningen Chef, och det skulle inte f\u00f6rv\u00e5na mig om vi kyrkoarbetare ligger i topp.\u00a0Vi \u00e4r skolade i en kultur d\u00e4r vi s\u00e4ger ja, \u00e4r tillg\u00e4ngliga och tillm\u00f6tesg\u00e5ende, undviker att s\u00e5ra m\u00e4nniskor och f\u00f6rl\u00e5ter. Den h\u00e4r sn\u00e4llhetskulturen ligger l\u00e5ngt\u00a0ifr\u00e5n den r\u00e4ttm\u00e4tiga ilska som var Jesu drivkraft n\u00e4r han drev ut m\u00e5nglarna ur\u00a0templet och kallade faris\u00e9er f\u00f6r huggormsyngel.<\/p>\n<p>Om vi ska leva med Jesus som f\u00f6rebild beh\u00f6ver vi s\u00e4ga ifr\u00e5n. Det g\u00e4ller inte bara\u00a0n\u00e4r m\u00e4nniskor utanf\u00f6r kyrkan beh\u00f6ver det. Vi beh\u00f6ver ocks\u00e5 v\u00e4rna oss sj\u00e4lva\u00a0och \u2013 om det k\u00e4nns egoistiskt \u2013 v\u00e4rna varandra. Evangelierna ber\u00e4ttar att n\u00e4r\u00a0trycket varit f\u00f6r stort drog sig Jesus undan f\u00f6r att vara ifred och hitta sig sj\u00e4lv\u00a0igen. Att s\u00e4tta vettiga gr\u00e4nser, att inte g\u00e5 med p\u00e5 vad som helst, och att ta sig tid\u00a0att l\u00e4ka \u00e4r allts\u00e5 en mycket kristlig tradition.<\/p>\n<p><a href=\"http:\/\/diakonibloggen.com\/2019\/04\/13\/nar-utsattheten-finns-i-var-egen-organisation\/matilda_nyman_portr\/\" rel=\"attachment wp-att-6966\"><img loading=\"lazy\" decoding=\"async\" class=\"alignleft size-thumbnail wp-image-6966\" src=\"http:\/\/blogg.svenskakyrkan.se\/diakonibloggen\/files\/2019\/03\/matilda_nyman_portr.jpg?w=167\" alt=\"\" width=\"167\" height=\"250\" \/><\/a>Det kan handla om allt fr\u00e5n att ha avsatt tid till morgonb\u00f6n varje dag, att arbeta\u00a0enligt ett vettigt schema och hantera mejlen p\u00e5 ett klokt s\u00e4tt, till att ha en kultur\u00a0d\u00e4r en promenad efter ett jobbigt samtal ses som en garant f\u00f6r h\u00e4lsa och\u00a0professionalitet.<\/p>\n<p>Precis som ordet h\u00e5llbarhet blivit viktigt i debatten om v\u00e4rldens framtid, s\u00e5 \u00e4r\u00a0det viktigt f\u00f6r kyrkans framtid. Genom att v\u00e4rna oss sj\u00e4lva s\u00e4krar vi v\u00e5r f\u00f6rm\u00e5ga\u00a0att tj\u00e4na v\u00e5ra medm\u00e4nniskor och Gud. Och det \u00e4r ju det som \u00e4r v\u00e5rt uppdrag.<\/p>\n<p>Matilda Nyman<\/p>\n<p>L\u00e4s mer i Matildas bok:<a href=\"https:\/\/www.argument.se\/produkt\/gudstjanst-och-forsamling\/overlevnadsguide-for-praster\/\"> \u00d6verlevnadsguide f\u00f6r pr\u00e4ster<\/a><\/p>\n<p>Temat \u00e4r utmattning och stressrelaterad oh\u00e4lsa. Har du egna erfarenheter, tankar och synpunkter? H\u00f6r g\u00e4rna av dig till diakoni.se@gmail.com. \/Karin &amp; Lotta<\/p>\n","protected":false},"excerpt":{"rendered":"<p>Att protestera mot systemfel och situationer d\u00e4r m\u00e4nniskor far illa \u00e4r en del av\u00a0v\u00e5rt uppdrag som kyrka. Men n\u00e4r systemfel och utsatthet finns i v\u00e5r egen\u00a0organisation, hur hanterar vi det d\u00e5? De senaste \u00e5ren har jag tr\u00e4ffat massor av kyrkoarbetare som, precis som jag,\u00a0blivit sjuka av stress. Vi \u00e4r s\u00e5 m\u00e5nga, att det borde vara [&hellip;]<\/p>\n","protected":false},"author":776,"featured_media":0,"comment_status":"open","ping_status":"open","sticky":false,"template":"","format":"standard","meta":{"_acf_changed":false,"footnotes":""},"categories":[23301],"tags":[],"class_list":["post-6964","post","type-post","status-publish","format-standard","hentry","category-diakonalt-arbete"],"acf":[],"yoast_head":"<!-- This site is optimized with the Yoast SEO plugin v27.1.1 - https:\/\/yoast.com\/product\/yoast-seo-wordpress\/ -->\n<title>N\u00e4r utsattheten finns i v\u00e5r egen organisation - Diakonibloggen<\/title>\n<meta name=\"robots\" content=\"index, follow, max-snippet:-1, max-image-preview:large, max-video-preview:-1\" \/>\n<link rel=\"canonical\" href=\"https:\/\/blogg.svenskakyrkan.se\/diakonibloggen\/2019\/04\/13\/nar-utsattheten-finns-i-var-egen-organisation\/\" \/>\n<meta property=\"og:locale\" content=\"sv_SE\" \/>\n<meta property=\"og:type\" content=\"article\" \/>\n<meta property=\"og:title\" content=\"N\u00e4r utsattheten finns i v\u00e5r egen organisation - Diakonibloggen\" \/>\n<meta property=\"og:description\" content=\"Att protestera mot systemfel och situationer d\u00e4r m\u00e4nniskor far illa \u00e4r en del av\u00a0v\u00e5rt uppdrag som kyrka. Men n\u00e4r systemfel och utsatthet finns i v\u00e5r egen\u00a0organisation, hur hanterar vi det d\u00e5? De senaste \u00e5ren har jag tr\u00e4ffat massor av kyrkoarbetare som, precis som jag,\u00a0blivit sjuka av stress. Vi \u00e4r s\u00e5 m\u00e5nga, att det borde vara [&hellip;]\" \/>\n<meta property=\"og:url\" content=\"https:\/\/blogg.svenskakyrkan.se\/diakonibloggen\/2019\/04\/13\/nar-utsattheten-finns-i-var-egen-organisation\/\" \/>\n<meta property=\"og:site_name\" content=\"Diakonibloggen\" \/>\n<meta property=\"article:published_time\" content=\"2019-04-13T16:35:50+00:00\" \/>\n<meta property=\"article:modified_time\" content=\"2020-12-17T15:16:27+00:00\" \/>\n<meta property=\"og:image\" content=\"http:\/\/blogg.svenskakyrkan.se\/diakonibloggen\/files\/2019\/03\/omslag.jpg?w=177\" \/>\n<meta name=\"author\" content=\"diakonibloggen\" \/>\n<meta name=\"twitter:card\" content=\"summary_large_image\" \/>\n<meta name=\"twitter:label1\" content=\"Skriven av\" \/>\n\t<meta name=\"twitter:data1\" content=\"diakonibloggen\" \/>\n\t<meta name=\"twitter:label2\" content=\"Ber\u00e4knad l\u00e4stid\" \/>\n\t<meta name=\"twitter:data2\" content=\"2 minuter\" \/>\n<script type=\"application\/ld+json\" class=\"yoast-schema-graph\">{\"@context\":\"https:\/\/schema.org\",\"@graph\":[{\"@type\":\"Article\",\"@id\":\"https:\/\/blogg.svenskakyrkan.se\/diakonibloggen\/2019\/04\/13\/nar-utsattheten-finns-i-var-egen-organisation\/#article\",\"isPartOf\":{\"@id\":\"https:\/\/blogg.svenskakyrkan.se\/diakonibloggen\/2019\/04\/13\/nar-utsattheten-finns-i-var-egen-organisation\/\"},\"author\":{\"name\":\"diakonibloggen\",\"@id\":\"https:\/\/blogg.svenskakyrkan.se\/diakonibloggen\/#\/schema\/person\/8f6a6fe8efab23c141c7e274fec6405f\"},\"headline\":\"N\u00e4r utsattheten finns i v\u00e5r egen organisation\",\"datePublished\":\"2019-04-13T16:35:50+00:00\",\"dateModified\":\"2020-12-17T15:16:27+00:00\",\"mainEntityOfPage\":{\"@id\":\"https:\/\/blogg.svenskakyrkan.se\/diakonibloggen\/2019\/04\/13\/nar-utsattheten-finns-i-var-egen-organisation\/\"},\"wordCount\":465,\"commentCount\":0,\"image\":{\"@id\":\"https:\/\/blogg.svenskakyrkan.se\/diakonibloggen\/2019\/04\/13\/nar-utsattheten-finns-i-var-egen-organisation\/#primaryimage\"},\"thumbnailUrl\":\"http:\/\/blogg.svenskakyrkan.se\/diakonibloggen\/files\/2019\/03\/omslag.jpg?w=177\",\"articleSection\":[\"Diakonalt arbete\"],\"inLanguage\":\"sv-SE\",\"potentialAction\":[{\"@type\":\"CommentAction\",\"name\":\"Comment\",\"target\":[\"https:\/\/blogg.svenskakyrkan.se\/diakonibloggen\/2019\/04\/13\/nar-utsattheten-finns-i-var-egen-organisation\/#respond\"]}]},{\"@type\":\"WebPage\",\"@id\":\"https:\/\/blogg.svenskakyrkan.se\/diakonibloggen\/2019\/04\/13\/nar-utsattheten-finns-i-var-egen-organisation\/\",\"url\":\"https:\/\/blogg.svenskakyrkan.se\/diakonibloggen\/2019\/04\/13\/nar-utsattheten-finns-i-var-egen-organisation\/\",\"name\":\"N\u00e4r utsattheten finns i v\u00e5r egen organisation - Diakonibloggen\",\"isPartOf\":{\"@id\":\"https:\/\/blogg.svenskakyrkan.se\/diakonibloggen\/#website\"},\"primaryImageOfPage\":{\"@id\":\"https:\/\/blogg.svenskakyrkan.se\/diakonibloggen\/2019\/04\/13\/nar-utsattheten-finns-i-var-egen-organisation\/#primaryimage\"},\"image\":{\"@id\":\"https:\/\/blogg.svenskakyrkan.se\/diakonibloggen\/2019\/04\/13\/nar-utsattheten-finns-i-var-egen-organisation\/#primaryimage\"},\"thumbnailUrl\":\"http:\/\/blogg.svenskakyrkan.se\/diakonibloggen\/files\/2019\/03\/omslag.jpg?w=177\",\"datePublished\":\"2019-04-13T16:35:50+00:00\",\"dateModified\":\"2020-12-17T15:16:27+00:00\",\"author\":{\"@id\":\"https:\/\/blogg.svenskakyrkan.se\/diakonibloggen\/#\/schema\/person\/8f6a6fe8efab23c141c7e274fec6405f\"},\"breadcrumb\":{\"@id\":\"https:\/\/blogg.svenskakyrkan.se\/diakonibloggen\/2019\/04\/13\/nar-utsattheten-finns-i-var-egen-organisation\/#breadcrumb\"},\"inLanguage\":\"sv-SE\",\"potentialAction\":[{\"@type\":\"ReadAction\",\"target\":[\"https:\/\/blogg.svenskakyrkan.se\/diakonibloggen\/2019\/04\/13\/nar-utsattheten-finns-i-var-egen-organisation\/\"]}]},{\"@type\":\"ImageObject\",\"inLanguage\":\"sv-SE\",\"@id\":\"https:\/\/blogg.svenskakyrkan.se\/diakonibloggen\/2019\/04\/13\/nar-utsattheten-finns-i-var-egen-organisation\/#primaryimage\",\"url\":\"http:\/\/blogg.svenskakyrkan.se\/diakonibloggen\/files\/2019\/03\/omslag.jpg?w=177\",\"contentUrl\":\"http:\/\/blogg.svenskakyrkan.se\/diakonibloggen\/files\/2019\/03\/omslag.jpg?w=177\"},{\"@type\":\"BreadcrumbList\",\"@id\":\"https:\/\/blogg.svenskakyrkan.se\/diakonibloggen\/2019\/04\/13\/nar-utsattheten-finns-i-var-egen-organisation\/#breadcrumb\",\"itemListElement\":[{\"@type\":\"ListItem\",\"position\":1,\"name\":\"Hem\",\"item\":\"https:\/\/blogg.svenskakyrkan.se\/diakonibloggen\/\"},{\"@type\":\"ListItem\",\"position\":2,\"name\":\"N\u00e4r utsattheten finns i v\u00e5r egen organisation\"}]},{\"@type\":\"WebSite\",\"@id\":\"https:\/\/blogg.svenskakyrkan.se\/diakonibloggen\/#website\",\"url\":\"https:\/\/blogg.svenskakyrkan.se\/diakonibloggen\/\",\"name\":\"Diakonibloggen\",\"description\":\"Vi lyfter fram, hyllar, diskuterar och inspirerar till diakonalt arbete inom och utanf\u00f6r Svenska kyrkans ramar.\",\"potentialAction\":[{\"@type\":\"SearchAction\",\"target\":{\"@type\":\"EntryPoint\",\"urlTemplate\":\"https:\/\/blogg.svenskakyrkan.se\/diakonibloggen\/?s={search_term_string}\"},\"query-input\":{\"@type\":\"PropertyValueSpecification\",\"valueRequired\":true,\"valueName\":\"search_term_string\"}}],\"inLanguage\":\"sv-SE\"},{\"@type\":\"Person\",\"@id\":\"https:\/\/blogg.svenskakyrkan.se\/diakonibloggen\/#\/schema\/person\/8f6a6fe8efab23c141c7e274fec6405f\",\"name\":\"diakonibloggen\",\"image\":{\"@type\":\"ImageObject\",\"inLanguage\":\"sv-SE\",\"@id\":\"https:\/\/blogg.svenskakyrkan.se\/diakonibloggen\/#\/schema\/person\/image\/\",\"url\":\"https:\/\/secure.gravatar.com\/avatar\/95c0ca86fd13e3d8c1b7b7e9864c9a2ccb7b48c6f756a3b5447bcc13dd630488?s=96&d=mm&r=g\",\"contentUrl\":\"https:\/\/secure.gravatar.com\/avatar\/95c0ca86fd13e3d8c1b7b7e9864c9a2ccb7b48c6f756a3b5447bcc13dd630488?s=96&d=mm&r=g\",\"caption\":\"diakonibloggen\"},\"url\":\"https:\/\/blogg.svenskakyrkan.se\/diakonibloggen\/author\/diakonibloggen\/\"}]}<\/script>\n<!-- \/ Yoast SEO plugin. -->","yoast_head_json":{"title":"N\u00e4r utsattheten finns i v\u00e5r egen organisation - Diakonibloggen","robots":{"index":"index","follow":"follow","max-snippet":"max-snippet:-1","max-image-preview":"max-image-preview:large","max-video-preview":"max-video-preview:-1"},"canonical":"https:\/\/blogg.svenskakyrkan.se\/diakonibloggen\/2019\/04\/13\/nar-utsattheten-finns-i-var-egen-organisation\/","og_locale":"sv_SE","og_type":"article","og_title":"N\u00e4r utsattheten finns i v\u00e5r egen organisation - Diakonibloggen","og_description":"Att protestera mot systemfel och situationer d\u00e4r m\u00e4nniskor far illa \u00e4r en del av\u00a0v\u00e5rt uppdrag som kyrka. Men n\u00e4r systemfel och utsatthet finns i v\u00e5r egen\u00a0organisation, hur hanterar vi det d\u00e5? De senaste \u00e5ren har jag tr\u00e4ffat massor av kyrkoarbetare som, precis som jag,\u00a0blivit sjuka av stress. Vi \u00e4r s\u00e5 m\u00e5nga, att det borde vara [&hellip;]","og_url":"https:\/\/blogg.svenskakyrkan.se\/diakonibloggen\/2019\/04\/13\/nar-utsattheten-finns-i-var-egen-organisation\/","og_site_name":"Diakonibloggen","article_published_time":"2019-04-13T16:35:50+00:00","article_modified_time":"2020-12-17T15:16:27+00:00","og_image":[{"url":"http:\/\/blogg.svenskakyrkan.se\/diakonibloggen\/files\/2019\/03\/omslag.jpg?w=177","type":"","width":"","height":""}],"author":"diakonibloggen","twitter_card":"summary_large_image","twitter_misc":{"Skriven av":"diakonibloggen","Ber\u00e4knad l\u00e4stid":"2 minuter"},"schema":{"@context":"https:\/\/schema.org","@graph":[{"@type":"Article","@id":"https:\/\/blogg.svenskakyrkan.se\/diakonibloggen\/2019\/04\/13\/nar-utsattheten-finns-i-var-egen-organisation\/#article","isPartOf":{"@id":"https:\/\/blogg.svenskakyrkan.se\/diakonibloggen\/2019\/04\/13\/nar-utsattheten-finns-i-var-egen-organisation\/"},"author":{"name":"diakonibloggen","@id":"https:\/\/blogg.svenskakyrkan.se\/diakonibloggen\/#\/schema\/person\/8f6a6fe8efab23c141c7e274fec6405f"},"headline":"N\u00e4r utsattheten finns i v\u00e5r egen organisation","datePublished":"2019-04-13T16:35:50+00:00","dateModified":"2020-12-17T15:16:27+00:00","mainEntityOfPage":{"@id":"https:\/\/blogg.svenskakyrkan.se\/diakonibloggen\/2019\/04\/13\/nar-utsattheten-finns-i-var-egen-organisation\/"},"wordCount":465,"commentCount":0,"image":{"@id":"https:\/\/blogg.svenskakyrkan.se\/diakonibloggen\/2019\/04\/13\/nar-utsattheten-finns-i-var-egen-organisation\/#primaryimage"},"thumbnailUrl":"http:\/\/blogg.svenskakyrkan.se\/diakonibloggen\/files\/2019\/03\/omslag.jpg?w=177","articleSection":["Diakonalt arbete"],"inLanguage":"sv-SE","potentialAction":[{"@type":"CommentAction","name":"Comment","target":["https:\/\/blogg.svenskakyrkan.se\/diakonibloggen\/2019\/04\/13\/nar-utsattheten-finns-i-var-egen-organisation\/#respond"]}]},{"@type":"WebPage","@id":"https:\/\/blogg.svenskakyrkan.se\/diakonibloggen\/2019\/04\/13\/nar-utsattheten-finns-i-var-egen-organisation\/","url":"https:\/\/blogg.svenskakyrkan.se\/diakonibloggen\/2019\/04\/13\/nar-utsattheten-finns-i-var-egen-organisation\/","name":"N\u00e4r utsattheten finns i v\u00e5r egen organisation - Diakonibloggen","isPartOf":{"@id":"https:\/\/blogg.svenskakyrkan.se\/diakonibloggen\/#website"},"primaryImageOfPage":{"@id":"https:\/\/blogg.svenskakyrkan.se\/diakonibloggen\/2019\/04\/13\/nar-utsattheten-finns-i-var-egen-organisation\/#primaryimage"},"image":{"@id":"https:\/\/blogg.svenskakyrkan.se\/diakonibloggen\/2019\/04\/13\/nar-utsattheten-finns-i-var-egen-organisation\/#primaryimage"},"thumbnailUrl":"http:\/\/blogg.svenskakyrkan.se\/diakonibloggen\/files\/2019\/03\/omslag.jpg?w=177","datePublished":"2019-04-13T16:35:50+00:00","dateModified":"2020-12-17T15:16:27+00:00","author":{"@id":"https:\/\/blogg.svenskakyrkan.se\/diakonibloggen\/#\/schema\/person\/8f6a6fe8efab23c141c7e274fec6405f"},"breadcrumb":{"@id":"https:\/\/blogg.svenskakyrkan.se\/diakonibloggen\/2019\/04\/13\/nar-utsattheten-finns-i-var-egen-organisation\/#breadcrumb"},"inLanguage":"sv-SE","potentialAction":[{"@type":"ReadAction","target":["https:\/\/blogg.svenskakyrkan.se\/diakonibloggen\/2019\/04\/13\/nar-utsattheten-finns-i-var-egen-organisation\/"]}]},{"@type":"ImageObject","inLanguage":"sv-SE","@id":"https:\/\/blogg.svenskakyrkan.se\/diakonibloggen\/2019\/04\/13\/nar-utsattheten-finns-i-var-egen-organisation\/#primaryimage","url":"http:\/\/blogg.svenskakyrkan.se\/diakonibloggen\/files\/2019\/03\/omslag.jpg?w=177","contentUrl":"http:\/\/blogg.svenskakyrkan.se\/diakonibloggen\/files\/2019\/03\/omslag.jpg?w=177"},{"@type":"BreadcrumbList","@id":"https:\/\/blogg.svenskakyrkan.se\/diakonibloggen\/2019\/04\/13\/nar-utsattheten-finns-i-var-egen-organisation\/#breadcrumb","itemListElement":[{"@type":"ListItem","position":1,"name":"Hem","item":"https:\/\/blogg.svenskakyrkan.se\/diakonibloggen\/"},{"@type":"ListItem","position":2,"name":"N\u00e4r utsattheten finns i v\u00e5r egen organisation"}]},{"@type":"WebSite","@id":"https:\/\/blogg.svenskakyrkan.se\/diakonibloggen\/#website","url":"https:\/\/blogg.svenskakyrkan.se\/diakonibloggen\/","name":"Diakonibloggen","description":"Vi lyfter fram, hyllar, diskuterar och inspirerar till diakonalt arbete inom och utanf\u00f6r Svenska kyrkans ramar.","potentialAction":[{"@type":"SearchAction","target":{"@type":"EntryPoint","urlTemplate":"https:\/\/blogg.svenskakyrkan.se\/diakonibloggen\/?s={search_term_string}"},"query-input":{"@type":"PropertyValueSpecification","valueRequired":true,"valueName":"search_term_string"}}],"inLanguage":"sv-SE"},{"@type":"Person","@id":"https:\/\/blogg.svenskakyrkan.se\/diakonibloggen\/#\/schema\/person\/8f6a6fe8efab23c141c7e274fec6405f","name":"diakonibloggen","image":{"@type":"ImageObject","inLanguage":"sv-SE","@id":"https:\/\/blogg.svenskakyrkan.se\/diakonibloggen\/#\/schema\/person\/image\/","url":"https:\/\/secure.gravatar.com\/avatar\/95c0ca86fd13e3d8c1b7b7e9864c9a2ccb7b48c6f756a3b5447bcc13dd630488?s=96&d=mm&r=g","contentUrl":"https:\/\/secure.gravatar.com\/avatar\/95c0ca86fd13e3d8c1b7b7e9864c9a2ccb7b48c6f756a3b5447bcc13dd630488?s=96&d=mm&r=g","caption":"diakonibloggen"},"url":"https:\/\/blogg.svenskakyrkan.se\/diakonibloggen\/author\/diakonibloggen\/"}]}},"author_meta":{"ID":"776","user_nicename":"diakonibloggen","user_registered":"2020-12-17 14:50:06","display_name":"diakonibloggen","avatar":"https:\/\/blogg.svenskakyrkan.se\/diakonibloggen\/files\/2021\/02\/Sk\u00e4rmavbild-2019-04-12-kl.-14.20.54-150x150.png"},"featured_image":false,"bloginfo":{"name":"Diakonibloggen","url":"https:\/\/blogg.svenskakyrkan.se\/diakonibloggen"},"_links":{"self":[{"href":"https:\/\/blogg.svenskakyrkan.se\/diakonibloggen\/wp-json\/wp\/v2\/posts\/6964","targetHints":{"allow":["GET"]}}],"collection":[{"href":"https:\/\/blogg.svenskakyrkan.se\/diakonibloggen\/wp-json\/wp\/v2\/posts"}],"about":[{"href":"https:\/\/blogg.svenskakyrkan.se\/diakonibloggen\/wp-json\/wp\/v2\/types\/post"}],"author":[{"embeddable":true,"href":"https:\/\/blogg.svenskakyrkan.se\/diakonibloggen\/wp-json\/wp\/v2\/users\/776"}],"replies":[{"embeddable":true,"href":"https:\/\/blogg.svenskakyrkan.se\/diakonibloggen\/wp-json\/wp\/v2\/comments?post=6964"}],"version-history":[{"count":1,"href":"https:\/\/blogg.svenskakyrkan.se\/diakonibloggen\/wp-json\/wp\/v2\/posts\/6964\/revisions"}],"predecessor-version":[{"id":8289,"href":"https:\/\/blogg.svenskakyrkan.se\/diakonibloggen\/wp-json\/wp\/v2\/posts\/6964\/revisions\/8289"}],"wp:attachment":[{"href":"https:\/\/blogg.svenskakyrkan.se\/diakonibloggen\/wp-json\/wp\/v2\/media?parent=6964"}],"wp:term":[{"taxonomy":"category","embeddable":true,"href":"https:\/\/blogg.svenskakyrkan.se\/diakonibloggen\/wp-json\/wp\/v2\/categories?post=6964"},{"taxonomy":"post_tag","embeddable":true,"href":"https:\/\/blogg.svenskakyrkan.se\/diakonibloggen\/wp-json\/wp\/v2\/tags?post=6964"}],"curies":[{"name":"wp","href":"https:\/\/api.w.org\/{rel}","templated":true}]}}