{"id":6968,"date":"2019-04-07T18:05:10","date_gmt":"2019-04-07T18:05:10","guid":{"rendered":"http:\/\/diakonibloggen.com\/?p=6968"},"modified":"2020-12-17T15:16:27","modified_gmt":"2020-12-17T15:16:27","slug":"det-ar-inte-dig-det-ar-fel-pa","status":"publish","type":"post","link":"https:\/\/blogg.svenskakyrkan.se\/diakonibloggen\/2019\/04\/07\/det-ar-inte-dig-det-ar-fel-pa\/","title":{"rendered":"Det \u00e4r inte dig det \u00e4r fel p\u00e5!"},"content":{"rendered":"<p>T\u00e4nk dig att du \u00e4r ute och promenerar. R\u00e4tt som det \u00e4r kommer du fram till en sj\u00f6. Du g\u00e5r ned mot vattnet och uppt\u00e4cker att det ligger en massa fiskar och kippar efter andan uppe vid vattenytan. Sj\u00e4lvklart t\u00e4nker du inte: \u201dVad \u00e4r det f\u00f6r fel p\u00e5 fiskarna?\u201d utan: \u201dVad \u00e4r det f\u00f6r fel p\u00e5 vattnet som g\u00f6r att s\u00e5 m\u00e5nga fiskar m\u00e5r d\u00e5ligt?\u201d Situationen g\u00e4llande stressrelaterad oh\u00e4lsa i Sverige kan liknas vid bilden av sj\u00f6n och de sjuka fiskarna. Kanske \u00e4r det inte oss (fiskarna) det \u00e4r fel p\u00e5, utan p\u00e5 samh\u00e4llet (sj\u00f6n)? N\u00e4r s\u00e5 m\u00e5nga m\u00e4nniskor drabbas av psykisk oh\u00e4lsa \u00e4r det dags att lyfta fr\u00e5gan fr\u00e5n individ- till samh\u00e4llsniv\u00e5: &#8211; Vilka faktorer i v\u00e5rt samh\u00e4lle orsakar att s\u00e5 m\u00e5nga m\u00e4nniskor, b\u00e5de yngre och \u00e4ldre, blir sjukskrivna p\u00e5 grund av stress och psykisk oh\u00e4lsa? Hur kommer det sig att s\u00e5 m\u00e5nga m\u00e4nniskor far illa vi i v\u00e5rt p\u00e5 ytan v\u00e4lm\u00e5ende land?<\/p>\n<p>80 procent av l\u00e5ngtidssjukskrivningar i Sverige \u00e4r stressrelaterade. Var tredje tjej och var \u00e5ttonde kille p\u00e5 gymnasiet upplever sig vara stressade. Fyra g\u00e5nger fler unga kvinnor \u00e4n m\u00e4n drabbas av<br \/>\nutmattningsdepression. 47 procent av f\u00f6r\u00e4ldrar med hemmavarande barn under 18 \u00e5r uppger att de inte hinner med allt som beh\u00f6ver g\u00f6ras. F\u00f6r\u00e4ldrapar idag arbetar i genomsnitt 10 timmar mer<br \/>\nper vecka och konsumerar dubbelt s\u00e5 mycket \u00e4n f\u00f6r 30 \u00e5r sedan.<\/p>\n<p>I samband med mina f\u00f6rel\u00e4sningar brukar jag fr\u00e5ga vilka samh\u00e4llsf\u00f6r\u00e4ndringar \u00e5h\u00f6rarna lagt m\u00e4rke till de senaste tio \u00e5ren. De brukar n\u00e4mna:<br \/>\n1) Digitaliseringen &#8211; den st\u00e4ndiga uppkopplingen, vilken f\u00f6rsv\u00e5rar avkoppling. Den kan \u00e4ven orsaka mental f\u00f6rorening. En femtedel av den psykiska oh\u00e4lsan kan h\u00e4rledas till negativ<br \/>\nnyhetsrapportering.<br \/>\n2) Kommersialiseringen &#8211; vilken bland annat tar sig uttryck att fler och fler barn g\u00e5r omkring som levande reklampelare i dyra m\u00e4rkeskl\u00e4der och skor med AirPods i \u00f6ronen och den senaste<br \/>\nmobilen i fickan.<br \/>\n3) Resursminskningen &#8211; framf\u00f6r allt inom v\u00e5rd, skola och omsorg, vilket leder till underbemanning och d\u00e4rmed \u00f6verbelastning.<br \/>\nJag vill till\u00e4gga:<br \/>\n4) M\u00e4nniskov\u00e4rdesf\u00f6rminskningen &#8211; devalveringen av m\u00e4nniskov\u00e4rdet. I ett samh\u00e4lle d\u00e4r vi har reducerats fr\u00e5n Human BEings till Human DOings h\u00e4nder det n\u00e5got med oss. N\u00e4r vi pratar om<br \/>\nm\u00e4nniskor som varum\u00e4rken som ska leverera, prestera, optimera och maximera, urvattnas syftet med v\u00e5r existens. N\u00e4r vi definieras och v\u00e4rderas utifr\u00e5n vad vi kan g\u00f6ra, k\u00f6pa och hur mycket vi<br \/>\nsyns, riskerar vi att f\u00f6rlora v\u00e5rt sanna och lika v\u00e4rde.<\/p>\n<p>Fiskar kan d\u00f6 av syrebrist och det kan vi m\u00e4nniskor ocks\u00e5. Hela v\u00e5r varelse str\u00e4var efter j\u00e4mvikt och balans in p\u00e5 minsta cellniv\u00e5. Vi beh\u00f6ver andas in f\u00f6r att kunna andas ut. Vi beh\u00f6ver fylla p\u00e5<br \/>\nmed energi f\u00f6r att kunna g\u00f6ra av med energi. Vi beh\u00f6ver sova och vila f\u00f6r att kunna var aktiva. I v\u00e5rt samh\u00e4lle f\u00e5r m\u00e5nga m\u00e4nniskor inte tillr\u00e4ckligt med s\u00f6mn, vila och \u00e5terh\u00e4mtning. Vi blir<br \/>\nstillasittande framf\u00f6r sk\u00e4rmar och f\u00e5r f\u00f6r lite r\u00f6relse, dagsljus och naturupplevelser. Ett av de st\u00f6rsta hoten mot h\u00e4lsan \u00e4r social isolering och utanf\u00f6rskap. Den ensamhet vi inte v\u00e4ljer sj\u00e4lva \u00e4r lika farlig f\u00f6r h\u00e4lsan som missbruk av alkohol och r\u00f6kning och farligare \u00e4n stillasittande och fetma. Vi \u00e4r sociala varelser som beh\u00f6ver varandra. Vi beh\u00f6ver m\u00f6tesplatser d\u00e4r vi kan m\u00f6tas utan filter och dela med oss av v\u00e5ra utmaningar p\u00e5 livsresan. Vi beh\u00f6ver sluta sk\u00e4mmas \u00f6ver v\u00e5r bristf\u00e4llighet, sk\u00f6rhet och k\u00e4nslan av otillr\u00e4cklighet.<\/p>\n<div title=\"Page 1\">\n<div>\n<div>\n<div>\n<p>Vi beh\u00f6ver skapa ett samh\u00e4lle d\u00e4r vi f\u00e5r vara de vi \u00e4r t\u00e4nkta att vara &#8211; m\u00e4nniskor och inte maskiner. Vi beh\u00f6ver sluta avsk\u00e4rma oss, titta oss sj\u00e4lva och varandra i \u00f6gonen och fr\u00e5ga: \u201dVad \u00e4r viktigt p\u00e5 riktigt?\u201d och sedan hj\u00e4lpas \u00e5t att prioritera det vi v\u00e4rderar.\u00a0Vi beh\u00f6ver andrum. L\u00e5t oss ta en stund d\u00e5 vi st\u00e4nger av alla \u201dm\u00e5sten\u201d och \u201dborden\u201d och s\u00e4tta oss sk\u00f6nt till r\u00e4tta och andas djupt. Andas ut det som tynger och oroar. Andas in det som ger kraft och energi.<\/p>\n<\/div>\n<\/div>\n<\/div>\n<\/div>\n<div title=\"Page 2\">\n<div>\n<div>\n<div>\n<p>L\u00e5t oss skapa andh\u00e4mtningspauser och m\u00f6tesplatser med oss sj\u00e4lva och varandra mitt i v\u00e5r vardag. L\u00e5t oss ge utrymme f\u00f6r det som ger v\u00e5ra liv mening och syfte och hj\u00e4lpas \u00e5t att f\u00f6rs\u00f6ka \u201dhitta grejen\u201d &#8211; det som motiverar och inspirerar oss. L\u00e5t oss skapa en h\u00e4lsosam livsmilj\u00f6 d\u00e4r alla fem h\u00e4lsodimensioner tas med i ber\u00e4kningen: den fysiska, psykiska, sociala, ekologiska och existentiella h\u00e4lsan.<\/p>\n<p><a href=\"http:\/\/diakonibloggen.com\/2019\/04\/07\/det-ar-inte-dig-det-ar-fel-pa\/skarmavbild-2019-03-14-kl-14-59-19\/\" rel=\"attachment wp-att-6969\"><img loading=\"lazy\" decoding=\"async\" src=\"http:\/\/blogg.svenskakyrkan.se\/diakonibloggen\/files\/2019\/03\/skc3a4rmavbild-2019-03-14-kl.-14.59.19.png?w=239\" alt=\"\" width=\"239\" height=\"250\" \/> <\/a>N\u00e4sta g\u00e5ng du anklagar dig sj\u00e4lv och tror att det \u00e4r fel p\u00e5 dig f\u00f6r att du k\u00e4nner stress och press: fundera p\u00e5 hur ditt liv ser ut. Kanske \u00e4r det inte du som \u00e4r sjuk. Kanske \u00e4r dina stressymptom sunda reaktioner p\u00e5 en oh\u00e4lsosam arbetsmilj\u00f6 och en osund livssituation.\u00a0Det \u00e4r vi som har skapat och \u00e4r del av det samh\u00e4lle vi lever i. Om vi vill f\u00f6r\u00e4ndring beh\u00f6ver vi hj\u00e4lpas \u00e5t att vara och g\u00f6ra f\u00f6r\u00e4ndring.<\/p>\n<p>\u201dLivet p\u00e5 den h\u00e4r planeten blir aldrig b\u00e4ttre \u00e4n summan av hur vi bem\u00f6ter varandra varje dag.\u201d (Desmond Tutu).<\/p>\n<p>L\u00e5t oss underl\u00e4tta livet f\u00f6r varandra och med hj\u00e4lp av sm\u00e5, k\u00e4rleksfulla handlingar bidra till det samh\u00e4lle vi innerst inne l\u00e4ngtar efter och beh\u00f6ver. Ett varmare, medm\u00e4nskligare samh\u00e4lle d\u00e4r varje m\u00e4nniska v\u00e4rderas som person och inte enbart f\u00f6r sin prestation.<\/p>\n<p><a href=\"http:\/\/www.cajsatengblad.com\">Cajsa Tengblad<\/a><br \/>\n<a href=\"http:\/\/www.cajsatengblad.com\">h\u00e4lsopedagog, yrkesf\u00f6rel\u00e4sare, f\u00f6rfattare och diplomerad coach<\/a><\/p>\n<p>Temat \u00e4r utmattning och stressrelaterad oh\u00e4lsa. Har du egna erfarenheter, tankar och synpunkter? H\u00f6r g\u00e4rna av dig till diakoni.se@gmail.com. \/Karin &amp; Lotta<\/p>\n<\/div>\n<\/div>\n<\/div>\n<\/div>\n","protected":false},"excerpt":{"rendered":"<p>T\u00e4nk dig att du \u00e4r ute och promenerar. R\u00e4tt som det \u00e4r kommer du fram till en sj\u00f6. Du g\u00e5r ned mot vattnet och uppt\u00e4cker att det ligger en massa fiskar och kippar efter andan uppe vid vattenytan. Sj\u00e4lvklart t\u00e4nker du inte: \u201dVad \u00e4r det f\u00f6r fel p\u00e5 fiskarna?\u201d utan: \u201dVad \u00e4r det f\u00f6r fel [&hellip;]<\/p>\n","protected":false},"author":776,"featured_media":0,"comment_status":"open","ping_status":"open","sticky":false,"template":"","format":"standard","meta":{"_acf_changed":false,"footnotes":""},"categories":[23301,23302,23309,23320],"tags":[23690,24129,24996,24997],"class_list":["post-6968","post","type-post","status-publish","format-standard","hentry","category-diakonalt-arbete","category-diakoni","category-existentiell-halsa","category-psykisk-ohalsa","tag-cajsa-tengblad","tag-halsodimensioner","tag-stress","tag-stressrelaterad-ohalsa"],"acf":[],"yoast_head":"<!-- This site is optimized with the Yoast SEO plugin v27.1.1 - https:\/\/yoast.com\/product\/yoast-seo-wordpress\/ -->\n<title>Det \u00e4r inte dig det \u00e4r fel p\u00e5! - Diakonibloggen<\/title>\n<meta name=\"robots\" content=\"index, follow, max-snippet:-1, max-image-preview:large, max-video-preview:-1\" \/>\n<link rel=\"canonical\" href=\"https:\/\/blogg.svenskakyrkan.se\/diakonibloggen\/2019\/04\/07\/det-ar-inte-dig-det-ar-fel-pa\/\" \/>\n<meta property=\"og:locale\" content=\"sv_SE\" \/>\n<meta property=\"og:type\" content=\"article\" \/>\n<meta property=\"og:title\" content=\"Det \u00e4r inte dig det \u00e4r fel p\u00e5! - Diakonibloggen\" \/>\n<meta property=\"og:description\" content=\"T\u00e4nk dig att du \u00e4r ute och promenerar. R\u00e4tt som det \u00e4r kommer du fram till en sj\u00f6. Du g\u00e5r ned mot vattnet och uppt\u00e4cker att det ligger en massa fiskar och kippar efter andan uppe vid vattenytan. Sj\u00e4lvklart t\u00e4nker du inte: \u201dVad \u00e4r det f\u00f6r fel p\u00e5 fiskarna?\u201d utan: \u201dVad \u00e4r det f\u00f6r fel [&hellip;]\" \/>\n<meta property=\"og:url\" content=\"https:\/\/blogg.svenskakyrkan.se\/diakonibloggen\/2019\/04\/07\/det-ar-inte-dig-det-ar-fel-pa\/\" \/>\n<meta property=\"og:site_name\" content=\"Diakonibloggen\" \/>\n<meta property=\"article:published_time\" content=\"2019-04-07T18:05:10+00:00\" \/>\n<meta property=\"article:modified_time\" content=\"2020-12-17T15:16:27+00:00\" \/>\n<meta property=\"og:image\" content=\"http:\/\/blogg.svenskakyrkan.se\/diakonibloggen\/files\/2019\/03\/skc3a4rmavbild-2019-03-14-kl.-14.59.19.png?w=239\" \/>\n<meta name=\"author\" content=\"diakonibloggen\" \/>\n<meta name=\"twitter:card\" content=\"summary_large_image\" \/>\n<meta name=\"twitter:label1\" content=\"Skriven av\" \/>\n\t<meta name=\"twitter:data1\" content=\"diakonibloggen\" \/>\n\t<meta name=\"twitter:label2\" content=\"Ber\u00e4knad l\u00e4stid\" \/>\n\t<meta name=\"twitter:data2\" content=\"5 minuter\" \/>\n<script type=\"application\/ld+json\" class=\"yoast-schema-graph\">{\"@context\":\"https:\/\/schema.org\",\"@graph\":[{\"@type\":\"Article\",\"@id\":\"https:\/\/blogg.svenskakyrkan.se\/diakonibloggen\/2019\/04\/07\/det-ar-inte-dig-det-ar-fel-pa\/#article\",\"isPartOf\":{\"@id\":\"https:\/\/blogg.svenskakyrkan.se\/diakonibloggen\/2019\/04\/07\/det-ar-inte-dig-det-ar-fel-pa\/\"},\"author\":{\"name\":\"diakonibloggen\",\"@id\":\"https:\/\/blogg.svenskakyrkan.se\/diakonibloggen\/#\/schema\/person\/8f6a6fe8efab23c141c7e274fec6405f\"},\"headline\":\"Det \u00e4r inte dig det \u00e4r fel p\u00e5!\",\"datePublished\":\"2019-04-07T18:05:10+00:00\",\"dateModified\":\"2020-12-17T15:16:27+00:00\",\"mainEntityOfPage\":{\"@id\":\"https:\/\/blogg.svenskakyrkan.se\/diakonibloggen\/2019\/04\/07\/det-ar-inte-dig-det-ar-fel-pa\/\"},\"wordCount\":1076,\"commentCount\":1,\"image\":{\"@id\":\"https:\/\/blogg.svenskakyrkan.se\/diakonibloggen\/2019\/04\/07\/det-ar-inte-dig-det-ar-fel-pa\/#primaryimage\"},\"thumbnailUrl\":\"http:\/\/blogg.svenskakyrkan.se\/diakonibloggen\/files\/2019\/03\/skc3a4rmavbild-2019-03-14-kl.-14.59.19.png?w=239\",\"keywords\":[\"Cajsa Tengblad\",\"h\u00e4lsodimensioner\",\"stress\",\"stressrelaterad oh\u00e4lsa\"],\"articleSection\":[\"Diakonalt arbete\",\"diakoni\",\"existentiell h\u00e4lsa\",\"psykisk oh\u00e4lsa\"],\"inLanguage\":\"sv-SE\",\"potentialAction\":[{\"@type\":\"CommentAction\",\"name\":\"Comment\",\"target\":[\"https:\/\/blogg.svenskakyrkan.se\/diakonibloggen\/2019\/04\/07\/det-ar-inte-dig-det-ar-fel-pa\/#respond\"]}]},{\"@type\":\"WebPage\",\"@id\":\"https:\/\/blogg.svenskakyrkan.se\/diakonibloggen\/2019\/04\/07\/det-ar-inte-dig-det-ar-fel-pa\/\",\"url\":\"https:\/\/blogg.svenskakyrkan.se\/diakonibloggen\/2019\/04\/07\/det-ar-inte-dig-det-ar-fel-pa\/\",\"name\":\"Det \u00e4r inte dig det \u00e4r fel p\u00e5! - Diakonibloggen\",\"isPartOf\":{\"@id\":\"https:\/\/blogg.svenskakyrkan.se\/diakonibloggen\/#website\"},\"primaryImageOfPage\":{\"@id\":\"https:\/\/blogg.svenskakyrkan.se\/diakonibloggen\/2019\/04\/07\/det-ar-inte-dig-det-ar-fel-pa\/#primaryimage\"},\"image\":{\"@id\":\"https:\/\/blogg.svenskakyrkan.se\/diakonibloggen\/2019\/04\/07\/det-ar-inte-dig-det-ar-fel-pa\/#primaryimage\"},\"thumbnailUrl\":\"http:\/\/blogg.svenskakyrkan.se\/diakonibloggen\/files\/2019\/03\/skc3a4rmavbild-2019-03-14-kl.-14.59.19.png?w=239\",\"datePublished\":\"2019-04-07T18:05:10+00:00\",\"dateModified\":\"2020-12-17T15:16:27+00:00\",\"author\":{\"@id\":\"https:\/\/blogg.svenskakyrkan.se\/diakonibloggen\/#\/schema\/person\/8f6a6fe8efab23c141c7e274fec6405f\"},\"breadcrumb\":{\"@id\":\"https:\/\/blogg.svenskakyrkan.se\/diakonibloggen\/2019\/04\/07\/det-ar-inte-dig-det-ar-fel-pa\/#breadcrumb\"},\"inLanguage\":\"sv-SE\",\"potentialAction\":[{\"@type\":\"ReadAction\",\"target\":[\"https:\/\/blogg.svenskakyrkan.se\/diakonibloggen\/2019\/04\/07\/det-ar-inte-dig-det-ar-fel-pa\/\"]}]},{\"@type\":\"ImageObject\",\"inLanguage\":\"sv-SE\",\"@id\":\"https:\/\/blogg.svenskakyrkan.se\/diakonibloggen\/2019\/04\/07\/det-ar-inte-dig-det-ar-fel-pa\/#primaryimage\",\"url\":\"http:\/\/blogg.svenskakyrkan.se\/diakonibloggen\/files\/2019\/03\/skc3a4rmavbild-2019-03-14-kl.-14.59.19.png?w=239\",\"contentUrl\":\"http:\/\/blogg.svenskakyrkan.se\/diakonibloggen\/files\/2019\/03\/skc3a4rmavbild-2019-03-14-kl.-14.59.19.png?w=239\"},{\"@type\":\"BreadcrumbList\",\"@id\":\"https:\/\/blogg.svenskakyrkan.se\/diakonibloggen\/2019\/04\/07\/det-ar-inte-dig-det-ar-fel-pa\/#breadcrumb\",\"itemListElement\":[{\"@type\":\"ListItem\",\"position\":1,\"name\":\"Hem\",\"item\":\"https:\/\/blogg.svenskakyrkan.se\/diakonibloggen\/\"},{\"@type\":\"ListItem\",\"position\":2,\"name\":\"Det \u00e4r inte dig det \u00e4r fel p\u00e5!\"}]},{\"@type\":\"WebSite\",\"@id\":\"https:\/\/blogg.svenskakyrkan.se\/diakonibloggen\/#website\",\"url\":\"https:\/\/blogg.svenskakyrkan.se\/diakonibloggen\/\",\"name\":\"Diakonibloggen\",\"description\":\"Vi lyfter fram, hyllar, diskuterar och inspirerar till diakonalt arbete inom och utanf\u00f6r Svenska kyrkans ramar.\",\"potentialAction\":[{\"@type\":\"SearchAction\",\"target\":{\"@type\":\"EntryPoint\",\"urlTemplate\":\"https:\/\/blogg.svenskakyrkan.se\/diakonibloggen\/?s={search_term_string}\"},\"query-input\":{\"@type\":\"PropertyValueSpecification\",\"valueRequired\":true,\"valueName\":\"search_term_string\"}}],\"inLanguage\":\"sv-SE\"},{\"@type\":\"Person\",\"@id\":\"https:\/\/blogg.svenskakyrkan.se\/diakonibloggen\/#\/schema\/person\/8f6a6fe8efab23c141c7e274fec6405f\",\"name\":\"diakonibloggen\",\"image\":{\"@type\":\"ImageObject\",\"inLanguage\":\"sv-SE\",\"@id\":\"https:\/\/blogg.svenskakyrkan.se\/diakonibloggen\/#\/schema\/person\/image\/\",\"url\":\"https:\/\/secure.gravatar.com\/avatar\/95c0ca86fd13e3d8c1b7b7e9864c9a2ccb7b48c6f756a3b5447bcc13dd630488?s=96&d=mm&r=g\",\"contentUrl\":\"https:\/\/secure.gravatar.com\/avatar\/95c0ca86fd13e3d8c1b7b7e9864c9a2ccb7b48c6f756a3b5447bcc13dd630488?s=96&d=mm&r=g\",\"caption\":\"diakonibloggen\"},\"url\":\"https:\/\/blogg.svenskakyrkan.se\/diakonibloggen\/author\/diakonibloggen\/\"}]}<\/script>\n<!-- \/ Yoast SEO plugin. -->","yoast_head_json":{"title":"Det \u00e4r inte dig det \u00e4r fel p\u00e5! - Diakonibloggen","robots":{"index":"index","follow":"follow","max-snippet":"max-snippet:-1","max-image-preview":"max-image-preview:large","max-video-preview":"max-video-preview:-1"},"canonical":"https:\/\/blogg.svenskakyrkan.se\/diakonibloggen\/2019\/04\/07\/det-ar-inte-dig-det-ar-fel-pa\/","og_locale":"sv_SE","og_type":"article","og_title":"Det \u00e4r inte dig det \u00e4r fel p\u00e5! - Diakonibloggen","og_description":"T\u00e4nk dig att du \u00e4r ute och promenerar. R\u00e4tt som det \u00e4r kommer du fram till en sj\u00f6. Du g\u00e5r ned mot vattnet och uppt\u00e4cker att det ligger en massa fiskar och kippar efter andan uppe vid vattenytan. Sj\u00e4lvklart t\u00e4nker du inte: \u201dVad \u00e4r det f\u00f6r fel p\u00e5 fiskarna?\u201d utan: \u201dVad \u00e4r det f\u00f6r fel [&hellip;]","og_url":"https:\/\/blogg.svenskakyrkan.se\/diakonibloggen\/2019\/04\/07\/det-ar-inte-dig-det-ar-fel-pa\/","og_site_name":"Diakonibloggen","article_published_time":"2019-04-07T18:05:10+00:00","article_modified_time":"2020-12-17T15:16:27+00:00","og_image":[{"url":"http:\/\/blogg.svenskakyrkan.se\/diakonibloggen\/files\/2019\/03\/skc3a4rmavbild-2019-03-14-kl.-14.59.19.png?w=239","type":"","width":"","height":""}],"author":"diakonibloggen","twitter_card":"summary_large_image","twitter_misc":{"Skriven av":"diakonibloggen","Ber\u00e4knad l\u00e4stid":"5 minuter"},"schema":{"@context":"https:\/\/schema.org","@graph":[{"@type":"Article","@id":"https:\/\/blogg.svenskakyrkan.se\/diakonibloggen\/2019\/04\/07\/det-ar-inte-dig-det-ar-fel-pa\/#article","isPartOf":{"@id":"https:\/\/blogg.svenskakyrkan.se\/diakonibloggen\/2019\/04\/07\/det-ar-inte-dig-det-ar-fel-pa\/"},"author":{"name":"diakonibloggen","@id":"https:\/\/blogg.svenskakyrkan.se\/diakonibloggen\/#\/schema\/person\/8f6a6fe8efab23c141c7e274fec6405f"},"headline":"Det \u00e4r inte dig det \u00e4r fel p\u00e5!","datePublished":"2019-04-07T18:05:10+00:00","dateModified":"2020-12-17T15:16:27+00:00","mainEntityOfPage":{"@id":"https:\/\/blogg.svenskakyrkan.se\/diakonibloggen\/2019\/04\/07\/det-ar-inte-dig-det-ar-fel-pa\/"},"wordCount":1076,"commentCount":1,"image":{"@id":"https:\/\/blogg.svenskakyrkan.se\/diakonibloggen\/2019\/04\/07\/det-ar-inte-dig-det-ar-fel-pa\/#primaryimage"},"thumbnailUrl":"http:\/\/blogg.svenskakyrkan.se\/diakonibloggen\/files\/2019\/03\/skc3a4rmavbild-2019-03-14-kl.-14.59.19.png?w=239","keywords":["Cajsa Tengblad","h\u00e4lsodimensioner","stress","stressrelaterad oh\u00e4lsa"],"articleSection":["Diakonalt arbete","diakoni","existentiell h\u00e4lsa","psykisk oh\u00e4lsa"],"inLanguage":"sv-SE","potentialAction":[{"@type":"CommentAction","name":"Comment","target":["https:\/\/blogg.svenskakyrkan.se\/diakonibloggen\/2019\/04\/07\/det-ar-inte-dig-det-ar-fel-pa\/#respond"]}]},{"@type":"WebPage","@id":"https:\/\/blogg.svenskakyrkan.se\/diakonibloggen\/2019\/04\/07\/det-ar-inte-dig-det-ar-fel-pa\/","url":"https:\/\/blogg.svenskakyrkan.se\/diakonibloggen\/2019\/04\/07\/det-ar-inte-dig-det-ar-fel-pa\/","name":"Det \u00e4r inte dig det \u00e4r fel p\u00e5! - Diakonibloggen","isPartOf":{"@id":"https:\/\/blogg.svenskakyrkan.se\/diakonibloggen\/#website"},"primaryImageOfPage":{"@id":"https:\/\/blogg.svenskakyrkan.se\/diakonibloggen\/2019\/04\/07\/det-ar-inte-dig-det-ar-fel-pa\/#primaryimage"},"image":{"@id":"https:\/\/blogg.svenskakyrkan.se\/diakonibloggen\/2019\/04\/07\/det-ar-inte-dig-det-ar-fel-pa\/#primaryimage"},"thumbnailUrl":"http:\/\/blogg.svenskakyrkan.se\/diakonibloggen\/files\/2019\/03\/skc3a4rmavbild-2019-03-14-kl.-14.59.19.png?w=239","datePublished":"2019-04-07T18:05:10+00:00","dateModified":"2020-12-17T15:16:27+00:00","author":{"@id":"https:\/\/blogg.svenskakyrkan.se\/diakonibloggen\/#\/schema\/person\/8f6a6fe8efab23c141c7e274fec6405f"},"breadcrumb":{"@id":"https:\/\/blogg.svenskakyrkan.se\/diakonibloggen\/2019\/04\/07\/det-ar-inte-dig-det-ar-fel-pa\/#breadcrumb"},"inLanguage":"sv-SE","potentialAction":[{"@type":"ReadAction","target":["https:\/\/blogg.svenskakyrkan.se\/diakonibloggen\/2019\/04\/07\/det-ar-inte-dig-det-ar-fel-pa\/"]}]},{"@type":"ImageObject","inLanguage":"sv-SE","@id":"https:\/\/blogg.svenskakyrkan.se\/diakonibloggen\/2019\/04\/07\/det-ar-inte-dig-det-ar-fel-pa\/#primaryimage","url":"http:\/\/blogg.svenskakyrkan.se\/diakonibloggen\/files\/2019\/03\/skc3a4rmavbild-2019-03-14-kl.-14.59.19.png?w=239","contentUrl":"http:\/\/blogg.svenskakyrkan.se\/diakonibloggen\/files\/2019\/03\/skc3a4rmavbild-2019-03-14-kl.-14.59.19.png?w=239"},{"@type":"BreadcrumbList","@id":"https:\/\/blogg.svenskakyrkan.se\/diakonibloggen\/2019\/04\/07\/det-ar-inte-dig-det-ar-fel-pa\/#breadcrumb","itemListElement":[{"@type":"ListItem","position":1,"name":"Hem","item":"https:\/\/blogg.svenskakyrkan.se\/diakonibloggen\/"},{"@type":"ListItem","position":2,"name":"Det \u00e4r inte dig det \u00e4r fel p\u00e5!"}]},{"@type":"WebSite","@id":"https:\/\/blogg.svenskakyrkan.se\/diakonibloggen\/#website","url":"https:\/\/blogg.svenskakyrkan.se\/diakonibloggen\/","name":"Diakonibloggen","description":"Vi lyfter fram, hyllar, diskuterar och inspirerar till diakonalt arbete inom och utanf\u00f6r Svenska kyrkans ramar.","potentialAction":[{"@type":"SearchAction","target":{"@type":"EntryPoint","urlTemplate":"https:\/\/blogg.svenskakyrkan.se\/diakonibloggen\/?s={search_term_string}"},"query-input":{"@type":"PropertyValueSpecification","valueRequired":true,"valueName":"search_term_string"}}],"inLanguage":"sv-SE"},{"@type":"Person","@id":"https:\/\/blogg.svenskakyrkan.se\/diakonibloggen\/#\/schema\/person\/8f6a6fe8efab23c141c7e274fec6405f","name":"diakonibloggen","image":{"@type":"ImageObject","inLanguage":"sv-SE","@id":"https:\/\/blogg.svenskakyrkan.se\/diakonibloggen\/#\/schema\/person\/image\/","url":"https:\/\/secure.gravatar.com\/avatar\/95c0ca86fd13e3d8c1b7b7e9864c9a2ccb7b48c6f756a3b5447bcc13dd630488?s=96&d=mm&r=g","contentUrl":"https:\/\/secure.gravatar.com\/avatar\/95c0ca86fd13e3d8c1b7b7e9864c9a2ccb7b48c6f756a3b5447bcc13dd630488?s=96&d=mm&r=g","caption":"diakonibloggen"},"url":"https:\/\/blogg.svenskakyrkan.se\/diakonibloggen\/author\/diakonibloggen\/"}]}},"author_meta":{"ID":"776","user_nicename":"diakonibloggen","user_registered":"2020-12-17 14:50:06","display_name":"diakonibloggen","avatar":"https:\/\/blogg.svenskakyrkan.se\/diakonibloggen\/files\/2021\/02\/Sk\u00e4rmavbild-2019-04-12-kl.-14.20.54-150x150.png"},"featured_image":false,"bloginfo":{"name":"Diakonibloggen","url":"https:\/\/blogg.svenskakyrkan.se\/diakonibloggen"},"_links":{"self":[{"href":"https:\/\/blogg.svenskakyrkan.se\/diakonibloggen\/wp-json\/wp\/v2\/posts\/6968","targetHints":{"allow":["GET"]}}],"collection":[{"href":"https:\/\/blogg.svenskakyrkan.se\/diakonibloggen\/wp-json\/wp\/v2\/posts"}],"about":[{"href":"https:\/\/blogg.svenskakyrkan.se\/diakonibloggen\/wp-json\/wp\/v2\/types\/post"}],"author":[{"embeddable":true,"href":"https:\/\/blogg.svenskakyrkan.se\/diakonibloggen\/wp-json\/wp\/v2\/users\/776"}],"replies":[{"embeddable":true,"href":"https:\/\/blogg.svenskakyrkan.se\/diakonibloggen\/wp-json\/wp\/v2\/comments?post=6968"}],"version-history":[{"count":1,"href":"https:\/\/blogg.svenskakyrkan.se\/diakonibloggen\/wp-json\/wp\/v2\/posts\/6968\/revisions"}],"predecessor-version":[{"id":8290,"href":"https:\/\/blogg.svenskakyrkan.se\/diakonibloggen\/wp-json\/wp\/v2\/posts\/6968\/revisions\/8290"}],"wp:attachment":[{"href":"https:\/\/blogg.svenskakyrkan.se\/diakonibloggen\/wp-json\/wp\/v2\/media?parent=6968"}],"wp:term":[{"taxonomy":"category","embeddable":true,"href":"https:\/\/blogg.svenskakyrkan.se\/diakonibloggen\/wp-json\/wp\/v2\/categories?post=6968"},{"taxonomy":"post_tag","embeddable":true,"href":"https:\/\/blogg.svenskakyrkan.se\/diakonibloggen\/wp-json\/wp\/v2\/tags?post=6968"}],"curies":[{"name":"wp","href":"https:\/\/api.w.org\/{rel}","templated":true}]}}