{"id":6976,"date":"2019-03-22T14:55:11","date_gmt":"2019-03-22T14:55:11","guid":{"rendered":"http:\/\/diakonibloggen.com\/?p=6976"},"modified":"2020-12-17T15:16:27","modified_gmt":"2020-12-17T15:16:27","slug":"fler-som-sett-samma-sak","status":"publish","type":"post","link":"https:\/\/blogg.svenskakyrkan.se\/diakonibloggen\/2019\/03\/22\/fler-som-sett-samma-sak\/","title":{"rendered":"Fler som sett samma sak?"},"content":{"rendered":"<p>Diakonibloggen fick del av en frustration ang\u00e5ende asyls\u00f6kandes situation. Den delar vi med oss av idag. K\u00e4nner du igen dilemmat? Sn\u00e4lla, h\u00f6r av dig till diakoni.se@gmail.com, s\u00e5 f\u00f6rmedlar vi kontakt.<\/p>\n<p><strong>Vitt eller svart<\/strong><\/p>\n<p><a href=\"http:\/\/diakonibloggen.com\/2019\/03\/22\/fler-som-sett-samma-sak\/refugee-1555866_1920-2\/\" rel=\"attachment wp-att-6978\"><img loading=\"lazy\" decoding=\"async\" class=\"alignleft size-thumbnail wp-image-6978\" src=\"https:\/\/diakonibloggen.files.wordpress.com\/2019\/03\/refugee-1555866_1920.jpg?w=250\" alt=\"\" width=\"250\" height=\"167\" \/><\/a>De senaste veckorna har jag noterat ett \u00e5terkommande problem f\u00f6r asyls\u00f6kande som \u00e4r inne p\u00e5 sitt fj\u00e4rde \u00e5r i v\u00e4ntan p\u00e5 svar om uppeh\u00e5llstillst\u00e5nd. Samtliga har arbetstillst\u00e5nd och blivit erbjudna vitt jobb med l\u00f6n. Problemet \u00e4r att de inte kan f\u00e5 n\u00e5gon l\u00f6n eftersom de inte kan \u00f6ppna bankkonto utan personnummer. Skatteverkets samordningsnummer godk\u00e4nns numera inte av bankerna och i v\u00e5rt kontantl\u00f6sa samh\u00e4lle vill arbetsgivaren inte betala ut l\u00f6n p\u00e5 annat s\u00e4tt \u00e4n till registrerat bankkonto. Fr\u00e5n f\u00f6rsta dagen i Sverige f\u00e5r du som flykting noga inbankat att det \u00e4r viktigt att betala skatt. Men hur l\u00e4tt \u00e4r det d\u00e5 inte att ist\u00e4llet acceptera det vanskliga svartjobbet? Allt detta ovanp\u00e5 en redan frustrerad situation.<\/p>\n<p>Fler som sett samma sak?<\/p>\n<p>Ingrid Graaf<br \/>\ndiakon i Nybro pastorat<\/p>\n","protected":false},"excerpt":{"rendered":"<p>Diakonibloggen fick del av en frustration ang\u00e5ende asyls\u00f6kandes situation. Den delar vi med oss av idag. K\u00e4nner du igen dilemmat? Sn\u00e4lla, h\u00f6r av dig till diakoni.se@gmail.com, s\u00e5 f\u00f6rmedlar vi kontakt. Vitt eller svart De senaste veckorna har jag noterat ett \u00e5terkommande problem f\u00f6r asyls\u00f6kande som \u00e4r inne p\u00e5 sitt fj\u00e4rde \u00e5r i v\u00e4ntan p\u00e5 svar [&hellip;]<\/p>\n","protected":false},"author":776,"featured_media":0,"comment_status":"open","ping_status":"open","sticky":false,"template":"","format":"standard","meta":{"_acf_changed":false,"footnotes":""},"categories":[23301,23302,23310],"tags":[23478,23870,24839],"class_list":["post-6976","post","type-post","status-publish","format-standard","hentry","category-diakonalt-arbete","category-diakoni","category-flyktingar","tag-asylokande","tag-ensamkommande","tag-samordningsnummer"],"acf":[],"yoast_head":"<!-- This site is optimized with the Yoast SEO plugin v27.1.1 - https:\/\/yoast.com\/product\/yoast-seo-wordpress\/ -->\n<title>Fler som sett samma sak? - Diakonibloggen<\/title>\n<meta name=\"robots\" content=\"index, follow, max-snippet:-1, max-image-preview:large, max-video-preview:-1\" \/>\n<link rel=\"canonical\" href=\"https:\/\/blogg.svenskakyrkan.se\/diakonibloggen\/2019\/03\/22\/fler-som-sett-samma-sak\/\" \/>\n<meta property=\"og:locale\" content=\"sv_SE\" \/>\n<meta property=\"og:type\" content=\"article\" \/>\n<meta property=\"og:title\" content=\"Fler som sett samma sak? - Diakonibloggen\" \/>\n<meta property=\"og:description\" content=\"Diakonibloggen fick del av en frustration ang\u00e5ende asyls\u00f6kandes situation. Den delar vi med oss av idag. K\u00e4nner du igen dilemmat? Sn\u00e4lla, h\u00f6r av dig till diakoni.se@gmail.com, s\u00e5 f\u00f6rmedlar vi kontakt. Vitt eller svart De senaste veckorna har jag noterat ett \u00e5terkommande problem f\u00f6r asyls\u00f6kande som \u00e4r inne p\u00e5 sitt fj\u00e4rde \u00e5r i v\u00e4ntan p\u00e5 svar [&hellip;]\" \/>\n<meta property=\"og:url\" content=\"https:\/\/blogg.svenskakyrkan.se\/diakonibloggen\/2019\/03\/22\/fler-som-sett-samma-sak\/\" \/>\n<meta property=\"og:site_name\" content=\"Diakonibloggen\" \/>\n<meta property=\"article:published_time\" content=\"2019-03-22T14:55:11+00:00\" \/>\n<meta property=\"article:modified_time\" content=\"2020-12-17T15:16:27+00:00\" \/>\n<meta property=\"og:image\" content=\"https:\/\/diakonibloggen.files.wordpress.com\/2019\/03\/refugee-1555866_1920.jpg?w=250\" \/>\n<meta name=\"author\" content=\"diakonibloggen\" \/>\n<meta name=\"twitter:card\" content=\"summary_large_image\" \/>\n<meta name=\"twitter:label1\" content=\"Skriven av\" \/>\n\t<meta name=\"twitter:data1\" content=\"diakonibloggen\" \/>\n\t<meta name=\"twitter:label2\" content=\"Ber\u00e4knad l\u00e4stid\" \/>\n\t<meta name=\"twitter:data2\" content=\"1 minut\" \/>\n<script type=\"application\/ld+json\" class=\"yoast-schema-graph\">{\"@context\":\"https:\/\/schema.org\",\"@graph\":[{\"@type\":\"Article\",\"@id\":\"https:\/\/blogg.svenskakyrkan.se\/diakonibloggen\/2019\/03\/22\/fler-som-sett-samma-sak\/#article\",\"isPartOf\":{\"@id\":\"https:\/\/blogg.svenskakyrkan.se\/diakonibloggen\/2019\/03\/22\/fler-som-sett-samma-sak\/\"},\"author\":{\"name\":\"diakonibloggen\",\"@id\":\"https:\/\/blogg.svenskakyrkan.se\/diakonibloggen\/#\/schema\/person\/8f6a6fe8efab23c141c7e274fec6405f\"},\"headline\":\"Fler som sett samma sak?\",\"datePublished\":\"2019-03-22T14:55:11+00:00\",\"dateModified\":\"2020-12-17T15:16:27+00:00\",\"mainEntityOfPage\":{\"@id\":\"https:\/\/blogg.svenskakyrkan.se\/diakonibloggen\/2019\/03\/22\/fler-som-sett-samma-sak\/\"},\"wordCount\":193,\"commentCount\":0,\"image\":{\"@id\":\"https:\/\/blogg.svenskakyrkan.se\/diakonibloggen\/2019\/03\/22\/fler-som-sett-samma-sak\/#primaryimage\"},\"thumbnailUrl\":\"https:\/\/diakonibloggen.files.wordpress.com\/2019\/03\/refugee-1555866_1920.jpg?w=250\",\"keywords\":[\"asyl\u00f6kande\",\"ensamkommande\",\"samordningsnummer\"],\"articleSection\":[\"Diakonalt arbete\",\"diakoni\",\"flyktingar\"],\"inLanguage\":\"sv-SE\",\"potentialAction\":[{\"@type\":\"CommentAction\",\"name\":\"Comment\",\"target\":[\"https:\/\/blogg.svenskakyrkan.se\/diakonibloggen\/2019\/03\/22\/fler-som-sett-samma-sak\/#respond\"]}]},{\"@type\":\"WebPage\",\"@id\":\"https:\/\/blogg.svenskakyrkan.se\/diakonibloggen\/2019\/03\/22\/fler-som-sett-samma-sak\/\",\"url\":\"https:\/\/blogg.svenskakyrkan.se\/diakonibloggen\/2019\/03\/22\/fler-som-sett-samma-sak\/\",\"name\":\"Fler som sett samma sak? - Diakonibloggen\",\"isPartOf\":{\"@id\":\"https:\/\/blogg.svenskakyrkan.se\/diakonibloggen\/#website\"},\"primaryImageOfPage\":{\"@id\":\"https:\/\/blogg.svenskakyrkan.se\/diakonibloggen\/2019\/03\/22\/fler-som-sett-samma-sak\/#primaryimage\"},\"image\":{\"@id\":\"https:\/\/blogg.svenskakyrkan.se\/diakonibloggen\/2019\/03\/22\/fler-som-sett-samma-sak\/#primaryimage\"},\"thumbnailUrl\":\"https:\/\/diakonibloggen.files.wordpress.com\/2019\/03\/refugee-1555866_1920.jpg?w=250\",\"datePublished\":\"2019-03-22T14:55:11+00:00\",\"dateModified\":\"2020-12-17T15:16:27+00:00\",\"author\":{\"@id\":\"https:\/\/blogg.svenskakyrkan.se\/diakonibloggen\/#\/schema\/person\/8f6a6fe8efab23c141c7e274fec6405f\"},\"breadcrumb\":{\"@id\":\"https:\/\/blogg.svenskakyrkan.se\/diakonibloggen\/2019\/03\/22\/fler-som-sett-samma-sak\/#breadcrumb\"},\"inLanguage\":\"sv-SE\",\"potentialAction\":[{\"@type\":\"ReadAction\",\"target\":[\"https:\/\/blogg.svenskakyrkan.se\/diakonibloggen\/2019\/03\/22\/fler-som-sett-samma-sak\/\"]}]},{\"@type\":\"ImageObject\",\"inLanguage\":\"sv-SE\",\"@id\":\"https:\/\/blogg.svenskakyrkan.se\/diakonibloggen\/2019\/03\/22\/fler-som-sett-samma-sak\/#primaryimage\",\"url\":\"https:\/\/diakonibloggen.files.wordpress.com\/2019\/03\/refugee-1555866_1920.jpg?w=250\",\"contentUrl\":\"https:\/\/diakonibloggen.files.wordpress.com\/2019\/03\/refugee-1555866_1920.jpg?w=250\"},{\"@type\":\"BreadcrumbList\",\"@id\":\"https:\/\/blogg.svenskakyrkan.se\/diakonibloggen\/2019\/03\/22\/fler-som-sett-samma-sak\/#breadcrumb\",\"itemListElement\":[{\"@type\":\"ListItem\",\"position\":1,\"name\":\"Hem\",\"item\":\"https:\/\/blogg.svenskakyrkan.se\/diakonibloggen\/\"},{\"@type\":\"ListItem\",\"position\":2,\"name\":\"Fler som sett samma sak?\"}]},{\"@type\":\"WebSite\",\"@id\":\"https:\/\/blogg.svenskakyrkan.se\/diakonibloggen\/#website\",\"url\":\"https:\/\/blogg.svenskakyrkan.se\/diakonibloggen\/\",\"name\":\"Diakonibloggen\",\"description\":\"Vi lyfter fram, hyllar, diskuterar och inspirerar till diakonalt arbete inom och utanf\u00f6r Svenska kyrkans ramar.\",\"potentialAction\":[{\"@type\":\"SearchAction\",\"target\":{\"@type\":\"EntryPoint\",\"urlTemplate\":\"https:\/\/blogg.svenskakyrkan.se\/diakonibloggen\/?s={search_term_string}\"},\"query-input\":{\"@type\":\"PropertyValueSpecification\",\"valueRequired\":true,\"valueName\":\"search_term_string\"}}],\"inLanguage\":\"sv-SE\"},{\"@type\":\"Person\",\"@id\":\"https:\/\/blogg.svenskakyrkan.se\/diakonibloggen\/#\/schema\/person\/8f6a6fe8efab23c141c7e274fec6405f\",\"name\":\"diakonibloggen\",\"image\":{\"@type\":\"ImageObject\",\"inLanguage\":\"sv-SE\",\"@id\":\"https:\/\/blogg.svenskakyrkan.se\/diakonibloggen\/#\/schema\/person\/image\/\",\"url\":\"https:\/\/secure.gravatar.com\/avatar\/95c0ca86fd13e3d8c1b7b7e9864c9a2ccb7b48c6f756a3b5447bcc13dd630488?s=96&d=mm&r=g\",\"contentUrl\":\"https:\/\/secure.gravatar.com\/avatar\/95c0ca86fd13e3d8c1b7b7e9864c9a2ccb7b48c6f756a3b5447bcc13dd630488?s=96&d=mm&r=g\",\"caption\":\"diakonibloggen\"},\"url\":\"https:\/\/blogg.svenskakyrkan.se\/diakonibloggen\/author\/diakonibloggen\/\"}]}<\/script>\n<!-- \/ Yoast SEO plugin. -->","yoast_head_json":{"title":"Fler som sett samma sak? - Diakonibloggen","robots":{"index":"index","follow":"follow","max-snippet":"max-snippet:-1","max-image-preview":"max-image-preview:large","max-video-preview":"max-video-preview:-1"},"canonical":"https:\/\/blogg.svenskakyrkan.se\/diakonibloggen\/2019\/03\/22\/fler-som-sett-samma-sak\/","og_locale":"sv_SE","og_type":"article","og_title":"Fler som sett samma sak? - Diakonibloggen","og_description":"Diakonibloggen fick del av en frustration ang\u00e5ende asyls\u00f6kandes situation. Den delar vi med oss av idag. K\u00e4nner du igen dilemmat? Sn\u00e4lla, h\u00f6r av dig till diakoni.se@gmail.com, s\u00e5 f\u00f6rmedlar vi kontakt. Vitt eller svart De senaste veckorna har jag noterat ett \u00e5terkommande problem f\u00f6r asyls\u00f6kande som \u00e4r inne p\u00e5 sitt fj\u00e4rde \u00e5r i v\u00e4ntan p\u00e5 svar [&hellip;]","og_url":"https:\/\/blogg.svenskakyrkan.se\/diakonibloggen\/2019\/03\/22\/fler-som-sett-samma-sak\/","og_site_name":"Diakonibloggen","article_published_time":"2019-03-22T14:55:11+00:00","article_modified_time":"2020-12-17T15:16:27+00:00","og_image":[{"url":"https:\/\/diakonibloggen.files.wordpress.com\/2019\/03\/refugee-1555866_1920.jpg?w=250","type":"","width":"","height":""}],"author":"diakonibloggen","twitter_card":"summary_large_image","twitter_misc":{"Skriven av":"diakonibloggen","Ber\u00e4knad l\u00e4stid":"1 minut"},"schema":{"@context":"https:\/\/schema.org","@graph":[{"@type":"Article","@id":"https:\/\/blogg.svenskakyrkan.se\/diakonibloggen\/2019\/03\/22\/fler-som-sett-samma-sak\/#article","isPartOf":{"@id":"https:\/\/blogg.svenskakyrkan.se\/diakonibloggen\/2019\/03\/22\/fler-som-sett-samma-sak\/"},"author":{"name":"diakonibloggen","@id":"https:\/\/blogg.svenskakyrkan.se\/diakonibloggen\/#\/schema\/person\/8f6a6fe8efab23c141c7e274fec6405f"},"headline":"Fler som sett samma sak?","datePublished":"2019-03-22T14:55:11+00:00","dateModified":"2020-12-17T15:16:27+00:00","mainEntityOfPage":{"@id":"https:\/\/blogg.svenskakyrkan.se\/diakonibloggen\/2019\/03\/22\/fler-som-sett-samma-sak\/"},"wordCount":193,"commentCount":0,"image":{"@id":"https:\/\/blogg.svenskakyrkan.se\/diakonibloggen\/2019\/03\/22\/fler-som-sett-samma-sak\/#primaryimage"},"thumbnailUrl":"https:\/\/diakonibloggen.files.wordpress.com\/2019\/03\/refugee-1555866_1920.jpg?w=250","keywords":["asyl\u00f6kande","ensamkommande","samordningsnummer"],"articleSection":["Diakonalt arbete","diakoni","flyktingar"],"inLanguage":"sv-SE","potentialAction":[{"@type":"CommentAction","name":"Comment","target":["https:\/\/blogg.svenskakyrkan.se\/diakonibloggen\/2019\/03\/22\/fler-som-sett-samma-sak\/#respond"]}]},{"@type":"WebPage","@id":"https:\/\/blogg.svenskakyrkan.se\/diakonibloggen\/2019\/03\/22\/fler-som-sett-samma-sak\/","url":"https:\/\/blogg.svenskakyrkan.se\/diakonibloggen\/2019\/03\/22\/fler-som-sett-samma-sak\/","name":"Fler som sett samma sak? - Diakonibloggen","isPartOf":{"@id":"https:\/\/blogg.svenskakyrkan.se\/diakonibloggen\/#website"},"primaryImageOfPage":{"@id":"https:\/\/blogg.svenskakyrkan.se\/diakonibloggen\/2019\/03\/22\/fler-som-sett-samma-sak\/#primaryimage"},"image":{"@id":"https:\/\/blogg.svenskakyrkan.se\/diakonibloggen\/2019\/03\/22\/fler-som-sett-samma-sak\/#primaryimage"},"thumbnailUrl":"https:\/\/diakonibloggen.files.wordpress.com\/2019\/03\/refugee-1555866_1920.jpg?w=250","datePublished":"2019-03-22T14:55:11+00:00","dateModified":"2020-12-17T15:16:27+00:00","author":{"@id":"https:\/\/blogg.svenskakyrkan.se\/diakonibloggen\/#\/schema\/person\/8f6a6fe8efab23c141c7e274fec6405f"},"breadcrumb":{"@id":"https:\/\/blogg.svenskakyrkan.se\/diakonibloggen\/2019\/03\/22\/fler-som-sett-samma-sak\/#breadcrumb"},"inLanguage":"sv-SE","potentialAction":[{"@type":"ReadAction","target":["https:\/\/blogg.svenskakyrkan.se\/diakonibloggen\/2019\/03\/22\/fler-som-sett-samma-sak\/"]}]},{"@type":"ImageObject","inLanguage":"sv-SE","@id":"https:\/\/blogg.svenskakyrkan.se\/diakonibloggen\/2019\/03\/22\/fler-som-sett-samma-sak\/#primaryimage","url":"https:\/\/diakonibloggen.files.wordpress.com\/2019\/03\/refugee-1555866_1920.jpg?w=250","contentUrl":"https:\/\/diakonibloggen.files.wordpress.com\/2019\/03\/refugee-1555866_1920.jpg?w=250"},{"@type":"BreadcrumbList","@id":"https:\/\/blogg.svenskakyrkan.se\/diakonibloggen\/2019\/03\/22\/fler-som-sett-samma-sak\/#breadcrumb","itemListElement":[{"@type":"ListItem","position":1,"name":"Hem","item":"https:\/\/blogg.svenskakyrkan.se\/diakonibloggen\/"},{"@type":"ListItem","position":2,"name":"Fler som sett samma sak?"}]},{"@type":"WebSite","@id":"https:\/\/blogg.svenskakyrkan.se\/diakonibloggen\/#website","url":"https:\/\/blogg.svenskakyrkan.se\/diakonibloggen\/","name":"Diakonibloggen","description":"Vi lyfter fram, hyllar, diskuterar och inspirerar till diakonalt arbete inom och utanf\u00f6r Svenska kyrkans ramar.","potentialAction":[{"@type":"SearchAction","target":{"@type":"EntryPoint","urlTemplate":"https:\/\/blogg.svenskakyrkan.se\/diakonibloggen\/?s={search_term_string}"},"query-input":{"@type":"PropertyValueSpecification","valueRequired":true,"valueName":"search_term_string"}}],"inLanguage":"sv-SE"},{"@type":"Person","@id":"https:\/\/blogg.svenskakyrkan.se\/diakonibloggen\/#\/schema\/person\/8f6a6fe8efab23c141c7e274fec6405f","name":"diakonibloggen","image":{"@type":"ImageObject","inLanguage":"sv-SE","@id":"https:\/\/blogg.svenskakyrkan.se\/diakonibloggen\/#\/schema\/person\/image\/","url":"https:\/\/secure.gravatar.com\/avatar\/95c0ca86fd13e3d8c1b7b7e9864c9a2ccb7b48c6f756a3b5447bcc13dd630488?s=96&d=mm&r=g","contentUrl":"https:\/\/secure.gravatar.com\/avatar\/95c0ca86fd13e3d8c1b7b7e9864c9a2ccb7b48c6f756a3b5447bcc13dd630488?s=96&d=mm&r=g","caption":"diakonibloggen"},"url":"https:\/\/blogg.svenskakyrkan.se\/diakonibloggen\/author\/diakonibloggen\/"}]}},"author_meta":{"ID":"776","user_nicename":"diakonibloggen","user_registered":"2020-12-17 14:50:06","display_name":"diakonibloggen","avatar":"https:\/\/blogg.svenskakyrkan.se\/diakonibloggen\/files\/2021\/02\/Sk\u00e4rmavbild-2019-04-12-kl.-14.20.54-150x150.png"},"featured_image":false,"bloginfo":{"name":"Diakonibloggen","url":"https:\/\/blogg.svenskakyrkan.se\/diakonibloggen"},"_links":{"self":[{"href":"https:\/\/blogg.svenskakyrkan.se\/diakonibloggen\/wp-json\/wp\/v2\/posts\/6976","targetHints":{"allow":["GET"]}}],"collection":[{"href":"https:\/\/blogg.svenskakyrkan.se\/diakonibloggen\/wp-json\/wp\/v2\/posts"}],"about":[{"href":"https:\/\/blogg.svenskakyrkan.se\/diakonibloggen\/wp-json\/wp\/v2\/types\/post"}],"author":[{"embeddable":true,"href":"https:\/\/blogg.svenskakyrkan.se\/diakonibloggen\/wp-json\/wp\/v2\/users\/776"}],"replies":[{"embeddable":true,"href":"https:\/\/blogg.svenskakyrkan.se\/diakonibloggen\/wp-json\/wp\/v2\/comments?post=6976"}],"version-history":[{"count":1,"href":"https:\/\/blogg.svenskakyrkan.se\/diakonibloggen\/wp-json\/wp\/v2\/posts\/6976\/revisions"}],"predecessor-version":[{"id":8293,"href":"https:\/\/blogg.svenskakyrkan.se\/diakonibloggen\/wp-json\/wp\/v2\/posts\/6976\/revisions\/8293"}],"wp:attachment":[{"href":"https:\/\/blogg.svenskakyrkan.se\/diakonibloggen\/wp-json\/wp\/v2\/media?parent=6976"}],"wp:term":[{"taxonomy":"category","embeddable":true,"href":"https:\/\/blogg.svenskakyrkan.se\/diakonibloggen\/wp-json\/wp\/v2\/categories?post=6976"},{"taxonomy":"post_tag","embeddable":true,"href":"https:\/\/blogg.svenskakyrkan.se\/diakonibloggen\/wp-json\/wp\/v2\/tags?post=6976"}],"curies":[{"name":"wp","href":"https:\/\/api.w.org\/{rel}","templated":true}]}}