{"id":6990,"date":"2019-05-03T18:15:04","date_gmt":"2019-05-03T18:15:04","guid":{"rendered":"http:\/\/diakonibloggen.com\/?p=6990"},"modified":"2020-12-17T15:16:27","modified_gmt":"2020-12-17T15:16:27","slug":"politisk-och-profetisk-diakoni","status":"publish","type":"post","link":"https:\/\/blogg.svenskakyrkan.se\/diakonibloggen\/2019\/05\/03\/politisk-och-profetisk-diakoni\/","title":{"rendered":"Politisk och profetisk diakoni"},"content":{"rendered":"<p><a href=\"http:\/\/diakonibloggen.com\/2019\/05\/03\/politisk-och-profetisk-diakoni\/skarmavbild-2019-03-26-kl-11-42-03\/\" rel=\"attachment wp-att-6991\"><img loading=\"lazy\" decoding=\"async\" class=\"alignleft size-thumbnail wp-image-6991\" src=\"https:\/\/diakonibloggen.files.wordpress.com\/2019\/03\/skc3a4rmavbild-2019-03-26-kl.-11.42.03.png?w=166\" alt=\"\" width=\"166\" height=\"250\" \/><\/a>Nu i v\u00e5r har jag, tillsammans med ett g\u00e4ng fantastiska medf\u00f6rfattare, sl\u00e4ppt en bok som heter \u201dPolitisk och profetisk diakoni\u201d. Den handlar om kyrkans r\u00f6stb\u00e4rande roll och om hur diakonin m\u00e5ste utmana den makt som f\u00f6rtrycker, om vi menar allvar med att vi ska st\u00e5 p\u00e5 de f\u00f6rtrycktas sida.<\/p>\n<p>De mest effektiva formerna f\u00f6r den profetiska diakonin \u00e4r de l\u00e5ngsiktigt f\u00f6rebyggande, universellt riktade handlingarna. Att bygga gemenskaper, visa alternativ till den m\u00e4nniskosyn som reducerar oss till konsumenter och producenter och att st\u00e4rka individer att tro p\u00e5 Gud &#8211; i oss och i v\u00e4rlden omkring oss. Att i handling vara med och bidra till att allt st\u00f6rre glimtar av gudsriket skiner igenom.<\/p>\n<p>Men ibland kommer vi till en punkt d\u00e4r det vardagliga arbetet inte r\u00e4cker. N\u00e4r etablerade former f\u00f6r p\u00e5verkan inte \u00e4r nog, inte ger resul\u00adtat och inte n\u00e5r ut. N\u00e4r det beh\u00f6vs n\u00e5got mer \u00e4n dialog och l\u00e5ngsiktiga samverkansstrategier, n\u00e4r makthavare p\u00e5 olika niv\u00e5er eller en tyst majoritet m\u00e5ste tvingas eller v\u00e4ckas f\u00f6r att \u00e4ndra sig. N\u00e4r allt annat fallerat och det verkar vara n\u00e5gon form av offentlig konfrontation, aktivism, som \u00e5terst\u00e5r. Vad g\u00f6r vi d\u00e5? Vilka konkreta verktyg och metoder finns?<\/p>\n<p>De m\u00f6jliga uttrycksformerna \u00e4r m\u00e5nga. Vissa former av aktivism \u00e4r grundlagsskyddade, medan andra \u00e4r tveksamma eller rentav olagliga. Si\u00adtuationen och det egna samvetet m\u00e5ste avg\u00f6ra i valet av b\u00e4sta metod. H\u00e4r \u00e4r ett utdrag ur boken, fr\u00e5n kapitlet \u201dAktivistens ABC\u201d:<\/p>\n<p><strong>\u00a0<\/strong><strong>Affischera <\/strong>\u2013 sprid ert budskap p\u00e5 gator och torg. P\u00e5 tavlor f\u00f6r f\u00f6renings\u00admeddelanden, genom betalda affischpelare, i den lokala livsmedelsbutiken eller d\u00e4r ni finner l\u00e4mpligt. Kanske till och med spika upp n\u00e5got p\u00e5 en kyrkport?<\/p>\n<p><strong>Brevkampanja <\/strong>\u2013 skriv till makthavare och ber\u00e4tta f\u00f6r dem vad de borde g\u00f6ra eller inte g\u00f6ra, mobilisera andra att skriva. En ensam mejlare kan vara l\u00e4tt att bortse fr\u00e5n, men det beh\u00f6vs ofta inte m\u00e5nga f\u00f6r att det ska upplevas som en folkstorm.<\/p>\n<p><strong>Civil olydnad <\/strong>\u2013 inneb\u00e4r att helt enkelt v\u00e4gra acceptera eller f\u00f6lja or\u00e4tt\u00advisa myndighetsbeslut och g\u00f6ra aktivt motst\u00e5nd. Enligt Greenpeace har den civila olydnaden f\u00f6ljande fyra grundprinciper: inget v\u00e5ld, ingen skade\u00adg\u00f6relse, \u00f6ppenhet, ansvarstagande. Det kan handla om att hindra n\u00e5got oetiskt som milj\u00f6f\u00f6rst\u00f6ring, vapenexport, avr\u00e4ttning eller rovfiske. Att g\u00f6mma flyktingar som ska utvisas eller att \u00f6ppet utf\u00f6ra olagliga handlingar (att strejka eller demonstrera d\u00e4r det \u00e4r olagligt eller v\u00e4gra lyda milit\u00e4ra order om att bruka eller l\u00e4ra sig att bruka v\u00e5ld). Enligt en statlig utredning kan civil olydnad <em>bidra till att st\u00e4rka s\u00e5v\u00e4l v\u00e4lf\u00e4rdsstaten som demokratin<\/em>. Och den svenska frikyrkligheten \u00e4r ett tydligt historiskt bevis p\u00e5 just detta: de illegala dop som genomf\u00f6rdes, b\u00f6nem\u00f6ten som h\u00f6lls och grundandet av f\u00f6rsamlingar var civil olydnad som kom att leda fram till att Sverige fick religionsfrihet.<\/p>\n<p><strong>Demonstrera <\/strong>\u2013 samla drabbade och\/eller andra sympatis\u00f6rer och visa upp motst\u00e5ndet p\u00e5 stan. H\u00e5ll ett offentligt torgm\u00f6te med inbjudna talare som f\u00f6rklarar problemet och vad som borde g\u00f6ras. Ber\u00e4tta f\u00f6r media vad ni t\u00e4nker g\u00f6ra och varf\u00f6r. Och t\u00e4nk p\u00e5 att media g\u00e4rna g\u00f6r st\u00f6rre uppslag om de kan f\u00f6rmedla ett tydligt budskap och bilder.<\/p>\n<p><strong>Ekonomisk p\u00e5verkan <\/strong>\u2013 visa st\u00f6d genom en insamling och ekonomiskt st\u00f6d, det \u00e4r en effektiv metod b\u00e5de f\u00f6r att m\u00f6jligg\u00f6ra vissa aktiviteter men ocks\u00e5 f\u00f6r att visa ut\u00e5t var ni st\u00e5r. \u00c4ven exempelvis bojkott eller st\u00f6dk\u00f6p \u00e4r s\u00e4tt att p\u00e5verka ekonomiskt.<\/p>\n<p><strong>Formulera problemet <\/strong>och g\u00f6r ett medialt utspel \u2013 att formulera pro\u00adblemet och m\u00f6jliga l\u00f6sningar och publicera som blogginl\u00e4gg, i sociala medier, som ins\u00e4ndare eller debattartikel \u00e4r ett klassiskt och effektivt s\u00e4tt att g\u00f6ra r\u00f6ster h\u00f6rda.<\/p>\n<p><strong>G\u00e5 ihop <\/strong>\u2013 hj\u00e4lp andra som delar er \u00e5sikt att bli aktiva i fr\u00e5gan, inte minst f\u00f6r att visa att det ni vill lyfta \u00e4r viktigt f\u00f6r m\u00e5nga. Detta kan g\u00f6ras p\u00e5 olika s\u00e4tt. Exempelvis genom att samla underskrifter och l\u00e4mna \u00f6ver till n\u00e5gon som ska eller borde ta ett beslut, eller bjuda in till grupper i sociala medier och till m\u00f6ten i sakfr\u00e5gor. Att dela ut flygblad, knacka d\u00f6rr eller ringa runt kan vara v\u00e4gar f\u00f6r att mobilisera, informera, \u00f6vertyga och hitta sina sympatis\u00f6rer bland allm\u00e4nheten.<\/p>\n<p><strong>Hitta p\u00e5 n\u00e5got nytt <\/strong>\u2013 kyrkor och f\u00f6rsamlingar har historiskt varit duk\u00adtiga p\u00e5 social innovation, att komma p\u00e5 nya l\u00f6sningar, nya samarbeten och nya metoder. T\u00e4nk fritt och kreativt, v\u00e5ga testa!<\/p>\n<p>Anna Ardin, diakon Equmeniakyrkan<\/p>\n","protected":false},"excerpt":{"rendered":"<p>Nu i v\u00e5r har jag, tillsammans med ett g\u00e4ng fantastiska medf\u00f6rfattare, sl\u00e4ppt en bok som heter \u201dPolitisk och profetisk diakoni\u201d. Den handlar om kyrkans r\u00f6stb\u00e4rande roll och om hur diakonin m\u00e5ste utmana den makt som f\u00f6rtrycker, om vi menar allvar med att vi ska st\u00e5 p\u00e5 de f\u00f6rtrycktas sida. De mest effektiva formerna f\u00f6r den [&hellip;]<\/p>\n","protected":false},"author":776,"featured_media":0,"comment_status":"open","ping_status":"open","sticky":false,"template":"","format":"standard","meta":{"_acf_changed":false,"footnotes":""},"categories":[23301,23302],"tags":[23447,23472,23878,24737,24752],"class_list":["post-6990","post","type-post","status-publish","format-standard","hentry","category-diakonalt-arbete","category-diakoni","tag-anna-ardin","tag-argument-forlag","tag-equmenia","tag-politisk-och-profetisk-diakoni","tag-profetisk-diakoni"],"acf":[],"yoast_head":"<!-- This site is optimized with the Yoast SEO plugin v27.1.1 - https:\/\/yoast.com\/product\/yoast-seo-wordpress\/ -->\n<title>Politisk och profetisk diakoni - Diakonibloggen<\/title>\n<meta name=\"robots\" content=\"index, follow, max-snippet:-1, max-image-preview:large, max-video-preview:-1\" \/>\n<link rel=\"canonical\" href=\"https:\/\/blogg.svenskakyrkan.se\/diakonibloggen\/2019\/05\/03\/politisk-och-profetisk-diakoni\/\" \/>\n<meta property=\"og:locale\" content=\"sv_SE\" \/>\n<meta property=\"og:type\" content=\"article\" \/>\n<meta property=\"og:title\" content=\"Politisk och profetisk diakoni - Diakonibloggen\" \/>\n<meta property=\"og:description\" content=\"Nu i v\u00e5r har jag, tillsammans med ett g\u00e4ng fantastiska medf\u00f6rfattare, sl\u00e4ppt en bok som heter \u201dPolitisk och profetisk diakoni\u201d. Den handlar om kyrkans r\u00f6stb\u00e4rande roll och om hur diakonin m\u00e5ste utmana den makt som f\u00f6rtrycker, om vi menar allvar med att vi ska st\u00e5 p\u00e5 de f\u00f6rtrycktas sida. De mest effektiva formerna f\u00f6r den [&hellip;]\" \/>\n<meta property=\"og:url\" content=\"https:\/\/blogg.svenskakyrkan.se\/diakonibloggen\/2019\/05\/03\/politisk-och-profetisk-diakoni\/\" \/>\n<meta property=\"og:site_name\" content=\"Diakonibloggen\" \/>\n<meta property=\"article:published_time\" content=\"2019-05-03T18:15:04+00:00\" \/>\n<meta property=\"article:modified_time\" content=\"2020-12-17T15:16:27+00:00\" \/>\n<meta property=\"og:image\" content=\"https:\/\/diakonibloggen.files.wordpress.com\/2019\/03\/skc3a4rmavbild-2019-03-26-kl.-11.42.03.png?w=166\" \/>\n<meta name=\"author\" content=\"diakonibloggen\" \/>\n<meta name=\"twitter:card\" content=\"summary_large_image\" \/>\n<meta name=\"twitter:label1\" content=\"Skriven av\" \/>\n\t<meta name=\"twitter:data1\" content=\"diakonibloggen\" \/>\n\t<meta name=\"twitter:label2\" content=\"Ber\u00e4knad l\u00e4stid\" \/>\n\t<meta name=\"twitter:data2\" content=\"4 minuter\" \/>\n<script type=\"application\/ld+json\" class=\"yoast-schema-graph\">{\"@context\":\"https:\/\/schema.org\",\"@graph\":[{\"@type\":\"Article\",\"@id\":\"https:\/\/blogg.svenskakyrkan.se\/diakonibloggen\/2019\/05\/03\/politisk-och-profetisk-diakoni\/#article\",\"isPartOf\":{\"@id\":\"https:\/\/blogg.svenskakyrkan.se\/diakonibloggen\/2019\/05\/03\/politisk-och-profetisk-diakoni\/\"},\"author\":{\"name\":\"diakonibloggen\",\"@id\":\"https:\/\/blogg.svenskakyrkan.se\/diakonibloggen\/#\/schema\/person\/8f6a6fe8efab23c141c7e274fec6405f\"},\"headline\":\"Politisk och profetisk diakoni\",\"datePublished\":\"2019-05-03T18:15:04+00:00\",\"dateModified\":\"2020-12-17T15:16:27+00:00\",\"mainEntityOfPage\":{\"@id\":\"https:\/\/blogg.svenskakyrkan.se\/diakonibloggen\/2019\/05\/03\/politisk-och-profetisk-diakoni\/\"},\"wordCount\":846,\"commentCount\":1,\"image\":{\"@id\":\"https:\/\/blogg.svenskakyrkan.se\/diakonibloggen\/2019\/05\/03\/politisk-och-profetisk-diakoni\/#primaryimage\"},\"thumbnailUrl\":\"https:\/\/diakonibloggen.files.wordpress.com\/2019\/03\/skc3a4rmavbild-2019-03-26-kl.-11.42.03.png?w=166\",\"keywords\":[\"Anna Ardin\",\"Argument f\u00f6rlag\",\"equmenia\",\"politisk och profetisk diakoni\",\"profetisk diakoni\"],\"articleSection\":[\"Diakonalt arbete\",\"diakoni\"],\"inLanguage\":\"sv-SE\",\"potentialAction\":[{\"@type\":\"CommentAction\",\"name\":\"Comment\",\"target\":[\"https:\/\/blogg.svenskakyrkan.se\/diakonibloggen\/2019\/05\/03\/politisk-och-profetisk-diakoni\/#respond\"]}]},{\"@type\":\"WebPage\",\"@id\":\"https:\/\/blogg.svenskakyrkan.se\/diakonibloggen\/2019\/05\/03\/politisk-och-profetisk-diakoni\/\",\"url\":\"https:\/\/blogg.svenskakyrkan.se\/diakonibloggen\/2019\/05\/03\/politisk-och-profetisk-diakoni\/\",\"name\":\"Politisk och profetisk diakoni - Diakonibloggen\",\"isPartOf\":{\"@id\":\"https:\/\/blogg.svenskakyrkan.se\/diakonibloggen\/#website\"},\"primaryImageOfPage\":{\"@id\":\"https:\/\/blogg.svenskakyrkan.se\/diakonibloggen\/2019\/05\/03\/politisk-och-profetisk-diakoni\/#primaryimage\"},\"image\":{\"@id\":\"https:\/\/blogg.svenskakyrkan.se\/diakonibloggen\/2019\/05\/03\/politisk-och-profetisk-diakoni\/#primaryimage\"},\"thumbnailUrl\":\"https:\/\/diakonibloggen.files.wordpress.com\/2019\/03\/skc3a4rmavbild-2019-03-26-kl.-11.42.03.png?w=166\",\"datePublished\":\"2019-05-03T18:15:04+00:00\",\"dateModified\":\"2020-12-17T15:16:27+00:00\",\"author\":{\"@id\":\"https:\/\/blogg.svenskakyrkan.se\/diakonibloggen\/#\/schema\/person\/8f6a6fe8efab23c141c7e274fec6405f\"},\"breadcrumb\":{\"@id\":\"https:\/\/blogg.svenskakyrkan.se\/diakonibloggen\/2019\/05\/03\/politisk-och-profetisk-diakoni\/#breadcrumb\"},\"inLanguage\":\"sv-SE\",\"potentialAction\":[{\"@type\":\"ReadAction\",\"target\":[\"https:\/\/blogg.svenskakyrkan.se\/diakonibloggen\/2019\/05\/03\/politisk-och-profetisk-diakoni\/\"]}]},{\"@type\":\"ImageObject\",\"inLanguage\":\"sv-SE\",\"@id\":\"https:\/\/blogg.svenskakyrkan.se\/diakonibloggen\/2019\/05\/03\/politisk-och-profetisk-diakoni\/#primaryimage\",\"url\":\"https:\/\/diakonibloggen.files.wordpress.com\/2019\/03\/skc3a4rmavbild-2019-03-26-kl.-11.42.03.png?w=166\",\"contentUrl\":\"https:\/\/diakonibloggen.files.wordpress.com\/2019\/03\/skc3a4rmavbild-2019-03-26-kl.-11.42.03.png?w=166\"},{\"@type\":\"BreadcrumbList\",\"@id\":\"https:\/\/blogg.svenskakyrkan.se\/diakonibloggen\/2019\/05\/03\/politisk-och-profetisk-diakoni\/#breadcrumb\",\"itemListElement\":[{\"@type\":\"ListItem\",\"position\":1,\"name\":\"Hem\",\"item\":\"https:\/\/blogg.svenskakyrkan.se\/diakonibloggen\/\"},{\"@type\":\"ListItem\",\"position\":2,\"name\":\"Politisk och profetisk diakoni\"}]},{\"@type\":\"WebSite\",\"@id\":\"https:\/\/blogg.svenskakyrkan.se\/diakonibloggen\/#website\",\"url\":\"https:\/\/blogg.svenskakyrkan.se\/diakonibloggen\/\",\"name\":\"Diakonibloggen\",\"description\":\"Vi lyfter fram, hyllar, diskuterar och inspirerar till diakonalt arbete inom och utanf\u00f6r Svenska kyrkans ramar.\",\"potentialAction\":[{\"@type\":\"SearchAction\",\"target\":{\"@type\":\"EntryPoint\",\"urlTemplate\":\"https:\/\/blogg.svenskakyrkan.se\/diakonibloggen\/?s={search_term_string}\"},\"query-input\":{\"@type\":\"PropertyValueSpecification\",\"valueRequired\":true,\"valueName\":\"search_term_string\"}}],\"inLanguage\":\"sv-SE\"},{\"@type\":\"Person\",\"@id\":\"https:\/\/blogg.svenskakyrkan.se\/diakonibloggen\/#\/schema\/person\/8f6a6fe8efab23c141c7e274fec6405f\",\"name\":\"diakonibloggen\",\"image\":{\"@type\":\"ImageObject\",\"inLanguage\":\"sv-SE\",\"@id\":\"https:\/\/blogg.svenskakyrkan.se\/diakonibloggen\/#\/schema\/person\/image\/\",\"url\":\"https:\/\/secure.gravatar.com\/avatar\/95c0ca86fd13e3d8c1b7b7e9864c9a2ccb7b48c6f756a3b5447bcc13dd630488?s=96&d=mm&r=g\",\"contentUrl\":\"https:\/\/secure.gravatar.com\/avatar\/95c0ca86fd13e3d8c1b7b7e9864c9a2ccb7b48c6f756a3b5447bcc13dd630488?s=96&d=mm&r=g\",\"caption\":\"diakonibloggen\"},\"url\":\"https:\/\/blogg.svenskakyrkan.se\/diakonibloggen\/author\/diakonibloggen\/\"}]}<\/script>\n<!-- \/ Yoast SEO plugin. -->","yoast_head_json":{"title":"Politisk och profetisk diakoni - Diakonibloggen","robots":{"index":"index","follow":"follow","max-snippet":"max-snippet:-1","max-image-preview":"max-image-preview:large","max-video-preview":"max-video-preview:-1"},"canonical":"https:\/\/blogg.svenskakyrkan.se\/diakonibloggen\/2019\/05\/03\/politisk-och-profetisk-diakoni\/","og_locale":"sv_SE","og_type":"article","og_title":"Politisk och profetisk diakoni - Diakonibloggen","og_description":"Nu i v\u00e5r har jag, tillsammans med ett g\u00e4ng fantastiska medf\u00f6rfattare, sl\u00e4ppt en bok som heter \u201dPolitisk och profetisk diakoni\u201d. Den handlar om kyrkans r\u00f6stb\u00e4rande roll och om hur diakonin m\u00e5ste utmana den makt som f\u00f6rtrycker, om vi menar allvar med att vi ska st\u00e5 p\u00e5 de f\u00f6rtrycktas sida. De mest effektiva formerna f\u00f6r den [&hellip;]","og_url":"https:\/\/blogg.svenskakyrkan.se\/diakonibloggen\/2019\/05\/03\/politisk-och-profetisk-diakoni\/","og_site_name":"Diakonibloggen","article_published_time":"2019-05-03T18:15:04+00:00","article_modified_time":"2020-12-17T15:16:27+00:00","og_image":[{"url":"https:\/\/diakonibloggen.files.wordpress.com\/2019\/03\/skc3a4rmavbild-2019-03-26-kl.-11.42.03.png?w=166","type":"","width":"","height":""}],"author":"diakonibloggen","twitter_card":"summary_large_image","twitter_misc":{"Skriven av":"diakonibloggen","Ber\u00e4knad l\u00e4stid":"4 minuter"},"schema":{"@context":"https:\/\/schema.org","@graph":[{"@type":"Article","@id":"https:\/\/blogg.svenskakyrkan.se\/diakonibloggen\/2019\/05\/03\/politisk-och-profetisk-diakoni\/#article","isPartOf":{"@id":"https:\/\/blogg.svenskakyrkan.se\/diakonibloggen\/2019\/05\/03\/politisk-och-profetisk-diakoni\/"},"author":{"name":"diakonibloggen","@id":"https:\/\/blogg.svenskakyrkan.se\/diakonibloggen\/#\/schema\/person\/8f6a6fe8efab23c141c7e274fec6405f"},"headline":"Politisk och profetisk diakoni","datePublished":"2019-05-03T18:15:04+00:00","dateModified":"2020-12-17T15:16:27+00:00","mainEntityOfPage":{"@id":"https:\/\/blogg.svenskakyrkan.se\/diakonibloggen\/2019\/05\/03\/politisk-och-profetisk-diakoni\/"},"wordCount":846,"commentCount":1,"image":{"@id":"https:\/\/blogg.svenskakyrkan.se\/diakonibloggen\/2019\/05\/03\/politisk-och-profetisk-diakoni\/#primaryimage"},"thumbnailUrl":"https:\/\/diakonibloggen.files.wordpress.com\/2019\/03\/skc3a4rmavbild-2019-03-26-kl.-11.42.03.png?w=166","keywords":["Anna Ardin","Argument f\u00f6rlag","equmenia","politisk och profetisk diakoni","profetisk diakoni"],"articleSection":["Diakonalt arbete","diakoni"],"inLanguage":"sv-SE","potentialAction":[{"@type":"CommentAction","name":"Comment","target":["https:\/\/blogg.svenskakyrkan.se\/diakonibloggen\/2019\/05\/03\/politisk-och-profetisk-diakoni\/#respond"]}]},{"@type":"WebPage","@id":"https:\/\/blogg.svenskakyrkan.se\/diakonibloggen\/2019\/05\/03\/politisk-och-profetisk-diakoni\/","url":"https:\/\/blogg.svenskakyrkan.se\/diakonibloggen\/2019\/05\/03\/politisk-och-profetisk-diakoni\/","name":"Politisk och profetisk diakoni - Diakonibloggen","isPartOf":{"@id":"https:\/\/blogg.svenskakyrkan.se\/diakonibloggen\/#website"},"primaryImageOfPage":{"@id":"https:\/\/blogg.svenskakyrkan.se\/diakonibloggen\/2019\/05\/03\/politisk-och-profetisk-diakoni\/#primaryimage"},"image":{"@id":"https:\/\/blogg.svenskakyrkan.se\/diakonibloggen\/2019\/05\/03\/politisk-och-profetisk-diakoni\/#primaryimage"},"thumbnailUrl":"https:\/\/diakonibloggen.files.wordpress.com\/2019\/03\/skc3a4rmavbild-2019-03-26-kl.-11.42.03.png?w=166","datePublished":"2019-05-03T18:15:04+00:00","dateModified":"2020-12-17T15:16:27+00:00","author":{"@id":"https:\/\/blogg.svenskakyrkan.se\/diakonibloggen\/#\/schema\/person\/8f6a6fe8efab23c141c7e274fec6405f"},"breadcrumb":{"@id":"https:\/\/blogg.svenskakyrkan.se\/diakonibloggen\/2019\/05\/03\/politisk-och-profetisk-diakoni\/#breadcrumb"},"inLanguage":"sv-SE","potentialAction":[{"@type":"ReadAction","target":["https:\/\/blogg.svenskakyrkan.se\/diakonibloggen\/2019\/05\/03\/politisk-och-profetisk-diakoni\/"]}]},{"@type":"ImageObject","inLanguage":"sv-SE","@id":"https:\/\/blogg.svenskakyrkan.se\/diakonibloggen\/2019\/05\/03\/politisk-och-profetisk-diakoni\/#primaryimage","url":"https:\/\/diakonibloggen.files.wordpress.com\/2019\/03\/skc3a4rmavbild-2019-03-26-kl.-11.42.03.png?w=166","contentUrl":"https:\/\/diakonibloggen.files.wordpress.com\/2019\/03\/skc3a4rmavbild-2019-03-26-kl.-11.42.03.png?w=166"},{"@type":"BreadcrumbList","@id":"https:\/\/blogg.svenskakyrkan.se\/diakonibloggen\/2019\/05\/03\/politisk-och-profetisk-diakoni\/#breadcrumb","itemListElement":[{"@type":"ListItem","position":1,"name":"Hem","item":"https:\/\/blogg.svenskakyrkan.se\/diakonibloggen\/"},{"@type":"ListItem","position":2,"name":"Politisk och profetisk diakoni"}]},{"@type":"WebSite","@id":"https:\/\/blogg.svenskakyrkan.se\/diakonibloggen\/#website","url":"https:\/\/blogg.svenskakyrkan.se\/diakonibloggen\/","name":"Diakonibloggen","description":"Vi lyfter fram, hyllar, diskuterar och inspirerar till diakonalt arbete inom och utanf\u00f6r Svenska kyrkans ramar.","potentialAction":[{"@type":"SearchAction","target":{"@type":"EntryPoint","urlTemplate":"https:\/\/blogg.svenskakyrkan.se\/diakonibloggen\/?s={search_term_string}"},"query-input":{"@type":"PropertyValueSpecification","valueRequired":true,"valueName":"search_term_string"}}],"inLanguage":"sv-SE"},{"@type":"Person","@id":"https:\/\/blogg.svenskakyrkan.se\/diakonibloggen\/#\/schema\/person\/8f6a6fe8efab23c141c7e274fec6405f","name":"diakonibloggen","image":{"@type":"ImageObject","inLanguage":"sv-SE","@id":"https:\/\/blogg.svenskakyrkan.se\/diakonibloggen\/#\/schema\/person\/image\/","url":"https:\/\/secure.gravatar.com\/avatar\/95c0ca86fd13e3d8c1b7b7e9864c9a2ccb7b48c6f756a3b5447bcc13dd630488?s=96&d=mm&r=g","contentUrl":"https:\/\/secure.gravatar.com\/avatar\/95c0ca86fd13e3d8c1b7b7e9864c9a2ccb7b48c6f756a3b5447bcc13dd630488?s=96&d=mm&r=g","caption":"diakonibloggen"},"url":"https:\/\/blogg.svenskakyrkan.se\/diakonibloggen\/author\/diakonibloggen\/"}]}},"author_meta":{"ID":"776","user_nicename":"diakonibloggen","user_registered":"2020-12-17 14:50:06","display_name":"diakonibloggen","avatar":"https:\/\/blogg.svenskakyrkan.se\/diakonibloggen\/files\/2021\/02\/Sk\u00e4rmavbild-2019-04-12-kl.-14.20.54-150x150.png"},"featured_image":false,"bloginfo":{"name":"Diakonibloggen","url":"https:\/\/blogg.svenskakyrkan.se\/diakonibloggen"},"_links":{"self":[{"href":"https:\/\/blogg.svenskakyrkan.se\/diakonibloggen\/wp-json\/wp\/v2\/posts\/6990","targetHints":{"allow":["GET"]}}],"collection":[{"href":"https:\/\/blogg.svenskakyrkan.se\/diakonibloggen\/wp-json\/wp\/v2\/posts"}],"about":[{"href":"https:\/\/blogg.svenskakyrkan.se\/diakonibloggen\/wp-json\/wp\/v2\/types\/post"}],"author":[{"embeddable":true,"href":"https:\/\/blogg.svenskakyrkan.se\/diakonibloggen\/wp-json\/wp\/v2\/users\/776"}],"replies":[{"embeddable":true,"href":"https:\/\/blogg.svenskakyrkan.se\/diakonibloggen\/wp-json\/wp\/v2\/comments?post=6990"}],"version-history":[{"count":1,"href":"https:\/\/blogg.svenskakyrkan.se\/diakonibloggen\/wp-json\/wp\/v2\/posts\/6990\/revisions"}],"predecessor-version":[{"id":8286,"href":"https:\/\/blogg.svenskakyrkan.se\/diakonibloggen\/wp-json\/wp\/v2\/posts\/6990\/revisions\/8286"}],"wp:attachment":[{"href":"https:\/\/blogg.svenskakyrkan.se\/diakonibloggen\/wp-json\/wp\/v2\/media?parent=6990"}],"wp:term":[{"taxonomy":"category","embeddable":true,"href":"https:\/\/blogg.svenskakyrkan.se\/diakonibloggen\/wp-json\/wp\/v2\/categories?post=6990"},{"taxonomy":"post_tag","embeddable":true,"href":"https:\/\/blogg.svenskakyrkan.se\/diakonibloggen\/wp-json\/wp\/v2\/tags?post=6990"}],"curies":[{"name":"wp","href":"https:\/\/api.w.org\/{rel}","templated":true}]}}