{"id":7009,"date":"2019-04-21T11:38:24","date_gmt":"2019-04-21T11:38:24","guid":{"rendered":"http:\/\/diakonibloggen.com\/?p=7009"},"modified":"2020-12-17T15:16:27","modified_gmt":"2020-12-17T15:16:27","slug":"fran-morker-till-ljus","status":"publish","type":"post","link":"https:\/\/blogg.svenskakyrkan.se\/diakonibloggen\/2019\/04\/21\/fran-morker-till-ljus\/","title":{"rendered":"Fr\u00e5n m\u00f6rker till ljus"},"content":{"rendered":"<p><a href=\"http:\/\/diakonibloggen.com\/2019\/04\/21\/fran-morker-till-ljus\/img_4490-2\/\" rel=\"attachment wp-att-7010\"><img loading=\"lazy\" decoding=\"async\" class=\"alignleft size-thumbnail wp-image-7010\" src=\"https:\/\/diakonibloggen.files.wordpress.com\/2019\/04\/img_4490-2.jpeg?w=188\" alt=\"\" width=\"188\" height=\"250\" \/><\/a>Fr\u00e5n m\u00f6rkret i graven, fr\u00e5n hoppl\u00f6sheten och maktl\u00f6sheten till ljus, frid och hopp &#8211; det \u00e4r vad p\u00e5sken ber\u00e4ttar f\u00f6r oss. Och det \u00e4r hopp och mod vi mest av allt beh\u00f6ver idag. Vi m\u00f6ts av nyheter om fruktansv\u00e4rda terrorattentat i kyrkor och p\u00e5 hotell i Sri Lanka.<\/p>\n<p><em>Vi ber f\u00f6r alla drabbade och vi ber om medvandrare denna sorgens dag, medvandrare som f\u00e5r vittna om att \u00e4ven i den m\u00f6rka natten i sorgens outh\u00e4rdliga sm\u00e4rta finns du, Gud, med f\u00f6r du har sj\u00e4lv varit d\u00e4r!<\/em><\/p>\n<p><em>Herre f\u00f6rbarma dig!<\/em><\/p>\n","protected":false},"excerpt":{"rendered":"<p>Fr\u00e5n m\u00f6rkret i graven, fr\u00e5n hoppl\u00f6sheten och maktl\u00f6sheten till ljus, frid och hopp &#8211; det \u00e4r vad p\u00e5sken ber\u00e4ttar f\u00f6r oss. Och det \u00e4r hopp och mod vi mest av allt beh\u00f6ver idag. Vi m\u00f6ts av nyheter om fruktansv\u00e4rda terrorattentat i kyrkor och p\u00e5 hotell i Sri Lanka. Vi ber f\u00f6r alla drabbade och vi [&hellip;]<\/p>\n","protected":false},"author":776,"featured_media":0,"comment_status":"open","ping_status":"open","sticky":false,"template":"","format":"standard","meta":{"_acf_changed":false,"footnotes":""},"categories":[23297,23301,23302],"tags":[],"class_list":["post-7009","post","type-post","status-publish","format-standard","hentry","category-bon","category-diakonalt-arbete","category-diakoni"],"acf":[],"yoast_head":"<!-- This site is optimized with the Yoast SEO plugin v27.1.1 - https:\/\/yoast.com\/product\/yoast-seo-wordpress\/ -->\n<title>Fr\u00e5n m\u00f6rker till ljus - Diakonibloggen<\/title>\n<meta name=\"robots\" content=\"index, follow, max-snippet:-1, max-image-preview:large, max-video-preview:-1\" \/>\n<link rel=\"canonical\" href=\"https:\/\/blogg.svenskakyrkan.se\/diakonibloggen\/2019\/04\/21\/fran-morker-till-ljus\/\" \/>\n<meta property=\"og:locale\" content=\"sv_SE\" \/>\n<meta property=\"og:type\" content=\"article\" \/>\n<meta property=\"og:title\" content=\"Fr\u00e5n m\u00f6rker till ljus - Diakonibloggen\" \/>\n<meta property=\"og:description\" content=\"Fr\u00e5n m\u00f6rkret i graven, fr\u00e5n hoppl\u00f6sheten och maktl\u00f6sheten till ljus, frid och hopp &#8211; det \u00e4r vad p\u00e5sken ber\u00e4ttar f\u00f6r oss. Och det \u00e4r hopp och mod vi mest av allt beh\u00f6ver idag. Vi m\u00f6ts av nyheter om fruktansv\u00e4rda terrorattentat i kyrkor och p\u00e5 hotell i Sri Lanka. Vi ber f\u00f6r alla drabbade och vi [&hellip;]\" \/>\n<meta property=\"og:url\" content=\"https:\/\/blogg.svenskakyrkan.se\/diakonibloggen\/2019\/04\/21\/fran-morker-till-ljus\/\" \/>\n<meta property=\"og:site_name\" content=\"Diakonibloggen\" \/>\n<meta property=\"article:published_time\" content=\"2019-04-21T11:38:24+00:00\" \/>\n<meta property=\"article:modified_time\" content=\"2020-12-17T15:16:27+00:00\" \/>\n<meta property=\"og:image\" content=\"https:\/\/diakonibloggen.files.wordpress.com\/2019\/04\/img_4490-2.jpeg?w=188\" \/>\n<meta name=\"author\" content=\"diakonibloggen\" \/>\n<meta name=\"twitter:card\" content=\"summary_large_image\" \/>\n<meta name=\"twitter:label1\" content=\"Skriven av\" \/>\n\t<meta name=\"twitter:data1\" content=\"diakonibloggen\" \/>\n\t<meta name=\"twitter:label2\" content=\"Ber\u00e4knad l\u00e4stid\" \/>\n\t<meta name=\"twitter:data2\" content=\"1 minut\" \/>\n<script type=\"application\/ld+json\" class=\"yoast-schema-graph\">{\"@context\":\"https:\/\/schema.org\",\"@graph\":[{\"@type\":\"Article\",\"@id\":\"https:\/\/blogg.svenskakyrkan.se\/diakonibloggen\/2019\/04\/21\/fran-morker-till-ljus\/#article\",\"isPartOf\":{\"@id\":\"https:\/\/blogg.svenskakyrkan.se\/diakonibloggen\/2019\/04\/21\/fran-morker-till-ljus\/\"},\"author\":{\"name\":\"diakonibloggen\",\"@id\":\"https:\/\/blogg.svenskakyrkan.se\/diakonibloggen\/#\/schema\/person\/8f6a6fe8efab23c141c7e274fec6405f\"},\"headline\":\"Fr\u00e5n m\u00f6rker till ljus\",\"datePublished\":\"2019-04-21T11:38:24+00:00\",\"dateModified\":\"2020-12-17T15:16:27+00:00\",\"mainEntityOfPage\":{\"@id\":\"https:\/\/blogg.svenskakyrkan.se\/diakonibloggen\/2019\/04\/21\/fran-morker-till-ljus\/\"},\"wordCount\":115,\"commentCount\":0,\"image\":{\"@id\":\"https:\/\/blogg.svenskakyrkan.se\/diakonibloggen\/2019\/04\/21\/fran-morker-till-ljus\/#primaryimage\"},\"thumbnailUrl\":\"https:\/\/diakonibloggen.files.wordpress.com\/2019\/04\/img_4490-2.jpeg?w=188\",\"articleSection\":[\"B\u00f6n\",\"Diakonalt arbete\",\"diakoni\"],\"inLanguage\":\"sv-SE\",\"potentialAction\":[{\"@type\":\"CommentAction\",\"name\":\"Comment\",\"target\":[\"https:\/\/blogg.svenskakyrkan.se\/diakonibloggen\/2019\/04\/21\/fran-morker-till-ljus\/#respond\"]}]},{\"@type\":\"WebPage\",\"@id\":\"https:\/\/blogg.svenskakyrkan.se\/diakonibloggen\/2019\/04\/21\/fran-morker-till-ljus\/\",\"url\":\"https:\/\/blogg.svenskakyrkan.se\/diakonibloggen\/2019\/04\/21\/fran-morker-till-ljus\/\",\"name\":\"Fr\u00e5n m\u00f6rker till ljus - Diakonibloggen\",\"isPartOf\":{\"@id\":\"https:\/\/blogg.svenskakyrkan.se\/diakonibloggen\/#website\"},\"primaryImageOfPage\":{\"@id\":\"https:\/\/blogg.svenskakyrkan.se\/diakonibloggen\/2019\/04\/21\/fran-morker-till-ljus\/#primaryimage\"},\"image\":{\"@id\":\"https:\/\/blogg.svenskakyrkan.se\/diakonibloggen\/2019\/04\/21\/fran-morker-till-ljus\/#primaryimage\"},\"thumbnailUrl\":\"https:\/\/diakonibloggen.files.wordpress.com\/2019\/04\/img_4490-2.jpeg?w=188\",\"datePublished\":\"2019-04-21T11:38:24+00:00\",\"dateModified\":\"2020-12-17T15:16:27+00:00\",\"author\":{\"@id\":\"https:\/\/blogg.svenskakyrkan.se\/diakonibloggen\/#\/schema\/person\/8f6a6fe8efab23c141c7e274fec6405f\"},\"breadcrumb\":{\"@id\":\"https:\/\/blogg.svenskakyrkan.se\/diakonibloggen\/2019\/04\/21\/fran-morker-till-ljus\/#breadcrumb\"},\"inLanguage\":\"sv-SE\",\"potentialAction\":[{\"@type\":\"ReadAction\",\"target\":[\"https:\/\/blogg.svenskakyrkan.se\/diakonibloggen\/2019\/04\/21\/fran-morker-till-ljus\/\"]}]},{\"@type\":\"ImageObject\",\"inLanguage\":\"sv-SE\",\"@id\":\"https:\/\/blogg.svenskakyrkan.se\/diakonibloggen\/2019\/04\/21\/fran-morker-till-ljus\/#primaryimage\",\"url\":\"https:\/\/diakonibloggen.files.wordpress.com\/2019\/04\/img_4490-2.jpeg?w=188\",\"contentUrl\":\"https:\/\/diakonibloggen.files.wordpress.com\/2019\/04\/img_4490-2.jpeg?w=188\"},{\"@type\":\"BreadcrumbList\",\"@id\":\"https:\/\/blogg.svenskakyrkan.se\/diakonibloggen\/2019\/04\/21\/fran-morker-till-ljus\/#breadcrumb\",\"itemListElement\":[{\"@type\":\"ListItem\",\"position\":1,\"name\":\"Hem\",\"item\":\"https:\/\/blogg.svenskakyrkan.se\/diakonibloggen\/\"},{\"@type\":\"ListItem\",\"position\":2,\"name\":\"Fr\u00e5n m\u00f6rker till ljus\"}]},{\"@type\":\"WebSite\",\"@id\":\"https:\/\/blogg.svenskakyrkan.se\/diakonibloggen\/#website\",\"url\":\"https:\/\/blogg.svenskakyrkan.se\/diakonibloggen\/\",\"name\":\"Diakonibloggen\",\"description\":\"Vi lyfter fram, hyllar, diskuterar och inspirerar till diakonalt arbete inom och utanf\u00f6r Svenska kyrkans ramar.\",\"potentialAction\":[{\"@type\":\"SearchAction\",\"target\":{\"@type\":\"EntryPoint\",\"urlTemplate\":\"https:\/\/blogg.svenskakyrkan.se\/diakonibloggen\/?s={search_term_string}\"},\"query-input\":{\"@type\":\"PropertyValueSpecification\",\"valueRequired\":true,\"valueName\":\"search_term_string\"}}],\"inLanguage\":\"sv-SE\"},{\"@type\":\"Person\",\"@id\":\"https:\/\/blogg.svenskakyrkan.se\/diakonibloggen\/#\/schema\/person\/8f6a6fe8efab23c141c7e274fec6405f\",\"name\":\"diakonibloggen\",\"image\":{\"@type\":\"ImageObject\",\"inLanguage\":\"sv-SE\",\"@id\":\"https:\/\/blogg.svenskakyrkan.se\/diakonibloggen\/#\/schema\/person\/image\/\",\"url\":\"https:\/\/secure.gravatar.com\/avatar\/95c0ca86fd13e3d8c1b7b7e9864c9a2ccb7b48c6f756a3b5447bcc13dd630488?s=96&d=mm&r=g\",\"contentUrl\":\"https:\/\/secure.gravatar.com\/avatar\/95c0ca86fd13e3d8c1b7b7e9864c9a2ccb7b48c6f756a3b5447bcc13dd630488?s=96&d=mm&r=g\",\"caption\":\"diakonibloggen\"},\"url\":\"https:\/\/blogg.svenskakyrkan.se\/diakonibloggen\/author\/diakonibloggen\/\"}]}<\/script>\n<!-- \/ Yoast SEO plugin. -->","yoast_head_json":{"title":"Fr\u00e5n m\u00f6rker till ljus - Diakonibloggen","robots":{"index":"index","follow":"follow","max-snippet":"max-snippet:-1","max-image-preview":"max-image-preview:large","max-video-preview":"max-video-preview:-1"},"canonical":"https:\/\/blogg.svenskakyrkan.se\/diakonibloggen\/2019\/04\/21\/fran-morker-till-ljus\/","og_locale":"sv_SE","og_type":"article","og_title":"Fr\u00e5n m\u00f6rker till ljus - Diakonibloggen","og_description":"Fr\u00e5n m\u00f6rkret i graven, fr\u00e5n hoppl\u00f6sheten och maktl\u00f6sheten till ljus, frid och hopp &#8211; det \u00e4r vad p\u00e5sken ber\u00e4ttar f\u00f6r oss. Och det \u00e4r hopp och mod vi mest av allt beh\u00f6ver idag. Vi m\u00f6ts av nyheter om fruktansv\u00e4rda terrorattentat i kyrkor och p\u00e5 hotell i Sri Lanka. Vi ber f\u00f6r alla drabbade och vi [&hellip;]","og_url":"https:\/\/blogg.svenskakyrkan.se\/diakonibloggen\/2019\/04\/21\/fran-morker-till-ljus\/","og_site_name":"Diakonibloggen","article_published_time":"2019-04-21T11:38:24+00:00","article_modified_time":"2020-12-17T15:16:27+00:00","og_image":[{"url":"https:\/\/diakonibloggen.files.wordpress.com\/2019\/04\/img_4490-2.jpeg?w=188","type":"","width":"","height":""}],"author":"diakonibloggen","twitter_card":"summary_large_image","twitter_misc":{"Skriven av":"diakonibloggen","Ber\u00e4knad l\u00e4stid":"1 minut"},"schema":{"@context":"https:\/\/schema.org","@graph":[{"@type":"Article","@id":"https:\/\/blogg.svenskakyrkan.se\/diakonibloggen\/2019\/04\/21\/fran-morker-till-ljus\/#article","isPartOf":{"@id":"https:\/\/blogg.svenskakyrkan.se\/diakonibloggen\/2019\/04\/21\/fran-morker-till-ljus\/"},"author":{"name":"diakonibloggen","@id":"https:\/\/blogg.svenskakyrkan.se\/diakonibloggen\/#\/schema\/person\/8f6a6fe8efab23c141c7e274fec6405f"},"headline":"Fr\u00e5n m\u00f6rker till ljus","datePublished":"2019-04-21T11:38:24+00:00","dateModified":"2020-12-17T15:16:27+00:00","mainEntityOfPage":{"@id":"https:\/\/blogg.svenskakyrkan.se\/diakonibloggen\/2019\/04\/21\/fran-morker-till-ljus\/"},"wordCount":115,"commentCount":0,"image":{"@id":"https:\/\/blogg.svenskakyrkan.se\/diakonibloggen\/2019\/04\/21\/fran-morker-till-ljus\/#primaryimage"},"thumbnailUrl":"https:\/\/diakonibloggen.files.wordpress.com\/2019\/04\/img_4490-2.jpeg?w=188","articleSection":["B\u00f6n","Diakonalt arbete","diakoni"],"inLanguage":"sv-SE","potentialAction":[{"@type":"CommentAction","name":"Comment","target":["https:\/\/blogg.svenskakyrkan.se\/diakonibloggen\/2019\/04\/21\/fran-morker-till-ljus\/#respond"]}]},{"@type":"WebPage","@id":"https:\/\/blogg.svenskakyrkan.se\/diakonibloggen\/2019\/04\/21\/fran-morker-till-ljus\/","url":"https:\/\/blogg.svenskakyrkan.se\/diakonibloggen\/2019\/04\/21\/fran-morker-till-ljus\/","name":"Fr\u00e5n m\u00f6rker till ljus - Diakonibloggen","isPartOf":{"@id":"https:\/\/blogg.svenskakyrkan.se\/diakonibloggen\/#website"},"primaryImageOfPage":{"@id":"https:\/\/blogg.svenskakyrkan.se\/diakonibloggen\/2019\/04\/21\/fran-morker-till-ljus\/#primaryimage"},"image":{"@id":"https:\/\/blogg.svenskakyrkan.se\/diakonibloggen\/2019\/04\/21\/fran-morker-till-ljus\/#primaryimage"},"thumbnailUrl":"https:\/\/diakonibloggen.files.wordpress.com\/2019\/04\/img_4490-2.jpeg?w=188","datePublished":"2019-04-21T11:38:24+00:00","dateModified":"2020-12-17T15:16:27+00:00","author":{"@id":"https:\/\/blogg.svenskakyrkan.se\/diakonibloggen\/#\/schema\/person\/8f6a6fe8efab23c141c7e274fec6405f"},"breadcrumb":{"@id":"https:\/\/blogg.svenskakyrkan.se\/diakonibloggen\/2019\/04\/21\/fran-morker-till-ljus\/#breadcrumb"},"inLanguage":"sv-SE","potentialAction":[{"@type":"ReadAction","target":["https:\/\/blogg.svenskakyrkan.se\/diakonibloggen\/2019\/04\/21\/fran-morker-till-ljus\/"]}]},{"@type":"ImageObject","inLanguage":"sv-SE","@id":"https:\/\/blogg.svenskakyrkan.se\/diakonibloggen\/2019\/04\/21\/fran-morker-till-ljus\/#primaryimage","url":"https:\/\/diakonibloggen.files.wordpress.com\/2019\/04\/img_4490-2.jpeg?w=188","contentUrl":"https:\/\/diakonibloggen.files.wordpress.com\/2019\/04\/img_4490-2.jpeg?w=188"},{"@type":"BreadcrumbList","@id":"https:\/\/blogg.svenskakyrkan.se\/diakonibloggen\/2019\/04\/21\/fran-morker-till-ljus\/#breadcrumb","itemListElement":[{"@type":"ListItem","position":1,"name":"Hem","item":"https:\/\/blogg.svenskakyrkan.se\/diakonibloggen\/"},{"@type":"ListItem","position":2,"name":"Fr\u00e5n m\u00f6rker till ljus"}]},{"@type":"WebSite","@id":"https:\/\/blogg.svenskakyrkan.se\/diakonibloggen\/#website","url":"https:\/\/blogg.svenskakyrkan.se\/diakonibloggen\/","name":"Diakonibloggen","description":"Vi lyfter fram, hyllar, diskuterar och inspirerar till diakonalt arbete inom och utanf\u00f6r Svenska kyrkans ramar.","potentialAction":[{"@type":"SearchAction","target":{"@type":"EntryPoint","urlTemplate":"https:\/\/blogg.svenskakyrkan.se\/diakonibloggen\/?s={search_term_string}"},"query-input":{"@type":"PropertyValueSpecification","valueRequired":true,"valueName":"search_term_string"}}],"inLanguage":"sv-SE"},{"@type":"Person","@id":"https:\/\/blogg.svenskakyrkan.se\/diakonibloggen\/#\/schema\/person\/8f6a6fe8efab23c141c7e274fec6405f","name":"diakonibloggen","image":{"@type":"ImageObject","inLanguage":"sv-SE","@id":"https:\/\/blogg.svenskakyrkan.se\/diakonibloggen\/#\/schema\/person\/image\/","url":"https:\/\/secure.gravatar.com\/avatar\/95c0ca86fd13e3d8c1b7b7e9864c9a2ccb7b48c6f756a3b5447bcc13dd630488?s=96&d=mm&r=g","contentUrl":"https:\/\/secure.gravatar.com\/avatar\/95c0ca86fd13e3d8c1b7b7e9864c9a2ccb7b48c6f756a3b5447bcc13dd630488?s=96&d=mm&r=g","caption":"diakonibloggen"},"url":"https:\/\/blogg.svenskakyrkan.se\/diakonibloggen\/author\/diakonibloggen\/"}]}},"author_meta":{"ID":"776","user_nicename":"diakonibloggen","user_registered":"2020-12-17 14:50:06","display_name":"diakonibloggen","avatar":"https:\/\/blogg.svenskakyrkan.se\/diakonibloggen\/files\/2021\/02\/Sk\u00e4rmavbild-2019-04-12-kl.-14.20.54-150x150.png"},"featured_image":false,"bloginfo":{"name":"Diakonibloggen","url":"https:\/\/blogg.svenskakyrkan.se\/diakonibloggen"},"_links":{"self":[{"href":"https:\/\/blogg.svenskakyrkan.se\/diakonibloggen\/wp-json\/wp\/v2\/posts\/7009","targetHints":{"allow":["GET"]}}],"collection":[{"href":"https:\/\/blogg.svenskakyrkan.se\/diakonibloggen\/wp-json\/wp\/v2\/posts"}],"about":[{"href":"https:\/\/blogg.svenskakyrkan.se\/diakonibloggen\/wp-json\/wp\/v2\/types\/post"}],"author":[{"embeddable":true,"href":"https:\/\/blogg.svenskakyrkan.se\/diakonibloggen\/wp-json\/wp\/v2\/users\/776"}],"replies":[{"embeddable":true,"href":"https:\/\/blogg.svenskakyrkan.se\/diakonibloggen\/wp-json\/wp\/v2\/comments?post=7009"}],"version-history":[{"count":1,"href":"https:\/\/blogg.svenskakyrkan.se\/diakonibloggen\/wp-json\/wp\/v2\/posts\/7009\/revisions"}],"predecessor-version":[{"id":8288,"href":"https:\/\/blogg.svenskakyrkan.se\/diakonibloggen\/wp-json\/wp\/v2\/posts\/7009\/revisions\/8288"}],"wp:attachment":[{"href":"https:\/\/blogg.svenskakyrkan.se\/diakonibloggen\/wp-json\/wp\/v2\/media?parent=7009"}],"wp:term":[{"taxonomy":"category","embeddable":true,"href":"https:\/\/blogg.svenskakyrkan.se\/diakonibloggen\/wp-json\/wp\/v2\/categories?post=7009"},{"taxonomy":"post_tag","embeddable":true,"href":"https:\/\/blogg.svenskakyrkan.se\/diakonibloggen\/wp-json\/wp\/v2\/tags?post=7009"}],"curies":[{"name":"wp","href":"https:\/\/api.w.org\/{rel}","templated":true}]}}